{"id":17953,"date":"2022-11-28T08:11:22","date_gmt":"2022-11-28T07:11:22","guid":{"rendered":"https:\/\/www.organisator.ch\/?p=17953"},"modified":"2022-11-28T08:11:22","modified_gmt":"2022-11-28T07:11:22","slug":"bank-wir-kuendigt-wechsel-im-verwaltungsrat-an","status":"publish","type":"post","link":"https:\/\/www.organisator.ch\/fr\/management\/2022-11-28\/bank-wir-kuendigt-wechsel-im-verwaltungsrat-an\/","title":{"rendered":"La banque WIR annonce un changement au sein du conseil d'administration"},"content":{"rendered":"<figure id=\"attachment_17954\" aria-describedby=\"caption-attachment-17954\" style=\"width: 680px\" class=\"wp-caption alignnone\"><img loading=\"lazy\" decoding=\"async\" class=\"size-full wp-image-17954\" src=\"https:\/\/www.organisator.ch\/wp-content\/uploads\/2022\/11\/WIR-Bank-kuendigt-Wechsel-im-Verwaltungsrat-an-1_Organisator.jpg\" alt=\"\" width=\"680\" height=\"680\" srcset=\"https:\/\/www.organisator.ch\/wp-content\/uploads\/2022\/11\/WIR-Bank-kuendigt-Wechsel-im-Verwaltungsrat-an-1_Organisator.jpg 680w, https:\/\/www.organisator.ch\/wp-content\/uploads\/2022\/11\/WIR-Bank-kuendigt-Wechsel-im-Verwaltungsrat-an-1_Organisator-150x150.jpg 150w, https:\/\/www.organisator.ch\/wp-content\/uploads\/2022\/11\/WIR-Bank-kuendigt-Wechsel-im-Verwaltungsrat-an-1_Organisator-12x12.jpg 12w, https:\/\/www.organisator.ch\/wp-content\/uploads\/2022\/11\/WIR-Bank-kuendigt-Wechsel-im-Verwaltungsrat-an-1_Organisator-300x300.jpg 300w, https:\/\/www.organisator.ch\/wp-content\/uploads\/2022\/11\/WIR-Bank-kuendigt-Wechsel-im-Verwaltungsrat-an-1_Organisator-350x350.jpg 350w, https:\/\/www.organisator.ch\/wp-content\/uploads\/2022\/11\/WIR-Bank-kuendigt-Wechsel-im-Verwaltungsrat-an-1_Organisator-250x250.jpg 250w\" sizes=\"auto, (max-width: 680px) 100vw, 680px\" \/><figcaption id=\"caption-attachment-17954\" class=\"wp-caption-text\">Changement au sein du conseil d'administration de la Banque WIR : Karin Zahnd Cadoux ne se repr\u00e9sentera pas pour un nouveau mandat. (Photo : zVg \/ Banque WIR)<\/figcaption><\/figure>\n<p>Karin Zahnd Cadoux, qui avait \u00e9t\u00e9 \u00e9lue au conseil d'administration de la Banque WIR en 2014 et pr\u00e9sidente en 2019, a d\u00e9cid\u00e9 de ne pas se repr\u00e9senter aux \u00e9lections g\u00e9n\u00e9rales du conseil d'administration qui auront lieu lors de l'assembl\u00e9e g\u00e9n\u00e9rale du 5 juin 2023. Cette femme de 49 ans invoque des raisons personnelles pour expliquer sa d\u00e9cision : \"Je suis une bourreau de travail, mais deux d\u00e9c\u00e8s et une maladie grave dans mon entourage proche m'ont amen\u00e9e \u00e0 reconsid\u00e9rer mes priorit\u00e9s\". En tant que chef d'entreprise, Zahnd Cadoux souhaite donc non seulement se concentrer \u00e0 nouveau davantage sur sa propre entreprise, mais aussi consacrer plus de temps \u00e0 sa famille.<\/p>\n<figure id=\"attachment_17955\" aria-describedby=\"caption-attachment-17955\" style=\"width: 680px\" class=\"wp-caption alignnone\"><img loading=\"lazy\" decoding=\"async\" class=\"size-full wp-image-17955\" src=\"https:\/\/www.organisator.ch\/wp-content\/uploads\/2022\/11\/WIR-Bank-kuendigt-Wechsel-im-Verwaltungsrat-an-2_Organisator.jpg\" alt=\"\" width=\"680\" height=\"585\" srcset=\"https:\/\/www.organisator.ch\/wp-content\/uploads\/2022\/11\/WIR-Bank-kuendigt-Wechsel-im-Verwaltungsrat-an-2_Organisator.jpg 680w, https:\/\/www.organisator.ch\/wp-content\/uploads\/2022\/11\/WIR-Bank-kuendigt-Wechsel-im-Verwaltungsrat-an-2_Organisator-14x12.jpg 14w, https:\/\/www.organisator.ch\/wp-content\/uploads\/2022\/11\/WIR-Bank-kuendigt-Wechsel-im-Verwaltungsrat-an-2_Organisator-349x300.jpg 349w, https:\/\/www.organisator.ch\/wp-content\/uploads\/2022\/11\/WIR-Bank-kuendigt-Wechsel-im-Verwaltungsrat-an-2_Organisator-407x350.jpg 407w\" sizes=\"auto, (max-width: 680px) 100vw, 680px\" \/><figcaption id=\"caption-attachment-17955\" class=\"wp-caption-text\">Est propos\u00e9 comme nouveau pr\u00e9sident du conseil d'administration : Marc Reimann. (Photo : zVg \/ Banque WIR)<\/figcaption><\/figure>\n<p>Pour faire le grand \u00e9cart entre continuit\u00e9 et vent nouveau, le conseil d'administration de la Banque WIR soutient la candidature \u00e0 la pr\u00e9sidence de Marc Reimann (41 ans). Le CEO de Zirkumflex AG, dont le si\u00e8ge est \u00e0 Cham, est membre du conseil d'administration depuis 2013 - et son vice-pr\u00e9sident depuis 2021.<\/p>\n<p>\"Au cours de mon mandat, j'ai pu contribuer \u00e0 ce que la Banque WIR pose des jalons importants pour un avenir toujours aussi prosp\u00e8re\", conclut Zahnd Cadoux. Elle d\u00e9crit son successeur d\u00e9sign\u00e9 comme \"un homme jeune, passionn\u00e9 par le num\u00e9rique et visionnaire, qui poss\u00e8de toutes les qualit\u00e9s n\u00e9cessaires \u00e0 cette fonction\".<\/p>\n<p><em>Source : <a href=\"http:\/\/www.wir.ch\">Banque WIR<\/a><\/em><\/p>","protected":false},"excerpt":{"rendered":"<p>Karin Zahnd Cadoux, die 2014 in den Verwaltungsrat der Bank WIR und 2019 zu dessen Pr\u00e4sidentin gew\u00e4hlt worden war, hat sich dazu entschieden, bei den Gesamterneuerungswahlen des Verwaltungsrats anl\u00e4sslich der Generalversammlung am 5. Juni 2023 nicht mehr anzutreten. Die 49-J\u00e4hrige nennt pers\u00f6nliche Gr\u00fcnde f\u00fcr diesen Entscheid: \u00abIch bin ein Workaholic, aber zwei Todesf\u00e4lle und eine [&hellip;]<\/p>\n","protected":false},"author":4,"featured_media":17954,"comment_status":"closed","ping_status":"closed","sticky":false,"template":"","format":"standard","meta":{"_acf_changed":false,"_yoast_wpseo_focuskw":"Wechsel im Verwaltungsrat","_yoast_wpseo_metadesc":"Wechsel im Verwaltungsrat: Karin Zahnd Cadoux, VR-Pr\u00e4sidentin der Bank WIR, wird an der GV im Mai 2023 nicht mehr zur Wiederwahl antreten.","articlekey":"","footnotes":""},"categories":[28],"tags":[69,381,2471],"class_list":["post-17953","post","type-post","status-publish","format-standard","has-post-thumbnail","hentry","category-management","tag-banken","tag-personalia","tag-verwaltungsrat"],"acf":[],"yoast_head":"<!-- This site is optimized with the Yoast SEO plugin v27.4 - https:\/\/yoast.com\/product\/yoast-seo-wordpress\/ -->\n<title>Bank WIR k\u00fcndigt Wechsel im Verwaltungsrat an - Organisator<\/title>\n<meta name=\"description\" content=\"Wechsel im Verwaltungsrat: Karin Zahnd Cadoux, VR-Pr\u00e4sidentin der Bank WIR, wird an der GV im Mai 2023 nicht mehr zur Wiederwahl antreten.\" \/>\n<meta name=\"robots\" content=\"index, follow, max-snippet:-1, max-image-preview:large, max-video-preview:-1\" \/>\n<link rel=\"canonical\" href=\"https:\/\/www.organisator.ch\/fr\/gestion-2\/2022-11-28\/bank-wir-kuendigt-wechsel-im-verwaltungsrat-an\/\" \/>\n<meta property=\"og:locale\" content=\"fr_FR\" \/>\n<meta property=\"og:type\" content=\"article\" \/>\n<meta property=\"og:title\" content=\"Bank WIR k\u00fcndigt Wechsel im Verwaltungsrat an\" \/>\n<meta property=\"og:description\" content=\"Wechsel im Verwaltungsrat: Karin Zahnd Cadoux, VR-Pr\u00e4sidentin der Bank WIR, wird an der GV im Mai 2023 nicht mehr zur Wiederwahl antreten.\" \/>\n<meta property=\"og:url\" content=\"https:\/\/www.organisator.ch\/fr\/gestion-2\/2022-11-28\/bank-wir-kuendigt-wechsel-im-verwaltungsrat-an\/\" \/>\n<meta property=\"og:site_name\" content=\"Organisator\" \/>\n<meta property=\"article:publisher\" content=\"https:\/\/www.facebook.com\/OrganisatorFachmagazin\" \/>\n<meta property=\"article:published_time\" content=\"2022-11-28T07:11:22+00:00\" \/>\n<meta property=\"og:image\" content=\"https:\/\/www.organisator.ch\/wp-content\/uploads\/2022\/11\/WIR-Bank-kuendigt-Wechsel-im-Verwaltungsrat-an-1_Organisator.jpg\" \/>\n\t<meta property=\"og:image:width\" content=\"680\" \/>\n\t<meta property=\"og:image:height\" content=\"680\" \/>\n\t<meta property=\"og:image:type\" content=\"image\/jpeg\" \/>\n<meta name=\"author\" content=\"thomas.berner\" \/>\n<meta name=\"twitter:card\" content=\"summary_large_image\" \/>\n<meta name=\"twitter:title\" content=\"Bank #WIR k\u00fcndigt Wechsel im #Verwaltungsrat an\" \/>\n<meta name=\"twitter:description\" content=\"Wechsel im #Verwaltungsrat: Karin Zahnd #Cadoux, #VR-Pr\u00e4sidentin der Bank WIR, wird an der GV im Mai 2023 nicht mehr zur #Wiederwahl antreten.\" \/>\n<meta name=\"twitter:image\" content=\"https:\/\/www.organisator.ch\/wp-content\/uploads\/2022\/11\/WIR-Bank-kuendigt-Wechsel-im-Verwaltungsrat-an-1_Organisator.jpg\" \/>\n<script type=\"application\/ld+json\" class=\"yoast-schema-graph\">{\"@context\":\"https:\\\/\\\/schema.org\",\"@graph\":[{\"@type\":\"Article\",\"@id\":\"https:\\\/\\\/www.organisator.ch\\\/management\\\/2022-11-28\\\/bank-wir-kuendigt-wechsel-im-verwaltungsrat-an\\\/#article\",\"isPartOf\":{\"@id\":\"https:\\\/\\\/www.organisator.ch\\\/management\\\/2022-11-28\\\/bank-wir-kuendigt-wechsel-im-verwaltungsrat-an\\\/\"},\"author\":{\"name\":\"thomas.berner\",\"@id\":\"https:\\\/\\\/www.organisator.ch\\\/#\\\/schema\\\/person\\\/6f650f90b2842cd4c0cc334b4e36f67e\"},\"headline\":\"Bank WIR k\u00fcndigt Wechsel im Verwaltungsrat an\",\"datePublished\":\"2022-11-28T07:11:22+00:00\",\"mainEntityOfPage\":{\"@id\":\"https:\\\/\\\/www.organisator.ch\\\/management\\\/2022-11-28\\\/bank-wir-kuendigt-wechsel-im-verwaltungsrat-an\\\/\"},\"wordCount\":253,\"publisher\":{\"@id\":\"https:\\\/\\\/www.organisator.ch\\\/#organization\"},\"image\":{\"@id\":\"https:\\\/\\\/www.organisator.ch\\\/management\\\/2022-11-28\\\/bank-wir-kuendigt-wechsel-im-verwaltungsrat-an\\\/#primaryimage\"},\"thumbnailUrl\":\"https:\\\/\\\/www.organisator.ch\\\/wp-content\\\/uploads\\\/2022\\\/11\\\/WIR-Bank-kuendigt-Wechsel-im-Verwaltungsrat-an-1_Organisator.jpg\",\"keywords\":[\"Banken\",\"Personalia\",\"Verwaltungsrat\"],\"articleSection\":[\"MANAGEMENT\"],\"inLanguage\":\"fr-FR\"},{\"@type\":\"WebPage\",\"@id\":\"https:\\\/\\\/www.organisator.ch\\\/management\\\/2022-11-28\\\/bank-wir-kuendigt-wechsel-im-verwaltungsrat-an\\\/\",\"url\":\"https:\\\/\\\/www.organisator.ch\\\/management\\\/2022-11-28\\\/bank-wir-kuendigt-wechsel-im-verwaltungsrat-an\\\/\",\"name\":\"Bank WIR k\u00fcndigt Wechsel im Verwaltungsrat an - Organisator\",\"isPartOf\":{\"@id\":\"https:\\\/\\\/www.organisator.ch\\\/#website\"},\"primaryImageOfPage\":{\"@id\":\"https:\\\/\\\/www.organisator.ch\\\/management\\\/2022-11-28\\\/bank-wir-kuendigt-wechsel-im-verwaltungsrat-an\\\/#primaryimage\"},\"image\":{\"@id\":\"https:\\\/\\\/www.organisator.ch\\\/management\\\/2022-11-28\\\/bank-wir-kuendigt-wechsel-im-verwaltungsrat-an\\\/#primaryimage\"},\"thumbnailUrl\":\"https:\\\/\\\/www.organisator.ch\\\/wp-content\\\/uploads\\\/2022\\\/11\\\/WIR-Bank-kuendigt-Wechsel-im-Verwaltungsrat-an-1_Organisator.jpg\",\"datePublished\":\"2022-11-28T07:11:22+00:00\",\"description\":\"Wechsel im Verwaltungsrat: Karin Zahnd Cadoux, VR-Pr\u00e4sidentin der Bank WIR, wird an der GV im Mai 2023 nicht mehr zur Wiederwahl antreten.\",\"breadcrumb\":{\"@id\":\"https:\\\/\\\/www.organisator.ch\\\/management\\\/2022-11-28\\\/bank-wir-kuendigt-wechsel-im-verwaltungsrat-an\\\/#breadcrumb\"},\"inLanguage\":\"fr-FR\",\"potentialAction\":[{\"@type\":\"ReadAction\",\"target\":[\"https:\\\/\\\/www.organisator.ch\\\/management\\\/2022-11-28\\\/bank-wir-kuendigt-wechsel-im-verwaltungsrat-an\\\/\"]}]},{\"@type\":\"ImageObject\",\"inLanguage\":\"fr-FR\",\"@id\":\"https:\\\/\\\/www.organisator.ch\\\/management\\\/2022-11-28\\\/bank-wir-kuendigt-wechsel-im-verwaltungsrat-an\\\/#primaryimage\",\"url\":\"https:\\\/\\\/www.organisator.ch\\\/wp-content\\\/uploads\\\/2022\\\/11\\\/WIR-Bank-kuendigt-Wechsel-im-Verwaltungsrat-an-1_Organisator.jpg\",\"contentUrl\":\"https:\\\/\\\/www.organisator.ch\\\/wp-content\\\/uploads\\\/2022\\\/11\\\/WIR-Bank-kuendigt-Wechsel-im-Verwaltungsrat-an-1_Organisator.jpg\",\"width\":680,\"height\":680,\"caption\":\"Wird sich nicht mehr f\u00fcr die Wiederwahl zur Verf\u00fcgung stellen: Karin Zahnd Cadoux, VR-Pr\u00e4sidentin der WIR Bank. (Bild: zVg \\\/ WIR Bank)\"},{\"@type\":\"BreadcrumbList\",\"@id\":\"https:\\\/\\\/www.organisator.ch\\\/management\\\/2022-11-28\\\/bank-wir-kuendigt-wechsel-im-verwaltungsrat-an\\\/#breadcrumb\",\"itemListElement\":[{\"@type\":\"ListItem\",\"position\":1,\"name\":\"Home\",\"item\":\"https:\\\/\\\/www.organisator.ch\\\/\"},{\"@type\":\"ListItem\",\"position\":2,\"name\":\"Bank WIR k\u00fcndigt Wechsel im Verwaltungsrat an\"}]},{\"@type\":\"WebSite\",\"@id\":\"https:\\\/\\\/www.organisator.ch\\\/#website\",\"url\":\"https:\\\/\\\/www.organisator.ch\\\/\",\"name\":\"Organisator\",\"description\":\"Kompetent. Praxisnah. Der ORGANISATOR bereitet in 10 Ausgaben pro Jahr die wesentlichen Themen f\u00fcr F\u00fchrungskr\u00e4fte von KMU auf.\",\"publisher\":{\"@id\":\"https:\\\/\\\/www.organisator.ch\\\/#organization\"},\"potentialAction\":[{\"@type\":\"SearchAction\",\"target\":{\"@type\":\"EntryPoint\",\"urlTemplate\":\"https:\\\/\\\/www.organisator.ch\\\/?s={search_term_string}\"},\"query-input\":{\"@type\":\"PropertyValueSpecification\",\"valueRequired\":true,\"valueName\":\"search_term_string\"}}],\"inLanguage\":\"fr-FR\"},{\"@type\":\"Organization\",\"@id\":\"https:\\\/\\\/www.organisator.ch\\\/#organization\",\"name\":\"Organisator\",\"url\":\"https:\\\/\\\/www.organisator.ch\\\/\",\"logo\":{\"@type\":\"ImageObject\",\"inLanguage\":\"fr-FR\",\"@id\":\"https:\\\/\\\/www.organisator.ch\\\/#\\\/schema\\\/logo\\\/image\\\/\",\"url\":\"https:\\\/\\\/www.organisator.ch\\\/wp-content\\\/uploads\\\/2022\\\/01\\\/Logo_Organisator_Website.png\",\"contentUrl\":\"https:\\\/\\\/www.organisator.ch\\\/wp-content\\\/uploads\\\/2022\\\/01\\\/Logo_Organisator_Website.png\",\"width\":800,\"height\":77,\"caption\":\"Organisator\"},\"image\":{\"@id\":\"https:\\\/\\\/www.organisator.ch\\\/#\\\/schema\\\/logo\\\/image\\\/\"},\"sameAs\":[\"https:\\\/\\\/www.facebook.com\\\/OrganisatorFachmagazin\",\"https:\\\/\\\/www.linkedin.com\\\/showcase\\\/organisator-das-magazin-fr-kmu\",\"https:\\\/\\\/www.xing.com\\\/news\\\/pages\\\/organisator-ch-695\",\"https:\\\/\\\/www.youtube.com\\\/channel\\\/UCGP2Sq0iWaZwT3BdIAQFYpw\"]},{\"@type\":\"Person\",\"@id\":\"https:\\\/\\\/www.organisator.ch\\\/#\\\/schema\\\/person\\\/6f650f90b2842cd4c0cc334b4e36f67e\",\"name\":\"thomas.berner\",\"image\":{\"@type\":\"ImageObject\",\"inLanguage\":\"fr-FR\",\"@id\":\"https:\\\/\\\/secure.gravatar.com\\\/avatar\\\/ac5001d2a36cb6c6cd3e50789007ffca834b477b74a2144564522e944eabff61?s=96&d=mm&r=g\",\"url\":\"https:\\\/\\\/secure.gravatar.com\\\/avatar\\\/ac5001d2a36cb6c6cd3e50789007ffca834b477b74a2144564522e944eabff61?s=96&d=mm&r=g\",\"contentUrl\":\"https:\\\/\\\/secure.gravatar.com\\\/avatar\\\/ac5001d2a36cb6c6cd3e50789007ffca834b477b74a2144564522e944eabff61?s=96&d=mm&r=g\",\"caption\":\"thomas.berner\"},\"url\":\"https:\\\/\\\/www.organisator.ch\\\/fr\\\/author\\\/thomas-berner\\\/\"}]}<\/script>\n<!-- \/ Yoast SEO plugin. -->","yoast_head_json":{"title":"La banque WIR annonce un changement au sein du conseil d'administration - Organisateur","description":"Changement au sein du conseil d'administration : Karin Zahnd Cadoux, pr\u00e9sidente du CA de la Banque WIR, ne se repr\u00e9sentera pas \u00e0 l'AG de mai 2023.","robots":{"index":"index","follow":"follow","max-snippet":"max-snippet:-1","max-image-preview":"max-image-preview:large","max-video-preview":"max-video-preview:-1"},"canonical":"https:\/\/www.organisator.ch\/fr\/gestion-2\/2022-11-28\/bank-wir-kuendigt-wechsel-im-verwaltungsrat-an\/","og_locale":"fr_FR","og_type":"article","og_title":"Bank WIR k\u00fcndigt Wechsel im Verwaltungsrat an","og_description":"Wechsel im Verwaltungsrat: Karin Zahnd Cadoux, VR-Pr\u00e4sidentin der Bank WIR, wird an der GV im Mai 2023 nicht mehr zur Wiederwahl antreten.","og_url":"https:\/\/www.organisator.ch\/fr\/gestion-2\/2022-11-28\/bank-wir-kuendigt-wechsel-im-verwaltungsrat-an\/","og_site_name":"Organisator","article_publisher":"https:\/\/www.facebook.com\/OrganisatorFachmagazin","article_published_time":"2022-11-28T07:11:22+00:00","og_image":[{"width":680,"height":680,"url":"https:\/\/www.organisator.ch\/wp-content\/uploads\/2022\/11\/WIR-Bank-kuendigt-Wechsel-im-Verwaltungsrat-an-1_Organisator.jpg","type":"image\/jpeg"}],"author":"thomas.berner","twitter_card":"summary_large_image","twitter_title":"Bank #WIR k\u00fcndigt Wechsel im #Verwaltungsrat an","twitter_description":"Wechsel im #Verwaltungsrat: Karin Zahnd #Cadoux, #VR-Pr\u00e4sidentin der Bank WIR, wird an der GV im Mai 2023 nicht mehr zur #Wiederwahl antreten.","twitter_image":"https:\/\/www.organisator.ch\/wp-content\/uploads\/2022\/11\/WIR-Bank-kuendigt-Wechsel-im-Verwaltungsrat-an-1_Organisator.jpg","schema":{"@context":"https:\/\/schema.org","@graph":[{"@type":"Article","@id":"https:\/\/www.organisator.ch\/management\/2022-11-28\/bank-wir-kuendigt-wechsel-im-verwaltungsrat-an\/#article","isPartOf":{"@id":"https:\/\/www.organisator.ch\/management\/2022-11-28\/bank-wir-kuendigt-wechsel-im-verwaltungsrat-an\/"},"author":{"name":"thomas.berner","@id":"https:\/\/www.organisator.ch\/#\/schema\/person\/6f650f90b2842cd4c0cc334b4e36f67e"},"headline":"Bank WIR k\u00fcndigt Wechsel im Verwaltungsrat an","datePublished":"2022-11-28T07:11:22+00:00","mainEntityOfPage":{"@id":"https:\/\/www.organisator.ch\/management\/2022-11-28\/bank-wir-kuendigt-wechsel-im-verwaltungsrat-an\/"},"wordCount":253,"publisher":{"@id":"https:\/\/www.organisator.ch\/#organization"},"image":{"@id":"https:\/\/www.organisator.ch\/management\/2022-11-28\/bank-wir-kuendigt-wechsel-im-verwaltungsrat-an\/#primaryimage"},"thumbnailUrl":"https:\/\/www.organisator.ch\/wp-content\/uploads\/2022\/11\/WIR-Bank-kuendigt-Wechsel-im-Verwaltungsrat-an-1_Organisator.jpg","keywords":["Banken","Personalia","Verwaltungsrat"],"articleSection":["MANAGEMENT"],"inLanguage":"fr-FR"},{"@type":"WebPage","@id":"https:\/\/www.organisator.ch\/management\/2022-11-28\/bank-wir-kuendigt-wechsel-im-verwaltungsrat-an\/","url":"https:\/\/www.organisator.ch\/management\/2022-11-28\/bank-wir-kuendigt-wechsel-im-verwaltungsrat-an\/","name":"La banque WIR annonce un changement au sein du conseil d'administration - Organisateur","isPartOf":{"@id":"https:\/\/www.organisator.ch\/#website"},"primaryImageOfPage":{"@id":"https:\/\/www.organisator.ch\/management\/2022-11-28\/bank-wir-kuendigt-wechsel-im-verwaltungsrat-an\/#primaryimage"},"image":{"@id":"https:\/\/www.organisator.ch\/management\/2022-11-28\/bank-wir-kuendigt-wechsel-im-verwaltungsrat-an\/#primaryimage"},"thumbnailUrl":"https:\/\/www.organisator.ch\/wp-content\/uploads\/2022\/11\/WIR-Bank-kuendigt-Wechsel-im-Verwaltungsrat-an-1_Organisator.jpg","datePublished":"2022-11-28T07:11:22+00:00","description":"Changement au sein du conseil d'administration : Karin Zahnd Cadoux, pr\u00e9sidente du CA de la Banque WIR, ne se repr\u00e9sentera pas \u00e0 l'AG de mai 2023.","breadcrumb":{"@id":"https:\/\/www.organisator.ch\/management\/2022-11-28\/bank-wir-kuendigt-wechsel-im-verwaltungsrat-an\/#breadcrumb"},"inLanguage":"fr-FR","potentialAction":[{"@type":"ReadAction","target":["https:\/\/www.organisator.ch\/management\/2022-11-28\/bank-wir-kuendigt-wechsel-im-verwaltungsrat-an\/"]}]},{"@type":"ImageObject","inLanguage":"fr-FR","@id":"https:\/\/www.organisator.ch\/management\/2022-11-28\/bank-wir-kuendigt-wechsel-im-verwaltungsrat-an\/#primaryimage","url":"https:\/\/www.organisator.ch\/wp-content\/uploads\/2022\/11\/WIR-Bank-kuendigt-Wechsel-im-Verwaltungsrat-an-1_Organisator.jpg","contentUrl":"https:\/\/www.organisator.ch\/wp-content\/uploads\/2022\/11\/WIR-Bank-kuendigt-Wechsel-im-Verwaltungsrat-an-1_Organisator.jpg","width":680,"height":680,"caption":"Wird sich nicht mehr f\u00fcr die Wiederwahl zur Verf\u00fcgung stellen: Karin Zahnd Cadoux, VR-Pr\u00e4sidentin der WIR Bank. (Bild: zVg \/ WIR Bank)"},{"@type":"BreadcrumbList","@id":"https:\/\/www.organisator.ch\/management\/2022-11-28\/bank-wir-kuendigt-wechsel-im-verwaltungsrat-an\/#breadcrumb","itemListElement":[{"@type":"ListItem","position":1,"name":"Home","item":"https:\/\/www.organisator.ch\/"},{"@type":"ListItem","position":2,"name":"Bank WIR k\u00fcndigt Wechsel im Verwaltungsrat an"}]},{"@type":"WebSite","@id":"https:\/\/www.organisator.ch\/#website","url":"https:\/\/www.organisator.ch\/","name":"Organisateur","description":"Comp\u00e9tence et comp\u00e9tence. Proches de la pratique. L'ORGANISATEUR pr\u00e9pare 10 num\u00e9ros par an sur les th\u00e8mes essentiels pour les dirigeants de PME.","publisher":{"@id":"https:\/\/www.organisator.ch\/#organization"},"potentialAction":[{"@type":"SearchAction","target":{"@type":"EntryPoint","urlTemplate":"https:\/\/www.organisator.ch\/?s={search_term_string}"},"query-input":{"@type":"PropertyValueSpecification","valueRequired":true,"valueName":"search_term_string"}}],"inLanguage":"fr-FR"},{"@type":"Organization","@id":"https:\/\/www.organisator.ch\/#organization","name":"Organisateur","url":"https:\/\/www.organisator.ch\/","logo":{"@type":"ImageObject","inLanguage":"fr-FR","@id":"https:\/\/www.organisator.ch\/#\/schema\/logo\/image\/","url":"https:\/\/www.organisator.ch\/wp-content\/uploads\/2022\/01\/Logo_Organisator_Website.png","contentUrl":"https:\/\/www.organisator.ch\/wp-content\/uploads\/2022\/01\/Logo_Organisator_Website.png","width":800,"height":77,"caption":"Organisator"},"image":{"@id":"https:\/\/www.organisator.ch\/#\/schema\/logo\/image\/"},"sameAs":["https:\/\/www.facebook.com\/OrganisatorFachmagazin","https:\/\/www.linkedin.com\/showcase\/organisator-das-magazin-fr-kmu","https:\/\/www.xing.com\/news\/pages\/organisator-ch-695","https:\/\/www.youtube.com\/channel\/UCGP2Sq0iWaZwT3BdIAQFYpw"]},{"@type":"Person","@id":"https:\/\/www.organisator.ch\/#\/schema\/person\/6f650f90b2842cd4c0cc334b4e36f67e","name":"thomas.berner","image":{"@type":"ImageObject","inLanguage":"fr-FR","@id":"https:\/\/secure.gravatar.com\/avatar\/ac5001d2a36cb6c6cd3e50789007ffca834b477b74a2144564522e944eabff61?s=96&d=mm&r=g","url":"https:\/\/secure.gravatar.com\/avatar\/ac5001d2a36cb6c6cd3e50789007ffca834b477b74a2144564522e944eabff61?s=96&d=mm&r=g","contentUrl":"https:\/\/secure.gravatar.com\/avatar\/ac5001d2a36cb6c6cd3e50789007ffca834b477b74a2144564522e944eabff61?s=96&d=mm&r=g","caption":"thomas.berner"},"url":"https:\/\/www.organisator.ch\/fr\/author\/thomas-berner\/"}]}},"_links":{"self":[{"href":"https:\/\/www.organisator.ch\/fr\/wp-json\/wp\/v2\/posts\/17953","targetHints":{"allow":["GET"]}}],"collection":[{"href":"https:\/\/www.organisator.ch\/fr\/wp-json\/wp\/v2\/posts"}],"about":[{"href":"https:\/\/www.organisator.ch\/fr\/wp-json\/wp\/v2\/types\/post"}],"author":[{"embeddable":true,"href":"https:\/\/www.organisator.ch\/fr\/wp-json\/wp\/v2\/users\/4"}],"replies":[{"embeddable":true,"href":"https:\/\/www.organisator.ch\/fr\/wp-json\/wp\/v2\/comments?post=17953"}],"version-history":[{"count":1,"href":"https:\/\/www.organisator.ch\/fr\/wp-json\/wp\/v2\/posts\/17953\/revisions"}],"predecessor-version":[{"id":17956,"href":"https:\/\/www.organisator.ch\/fr\/wp-json\/wp\/v2\/posts\/17953\/revisions\/17956"}],"wp:featuredmedia":[{"embeddable":true,"href":"https:\/\/www.organisator.ch\/fr\/wp-json\/wp\/v2\/media\/17954"}],"wp:attachment":[{"href":"https:\/\/www.organisator.ch\/fr\/wp-json\/wp\/v2\/media?parent=17953"}],"wp:term":[{"taxonomy":"category","embeddable":true,"href":"https:\/\/www.organisator.ch\/fr\/wp-json\/wp\/v2\/categories?post=17953"},{"taxonomy":"post_tag","embeddable":true,"href":"https:\/\/www.organisator.ch\/fr\/wp-json\/wp\/v2\/tags?post=17953"}],"curies":[{"name":"wp","href":"https:\/\/api.w.org\/{rel}","templated":true}]}}