{"id":18008,"date":"2022-12-06T19:29:58","date_gmt":"2022-12-06T18:29:58","guid":{"rendered":"https:\/\/www.organisator.ch\/?p=18008"},"modified":"2022-12-09T08:45:53","modified_gmt":"2022-12-09T07:45:53","slug":"hrm-firmen-muessen-digitaler-werden","status":"publish","type":"post","link":"https:\/\/www.organisator.ch\/fr\/human-resources\/2022-12-06\/hrm-firmen-muessen-digitaler-werden\/","title":{"rendered":"GRH : les entreprises doivent devenir plus num\u00e9riques"},"content":{"rendered":"<section class=\"focus\">\n<section><\/section>\n<section>\n<figure id=\"attachment_18009\" aria-describedby=\"caption-attachment-18009\" style=\"width: 1000px\" class=\"wp-caption alignnone\"><img loading=\"lazy\" decoding=\"async\" class=\"size-full wp-image-18009\" src=\"https:\/\/www.organisator.ch\/wp-content\/uploads\/2022\/11\/Organisator-Firmen-muessen-digitaler-werden.jpg\" alt=\"\" width=\"1000\" height=\"680\" srcset=\"https:\/\/www.organisator.ch\/wp-content\/uploads\/2022\/11\/Organisator-Firmen-muessen-digitaler-werden.jpg 1000w, https:\/\/www.organisator.ch\/wp-content\/uploads\/2022\/11\/Organisator-Firmen-muessen-digitaler-werden-680x462.jpg 680w, https:\/\/www.organisator.ch\/wp-content\/uploads\/2022\/11\/Organisator-Firmen-muessen-digitaler-werden-768x522.jpg 768w, https:\/\/www.organisator.ch\/wp-content\/uploads\/2022\/11\/Organisator-Firmen-muessen-digitaler-werden-18x12.jpg 18w, https:\/\/www.organisator.ch\/wp-content\/uploads\/2022\/11\/Organisator-Firmen-muessen-digitaler-werden-375x255.jpg 375w, https:\/\/www.organisator.ch\/wp-content\/uploads\/2022\/11\/Organisator-Firmen-muessen-digitaler-werden-515x350.jpg 515w\" sizes=\"auto, (max-width: 1000px) 100vw, 1000px\" \/><figcaption id=\"caption-attachment-18009\" class=\"wp-caption-text\">Tout doit \u00eatre rapport\u00e9 et document\u00e9 et le travail proprement dit passe \u00e0 la trappe ? Les outils de collaboration modernes sur smartphones offrent un soulagement.<br \/>Image : Depositphotos.com<\/figcaption><\/figure>\n<\/section>\n<p>Lors de la Journ\u00e9e des employeurs qui s'est tenue \u00e0 Berne fin juin 2022, il n'y avait pratiquement qu'un seul th\u00e8me : la \"p\u00e9nurie de main-d'\u0153uvre qualifi\u00e9e\". Du secteur de la sant\u00e9 au manque de rel\u00e8ve chez les artisans et les entreprises de restauration, en passant par les postes vacants dans le secteur du b\u00e2timent : Pratiquement tous les secteurs sont touch\u00e9s par une grave p\u00e9nurie de personnel. Le probl\u00e8me va encore s'aggraver dans les ann\u00e9es \u00e0 venir, car les baby-boomers partent \u00e0 la retraite de mani\u00e8re exponentielle.<\/p>\n<p>Les raisons de la p\u00e9nurie de main-d'\u0153uvre sont multiples et il existe d\u00e9j\u00e0 quelques solutions. Il est question de meilleurs salaires, de postes \u00e0 temps partiel, de reconversion professionnelle, de flexibilit\u00e9 ou d'\u00e9quilibre entre vie professionnelle et vie priv\u00e9e. Tout cela est \u00e9vident, mais comment rendre le lieu de travail plus attractif en tant qu'employeur, enthousiasmer les jeunes travailleurs pour le poste et fid\u00e9liser \u00e0 long terme les collaborateurs existants ? Payer de meilleurs salaires n'est qu'une possibilit\u00e9, mais pas toujours r\u00e9alisable. Mais qu'en est-il des autres facteurs ? Comment int\u00e9grer la flexibilit\u00e9, le temps partiel ou le t\u00e9l\u00e9travail dans le quotidien professionnel sans devoir introduire imm\u00e9diatement un Feelgood Manager et dix semaines de vacances ? Une solution pourrait \u00eatre une application de collaboration et de communication.<\/p>\n<h2>Cr\u00e9er du travail \u00e0 temps partiel et des horaires de travail flexibles - c'est ainsi que cela fonctionne<\/h2>\n<p>Dans ce cas, il faut tout d'abord informer les collaborateurs des nouvelles possibilit\u00e9s. En effet, l'un ou l'autre pourrait consid\u00e9rer comme injuste que le nouveau coll\u00e8gue n'arrive au bureau qu'\u00e0 11 heures. Les outils num\u00e9riques actuels permettent \u00e0 une \u00e9quipe de bien s'organiser, mais il est important d'organiser r\u00e9guli\u00e8rement des \u00e9v\u00e9nements physiques pour favoriser l'esprit d'\u00e9quipe. Parall\u00e8lement, la mise \u00e0 disposition de flux d'informations cr\u00e9e un sentiment de participation \u00e0 la vie de l'entreprise, m\u00eame pour les collaborateurs qui ne sont pas assis \u00e0 un poste de travail fixe. Cela conduit \u00e0 long terme \u00e0 une meilleure culture d'entreprise.<\/p>\n<p>Diff\u00e9rents outils de gestion de projet en ligne (gratuits), comme Trello, permettent de r\u00e9partir clairement les t\u00e2ches et d'assurer des transferts sans heurts. Les t\u00e2ches peuvent y \u00eatre attribu\u00e9es et d\u00e9crites avec pr\u00e9cision, et les d\u00e9lais et documents peuvent y \u00eatre enregistr\u00e9s. On peut cocher ce qui a \u00e9t\u00e9 fait et commenter ce qui doit encore \u00eatre fait.<\/p>\n<p>Une application de communication interne \u00e0 l'entreprise, facile \u00e0 utiliser et fonctionnant sur le smartphone des collaborateurs, garantit que m\u00eame les travailleurs flexibles et \u00e0 temps partiel sont toujours au courant des derni\u00e8res informations. Beekeeper, par exemple, est d\u00e9j\u00e0 utilis\u00e9 en Suisse par des centaines d'entreprises qui ont num\u00e9ris\u00e9 et donc simplifi\u00e9 leur communication et leur collaboration. La solution s'est surtout sp\u00e9cialis\u00e9e dans les entreprises comptant de nombreux collaborateurs sans poste de travail fixe (collaborateurs de premi\u00e8re ligne). Pour utiliser l'application conforme \u00e0 la protection des donn\u00e9es, l'utilisateur n'a m\u00eame pas besoin d'une adresse e-mail.<\/p>\n<h2>Estime et participation<\/h2>\n<p>Plut\u00f4t que de recruter de nouveaux collaborateurs, il est plus durable et moins co\u00fbteux de garder ceux qui sont d\u00e9j\u00e0 en poste. Pour cela, il est important de r\u00e9pondre \u00e0 leurs besoins, de les valoriser et de leur offrir des perspectives. Cela vaut bien s\u00fbr aussi pour les nouveaux collaborateurs. Mais comment un chef ou une cheffe d'\u00e9quipe peut-il(elle) montrer son estime personnelle s'il(elle) ne voit que rarement ses collaborateurs et apprend \u00e0 peine sur quoi ils travaillent actuellement ? Cela concerne surtout les grandes entreprises, dans lesquelles la majorit\u00e9 des collaborateurs ne sont pas assis devant un ordinateur, mais soignent des personnes, font des lits, travaillent sur un chantier ou \u00e0 la cha\u00eene. Ils sont le plus facilement joignables via leur smartphone priv\u00e9. Une plate-forme pour les collaborateurs sur laquelle tous, du chef \u00e0 l'apprenti, peuvent \u00eatre actifs de mani\u00e8re interactive - voil\u00e0 la solution. Une telle plate-forme permet d'animer le quotidien de l'entreprise. La pr\u00e9sentation est attrayante et intuitive, comme le sont par exemple les plateformes modernes de m\u00e9dias sociaux. Cela facilite l'\u00e9change et la communication et favorise le sentiment d'appartenance. En outre, ces plateformes offrent de nombreuses fonctions qui permettent de num\u00e9riser les processus et d'\u00e9conomiser ainsi beaucoup de temps et de ressources. Des listes de contr\u00f4le \u00e0 la r\u00e9daction de plans de service en passant par le remplissage des fiches de paie, beaucoup de choses sont r\u00e9alisables avec une application. Il est possible de poster, d'aimer, de partager et de f\u00e9liciter. Informations, goodies, cours de formation continue, offres d'emploi, sondages et \u00e9v\u00e9nements ne sont que quelques-uns des contenus qui peuvent \u00eatre partag\u00e9s via la plateforme et qui sont traduits directement et automatiquement dans les diff\u00e9rentes langues maternelles des collaborateurs.<\/p>\n<h2>Toujours plus de processus d'administration - toujours moins d'envie<\/h2>\n<p>De nombreux collaborateurs se plaignent de la bureaucratisation constante de leur travail. Tout doit \u00eatre rapport\u00e9 et document\u00e9 - il ne reste souvent plus assez de temps pour le travail proprement dit - ce qui est frustrant. Remplacer les \u00e9quipes, planifier les vacances, saisir le temps de travail, remplir des listes de contr\u00f4le ou la feuille de frais, \u00e9tablir des briefings, etc. Ceux qui souhaitent \u00e9pargner \u00e0 leurs collaborateurs ces tours de b\u0153uf administratifs peuvent trouver de l'aide aupr\u00e8s de divers outils d'administration. Mais nombre d'entre eux ont un point fort et ne peuvent souvent faire que l'un ou l'autre. Certains outils de collaboration proposent l'essentiel et disposent d\u00e9j\u00e0 d'interfaces pour la connexion propre d'autres apps. Ici aussi, il faut garder \u00e0 l'esprit que : Simplicity is king. Si les outils d'administration sont trop compliqu\u00e9s, ils ne seront pas utilis\u00e9s.<\/p>\n<h2>Recrutement - trouver des candidats potentiels \"sur le pas de la porte<\/h2>\n<p>Le recrutement est co\u00fbteux et actuellement plus difficile que jamais pour les RH et les employeurs. Pourtant, ils pourraient se simplifier la vie et impliquer activement leurs collaborateurs. En effet, chaque collaborateur dispose d'un vaste r\u00e9seau de candidats potentiels. Pourquoi ne pas l'utiliser ? Gr\u00e2ce \u00e0 une plate-forme de collaboration interne \u00e0 l'entreprise, les postes peuvent \u00eatre publi\u00e9s en interne et, en un seul clic, une collaboratrice peut recommander le poste \u00e0 quelqu'un de son r\u00e9seau ou inversement. De m\u00eame, le d\u00e9partement RH devrait cr\u00e9er des incitations et ainsi transformer le personnel en chasseurs de t\u00eates. Gagnant-gagnant-gagnant pour toutes les parties concern\u00e9es. Beekeeper a d\u00e9j\u00e0 int\u00e9gr\u00e9 cette fonctionnalit\u00e9 dans sa plate-forme de collaboration.<\/p>\n<p>De nos jours, aucune entreprise ne peut faire l'impasse sur la num\u00e9risation. Des outils tels que Beekeeper et d'autres applications similaires permettent de gagner du temps et de soulager les collaborateurs. Ils assurent en outre une culture d'entreprise positive, renforcent la fid\u00e9lisation des collaborateurs et aident m\u00eame \u00e0 recommander de nouveaux collaborateurs. Autant de th\u00e8mes qui prennent de plus en plus d'importance si les entreprises veulent garder leurs collaborateurs \u00e0 long terme et \u00eatre un employeur attractif.<\/p>\n<\/section>\n<section>\n<h3><em>Auteur<\/em><\/h3>\n<p><em>Regula Wegmann est conseill\u00e8re en communication, journaliste et directrice de microbee.<\/em><em>\u2009<a href=\"https:\/\/microbee.com\/\">www.microbee.com<\/a><\/em><\/p>\n<\/section>","protected":false},"excerpt":{"rendered":"<p>Am Arbeitgebertag in Bern Ende Juni 2022 gab es praktisch nur ein Thema: \u00abFachkr\u00e4ftemangel\u00bb. Vom Gesundheitswesen \u00fcber unbesetzte Stellen in der Baubranche bis hin zu fehlendem Nachwuchs bei den Handwerkern und Gastrobetrieben: Praktisch alle Branchen sind von einem akuten Personal\u00admangel betroffen. Das Problem wird sich in den kommenden Jahren noch zuspitzen, da die Babyboomer exponentiell [&hellip;]<\/p>\n","protected":false},"author":1,"featured_media":18009,"comment_status":"closed","ping_status":"closed","sticky":false,"template":"","format":"standard","meta":{"_acf_changed":false,"_yoast_wpseo_focuskw":"HRM","_yoast_wpseo_metadesc":"In den Diskussionen \u00fcber den Fachkr\u00e4ftemangel f\u00e4llt auf, dass zwar alle wissen, was zu tun ist. Aber wie steht es im HRM um das \"Wie\"?","articlekey":"","footnotes":""},"categories":[579],"tags":[3528,156,254],"class_list":["post-18008","post","type-post","status-publish","format-standard","has-post-thumbnail","hentry","category-human-resources","tag-ausgabe-11-12-2022","tag-digitalisierung","tag-hrm"],"acf":[],"yoast_head":"<!-- This site is optimized with the Yoast SEO plugin v27.5 - https:\/\/yoast.com\/product\/yoast-seo-wordpress\/ -->\n<title>HRM: Firmen m\u00fcssen digitaler werden - Organisator<\/title>\n<meta name=\"description\" content=\"In den Diskussionen \u00fcber den Fachkr\u00e4ftemangel f\u00e4llt auf, dass zwar alle wissen, was zu tun ist. Aber wie steht es im HRM um das &quot;Wie&quot;?\" \/>\n<meta name=\"robots\" content=\"index, follow, max-snippet:-1, max-image-preview:large, max-video-preview:-1\" \/>\n<link rel=\"canonical\" href=\"https:\/\/www.organisator.ch\/fr\/ressources-humaines\/2022-12-06\/hrm-firmen-muessen-digitaler-werden\/\" \/>\n<meta property=\"og:locale\" content=\"fr_FR\" \/>\n<meta property=\"og:type\" content=\"article\" \/>\n<meta property=\"og:title\" content=\"HRM: Firmen m\u00fcssen digitaler werden - Organisator\" \/>\n<meta property=\"og:description\" content=\"In den Diskussionen \u00fcber den Fachkr\u00e4ftemangel f\u00e4llt auf, dass zwar alle wissen, was zu tun ist. Aber wie steht es im HRM um das &quot;Wie&quot;?\" \/>\n<meta property=\"og:url\" content=\"https:\/\/www.organisator.ch\/fr\/ressources-humaines\/2022-12-06\/hrm-firmen-muessen-digitaler-werden\/\" \/>\n<meta property=\"og:site_name\" content=\"Organisator\" \/>\n<meta property=\"article:publisher\" content=\"https:\/\/www.facebook.com\/OrganisatorFachmagazin\" \/>\n<meta property=\"article:published_time\" content=\"2022-12-06T18:29:58+00:00\" \/>\n<meta property=\"article:modified_time\" content=\"2022-12-09T07:45:53+00:00\" \/>\n<meta property=\"og:image\" content=\"https:\/\/www.organisator.ch\/wp-content\/uploads\/2022\/11\/Organisator-Firmen-muessen-digitaler-werden.jpg\" \/>\n\t<meta property=\"og:image:width\" content=\"768\" \/>\n\t<meta property=\"og:image:height\" content=\"522\" \/>\n\t<meta property=\"og:image:type\" content=\"image\/jpeg\" \/>\n<meta name=\"author\" content=\"admin\" \/>\n<meta name=\"twitter:card\" content=\"summary_large_image\" \/>\n<script type=\"application\/ld+json\" class=\"yoast-schema-graph\">{\"@context\":\"https:\\\/\\\/schema.org\",\"@graph\":[{\"@type\":\"Article\",\"@id\":\"https:\\\/\\\/www.organisator.ch\\\/human-resources\\\/2022-12-06\\\/hrm-firmen-muessen-digitaler-werden\\\/#article\",\"isPartOf\":{\"@id\":\"https:\\\/\\\/www.organisator.ch\\\/human-resources\\\/2022-12-06\\\/hrm-firmen-muessen-digitaler-werden\\\/\"},\"author\":{\"name\":\"admin\",\"@id\":\"https:\\\/\\\/www.organisator.ch\\\/#\\\/schema\\\/person\\\/aa2bace6c5c5aad60102004a50c4eb1c\"},\"headline\":\"HRM: Firmen m\u00fcssen digitaler werden\",\"datePublished\":\"2022-12-06T18:29:58+00:00\",\"dateModified\":\"2022-12-09T07:45:53+00:00\",\"mainEntityOfPage\":{\"@id\":\"https:\\\/\\\/www.organisator.ch\\\/human-resources\\\/2022-12-06\\\/hrm-firmen-muessen-digitaler-werden\\\/\"},\"wordCount\":1027,\"publisher\":{\"@id\":\"https:\\\/\\\/www.organisator.ch\\\/#organization\"},\"image\":{\"@id\":\"https:\\\/\\\/www.organisator.ch\\\/human-resources\\\/2022-12-06\\\/hrm-firmen-muessen-digitaler-werden\\\/#primaryimage\"},\"thumbnailUrl\":\"https:\\\/\\\/www.organisator.ch\\\/wp-content\\\/uploads\\\/2022\\\/11\\\/Organisator-Firmen-muessen-digitaler-werden.jpg\",\"keywords\":[\"Ausgabe 11-12\\\/2022\",\"Digitalisierung\",\"HRM\"],\"articleSection\":[\"HUMAN RESOURCES\"],\"inLanguage\":\"fr-FR\"},{\"@type\":\"WebPage\",\"@id\":\"https:\\\/\\\/www.organisator.ch\\\/human-resources\\\/2022-12-06\\\/hrm-firmen-muessen-digitaler-werden\\\/\",\"url\":\"https:\\\/\\\/www.organisator.ch\\\/human-resources\\\/2022-12-06\\\/hrm-firmen-muessen-digitaler-werden\\\/\",\"name\":\"HRM: Firmen m\u00fcssen digitaler werden - Organisator\",\"isPartOf\":{\"@id\":\"https:\\\/\\\/www.organisator.ch\\\/#website\"},\"primaryImageOfPage\":{\"@id\":\"https:\\\/\\\/www.organisator.ch\\\/human-resources\\\/2022-12-06\\\/hrm-firmen-muessen-digitaler-werden\\\/#primaryimage\"},\"image\":{\"@id\":\"https:\\\/\\\/www.organisator.ch\\\/human-resources\\\/2022-12-06\\\/hrm-firmen-muessen-digitaler-werden\\\/#primaryimage\"},\"thumbnailUrl\":\"https:\\\/\\\/www.organisator.ch\\\/wp-content\\\/uploads\\\/2022\\\/11\\\/Organisator-Firmen-muessen-digitaler-werden.jpg\",\"datePublished\":\"2022-12-06T18:29:58+00:00\",\"dateModified\":\"2022-12-09T07:45:53+00:00\",\"description\":\"In den Diskussionen \u00fcber den Fachkr\u00e4ftemangel f\u00e4llt auf, dass zwar alle wissen, was zu tun ist. Aber wie steht es im HRM um das \\\"Wie\\\"?\",\"breadcrumb\":{\"@id\":\"https:\\\/\\\/www.organisator.ch\\\/human-resources\\\/2022-12-06\\\/hrm-firmen-muessen-digitaler-werden\\\/#breadcrumb\"},\"inLanguage\":\"fr-FR\",\"potentialAction\":[{\"@type\":\"ReadAction\",\"target\":[\"https:\\\/\\\/www.organisator.ch\\\/human-resources\\\/2022-12-06\\\/hrm-firmen-muessen-digitaler-werden\\\/\"]}]},{\"@type\":\"ImageObject\",\"inLanguage\":\"fr-FR\",\"@id\":\"https:\\\/\\\/www.organisator.ch\\\/human-resources\\\/2022-12-06\\\/hrm-firmen-muessen-digitaler-werden\\\/#primaryimage\",\"url\":\"https:\\\/\\\/www.organisator.ch\\\/wp-content\\\/uploads\\\/2022\\\/11\\\/Organisator-Firmen-muessen-digitaler-werden.jpg\",\"contentUrl\":\"https:\\\/\\\/www.organisator.ch\\\/wp-content\\\/uploads\\\/2022\\\/11\\\/Organisator-Firmen-muessen-digitaler-werden.jpg\",\"width\":1000,\"height\":680,\"caption\":\"Alles muss rapportiert und dokumentiert werden und der eigentliche Job bleibt auf der Strecke? Moderne Kollaborations-Tools auf Smartphones bieten Entlastung. Bild: Depositphotos.com\"},{\"@type\":\"BreadcrumbList\",\"@id\":\"https:\\\/\\\/www.organisator.ch\\\/human-resources\\\/2022-12-06\\\/hrm-firmen-muessen-digitaler-werden\\\/#breadcrumb\",\"itemListElement\":[{\"@type\":\"ListItem\",\"position\":1,\"name\":\"Home\",\"item\":\"https:\\\/\\\/www.organisator.ch\\\/\"},{\"@type\":\"ListItem\",\"position\":2,\"name\":\"HRM: Firmen m\u00fcssen digitaler werden\"}]},{\"@type\":\"WebSite\",\"@id\":\"https:\\\/\\\/www.organisator.ch\\\/#website\",\"url\":\"https:\\\/\\\/www.organisator.ch\\\/\",\"name\":\"Organisator\",\"description\":\"Kompetent. Praxisnah. Der ORGANISATOR bereitet in 10 Ausgaben pro Jahr die wesentlichen Themen f\u00fcr F\u00fchrungskr\u00e4fte von KMU auf.\",\"publisher\":{\"@id\":\"https:\\\/\\\/www.organisator.ch\\\/#organization\"},\"potentialAction\":[{\"@type\":\"SearchAction\",\"target\":{\"@type\":\"EntryPoint\",\"urlTemplate\":\"https:\\\/\\\/www.organisator.ch\\\/?s={search_term_string}\"},\"query-input\":{\"@type\":\"PropertyValueSpecification\",\"valueRequired\":true,\"valueName\":\"search_term_string\"}}],\"inLanguage\":\"fr-FR\"},{\"@type\":\"Organization\",\"@id\":\"https:\\\/\\\/www.organisator.ch\\\/#organization\",\"name\":\"Organisator\",\"url\":\"https:\\\/\\\/www.organisator.ch\\\/\",\"logo\":{\"@type\":\"ImageObject\",\"inLanguage\":\"fr-FR\",\"@id\":\"https:\\\/\\\/www.organisator.ch\\\/#\\\/schema\\\/logo\\\/image\\\/\",\"url\":\"https:\\\/\\\/www.organisator.ch\\\/wp-content\\\/uploads\\\/2022\\\/01\\\/Logo_Organisator_Website.png\",\"contentUrl\":\"https:\\\/\\\/www.organisator.ch\\\/wp-content\\\/uploads\\\/2022\\\/01\\\/Logo_Organisator_Website.png\",\"width\":800,\"height\":77,\"caption\":\"Organisator\"},\"image\":{\"@id\":\"https:\\\/\\\/www.organisator.ch\\\/#\\\/schema\\\/logo\\\/image\\\/\"},\"sameAs\":[\"https:\\\/\\\/www.facebook.com\\\/OrganisatorFachmagazin\",\"https:\\\/\\\/www.linkedin.com\\\/showcase\\\/organisator-das-magazin-fr-kmu\",\"https:\\\/\\\/www.xing.com\\\/news\\\/pages\\\/organisator-ch-695\",\"https:\\\/\\\/www.youtube.com\\\/channel\\\/UCGP2Sq0iWaZwT3BdIAQFYpw\"]},{\"@type\":\"Person\",\"@id\":\"https:\\\/\\\/www.organisator.ch\\\/#\\\/schema\\\/person\\\/aa2bace6c5c5aad60102004a50c4eb1c\",\"name\":\"admin\",\"image\":{\"@type\":\"ImageObject\",\"inLanguage\":\"fr-FR\",\"@id\":\"https:\\\/\\\/secure.gravatar.com\\\/avatar\\\/ae2f4d718e6c49043e314ce431e7e645d646302a24a5ef5a8bc8e3f5a032e319?s=96&d=mm&r=g\",\"url\":\"https:\\\/\\\/secure.gravatar.com\\\/avatar\\\/ae2f4d718e6c49043e314ce431e7e645d646302a24a5ef5a8bc8e3f5a032e319?s=96&d=mm&r=g\",\"contentUrl\":\"https:\\\/\\\/secure.gravatar.com\\\/avatar\\\/ae2f4d718e6c49043e314ce431e7e645d646302a24a5ef5a8bc8e3f5a032e319?s=96&d=mm&r=g\",\"caption\":\"admin\"},\"sameAs\":[\"https:\\\/\\\/www.organisator.ch\"],\"url\":\"https:\\\/\\\/www.organisator.ch\\\/fr\\\/author\\\/admin\\\/\"}]}<\/script>\n<!-- \/ Yoast SEO plugin. -->","yoast_head_json":{"title":"GRH : les entreprises doivent devenir plus num\u00e9riques - Organisateur","description":"Dans les discussions sur la p\u00e9nurie de main-d'\u0153uvre qualifi\u00e9e, il est frappant de constater que tout le monde sait certes ce qu'il faut faire. Mais qu'en est-il du \"comment\" dans le domaine de la GRH ?","robots":{"index":"index","follow":"follow","max-snippet":"max-snippet:-1","max-image-preview":"max-image-preview:large","max-video-preview":"max-video-preview:-1"},"canonical":"https:\/\/www.organisator.ch\/fr\/ressources-humaines\/2022-12-06\/hrm-firmen-muessen-digitaler-werden\/","og_locale":"fr_FR","og_type":"article","og_title":"HRM: Firmen m\u00fcssen digitaler werden - Organisator","og_description":"In den Diskussionen \u00fcber den Fachkr\u00e4ftemangel f\u00e4llt auf, dass zwar alle wissen, was zu tun ist. Aber wie steht es im HRM um das \"Wie\"?","og_url":"https:\/\/www.organisator.ch\/fr\/ressources-humaines\/2022-12-06\/hrm-firmen-muessen-digitaler-werden\/","og_site_name":"Organisator","article_publisher":"https:\/\/www.facebook.com\/OrganisatorFachmagazin","article_published_time":"2022-12-06T18:29:58+00:00","article_modified_time":"2022-12-09T07:45:53+00:00","og_image":[{"url":"https:\/\/www.organisator.ch\/wp-content\/uploads\/2022\/11\/Organisator-Firmen-muessen-digitaler-werden.jpg","width":768,"height":522,"type":"image\/jpeg"}],"author":"admin","twitter_card":"summary_large_image","schema":{"@context":"https:\/\/schema.org","@graph":[{"@type":"Article","@id":"https:\/\/www.organisator.ch\/human-resources\/2022-12-06\/hrm-firmen-muessen-digitaler-werden\/#article","isPartOf":{"@id":"https:\/\/www.organisator.ch\/human-resources\/2022-12-06\/hrm-firmen-muessen-digitaler-werden\/"},"author":{"name":"admin","@id":"https:\/\/www.organisator.ch\/#\/schema\/person\/aa2bace6c5c5aad60102004a50c4eb1c"},"headline":"HRM: Firmen m\u00fcssen digitaler werden","datePublished":"2022-12-06T18:29:58+00:00","dateModified":"2022-12-09T07:45:53+00:00","mainEntityOfPage":{"@id":"https:\/\/www.organisator.ch\/human-resources\/2022-12-06\/hrm-firmen-muessen-digitaler-werden\/"},"wordCount":1027,"publisher":{"@id":"https:\/\/www.organisator.ch\/#organization"},"image":{"@id":"https:\/\/www.organisator.ch\/human-resources\/2022-12-06\/hrm-firmen-muessen-digitaler-werden\/#primaryimage"},"thumbnailUrl":"https:\/\/www.organisator.ch\/wp-content\/uploads\/2022\/11\/Organisator-Firmen-muessen-digitaler-werden.jpg","keywords":["Ausgabe 11-12\/2022","Digitalisierung","HRM"],"articleSection":["HUMAN RESOURCES"],"inLanguage":"fr-FR"},{"@type":"WebPage","@id":"https:\/\/www.organisator.ch\/human-resources\/2022-12-06\/hrm-firmen-muessen-digitaler-werden\/","url":"https:\/\/www.organisator.ch\/human-resources\/2022-12-06\/hrm-firmen-muessen-digitaler-werden\/","name":"GRH : les entreprises doivent devenir plus num\u00e9riques - Organisateur","isPartOf":{"@id":"https:\/\/www.organisator.ch\/#website"},"primaryImageOfPage":{"@id":"https:\/\/www.organisator.ch\/human-resources\/2022-12-06\/hrm-firmen-muessen-digitaler-werden\/#primaryimage"},"image":{"@id":"https:\/\/www.organisator.ch\/human-resources\/2022-12-06\/hrm-firmen-muessen-digitaler-werden\/#primaryimage"},"thumbnailUrl":"https:\/\/www.organisator.ch\/wp-content\/uploads\/2022\/11\/Organisator-Firmen-muessen-digitaler-werden.jpg","datePublished":"2022-12-06T18:29:58+00:00","dateModified":"2022-12-09T07:45:53+00:00","description":"Dans les discussions sur la p\u00e9nurie de main-d'\u0153uvre qualifi\u00e9e, il est frappant de constater que tout le monde sait certes ce qu'il faut faire. Mais qu'en est-il du \"comment\" dans le domaine de la GRH ?","breadcrumb":{"@id":"https:\/\/www.organisator.ch\/human-resources\/2022-12-06\/hrm-firmen-muessen-digitaler-werden\/#breadcrumb"},"inLanguage":"fr-FR","potentialAction":[{"@type":"ReadAction","target":["https:\/\/www.organisator.ch\/human-resources\/2022-12-06\/hrm-firmen-muessen-digitaler-werden\/"]}]},{"@type":"ImageObject","inLanguage":"fr-FR","@id":"https:\/\/www.organisator.ch\/human-resources\/2022-12-06\/hrm-firmen-muessen-digitaler-werden\/#primaryimage","url":"https:\/\/www.organisator.ch\/wp-content\/uploads\/2022\/11\/Organisator-Firmen-muessen-digitaler-werden.jpg","contentUrl":"https:\/\/www.organisator.ch\/wp-content\/uploads\/2022\/11\/Organisator-Firmen-muessen-digitaler-werden.jpg","width":1000,"height":680,"caption":"Alles muss rapportiert und dokumentiert werden und der eigentliche Job bleibt auf der Strecke? Moderne Kollaborations-Tools auf Smartphones bieten Entlastung. Bild: Depositphotos.com"},{"@type":"BreadcrumbList","@id":"https:\/\/www.organisator.ch\/human-resources\/2022-12-06\/hrm-firmen-muessen-digitaler-werden\/#breadcrumb","itemListElement":[{"@type":"ListItem","position":1,"name":"Home","item":"https:\/\/www.organisator.ch\/"},{"@type":"ListItem","position":2,"name":"HRM: Firmen m\u00fcssen digitaler werden"}]},{"@type":"WebSite","@id":"https:\/\/www.organisator.ch\/#website","url":"https:\/\/www.organisator.ch\/","name":"Organisateur","description":"Comp\u00e9tence et comp\u00e9tence. Proches de la pratique. L'ORGANISATEUR pr\u00e9pare 10 num\u00e9ros par an sur les th\u00e8mes essentiels pour les dirigeants de PME.","publisher":{"@id":"https:\/\/www.organisator.ch\/#organization"},"potentialAction":[{"@type":"SearchAction","target":{"@type":"EntryPoint","urlTemplate":"https:\/\/www.organisator.ch\/?s={search_term_string}"},"query-input":{"@type":"PropertyValueSpecification","valueRequired":true,"valueName":"search_term_string"}}],"inLanguage":"fr-FR"},{"@type":"Organization","@id":"https:\/\/www.organisator.ch\/#organization","name":"Organisateur","url":"https:\/\/www.organisator.ch\/","logo":{"@type":"ImageObject","inLanguage":"fr-FR","@id":"https:\/\/www.organisator.ch\/#\/schema\/logo\/image\/","url":"https:\/\/www.organisator.ch\/wp-content\/uploads\/2022\/01\/Logo_Organisator_Website.png","contentUrl":"https:\/\/www.organisator.ch\/wp-content\/uploads\/2022\/01\/Logo_Organisator_Website.png","width":800,"height":77,"caption":"Organisator"},"image":{"@id":"https:\/\/www.organisator.ch\/#\/schema\/logo\/image\/"},"sameAs":["https:\/\/www.facebook.com\/OrganisatorFachmagazin","https:\/\/www.linkedin.com\/showcase\/organisator-das-magazin-fr-kmu","https:\/\/www.xing.com\/news\/pages\/organisator-ch-695","https:\/\/www.youtube.com\/channel\/UCGP2Sq0iWaZwT3BdIAQFYpw"]},{"@type":"Person","@id":"https:\/\/www.organisator.ch\/#\/schema\/person\/aa2bace6c5c5aad60102004a50c4eb1c","name":"admin","image":{"@type":"ImageObject","inLanguage":"fr-FR","@id":"https:\/\/secure.gravatar.com\/avatar\/ae2f4d718e6c49043e314ce431e7e645d646302a24a5ef5a8bc8e3f5a032e319?s=96&d=mm&r=g","url":"https:\/\/secure.gravatar.com\/avatar\/ae2f4d718e6c49043e314ce431e7e645d646302a24a5ef5a8bc8e3f5a032e319?s=96&d=mm&r=g","contentUrl":"https:\/\/secure.gravatar.com\/avatar\/ae2f4d718e6c49043e314ce431e7e645d646302a24a5ef5a8bc8e3f5a032e319?s=96&d=mm&r=g","caption":"admin"},"sameAs":["https:\/\/www.organisator.ch"],"url":"https:\/\/www.organisator.ch\/fr\/author\/admin\/"}]}},"_links":{"self":[{"href":"https:\/\/www.organisator.ch\/fr\/wp-json\/wp\/v2\/posts\/18008","targetHints":{"allow":["GET"]}}],"collection":[{"href":"https:\/\/www.organisator.ch\/fr\/wp-json\/wp\/v2\/posts"}],"about":[{"href":"https:\/\/www.organisator.ch\/fr\/wp-json\/wp\/v2\/types\/post"}],"author":[{"embeddable":true,"href":"https:\/\/www.organisator.ch\/fr\/wp-json\/wp\/v2\/users\/1"}],"replies":[{"embeddable":true,"href":"https:\/\/www.organisator.ch\/fr\/wp-json\/wp\/v2\/comments?post=18008"}],"version-history":[{"count":4,"href":"https:\/\/www.organisator.ch\/fr\/wp-json\/wp\/v2\/posts\/18008\/revisions"}],"predecessor-version":[{"id":18209,"href":"https:\/\/www.organisator.ch\/fr\/wp-json\/wp\/v2\/posts\/18008\/revisions\/18209"}],"wp:featuredmedia":[{"embeddable":true,"href":"https:\/\/www.organisator.ch\/fr\/wp-json\/wp\/v2\/media\/18009"}],"wp:attachment":[{"href":"https:\/\/www.organisator.ch\/fr\/wp-json\/wp\/v2\/media?parent=18008"}],"wp:term":[{"taxonomy":"category","embeddable":true,"href":"https:\/\/www.organisator.ch\/fr\/wp-json\/wp\/v2\/categories?post=18008"},{"taxonomy":"post_tag","embeddable":true,"href":"https:\/\/www.organisator.ch\/fr\/wp-json\/wp\/v2\/tags?post=18008"}],"curies":[{"name":"wp","href":"https:\/\/api.w.org\/{rel}","templated":true}]}}