{"id":18043,"date":"2022-11-28T16:13:53","date_gmt":"2022-11-28T15:13:53","guid":{"rendered":"https:\/\/www.werbewoche.ch\/?p=190652"},"modified":"2024-11-20T07:49:32","modified_gmt":"2024-11-20T06:49:32","slug":"serviceplan-suisse-aus-conforama-wird-confo","status":"publish","type":"post","link":"https:\/\/www.organisator.ch\/fr\/marketing\/2022-11-28\/serviceplan-suisse-aus-conforama-wird-confo\/","title":{"rendered":"Serviceplan Suisse a \u00e9t\u00e9 cr\u00e9\u00e9 : Conforama devient Confo"},"content":{"rendered":"<p><img class=\"alignnone wp-image-190654 size-full\" src=\"https:\/\/www.werbewoche.ch\/wp-content\/uploads\/2022\/11\/Confo-Serviceplan.jpg\" alt=\"Conforama devient Confo\" width=\"1200\" height=\"849\" \/>Conforama devient Confo - et le magasin d'ameublement est \u00e9galement sous le signe du changement. Y compris une nouvelle image de marque, d\u00e9velopp\u00e9e et r\u00e9alis\u00e9e par Serviceplan Suisse. Un spot TV pour le sponsoring du programme de la Coupe du monde de football de la FIFA sur SRF en fait \u00e9galement partie.<\/p>\r\n<h3>\"Un logement pour tous\"<\/h3>\r\n<p>Le nom change, mais le positionnement reste le m\u00eame : Conforama est rebaptis\u00e9 Confo, mais reste fid\u00e8le au segment des discounters. L'orientation strat\u00e9gique nouvellement d\u00e9velopp\u00e9e \"L'habitat pour tous\" renforce la mission de l'entreprise - avec les offres avantageuses de Confo, toutes les personnes en Suisse doivent avoir la possibilit\u00e9 de se mettre \u00e0 l'aise chez elles, \u00e0 l'avenir \u00e9galement. Pour que le grand choix de meubles, de d\u00e9coration et d'\u00e9lectronique soit encore plus facilement accessible \u00e0 la client\u00e8le, Confo investit actuellement dans tous les domaines d'activit\u00e9 : d'une informatique modernis\u00e9e, qui permet de nouvelles possibilit\u00e9s de shopping en ligne, \u00e0 une image de marque rafra\u00eechie.<\/p>\r\n<p><\/p>\r\n<p>Apr\u00e8s que les prospectus de Confo aient \u00e9t\u00e9 dot\u00e9s d'un nouveau design, la marque rafra\u00eechie fait sa premi\u00e8re grande apparition pendant la Coupe du monde de football : Confo sponsorise le programme de la Coupe du monde de football de la FIFA sur SRF avec un spot t\u00e9l\u00e9vis\u00e9 sous le nouveau slogan de la marque \"Fais ta Confo dans la vie\". Le film montre une jeune femme en train de grandir : la petite fille qui joue \u00e0 la princesse avec son petit fr\u00e8re se transforme en une adolescente passionn\u00e9e de musique, qui devient finalement une jeune adulte avec une grande passion pour le football. Le message du film : quoi qu'il arrive, gr\u00e2ce aux prix attractifs de Confo, chaque situation de vie peut \u00eatre am\u00e9nag\u00e9e confortablement.<br \/>\r\nLa strat\u00e9gie et la gestion de la marque avec les prospectus nouvellement con\u00e7us et le TVC ont \u00e9t\u00e9 d\u00e9velopp\u00e9s et mis en \u0153uvre par Serviceplan Suisse. Le spot a \u00e9t\u00e9 produit par Pumpkin Film et r\u00e9alis\u00e9 par Kasper Wedendahl. Le film sera diffus\u00e9 sur SRF dans le cadre de la retransmission de la Coupe du monde en novembre et d\u00e9cembre 2022.<\/p>\r\n<p><\/p>\r\n<hr \/>\r\n<p><strong>Responsable chez Confo :<\/strong> Martin Koncilja (Directeur marketing et e-commerce), Ana\u00efs Sautreuil (External<br \/>\r\nCommunication &amp; Budget Manager). <strong>Responsable chez Serviceplan Suisse :<\/strong> G\u00fcnter Zumbach, Peter Liptak (concept &amp; texte), Thomas M\u00fcller, Nadja Tandler, Dylan Reed (art), Dominic Shota Schweingruber (motion design), Barbara Meier, Victor Borel (r\u00e9alisation), Carmen Aebischer (production), Constantine Wrage (producteur TV), Dominic H\u00e4uptli (conseil),<br \/>\r\nPeter Sch\u00e4fer (Chief Strategy Officer), Marcin Baba (Executive Creative Direction), Pam H\u00fcgli, Raul Serrat (responsabilit\u00e9 g\u00e9n\u00e9rale). <strong>Production de films :<\/strong> Pumpkin Film AG : Kasper Wedendahl (r\u00e9alisateur), Fabian Vettiger (DoP), Stefanie Brand (productrice ex\u00e9cutive), Flavio Karrer (photographe), Robin Fessel (Production Design \/ d\u00e9cor), Claudia Brand (postproductrice), Hastings : Riccardo Passani (enregistrements vocaux \/ sonorisation), S\u00fcdlich-t : postproduction.<\/p>\r\n<p><img class=\"alignnone size-full wp-image-190656\" src=\"https:\/\/www.werbewoche.ch\/wp-content\/uploads\/2022\/11\/Confo-Serviceplan2.jpg\" alt=\"\" width=\"1200\" height=\"849\" \/><\/p>","protected":false},"excerpt":{"rendered":"<p>Aus Conforama wird Confo \u2013 und auch sonst stehen beim M\u00f6belhaus die Zeichen auf Ver\u00e4nderung. Inklusive einem neuen Markenauftritt, entwickelt und umgesetzt von Serviceplan Suisse. Dazu geh\u00f6rt auch ein TV-Spot zum Sponsoring des FIFA Fussball-WM-Programms auf SRF. \u00abWohnen f\u00fcr alle\u00bb Der Name \u00e4ndert sich, doch die Positionierung bleibt: Conforama wird in Confo umgetauft, bleibt aber [\u2026]<\/p>\n","protected":false},"author":8,"featured_media":0,"comment_status":"closed","ping_status":"closed","sticky":false,"template":"","format":"standard","meta":{"_acf_changed":false,"_yoast_wpseo_focuskw":"Conforama wird Confo","_yoast_wpseo_metadesc":"Conforama wird zu Confo: Neuer Markenauftritt und Sponsoring der FIFA-WM 2023. \u00abWohnen f\u00fcr alle\u00bb bleibt das Motto.","articlekey":"","footnotes":""},"categories":[29],"tags":[3531],"class_list":["post-18043","post","type-post","status-publish","format-standard","hentry","category-marketing","tag-serviceplan-gruppe-schweiz"],"acf":[],"yoast_head":"<!-- This site is optimized with the Yoast SEO plugin v27.5 - https:\/\/yoast.com\/product\/yoast-seo-wordpress\/ -->\n<title>Serviceplan Suisse: Aus Conforama wird Confo - Organisator<\/title>\n<meta name=\"description\" content=\"Conforama wird zu Confo: Neuer Markenauftritt und Sponsoring der FIFA-WM 2023. \u00abWohnen f\u00fcr alle\u00bb bleibt das Motto.\" \/>\n<meta name=\"robots\" content=\"index, follow, max-snippet:-1, max-image-preview:large, max-video-preview:-1\" \/>\n<link rel=\"canonical\" href=\"https:\/\/www.organisator.ch\/fr\/marketing\/2022-11-28\/serviceplan-suisse-aus-conforama-wird-confo\/\" \/>\n<meta property=\"og:locale\" content=\"fr_FR\" \/>\n<meta property=\"og:type\" content=\"article\" \/>\n<meta property=\"og:title\" content=\"Serviceplan Suisse: Aus Conforama wird Confo - Organisator\" \/>\n<meta property=\"og:description\" content=\"Conforama wird zu Confo: Neuer Markenauftritt und Sponsoring der FIFA-WM 2023. \u00abWohnen f\u00fcr alle\u00bb bleibt das Motto.\" \/>\n<meta property=\"og:url\" content=\"https:\/\/www.organisator.ch\/fr\/marketing\/2022-11-28\/serviceplan-suisse-aus-conforama-wird-confo\/\" \/>\n<meta property=\"og:site_name\" content=\"Organisator\" \/>\n<meta property=\"article:publisher\" content=\"https:\/\/www.facebook.com\/OrganisatorFachmagazin\" \/>\n<meta property=\"article:published_time\" content=\"2022-11-28T15:13:53+00:00\" \/>\n<meta property=\"article:modified_time\" content=\"2024-11-20T06:49:32+00:00\" \/>\n<meta name=\"author\" content=\"galledia\" \/>\n<meta name=\"twitter:card\" content=\"summary_large_image\" \/>\n<meta name=\"twitter:creator\" content=\"@admin\" \/>\n<script type=\"application\/ld+json\" class=\"yoast-schema-graph\">{\"@context\":\"https:\\\/\\\/schema.org\",\"@graph\":[{\"@type\":\"Article\",\"@id\":\"https:\\\/\\\/www.organisator.ch\\\/marketing\\\/2022-11-28\\\/serviceplan-suisse-aus-conforama-wird-confo\\\/#article\",\"isPartOf\":{\"@id\":\"https:\\\/\\\/www.organisator.ch\\\/marketing\\\/2022-11-28\\\/serviceplan-suisse-aus-conforama-wird-confo\\\/\"},\"author\":{\"name\":\"galledia\",\"@id\":\"https:\\\/\\\/www.organisator.ch\\\/#\\\/schema\\\/person\\\/4e51799071cd2dd1232ac003643ef5f0\"},\"headline\":\"Serviceplan Suisse: Aus Conforama wird Confo\",\"datePublished\":\"2022-11-28T15:13:53+00:00\",\"dateModified\":\"2024-11-20T06:49:32+00:00\",\"mainEntityOfPage\":{\"@id\":\"https:\\\/\\\/www.organisator.ch\\\/marketing\\\/2022-11-28\\\/serviceplan-suisse-aus-conforama-wird-confo\\\/\"},\"wordCount\":412,\"publisher\":{\"@id\":\"https:\\\/\\\/www.organisator.ch\\\/#organization\"},\"image\":{\"@id\":\"https:\\\/\\\/www.organisator.ch\\\/marketing\\\/2022-11-28\\\/serviceplan-suisse-aus-conforama-wird-confo\\\/#primaryimage\"},\"thumbnailUrl\":\"https:\\\/\\\/www.werbewoche.ch\\\/wp-content\\\/uploads\\\/2022\\\/11\\\/Confo-Serviceplan.jpg\",\"keywords\":[\"Serviceplan Gruppe Schweiz\"],\"articleSection\":[\"MARKETING\"],\"inLanguage\":\"fr-FR\"},{\"@type\":\"WebPage\",\"@id\":\"https:\\\/\\\/www.organisator.ch\\\/marketing\\\/2022-11-28\\\/serviceplan-suisse-aus-conforama-wird-confo\\\/\",\"url\":\"https:\\\/\\\/www.organisator.ch\\\/marketing\\\/2022-11-28\\\/serviceplan-suisse-aus-conforama-wird-confo\\\/\",\"name\":\"Serviceplan Suisse: Aus Conforama wird Confo - Organisator\",\"isPartOf\":{\"@id\":\"https:\\\/\\\/www.organisator.ch\\\/#website\"},\"primaryImageOfPage\":{\"@id\":\"https:\\\/\\\/www.organisator.ch\\\/marketing\\\/2022-11-28\\\/serviceplan-suisse-aus-conforama-wird-confo\\\/#primaryimage\"},\"image\":{\"@id\":\"https:\\\/\\\/www.organisator.ch\\\/marketing\\\/2022-11-28\\\/serviceplan-suisse-aus-conforama-wird-confo\\\/#primaryimage\"},\"thumbnailUrl\":\"https:\\\/\\\/www.werbewoche.ch\\\/wp-content\\\/uploads\\\/2022\\\/11\\\/Confo-Serviceplan.jpg\",\"datePublished\":\"2022-11-28T15:13:53+00:00\",\"dateModified\":\"2024-11-20T06:49:32+00:00\",\"description\":\"Conforama wird zu Confo: Neuer Markenauftritt und Sponsoring der FIFA-WM 2023. \u00abWohnen f\u00fcr alle\u00bb bleibt das Motto.\",\"breadcrumb\":{\"@id\":\"https:\\\/\\\/www.organisator.ch\\\/marketing\\\/2022-11-28\\\/serviceplan-suisse-aus-conforama-wird-confo\\\/#breadcrumb\"},\"inLanguage\":\"fr-FR\",\"potentialAction\":[{\"@type\":\"ReadAction\",\"target\":[\"https:\\\/\\\/www.organisator.ch\\\/marketing\\\/2022-11-28\\\/serviceplan-suisse-aus-conforama-wird-confo\\\/\"]}]},{\"@type\":\"ImageObject\",\"inLanguage\":\"fr-FR\",\"@id\":\"https:\\\/\\\/www.organisator.ch\\\/marketing\\\/2022-11-28\\\/serviceplan-suisse-aus-conforama-wird-confo\\\/#primaryimage\",\"url\":\"https:\\\/\\\/www.werbewoche.ch\\\/wp-content\\\/uploads\\\/2022\\\/11\\\/Confo-Serviceplan.jpg\",\"contentUrl\":\"https:\\\/\\\/www.werbewoche.ch\\\/wp-content\\\/uploads\\\/2022\\\/11\\\/Confo-Serviceplan.jpg\"},{\"@type\":\"BreadcrumbList\",\"@id\":\"https:\\\/\\\/www.organisator.ch\\\/marketing\\\/2022-11-28\\\/serviceplan-suisse-aus-conforama-wird-confo\\\/#breadcrumb\",\"itemListElement\":[{\"@type\":\"ListItem\",\"position\":1,\"name\":\"Home\",\"item\":\"https:\\\/\\\/www.organisator.ch\\\/\"},{\"@type\":\"ListItem\",\"position\":2,\"name\":\"Serviceplan Suisse: Aus Conforama wird Confo\"}]},{\"@type\":\"WebSite\",\"@id\":\"https:\\\/\\\/www.organisator.ch\\\/#website\",\"url\":\"https:\\\/\\\/www.organisator.ch\\\/\",\"name\":\"Organisator\",\"description\":\"Kompetent. Praxisnah. Der ORGANISATOR bereitet in 10 Ausgaben pro Jahr die wesentlichen Themen f\u00fcr F\u00fchrungskr\u00e4fte von KMU auf.\",\"publisher\":{\"@id\":\"https:\\\/\\\/www.organisator.ch\\\/#organization\"},\"potentialAction\":[{\"@type\":\"SearchAction\",\"target\":{\"@type\":\"EntryPoint\",\"urlTemplate\":\"https:\\\/\\\/www.organisator.ch\\\/?s={search_term_string}\"},\"query-input\":{\"@type\":\"PropertyValueSpecification\",\"valueRequired\":true,\"valueName\":\"search_term_string\"}}],\"inLanguage\":\"fr-FR\"},{\"@type\":\"Organization\",\"@id\":\"https:\\\/\\\/www.organisator.ch\\\/#organization\",\"name\":\"Organisator\",\"url\":\"https:\\\/\\\/www.organisator.ch\\\/\",\"logo\":{\"@type\":\"ImageObject\",\"inLanguage\":\"fr-FR\",\"@id\":\"https:\\\/\\\/www.organisator.ch\\\/#\\\/schema\\\/logo\\\/image\\\/\",\"url\":\"https:\\\/\\\/www.organisator.ch\\\/wp-content\\\/uploads\\\/2022\\\/01\\\/Logo_Organisator_Website.png\",\"contentUrl\":\"https:\\\/\\\/www.organisator.ch\\\/wp-content\\\/uploads\\\/2022\\\/01\\\/Logo_Organisator_Website.png\",\"width\":800,\"height\":77,\"caption\":\"Organisator\"},\"image\":{\"@id\":\"https:\\\/\\\/www.organisator.ch\\\/#\\\/schema\\\/logo\\\/image\\\/\"},\"sameAs\":[\"https:\\\/\\\/www.facebook.com\\\/OrganisatorFachmagazin\",\"https:\\\/\\\/www.linkedin.com\\\/showcase\\\/organisator-das-magazin-fr-kmu\",\"https:\\\/\\\/www.xing.com\\\/news\\\/pages\\\/organisator-ch-695\",\"https:\\\/\\\/www.youtube.com\\\/channel\\\/UCGP2Sq0iWaZwT3BdIAQFYpw\"]},{\"@type\":\"Person\",\"@id\":\"https:\\\/\\\/www.organisator.ch\\\/#\\\/schema\\\/person\\\/4e51799071cd2dd1232ac003643ef5f0\",\"name\":\"galledia\",\"image\":{\"@type\":\"ImageObject\",\"inLanguage\":\"fr-FR\",\"@id\":\"https:\\\/\\\/secure.gravatar.com\\\/avatar\\\/78a7f90c01fc2bfc875782a0d4922b37cde2cf184ce347b91316d23cd7f69a36?s=96&d=mm&r=g\",\"url\":\"https:\\\/\\\/secure.gravatar.com\\\/avatar\\\/78a7f90c01fc2bfc875782a0d4922b37cde2cf184ce347b91316d23cd7f69a36?s=96&d=mm&r=g\",\"contentUrl\":\"https:\\\/\\\/secure.gravatar.com\\\/avatar\\\/78a7f90c01fc2bfc875782a0d4922b37cde2cf184ce347b91316d23cd7f69a36?s=96&d=mm&r=g\",\"caption\":\"galledia\"},\"sameAs\":[\"https:\\\/\\\/x.com\\\/admin\"],\"url\":\"https:\\\/\\\/www.organisator.ch\\\/fr\\\/author\\\/galledia\\\/\"}]}<\/script>\n<!-- \/ Yoast SEO plugin. -->","yoast_head_json":{"title":"Serviceplan Suisse a d\u00e9cid\u00e9 de changer de nom : Conforama devient Confo - Organisateur","description":"Conforama devient Confo : nouvelle image de marque et sponsoring de la Coupe du Monde de la FIFA 2023. \"L'habitat pour tous\" reste la devise.","robots":{"index":"index","follow":"follow","max-snippet":"max-snippet:-1","max-image-preview":"max-image-preview:large","max-video-preview":"max-video-preview:-1"},"canonical":"https:\/\/www.organisator.ch\/fr\/marketing\/2022-11-28\/serviceplan-suisse-aus-conforama-wird-confo\/","og_locale":"fr_FR","og_type":"article","og_title":"Serviceplan Suisse: Aus Conforama wird Confo - Organisator","og_description":"Conforama wird zu Confo: Neuer Markenauftritt und Sponsoring der FIFA-WM 2023. \u00abWohnen f\u00fcr alle\u00bb bleibt das Motto.","og_url":"https:\/\/www.organisator.ch\/fr\/marketing\/2022-11-28\/serviceplan-suisse-aus-conforama-wird-confo\/","og_site_name":"Organisator","article_publisher":"https:\/\/www.facebook.com\/OrganisatorFachmagazin","article_published_time":"2022-11-28T15:13:53+00:00","article_modified_time":"2024-11-20T06:49:32+00:00","author":"galledia","twitter_card":"summary_large_image","twitter_creator":"@admin","schema":{"@context":"https:\/\/schema.org","@graph":[{"@type":"Article","@id":"https:\/\/www.organisator.ch\/marketing\/2022-11-28\/serviceplan-suisse-aus-conforama-wird-confo\/#article","isPartOf":{"@id":"https:\/\/www.organisator.ch\/marketing\/2022-11-28\/serviceplan-suisse-aus-conforama-wird-confo\/"},"author":{"name":"galledia","@id":"https:\/\/www.organisator.ch\/#\/schema\/person\/4e51799071cd2dd1232ac003643ef5f0"},"headline":"Serviceplan Suisse: Aus Conforama wird Confo","datePublished":"2022-11-28T15:13:53+00:00","dateModified":"2024-11-20T06:49:32+00:00","mainEntityOfPage":{"@id":"https:\/\/www.organisator.ch\/marketing\/2022-11-28\/serviceplan-suisse-aus-conforama-wird-confo\/"},"wordCount":412,"publisher":{"@id":"https:\/\/www.organisator.ch\/#organization"},"image":{"@id":"https:\/\/www.organisator.ch\/marketing\/2022-11-28\/serviceplan-suisse-aus-conforama-wird-confo\/#primaryimage"},"thumbnailUrl":"https:\/\/www.werbewoche.ch\/wp-content\/uploads\/2022\/11\/Confo-Serviceplan.jpg","keywords":["Serviceplan Gruppe Schweiz"],"articleSection":["MARKETING"],"inLanguage":"fr-FR"},{"@type":"WebPage","@id":"https:\/\/www.organisator.ch\/marketing\/2022-11-28\/serviceplan-suisse-aus-conforama-wird-confo\/","url":"https:\/\/www.organisator.ch\/marketing\/2022-11-28\/serviceplan-suisse-aus-conforama-wird-confo\/","name":"Serviceplan Suisse a d\u00e9cid\u00e9 de changer de nom : Conforama devient Confo - Organisateur","isPartOf":{"@id":"https:\/\/www.organisator.ch\/#website"},"primaryImageOfPage":{"@id":"https:\/\/www.organisator.ch\/marketing\/2022-11-28\/serviceplan-suisse-aus-conforama-wird-confo\/#primaryimage"},"image":{"@id":"https:\/\/www.organisator.ch\/marketing\/2022-11-28\/serviceplan-suisse-aus-conforama-wird-confo\/#primaryimage"},"thumbnailUrl":"https:\/\/www.werbewoche.ch\/wp-content\/uploads\/2022\/11\/Confo-Serviceplan.jpg","datePublished":"2022-11-28T15:13:53+00:00","dateModified":"2024-11-20T06:49:32+00:00","description":"Conforama devient Confo : nouvelle image de marque et sponsoring de la Coupe du Monde de la FIFA 2023. \"L'habitat pour tous\" reste la devise.","breadcrumb":{"@id":"https:\/\/www.organisator.ch\/marketing\/2022-11-28\/serviceplan-suisse-aus-conforama-wird-confo\/#breadcrumb"},"inLanguage":"fr-FR","potentialAction":[{"@type":"ReadAction","target":["https:\/\/www.organisator.ch\/marketing\/2022-11-28\/serviceplan-suisse-aus-conforama-wird-confo\/"]}]},{"@type":"ImageObject","inLanguage":"fr-FR","@id":"https:\/\/www.organisator.ch\/marketing\/2022-11-28\/serviceplan-suisse-aus-conforama-wird-confo\/#primaryimage","url":"https:\/\/www.werbewoche.ch\/wp-content\/uploads\/2022\/11\/Confo-Serviceplan.jpg","contentUrl":"https:\/\/www.werbewoche.ch\/wp-content\/uploads\/2022\/11\/Confo-Serviceplan.jpg"},{"@type":"BreadcrumbList","@id":"https:\/\/www.organisator.ch\/marketing\/2022-11-28\/serviceplan-suisse-aus-conforama-wird-confo\/#breadcrumb","itemListElement":[{"@type":"ListItem","position":1,"name":"Home","item":"https:\/\/www.organisator.ch\/"},{"@type":"ListItem","position":2,"name":"Serviceplan Suisse: Aus Conforama wird Confo"}]},{"@type":"WebSite","@id":"https:\/\/www.organisator.ch\/#website","url":"https:\/\/www.organisator.ch\/","name":"Organisateur","description":"Comp\u00e9tence et comp\u00e9tence. Proches de la pratique. L'ORGANISATEUR pr\u00e9pare 10 num\u00e9ros par an sur les th\u00e8mes essentiels pour les dirigeants de PME.","publisher":{"@id":"https:\/\/www.organisator.ch\/#organization"},"potentialAction":[{"@type":"SearchAction","target":{"@type":"EntryPoint","urlTemplate":"https:\/\/www.organisator.ch\/?s={search_term_string}"},"query-input":{"@type":"PropertyValueSpecification","valueRequired":true,"valueName":"search_term_string"}}],"inLanguage":"fr-FR"},{"@type":"Organization","@id":"https:\/\/www.organisator.ch\/#organization","name":"Organisateur","url":"https:\/\/www.organisator.ch\/","logo":{"@type":"ImageObject","inLanguage":"fr-FR","@id":"https:\/\/www.organisator.ch\/#\/schema\/logo\/image\/","url":"https:\/\/www.organisator.ch\/wp-content\/uploads\/2022\/01\/Logo_Organisator_Website.png","contentUrl":"https:\/\/www.organisator.ch\/wp-content\/uploads\/2022\/01\/Logo_Organisator_Website.png","width":800,"height":77,"caption":"Organisator"},"image":{"@id":"https:\/\/www.organisator.ch\/#\/schema\/logo\/image\/"},"sameAs":["https:\/\/www.facebook.com\/OrganisatorFachmagazin","https:\/\/www.linkedin.com\/showcase\/organisator-das-magazin-fr-kmu","https:\/\/www.xing.com\/news\/pages\/organisator-ch-695","https:\/\/www.youtube.com\/channel\/UCGP2Sq0iWaZwT3BdIAQFYpw"]},{"@type":"Person","@id":"https:\/\/www.organisator.ch\/#\/schema\/person\/4e51799071cd2dd1232ac003643ef5f0","name":"galledia","image":{"@type":"ImageObject","inLanguage":"fr-FR","@id":"https:\/\/secure.gravatar.com\/avatar\/78a7f90c01fc2bfc875782a0d4922b37cde2cf184ce347b91316d23cd7f69a36?s=96&d=mm&r=g","url":"https:\/\/secure.gravatar.com\/avatar\/78a7f90c01fc2bfc875782a0d4922b37cde2cf184ce347b91316d23cd7f69a36?s=96&d=mm&r=g","contentUrl":"https:\/\/secure.gravatar.com\/avatar\/78a7f90c01fc2bfc875782a0d4922b37cde2cf184ce347b91316d23cd7f69a36?s=96&d=mm&r=g","caption":"galledia"},"sameAs":["https:\/\/x.com\/admin"],"url":"https:\/\/www.organisator.ch\/fr\/author\/galledia\/"}]}},"_links":{"self":[{"href":"https:\/\/www.organisator.ch\/fr\/wp-json\/wp\/v2\/posts\/18043","targetHints":{"allow":["GET"]}}],"collection":[{"href":"https:\/\/www.organisator.ch\/fr\/wp-json\/wp\/v2\/posts"}],"about":[{"href":"https:\/\/www.organisator.ch\/fr\/wp-json\/wp\/v2\/types\/post"}],"author":[{"embeddable":true,"href":"https:\/\/www.organisator.ch\/fr\/wp-json\/wp\/v2\/users\/8"}],"replies":[{"embeddable":true,"href":"https:\/\/www.organisator.ch\/fr\/wp-json\/wp\/v2\/comments?post=18043"}],"version-history":[{"count":3,"href":"https:\/\/www.organisator.ch\/fr\/wp-json\/wp\/v2\/posts\/18043\/revisions"}],"predecessor-version":[{"id":33584,"href":"https:\/\/www.organisator.ch\/fr\/wp-json\/wp\/v2\/posts\/18043\/revisions\/33584"}],"wp:attachment":[{"href":"https:\/\/www.organisator.ch\/fr\/wp-json\/wp\/v2\/media?parent=18043"}],"wp:term":[{"taxonomy":"category","embeddable":true,"href":"https:\/\/www.organisator.ch\/fr\/wp-json\/wp\/v2\/categories?post=18043"},{"taxonomy":"post_tag","embeddable":true,"href":"https:\/\/www.organisator.ch\/fr\/wp-json\/wp\/v2\/tags?post=18043"}],"curies":[{"name":"wp","href":"https:\/\/api.w.org\/{rel}","templated":true}]}}