{"id":18069,"date":"2022-11-30T11:07:58","date_gmt":"2022-11-30T10:07:58","guid":{"rendered":"https:\/\/www.organisator.ch\/?p=18069"},"modified":"2022-11-30T11:07:58","modified_gmt":"2022-11-30T10:07:58","slug":"mit-lohnabstrichen-gegen-steigende-energie-und-materialkosten","status":"publish","type":"post","link":"https:\/\/www.organisator.ch\/fr\/management\/2022-11-30\/mit-lohnabstrichen-gegen-steigende-energie-und-materialkosten\/","title":{"rendered":"Des r\u00e9ductions de salaire pour faire face \u00e0 la hausse des co\u00fbts de l'\u00e9nergie et des mat\u00e9riaux"},"content":{"rendered":"<figure id=\"attachment_18070\" aria-describedby=\"caption-attachment-18070\" style=\"width: 680px\" class=\"wp-caption alignnone\"><img loading=\"lazy\" decoding=\"async\" class=\"size-full wp-image-18070\" src=\"https:\/\/www.organisator.ch\/wp-content\/uploads\/2022\/11\/Mit-Lohnabstrichen-gegen-steigende-Energie-und-Materialkosten_Organisator.jpg\" alt=\"\" width=\"680\" height=\"420\" srcset=\"https:\/\/www.organisator.ch\/wp-content\/uploads\/2022\/11\/Mit-Lohnabstrichen-gegen-steigende-Energie-und-Materialkosten_Organisator.jpg 680w, https:\/\/www.organisator.ch\/wp-content\/uploads\/2022\/11\/Mit-Lohnabstrichen-gegen-steigende-Energie-und-Materialkosten_Organisator-18x12.jpg 18w, https:\/\/www.organisator.ch\/wp-content\/uploads\/2022\/11\/Mit-Lohnabstrichen-gegen-steigende-Energie-und-Materialkosten_Organisator-375x232.jpg 375w, https:\/\/www.organisator.ch\/wp-content\/uploads\/2022\/11\/Mit-Lohnabstrichen-gegen-steigende-Energie-und-Materialkosten_Organisator-567x350.jpg 567w\" sizes=\"auto, (max-width: 680px) 100vw, 680px\" \/><figcaption id=\"caption-attachment-18070\" class=\"wp-caption-text\">L'augmentation des co\u00fbts de l'\u00e9nergie et des mat\u00e9riaux p\u00e8se particuli\u00e8rement sur les petits commer\u00e7ants. (Graphique : SumUp)<\/figcaption><\/figure>\n<p>Dans toute l'Europe, les petits et tr\u00e8s petits commer\u00e7ants r\u00e9agissent \u00e0 l'environnement commercial difficile en prenant des mesures d'\u00e9conomie d'\u00e9nergie, en r\u00e9duisant leurs marges, en augmentant leurs prix et en diminuant leurs propres salaires. M\u00eame si beaucoup craignent une baisse de leur chiffre d'affaires pour les f\u00eates de fin d'ann\u00e9e, 83% excluent en Suisse une fermeture temporaire ou permanente de leur magasin. En effet, pour plus d'un tiers des commer\u00e7ants SumUp interrog\u00e9s, la hausse des prix de l'\u00e9nergie et des co\u00fbts des mat\u00e9riaux a l'impact le plus n\u00e9gatif sur la marche des affaires. En Suisse, les co\u00fbts de l'\u00e9nergie (39 %) causent un peu plus de soucis aux commer\u00e7ants que la hausse des co\u00fbts des mat\u00e9riaux (30 %). A cela s'ajoute le changement de comportement d'achat des clients : 36% des commer\u00e7ants ont le sentiment que les clients en Suisse ach\u00e8tent moins souvent et d\u00e9pensent moins. Ces \u00e9volutions sont \u00e9galement observ\u00e9es en Grande-Bretagne, en France, en Italie et en Allemagne.<\/p>\n<h3><strong>Les commer\u00e7ants suisses les plus positifs <\/strong><\/h3>\n<p>Avec No\u00ebl, c'est la p\u00e9riode de l'ann\u00e9e o\u00f9 le chiffre d'affaires est le plus \u00e9lev\u00e9 pour de nombreuses entreprises. En Suisse, les commer\u00e7ants sont plut\u00f4t confiants pour cette activit\u00e9 saisonni\u00e8re : un commer\u00e7ant sur six (12%) s'attend \u00e0 une augmentation de son chiffre d'affaires par rapport \u00e0 2021. Chez nos voisins et en Grande-Bretagne, ces chiffres sont nettement inf\u00e9rieurs, entre 5 et 9 %. En outre, pr\u00e8s de la moiti\u00e9 des petits et tr\u00e8s petits commer\u00e7ants de ces pays s'attendent \u00e0 une baisse de leur chiffre d'affaires. Un tiers des commer\u00e7ants SumUp suisses ne ressentent pas d'augmentation du niveau de stress - il en va tout autrement en Italie, o\u00f9 80% des participants \u00e0 l'enqu\u00eate consid\u00e8rent la situation actuelle comme stressante. Pour r\u00e9duire le stress, les commer\u00e7ants europ\u00e9ens misent beaucoup sur le yoga ou la m\u00e9ditation (env. 20%) et passent plus de temps avec leur famille et leurs amis (env. 20%). Les Britanniques font le plus souvent appel \u00e0 un soutien professionnel sous forme d'aide psychologique (9,5%) et les Allemands le moins (2,8%). La Suisse se situe dans la moyenne europ\u00e9enne avec 7%.<\/p>\n<h3><strong>Comment les commer\u00e7ants en Suisse et en Europe font face aux d\u00e9fis<\/strong><\/h3>\n<p>En Suisse, 47% des personnes interrog\u00e9es veulent continuer \u00e0 r\u00e9duire leur consommation d'\u00e9nergie. Il en va de m\u00eame en Allemagne (47%) et en Italie (39%), tandis qu'en Grande-Bretagne (31%) et en France (29%), les \u00e9conomies d'\u00e9nergie sont moins importantes. Les entreprises suisses sont les plus dispos\u00e9es en Europe \u00e0 r\u00e9duire \u00e9galement leurs propres co\u00fbts salariaux : 28% citent cette option d'\u00e9conomie. Cette volont\u00e9 est \u00e9galement forte en France (24%) et en Grande-Bretagne (26%), mais un peu plus faible en Allemagne (18%) et en Italie (15%). En outre, pr\u00e8s d'un tiers de tous les commer\u00e7ants europ\u00e9ens se voient contraints de r\u00e9duire leurs marges - en Suisse, la valeur est clairement inf\u00e9rieure avec 21%. Mais les petits et tr\u00e8s petits commer\u00e7ants europ\u00e9ens ne pourront pas non plus se passer d'une r\u00e9percussion des prix sur la client\u00e8le : en moyenne, deux cinqui\u00e8mes des personnes interrog\u00e9es pr\u00e9voient d'augmenter leurs prix, en Allemagne m\u00eame plus de la moiti\u00e9 (52%).<\/p>\n<p><em>Source : <a href=\"http:\/\/www.sumup.ch\">Sumup<\/a><\/em><\/p>","protected":false},"excerpt":{"rendered":"<p>Mit Energiesparmassnahmen, Einbussen bei den Margen, Preiserh\u00f6hungen sowie K\u00fcrzungen des eigenen Lohns reagieren Klein- und Kleinsth\u00e4ndler europaweit auf das schwierige Gesch\u00e4ftsumfeld. Auch wenn viele f\u00fcr das Weihnachtsgesch\u00e4ft einen Umsatzr\u00fcckgang bef\u00fcrchten, schliessen in der Schweiz 83% eine tempor\u00e4re oder permanente Gesch\u00e4ftsschliessung aus. Denn f\u00fcr \u00fcber einen Drittel der befragten SumUp-H\u00e4ndler haben die steigenden Energiepreise und Materialkosten [&hellip;]<\/p>\n","protected":false},"author":4,"featured_media":18070,"comment_status":"closed","ping_status":"closed","sticky":false,"template":"","format":"standard","meta":{"_acf_changed":false,"_yoast_wpseo_focuskw":"Energie- und Materialkosten","_yoast_wpseo_metadesc":"Steigende Energie- und Materialkosten bereiten den H\u00e4ndlern in Europa Sorgen. Dies zeigt eine Umfrage eines Finanztechnologie-Anbieters.","articlekey":"","footnotes":""},"categories":[28],"tags":[1069,248,335,487],"class_list":["post-18069","post","type-post","status-publish","format-standard","has-post-thumbnail","hentry","category-management","tag-energiekosten","tag-handel","tag-management-und-unternehmensfuehrung","tag-umfrage"],"acf":[],"yoast_head":"<!-- This site is optimized with the Yoast SEO plugin v27.5 - https:\/\/yoast.com\/product\/yoast-seo-wordpress\/ -->\n<title>Mit Lohnabstrichen gegen steigende Energie- und Materialkosten - Organisator<\/title>\n<meta name=\"description\" content=\"Steigende Energie- und Materialkosten bereiten den H\u00e4ndlern in Europa Sorgen. Dies zeigt eine Umfrage eines Finanztechnologie-Anbieters.\" \/>\n<meta name=\"robots\" content=\"index, follow, max-snippet:-1, max-image-preview:large, max-video-preview:-1\" \/>\n<link rel=\"canonical\" href=\"https:\/\/www.organisator.ch\/fr\/gestion-2\/2022-11-30\/mit-lohnabstrichen-gegen-steigende-energie-und-materialkosten\/\" \/>\n<meta property=\"og:locale\" content=\"fr_FR\" \/>\n<meta property=\"og:type\" content=\"article\" \/>\n<meta property=\"og:title\" content=\"Mit Lohnabstrichen gegen steigende Energie- und Materialkosten\" \/>\n<meta property=\"og:description\" content=\"Steigende Energie- und Materialkosten bereiten den H\u00e4ndlern in Europa Sorgen. Dies zeigt eine Umfrage eines Finanztechnologie-Anbieters.\" \/>\n<meta property=\"og:url\" content=\"https:\/\/www.organisator.ch\/fr\/gestion-2\/2022-11-30\/mit-lohnabstrichen-gegen-steigende-energie-und-materialkosten\/\" \/>\n<meta property=\"og:site_name\" content=\"Organisator\" \/>\n<meta property=\"article:publisher\" content=\"https:\/\/www.facebook.com\/OrganisatorFachmagazin\" \/>\n<meta property=\"article:published_time\" content=\"2022-11-30T10:07:58+00:00\" \/>\n<meta property=\"og:image\" content=\"https:\/\/www.organisator.ch\/wp-content\/uploads\/2022\/11\/Mit-Lohnabstrichen-gegen-steigende-Energie-und-Materialkosten_Organisator.jpg\" \/>\n\t<meta property=\"og:image:width\" content=\"680\" \/>\n\t<meta property=\"og:image:height\" content=\"420\" \/>\n\t<meta property=\"og:image:type\" content=\"image\/jpeg\" \/>\n<meta name=\"author\" content=\"thomas.berner\" \/>\n<meta name=\"twitter:card\" content=\"summary_large_image\" \/>\n<meta name=\"twitter:title\" content=\"Mit #Lohnabstrichen gegen steigende Energie- und #Materialkosten\" \/>\n<meta name=\"twitter:description\" content=\"Steigende Energie- und #Materialkosten bereiten den H\u00e4ndlern in Europa Sorgen. Dies zeigt eine Umfrage eines #Finanztechnologie-Anbieters.\" \/>\n<meta name=\"twitter:image\" content=\"https:\/\/www.organisator.ch\/wp-content\/uploads\/2022\/11\/Mit-Lohnabstrichen-gegen-steigende-Energie-und-Materialkosten_Organisator.jpg\" \/>\n<script type=\"application\/ld+json\" class=\"yoast-schema-graph\">{\"@context\":\"https:\\\/\\\/schema.org\",\"@graph\":[{\"@type\":\"Article\",\"@id\":\"https:\\\/\\\/www.organisator.ch\\\/management\\\/2022-11-30\\\/mit-lohnabstrichen-gegen-steigende-energie-und-materialkosten\\\/#article\",\"isPartOf\":{\"@id\":\"https:\\\/\\\/www.organisator.ch\\\/management\\\/2022-11-30\\\/mit-lohnabstrichen-gegen-steigende-energie-und-materialkosten\\\/\"},\"author\":{\"name\":\"thomas.berner\",\"@id\":\"https:\\\/\\\/www.organisator.ch\\\/#\\\/schema\\\/person\\\/6f650f90b2842cd4c0cc334b4e36f67e\"},\"headline\":\"Mit Lohnabstrichen gegen steigende Energie- und Materialkosten\",\"datePublished\":\"2022-11-30T10:07:58+00:00\",\"mainEntityOfPage\":{\"@id\":\"https:\\\/\\\/www.organisator.ch\\\/management\\\/2022-11-30\\\/mit-lohnabstrichen-gegen-steigende-energie-und-materialkosten\\\/\"},\"wordCount\":465,\"publisher\":{\"@id\":\"https:\\\/\\\/www.organisator.ch\\\/#organization\"},\"image\":{\"@id\":\"https:\\\/\\\/www.organisator.ch\\\/management\\\/2022-11-30\\\/mit-lohnabstrichen-gegen-steigende-energie-und-materialkosten\\\/#primaryimage\"},\"thumbnailUrl\":\"https:\\\/\\\/www.organisator.ch\\\/wp-content\\\/uploads\\\/2022\\\/11\\\/Mit-Lohnabstrichen-gegen-steigende-Energie-und-Materialkosten_Organisator.jpg\",\"keywords\":[\"Energiekosten\",\"Handel\",\"Management und Unternehmensf\u00fchrung\",\"Umfrage\"],\"articleSection\":[\"MANAGEMENT\"],\"inLanguage\":\"fr-FR\"},{\"@type\":\"WebPage\",\"@id\":\"https:\\\/\\\/www.organisator.ch\\\/management\\\/2022-11-30\\\/mit-lohnabstrichen-gegen-steigende-energie-und-materialkosten\\\/\",\"url\":\"https:\\\/\\\/www.organisator.ch\\\/management\\\/2022-11-30\\\/mit-lohnabstrichen-gegen-steigende-energie-und-materialkosten\\\/\",\"name\":\"Mit Lohnabstrichen gegen steigende Energie- und Materialkosten - Organisator\",\"isPartOf\":{\"@id\":\"https:\\\/\\\/www.organisator.ch\\\/#website\"},\"primaryImageOfPage\":{\"@id\":\"https:\\\/\\\/www.organisator.ch\\\/management\\\/2022-11-30\\\/mit-lohnabstrichen-gegen-steigende-energie-und-materialkosten\\\/#primaryimage\"},\"image\":{\"@id\":\"https:\\\/\\\/www.organisator.ch\\\/management\\\/2022-11-30\\\/mit-lohnabstrichen-gegen-steigende-energie-und-materialkosten\\\/#primaryimage\"},\"thumbnailUrl\":\"https:\\\/\\\/www.organisator.ch\\\/wp-content\\\/uploads\\\/2022\\\/11\\\/Mit-Lohnabstrichen-gegen-steigende-Energie-und-Materialkosten_Organisator.jpg\",\"datePublished\":\"2022-11-30T10:07:58+00:00\",\"description\":\"Steigende Energie- und Materialkosten bereiten den H\u00e4ndlern in Europa Sorgen. Dies zeigt eine Umfrage eines Finanztechnologie-Anbieters.\",\"breadcrumb\":{\"@id\":\"https:\\\/\\\/www.organisator.ch\\\/management\\\/2022-11-30\\\/mit-lohnabstrichen-gegen-steigende-energie-und-materialkosten\\\/#breadcrumb\"},\"inLanguage\":\"fr-FR\",\"potentialAction\":[{\"@type\":\"ReadAction\",\"target\":[\"https:\\\/\\\/www.organisator.ch\\\/management\\\/2022-11-30\\\/mit-lohnabstrichen-gegen-steigende-energie-und-materialkosten\\\/\"]}]},{\"@type\":\"ImageObject\",\"inLanguage\":\"fr-FR\",\"@id\":\"https:\\\/\\\/www.organisator.ch\\\/management\\\/2022-11-30\\\/mit-lohnabstrichen-gegen-steigende-energie-und-materialkosten\\\/#primaryimage\",\"url\":\"https:\\\/\\\/www.organisator.ch\\\/wp-content\\\/uploads\\\/2022\\\/11\\\/Mit-Lohnabstrichen-gegen-steigende-Energie-und-Materialkosten_Organisator.jpg\",\"contentUrl\":\"https:\\\/\\\/www.organisator.ch\\\/wp-content\\\/uploads\\\/2022\\\/11\\\/Mit-Lohnabstrichen-gegen-steigende-Energie-und-Materialkosten_Organisator.jpg\",\"width\":680,\"height\":420,\"caption\":\"Steigende Energie- und Materialkosten belasten kleine H\u00e4ndler besonders. (Grafik: SumUp)\"},{\"@type\":\"BreadcrumbList\",\"@id\":\"https:\\\/\\\/www.organisator.ch\\\/management\\\/2022-11-30\\\/mit-lohnabstrichen-gegen-steigende-energie-und-materialkosten\\\/#breadcrumb\",\"itemListElement\":[{\"@type\":\"ListItem\",\"position\":1,\"name\":\"Home\",\"item\":\"https:\\\/\\\/www.organisator.ch\\\/\"},{\"@type\":\"ListItem\",\"position\":2,\"name\":\"Mit Lohnabstrichen gegen steigende Energie- und Materialkosten\"}]},{\"@type\":\"WebSite\",\"@id\":\"https:\\\/\\\/www.organisator.ch\\\/#website\",\"url\":\"https:\\\/\\\/www.organisator.ch\\\/\",\"name\":\"Organisator\",\"description\":\"Kompetent. Praxisnah. Der ORGANISATOR bereitet in 10 Ausgaben pro Jahr die wesentlichen Themen f\u00fcr F\u00fchrungskr\u00e4fte von KMU auf.\",\"publisher\":{\"@id\":\"https:\\\/\\\/www.organisator.ch\\\/#organization\"},\"potentialAction\":[{\"@type\":\"SearchAction\",\"target\":{\"@type\":\"EntryPoint\",\"urlTemplate\":\"https:\\\/\\\/www.organisator.ch\\\/?s={search_term_string}\"},\"query-input\":{\"@type\":\"PropertyValueSpecification\",\"valueRequired\":true,\"valueName\":\"search_term_string\"}}],\"inLanguage\":\"fr-FR\"},{\"@type\":\"Organization\",\"@id\":\"https:\\\/\\\/www.organisator.ch\\\/#organization\",\"name\":\"Organisator\",\"url\":\"https:\\\/\\\/www.organisator.ch\\\/\",\"logo\":{\"@type\":\"ImageObject\",\"inLanguage\":\"fr-FR\",\"@id\":\"https:\\\/\\\/www.organisator.ch\\\/#\\\/schema\\\/logo\\\/image\\\/\",\"url\":\"https:\\\/\\\/www.organisator.ch\\\/wp-content\\\/uploads\\\/2022\\\/01\\\/Logo_Organisator_Website.png\",\"contentUrl\":\"https:\\\/\\\/www.organisator.ch\\\/wp-content\\\/uploads\\\/2022\\\/01\\\/Logo_Organisator_Website.png\",\"width\":800,\"height\":77,\"caption\":\"Organisator\"},\"image\":{\"@id\":\"https:\\\/\\\/www.organisator.ch\\\/#\\\/schema\\\/logo\\\/image\\\/\"},\"sameAs\":[\"https:\\\/\\\/www.facebook.com\\\/OrganisatorFachmagazin\",\"https:\\\/\\\/www.linkedin.com\\\/showcase\\\/organisator-das-magazin-fr-kmu\",\"https:\\\/\\\/www.xing.com\\\/news\\\/pages\\\/organisator-ch-695\",\"https:\\\/\\\/www.youtube.com\\\/channel\\\/UCGP2Sq0iWaZwT3BdIAQFYpw\"]},{\"@type\":\"Person\",\"@id\":\"https:\\\/\\\/www.organisator.ch\\\/#\\\/schema\\\/person\\\/6f650f90b2842cd4c0cc334b4e36f67e\",\"name\":\"thomas.berner\",\"image\":{\"@type\":\"ImageObject\",\"inLanguage\":\"fr-FR\",\"@id\":\"https:\\\/\\\/secure.gravatar.com\\\/avatar\\\/ac5001d2a36cb6c6cd3e50789007ffca834b477b74a2144564522e944eabff61?s=96&d=mm&r=g\",\"url\":\"https:\\\/\\\/secure.gravatar.com\\\/avatar\\\/ac5001d2a36cb6c6cd3e50789007ffca834b477b74a2144564522e944eabff61?s=96&d=mm&r=g\",\"contentUrl\":\"https:\\\/\\\/secure.gravatar.com\\\/avatar\\\/ac5001d2a36cb6c6cd3e50789007ffca834b477b74a2144564522e944eabff61?s=96&d=mm&r=g\",\"caption\":\"thomas.berner\"},\"url\":\"https:\\\/\\\/www.organisator.ch\\\/fr\\\/author\\\/thomas-berner\\\/\"}]}<\/script>\n<!-- \/ Yoast SEO plugin. -->","yoast_head_json":{"title":"R\u00e9duire les salaires pour faire face \u00e0 la hausse des co\u00fbts de l'\u00e9nergie et des mat\u00e9riaux - Organisateur","description":"L'augmentation des co\u00fbts de l'\u00e9nergie et des mat\u00e9riaux pr\u00e9occupe les commer\u00e7ants en Europe. C'est ce que r\u00e9v\u00e8le une enqu\u00eate r\u00e9alis\u00e9e par un fournisseur de technologies financi\u00e8res.","robots":{"index":"index","follow":"follow","max-snippet":"max-snippet:-1","max-image-preview":"max-image-preview:large","max-video-preview":"max-video-preview:-1"},"canonical":"https:\/\/www.organisator.ch\/fr\/gestion-2\/2022-11-30\/mit-lohnabstrichen-gegen-steigende-energie-und-materialkosten\/","og_locale":"fr_FR","og_type":"article","og_title":"Mit Lohnabstrichen gegen steigende Energie- und Materialkosten","og_description":"Steigende Energie- und Materialkosten bereiten den H\u00e4ndlern in Europa Sorgen. Dies zeigt eine Umfrage eines Finanztechnologie-Anbieters.","og_url":"https:\/\/www.organisator.ch\/fr\/gestion-2\/2022-11-30\/mit-lohnabstrichen-gegen-steigende-energie-und-materialkosten\/","og_site_name":"Organisator","article_publisher":"https:\/\/www.facebook.com\/OrganisatorFachmagazin","article_published_time":"2022-11-30T10:07:58+00:00","og_image":[{"width":680,"height":420,"url":"https:\/\/www.organisator.ch\/wp-content\/uploads\/2022\/11\/Mit-Lohnabstrichen-gegen-steigende-Energie-und-Materialkosten_Organisator.jpg","type":"image\/jpeg"}],"author":"thomas.berner","twitter_card":"summary_large_image","twitter_title":"Mit #Lohnabstrichen gegen steigende Energie- und #Materialkosten","twitter_description":"Steigende Energie- und #Materialkosten bereiten den H\u00e4ndlern in Europa Sorgen. Dies zeigt eine Umfrage eines #Finanztechnologie-Anbieters.","twitter_image":"https:\/\/www.organisator.ch\/wp-content\/uploads\/2022\/11\/Mit-Lohnabstrichen-gegen-steigende-Energie-und-Materialkosten_Organisator.jpg","schema":{"@context":"https:\/\/schema.org","@graph":[{"@type":"Article","@id":"https:\/\/www.organisator.ch\/management\/2022-11-30\/mit-lohnabstrichen-gegen-steigende-energie-und-materialkosten\/#article","isPartOf":{"@id":"https:\/\/www.organisator.ch\/management\/2022-11-30\/mit-lohnabstrichen-gegen-steigende-energie-und-materialkosten\/"},"author":{"name":"thomas.berner","@id":"https:\/\/www.organisator.ch\/#\/schema\/person\/6f650f90b2842cd4c0cc334b4e36f67e"},"headline":"Mit Lohnabstrichen gegen steigende Energie- und Materialkosten","datePublished":"2022-11-30T10:07:58+00:00","mainEntityOfPage":{"@id":"https:\/\/www.organisator.ch\/management\/2022-11-30\/mit-lohnabstrichen-gegen-steigende-energie-und-materialkosten\/"},"wordCount":465,"publisher":{"@id":"https:\/\/www.organisator.ch\/#organization"},"image":{"@id":"https:\/\/www.organisator.ch\/management\/2022-11-30\/mit-lohnabstrichen-gegen-steigende-energie-und-materialkosten\/#primaryimage"},"thumbnailUrl":"https:\/\/www.organisator.ch\/wp-content\/uploads\/2022\/11\/Mit-Lohnabstrichen-gegen-steigende-Energie-und-Materialkosten_Organisator.jpg","keywords":["Energiekosten","Handel","Management und Unternehmensf\u00fchrung","Umfrage"],"articleSection":["MANAGEMENT"],"inLanguage":"fr-FR"},{"@type":"WebPage","@id":"https:\/\/www.organisator.ch\/management\/2022-11-30\/mit-lohnabstrichen-gegen-steigende-energie-und-materialkosten\/","url":"https:\/\/www.organisator.ch\/management\/2022-11-30\/mit-lohnabstrichen-gegen-steigende-energie-und-materialkosten\/","name":"R\u00e9duire les salaires pour faire face \u00e0 la hausse des co\u00fbts de l'\u00e9nergie et des mat\u00e9riaux - Organisateur","isPartOf":{"@id":"https:\/\/www.organisator.ch\/#website"},"primaryImageOfPage":{"@id":"https:\/\/www.organisator.ch\/management\/2022-11-30\/mit-lohnabstrichen-gegen-steigende-energie-und-materialkosten\/#primaryimage"},"image":{"@id":"https:\/\/www.organisator.ch\/management\/2022-11-30\/mit-lohnabstrichen-gegen-steigende-energie-und-materialkosten\/#primaryimage"},"thumbnailUrl":"https:\/\/www.organisator.ch\/wp-content\/uploads\/2022\/11\/Mit-Lohnabstrichen-gegen-steigende-Energie-und-Materialkosten_Organisator.jpg","datePublished":"2022-11-30T10:07:58+00:00","description":"L'augmentation des co\u00fbts de l'\u00e9nergie et des mat\u00e9riaux pr\u00e9occupe les commer\u00e7ants en Europe. C'est ce que r\u00e9v\u00e8le une enqu\u00eate r\u00e9alis\u00e9e par un fournisseur de technologies financi\u00e8res.","breadcrumb":{"@id":"https:\/\/www.organisator.ch\/management\/2022-11-30\/mit-lohnabstrichen-gegen-steigende-energie-und-materialkosten\/#breadcrumb"},"inLanguage":"fr-FR","potentialAction":[{"@type":"ReadAction","target":["https:\/\/www.organisator.ch\/management\/2022-11-30\/mit-lohnabstrichen-gegen-steigende-energie-und-materialkosten\/"]}]},{"@type":"ImageObject","inLanguage":"fr-FR","@id":"https:\/\/www.organisator.ch\/management\/2022-11-30\/mit-lohnabstrichen-gegen-steigende-energie-und-materialkosten\/#primaryimage","url":"https:\/\/www.organisator.ch\/wp-content\/uploads\/2022\/11\/Mit-Lohnabstrichen-gegen-steigende-Energie-und-Materialkosten_Organisator.jpg","contentUrl":"https:\/\/www.organisator.ch\/wp-content\/uploads\/2022\/11\/Mit-Lohnabstrichen-gegen-steigende-Energie-und-Materialkosten_Organisator.jpg","width":680,"height":420,"caption":"Steigende Energie- und Materialkosten belasten kleine H\u00e4ndler besonders. (Grafik: SumUp)"},{"@type":"BreadcrumbList","@id":"https:\/\/www.organisator.ch\/management\/2022-11-30\/mit-lohnabstrichen-gegen-steigende-energie-und-materialkosten\/#breadcrumb","itemListElement":[{"@type":"ListItem","position":1,"name":"Home","item":"https:\/\/www.organisator.ch\/"},{"@type":"ListItem","position":2,"name":"Mit Lohnabstrichen gegen steigende Energie- und Materialkosten"}]},{"@type":"WebSite","@id":"https:\/\/www.organisator.ch\/#website","url":"https:\/\/www.organisator.ch\/","name":"Organisateur","description":"Comp\u00e9tence et comp\u00e9tence. Proches de la pratique. L'ORGANISATEUR pr\u00e9pare 10 num\u00e9ros par an sur les th\u00e8mes essentiels pour les dirigeants de PME.","publisher":{"@id":"https:\/\/www.organisator.ch\/#organization"},"potentialAction":[{"@type":"SearchAction","target":{"@type":"EntryPoint","urlTemplate":"https:\/\/www.organisator.ch\/?s={search_term_string}"},"query-input":{"@type":"PropertyValueSpecification","valueRequired":true,"valueName":"search_term_string"}}],"inLanguage":"fr-FR"},{"@type":"Organization","@id":"https:\/\/www.organisator.ch\/#organization","name":"Organisateur","url":"https:\/\/www.organisator.ch\/","logo":{"@type":"ImageObject","inLanguage":"fr-FR","@id":"https:\/\/www.organisator.ch\/#\/schema\/logo\/image\/","url":"https:\/\/www.organisator.ch\/wp-content\/uploads\/2022\/01\/Logo_Organisator_Website.png","contentUrl":"https:\/\/www.organisator.ch\/wp-content\/uploads\/2022\/01\/Logo_Organisator_Website.png","width":800,"height":77,"caption":"Organisator"},"image":{"@id":"https:\/\/www.organisator.ch\/#\/schema\/logo\/image\/"},"sameAs":["https:\/\/www.facebook.com\/OrganisatorFachmagazin","https:\/\/www.linkedin.com\/showcase\/organisator-das-magazin-fr-kmu","https:\/\/www.xing.com\/news\/pages\/organisator-ch-695","https:\/\/www.youtube.com\/channel\/UCGP2Sq0iWaZwT3BdIAQFYpw"]},{"@type":"Person","@id":"https:\/\/www.organisator.ch\/#\/schema\/person\/6f650f90b2842cd4c0cc334b4e36f67e","name":"thomas.berner","image":{"@type":"ImageObject","inLanguage":"fr-FR","@id":"https:\/\/secure.gravatar.com\/avatar\/ac5001d2a36cb6c6cd3e50789007ffca834b477b74a2144564522e944eabff61?s=96&d=mm&r=g","url":"https:\/\/secure.gravatar.com\/avatar\/ac5001d2a36cb6c6cd3e50789007ffca834b477b74a2144564522e944eabff61?s=96&d=mm&r=g","contentUrl":"https:\/\/secure.gravatar.com\/avatar\/ac5001d2a36cb6c6cd3e50789007ffca834b477b74a2144564522e944eabff61?s=96&d=mm&r=g","caption":"thomas.berner"},"url":"https:\/\/www.organisator.ch\/fr\/author\/thomas-berner\/"}]}},"_links":{"self":[{"href":"https:\/\/www.organisator.ch\/fr\/wp-json\/wp\/v2\/posts\/18069","targetHints":{"allow":["GET"]}}],"collection":[{"href":"https:\/\/www.organisator.ch\/fr\/wp-json\/wp\/v2\/posts"}],"about":[{"href":"https:\/\/www.organisator.ch\/fr\/wp-json\/wp\/v2\/types\/post"}],"author":[{"embeddable":true,"href":"https:\/\/www.organisator.ch\/fr\/wp-json\/wp\/v2\/users\/4"}],"replies":[{"embeddable":true,"href":"https:\/\/www.organisator.ch\/fr\/wp-json\/wp\/v2\/comments?post=18069"}],"version-history":[{"count":1,"href":"https:\/\/www.organisator.ch\/fr\/wp-json\/wp\/v2\/posts\/18069\/revisions"}],"predecessor-version":[{"id":18071,"href":"https:\/\/www.organisator.ch\/fr\/wp-json\/wp\/v2\/posts\/18069\/revisions\/18071"}],"wp:featuredmedia":[{"embeddable":true,"href":"https:\/\/www.organisator.ch\/fr\/wp-json\/wp\/v2\/media\/18070"}],"wp:attachment":[{"href":"https:\/\/www.organisator.ch\/fr\/wp-json\/wp\/v2\/media?parent=18069"}],"wp:term":[{"taxonomy":"category","embeddable":true,"href":"https:\/\/www.organisator.ch\/fr\/wp-json\/wp\/v2\/categories?post=18069"},{"taxonomy":"post_tag","embeddable":true,"href":"https:\/\/www.organisator.ch\/fr\/wp-json\/wp\/v2\/tags?post=18069"}],"curies":[{"name":"wp","href":"https:\/\/api.w.org\/{rel}","templated":true}]}}