{"id":18072,"date":"2022-11-30T11:29:01","date_gmt":"2022-11-30T10:29:01","guid":{"rendered":"https:\/\/www.organisator.ch\/?p=18072"},"modified":"2022-11-30T11:29:01","modified_gmt":"2022-11-30T10:29:01","slug":"michael-yang-wird-neuer-chef-von-huawei-in-der-schweiz","status":"publish","type":"post","link":"https:\/\/www.organisator.ch\/fr\/management\/2022-11-30\/michael-yang-wird-neuer-chef-von-huawei-in-der-schweiz\/","title":{"rendered":"Michael Yang sera le nouveau patron de Huawei en Suisse"},"content":{"rendered":"<figure id=\"attachment_18073\" aria-describedby=\"caption-attachment-18073\" style=\"width: 680px\" class=\"wp-caption alignnone\"><img loading=\"lazy\" decoding=\"async\" class=\"size-full wp-image-18073\" src=\"https:\/\/www.organisator.ch\/wp-content\/uploads\/2022\/11\/Michael-Yang-wird-neuer-Chef-von-Huawei-in-der-Schweiz_Organisator.jpg\" alt=\"\" width=\"680\" height=\"440\" srcset=\"https:\/\/www.organisator.ch\/wp-content\/uploads\/2022\/11\/Michael-Yang-wird-neuer-Chef-von-Huawei-in-der-Schweiz_Organisator.jpg 680w, https:\/\/www.organisator.ch\/wp-content\/uploads\/2022\/11\/Michael-Yang-wird-neuer-Chef-von-Huawei-in-der-Schweiz_Organisator-18x12.jpg 18w, https:\/\/www.organisator.ch\/wp-content\/uploads\/2022\/11\/Michael-Yang-wird-neuer-Chef-von-Huawei-in-der-Schweiz_Organisator-375x243.jpg 375w, https:\/\/www.organisator.ch\/wp-content\/uploads\/2022\/11\/Michael-Yang-wird-neuer-Chef-von-Huawei-in-der-Schweiz_Organisator-541x350.jpg 541w\" sizes=\"auto, (max-width: 680px) 100vw, 680px\" \/><figcaption id=\"caption-attachment-18073\" class=\"wp-caption-text\">Devient le nouveau CEO de Huawei en Suisse : Michael Yang. (Image : Huawei)<\/figcaption><\/figure>\n<p>Le nouveau CEO de Huawei Technologies Switzerland s'appelle Michael Yang. Pour cette nouvelle fonction, il passe de l'Allemagne \u00e0 la Suisse : Michael Yang dirigeait jusqu'\u00e0 pr\u00e9sent le bureau de la capitale de Huawei \u00e0 Berlin en tant que Chief Representative et \u00e9tait \u00e0 ce titre responsable des relations gouvernementales, de la communication et des activit\u00e9s telles que le Huawei Cyber Security Innovation Lab \u00e0 Bonn ainsi que le Huawei Digital Competence Center \u00e0 Sarrebruck.<\/p>\n<p>Michael Yang a d\u00e9j\u00e0 acquis de l'exp\u00e9rience dans la direction de soci\u00e9t\u00e9s nationales Huawei aux Pays-Bas et en Afrique de l'Ouest, selon le fournisseur de technologies de l'information et de solutions de t\u00e9l\u00e9communications. Au cours de sa carri\u00e8re professionnelle de plus de 14 ans chez Huawei, il a d\u00e9j\u00e0 occup\u00e9 de nombreux autres postes de direction ; il a notamment \u00e9t\u00e9 directeur g\u00e9n\u00e9ral du grand client Deutsche Telekom pendant plus de quatre ans. Apr\u00e8s avoir obtenu son dipl\u00f4me \u00e0 la Bejing Foreign Studies University, il a d\u00e9but\u00e9 comme Account Service Manager chez Motorola.<\/p>\n<p>Michael Yang se r\u00e9jouit de sa nouvelle mission : \"Huawei est solidement ancr\u00e9e en Suisse depuis bient\u00f4t 15 ans et entretient d'excellentes relations avec des clients renomm\u00e9s et des partenaires loyaux dans nos diff\u00e9rents secteurs d'activit\u00e9. Je suis tr\u00e8s confiant dans le fait que nous pouvons contribuer encore davantage \u00e0 la num\u00e9risation, \u00e0 l'innovation et \u00e0 la durabilit\u00e9 de la Suisse avec nos solutions actuelles et de nombreuses nouvelles technologies intelligentes. Cela fait de Huawei non seulement un investisseur, mais aussi un partenaire qui permet d'innover, de prot\u00e9ger l'environnement et d'\u00e9conomiser de l'\u00e9nergie, et qui apporte une contribution \u00e0 de nombreux m\u00e9nages, entreprises, institutions et organisations dans une multitude de secteurs en Suisse\", se fait-il citer par le CEO d\u00e9sign\u00e9.<\/p>\n<p>Depuis 2008, Huawei a son si\u00e8ge suisse \u00e0 Liebefeld (Berne) et entretient depuis 2012 d'autres bureaux \u00e0 D\u00fcbendorf, Oerlikon (Zurich) et Lausanne. Actuellement, Huawei Suisse compte plus de 400 employ\u00e9s de plus de 30 nationalit\u00e9s diff\u00e9rentes. Huawei collabore avec tous les grands op\u00e9rateurs de t\u00e9l\u00e9communications suisses et est \u00e9galement actif dans le domaine des entreprises et des consommateurs.<\/p>\n<p><em>Source : <a href=\"https:\/\/www.huawei.com\/ch-en\/\">Huawei<\/a><\/em><\/p>","protected":false},"excerpt":{"rendered":"<p>Der neue CEO von Huawei Technologies Switzerland heisst Michael Yang. F\u00fcr diese neue Aufgabe wechselt er von Deutschland in die Schweiz: Michael Yang leitete bis anhin als Chief Representative das Hauptstadtb\u00fcro von Huawei in Berlin und war in dieser Funktion f\u00fcr Government Relations, Kommunikation und Aktivit\u00e4ten wie das Huawei Cyber Security Innovation Lab in Bonn [&hellip;]<\/p>\n","protected":false},"author":4,"featured_media":0,"comment_status":"closed","ping_status":"closed","sticky":false,"template":"","format":"standard","meta":{"_acf_changed":false,"_yoast_wpseo_focuskw":"Michael Yang","_yoast_wpseo_metadesc":"Michael Yang \u00fcbernimmt als neuer CEO die F\u00fchrung der hiesigen Landesgesellschaft des weltweit agierenden Technologieausr\u00fcsters.","articlekey":"","footnotes":""},"categories":[28],"tags":[286,335,381,479],"class_list":["post-18072","post","type-post","status-publish","format-standard","hentry","category-management","tag-it","tag-management-und-unternehmensfuehrung","tag-personalia","tag-telekommunikation"],"acf":[],"yoast_head":"<!-- This site is optimized with the Yoast SEO plugin v27.5 - https:\/\/yoast.com\/product\/yoast-seo-wordpress\/ -->\n<title>Michael Yang wird neuer Chef von Huawei in der Schweiz - Organisator<\/title>\n<meta name=\"description\" content=\"Michael Yang \u00fcbernimmt als neuer CEO die F\u00fchrung der hiesigen Landesgesellschaft des weltweit agierenden Technologieausr\u00fcsters.\" \/>\n<meta name=\"robots\" content=\"index, follow, max-snippet:-1, max-image-preview:large, max-video-preview:-1\" \/>\n<link rel=\"canonical\" href=\"https:\/\/www.organisator.ch\/fr\/gestion-2\/2022-11-30\/michael-yang-wird-neuer-chef-von-huawei-in-der-schweiz\/\" \/>\n<meta property=\"og:locale\" content=\"fr_FR\" \/>\n<meta property=\"og:type\" content=\"article\" \/>\n<meta property=\"og:title\" content=\"Michael Yang wird neuer Chef von Huawei in der Schweiz\" \/>\n<meta property=\"og:description\" content=\"Michael Yang \u00fcbernimmt als neuer CEO die F\u00fchrung der hiesigen Landesgesellschaft des weltweit agierenden Technologieausr\u00fcsters.\" \/>\n<meta property=\"og:url\" content=\"https:\/\/www.organisator.ch\/fr\/gestion-2\/2022-11-30\/michael-yang-wird-neuer-chef-von-huawei-in-der-schweiz\/\" \/>\n<meta property=\"og:site_name\" content=\"Organisator\" \/>\n<meta property=\"article:publisher\" content=\"https:\/\/www.facebook.com\/OrganisatorFachmagazin\" \/>\n<meta property=\"article:published_time\" content=\"2022-11-30T10:29:01+00:00\" \/>\n<meta property=\"og:image\" content=\"https:\/\/www.organisator.ch\/wp-content\/uploads\/2022\/11\/Michael-Yang-wird-neuer-Chef-von-Huawei-in-der-Schweiz_Organisator.jpg\" \/>\n\t<meta property=\"og:image:width\" content=\"680\" \/>\n\t<meta property=\"og:image:height\" content=\"440\" \/>\n\t<meta property=\"og:image:type\" content=\"image\/jpeg\" \/>\n<meta name=\"author\" content=\"thomas.berner\" \/>\n<meta name=\"twitter:card\" content=\"summary_large_image\" \/>\n<meta name=\"twitter:title\" content=\"Michael #Yang wird neuer Chef von #Huawei in der Schweiz\" \/>\n<meta name=\"twitter:description\" content=\"Michael Yang \u00fcbernimmt als neuer #CEO die F\u00fchrung der hiesigen #Landesgesellschaft des weltweit agierenden #Technologieausr\u00fcsters.\" \/>\n<meta name=\"twitter:image\" content=\"https:\/\/www.organisator.ch\/wp-content\/uploads\/2022\/11\/Michael-Yang-wird-neuer-Chef-von-Huawei-in-der-Schweiz_Organisator.jpg\" \/>\n<script type=\"application\/ld+json\" class=\"yoast-schema-graph\">{\"@context\":\"https:\\\/\\\/schema.org\",\"@graph\":[{\"@type\":\"Article\",\"@id\":\"https:\\\/\\\/www.organisator.ch\\\/management\\\/2022-11-30\\\/michael-yang-wird-neuer-chef-von-huawei-in-der-schweiz\\\/#article\",\"isPartOf\":{\"@id\":\"https:\\\/\\\/www.organisator.ch\\\/management\\\/2022-11-30\\\/michael-yang-wird-neuer-chef-von-huawei-in-der-schweiz\\\/\"},\"author\":{\"name\":\"thomas.berner\",\"@id\":\"https:\\\/\\\/www.organisator.ch\\\/#\\\/schema\\\/person\\\/6f650f90b2842cd4c0cc334b4e36f67e\"},\"headline\":\"Michael Yang wird neuer Chef von Huawei in der Schweiz\",\"datePublished\":\"2022-11-30T10:29:01+00:00\",\"mainEntityOfPage\":{\"@id\":\"https:\\\/\\\/www.organisator.ch\\\/management\\\/2022-11-30\\\/michael-yang-wird-neuer-chef-von-huawei-in-der-schweiz\\\/\"},\"wordCount\":348,\"publisher\":{\"@id\":\"https:\\\/\\\/www.organisator.ch\\\/#organization\"},\"image\":{\"@id\":\"https:\\\/\\\/www.organisator.ch\\\/management\\\/2022-11-30\\\/michael-yang-wird-neuer-chef-von-huawei-in-der-schweiz\\\/#primaryimage\"},\"thumbnailUrl\":\"https:\\\/\\\/www.organisator.ch\\\/wp-content\\\/uploads\\\/2022\\\/11\\\/Michael-Yang-wird-neuer-Chef-von-Huawei-in-der-Schweiz_Organisator.jpg\",\"keywords\":[\"IT\",\"Management und Unternehmensf\u00fchrung\",\"Personalia\",\"Telekommunikation\"],\"articleSection\":[\"MANAGEMENT\"],\"inLanguage\":\"fr-FR\"},{\"@type\":\"WebPage\",\"@id\":\"https:\\\/\\\/www.organisator.ch\\\/management\\\/2022-11-30\\\/michael-yang-wird-neuer-chef-von-huawei-in-der-schweiz\\\/\",\"url\":\"https:\\\/\\\/www.organisator.ch\\\/management\\\/2022-11-30\\\/michael-yang-wird-neuer-chef-von-huawei-in-der-schweiz\\\/\",\"name\":\"Michael Yang wird neuer Chef von Huawei in der Schweiz - Organisator\",\"isPartOf\":{\"@id\":\"https:\\\/\\\/www.organisator.ch\\\/#website\"},\"primaryImageOfPage\":{\"@id\":\"https:\\\/\\\/www.organisator.ch\\\/management\\\/2022-11-30\\\/michael-yang-wird-neuer-chef-von-huawei-in-der-schweiz\\\/#primaryimage\"},\"image\":{\"@id\":\"https:\\\/\\\/www.organisator.ch\\\/management\\\/2022-11-30\\\/michael-yang-wird-neuer-chef-von-huawei-in-der-schweiz\\\/#primaryimage\"},\"thumbnailUrl\":\"https:\\\/\\\/www.organisator.ch\\\/wp-content\\\/uploads\\\/2022\\\/11\\\/Michael-Yang-wird-neuer-Chef-von-Huawei-in-der-Schweiz_Organisator.jpg\",\"datePublished\":\"2022-11-30T10:29:01+00:00\",\"description\":\"Michael Yang \u00fcbernimmt als neuer CEO die F\u00fchrung der hiesigen Landesgesellschaft des weltweit agierenden Technologieausr\u00fcsters.\",\"breadcrumb\":{\"@id\":\"https:\\\/\\\/www.organisator.ch\\\/management\\\/2022-11-30\\\/michael-yang-wird-neuer-chef-von-huawei-in-der-schweiz\\\/#breadcrumb\"},\"inLanguage\":\"fr-FR\",\"potentialAction\":[{\"@type\":\"ReadAction\",\"target\":[\"https:\\\/\\\/www.organisator.ch\\\/management\\\/2022-11-30\\\/michael-yang-wird-neuer-chef-von-huawei-in-der-schweiz\\\/\"]}]},{\"@type\":\"ImageObject\",\"inLanguage\":\"fr-FR\",\"@id\":\"https:\\\/\\\/www.organisator.ch\\\/management\\\/2022-11-30\\\/michael-yang-wird-neuer-chef-von-huawei-in-der-schweiz\\\/#primaryimage\",\"url\":\"https:\\\/\\\/www.organisator.ch\\\/wp-content\\\/uploads\\\/2022\\\/11\\\/Michael-Yang-wird-neuer-Chef-von-Huawei-in-der-Schweiz_Organisator.jpg\",\"contentUrl\":\"https:\\\/\\\/www.organisator.ch\\\/wp-content\\\/uploads\\\/2022\\\/11\\\/Michael-Yang-wird-neuer-Chef-von-Huawei-in-der-Schweiz_Organisator.jpg\"},{\"@type\":\"BreadcrumbList\",\"@id\":\"https:\\\/\\\/www.organisator.ch\\\/management\\\/2022-11-30\\\/michael-yang-wird-neuer-chef-von-huawei-in-der-schweiz\\\/#breadcrumb\",\"itemListElement\":[{\"@type\":\"ListItem\",\"position\":1,\"name\":\"Home\",\"item\":\"https:\\\/\\\/www.organisator.ch\\\/\"},{\"@type\":\"ListItem\",\"position\":2,\"name\":\"Michael Yang wird neuer Chef von Huawei in der Schweiz\"}]},{\"@type\":\"WebSite\",\"@id\":\"https:\\\/\\\/www.organisator.ch\\\/#website\",\"url\":\"https:\\\/\\\/www.organisator.ch\\\/\",\"name\":\"Organisator\",\"description\":\"Kompetent. Praxisnah. Der ORGANISATOR bereitet in 10 Ausgaben pro Jahr die wesentlichen Themen f\u00fcr F\u00fchrungskr\u00e4fte von KMU auf.\",\"publisher\":{\"@id\":\"https:\\\/\\\/www.organisator.ch\\\/#organization\"},\"potentialAction\":[{\"@type\":\"SearchAction\",\"target\":{\"@type\":\"EntryPoint\",\"urlTemplate\":\"https:\\\/\\\/www.organisator.ch\\\/?s={search_term_string}\"},\"query-input\":{\"@type\":\"PropertyValueSpecification\",\"valueRequired\":true,\"valueName\":\"search_term_string\"}}],\"inLanguage\":\"fr-FR\"},{\"@type\":\"Organization\",\"@id\":\"https:\\\/\\\/www.organisator.ch\\\/#organization\",\"name\":\"Organisator\",\"url\":\"https:\\\/\\\/www.organisator.ch\\\/\",\"logo\":{\"@type\":\"ImageObject\",\"inLanguage\":\"fr-FR\",\"@id\":\"https:\\\/\\\/www.organisator.ch\\\/#\\\/schema\\\/logo\\\/image\\\/\",\"url\":\"https:\\\/\\\/www.organisator.ch\\\/wp-content\\\/uploads\\\/2022\\\/01\\\/Logo_Organisator_Website.png\",\"contentUrl\":\"https:\\\/\\\/www.organisator.ch\\\/wp-content\\\/uploads\\\/2022\\\/01\\\/Logo_Organisator_Website.png\",\"width\":800,\"height\":77,\"caption\":\"Organisator\"},\"image\":{\"@id\":\"https:\\\/\\\/www.organisator.ch\\\/#\\\/schema\\\/logo\\\/image\\\/\"},\"sameAs\":[\"https:\\\/\\\/www.facebook.com\\\/OrganisatorFachmagazin\",\"https:\\\/\\\/www.linkedin.com\\\/showcase\\\/organisator-das-magazin-fr-kmu\",\"https:\\\/\\\/www.xing.com\\\/news\\\/pages\\\/organisator-ch-695\",\"https:\\\/\\\/www.youtube.com\\\/channel\\\/UCGP2Sq0iWaZwT3BdIAQFYpw\"]},{\"@type\":\"Person\",\"@id\":\"https:\\\/\\\/www.organisator.ch\\\/#\\\/schema\\\/person\\\/6f650f90b2842cd4c0cc334b4e36f67e\",\"name\":\"thomas.berner\",\"image\":{\"@type\":\"ImageObject\",\"inLanguage\":\"fr-FR\",\"@id\":\"https:\\\/\\\/secure.gravatar.com\\\/avatar\\\/ac5001d2a36cb6c6cd3e50789007ffca834b477b74a2144564522e944eabff61?s=96&d=mm&r=g\",\"url\":\"https:\\\/\\\/secure.gravatar.com\\\/avatar\\\/ac5001d2a36cb6c6cd3e50789007ffca834b477b74a2144564522e944eabff61?s=96&d=mm&r=g\",\"contentUrl\":\"https:\\\/\\\/secure.gravatar.com\\\/avatar\\\/ac5001d2a36cb6c6cd3e50789007ffca834b477b74a2144564522e944eabff61?s=96&d=mm&r=g\",\"caption\":\"thomas.berner\"},\"url\":\"https:\\\/\\\/www.organisator.ch\\\/fr\\\/author\\\/thomas-berner\\\/\"}]}<\/script>\n<!-- \/ Yoast SEO plugin. -->","yoast_head_json":{"title":"Michael Yang sera le nouveau patron de Huawei en Suisse - Organisateur","description":"Michael Yang prend la t\u00eate de la filiale locale de l'\u00e9quipementier technologique mondial en tant que nouveau CEO.","robots":{"index":"index","follow":"follow","max-snippet":"max-snippet:-1","max-image-preview":"max-image-preview:large","max-video-preview":"max-video-preview:-1"},"canonical":"https:\/\/www.organisator.ch\/fr\/gestion-2\/2022-11-30\/michael-yang-wird-neuer-chef-von-huawei-in-der-schweiz\/","og_locale":"fr_FR","og_type":"article","og_title":"Michael Yang wird neuer Chef von Huawei in der Schweiz","og_description":"Michael Yang \u00fcbernimmt als neuer CEO die F\u00fchrung der hiesigen Landesgesellschaft des weltweit agierenden Technologieausr\u00fcsters.","og_url":"https:\/\/www.organisator.ch\/fr\/gestion-2\/2022-11-30\/michael-yang-wird-neuer-chef-von-huawei-in-der-schweiz\/","og_site_name":"Organisator","article_publisher":"https:\/\/www.facebook.com\/OrganisatorFachmagazin","article_published_time":"2022-11-30T10:29:01+00:00","og_image":[{"width":680,"height":440,"url":"https:\/\/www.organisator.ch\/wp-content\/uploads\/2022\/11\/Michael-Yang-wird-neuer-Chef-von-Huawei-in-der-Schweiz_Organisator.jpg","type":"image\/jpeg"}],"author":"thomas.berner","twitter_card":"summary_large_image","twitter_title":"Michael #Yang wird neuer Chef von #Huawei in der Schweiz","twitter_description":"Michael Yang \u00fcbernimmt als neuer #CEO die F\u00fchrung der hiesigen #Landesgesellschaft des weltweit agierenden #Technologieausr\u00fcsters.","twitter_image":"https:\/\/www.organisator.ch\/wp-content\/uploads\/2022\/11\/Michael-Yang-wird-neuer-Chef-von-Huawei-in-der-Schweiz_Organisator.jpg","schema":{"@context":"https:\/\/schema.org","@graph":[{"@type":"Article","@id":"https:\/\/www.organisator.ch\/management\/2022-11-30\/michael-yang-wird-neuer-chef-von-huawei-in-der-schweiz\/#article","isPartOf":{"@id":"https:\/\/www.organisator.ch\/management\/2022-11-30\/michael-yang-wird-neuer-chef-von-huawei-in-der-schweiz\/"},"author":{"name":"thomas.berner","@id":"https:\/\/www.organisator.ch\/#\/schema\/person\/6f650f90b2842cd4c0cc334b4e36f67e"},"headline":"Michael Yang wird neuer Chef von Huawei in der Schweiz","datePublished":"2022-11-30T10:29:01+00:00","mainEntityOfPage":{"@id":"https:\/\/www.organisator.ch\/management\/2022-11-30\/michael-yang-wird-neuer-chef-von-huawei-in-der-schweiz\/"},"wordCount":348,"publisher":{"@id":"https:\/\/www.organisator.ch\/#organization"},"image":{"@id":"https:\/\/www.organisator.ch\/management\/2022-11-30\/michael-yang-wird-neuer-chef-von-huawei-in-der-schweiz\/#primaryimage"},"thumbnailUrl":"https:\/\/www.organisator.ch\/wp-content\/uploads\/2022\/11\/Michael-Yang-wird-neuer-Chef-von-Huawei-in-der-Schweiz_Organisator.jpg","keywords":["IT","Management und Unternehmensf\u00fchrung","Personalia","Telekommunikation"],"articleSection":["MANAGEMENT"],"inLanguage":"fr-FR"},{"@type":"WebPage","@id":"https:\/\/www.organisator.ch\/management\/2022-11-30\/michael-yang-wird-neuer-chef-von-huawei-in-der-schweiz\/","url":"https:\/\/www.organisator.ch\/management\/2022-11-30\/michael-yang-wird-neuer-chef-von-huawei-in-der-schweiz\/","name":"Michael Yang sera le nouveau patron de Huawei en Suisse - Organisateur","isPartOf":{"@id":"https:\/\/www.organisator.ch\/#website"},"primaryImageOfPage":{"@id":"https:\/\/www.organisator.ch\/management\/2022-11-30\/michael-yang-wird-neuer-chef-von-huawei-in-der-schweiz\/#primaryimage"},"image":{"@id":"https:\/\/www.organisator.ch\/management\/2022-11-30\/michael-yang-wird-neuer-chef-von-huawei-in-der-schweiz\/#primaryimage"},"thumbnailUrl":"https:\/\/www.organisator.ch\/wp-content\/uploads\/2022\/11\/Michael-Yang-wird-neuer-Chef-von-Huawei-in-der-Schweiz_Organisator.jpg","datePublished":"2022-11-30T10:29:01+00:00","description":"Michael Yang prend la t\u00eate de la filiale locale de l'\u00e9quipementier technologique mondial en tant que nouveau CEO.","breadcrumb":{"@id":"https:\/\/www.organisator.ch\/management\/2022-11-30\/michael-yang-wird-neuer-chef-von-huawei-in-der-schweiz\/#breadcrumb"},"inLanguage":"fr-FR","potentialAction":[{"@type":"ReadAction","target":["https:\/\/www.organisator.ch\/management\/2022-11-30\/michael-yang-wird-neuer-chef-von-huawei-in-der-schweiz\/"]}]},{"@type":"ImageObject","inLanguage":"fr-FR","@id":"https:\/\/www.organisator.ch\/management\/2022-11-30\/michael-yang-wird-neuer-chef-von-huawei-in-der-schweiz\/#primaryimage","url":"https:\/\/www.organisator.ch\/wp-content\/uploads\/2022\/11\/Michael-Yang-wird-neuer-Chef-von-Huawei-in-der-Schweiz_Organisator.jpg","contentUrl":"https:\/\/www.organisator.ch\/wp-content\/uploads\/2022\/11\/Michael-Yang-wird-neuer-Chef-von-Huawei-in-der-Schweiz_Organisator.jpg"},{"@type":"BreadcrumbList","@id":"https:\/\/www.organisator.ch\/management\/2022-11-30\/michael-yang-wird-neuer-chef-von-huawei-in-der-schweiz\/#breadcrumb","itemListElement":[{"@type":"ListItem","position":1,"name":"Home","item":"https:\/\/www.organisator.ch\/"},{"@type":"ListItem","position":2,"name":"Michael Yang wird neuer Chef von Huawei in der Schweiz"}]},{"@type":"WebSite","@id":"https:\/\/www.organisator.ch\/#website","url":"https:\/\/www.organisator.ch\/","name":"Organisateur","description":"Comp\u00e9tence et comp\u00e9tence. Proches de la pratique. L'ORGANISATEUR pr\u00e9pare 10 num\u00e9ros par an sur les th\u00e8mes essentiels pour les dirigeants de PME.","publisher":{"@id":"https:\/\/www.organisator.ch\/#organization"},"potentialAction":[{"@type":"SearchAction","target":{"@type":"EntryPoint","urlTemplate":"https:\/\/www.organisator.ch\/?s={search_term_string}"},"query-input":{"@type":"PropertyValueSpecification","valueRequired":true,"valueName":"search_term_string"}}],"inLanguage":"fr-FR"},{"@type":"Organization","@id":"https:\/\/www.organisator.ch\/#organization","name":"Organisateur","url":"https:\/\/www.organisator.ch\/","logo":{"@type":"ImageObject","inLanguage":"fr-FR","@id":"https:\/\/www.organisator.ch\/#\/schema\/logo\/image\/","url":"https:\/\/www.organisator.ch\/wp-content\/uploads\/2022\/01\/Logo_Organisator_Website.png","contentUrl":"https:\/\/www.organisator.ch\/wp-content\/uploads\/2022\/01\/Logo_Organisator_Website.png","width":800,"height":77,"caption":"Organisator"},"image":{"@id":"https:\/\/www.organisator.ch\/#\/schema\/logo\/image\/"},"sameAs":["https:\/\/www.facebook.com\/OrganisatorFachmagazin","https:\/\/www.linkedin.com\/showcase\/organisator-das-magazin-fr-kmu","https:\/\/www.xing.com\/news\/pages\/organisator-ch-695","https:\/\/www.youtube.com\/channel\/UCGP2Sq0iWaZwT3BdIAQFYpw"]},{"@type":"Person","@id":"https:\/\/www.organisator.ch\/#\/schema\/person\/6f650f90b2842cd4c0cc334b4e36f67e","name":"thomas.berner","image":{"@type":"ImageObject","inLanguage":"fr-FR","@id":"https:\/\/secure.gravatar.com\/avatar\/ac5001d2a36cb6c6cd3e50789007ffca834b477b74a2144564522e944eabff61?s=96&d=mm&r=g","url":"https:\/\/secure.gravatar.com\/avatar\/ac5001d2a36cb6c6cd3e50789007ffca834b477b74a2144564522e944eabff61?s=96&d=mm&r=g","contentUrl":"https:\/\/secure.gravatar.com\/avatar\/ac5001d2a36cb6c6cd3e50789007ffca834b477b74a2144564522e944eabff61?s=96&d=mm&r=g","caption":"thomas.berner"},"url":"https:\/\/www.organisator.ch\/fr\/author\/thomas-berner\/"}]}},"_links":{"self":[{"href":"https:\/\/www.organisator.ch\/fr\/wp-json\/wp\/v2\/posts\/18072","targetHints":{"allow":["GET"]}}],"collection":[{"href":"https:\/\/www.organisator.ch\/fr\/wp-json\/wp\/v2\/posts"}],"about":[{"href":"https:\/\/www.organisator.ch\/fr\/wp-json\/wp\/v2\/types\/post"}],"author":[{"embeddable":true,"href":"https:\/\/www.organisator.ch\/fr\/wp-json\/wp\/v2\/users\/4"}],"replies":[{"embeddable":true,"href":"https:\/\/www.organisator.ch\/fr\/wp-json\/wp\/v2\/comments?post=18072"}],"version-history":[{"count":1,"href":"https:\/\/www.organisator.ch\/fr\/wp-json\/wp\/v2\/posts\/18072\/revisions"}],"predecessor-version":[{"id":18074,"href":"https:\/\/www.organisator.ch\/fr\/wp-json\/wp\/v2\/posts\/18072\/revisions\/18074"}],"wp:attachment":[{"href":"https:\/\/www.organisator.ch\/fr\/wp-json\/wp\/v2\/media?parent=18072"}],"wp:term":[{"taxonomy":"category","embeddable":true,"href":"https:\/\/www.organisator.ch\/fr\/wp-json\/wp\/v2\/categories?post=18072"},{"taxonomy":"post_tag","embeddable":true,"href":"https:\/\/www.organisator.ch\/fr\/wp-json\/wp\/v2\/tags?post=18072"}],"curies":[{"name":"wp","href":"https:\/\/api.w.org\/{rel}","templated":true}]}}