{"id":18091,"date":"2022-12-01T14:56:26","date_gmt":"2022-12-01T13:56:26","guid":{"rendered":"https:\/\/www.organisator.ch\/?p=18091"},"modified":"2022-12-01T14:56:26","modified_gmt":"2022-12-01T13:56:26","slug":"big-data-big-waste-wohin-mit-dem-daten-ballast","status":"publish","type":"post","link":"https:\/\/www.organisator.ch\/fr\/management\/it\/2022-12-01\/big-data-big-waste-wohin-mit-dem-daten-ballast\/","title":{"rendered":"Big Data, big waste : que faire des donn\u00e9es encombrantes ?"},"content":{"rendered":"<figure id=\"attachment_18092\" aria-describedby=\"caption-attachment-18092\" style=\"width: 680px\" class=\"wp-caption alignnone\"><img loading=\"lazy\" decoding=\"async\" class=\"size-full wp-image-18092\" src=\"https:\/\/www.organisator.ch\/wp-content\/uploads\/2022\/12\/Big-Data-big-waste-Wohin-mit-dem-Daten-Ballast_Organisator.jpg\" alt=\"\" width=\"680\" height=\"453\" srcset=\"https:\/\/www.organisator.ch\/wp-content\/uploads\/2022\/12\/Big-Data-big-waste-Wohin-mit-dem-Daten-Ballast_Organisator.jpg 680w, https:\/\/www.organisator.ch\/wp-content\/uploads\/2022\/12\/Big-Data-big-waste-Wohin-mit-dem-Daten-Ballast_Organisator-18x12.jpg 18w, https:\/\/www.organisator.ch\/wp-content\/uploads\/2022\/12\/Big-Data-big-waste-Wohin-mit-dem-Daten-Ballast_Organisator-375x250.jpg 375w, https:\/\/www.organisator.ch\/wp-content\/uploads\/2022\/12\/Big-Data-big-waste-Wohin-mit-dem-Daten-Ballast_Organisator-525x350.jpg 525w\" sizes=\"auto, (max-width: 680px) 100vw, 680px\" \/><figcaption id=\"caption-attachment-18092\" class=\"wp-caption-text\">Le big data favorise l'encombrement des donn\u00e9es : celui-ci est co\u00fbteux, dangereux et pollue l'environnement. (Image : Unsplash.com)<\/figcaption><\/figure>\n<p>La hausse des prix de l'\u00e9nergie, les probl\u00e8mes de la cha\u00eene d'approvisionnement, les ruptures d'approvisionnement et l'inflation croissante mettent en lumi\u00e8re un comportement durable et respectueux de l'environnement. La ressource la plus \u00e9cologique et la plus \u00e9conomique est celle qui n'est pas utilis\u00e9e ou consomm\u00e9e. Dans une soci\u00e9t\u00e9 enti\u00e8rement num\u00e9ris\u00e9e, cela vaut aussi et surtout pour l'utilisation des donn\u00e9es. L'entreprise Aparavi, un fournisseur de solutions pour l'intelligence des donn\u00e9es et l'automatisation, explique comment une hygi\u00e8ne responsable des donn\u00e9es permet de r\u00e9duire les co\u00fbts et de minimiser les risques tout en contribuant \u00e0 la durabilit\u00e9. Il s'agit de se d\u00e9barrasser du poids des donn\u00e9es.<\/p>\n<ol>\n<li><strong>R\u00e9duction du nombre de donn\u00e9es<\/strong>Les entreprises accumulent des t\u00e9raoctets de donn\u00e9es sur des syst\u00e8mes de stockage internes et externes. Beaucoup d'entre elles sont superflues. L'analyse et le nettoyage des Dark Data, c'est-\u00e0-dire surtout des donn\u00e9es ROT non structur\u00e9es (redondantes, obsol\u00e8tes, triviales), permettent de r\u00e9duire massivement les besoins en stockage et la consommation de ressources.<\/li>\n<li><strong>\u00c9limination des facteurs de risque<\/strong>Les donn\u00e9es non structur\u00e9es sont une bombe \u00e0 retardement qui rec\u00e8le des risques inconnus. Dans ce mar\u00e9cage de donn\u00e9es peuvent par exemple se cacher des mots de passe, des donn\u00e9es d'acc\u00e8s ou des informations sensibles et critiques pour l'entreprise. Ce danger potentiel dispara\u00eet lorsque les donn\u00e9es sont identifi\u00e9es comme superflues ou critiques et qu'elles sont ensuite soit sauvegard\u00e9es, soit supprim\u00e9es.<\/li>\n<li><strong>R\u00e9duction des co\u00fbts de stockage<\/strong>Les donn\u00e9es supprim\u00e9es n'ont plus besoin d'\u00eatre stock\u00e9es. Un nettoyage des donn\u00e9es r\u00e9duit l'espace de stockage n\u00e9cessaire et donc aussi bien les co\u00fbts de mat\u00e9riel et de logiciel que l'espace requis, par exemple pour la sauvegarde et l'archivage. Les entreprises \u00e9conomisent ainsi des co\u00fbts \u00e0 six chiffres. Le surdimensionnement co\u00fbteux des ressources (provisioning) devient ainsi superflu.<\/li>\n<li><strong>Respect des exigences de conformit\u00e9 et de s\u00e9curit\u00e9<\/strong>L'\u00e9limination des facteurs de risque facilite \u00e9galement le respect des directives de s\u00e9curit\u00e9 et des lois sur la protection des donn\u00e9es, comme le RGPD ou la loi sur la s\u00e9curit\u00e9 informatique. \u00c0 cela s'ajoute une plus grande transparence des donn\u00e9es, qui facilite la gestion de la s\u00e9curit\u00e9.<\/li>\n<li><strong>R\u00e9duction de l'empreinte carbone<\/strong>: Plus les dark data peuvent \u00eatre supprim\u00e9es apr\u00e8s inventaire, analyse et nettoyage, moins il faut allouer de ressources \u00e0 la conservation des donn\u00e9es. Les entreprises peuvent ainsi r\u00e9duire leur impact environnemental et documenter une mesure concr\u00e8tement d\u00e9montrable dans les rapports ESG.<\/li>\n<li><strong>Minimisation des frais d'administration<\/strong>Le nettoyage des donn\u00e9es peut \u00eatre confi\u00e9 \u00e0 des collaborateurs form\u00e9s des d\u00e9partements sp\u00e9cialis\u00e9s. Cela all\u00e8ge la charge de travail du service informatique. Une fois les donn\u00e9es consolid\u00e9es et r\u00e9duites, une autre partie des co\u00fbts li\u00e9s \u00e0 l'administration interne dispara\u00eet. Les experts informatiques ainsi lib\u00e9r\u00e9s peuvent \u00eatre affect\u00e9s \u00e0 d'autres activit\u00e9s \u00e0 valeur ajout\u00e9e.<\/li>\n<\/ol>\n<p>\"Les entreprises doivent se d\u00e9barrasser de leurs d\u00e9chets de donn\u00e9es, car les donn\u00e9es non structur\u00e9es sont co\u00fbteuses et dangereuses\", explique Gregor Bieler, CEO EMEA d'Aparavi. \"Ce faisant, elles r\u00e9duisent en m\u00eame temps leurs \u00e9missions de CO<sub>2<\/sub>-et cr\u00e9ent les bases d'un bon karma\". L'entreprise a \u00e9t\u00e9 fond\u00e9e par Adrian Knapp en 2016 \u00e0 Zoug, o\u00f9 se trouve \u00e9galement le si\u00e8ge de l'entreprise. Les autres sites sont Munich et Santa Monica, aux \u00c9tats-Unis.<\/p>\n<p><em>Source et informations compl\u00e9mentaires : <a href=\"http:\/\/www.aparavi.eu\">Aparavi<\/a><\/em><\/p>","protected":false},"excerpt":{"rendered":"<p>Steigende Energiepreise, Lieferkettenprobleme, Versorgungsl\u00fccken und wachsende Inflation werfen ein neues Schlaglicht auf nachhaltiges und umweltbewusstes Verhalten. Die umweltschonendste und gleichzeitig kosteng\u00fcnstigste Ressource ist die, die gar nicht erst ge- oder verbraucht wird. Das gilt in einer durchdigitalisierten Gesellschaft auch und gerade f\u00fcr den Umgang mit Daten. Das Unternehmen Aparavi, ein L\u00f6sungsanbieter f\u00fcr Datenintelligenz und Automation, [&hellip;]<\/p>\n","protected":false},"author":4,"featured_media":18092,"comment_status":"closed","ping_status":"closed","sticky":false,"template":"","format":"standard","meta":{"_acf_changed":false,"_yoast_wpseo_focuskw":"Daten-Ballast","_yoast_wpseo_metadesc":"Nachhaltiger Umgang mit Daten schont die Ressourcen, eliminiert Gefahrenpotenziale und senkt die Kosten: Werfen Sie also Daten-Ballast ab.","articlekey":"","footnotes":""},"categories":[27],"tags":[80,115,286,358],"class_list":["post-18091","post","type-post","status-publish","format-standard","has-post-thumbnail","hentry","category-it","tag-big-data","tag-checklisten","tag-it","tag-nachhaltige-wirtschaft"],"acf":[],"yoast_head":"<!-- This site is optimized with the Yoast SEO plugin v27.5 - https:\/\/yoast.com\/product\/yoast-seo-wordpress\/ -->\n<title>Big Data, big waste: Wohin mit dem Daten-Ballast? - Organisator<\/title>\n<meta name=\"description\" content=\"Nachhaltiger Umgang mit Daten schont die Ressourcen, eliminiert Gefahrenpotenziale und senkt die Kosten: Werfen Sie also Daten-Ballast ab.\" \/>\n<meta name=\"robots\" content=\"index, follow, max-snippet:-1, max-image-preview:large, max-video-preview:-1\" \/>\n<link rel=\"canonical\" href=\"https:\/\/www.organisator.ch\/fr\/gestion-2\/it\/2022-12-01\/big-data-big-waste-wohin-mit-dem-daten-ballast\/\" \/>\n<meta property=\"og:locale\" content=\"fr_FR\" \/>\n<meta property=\"og:type\" content=\"article\" \/>\n<meta property=\"og:title\" content=\"Big Data, big waste: Wohin mit dem Daten-Ballast?\" \/>\n<meta property=\"og:description\" content=\"Nachhaltiger Umgang mit Daten schont die Ressourcen, eliminiert Gefahrenpotenziale und senkt die Kosten: Werfen Sie also Daten-Ballast ab.\" \/>\n<meta property=\"og:url\" content=\"https:\/\/www.organisator.ch\/fr\/gestion-2\/it\/2022-12-01\/big-data-big-waste-wohin-mit-dem-daten-ballast\/\" \/>\n<meta property=\"og:site_name\" content=\"Organisator\" \/>\n<meta property=\"article:publisher\" content=\"https:\/\/www.facebook.com\/OrganisatorFachmagazin\" \/>\n<meta property=\"article:published_time\" content=\"2022-12-01T13:56:26+00:00\" \/>\n<meta property=\"og:image\" content=\"https:\/\/www.organisator.ch\/wp-content\/uploads\/2022\/12\/Big-Data-big-waste-Wohin-mit-dem-Daten-Ballast_Organisator.jpg\" \/>\n\t<meta property=\"og:image:width\" content=\"680\" \/>\n\t<meta property=\"og:image:height\" content=\"453\" \/>\n\t<meta property=\"og:image:type\" content=\"image\/jpeg\" \/>\n<meta name=\"author\" content=\"thomas.berner\" \/>\n<meta name=\"twitter:card\" content=\"summary_large_image\" \/>\n<meta name=\"twitter:title\" content=\"Big #Data, big #waste: Wohin mit dem #Daten-Ballast?\" \/>\n<meta name=\"twitter:description\" content=\"Nachhaltiger Umgang mit Daten schont die Ressourcen, eliminiert #Gefahrenpotenziale und senkt die Kosten: Werfen Sie also #Daten-Ballast ab.\" \/>\n<meta name=\"twitter:image\" content=\"https:\/\/www.organisator.ch\/wp-content\/uploads\/2022\/12\/Big-Data-big-waste-Wohin-mit-dem-Daten-Ballast_Organisator.jpg\" \/>\n<script type=\"application\/ld+json\" class=\"yoast-schema-graph\">{\"@context\":\"https:\\\/\\\/schema.org\",\"@graph\":[{\"@type\":\"Article\",\"@id\":\"https:\\\/\\\/www.organisator.ch\\\/management\\\/it\\\/2022-12-01\\\/big-data-big-waste-wohin-mit-dem-daten-ballast\\\/#article\",\"isPartOf\":{\"@id\":\"https:\\\/\\\/www.organisator.ch\\\/management\\\/it\\\/2022-12-01\\\/big-data-big-waste-wohin-mit-dem-daten-ballast\\\/\"},\"author\":{\"name\":\"thomas.berner\",\"@id\":\"https:\\\/\\\/www.organisator.ch\\\/#\\\/schema\\\/person\\\/6f650f90b2842cd4c0cc334b4e36f67e\"},\"headline\":\"Big Data, big waste: Wohin mit dem Daten-Ballast?\",\"datePublished\":\"2022-12-01T13:56:26+00:00\",\"mainEntityOfPage\":{\"@id\":\"https:\\\/\\\/www.organisator.ch\\\/management\\\/it\\\/2022-12-01\\\/big-data-big-waste-wohin-mit-dem-daten-ballast\\\/\"},\"wordCount\":471,\"publisher\":{\"@id\":\"https:\\\/\\\/www.organisator.ch\\\/#organization\"},\"image\":{\"@id\":\"https:\\\/\\\/www.organisator.ch\\\/management\\\/it\\\/2022-12-01\\\/big-data-big-waste-wohin-mit-dem-daten-ballast\\\/#primaryimage\"},\"thumbnailUrl\":\"https:\\\/\\\/www.organisator.ch\\\/wp-content\\\/uploads\\\/2022\\\/12\\\/Big-Data-big-waste-Wohin-mit-dem-Daten-Ballast_Organisator.jpg\",\"keywords\":[\"Big Data\",\"Checklisten\",\"IT\",\"Nachhaltige Wirtschaft\"],\"articleSection\":[\"IT\"],\"inLanguage\":\"fr-FR\"},{\"@type\":\"WebPage\",\"@id\":\"https:\\\/\\\/www.organisator.ch\\\/management\\\/it\\\/2022-12-01\\\/big-data-big-waste-wohin-mit-dem-daten-ballast\\\/\",\"url\":\"https:\\\/\\\/www.organisator.ch\\\/management\\\/it\\\/2022-12-01\\\/big-data-big-waste-wohin-mit-dem-daten-ballast\\\/\",\"name\":\"Big Data, big waste: Wohin mit dem Daten-Ballast? - Organisator\",\"isPartOf\":{\"@id\":\"https:\\\/\\\/www.organisator.ch\\\/#website\"},\"primaryImageOfPage\":{\"@id\":\"https:\\\/\\\/www.organisator.ch\\\/management\\\/it\\\/2022-12-01\\\/big-data-big-waste-wohin-mit-dem-daten-ballast\\\/#primaryimage\"},\"image\":{\"@id\":\"https:\\\/\\\/www.organisator.ch\\\/management\\\/it\\\/2022-12-01\\\/big-data-big-waste-wohin-mit-dem-daten-ballast\\\/#primaryimage\"},\"thumbnailUrl\":\"https:\\\/\\\/www.organisator.ch\\\/wp-content\\\/uploads\\\/2022\\\/12\\\/Big-Data-big-waste-Wohin-mit-dem-Daten-Ballast_Organisator.jpg\",\"datePublished\":\"2022-12-01T13:56:26+00:00\",\"description\":\"Nachhaltiger Umgang mit Daten schont die Ressourcen, eliminiert Gefahrenpotenziale und senkt die Kosten: Werfen Sie also Daten-Ballast ab.\",\"breadcrumb\":{\"@id\":\"https:\\\/\\\/www.organisator.ch\\\/management\\\/it\\\/2022-12-01\\\/big-data-big-waste-wohin-mit-dem-daten-ballast\\\/#breadcrumb\"},\"inLanguage\":\"fr-FR\",\"potentialAction\":[{\"@type\":\"ReadAction\",\"target\":[\"https:\\\/\\\/www.organisator.ch\\\/management\\\/it\\\/2022-12-01\\\/big-data-big-waste-wohin-mit-dem-daten-ballast\\\/\"]}]},{\"@type\":\"ImageObject\",\"inLanguage\":\"fr-FR\",\"@id\":\"https:\\\/\\\/www.organisator.ch\\\/management\\\/it\\\/2022-12-01\\\/big-data-big-waste-wohin-mit-dem-daten-ballast\\\/#primaryimage\",\"url\":\"https:\\\/\\\/www.organisator.ch\\\/wp-content\\\/uploads\\\/2022\\\/12\\\/Big-Data-big-waste-Wohin-mit-dem-Daten-Ballast_Organisator.jpg\",\"contentUrl\":\"https:\\\/\\\/www.organisator.ch\\\/wp-content\\\/uploads\\\/2022\\\/12\\\/Big-Data-big-waste-Wohin-mit-dem-Daten-Ballast_Organisator.jpg\",\"width\":680,\"height\":453,\"caption\":\"Big Data f\u00f6rdert den Daten-Ballast: Dieser ist teuer, gef\u00e4hrlich und belastet die Umwelt. (Bild: Unsplash.com)\"},{\"@type\":\"BreadcrumbList\",\"@id\":\"https:\\\/\\\/www.organisator.ch\\\/management\\\/it\\\/2022-12-01\\\/big-data-big-waste-wohin-mit-dem-daten-ballast\\\/#breadcrumb\",\"itemListElement\":[{\"@type\":\"ListItem\",\"position\":1,\"name\":\"Home\",\"item\":\"https:\\\/\\\/www.organisator.ch\\\/\"},{\"@type\":\"ListItem\",\"position\":2,\"name\":\"Big Data, big waste: Wohin mit dem Daten-Ballast?\"}]},{\"@type\":\"WebSite\",\"@id\":\"https:\\\/\\\/www.organisator.ch\\\/#website\",\"url\":\"https:\\\/\\\/www.organisator.ch\\\/\",\"name\":\"Organisator\",\"description\":\"Kompetent. Praxisnah. Der ORGANISATOR bereitet in 10 Ausgaben pro Jahr die wesentlichen Themen f\u00fcr F\u00fchrungskr\u00e4fte von KMU auf.\",\"publisher\":{\"@id\":\"https:\\\/\\\/www.organisator.ch\\\/#organization\"},\"potentialAction\":[{\"@type\":\"SearchAction\",\"target\":{\"@type\":\"EntryPoint\",\"urlTemplate\":\"https:\\\/\\\/www.organisator.ch\\\/?s={search_term_string}\"},\"query-input\":{\"@type\":\"PropertyValueSpecification\",\"valueRequired\":true,\"valueName\":\"search_term_string\"}}],\"inLanguage\":\"fr-FR\"},{\"@type\":\"Organization\",\"@id\":\"https:\\\/\\\/www.organisator.ch\\\/#organization\",\"name\":\"Organisator\",\"url\":\"https:\\\/\\\/www.organisator.ch\\\/\",\"logo\":{\"@type\":\"ImageObject\",\"inLanguage\":\"fr-FR\",\"@id\":\"https:\\\/\\\/www.organisator.ch\\\/#\\\/schema\\\/logo\\\/image\\\/\",\"url\":\"https:\\\/\\\/www.organisator.ch\\\/wp-content\\\/uploads\\\/2022\\\/01\\\/Logo_Organisator_Website.png\",\"contentUrl\":\"https:\\\/\\\/www.organisator.ch\\\/wp-content\\\/uploads\\\/2022\\\/01\\\/Logo_Organisator_Website.png\",\"width\":800,\"height\":77,\"caption\":\"Organisator\"},\"image\":{\"@id\":\"https:\\\/\\\/www.organisator.ch\\\/#\\\/schema\\\/logo\\\/image\\\/\"},\"sameAs\":[\"https:\\\/\\\/www.facebook.com\\\/OrganisatorFachmagazin\",\"https:\\\/\\\/www.linkedin.com\\\/showcase\\\/organisator-das-magazin-fr-kmu\",\"https:\\\/\\\/www.xing.com\\\/news\\\/pages\\\/organisator-ch-695\",\"https:\\\/\\\/www.youtube.com\\\/channel\\\/UCGP2Sq0iWaZwT3BdIAQFYpw\"]},{\"@type\":\"Person\",\"@id\":\"https:\\\/\\\/www.organisator.ch\\\/#\\\/schema\\\/person\\\/6f650f90b2842cd4c0cc334b4e36f67e\",\"name\":\"thomas.berner\",\"image\":{\"@type\":\"ImageObject\",\"inLanguage\":\"fr-FR\",\"@id\":\"https:\\\/\\\/secure.gravatar.com\\\/avatar\\\/ac5001d2a36cb6c6cd3e50789007ffca834b477b74a2144564522e944eabff61?s=96&d=mm&r=g\",\"url\":\"https:\\\/\\\/secure.gravatar.com\\\/avatar\\\/ac5001d2a36cb6c6cd3e50789007ffca834b477b74a2144564522e944eabff61?s=96&d=mm&r=g\",\"contentUrl\":\"https:\\\/\\\/secure.gravatar.com\\\/avatar\\\/ac5001d2a36cb6c6cd3e50789007ffca834b477b74a2144564522e944eabff61?s=96&d=mm&r=g\",\"caption\":\"thomas.berner\"},\"url\":\"https:\\\/\\\/www.organisator.ch\\\/fr\\\/author\\\/thomas-berner\\\/\"}]}<\/script>\n<!-- \/ Yoast SEO plugin. -->","yoast_head_json":{"title":"Big Data, big waste : que faire des donn\u00e9es encombrantes ? - Organisateur","description":"Une gestion durable des donn\u00e9es permet de pr\u00e9server les ressources, d'\u00e9liminer les risques potentiels et de r\u00e9duire les co\u00fbts : d\u00e9barrassez-vous donc des donn\u00e9es encombrantes.","robots":{"index":"index","follow":"follow","max-snippet":"max-snippet:-1","max-image-preview":"max-image-preview:large","max-video-preview":"max-video-preview:-1"},"canonical":"https:\/\/www.organisator.ch\/fr\/gestion-2\/it\/2022-12-01\/big-data-big-waste-wohin-mit-dem-daten-ballast\/","og_locale":"fr_FR","og_type":"article","og_title":"Big Data, big waste: Wohin mit dem Daten-Ballast?","og_description":"Nachhaltiger Umgang mit Daten schont die Ressourcen, eliminiert Gefahrenpotenziale und senkt die Kosten: Werfen Sie also Daten-Ballast ab.","og_url":"https:\/\/www.organisator.ch\/fr\/gestion-2\/it\/2022-12-01\/big-data-big-waste-wohin-mit-dem-daten-ballast\/","og_site_name":"Organisator","article_publisher":"https:\/\/www.facebook.com\/OrganisatorFachmagazin","article_published_time":"2022-12-01T13:56:26+00:00","og_image":[{"width":680,"height":453,"url":"https:\/\/www.organisator.ch\/wp-content\/uploads\/2022\/12\/Big-Data-big-waste-Wohin-mit-dem-Daten-Ballast_Organisator.jpg","type":"image\/jpeg"}],"author":"thomas.berner","twitter_card":"summary_large_image","twitter_title":"Big #Data, big #waste: Wohin mit dem #Daten-Ballast?","twitter_description":"Nachhaltiger Umgang mit Daten schont die Ressourcen, eliminiert #Gefahrenpotenziale und senkt die Kosten: Werfen Sie also #Daten-Ballast ab.","twitter_image":"https:\/\/www.organisator.ch\/wp-content\/uploads\/2022\/12\/Big-Data-big-waste-Wohin-mit-dem-Daten-Ballast_Organisator.jpg","schema":{"@context":"https:\/\/schema.org","@graph":[{"@type":"Article","@id":"https:\/\/www.organisator.ch\/management\/it\/2022-12-01\/big-data-big-waste-wohin-mit-dem-daten-ballast\/#article","isPartOf":{"@id":"https:\/\/www.organisator.ch\/management\/it\/2022-12-01\/big-data-big-waste-wohin-mit-dem-daten-ballast\/"},"author":{"name":"thomas.berner","@id":"https:\/\/www.organisator.ch\/#\/schema\/person\/6f650f90b2842cd4c0cc334b4e36f67e"},"headline":"Big Data, big waste: Wohin mit dem Daten-Ballast?","datePublished":"2022-12-01T13:56:26+00:00","mainEntityOfPage":{"@id":"https:\/\/www.organisator.ch\/management\/it\/2022-12-01\/big-data-big-waste-wohin-mit-dem-daten-ballast\/"},"wordCount":471,"publisher":{"@id":"https:\/\/www.organisator.ch\/#organization"},"image":{"@id":"https:\/\/www.organisator.ch\/management\/it\/2022-12-01\/big-data-big-waste-wohin-mit-dem-daten-ballast\/#primaryimage"},"thumbnailUrl":"https:\/\/www.organisator.ch\/wp-content\/uploads\/2022\/12\/Big-Data-big-waste-Wohin-mit-dem-Daten-Ballast_Organisator.jpg","keywords":["Big Data","Checklisten","IT","Nachhaltige Wirtschaft"],"articleSection":["IT"],"inLanguage":"fr-FR"},{"@type":"WebPage","@id":"https:\/\/www.organisator.ch\/management\/it\/2022-12-01\/big-data-big-waste-wohin-mit-dem-daten-ballast\/","url":"https:\/\/www.organisator.ch\/management\/it\/2022-12-01\/big-data-big-waste-wohin-mit-dem-daten-ballast\/","name":"Big Data, big waste : que faire des donn\u00e9es encombrantes ? - Organisateur","isPartOf":{"@id":"https:\/\/www.organisator.ch\/#website"},"primaryImageOfPage":{"@id":"https:\/\/www.organisator.ch\/management\/it\/2022-12-01\/big-data-big-waste-wohin-mit-dem-daten-ballast\/#primaryimage"},"image":{"@id":"https:\/\/www.organisator.ch\/management\/it\/2022-12-01\/big-data-big-waste-wohin-mit-dem-daten-ballast\/#primaryimage"},"thumbnailUrl":"https:\/\/www.organisator.ch\/wp-content\/uploads\/2022\/12\/Big-Data-big-waste-Wohin-mit-dem-Daten-Ballast_Organisator.jpg","datePublished":"2022-12-01T13:56:26+00:00","description":"Une gestion durable des donn\u00e9es permet de pr\u00e9server les ressources, d'\u00e9liminer les risques potentiels et de r\u00e9duire les co\u00fbts : d\u00e9barrassez-vous donc des donn\u00e9es encombrantes.","breadcrumb":{"@id":"https:\/\/www.organisator.ch\/management\/it\/2022-12-01\/big-data-big-waste-wohin-mit-dem-daten-ballast\/#breadcrumb"},"inLanguage":"fr-FR","potentialAction":[{"@type":"ReadAction","target":["https:\/\/www.organisator.ch\/management\/it\/2022-12-01\/big-data-big-waste-wohin-mit-dem-daten-ballast\/"]}]},{"@type":"ImageObject","inLanguage":"fr-FR","@id":"https:\/\/www.organisator.ch\/management\/it\/2022-12-01\/big-data-big-waste-wohin-mit-dem-daten-ballast\/#primaryimage","url":"https:\/\/www.organisator.ch\/wp-content\/uploads\/2022\/12\/Big-Data-big-waste-Wohin-mit-dem-Daten-Ballast_Organisator.jpg","contentUrl":"https:\/\/www.organisator.ch\/wp-content\/uploads\/2022\/12\/Big-Data-big-waste-Wohin-mit-dem-Daten-Ballast_Organisator.jpg","width":680,"height":453,"caption":"Big Data f\u00f6rdert den Daten-Ballast: Dieser ist teuer, gef\u00e4hrlich und belastet die Umwelt. (Bild: Unsplash.com)"},{"@type":"BreadcrumbList","@id":"https:\/\/www.organisator.ch\/management\/it\/2022-12-01\/big-data-big-waste-wohin-mit-dem-daten-ballast\/#breadcrumb","itemListElement":[{"@type":"ListItem","position":1,"name":"Home","item":"https:\/\/www.organisator.ch\/"},{"@type":"ListItem","position":2,"name":"Big Data, big waste: Wohin mit dem Daten-Ballast?"}]},{"@type":"WebSite","@id":"https:\/\/www.organisator.ch\/#website","url":"https:\/\/www.organisator.ch\/","name":"Organisateur","description":"Comp\u00e9tence et comp\u00e9tence. Proches de la pratique. L'ORGANISATEUR pr\u00e9pare 10 num\u00e9ros par an sur les th\u00e8mes essentiels pour les dirigeants de PME.","publisher":{"@id":"https:\/\/www.organisator.ch\/#organization"},"potentialAction":[{"@type":"SearchAction","target":{"@type":"EntryPoint","urlTemplate":"https:\/\/www.organisator.ch\/?s={search_term_string}"},"query-input":{"@type":"PropertyValueSpecification","valueRequired":true,"valueName":"search_term_string"}}],"inLanguage":"fr-FR"},{"@type":"Organization","@id":"https:\/\/www.organisator.ch\/#organization","name":"Organisateur","url":"https:\/\/www.organisator.ch\/","logo":{"@type":"ImageObject","inLanguage":"fr-FR","@id":"https:\/\/www.organisator.ch\/#\/schema\/logo\/image\/","url":"https:\/\/www.organisator.ch\/wp-content\/uploads\/2022\/01\/Logo_Organisator_Website.png","contentUrl":"https:\/\/www.organisator.ch\/wp-content\/uploads\/2022\/01\/Logo_Organisator_Website.png","width":800,"height":77,"caption":"Organisator"},"image":{"@id":"https:\/\/www.organisator.ch\/#\/schema\/logo\/image\/"},"sameAs":["https:\/\/www.facebook.com\/OrganisatorFachmagazin","https:\/\/www.linkedin.com\/showcase\/organisator-das-magazin-fr-kmu","https:\/\/www.xing.com\/news\/pages\/organisator-ch-695","https:\/\/www.youtube.com\/channel\/UCGP2Sq0iWaZwT3BdIAQFYpw"]},{"@type":"Person","@id":"https:\/\/www.organisator.ch\/#\/schema\/person\/6f650f90b2842cd4c0cc334b4e36f67e","name":"thomas.berner","image":{"@type":"ImageObject","inLanguage":"fr-FR","@id":"https:\/\/secure.gravatar.com\/avatar\/ac5001d2a36cb6c6cd3e50789007ffca834b477b74a2144564522e944eabff61?s=96&d=mm&r=g","url":"https:\/\/secure.gravatar.com\/avatar\/ac5001d2a36cb6c6cd3e50789007ffca834b477b74a2144564522e944eabff61?s=96&d=mm&r=g","contentUrl":"https:\/\/secure.gravatar.com\/avatar\/ac5001d2a36cb6c6cd3e50789007ffca834b477b74a2144564522e944eabff61?s=96&d=mm&r=g","caption":"thomas.berner"},"url":"https:\/\/www.organisator.ch\/fr\/author\/thomas-berner\/"}]}},"_links":{"self":[{"href":"https:\/\/www.organisator.ch\/fr\/wp-json\/wp\/v2\/posts\/18091","targetHints":{"allow":["GET"]}}],"collection":[{"href":"https:\/\/www.organisator.ch\/fr\/wp-json\/wp\/v2\/posts"}],"about":[{"href":"https:\/\/www.organisator.ch\/fr\/wp-json\/wp\/v2\/types\/post"}],"author":[{"embeddable":true,"href":"https:\/\/www.organisator.ch\/fr\/wp-json\/wp\/v2\/users\/4"}],"replies":[{"embeddable":true,"href":"https:\/\/www.organisator.ch\/fr\/wp-json\/wp\/v2\/comments?post=18091"}],"version-history":[{"count":1,"href":"https:\/\/www.organisator.ch\/fr\/wp-json\/wp\/v2\/posts\/18091\/revisions"}],"predecessor-version":[{"id":18093,"href":"https:\/\/www.organisator.ch\/fr\/wp-json\/wp\/v2\/posts\/18091\/revisions\/18093"}],"wp:featuredmedia":[{"embeddable":true,"href":"https:\/\/www.organisator.ch\/fr\/wp-json\/wp\/v2\/media\/18092"}],"wp:attachment":[{"href":"https:\/\/www.organisator.ch\/fr\/wp-json\/wp\/v2\/media?parent=18091"}],"wp:term":[{"taxonomy":"category","embeddable":true,"href":"https:\/\/www.organisator.ch\/fr\/wp-json\/wp\/v2\/categories?post=18091"},{"taxonomy":"post_tag","embeddable":true,"href":"https:\/\/www.organisator.ch\/fr\/wp-json\/wp\/v2\/tags?post=18091"}],"curies":[{"name":"wp","href":"https:\/\/api.w.org\/{rel}","templated":true}]}}