{"id":18099,"date":"2022-12-02T11:17:26","date_gmt":"2022-12-02T10:17:26","guid":{"rendered":"https:\/\/www.organisator.ch\/?p=18099"},"modified":"2022-12-02T11:17:26","modified_gmt":"2022-12-02T10:17:26","slug":"mitarbeiterverpflegung-felfel-uebernimmt-snaex","status":"publish","type":"post","link":"https:\/\/www.organisator.ch\/fr\/management\/2022-12-02\/mitarbeiterverpflegung-felfel-uebernimmt-snaex\/","title":{"rendered":"Restauration pour les employ\u00e9s : Felfel reprend Sn\u00e4x"},"content":{"rendered":"<figure id=\"attachment_18100\" aria-describedby=\"caption-attachment-18100\" style=\"width: 680px\" class=\"wp-caption alignnone\"><img loading=\"lazy\" decoding=\"async\" class=\"size-full wp-image-18100\" src=\"https:\/\/www.organisator.ch\/wp-content\/uploads\/2022\/12\/Mitarbeiterverpflegung-Felfel-uebernimmt-Snaex_Organisator.jpg\" alt=\"\" width=\"680\" height=\"422\" srcset=\"https:\/\/www.organisator.ch\/wp-content\/uploads\/2022\/12\/Mitarbeiterverpflegung-Felfel-uebernimmt-Snaex_Organisator.jpg 680w, https:\/\/www.organisator.ch\/wp-content\/uploads\/2022\/12\/Mitarbeiterverpflegung-Felfel-uebernimmt-Snaex_Organisator-18x12.jpg 18w, https:\/\/www.organisator.ch\/wp-content\/uploads\/2022\/12\/Mitarbeiterverpflegung-Felfel-uebernimmt-Snaex_Organisator-375x233.jpg 375w, https:\/\/www.organisator.ch\/wp-content\/uploads\/2022\/12\/Mitarbeiterverpflegung-Felfel-uebernimmt-Snaex_Organisator-564x350.jpg 564w\" sizes=\"auto, (max-width: 680px) 100vw, 680px\" \/><figcaption id=\"caption-attachment-18100\" class=\"wp-caption-text\">Une acquisition a lieu sur le march\u00e9 de la restauration pour les collaborateurs : Felfel int\u00e8gre la startup Sn\u00e4x. (Image : Felfel AG)<\/figcaption><\/figure>\n<p>L'entreprise Felfel, qui \u00e9tait elle-m\u00eame une start-up il y a encore quelques ann\u00e9es, continue de miser sur la croissance et reprend Sn\u00e4x. Depuis sa cr\u00e9ation il y a trois ans, la jeune entreprise Sn\u00e4x s'est \u00e9tablie avec succ\u00e8s sur le march\u00e9 de la restauration pour les collaborateurs et s'est constitu\u00e9 une importante client\u00e8le en Suisse al\u00e9manique. La startup a \u00e9t\u00e9 fond\u00e9e en 2019 par Sparrow Ventures. Comme Felfel, Sn\u00e4x mise sur des r\u00e9frig\u00e9rateurs qui peuvent \u00eatre install\u00e9s dans les entreprises et qui sont r\u00e9guli\u00e8rement remplis. Le traitement des commandes de repas se fait via une application. Lida Ahmadi, CEO et co-fondatrice de Sn\u00e4x, se r\u00e9jouit et d\u00e9clare : \"Nous sommes tr\u00e8s satisfaits que la sortie de Sn\u00e4x ait pu \u00eatre men\u00e9e \u00e0 bien. Nous sommes convaincus d'avoir trouv\u00e9 en Felfel l'acqu\u00e9reur id\u00e9al, car non seulement nous partageons la m\u00eame vision, mais nous avons aussi confiance en l'\u00e9quipe de Felfel pour d\u00e9fendre au mieux les int\u00e9r\u00eats de nos collaborateurs et de nos clients:es\".<\/p>\n<p>Felfel a \u00e9t\u00e9 fond\u00e9e en 2014, compte 800 clients dans toute la Suisse et emploie 120 personnes, dont une grande partie dans le d\u00e9veloppement culinaire, la technologie et l'analyse des donn\u00e9es. Outre l'accent mis sur les repas frais sur le lieu de travail, l'entreprise g\u00e8re avec <a href=\"https:\/\/www.organisator.ch\/de\/human-resources\/fit_im_job\/2021-10-19\/felfel-steigt-ins-kaffee-geschaeft-ein\/\">Gavetti<\/a> \u00e9galement sa propre marque de caf\u00e9, con\u00e7ue pour les bureaux. \"Pour pouvoir r\u00e9pondre aux exigences de qualit\u00e9 \u00e9lev\u00e9es malgr\u00e9 les conditions complexes du march\u00e9, il est indispensable d'atteindre une taille critique\", explique Anna Grassler, co-CEO de Felfel. \"Nous suivons l'\u00e9volution de Sn\u00e4x depuis sa cr\u00e9ation et sommes convaincus que cette jeune entreprise est non seulement un compl\u00e9ment id\u00e9al pour nous, mais qu'elle s'int\u00e9grera aussi parfaitement chez nous. Nous nous r\u00e9jouissons de ce d\u00e9fi et d'accueillir de nouveaux clients et membres de l'\u00e9quipe dans notre famille\".<\/p>\n<p><em>Source : <a href=\"http:\/\/www.felfel.ch\">Felfel AG<\/a><\/em><\/p>","protected":false},"excerpt":{"rendered":"<p>Das Unternehmen Felfel, noch bis vor wenigen Jahren selbst ein Startup, setzt weiter auf Wachstum und \u00fcbernimmt Sn\u00e4x. Das Jungunternehmen Sn\u00e4x hat sich seit Gr\u00fcndung vor drei Jahren erfolgreich am Markt f\u00fcr Mitarbeiterverpflegung etabliert und in der Deutschschweiz einen grossen Kundenstamm aufgebaut. Das Startup wurde 2019 von Sparrow Ventures gegr\u00fcndet. Wie Felfel setzt auch Sn\u00e4x [&hellip;]<\/p>\n","protected":false},"author":4,"featured_media":18100,"comment_status":"closed","ping_status":"closed","sticky":false,"template":"","format":"standard","meta":{"_acf_changed":false,"_yoast_wpseo_focuskw":"Mitarbeiterverpflegung","_yoast_wpseo_metadesc":"Mit der \u00dcbernahme von Sn\u00e4x st\u00e4rkt Felfel ihre Position als Marktf\u00fchrerin im Bereich der Mitarbeiterverpflegung.","articlekey":"","footnotes":""},"categories":[28],"tags":[2690,3539,451],"class_list":["post-18099","post","type-post","status-publish","format-standard","has-post-thumbnail","hentry","category-management","tag-mergers-akquisitions","tag-mitarbeiterverpflegung","tag-startups"],"acf":[],"yoast_head":"<!-- This site is optimized with the Yoast SEO plugin v27.5 - https:\/\/yoast.com\/product\/yoast-seo-wordpress\/ -->\n<title>Mitarbeiterverpflegung: Felfel \u00fcbernimmt Sn\u00e4x - Organisator<\/title>\n<meta name=\"description\" content=\"Mit der \u00dcbernahme von Sn\u00e4x st\u00e4rkt Felfel ihre Position als Marktf\u00fchrerin im Bereich der Mitarbeiterverpflegung.\" \/>\n<meta name=\"robots\" content=\"index, follow, max-snippet:-1, max-image-preview:large, max-video-preview:-1\" \/>\n<link rel=\"canonical\" href=\"https:\/\/www.organisator.ch\/fr\/gestion-2\/2022-12-02\/mitarbeiterverpflegung-felfel-uebernimmt-snaex\/\" \/>\n<meta property=\"og:locale\" content=\"fr_FR\" \/>\n<meta property=\"og:type\" content=\"article\" \/>\n<meta property=\"og:title\" content=\"Mitarbeiterverpflegung: Felfel \u00fcbernimmt Sn\u00e4x\" \/>\n<meta property=\"og:description\" content=\"Mit der \u00dcbernahme von Sn\u00e4x st\u00e4rkt Felfel ihre Position als Marktf\u00fchrerin im Bereich der Mitarbeiterverpflegung.\" \/>\n<meta property=\"og:url\" content=\"https:\/\/www.organisator.ch\/fr\/gestion-2\/2022-12-02\/mitarbeiterverpflegung-felfel-uebernimmt-snaex\/\" \/>\n<meta property=\"og:site_name\" content=\"Organisator\" \/>\n<meta property=\"article:publisher\" content=\"https:\/\/www.facebook.com\/OrganisatorFachmagazin\" \/>\n<meta property=\"article:published_time\" content=\"2022-12-02T10:17:26+00:00\" \/>\n<meta property=\"og:image\" content=\"https:\/\/www.organisator.ch\/wp-content\/uploads\/2022\/12\/Mitarbeiterverpflegung-Felfel-uebernimmt-Snaex_Organisator.jpg\" \/>\n\t<meta property=\"og:image:width\" content=\"680\" \/>\n\t<meta property=\"og:image:height\" content=\"422\" \/>\n\t<meta property=\"og:image:type\" content=\"image\/jpeg\" \/>\n<meta name=\"author\" content=\"thomas.berner\" \/>\n<meta name=\"twitter:card\" content=\"summary_large_image\" \/>\n<meta name=\"twitter:title\" content=\"#Mitarbeiterverpflegung: #Felfel \u00fcbernimmt #Sn\u00e4x\" \/>\n<meta name=\"twitter:description\" content=\"Mit der \u00dcbernahme von #Sn\u00e4x st\u00e4rkt #Felfel ihre Position als Marktf\u00fchrerin im Bereich der #Mitarbeiterverpflegung.\" \/>\n<meta name=\"twitter:image\" content=\"https:\/\/www.organisator.ch\/wp-content\/uploads\/2022\/12\/Mitarbeiterverpflegung-Felfel-uebernimmt-Snaex_Organisator.jpg\" \/>\n<script type=\"application\/ld+json\" class=\"yoast-schema-graph\">{\"@context\":\"https:\\\/\\\/schema.org\",\"@graph\":[{\"@type\":\"Article\",\"@id\":\"https:\\\/\\\/www.organisator.ch\\\/management\\\/2022-12-02\\\/mitarbeiterverpflegung-felfel-uebernimmt-snaex\\\/#article\",\"isPartOf\":{\"@id\":\"https:\\\/\\\/www.organisator.ch\\\/management\\\/2022-12-02\\\/mitarbeiterverpflegung-felfel-uebernimmt-snaex\\\/\"},\"author\":{\"name\":\"thomas.berner\",\"@id\":\"https:\\\/\\\/www.organisator.ch\\\/#\\\/schema\\\/person\\\/6f650f90b2842cd4c0cc334b4e36f67e\"},\"headline\":\"Mitarbeiterverpflegung: Felfel \u00fcbernimmt Sn\u00e4x\",\"datePublished\":\"2022-12-02T10:17:26+00:00\",\"mainEntityOfPage\":{\"@id\":\"https:\\\/\\\/www.organisator.ch\\\/management\\\/2022-12-02\\\/mitarbeiterverpflegung-felfel-uebernimmt-snaex\\\/\"},\"wordCount\":320,\"publisher\":{\"@id\":\"https:\\\/\\\/www.organisator.ch\\\/#organization\"},\"image\":{\"@id\":\"https:\\\/\\\/www.organisator.ch\\\/management\\\/2022-12-02\\\/mitarbeiterverpflegung-felfel-uebernimmt-snaex\\\/#primaryimage\"},\"thumbnailUrl\":\"https:\\\/\\\/www.organisator.ch\\\/wp-content\\\/uploads\\\/2022\\\/12\\\/Mitarbeiterverpflegung-Felfel-uebernimmt-Snaex_Organisator.jpg\",\"keywords\":[\"Mergers &amp; Akquisitions\",\"Mitarbeiterverpflegung\",\"Startups\"],\"articleSection\":[\"MANAGEMENT\"],\"inLanguage\":\"fr-FR\"},{\"@type\":\"WebPage\",\"@id\":\"https:\\\/\\\/www.organisator.ch\\\/management\\\/2022-12-02\\\/mitarbeiterverpflegung-felfel-uebernimmt-snaex\\\/\",\"url\":\"https:\\\/\\\/www.organisator.ch\\\/management\\\/2022-12-02\\\/mitarbeiterverpflegung-felfel-uebernimmt-snaex\\\/\",\"name\":\"Mitarbeiterverpflegung: Felfel \u00fcbernimmt Sn\u00e4x - Organisator\",\"isPartOf\":{\"@id\":\"https:\\\/\\\/www.organisator.ch\\\/#website\"},\"primaryImageOfPage\":{\"@id\":\"https:\\\/\\\/www.organisator.ch\\\/management\\\/2022-12-02\\\/mitarbeiterverpflegung-felfel-uebernimmt-snaex\\\/#primaryimage\"},\"image\":{\"@id\":\"https:\\\/\\\/www.organisator.ch\\\/management\\\/2022-12-02\\\/mitarbeiterverpflegung-felfel-uebernimmt-snaex\\\/#primaryimage\"},\"thumbnailUrl\":\"https:\\\/\\\/www.organisator.ch\\\/wp-content\\\/uploads\\\/2022\\\/12\\\/Mitarbeiterverpflegung-Felfel-uebernimmt-Snaex_Organisator.jpg\",\"datePublished\":\"2022-12-02T10:17:26+00:00\",\"description\":\"Mit der \u00dcbernahme von Sn\u00e4x st\u00e4rkt Felfel ihre Position als Marktf\u00fchrerin im Bereich der Mitarbeiterverpflegung.\",\"breadcrumb\":{\"@id\":\"https:\\\/\\\/www.organisator.ch\\\/management\\\/2022-12-02\\\/mitarbeiterverpflegung-felfel-uebernimmt-snaex\\\/#breadcrumb\"},\"inLanguage\":\"fr-FR\",\"potentialAction\":[{\"@type\":\"ReadAction\",\"target\":[\"https:\\\/\\\/www.organisator.ch\\\/management\\\/2022-12-02\\\/mitarbeiterverpflegung-felfel-uebernimmt-snaex\\\/\"]}]},{\"@type\":\"ImageObject\",\"inLanguage\":\"fr-FR\",\"@id\":\"https:\\\/\\\/www.organisator.ch\\\/management\\\/2022-12-02\\\/mitarbeiterverpflegung-felfel-uebernimmt-snaex\\\/#primaryimage\",\"url\":\"https:\\\/\\\/www.organisator.ch\\\/wp-content\\\/uploads\\\/2022\\\/12\\\/Mitarbeiterverpflegung-Felfel-uebernimmt-Snaex_Organisator.jpg\",\"contentUrl\":\"https:\\\/\\\/www.organisator.ch\\\/wp-content\\\/uploads\\\/2022\\\/12\\\/Mitarbeiterverpflegung-Felfel-uebernimmt-Snaex_Organisator.jpg\",\"width\":680,\"height\":422,\"caption\":\"Im Markt der Mitarbeiterverpflegung kommt es zu einer \u00dcbernahme: Felfel integriert das Startup Sn\u00e4x. (Bild: Felfel AG)\"},{\"@type\":\"BreadcrumbList\",\"@id\":\"https:\\\/\\\/www.organisator.ch\\\/management\\\/2022-12-02\\\/mitarbeiterverpflegung-felfel-uebernimmt-snaex\\\/#breadcrumb\",\"itemListElement\":[{\"@type\":\"ListItem\",\"position\":1,\"name\":\"Home\",\"item\":\"https:\\\/\\\/www.organisator.ch\\\/\"},{\"@type\":\"ListItem\",\"position\":2,\"name\":\"Mitarbeiterverpflegung: Felfel \u00fcbernimmt Sn\u00e4x\"}]},{\"@type\":\"WebSite\",\"@id\":\"https:\\\/\\\/www.organisator.ch\\\/#website\",\"url\":\"https:\\\/\\\/www.organisator.ch\\\/\",\"name\":\"Organisator\",\"description\":\"Kompetent. Praxisnah. Der ORGANISATOR bereitet in 10 Ausgaben pro Jahr die wesentlichen Themen f\u00fcr F\u00fchrungskr\u00e4fte von KMU auf.\",\"publisher\":{\"@id\":\"https:\\\/\\\/www.organisator.ch\\\/#organization\"},\"potentialAction\":[{\"@type\":\"SearchAction\",\"target\":{\"@type\":\"EntryPoint\",\"urlTemplate\":\"https:\\\/\\\/www.organisator.ch\\\/?s={search_term_string}\"},\"query-input\":{\"@type\":\"PropertyValueSpecification\",\"valueRequired\":true,\"valueName\":\"search_term_string\"}}],\"inLanguage\":\"fr-FR\"},{\"@type\":\"Organization\",\"@id\":\"https:\\\/\\\/www.organisator.ch\\\/#organization\",\"name\":\"Organisator\",\"url\":\"https:\\\/\\\/www.organisator.ch\\\/\",\"logo\":{\"@type\":\"ImageObject\",\"inLanguage\":\"fr-FR\",\"@id\":\"https:\\\/\\\/www.organisator.ch\\\/#\\\/schema\\\/logo\\\/image\\\/\",\"url\":\"https:\\\/\\\/www.organisator.ch\\\/wp-content\\\/uploads\\\/2022\\\/01\\\/Logo_Organisator_Website.png\",\"contentUrl\":\"https:\\\/\\\/www.organisator.ch\\\/wp-content\\\/uploads\\\/2022\\\/01\\\/Logo_Organisator_Website.png\",\"width\":800,\"height\":77,\"caption\":\"Organisator\"},\"image\":{\"@id\":\"https:\\\/\\\/www.organisator.ch\\\/#\\\/schema\\\/logo\\\/image\\\/\"},\"sameAs\":[\"https:\\\/\\\/www.facebook.com\\\/OrganisatorFachmagazin\",\"https:\\\/\\\/www.linkedin.com\\\/showcase\\\/organisator-das-magazin-fr-kmu\",\"https:\\\/\\\/www.xing.com\\\/news\\\/pages\\\/organisator-ch-695\",\"https:\\\/\\\/www.youtube.com\\\/channel\\\/UCGP2Sq0iWaZwT3BdIAQFYpw\"]},{\"@type\":\"Person\",\"@id\":\"https:\\\/\\\/www.organisator.ch\\\/#\\\/schema\\\/person\\\/6f650f90b2842cd4c0cc334b4e36f67e\",\"name\":\"thomas.berner\",\"image\":{\"@type\":\"ImageObject\",\"inLanguage\":\"fr-FR\",\"@id\":\"https:\\\/\\\/secure.gravatar.com\\\/avatar\\\/ac5001d2a36cb6c6cd3e50789007ffca834b477b74a2144564522e944eabff61?s=96&d=mm&r=g\",\"url\":\"https:\\\/\\\/secure.gravatar.com\\\/avatar\\\/ac5001d2a36cb6c6cd3e50789007ffca834b477b74a2144564522e944eabff61?s=96&d=mm&r=g\",\"contentUrl\":\"https:\\\/\\\/secure.gravatar.com\\\/avatar\\\/ac5001d2a36cb6c6cd3e50789007ffca834b477b74a2144564522e944eabff61?s=96&d=mm&r=g\",\"caption\":\"thomas.berner\"},\"url\":\"https:\\\/\\\/www.organisator.ch\\\/fr\\\/author\\\/thomas-berner\\\/\"}]}<\/script>\n<!-- \/ Yoast SEO plugin. -->","yoast_head_json":{"title":"Restauration pour les employ\u00e9s : Felfel reprend Sn\u00e4x - Organisateur","description":"Avec l'acquisition de Sn\u00e4x, Felfel renforce sa position de leader du march\u00e9 dans le domaine de la restauration pour les collaborateurs.","robots":{"index":"index","follow":"follow","max-snippet":"max-snippet:-1","max-image-preview":"max-image-preview:large","max-video-preview":"max-video-preview:-1"},"canonical":"https:\/\/www.organisator.ch\/fr\/gestion-2\/2022-12-02\/mitarbeiterverpflegung-felfel-uebernimmt-snaex\/","og_locale":"fr_FR","og_type":"article","og_title":"Mitarbeiterverpflegung: Felfel \u00fcbernimmt Sn\u00e4x","og_description":"Mit der \u00dcbernahme von Sn\u00e4x st\u00e4rkt Felfel ihre Position als Marktf\u00fchrerin im Bereich der Mitarbeiterverpflegung.","og_url":"https:\/\/www.organisator.ch\/fr\/gestion-2\/2022-12-02\/mitarbeiterverpflegung-felfel-uebernimmt-snaex\/","og_site_name":"Organisator","article_publisher":"https:\/\/www.facebook.com\/OrganisatorFachmagazin","article_published_time":"2022-12-02T10:17:26+00:00","og_image":[{"width":680,"height":422,"url":"https:\/\/www.organisator.ch\/wp-content\/uploads\/2022\/12\/Mitarbeiterverpflegung-Felfel-uebernimmt-Snaex_Organisator.jpg","type":"image\/jpeg"}],"author":"thomas.berner","twitter_card":"summary_large_image","twitter_title":"#Mitarbeiterverpflegung: #Felfel \u00fcbernimmt #Sn\u00e4x","twitter_description":"Mit der \u00dcbernahme von #Sn\u00e4x st\u00e4rkt #Felfel ihre Position als Marktf\u00fchrerin im Bereich der #Mitarbeiterverpflegung.","twitter_image":"https:\/\/www.organisator.ch\/wp-content\/uploads\/2022\/12\/Mitarbeiterverpflegung-Felfel-uebernimmt-Snaex_Organisator.jpg","schema":{"@context":"https:\/\/schema.org","@graph":[{"@type":"Article","@id":"https:\/\/www.organisator.ch\/management\/2022-12-02\/mitarbeiterverpflegung-felfel-uebernimmt-snaex\/#article","isPartOf":{"@id":"https:\/\/www.organisator.ch\/management\/2022-12-02\/mitarbeiterverpflegung-felfel-uebernimmt-snaex\/"},"author":{"name":"thomas.berner","@id":"https:\/\/www.organisator.ch\/#\/schema\/person\/6f650f90b2842cd4c0cc334b4e36f67e"},"headline":"Mitarbeiterverpflegung: Felfel \u00fcbernimmt Sn\u00e4x","datePublished":"2022-12-02T10:17:26+00:00","mainEntityOfPage":{"@id":"https:\/\/www.organisator.ch\/management\/2022-12-02\/mitarbeiterverpflegung-felfel-uebernimmt-snaex\/"},"wordCount":320,"publisher":{"@id":"https:\/\/www.organisator.ch\/#organization"},"image":{"@id":"https:\/\/www.organisator.ch\/management\/2022-12-02\/mitarbeiterverpflegung-felfel-uebernimmt-snaex\/#primaryimage"},"thumbnailUrl":"https:\/\/www.organisator.ch\/wp-content\/uploads\/2022\/12\/Mitarbeiterverpflegung-Felfel-uebernimmt-Snaex_Organisator.jpg","keywords":["Mergers &amp; Akquisitions","Mitarbeiterverpflegung","Startups"],"articleSection":["MANAGEMENT"],"inLanguage":"fr-FR"},{"@type":"WebPage","@id":"https:\/\/www.organisator.ch\/management\/2022-12-02\/mitarbeiterverpflegung-felfel-uebernimmt-snaex\/","url":"https:\/\/www.organisator.ch\/management\/2022-12-02\/mitarbeiterverpflegung-felfel-uebernimmt-snaex\/","name":"Restauration pour les employ\u00e9s : Felfel reprend Sn\u00e4x - Organisateur","isPartOf":{"@id":"https:\/\/www.organisator.ch\/#website"},"primaryImageOfPage":{"@id":"https:\/\/www.organisator.ch\/management\/2022-12-02\/mitarbeiterverpflegung-felfel-uebernimmt-snaex\/#primaryimage"},"image":{"@id":"https:\/\/www.organisator.ch\/management\/2022-12-02\/mitarbeiterverpflegung-felfel-uebernimmt-snaex\/#primaryimage"},"thumbnailUrl":"https:\/\/www.organisator.ch\/wp-content\/uploads\/2022\/12\/Mitarbeiterverpflegung-Felfel-uebernimmt-Snaex_Organisator.jpg","datePublished":"2022-12-02T10:17:26+00:00","description":"Avec l'acquisition de Sn\u00e4x, Felfel renforce sa position de leader du march\u00e9 dans le domaine de la restauration pour les collaborateurs.","breadcrumb":{"@id":"https:\/\/www.organisator.ch\/management\/2022-12-02\/mitarbeiterverpflegung-felfel-uebernimmt-snaex\/#breadcrumb"},"inLanguage":"fr-FR","potentialAction":[{"@type":"ReadAction","target":["https:\/\/www.organisator.ch\/management\/2022-12-02\/mitarbeiterverpflegung-felfel-uebernimmt-snaex\/"]}]},{"@type":"ImageObject","inLanguage":"fr-FR","@id":"https:\/\/www.organisator.ch\/management\/2022-12-02\/mitarbeiterverpflegung-felfel-uebernimmt-snaex\/#primaryimage","url":"https:\/\/www.organisator.ch\/wp-content\/uploads\/2022\/12\/Mitarbeiterverpflegung-Felfel-uebernimmt-Snaex_Organisator.jpg","contentUrl":"https:\/\/www.organisator.ch\/wp-content\/uploads\/2022\/12\/Mitarbeiterverpflegung-Felfel-uebernimmt-Snaex_Organisator.jpg","width":680,"height":422,"caption":"Im Markt der Mitarbeiterverpflegung kommt es zu einer \u00dcbernahme: Felfel integriert das Startup Sn\u00e4x. (Bild: Felfel AG)"},{"@type":"BreadcrumbList","@id":"https:\/\/www.organisator.ch\/management\/2022-12-02\/mitarbeiterverpflegung-felfel-uebernimmt-snaex\/#breadcrumb","itemListElement":[{"@type":"ListItem","position":1,"name":"Home","item":"https:\/\/www.organisator.ch\/"},{"@type":"ListItem","position":2,"name":"Mitarbeiterverpflegung: Felfel \u00fcbernimmt Sn\u00e4x"}]},{"@type":"WebSite","@id":"https:\/\/www.organisator.ch\/#website","url":"https:\/\/www.organisator.ch\/","name":"Organisateur","description":"Comp\u00e9tence et comp\u00e9tence. Proches de la pratique. L'ORGANISATEUR pr\u00e9pare 10 num\u00e9ros par an sur les th\u00e8mes essentiels pour les dirigeants de PME.","publisher":{"@id":"https:\/\/www.organisator.ch\/#organization"},"potentialAction":[{"@type":"SearchAction","target":{"@type":"EntryPoint","urlTemplate":"https:\/\/www.organisator.ch\/?s={search_term_string}"},"query-input":{"@type":"PropertyValueSpecification","valueRequired":true,"valueName":"search_term_string"}}],"inLanguage":"fr-FR"},{"@type":"Organization","@id":"https:\/\/www.organisator.ch\/#organization","name":"Organisateur","url":"https:\/\/www.organisator.ch\/","logo":{"@type":"ImageObject","inLanguage":"fr-FR","@id":"https:\/\/www.organisator.ch\/#\/schema\/logo\/image\/","url":"https:\/\/www.organisator.ch\/wp-content\/uploads\/2022\/01\/Logo_Organisator_Website.png","contentUrl":"https:\/\/www.organisator.ch\/wp-content\/uploads\/2022\/01\/Logo_Organisator_Website.png","width":800,"height":77,"caption":"Organisator"},"image":{"@id":"https:\/\/www.organisator.ch\/#\/schema\/logo\/image\/"},"sameAs":["https:\/\/www.facebook.com\/OrganisatorFachmagazin","https:\/\/www.linkedin.com\/showcase\/organisator-das-magazin-fr-kmu","https:\/\/www.xing.com\/news\/pages\/organisator-ch-695","https:\/\/www.youtube.com\/channel\/UCGP2Sq0iWaZwT3BdIAQFYpw"]},{"@type":"Person","@id":"https:\/\/www.organisator.ch\/#\/schema\/person\/6f650f90b2842cd4c0cc334b4e36f67e","name":"thomas.berner","image":{"@type":"ImageObject","inLanguage":"fr-FR","@id":"https:\/\/secure.gravatar.com\/avatar\/ac5001d2a36cb6c6cd3e50789007ffca834b477b74a2144564522e944eabff61?s=96&d=mm&r=g","url":"https:\/\/secure.gravatar.com\/avatar\/ac5001d2a36cb6c6cd3e50789007ffca834b477b74a2144564522e944eabff61?s=96&d=mm&r=g","contentUrl":"https:\/\/secure.gravatar.com\/avatar\/ac5001d2a36cb6c6cd3e50789007ffca834b477b74a2144564522e944eabff61?s=96&d=mm&r=g","caption":"thomas.berner"},"url":"https:\/\/www.organisator.ch\/fr\/author\/thomas-berner\/"}]}},"_links":{"self":[{"href":"https:\/\/www.organisator.ch\/fr\/wp-json\/wp\/v2\/posts\/18099","targetHints":{"allow":["GET"]}}],"collection":[{"href":"https:\/\/www.organisator.ch\/fr\/wp-json\/wp\/v2\/posts"}],"about":[{"href":"https:\/\/www.organisator.ch\/fr\/wp-json\/wp\/v2\/types\/post"}],"author":[{"embeddable":true,"href":"https:\/\/www.organisator.ch\/fr\/wp-json\/wp\/v2\/users\/4"}],"replies":[{"embeddable":true,"href":"https:\/\/www.organisator.ch\/fr\/wp-json\/wp\/v2\/comments?post=18099"}],"version-history":[{"count":1,"href":"https:\/\/www.organisator.ch\/fr\/wp-json\/wp\/v2\/posts\/18099\/revisions"}],"predecessor-version":[{"id":18101,"href":"https:\/\/www.organisator.ch\/fr\/wp-json\/wp\/v2\/posts\/18099\/revisions\/18101"}],"wp:featuredmedia":[{"embeddable":true,"href":"https:\/\/www.organisator.ch\/fr\/wp-json\/wp\/v2\/media\/18100"}],"wp:attachment":[{"href":"https:\/\/www.organisator.ch\/fr\/wp-json\/wp\/v2\/media?parent=18099"}],"wp:term":[{"taxonomy":"category","embeddable":true,"href":"https:\/\/www.organisator.ch\/fr\/wp-json\/wp\/v2\/categories?post=18099"},{"taxonomy":"post_tag","embeddable":true,"href":"https:\/\/www.organisator.ch\/fr\/wp-json\/wp\/v2\/tags?post=18099"}],"curies":[{"name":"wp","href":"https:\/\/api.w.org\/{rel}","templated":true}]}}