{"id":18102,"date":"2022-12-02T11:36:23","date_gmt":"2022-12-02T10:36:23","guid":{"rendered":"https:\/\/www.organisator.ch\/?p=18102"},"modified":"2022-12-16T07:29:43","modified_gmt":"2022-12-16T06:29:43","slug":"kommunikation-erst-artikulieren-dann-relativieren","status":"publish","type":"post","link":"https:\/\/www.organisator.ch\/fr\/management\/2022-12-02\/kommunikation-erst-artikulieren-dann-relativieren\/","title":{"rendered":"Communication : articuler d'abord, relativiser ensuite ?"},"content":{"rendered":"<figure id=\"attachment_18103\" aria-describedby=\"caption-attachment-18103\" style=\"width: 680px\" class=\"wp-caption alignnone\"><img loading=\"lazy\" decoding=\"async\" class=\"size-full wp-image-18103\" src=\"https:\/\/www.organisator.ch\/wp-content\/uploads\/2022\/12\/Kommunikation-Erst-artikulieren-dann-relativieren_Organisator.jpg\" alt=\"\" width=\"680\" height=\"453\" srcset=\"https:\/\/www.organisator.ch\/wp-content\/uploads\/2022\/12\/Kommunikation-Erst-artikulieren-dann-relativieren_Organisator.jpg 680w, https:\/\/www.organisator.ch\/wp-content\/uploads\/2022\/12\/Kommunikation-Erst-artikulieren-dann-relativieren_Organisator-18x12.jpg 18w, https:\/\/www.organisator.ch\/wp-content\/uploads\/2022\/12\/Kommunikation-Erst-artikulieren-dann-relativieren_Organisator-375x250.jpg 375w, https:\/\/www.organisator.ch\/wp-content\/uploads\/2022\/12\/Kommunikation-Erst-artikulieren-dann-relativieren_Organisator-525x350.jpg 525w\" sizes=\"auto, (max-width: 680px) 100vw, 680px\" \/><figcaption id=\"caption-attachment-18103\" class=\"wp-caption-text\">Pourquoi seule l'action rend la communication cr\u00e9dible : car si l'on cr\u00e9e une attente et que l'on se comporte ensuite diff\u00e9remment, le super-GAU en mati\u00e8re de communication ne se fait pas attendre. (Image : Adobe Stock)<\/figcaption><\/figure>\n<p>Il s'agit d'un sabotage \u00e0 grande \u00e9chelle de sa propre r\u00e9putation : des managers qui se laissent manifestement trop aller. Des salaires mirobolants, un parc automobile consid\u00e9rable et des escapades lors de soir\u00e9es sont r\u00e9v\u00e9l\u00e9s au public. Le tout devient explosif en raison des pertes \u00e9lev\u00e9es, les collaborateurs sont licenci\u00e9s et l'entreprise se demande comment assurer sa propre survie. Les querelles sont m\u00e9diatis\u00e9es et l'image de marque en p\u00e2tit. A plus forte raison lorsque les banques d'investissement se d\u00e9cha\u00eenent sur la place financi\u00e8re.<\/p>\n<p>Jusqu'ici, tout va bien. Dans le monde actuel, o\u00f9 les gros titres se vendent bien et o\u00f9 certains scandales sont chass\u00e9s comme des pourceaux, certaines choses sont vite oubli\u00e9es. En g\u00e9n\u00e9ral, oui. Les erreurs commises en interne, m\u00eame si elles sont absurdes, disparaissent un jour dans le brouillard des affaires courantes. Mais lorsque cette banque fait r\u00e9guli\u00e8rement parler d'elle pour de telles d\u00e9rives, les choses deviennent d\u00e9licates. Car \u00e0 chaque fois, la direction de l'entreprise a assur\u00e9, suite \u00e0 un incident, que cela ne se reproduirait plus. Que l'entreprise mettrait tout en \u0153uvre pour que cela ne se reproduise plus \u00e0 l'avenir, que des cons\u00e9quences personnelles seraient tir\u00e9es. R\u00e9guli\u00e8rement, la banque a voulu s'engager \u00e0 faire preuve d'une nouvelle modestie.<\/p>\n<h3><strong>Je ne le r\u00e9p\u00e9terai pas...<\/strong><\/h3>\n<p>D'une part, cette forme de communication cr\u00e9e une attente. D'autre part, c'est pr\u00e9cis\u00e9ment cette strat\u00e9gie qui devient d\u00e9finitivement un super-GAU en mati\u00e8re de communication lorsque, quelques mois plus tard, il y a de nouveau des exc\u00e8s similaires \u00e0 enregistrer, \u00e0 articuler et \u00e0 relativiser. Seule l'action rend la communication cr\u00e9dible. Ou l'absence d'action la d\u00e9cr\u00e9dibilise. Ce n'est pas seulement l'affaire des grandes banques et de leurs services de communication bien form\u00e9s. M\u00eame si un parent dit trois fois de suite \u00e0 son enfant : \"Tu ne dois pas monter sur cette \u00e9chelle - je ne te le r\u00e9p\u00e9terai qu'une seule fois !\", non seulement il perd en cr\u00e9dibilit\u00e9, mais toute l'affaire tourne \u00e0 la farce.<\/p>\n<p>Le retour logique doit donc \u00eatre le suivant : Si je sais comment j'agis, je sais comment je dois communiquer. Mais soyons honn\u00eates : combien de fois arrive-t-il que l'on se lance dans une discussion sans savoir clairement ce que l'on veut ? Au final, il n'en ressort rien - dans le meilleur des cas. Dans le pire des cas, c'est justement la cr\u00e9dibilit\u00e9 qui en a p\u00e2ti. \"Parler de n'importe quoi\" comporte le risque de para\u00eetre peu cr\u00e9dible, donc peu vrai, en raison du manque de tangibilit\u00e9 du message.<\/p>\n<h3><strong>Celui qui n'a pas d\u00e9fini son objectif ne peut pas communiquer<\/strong><\/h3>\n<p>Tant d'entreprises organisent des r\u00e9unions dont une grande partie des participants ne savent souvent pas tr\u00e8s bien pourquoi ils sont ici et surtout pourquoi je suis ici. Si je ne le sais pas, l'objectif manque et la discussion se d\u00e9roule de mani\u00e8re ti\u00e8de et insatisfaisante. A la fin, la discussion entre la salle de r\u00e9union et la salle de pause d\u00e9bouche sur la constatation \"une fois de plus, cela n'a servi \u00e0 rien\". Il ne s'agit m\u00eame pas de la formule SMART bien connue d'une direction de r\u00e9union habile, il s'agit de ma pr\u00e9sentation, de mon comportement au sein du groupe. Cela n'a rien \u00e0 voir avec l'agenda de la r\u00e9union qui est arriv\u00e9 trop tard, mais avec le fait que je n'ai pas d\u00e9fini mon objectif \u00e0 ce moment pr\u00e9cis.<\/p>\n<p>De telles exp\u00e9riences permettent de formuler de mani\u00e8re belle et courageuse des th\u00e8ses comportementales bien connues : Il faut \u00eatre clair, orient\u00e9 vers les objectifs et pourtant humainement proche et tangible. Les exigences pos\u00e9es ne sont pas seulement \u00e9lev\u00e9es, elles sont souvent en contradiction apparente. On doit \u00e0 la fois avoir une vue d'ensemble et \u00eatre toujours dans le pr\u00e9sent.<\/p>\n<p>Un regard sur le monde du th\u00e9\u00e2tre peut montrer comment la cr\u00e9dibilit\u00e9 dans la communication est li\u00e9e et peut r\u00e9ussir. Non, il ne s'agit pas de jouer la com\u00e9die \u00e0 l'autre, mais d'observer des \u00e9l\u00e9ments du travail th\u00e9\u00e2tral, avec lesquels on y travaille sur des personnages et une communication cr\u00e9dibles.<\/p>\n<h3><strong>Les actions et les contenus doivent correspondre\u00a0<\/strong><\/h3>\n<p>La cr\u00e9dibilit\u00e9 ne na\u00eet pas seulement dans le monde du th\u00e9\u00e2tre du fait que d'\u00e9ventuelles actions en aval correspondent \u00e0 ce qui a \u00e9t\u00e9 communiqu\u00e9 en amont. C'est comme la conclusion d'un message, lorsque l'action reprend ce qui a \u00e9t\u00e9 dit. Ce n'est qu'\u00e0 ce moment-l\u00e0 que l'on obtient une image globale coh\u00e9rente et cr\u00e9dible. A cela s'ajoute une r\u00e8gle cl\u00e9 du travail sc\u00e9nique : pas d'action sans but.<\/p>\n<p>Chaque petite action, m\u00eame la plus minuscule, est concr\u00e8te et a un but. Il n'y a pas d'acteur qui cherche ou fait quelque chose sur sc\u00e8ne. Il cherche une cl\u00e9 perdue, il admire la lampe, compte les fleurs - tout a un but, une finalit\u00e9. Le reste est rejet\u00e9 par le metteur en sc\u00e8ne avec l'\u00e9tiquette \"sans motivation\" et n'aura jamais d'effet - et n'aura donc pas d'espace ni de fen\u00eatre de temps sur sc\u00e8ne.<\/p>\n<p>L'action doit avoir un objectif clair. Elle doit avoir un objet clair. Une action n'a pas de sens si elle n'est pas achev\u00e9e ou si elle est ex\u00e9cut\u00e9e sans objectif. Et c'est pr\u00e9cis\u00e9ment pour cet objectif qu'un acteur doit pouvoir s'enthousiasmer. Seules les actions r\u00e9alis\u00e9es avec un engagement int\u00e9rieur pour l'objectif produisent l'effet escompt\u00e9.<\/p>\n<h3><strong>Objectif, impact, motivation - puis action\u00a0<\/strong><\/h3>\n<p>L'acteur admire la rose qui se trouve sur le sol. Il la ramasse, soit parce qu'il veut l'enlever, auquel cas il est motiv\u00e9 par le sens de l'ordre. Ou bien il est pouss\u00e9 par le besoin d'effacer toute trace de son ex-femme. Ou bien il les met dans un vase parce qu'il a une passion int\u00e9rieure pour les espaces bien am\u00e9nag\u00e9s. C'est l'objectif, l'effet, la motivation qui m\u00e8ne \u00e0 l'action et qui rend cette action cr\u00e9dible.<\/p>\n<p>Si, par exemple, vous \u00eates chef d'\u00e9quipe et que vous vous promenez le matin dans les locaux de production en criant \"Bonjour !\" au personnel, il y en a qui le font parce qu'ils ont lu dans un livre de motivation qu'il faut le faire. Mais cela n'a pas d'effet - dans le meilleur des cas, car dans le pire des cas, une telle d\u00e9marche peut aussi para\u00eetre cynique. Mais celui qui est conscient de ce qu'il fait ici, parce qu'il sait quel but il y associe, avance diff\u00e9remment dans les salles, rencontre ses semblables diff\u00e9remment, pour autant qu'il reste en contact avec ce but pendant ce temps.<\/p>\n<p>Conclusion : dans la vie de tous les jours, chaque action - aussi petite soit-elle - a un objectif.<\/p>\n<p><em><strong>Auteur :<br \/>\n<\/strong><a href=\"https:\/\/stefan-haeseli.com\/\">Stefan H\u00e4seli<\/a> est expert en communication cr\u00e9dible, keynote speaker, animateur et auteur de plusieurs livres. En tant qu'acteur form\u00e9 avec des ann\u00e9es d'exp\u00e9rience de la sc\u00e8ne, il \u00e9crit lui-m\u00eame des programmes de soir\u00e9e entiers. S'y ajoutent des engagements dans des films de cin\u00e9ma, des s\u00e9ries t\u00e9l\u00e9vis\u00e9es, des spots publicitaires t\u00e9l\u00e9vis\u00e9s et des films de formation. Il g\u00e8re une entreprise de formation en Suisse. H\u00e4seli est un orateur et un formateur prim\u00e9 \u00e0 plusieurs reprises au niveau international. La communication dans ses diff\u00e9rents univers et les d\u00e9tails dans le langage le fascinent et ont marqu\u00e9 son parcours professionnel. Ses articles sp\u00e9cialis\u00e9s et ses chroniques sont empreints d'un humour subtil.\u00a0<\/em><\/p>","protected":false},"excerpt":{"rendered":"<p>Es ist im grossen Stil eine Sabotage des eigenen Rufs: Manager, die es sich offensichtlich zu gut gehen lassen. Gigantische Geh\u00e4lter, ansehnlicher Wagenpark und Eskapaden auf Partys gelangen an die \u00d6ffentlichkeit. Brisant wird das ganze durch hohe Verluste, Mitarbeitende werden entlassen und der Betrieb steht vor der Frage, wie das eigene \u00dcberleben noch gesichert werden [&hellip;]<\/p>\n","protected":false},"author":4,"featured_media":18103,"comment_status":"closed","ping_status":"closed","sticky":false,"template":"","format":"standard","meta":{"_acf_changed":false,"_yoast_wpseo_focuskw":"Kommunikation","_yoast_wpseo_metadesc":"Wie Kommunikation und Handlung zusammenh\u00e4ngen, dar\u00fcber berichtet der Schweizer Kommunikations-Experte Stefan H\u00e4seli an einem Beispiel.","articlekey":"","footnotes":""},"categories":[28],"tags":[308,335],"class_list":["post-18102","post","type-post","status-publish","format-standard","has-post-thumbnail","hentry","category-management","tag-kommunikation","tag-management-und-unternehmensfuehrung"],"acf":[],"yoast_head":"<!-- This site is optimized with the Yoast SEO plugin v27.5 - https:\/\/yoast.com\/product\/yoast-seo-wordpress\/ -->\n<title>Kommunikation: Erst artikulieren, dann relativieren? - Organisator<\/title>\n<meta name=\"description\" content=\"Wie Kommunikation und Handlung zusammenh\u00e4ngen, dar\u00fcber berichtet der Schweizer Kommunikations-Experte Stefan H\u00e4seli an einem Beispiel.\" \/>\n<meta name=\"robots\" content=\"index, follow, max-snippet:-1, max-image-preview:large, max-video-preview:-1\" \/>\n<link rel=\"canonical\" href=\"https:\/\/www.organisator.ch\/fr\/gestion-2\/2022-12-02\/kommunikation-erst-artikulieren-dann-relativieren\/\" \/>\n<meta property=\"og:locale\" content=\"fr_FR\" \/>\n<meta property=\"og:type\" content=\"article\" \/>\n<meta property=\"og:title\" content=\"Kommunikation: Erst artikulieren, dann relativieren?\" \/>\n<meta property=\"og:description\" content=\"Wie Kommunikation und Handlung zusammenh\u00e4ngen, dar\u00fcber berichtet der Schweizer Kommunikations-Experte Stefan H\u00e4seli an einem Beispiel.\" \/>\n<meta property=\"og:url\" content=\"https:\/\/www.organisator.ch\/fr\/gestion-2\/2022-12-02\/kommunikation-erst-artikulieren-dann-relativieren\/\" \/>\n<meta property=\"og:site_name\" content=\"Organisator\" \/>\n<meta property=\"article:publisher\" content=\"https:\/\/www.facebook.com\/OrganisatorFachmagazin\" \/>\n<meta property=\"article:published_time\" content=\"2022-12-02T10:36:23+00:00\" \/>\n<meta property=\"article:modified_time\" content=\"2022-12-16T06:29:43+00:00\" \/>\n<meta property=\"og:image\" content=\"https:\/\/www.organisator.ch\/wp-content\/uploads\/2022\/12\/Kommunikation-Erst-artikulieren-dann-relativieren_Organisator.jpg\" \/>\n\t<meta property=\"og:image:width\" content=\"680\" \/>\n\t<meta property=\"og:image:height\" content=\"453\" \/>\n\t<meta property=\"og:image:type\" content=\"image\/jpeg\" \/>\n<meta name=\"author\" content=\"thomas.berner\" \/>\n<meta name=\"twitter:card\" content=\"summary_large_image\" \/>\n<meta name=\"twitter:title\" content=\"#Kommunikation: Erst #artikulieren, dann #relativieren?\" \/>\n<meta name=\"twitter:description\" content=\"Wie #Kommunikation und Handlung zusammenh\u00e4ngen, dar\u00fcber berichtet der Schweizer #Kommunikations-Experte Stefan #H\u00e4seli an einem Beispiel.\" \/>\n<meta name=\"twitter:image\" content=\"https:\/\/www.organisator.ch\/wp-content\/uploads\/2022\/12\/Kommunikation-Erst-artikulieren-dann-relativieren_Organisator.jpg\" \/>\n<script type=\"application\/ld+json\" class=\"yoast-schema-graph\">{\"@context\":\"https:\\\/\\\/schema.org\",\"@graph\":[{\"@type\":\"Article\",\"@id\":\"https:\\\/\\\/www.organisator.ch\\\/management\\\/2022-12-02\\\/kommunikation-erst-artikulieren-dann-relativieren\\\/#article\",\"isPartOf\":{\"@id\":\"https:\\\/\\\/www.organisator.ch\\\/management\\\/2022-12-02\\\/kommunikation-erst-artikulieren-dann-relativieren\\\/\"},\"author\":{\"name\":\"thomas.berner\",\"@id\":\"https:\\\/\\\/www.organisator.ch\\\/#\\\/schema\\\/person\\\/6f650f90b2842cd4c0cc334b4e36f67e\"},\"headline\":\"Kommunikation: Erst artikulieren, dann relativieren?\",\"datePublished\":\"2022-12-02T10:36:23+00:00\",\"dateModified\":\"2022-12-16T06:29:43+00:00\",\"mainEntityOfPage\":{\"@id\":\"https:\\\/\\\/www.organisator.ch\\\/management\\\/2022-12-02\\\/kommunikation-erst-artikulieren-dann-relativieren\\\/\"},\"wordCount\":1134,\"publisher\":{\"@id\":\"https:\\\/\\\/www.organisator.ch\\\/#organization\"},\"image\":{\"@id\":\"https:\\\/\\\/www.organisator.ch\\\/management\\\/2022-12-02\\\/kommunikation-erst-artikulieren-dann-relativieren\\\/#primaryimage\"},\"thumbnailUrl\":\"https:\\\/\\\/www.organisator.ch\\\/wp-content\\\/uploads\\\/2022\\\/12\\\/Kommunikation-Erst-artikulieren-dann-relativieren_Organisator.jpg\",\"keywords\":[\"Kommunikation\",\"Management und Unternehmensf\u00fchrung\"],\"articleSection\":[\"MANAGEMENT\"],\"inLanguage\":\"fr-FR\"},{\"@type\":\"WebPage\",\"@id\":\"https:\\\/\\\/www.organisator.ch\\\/management\\\/2022-12-02\\\/kommunikation-erst-artikulieren-dann-relativieren\\\/\",\"url\":\"https:\\\/\\\/www.organisator.ch\\\/management\\\/2022-12-02\\\/kommunikation-erst-artikulieren-dann-relativieren\\\/\",\"name\":\"Kommunikation: Erst artikulieren, dann relativieren? - Organisator\",\"isPartOf\":{\"@id\":\"https:\\\/\\\/www.organisator.ch\\\/#website\"},\"primaryImageOfPage\":{\"@id\":\"https:\\\/\\\/www.organisator.ch\\\/management\\\/2022-12-02\\\/kommunikation-erst-artikulieren-dann-relativieren\\\/#primaryimage\"},\"image\":{\"@id\":\"https:\\\/\\\/www.organisator.ch\\\/management\\\/2022-12-02\\\/kommunikation-erst-artikulieren-dann-relativieren\\\/#primaryimage\"},\"thumbnailUrl\":\"https:\\\/\\\/www.organisator.ch\\\/wp-content\\\/uploads\\\/2022\\\/12\\\/Kommunikation-Erst-artikulieren-dann-relativieren_Organisator.jpg\",\"datePublished\":\"2022-12-02T10:36:23+00:00\",\"dateModified\":\"2022-12-16T06:29:43+00:00\",\"description\":\"Wie Kommunikation und Handlung zusammenh\u00e4ngen, dar\u00fcber berichtet der Schweizer Kommunikations-Experte Stefan H\u00e4seli an einem Beispiel.\",\"breadcrumb\":{\"@id\":\"https:\\\/\\\/www.organisator.ch\\\/management\\\/2022-12-02\\\/kommunikation-erst-artikulieren-dann-relativieren\\\/#breadcrumb\"},\"inLanguage\":\"fr-FR\",\"potentialAction\":[{\"@type\":\"ReadAction\",\"target\":[\"https:\\\/\\\/www.organisator.ch\\\/management\\\/2022-12-02\\\/kommunikation-erst-artikulieren-dann-relativieren\\\/\"]}]},{\"@type\":\"ImageObject\",\"inLanguage\":\"fr-FR\",\"@id\":\"https:\\\/\\\/www.organisator.ch\\\/management\\\/2022-12-02\\\/kommunikation-erst-artikulieren-dann-relativieren\\\/#primaryimage\",\"url\":\"https:\\\/\\\/www.organisator.ch\\\/wp-content\\\/uploads\\\/2022\\\/12\\\/Kommunikation-Erst-artikulieren-dann-relativieren_Organisator.jpg\",\"contentUrl\":\"https:\\\/\\\/www.organisator.ch\\\/wp-content\\\/uploads\\\/2022\\\/12\\\/Kommunikation-Erst-artikulieren-dann-relativieren_Organisator.jpg\",\"width\":680,\"height\":453,\"caption\":\"Warum erst die Handlung die Kommunikation glaubw\u00fcrdig macht: Eine Erwartungshaltung aufbauen und sich dann anders verhalten? Der kommunikative Super-GAU l\u00e4sst dann nicht lange auf sich warten. (Bild: Adobe Stock)\"},{\"@type\":\"BreadcrumbList\",\"@id\":\"https:\\\/\\\/www.organisator.ch\\\/management\\\/2022-12-02\\\/kommunikation-erst-artikulieren-dann-relativieren\\\/#breadcrumb\",\"itemListElement\":[{\"@type\":\"ListItem\",\"position\":1,\"name\":\"Home\",\"item\":\"https:\\\/\\\/www.organisator.ch\\\/\"},{\"@type\":\"ListItem\",\"position\":2,\"name\":\"Kommunikation: Erst artikulieren, dann relativieren?\"}]},{\"@type\":\"WebSite\",\"@id\":\"https:\\\/\\\/www.organisator.ch\\\/#website\",\"url\":\"https:\\\/\\\/www.organisator.ch\\\/\",\"name\":\"Organisator\",\"description\":\"Kompetent. Praxisnah. Der ORGANISATOR bereitet in 10 Ausgaben pro Jahr die wesentlichen Themen f\u00fcr F\u00fchrungskr\u00e4fte von KMU auf.\",\"publisher\":{\"@id\":\"https:\\\/\\\/www.organisator.ch\\\/#organization\"},\"potentialAction\":[{\"@type\":\"SearchAction\",\"target\":{\"@type\":\"EntryPoint\",\"urlTemplate\":\"https:\\\/\\\/www.organisator.ch\\\/?s={search_term_string}\"},\"query-input\":{\"@type\":\"PropertyValueSpecification\",\"valueRequired\":true,\"valueName\":\"search_term_string\"}}],\"inLanguage\":\"fr-FR\"},{\"@type\":\"Organization\",\"@id\":\"https:\\\/\\\/www.organisator.ch\\\/#organization\",\"name\":\"Organisator\",\"url\":\"https:\\\/\\\/www.organisator.ch\\\/\",\"logo\":{\"@type\":\"ImageObject\",\"inLanguage\":\"fr-FR\",\"@id\":\"https:\\\/\\\/www.organisator.ch\\\/#\\\/schema\\\/logo\\\/image\\\/\",\"url\":\"https:\\\/\\\/www.organisator.ch\\\/wp-content\\\/uploads\\\/2022\\\/01\\\/Logo_Organisator_Website.png\",\"contentUrl\":\"https:\\\/\\\/www.organisator.ch\\\/wp-content\\\/uploads\\\/2022\\\/01\\\/Logo_Organisator_Website.png\",\"width\":800,\"height\":77,\"caption\":\"Organisator\"},\"image\":{\"@id\":\"https:\\\/\\\/www.organisator.ch\\\/#\\\/schema\\\/logo\\\/image\\\/\"},\"sameAs\":[\"https:\\\/\\\/www.facebook.com\\\/OrganisatorFachmagazin\",\"https:\\\/\\\/www.linkedin.com\\\/showcase\\\/organisator-das-magazin-fr-kmu\",\"https:\\\/\\\/www.xing.com\\\/news\\\/pages\\\/organisator-ch-695\",\"https:\\\/\\\/www.youtube.com\\\/channel\\\/UCGP2Sq0iWaZwT3BdIAQFYpw\"]},{\"@type\":\"Person\",\"@id\":\"https:\\\/\\\/www.organisator.ch\\\/#\\\/schema\\\/person\\\/6f650f90b2842cd4c0cc334b4e36f67e\",\"name\":\"thomas.berner\",\"image\":{\"@type\":\"ImageObject\",\"inLanguage\":\"fr-FR\",\"@id\":\"https:\\\/\\\/secure.gravatar.com\\\/avatar\\\/ac5001d2a36cb6c6cd3e50789007ffca834b477b74a2144564522e944eabff61?s=96&d=mm&r=g\",\"url\":\"https:\\\/\\\/secure.gravatar.com\\\/avatar\\\/ac5001d2a36cb6c6cd3e50789007ffca834b477b74a2144564522e944eabff61?s=96&d=mm&r=g\",\"contentUrl\":\"https:\\\/\\\/secure.gravatar.com\\\/avatar\\\/ac5001d2a36cb6c6cd3e50789007ffca834b477b74a2144564522e944eabff61?s=96&d=mm&r=g\",\"caption\":\"thomas.berner\"},\"url\":\"https:\\\/\\\/www.organisator.ch\\\/fr\\\/author\\\/thomas-berner\\\/\"}]}<\/script>\n<!-- \/ Yoast SEO plugin. -->","yoast_head_json":{"title":"Communication : articuler d'abord, relativiser ensuite ? - Organisateur","description":"Stefan H\u00e4seli, expert suisse en communication, explique \u00e0 l'aide d'un exemple comment la communication et l'action sont li\u00e9es.","robots":{"index":"index","follow":"follow","max-snippet":"max-snippet:-1","max-image-preview":"max-image-preview:large","max-video-preview":"max-video-preview:-1"},"canonical":"https:\/\/www.organisator.ch\/fr\/gestion-2\/2022-12-02\/kommunikation-erst-artikulieren-dann-relativieren\/","og_locale":"fr_FR","og_type":"article","og_title":"Kommunikation: Erst artikulieren, dann relativieren?","og_description":"Wie Kommunikation und Handlung zusammenh\u00e4ngen, dar\u00fcber berichtet der Schweizer Kommunikations-Experte Stefan H\u00e4seli an einem Beispiel.","og_url":"https:\/\/www.organisator.ch\/fr\/gestion-2\/2022-12-02\/kommunikation-erst-artikulieren-dann-relativieren\/","og_site_name":"Organisator","article_publisher":"https:\/\/www.facebook.com\/OrganisatorFachmagazin","article_published_time":"2022-12-02T10:36:23+00:00","article_modified_time":"2022-12-16T06:29:43+00:00","og_image":[{"width":680,"height":453,"url":"https:\/\/www.organisator.ch\/wp-content\/uploads\/2022\/12\/Kommunikation-Erst-artikulieren-dann-relativieren_Organisator.jpg","type":"image\/jpeg"}],"author":"thomas.berner","twitter_card":"summary_large_image","twitter_title":"#Kommunikation: Erst #artikulieren, dann #relativieren?","twitter_description":"Wie #Kommunikation und Handlung zusammenh\u00e4ngen, dar\u00fcber berichtet der Schweizer #Kommunikations-Experte Stefan #H\u00e4seli an einem Beispiel.","twitter_image":"https:\/\/www.organisator.ch\/wp-content\/uploads\/2022\/12\/Kommunikation-Erst-artikulieren-dann-relativieren_Organisator.jpg","schema":{"@context":"https:\/\/schema.org","@graph":[{"@type":"Article","@id":"https:\/\/www.organisator.ch\/management\/2022-12-02\/kommunikation-erst-artikulieren-dann-relativieren\/#article","isPartOf":{"@id":"https:\/\/www.organisator.ch\/management\/2022-12-02\/kommunikation-erst-artikulieren-dann-relativieren\/"},"author":{"name":"thomas.berner","@id":"https:\/\/www.organisator.ch\/#\/schema\/person\/6f650f90b2842cd4c0cc334b4e36f67e"},"headline":"Kommunikation: Erst artikulieren, dann relativieren?","datePublished":"2022-12-02T10:36:23+00:00","dateModified":"2022-12-16T06:29:43+00:00","mainEntityOfPage":{"@id":"https:\/\/www.organisator.ch\/management\/2022-12-02\/kommunikation-erst-artikulieren-dann-relativieren\/"},"wordCount":1134,"publisher":{"@id":"https:\/\/www.organisator.ch\/#organization"},"image":{"@id":"https:\/\/www.organisator.ch\/management\/2022-12-02\/kommunikation-erst-artikulieren-dann-relativieren\/#primaryimage"},"thumbnailUrl":"https:\/\/www.organisator.ch\/wp-content\/uploads\/2022\/12\/Kommunikation-Erst-artikulieren-dann-relativieren_Organisator.jpg","keywords":["Kommunikation","Management und Unternehmensf\u00fchrung"],"articleSection":["MANAGEMENT"],"inLanguage":"fr-FR"},{"@type":"WebPage","@id":"https:\/\/www.organisator.ch\/management\/2022-12-02\/kommunikation-erst-artikulieren-dann-relativieren\/","url":"https:\/\/www.organisator.ch\/management\/2022-12-02\/kommunikation-erst-artikulieren-dann-relativieren\/","name":"Communication : articuler d'abord, relativiser ensuite ? - Organisateur","isPartOf":{"@id":"https:\/\/www.organisator.ch\/#website"},"primaryImageOfPage":{"@id":"https:\/\/www.organisator.ch\/management\/2022-12-02\/kommunikation-erst-artikulieren-dann-relativieren\/#primaryimage"},"image":{"@id":"https:\/\/www.organisator.ch\/management\/2022-12-02\/kommunikation-erst-artikulieren-dann-relativieren\/#primaryimage"},"thumbnailUrl":"https:\/\/www.organisator.ch\/wp-content\/uploads\/2022\/12\/Kommunikation-Erst-artikulieren-dann-relativieren_Organisator.jpg","datePublished":"2022-12-02T10:36:23+00:00","dateModified":"2022-12-16T06:29:43+00:00","description":"Stefan H\u00e4seli, expert suisse en communication, explique \u00e0 l'aide d'un exemple comment la communication et l'action sont li\u00e9es.","breadcrumb":{"@id":"https:\/\/www.organisator.ch\/management\/2022-12-02\/kommunikation-erst-artikulieren-dann-relativieren\/#breadcrumb"},"inLanguage":"fr-FR","potentialAction":[{"@type":"ReadAction","target":["https:\/\/www.organisator.ch\/management\/2022-12-02\/kommunikation-erst-artikulieren-dann-relativieren\/"]}]},{"@type":"ImageObject","inLanguage":"fr-FR","@id":"https:\/\/www.organisator.ch\/management\/2022-12-02\/kommunikation-erst-artikulieren-dann-relativieren\/#primaryimage","url":"https:\/\/www.organisator.ch\/wp-content\/uploads\/2022\/12\/Kommunikation-Erst-artikulieren-dann-relativieren_Organisator.jpg","contentUrl":"https:\/\/www.organisator.ch\/wp-content\/uploads\/2022\/12\/Kommunikation-Erst-artikulieren-dann-relativieren_Organisator.jpg","width":680,"height":453,"caption":"Warum erst die Handlung die Kommunikation glaubw\u00fcrdig macht: Eine Erwartungshaltung aufbauen und sich dann anders verhalten? Der kommunikative Super-GAU l\u00e4sst dann nicht lange auf sich warten. (Bild: Adobe Stock)"},{"@type":"BreadcrumbList","@id":"https:\/\/www.organisator.ch\/management\/2022-12-02\/kommunikation-erst-artikulieren-dann-relativieren\/#breadcrumb","itemListElement":[{"@type":"ListItem","position":1,"name":"Home","item":"https:\/\/www.organisator.ch\/"},{"@type":"ListItem","position":2,"name":"Kommunikation: Erst artikulieren, dann relativieren?"}]},{"@type":"WebSite","@id":"https:\/\/www.organisator.ch\/#website","url":"https:\/\/www.organisator.ch\/","name":"Organisateur","description":"Comp\u00e9tence et comp\u00e9tence. Proches de la pratique. L'ORGANISATEUR pr\u00e9pare 10 num\u00e9ros par an sur les th\u00e8mes essentiels pour les dirigeants de PME.","publisher":{"@id":"https:\/\/www.organisator.ch\/#organization"},"potentialAction":[{"@type":"SearchAction","target":{"@type":"EntryPoint","urlTemplate":"https:\/\/www.organisator.ch\/?s={search_term_string}"},"query-input":{"@type":"PropertyValueSpecification","valueRequired":true,"valueName":"search_term_string"}}],"inLanguage":"fr-FR"},{"@type":"Organization","@id":"https:\/\/www.organisator.ch\/#organization","name":"Organisateur","url":"https:\/\/www.organisator.ch\/","logo":{"@type":"ImageObject","inLanguage":"fr-FR","@id":"https:\/\/www.organisator.ch\/#\/schema\/logo\/image\/","url":"https:\/\/www.organisator.ch\/wp-content\/uploads\/2022\/01\/Logo_Organisator_Website.png","contentUrl":"https:\/\/www.organisator.ch\/wp-content\/uploads\/2022\/01\/Logo_Organisator_Website.png","width":800,"height":77,"caption":"Organisator"},"image":{"@id":"https:\/\/www.organisator.ch\/#\/schema\/logo\/image\/"},"sameAs":["https:\/\/www.facebook.com\/OrganisatorFachmagazin","https:\/\/www.linkedin.com\/showcase\/organisator-das-magazin-fr-kmu","https:\/\/www.xing.com\/news\/pages\/organisator-ch-695","https:\/\/www.youtube.com\/channel\/UCGP2Sq0iWaZwT3BdIAQFYpw"]},{"@type":"Person","@id":"https:\/\/www.organisator.ch\/#\/schema\/person\/6f650f90b2842cd4c0cc334b4e36f67e","name":"thomas.berner","image":{"@type":"ImageObject","inLanguage":"fr-FR","@id":"https:\/\/secure.gravatar.com\/avatar\/ac5001d2a36cb6c6cd3e50789007ffca834b477b74a2144564522e944eabff61?s=96&d=mm&r=g","url":"https:\/\/secure.gravatar.com\/avatar\/ac5001d2a36cb6c6cd3e50789007ffca834b477b74a2144564522e944eabff61?s=96&d=mm&r=g","contentUrl":"https:\/\/secure.gravatar.com\/avatar\/ac5001d2a36cb6c6cd3e50789007ffca834b477b74a2144564522e944eabff61?s=96&d=mm&r=g","caption":"thomas.berner"},"url":"https:\/\/www.organisator.ch\/fr\/author\/thomas-berner\/"}]}},"_links":{"self":[{"href":"https:\/\/www.organisator.ch\/fr\/wp-json\/wp\/v2\/posts\/18102","targetHints":{"allow":["GET"]}}],"collection":[{"href":"https:\/\/www.organisator.ch\/fr\/wp-json\/wp\/v2\/posts"}],"about":[{"href":"https:\/\/www.organisator.ch\/fr\/wp-json\/wp\/v2\/types\/post"}],"author":[{"embeddable":true,"href":"https:\/\/www.organisator.ch\/fr\/wp-json\/wp\/v2\/users\/4"}],"replies":[{"embeddable":true,"href":"https:\/\/www.organisator.ch\/fr\/wp-json\/wp\/v2\/comments?post=18102"}],"version-history":[{"count":1,"href":"https:\/\/www.organisator.ch\/fr\/wp-json\/wp\/v2\/posts\/18102\/revisions"}],"predecessor-version":[{"id":18104,"href":"https:\/\/www.organisator.ch\/fr\/wp-json\/wp\/v2\/posts\/18102\/revisions\/18104"}],"wp:featuredmedia":[{"embeddable":true,"href":"https:\/\/www.organisator.ch\/fr\/wp-json\/wp\/v2\/media\/18103"}],"wp:attachment":[{"href":"https:\/\/www.organisator.ch\/fr\/wp-json\/wp\/v2\/media?parent=18102"}],"wp:term":[{"taxonomy":"category","embeddable":true,"href":"https:\/\/www.organisator.ch\/fr\/wp-json\/wp\/v2\/categories?post=18102"},{"taxonomy":"post_tag","embeddable":true,"href":"https:\/\/www.organisator.ch\/fr\/wp-json\/wp\/v2\/tags?post=18102"}],"curies":[{"name":"wp","href":"https:\/\/api.w.org\/{rel}","templated":true}]}}