{"id":18111,"date":"2022-12-06T03:39:51","date_gmt":"2022-12-06T02:39:51","guid":{"rendered":"https:\/\/www.organisator.ch\/?p=18111"},"modified":"2022-12-07T09:39:07","modified_gmt":"2022-12-07T08:39:07","slug":"smartfridge-emil-die-intelligente-loesung-fuer-glueckliche-mitarbeiterinnen","status":"publish","type":"post","link":"https:\/\/www.organisator.ch\/fr\/human-resources\/2022-12-06\/smartfridge-emil-die-intelligente-loesung-fuer-glueckliche-mitarbeiterinnen\/","title":{"rendered":"SmartFridge EMIL : la solution intelligente pour des employ\u00e9s heureux"},"content":{"rendered":"<figure id=\"attachment_18113\" aria-describedby=\"caption-attachment-18113\" style=\"width: 680px\" class=\"wp-caption alignnone\"><img loading=\"lazy\" decoding=\"async\" class=\"size-medium wp-image-18113\" src=\"https:\/\/www.organisator.ch\/wp-content\/uploads\/2022\/12\/PR_SVGroup_Bild_01-680x521.jpg\" alt=\"\" width=\"680\" height=\"521\" srcset=\"https:\/\/www.organisator.ch\/wp-content\/uploads\/2022\/12\/PR_SVGroup_Bild_01-680x521.jpg 680w, https:\/\/www.organisator.ch\/wp-content\/uploads\/2022\/12\/PR_SVGroup_Bild_01-1024x784.jpg 1024w, https:\/\/www.organisator.ch\/wp-content\/uploads\/2022\/12\/PR_SVGroup_Bild_01-768x588.jpg 768w, https:\/\/www.organisator.ch\/wp-content\/uploads\/2022\/12\/PR_SVGroup_Bild_01-1536x1176.jpg 1536w, https:\/\/www.organisator.ch\/wp-content\/uploads\/2022\/12\/PR_SVGroup_Bild_01-2048x1568.jpg 2048w, https:\/\/www.organisator.ch\/wp-content\/uploads\/2022\/12\/PR_SVGroup_Bild_01-16x12.jpg 16w, https:\/\/www.organisator.ch\/wp-content\/uploads\/2022\/12\/PR_SVGroup_Bild_01-375x287.jpg 375w, https:\/\/www.organisator.ch\/wp-content\/uploads\/2022\/12\/PR_SVGroup_Bild_01-457x350.jpg 457w, https:\/\/www.organisator.ch\/wp-content\/uploads\/2022\/12\/PR_SVGroup_Bild_01-1000x765.jpg 1000w, https:\/\/www.organisator.ch\/wp-content\/uploads\/2022\/12\/PR_SVGroup_Bild_01-scaled.jpg 1400w\" sizes=\"auto, (max-width: 680px) 100vw, 680px\" \/><figcaption id=\"caption-attachment-18113\" class=\"wp-caption-text\">EMIL n'est peut-\u00eatre \"qu'un\" r\u00e9frig\u00e9rateur, mais il a tout pour lui. Si l'on combine toutes ses caract\u00e9ristiques intelligentes, on obtient un QI de 127 - c'est vraiment un SmartFridge ! (Image : SV Group)<\/figcaption><\/figure>\n<p>\"Tu es aussi intelligent qu'un r\u00e9frig\u00e9rateur !\" De nombreuses personnes ne prendront sans doute pas cela comme un compliment.<\/p>\n<p>Mais le SmartFridge EMIL Fr\u00f6hlich le montre : un r\u00e9frig\u00e9rateur peut en effet \u00eatre intelligent ! En effet, la station de ravitaillement autonome de <a href=\"https:\/\/www.sv-group.ch\/de\/\">Groupe SV<\/a> ne se contente pas de proposer aux employ\u00e9s d'un large \u00e9ventail de PME suisses jusqu'\u00e0 300 options de plats, snacks et sucreries frais, sains et d\u00e9licieux. Gr\u00e2ce \u00e0 l'application et \u00e0 la technologie intelligente, il affine \u00e9galement automatiquement le choix culinaire en fonction des go\u00fbts du personnel.<\/p>\n<p>EMIL sert \u00e0 la demande, 24 heures sur 24 et 7 jours sur 7, confortablement et tr\u00e8s facilement par \"Tap, Grab &amp; Go\" \u00e0 chaque poste de travail. Pour nourrir avec bonheur et qualit\u00e9 les travailleurs en \u00e9quipe, les portiers de nuit, les professionnels des centres d'appel, les chercheurs apr\u00e8s leur rendez-vous en laboratoire et les h\u00f4tesses de l'air avant le d\u00e9collage, ainsi que les employ\u00e9s en situation de stress ou dans le d\u00e9sert alimentaire, il faut savoir faire preuve d'une bonne dose d'intelligence logistique, technique et culinaire - a fortiori en tant que r\u00e9frig\u00e9rateur.<\/p>\n<p>La liste ultime des raisons pour lesquelles le SmartFridge EMIL Fr\u00f6hlich ne se contente pas de r\u00e9pandre la bonne humeur, mais poss\u00e8de \u00e9galement un QI \u00e9lev\u00e9 :<\/p>\n<h3>- \"Tap, Grab &amp; Go\" - la simplicit\u00e9 intelligente<\/h3>\n<p>Celui qui a faim ou \"envie\" se rend au SmartFridge et ouvre l'application EMIL sur son t\u00e9l\u00e9phone portable. Une pression sur un bouton num\u00e9rique - et EMIL s'ouvre. Les clients peuvent choisir directement leur produit alimentaire, le sortir et le d\u00e9guster imm\u00e9diatement.<\/p>\n<p>Valeur du QI : 20<\/p>\n<h3>- R\u00e9servation et facturation automatiques via l'application - tout simplement smart<\/h3>\n<p>Si la porte du r\u00e9frig\u00e9rateur se ferme, EMIL enregistre le choix du produit par un scan en direct de l'inventaire. Le produit \"manquant\" est directement associ\u00e9 au compte client de l'utilisatrice d'EMIL via l'application encore active, o\u00f9 il est automatiquement factur\u00e9 et pay\u00e9. Le scannage compliqu\u00e9 des articles et le paiement num\u00e9rique s\u00e9par\u00e9, comme c'est la norme pour d'autres Food-Fridges, sont supprim\u00e9s.<\/p>\n<p>Valeur du QI : 25<\/p>\n<h3>- Petit mais costaud : un concentr\u00e9 d'intelligence par puce RFID :<\/h3>\n<p>C'est possible gr\u00e2ce \u00e0 la technologie RFID \"Grab&amp;Go\". EMIL poss\u00e8de une antenne d'identification par radiofr\u00e9quence int\u00e9gr\u00e9e. Celle-ci reconna\u00eet chaque article gr\u00e2ce \u00e0 la puce RFID de l'\u00e9tiquette. EMIL conna\u00eet ainsi \u00e0 tout moment l'\u00e9tat de son inventaire et les achats effectu\u00e9s par les clients identifi\u00e9s via l'application - sans avoir recours \u00e0 des techniques de d\u00e9tection complexes comme la vision par ordinateur ou la mesure du poids.<\/p>\n<p>Valeur du QI : 15<\/p>\n<h3>- EMIL est capable d'apprendre - Une restauration plus intelligente gr\u00e2ce aux connaissances du back-end<\/h3>\n<p>Gr\u00e2ce \u00e0 l'application et \u00e0 la RFID, EMIL ne se contente pas d'effectuer les achats au plus pr\u00e8s et sans probl\u00e8me. Gr\u00e2ce \u00e0 l'inventaire en direct, EMIL reconna\u00eet les produits manquants et effectue des commandes suppl\u00e9mentaires des plats les plus appr\u00e9ci\u00e9s dans la manufacture de SV Group. Sur cette base, EMIL Fr\u00f6hlich analyse m\u00eame le comportement d'achat de ses clients sur leur site individuel et adapte \u00e0 moyen terme l'approvisionnement en fonction de leurs pr\u00e9f\u00e9rences. L'intelligent EMIL est capable d'apprendre !<\/p>\n<p>Valeur du QI : 25<\/p>\n<h3>- Des fonctionnalit\u00e9s intelligentes : peu de donn\u00e9es, une protection \u00e9lev\u00e9e<\/h3>\n<p>Outre la mise \u00e0 disposition d'informations sur le menu, le plat, les additifs et les allerg\u00e8nes, l'EMIL-App permet aux utilisateurs de d\u00e9poser presque tous les moyens de paiement (sauf l'argent liquide !) dans le \"Wallet\". Et bien qu'elle envoie \u00e9galement sur demande des justificatifs de frais (avec n\u00b0 de TVA !) ou des newsletters, il suffit d'une adresse e-mail sans obligation d'indiquer un nom clair pour s'inscrire. Seul notre prestataire de services de paiement externe voit les donn\u00e9es personnelles et les informations sur les moyens de paiement. Celui-ci les prot\u00e8ge de mani\u00e8re s\u00fbre et fiable.<\/p>\n<p>Valeur du QI : 20<\/p>\n<h3>- Un mod\u00e8le de location intelligent - au b\u00e9n\u00e9fice de tous<\/h3>\n<p>Pour nourrir leur personnel avec EMIL, les entreprises clientes, par exemple les propri\u00e9taires de PME ou les directeurs des ressources humaines, paient des frais de service mensuels (forfait de location \u00e0 partir de 2100 CHF) pour le fonctionnement d'EMIL 24\/5 ou 24\/7, avec une option suppl\u00e9mentaire de subventionnement forfaitaire des produits. Les employ\u00e9s paient leurs propres consommations et b\u00e9n\u00e9ficient ainsi non seulement de currys, de wraps ou de plats de saison de haute qualit\u00e9 \u00e0 des prix proches de ceux du commerce de d\u00e9tail. Comme EMIL se charge de la restauration en interne, il permet \u00e9galement aux employ\u00e9s de gagner un temps pr\u00e9cieux pendant la pause de midi ! EMIL est simple, efficace et conventionnel - une solution de restauration intelligente !<\/p>\n<p>Valeur du QI : 12<\/p>\n<h3>- Smart Move : qualit\u00e9 culinaire et s\u00e9curit\u00e9 alimentaire<\/h3>\n<p>S'appuyant sur plus de 100 ans d'exp\u00e9rience de SV Group dans le domaine de la restauration, EMIL propose une qualit\u00e9 culinaire sup\u00e9rieure issue d'une production fine, savoureuse et non industrielle. Gr\u00e2ce \u00e0 sa propre cha\u00eene d'approvisionnement et \u00e0 son propre syst\u00e8me, les produits et les mati\u00e8res premi\u00e8res de SV Group peuvent \u00eatre trac\u00e9s jusqu'\u00e0 leur origine - si n\u00e9cessaire jusqu'\u00e0 l'\u00e9levage. EMIL et SV Group garantissent ainsi le plus haut niveau de s\u00e9curit\u00e9 alimentaire - un geste intelligent pour toute entreprise responsable en mati\u00e8re de restauration saine pour son personnel.<\/p>\n<p>Valeur du QI : 10<\/p>\n<figure id=\"attachment_18114\" aria-describedby=\"caption-attachment-18114\" style=\"width: 680px\" class=\"wp-caption alignnone\"><img loading=\"lazy\" decoding=\"async\" class=\"size-full wp-image-18114\" src=\"https:\/\/www.organisator.ch\/wp-content\/uploads\/2022\/12\/SmartFridge-EMIL-Froehlich-Gut-gelaunt-und-intelligent-2_Organisator.jpg\" alt=\"\" width=\"680\" height=\"454\" srcset=\"https:\/\/www.organisator.ch\/wp-content\/uploads\/2022\/12\/SmartFridge-EMIL-Froehlich-Gut-gelaunt-und-intelligent-2_Organisator.jpg 680w, https:\/\/www.organisator.ch\/wp-content\/uploads\/2022\/12\/SmartFridge-EMIL-Froehlich-Gut-gelaunt-und-intelligent-2_Organisator-18x12.jpg 18w, https:\/\/www.organisator.ch\/wp-content\/uploads\/2022\/12\/SmartFridge-EMIL-Froehlich-Gut-gelaunt-und-intelligent-2_Organisator-375x250.jpg 375w, https:\/\/www.organisator.ch\/wp-content\/uploads\/2022\/12\/SmartFridge-EMIL-Froehlich-Gut-gelaunt-und-intelligent-2_Organisator-524x350.jpg 524w\" sizes=\"auto, (max-width: 680px) 100vw, 680px\" \/><figcaption id=\"caption-attachment-18114\" class=\"wp-caption-text\">Une prestation de pointe \u00e0 un prix \u00e9quitable : la nourriture EMIL est d\u00e9licieuse, simple \u00e0 pr\u00e9parer, hygi\u00e9nique, avec un minimum de gaspillage alimentaire. (Image : SV Group)<\/figcaption><\/figure>\n<p>EMIL n'est peut-\u00eatre \"qu'un\" r\u00e9frig\u00e9rateur, mais il a tout pour lui. Avec toutes ses fonctionnalit\u00e9s intelligentes, il atteint un QI de 127 - c'est vraiment un Smartfridge !<\/p>\n<p>Plus important encore que son quotient d'intelligence intrins\u00e8que sup\u00e9rieur \u00e0 la moyenne, le SmartFridge repr\u00e9sente un choix intelligent pour les PME suisses. Gr\u00e2ce \u00e0 sa simplicit\u00e9, son \u00e9l\u00e9gance et son design intelligent, il est tout simplement le choix raisonnable pour les entrepreneurs et les responsables des ressources humaines qui misent sur une restauration objectivement de haute qualit\u00e9 et flexible pour exprimer la plus haute estime pour le personnel, m\u00eame sans avoir une cantine ou un restaurant d'entreprise propre \u00e0 l'entreprise.<\/p>\n<p>&nbsp;<\/p>\n<blockquote>\n<h3>Testez-le maintenant sans engagement !<\/h3>\n<p class=\"ng-star-inserted\"><span class=\"ng-star-inserted\">EMIL Fr\u00f6hlich<\/span><\/p>\n<p class=\"ng-star-inserted\"><span class=\"ng-star-inserted\">Rue de Wallisellen 57<\/span><\/p>\n<p class=\"ng-star-inserted\"><span class=\"ng-star-inserted\">8600 D\u00fcbendorf<\/span><\/p>\n<p><img loading=\"lazy\" decoding=\"async\" class=\"alignnone size-full wp-image-18182\" src=\"https:\/\/www.organisator.ch\/wp-content\/uploads\/2022\/12\/SmartFridge-EMIL-Froehlich-Gut-gelaunt-und-intelligent-QR2_Organisator.jpg\" alt=\"\" width=\"340\" height=\"334\" srcset=\"https:\/\/www.organisator.ch\/wp-content\/uploads\/2022\/12\/SmartFridge-EMIL-Froehlich-Gut-gelaunt-und-intelligent-QR2_Organisator.jpg 340w, https:\/\/www.organisator.ch\/wp-content\/uploads\/2022\/12\/SmartFridge-EMIL-Froehlich-Gut-gelaunt-und-intelligent-QR2_Organisator-12x12.jpg 12w, https:\/\/www.organisator.ch\/wp-content\/uploads\/2022\/12\/SmartFridge-EMIL-Froehlich-Gut-gelaunt-und-intelligent-QR2_Organisator-305x300.jpg 305w\" sizes=\"auto, (max-width: 340px) 100vw, 340px\" \/><\/p>\n<p class=\"ng-star-inserted\"><span class=\"ng-star-inserted\">Nous vous conseillons volontiers<\/span><\/p>\n<p class=\"ng-star-inserted\"><span class=\"ng-star-inserted\">T +41 79 518 84 54<\/span><\/p>\n<p class=\"ng-star-inserted\"><a href=\"mailto:info@emil-froehlich.ch\"><span class=\"ng-star-inserted\">info@emil-froehlich.ch<\/span><\/a><\/p>\n<p class=\"ng-star-inserted\"><a href=\"http:\/\/www.emil-froehlich.ch\"><span class=\"ng-star-inserted\">www.emil-froehlich.ch<\/span><\/a><\/p>\n<\/blockquote>","protected":false},"excerpt":{"rendered":"<p>\u00abDu bist so intelligent wie ein K\u00fchlschrank!\u00bb Das d\u00fcrften viele Menschen nicht unbedingt als Kompliment verstehen. Der SmartFridge EMIL Fr\u00f6hlich aber zeigt: Ein K\u00fchlschrank kann in der Tat \u00adintelligent sein! Denn die autonome Verpflegungsstation der SV Group begl\u00fcckt Angestellte einer breiten Palette von Schweizer KMUs nicht nur mit bis zu 300 Optionen an frischen, gesunden [&hellip;]<\/p>\n","protected":false},"author":4,"featured_media":18113,"comment_status":"closed","ping_status":"closed","sticky":false,"template":"","format":"standard","meta":{"_acf_changed":false,"_yoast_wpseo_focuskw":"SmartFridge","_yoast_wpseo_metadesc":"PUBLIREPORTAGE Arbeitgeber punkten mit gutem Essen am Arbeitsplatz. Mit dem SmartFridge EMIL sind Sie in der Poleposition!","articlekey":"","footnotes":""},"categories":[579],"tags":[254,3539,2696],"class_list":["post-18111","post","type-post","status-publish","format-standard","has-post-thumbnail","hentry","category-human-resources","tag-hrm","tag-mitarbeiterverpflegung","tag-publireportage"],"acf":[],"yoast_head":"<!-- This site is optimized with the Yoast SEO plugin v27.4 - https:\/\/yoast.com\/product\/yoast-seo-wordpress\/ -->\n<title>SmartFridge EMIL: Die intelligente L\u00f6sung f\u00fcr gl\u00fcckliche Mitarbeiter:innen - Organisator<\/title>\n<meta name=\"description\" content=\"PUBLIREPORTAGE Arbeitgeber punkten mit gutem Essen am Arbeitsplatz. Mit dem SmartFridge EMIL sind Sie in der Poleposition!\" \/>\n<meta name=\"robots\" content=\"index, follow, max-snippet:-1, max-image-preview:large, max-video-preview:-1\" \/>\n<link rel=\"canonical\" href=\"https:\/\/www.organisator.ch\/fr\/ressources-humaines\/2022-12-06\/smartfridge-emil-die-intelligente-loesung-fuer-glueckliche-mitarbeiterinnen\/\" \/>\n<meta property=\"og:locale\" content=\"fr_FR\" \/>\n<meta property=\"og:type\" content=\"article\" \/>\n<meta property=\"og:title\" content=\"SmartFridge EMIL: Die intelligente L\u00f6sung f\u00fcr gl\u00fcckliche Mitarbeiter:innen - Organisator\" \/>\n<meta property=\"og:description\" content=\"PUBLIREPORTAGE Arbeitgeber punkten mit gutem Essen am Arbeitsplatz. Mit dem SmartFridge EMIL sind Sie in der Poleposition!\" \/>\n<meta property=\"og:url\" content=\"https:\/\/www.organisator.ch\/fr\/ressources-humaines\/2022-12-06\/smartfridge-emil-die-intelligente-loesung-fuer-glueckliche-mitarbeiterinnen\/\" \/>\n<meta property=\"og:site_name\" content=\"Organisator\" \/>\n<meta property=\"article:publisher\" content=\"https:\/\/www.facebook.com\/OrganisatorFachmagazin\" \/>\n<meta property=\"article:published_time\" content=\"2022-12-06T02:39:51+00:00\" \/>\n<meta property=\"article:modified_time\" content=\"2022-12-07T08:39:07+00:00\" \/>\n<meta name=\"author\" content=\"thomas.berner\" \/>\n<meta name=\"twitter:card\" content=\"summary_large_image\" \/>\n<meta name=\"twitter:image\" content=\"https:\/\/www.organisator.ch\/wp-content\/uploads\/2022\/12\/PR_SVGroup_Bild_01-scaled.jpg\" \/>\n<script type=\"application\/ld+json\" class=\"yoast-schema-graph\">{\"@context\":\"https:\\\/\\\/schema.org\",\"@graph\":[{\"@type\":\"Article\",\"@id\":\"https:\\\/\\\/www.organisator.ch\\\/human-resources\\\/2022-12-06\\\/smartfridge-emil-die-intelligente-loesung-fuer-glueckliche-mitarbeiterinnen\\\/#article\",\"isPartOf\":{\"@id\":\"https:\\\/\\\/www.organisator.ch\\\/human-resources\\\/2022-12-06\\\/smartfridge-emil-die-intelligente-loesung-fuer-glueckliche-mitarbeiterinnen\\\/\"},\"author\":{\"name\":\"thomas.berner\",\"@id\":\"https:\\\/\\\/www.organisator.ch\\\/#\\\/schema\\\/person\\\/6f650f90b2842cd4c0cc334b4e36f67e\"},\"headline\":\"SmartFridge EMIL: Die intelligente L\u00f6sung f\u00fcr gl\u00fcckliche Mitarbeiter:innen\",\"datePublished\":\"2022-12-06T02:39:51+00:00\",\"dateModified\":\"2022-12-07T08:39:07+00:00\",\"mainEntityOfPage\":{\"@id\":\"https:\\\/\\\/www.organisator.ch\\\/human-resources\\\/2022-12-06\\\/smartfridge-emil-die-intelligente-loesung-fuer-glueckliche-mitarbeiterinnen\\\/\"},\"wordCount\":844,\"publisher\":{\"@id\":\"https:\\\/\\\/www.organisator.ch\\\/#organization\"},\"image\":{\"@id\":\"https:\\\/\\\/www.organisator.ch\\\/human-resources\\\/2022-12-06\\\/smartfridge-emil-die-intelligente-loesung-fuer-glueckliche-mitarbeiterinnen\\\/#primaryimage\"},\"thumbnailUrl\":\"https:\\\/\\\/www.organisator.ch\\\/wp-content\\\/uploads\\\/2022\\\/12\\\/PR_SVGroup_Bild_01-scaled.jpg\",\"keywords\":[\"HRM\",\"Mitarbeiterverpflegung\",\"Publireportage\"],\"articleSection\":[\"HUMAN RESOURCES\"],\"inLanguage\":\"fr-FR\"},{\"@type\":\"WebPage\",\"@id\":\"https:\\\/\\\/www.organisator.ch\\\/human-resources\\\/2022-12-06\\\/smartfridge-emil-die-intelligente-loesung-fuer-glueckliche-mitarbeiterinnen\\\/\",\"url\":\"https:\\\/\\\/www.organisator.ch\\\/human-resources\\\/2022-12-06\\\/smartfridge-emil-die-intelligente-loesung-fuer-glueckliche-mitarbeiterinnen\\\/\",\"name\":\"SmartFridge EMIL: Die intelligente L\u00f6sung f\u00fcr gl\u00fcckliche Mitarbeiter:innen - Organisator\",\"isPartOf\":{\"@id\":\"https:\\\/\\\/www.organisator.ch\\\/#website\"},\"primaryImageOfPage\":{\"@id\":\"https:\\\/\\\/www.organisator.ch\\\/human-resources\\\/2022-12-06\\\/smartfridge-emil-die-intelligente-loesung-fuer-glueckliche-mitarbeiterinnen\\\/#primaryimage\"},\"image\":{\"@id\":\"https:\\\/\\\/www.organisator.ch\\\/human-resources\\\/2022-12-06\\\/smartfridge-emil-die-intelligente-loesung-fuer-glueckliche-mitarbeiterinnen\\\/#primaryimage\"},\"thumbnailUrl\":\"https:\\\/\\\/www.organisator.ch\\\/wp-content\\\/uploads\\\/2022\\\/12\\\/PR_SVGroup_Bild_01-scaled.jpg\",\"datePublished\":\"2022-12-06T02:39:51+00:00\",\"dateModified\":\"2022-12-07T08:39:07+00:00\",\"description\":\"PUBLIREPORTAGE Arbeitgeber punkten mit gutem Essen am Arbeitsplatz. Mit dem SmartFridge EMIL sind Sie in der Poleposition!\",\"breadcrumb\":{\"@id\":\"https:\\\/\\\/www.organisator.ch\\\/human-resources\\\/2022-12-06\\\/smartfridge-emil-die-intelligente-loesung-fuer-glueckliche-mitarbeiterinnen\\\/#breadcrumb\"},\"inLanguage\":\"fr-FR\",\"potentialAction\":[{\"@type\":\"ReadAction\",\"target\":[\"https:\\\/\\\/www.organisator.ch\\\/human-resources\\\/2022-12-06\\\/smartfridge-emil-die-intelligente-loesung-fuer-glueckliche-mitarbeiterinnen\\\/\"]}]},{\"@type\":\"ImageObject\",\"inLanguage\":\"fr-FR\",\"@id\":\"https:\\\/\\\/www.organisator.ch\\\/human-resources\\\/2022-12-06\\\/smartfridge-emil-die-intelligente-loesung-fuer-glueckliche-mitarbeiterinnen\\\/#primaryimage\",\"url\":\"https:\\\/\\\/www.organisator.ch\\\/wp-content\\\/uploads\\\/2022\\\/12\\\/PR_SVGroup_Bild_01-scaled.jpg\",\"contentUrl\":\"https:\\\/\\\/www.organisator.ch\\\/wp-content\\\/uploads\\\/2022\\\/12\\\/PR_SVGroup_Bild_01-scaled.jpg\",\"width\":1400,\"height\":1072,\"caption\":\"EMIL mag \u00abnur\u00bb ein K\u00fchlschrank sein, aber er hat es in sich. Kombiniert man all seine intelligenten Features, ergibt das einen IQ von 127 \u2013 er ist wirklich ein SmartFridge! (Bild: SV Group)\"},{\"@type\":\"BreadcrumbList\",\"@id\":\"https:\\\/\\\/www.organisator.ch\\\/human-resources\\\/2022-12-06\\\/smartfridge-emil-die-intelligente-loesung-fuer-glueckliche-mitarbeiterinnen\\\/#breadcrumb\",\"itemListElement\":[{\"@type\":\"ListItem\",\"position\":1,\"name\":\"Home\",\"item\":\"https:\\\/\\\/www.organisator.ch\\\/\"},{\"@type\":\"ListItem\",\"position\":2,\"name\":\"SmartFridge EMIL: Die intelligente L\u00f6sung f\u00fcr gl\u00fcckliche Mitarbeiter:innen\"}]},{\"@type\":\"WebSite\",\"@id\":\"https:\\\/\\\/www.organisator.ch\\\/#website\",\"url\":\"https:\\\/\\\/www.organisator.ch\\\/\",\"name\":\"Organisator\",\"description\":\"Kompetent. Praxisnah. Der ORGANISATOR bereitet in 10 Ausgaben pro Jahr die wesentlichen Themen f\u00fcr F\u00fchrungskr\u00e4fte von KMU auf.\",\"publisher\":{\"@id\":\"https:\\\/\\\/www.organisator.ch\\\/#organization\"},\"potentialAction\":[{\"@type\":\"SearchAction\",\"target\":{\"@type\":\"EntryPoint\",\"urlTemplate\":\"https:\\\/\\\/www.organisator.ch\\\/?s={search_term_string}\"},\"query-input\":{\"@type\":\"PropertyValueSpecification\",\"valueRequired\":true,\"valueName\":\"search_term_string\"}}],\"inLanguage\":\"fr-FR\"},{\"@type\":\"Organization\",\"@id\":\"https:\\\/\\\/www.organisator.ch\\\/#organization\",\"name\":\"Organisator\",\"url\":\"https:\\\/\\\/www.organisator.ch\\\/\",\"logo\":{\"@type\":\"ImageObject\",\"inLanguage\":\"fr-FR\",\"@id\":\"https:\\\/\\\/www.organisator.ch\\\/#\\\/schema\\\/logo\\\/image\\\/\",\"url\":\"https:\\\/\\\/www.organisator.ch\\\/wp-content\\\/uploads\\\/2022\\\/01\\\/Logo_Organisator_Website.png\",\"contentUrl\":\"https:\\\/\\\/www.organisator.ch\\\/wp-content\\\/uploads\\\/2022\\\/01\\\/Logo_Organisator_Website.png\",\"width\":800,\"height\":77,\"caption\":\"Organisator\"},\"image\":{\"@id\":\"https:\\\/\\\/www.organisator.ch\\\/#\\\/schema\\\/logo\\\/image\\\/\"},\"sameAs\":[\"https:\\\/\\\/www.facebook.com\\\/OrganisatorFachmagazin\",\"https:\\\/\\\/www.linkedin.com\\\/showcase\\\/organisator-das-magazin-fr-kmu\",\"https:\\\/\\\/www.xing.com\\\/news\\\/pages\\\/organisator-ch-695\",\"https:\\\/\\\/www.youtube.com\\\/channel\\\/UCGP2Sq0iWaZwT3BdIAQFYpw\"]},{\"@type\":\"Person\",\"@id\":\"https:\\\/\\\/www.organisator.ch\\\/#\\\/schema\\\/person\\\/6f650f90b2842cd4c0cc334b4e36f67e\",\"name\":\"thomas.berner\",\"image\":{\"@type\":\"ImageObject\",\"inLanguage\":\"fr-FR\",\"@id\":\"https:\\\/\\\/secure.gravatar.com\\\/avatar\\\/ac5001d2a36cb6c6cd3e50789007ffca834b477b74a2144564522e944eabff61?s=96&d=mm&r=g\",\"url\":\"https:\\\/\\\/secure.gravatar.com\\\/avatar\\\/ac5001d2a36cb6c6cd3e50789007ffca834b477b74a2144564522e944eabff61?s=96&d=mm&r=g\",\"contentUrl\":\"https:\\\/\\\/secure.gravatar.com\\\/avatar\\\/ac5001d2a36cb6c6cd3e50789007ffca834b477b74a2144564522e944eabff61?s=96&d=mm&r=g\",\"caption\":\"thomas.berner\"},\"url\":\"https:\\\/\\\/www.organisator.ch\\\/fr\\\/author\\\/thomas-berner\\\/\"}]}<\/script>\n<!-- \/ Yoast SEO plugin. -->","yoast_head_json":{"title":"SmartFridge EMIL : la solution intelligente pour des employ\u00e9s heureux - Organisateur","description":"PUBLIREPORTAGE Les employeurs marquent des points en proposant de bons repas sur le lieu de travail. Avec le SmartFridge EMIL, vous \u00eates en pole position !","robots":{"index":"index","follow":"follow","max-snippet":"max-snippet:-1","max-image-preview":"max-image-preview:large","max-video-preview":"max-video-preview:-1"},"canonical":"https:\/\/www.organisator.ch\/fr\/ressources-humaines\/2022-12-06\/smartfridge-emil-die-intelligente-loesung-fuer-glueckliche-mitarbeiterinnen\/","og_locale":"fr_FR","og_type":"article","og_title":"SmartFridge EMIL: Die intelligente L\u00f6sung f\u00fcr gl\u00fcckliche Mitarbeiter:innen - Organisator","og_description":"PUBLIREPORTAGE Arbeitgeber punkten mit gutem Essen am Arbeitsplatz. Mit dem SmartFridge EMIL sind Sie in der Poleposition!","og_url":"https:\/\/www.organisator.ch\/fr\/ressources-humaines\/2022-12-06\/smartfridge-emil-die-intelligente-loesung-fuer-glueckliche-mitarbeiterinnen\/","og_site_name":"Organisator","article_publisher":"https:\/\/www.facebook.com\/OrganisatorFachmagazin","article_published_time":"2022-12-06T02:39:51+00:00","article_modified_time":"2022-12-07T08:39:07+00:00","author":"thomas.berner","twitter_card":"summary_large_image","twitter_image":"https:\/\/www.organisator.ch\/wp-content\/uploads\/2022\/12\/PR_SVGroup_Bild_01-scaled.jpg","schema":{"@context":"https:\/\/schema.org","@graph":[{"@type":"Article","@id":"https:\/\/www.organisator.ch\/human-resources\/2022-12-06\/smartfridge-emil-die-intelligente-loesung-fuer-glueckliche-mitarbeiterinnen\/#article","isPartOf":{"@id":"https:\/\/www.organisator.ch\/human-resources\/2022-12-06\/smartfridge-emil-die-intelligente-loesung-fuer-glueckliche-mitarbeiterinnen\/"},"author":{"name":"thomas.berner","@id":"https:\/\/www.organisator.ch\/#\/schema\/person\/6f650f90b2842cd4c0cc334b4e36f67e"},"headline":"SmartFridge EMIL: Die intelligente L\u00f6sung f\u00fcr gl\u00fcckliche Mitarbeiter:innen","datePublished":"2022-12-06T02:39:51+00:00","dateModified":"2022-12-07T08:39:07+00:00","mainEntityOfPage":{"@id":"https:\/\/www.organisator.ch\/human-resources\/2022-12-06\/smartfridge-emil-die-intelligente-loesung-fuer-glueckliche-mitarbeiterinnen\/"},"wordCount":844,"publisher":{"@id":"https:\/\/www.organisator.ch\/#organization"},"image":{"@id":"https:\/\/www.organisator.ch\/human-resources\/2022-12-06\/smartfridge-emil-die-intelligente-loesung-fuer-glueckliche-mitarbeiterinnen\/#primaryimage"},"thumbnailUrl":"https:\/\/www.organisator.ch\/wp-content\/uploads\/2022\/12\/PR_SVGroup_Bild_01-scaled.jpg","keywords":["HRM","Mitarbeiterverpflegung","Publireportage"],"articleSection":["HUMAN RESOURCES"],"inLanguage":"fr-FR"},{"@type":"WebPage","@id":"https:\/\/www.organisator.ch\/human-resources\/2022-12-06\/smartfridge-emil-die-intelligente-loesung-fuer-glueckliche-mitarbeiterinnen\/","url":"https:\/\/www.organisator.ch\/human-resources\/2022-12-06\/smartfridge-emil-die-intelligente-loesung-fuer-glueckliche-mitarbeiterinnen\/","name":"SmartFridge EMIL : la solution intelligente pour des employ\u00e9s heureux - Organisateur","isPartOf":{"@id":"https:\/\/www.organisator.ch\/#website"},"primaryImageOfPage":{"@id":"https:\/\/www.organisator.ch\/human-resources\/2022-12-06\/smartfridge-emil-die-intelligente-loesung-fuer-glueckliche-mitarbeiterinnen\/#primaryimage"},"image":{"@id":"https:\/\/www.organisator.ch\/human-resources\/2022-12-06\/smartfridge-emil-die-intelligente-loesung-fuer-glueckliche-mitarbeiterinnen\/#primaryimage"},"thumbnailUrl":"https:\/\/www.organisator.ch\/wp-content\/uploads\/2022\/12\/PR_SVGroup_Bild_01-scaled.jpg","datePublished":"2022-12-06T02:39:51+00:00","dateModified":"2022-12-07T08:39:07+00:00","description":"PUBLIREPORTAGE Les employeurs marquent des points en proposant de bons repas sur le lieu de travail. Avec le SmartFridge EMIL, vous \u00eates en pole position !","breadcrumb":{"@id":"https:\/\/www.organisator.ch\/human-resources\/2022-12-06\/smartfridge-emil-die-intelligente-loesung-fuer-glueckliche-mitarbeiterinnen\/#breadcrumb"},"inLanguage":"fr-FR","potentialAction":[{"@type":"ReadAction","target":["https:\/\/www.organisator.ch\/human-resources\/2022-12-06\/smartfridge-emil-die-intelligente-loesung-fuer-glueckliche-mitarbeiterinnen\/"]}]},{"@type":"ImageObject","inLanguage":"fr-FR","@id":"https:\/\/www.organisator.ch\/human-resources\/2022-12-06\/smartfridge-emil-die-intelligente-loesung-fuer-glueckliche-mitarbeiterinnen\/#primaryimage","url":"https:\/\/www.organisator.ch\/wp-content\/uploads\/2022\/12\/PR_SVGroup_Bild_01-scaled.jpg","contentUrl":"https:\/\/www.organisator.ch\/wp-content\/uploads\/2022\/12\/PR_SVGroup_Bild_01-scaled.jpg","width":1400,"height":1072,"caption":"EMIL mag \u00abnur\u00bb ein K\u00fchlschrank sein, aber er hat es in sich. Kombiniert man all seine intelligenten Features, ergibt das einen IQ von 127 \u2013 er ist wirklich ein SmartFridge! (Bild: SV Group)"},{"@type":"BreadcrumbList","@id":"https:\/\/www.organisator.ch\/human-resources\/2022-12-06\/smartfridge-emil-die-intelligente-loesung-fuer-glueckliche-mitarbeiterinnen\/#breadcrumb","itemListElement":[{"@type":"ListItem","position":1,"name":"Home","item":"https:\/\/www.organisator.ch\/"},{"@type":"ListItem","position":2,"name":"SmartFridge EMIL: Die intelligente L\u00f6sung f\u00fcr gl\u00fcckliche Mitarbeiter:innen"}]},{"@type":"WebSite","@id":"https:\/\/www.organisator.ch\/#website","url":"https:\/\/www.organisator.ch\/","name":"Organisateur","description":"Comp\u00e9tence et comp\u00e9tence. Proches de la pratique. L'ORGANISATEUR pr\u00e9pare 10 num\u00e9ros par an sur les th\u00e8mes essentiels pour les dirigeants de PME.","publisher":{"@id":"https:\/\/www.organisator.ch\/#organization"},"potentialAction":[{"@type":"SearchAction","target":{"@type":"EntryPoint","urlTemplate":"https:\/\/www.organisator.ch\/?s={search_term_string}"},"query-input":{"@type":"PropertyValueSpecification","valueRequired":true,"valueName":"search_term_string"}}],"inLanguage":"fr-FR"},{"@type":"Organization","@id":"https:\/\/www.organisator.ch\/#organization","name":"Organisateur","url":"https:\/\/www.organisator.ch\/","logo":{"@type":"ImageObject","inLanguage":"fr-FR","@id":"https:\/\/www.organisator.ch\/#\/schema\/logo\/image\/","url":"https:\/\/www.organisator.ch\/wp-content\/uploads\/2022\/01\/Logo_Organisator_Website.png","contentUrl":"https:\/\/www.organisator.ch\/wp-content\/uploads\/2022\/01\/Logo_Organisator_Website.png","width":800,"height":77,"caption":"Organisator"},"image":{"@id":"https:\/\/www.organisator.ch\/#\/schema\/logo\/image\/"},"sameAs":["https:\/\/www.facebook.com\/OrganisatorFachmagazin","https:\/\/www.linkedin.com\/showcase\/organisator-das-magazin-fr-kmu","https:\/\/www.xing.com\/news\/pages\/organisator-ch-695","https:\/\/www.youtube.com\/channel\/UCGP2Sq0iWaZwT3BdIAQFYpw"]},{"@type":"Person","@id":"https:\/\/www.organisator.ch\/#\/schema\/person\/6f650f90b2842cd4c0cc334b4e36f67e","name":"thomas.berner","image":{"@type":"ImageObject","inLanguage":"fr-FR","@id":"https:\/\/secure.gravatar.com\/avatar\/ac5001d2a36cb6c6cd3e50789007ffca834b477b74a2144564522e944eabff61?s=96&d=mm&r=g","url":"https:\/\/secure.gravatar.com\/avatar\/ac5001d2a36cb6c6cd3e50789007ffca834b477b74a2144564522e944eabff61?s=96&d=mm&r=g","contentUrl":"https:\/\/secure.gravatar.com\/avatar\/ac5001d2a36cb6c6cd3e50789007ffca834b477b74a2144564522e944eabff61?s=96&d=mm&r=g","caption":"thomas.berner"},"url":"https:\/\/www.organisator.ch\/fr\/author\/thomas-berner\/"}]}},"_links":{"self":[{"href":"https:\/\/www.organisator.ch\/fr\/wp-json\/wp\/v2\/posts\/18111","targetHints":{"allow":["GET"]}}],"collection":[{"href":"https:\/\/www.organisator.ch\/fr\/wp-json\/wp\/v2\/posts"}],"about":[{"href":"https:\/\/www.organisator.ch\/fr\/wp-json\/wp\/v2\/types\/post"}],"author":[{"embeddable":true,"href":"https:\/\/www.organisator.ch\/fr\/wp-json\/wp\/v2\/users\/4"}],"replies":[{"embeddable":true,"href":"https:\/\/www.organisator.ch\/fr\/wp-json\/wp\/v2\/comments?post=18111"}],"version-history":[{"count":7,"href":"https:\/\/www.organisator.ch\/fr\/wp-json\/wp\/v2\/posts\/18111\/revisions"}],"predecessor-version":[{"id":18184,"href":"https:\/\/www.organisator.ch\/fr\/wp-json\/wp\/v2\/posts\/18111\/revisions\/18184"}],"wp:featuredmedia":[{"embeddable":true,"href":"https:\/\/www.organisator.ch\/fr\/wp-json\/wp\/v2\/media\/18113"}],"wp:attachment":[{"href":"https:\/\/www.organisator.ch\/fr\/wp-json\/wp\/v2\/media?parent=18111"}],"wp:term":[{"taxonomy":"category","embeddable":true,"href":"https:\/\/www.organisator.ch\/fr\/wp-json\/wp\/v2\/categories?post=18111"},{"taxonomy":"post_tag","embeddable":true,"href":"https:\/\/www.organisator.ch\/fr\/wp-json\/wp\/v2\/tags?post=18111"}],"curies":[{"name":"wp","href":"https:\/\/api.w.org\/{rel}","templated":true}]}}