{"id":18160,"date":"2022-12-06T16:36:29","date_gmt":"2022-12-06T15:36:29","guid":{"rendered":"https:\/\/www.organisator.ch\/?p=18160"},"modified":"2022-12-06T16:36:29","modified_gmt":"2022-12-06T15:36:29","slug":"mazars-wird-neuer-svc-gold-partner","status":"publish","type":"post","link":"https:\/\/www.organisator.ch\/fr\/management\/2022-12-06\/mazars-wird-neuer-svc-gold-partner\/","title":{"rendered":"Mazars devient le nouveau Partenaire Gold du SVC"},"content":{"rendered":"<figure id=\"attachment_18162\" aria-describedby=\"caption-attachment-18162\" style=\"width: 680px\" class=\"wp-caption alignnone\"><img loading=\"lazy\" decoding=\"async\" class=\"size-full wp-image-18162\" src=\"https:\/\/www.organisator.ch\/wp-content\/uploads\/2022\/12\/Mazars-wird-neuer-SVC-Gold-Partner-2_Organisator.jpg\" alt=\"\" width=\"680\" height=\"384\" srcset=\"https:\/\/www.organisator.ch\/wp-content\/uploads\/2022\/12\/Mazars-wird-neuer-SVC-Gold-Partner-2_Organisator.jpg 680w, https:\/\/www.organisator.ch\/wp-content\/uploads\/2022\/12\/Mazars-wird-neuer-SVC-Gold-Partner-2_Organisator-18x10.jpg 18w, https:\/\/www.organisator.ch\/wp-content\/uploads\/2022\/12\/Mazars-wird-neuer-SVC-Gold-Partner-2_Organisator-375x212.jpg 375w, https:\/\/www.organisator.ch\/wp-content\/uploads\/2022\/12\/Mazars-wird-neuer-SVC-Gold-Partner-2_Organisator-620x350.jpg 620w\" sizes=\"auto, (max-width: 680px) 100vw, 680px\" \/><figcaption id=\"caption-attachment-18162\" class=\"wp-caption-text\">Avec Mazars, le SVC aura un nouveau Gold Partner \u00e0 partir de 2023. En photo : sc\u00e8ne de spectacle \u00e0 l'occasion du Prix SVC Suisse Romande. (\u00a9 St\u00e9phane Schmutz \/ STEMUTZ.COM)<\/figcaption><\/figure>\n<p>Le nouveau partenariat Gold entre Mazars et le SVC d\u00e9butera le 1er janvier 2023 et s'inscrit dans une perspective de collaboration \u00e0 long terme. Jos\u00e9 Caneda, Country Managing Partner de Mazars, se r\u00e9jouit de ce nouvel engagement et d\u00e9clare \u00e0 ce sujet : \"Le partenariat avec le SVC est pour nous une excellente opportunit\u00e9 de nous pr\u00e9senter et de nous positionner dans toutes les r\u00e9gions \u00e9conomiques de Suisse, dans un environnement de PME inspirant. Avec son excellent r\u00e9seau et ses prestigieuses c\u00e9r\u00e9monies de remise du Prix SVC, le SVC est l'une des principales plates-formes pour les entrepreneurs en Suisse\".<\/p>\n<p>Mazars est un groupe international de premier plan sp\u00e9cialis\u00e9 dans l'audit, la fiscalit\u00e9, le droit, la comptabilit\u00e9, le conseil financier et le consulting, pr\u00e9sent dans plus de 90 pays. Plus de 44 000 professionnels - 28 000+ dans le partenariat int\u00e9gr\u00e9 Mazars, 16 000+ dans l'Alliance Mazars Am\u00e9rique du Nord - travaillent en confiance avec leurs clients et les aident \u00e0 p\u00e9renniser et \u00e0 d\u00e9velopper leur activit\u00e9. En Suisse, plus de 300 collaborateurs travaillent pour l'entreprise sur les sites de Zurich, Berne, Gen\u00e8ve, Lausanne, Fribourg, Neuch\u00e2tel, Sion, Del\u00e9mont et Lugano.<\/p>\n<h3><strong>Mazars \u00e9galement repr\u00e9sent\u00e9 au conseil d'administration du SVC<\/strong><\/h3>\n<p>Dans le cadre de ce nouveau partenariat, Jos\u00e9 Caneda si\u00e8gera \u00e9galement au Comit\u00e9 directeur du SVC. De plus, Mazars participera, avec d'autres repr\u00e9sentants, aux huit jurys d'experts r\u00e9gionaux des Prix SVC.<\/p>\n<figure id=\"attachment_18161\" aria-describedby=\"caption-attachment-18161\" style=\"width: 680px\" class=\"wp-caption alignnone\"><img loading=\"lazy\" decoding=\"async\" class=\"size-full wp-image-18161\" src=\"https:\/\/www.organisator.ch\/wp-content\/uploads\/2022\/12\/Mazars-wird-neuer-SVC-Gold-Partner_Organisator.jpg\" alt=\"\" width=\"680\" height=\"296\" srcset=\"https:\/\/www.organisator.ch\/wp-content\/uploads\/2022\/12\/Mazars-wird-neuer-SVC-Gold-Partner_Organisator.jpg 680w, https:\/\/www.organisator.ch\/wp-content\/uploads\/2022\/12\/Mazars-wird-neuer-SVC-Gold-Partner_Organisator-18x8.jpg 18w, https:\/\/www.organisator.ch\/wp-content\/uploads\/2022\/12\/Mazars-wird-neuer-SVC-Gold-Partner_Organisator-375x163.jpg 375w\" sizes=\"auto, (max-width: 680px) 100vw, 680px\" \/><figcaption id=\"caption-attachment-18161\" class=\"wp-caption-text\">Jos\u00e9 Caneda, Country Managing Partner de Mazars, si\u00e8ge \u00e9galement au Comit\u00e9 SVC. (Image : mazars.ch)<\/figcaption><\/figure>\n<p>Le SVC se f\u00e9licite d'avoir pu trouver avec Mazars une solution de succession sans faille dans les rangs des Gold Partners nationaux. Le pr\u00e9sident du SVC, Andreas Gerber, en est \u00e9galement convaincu : \"Nous sommes tr\u00e8s heureux d'avoir pu recruter un nouveau partenaire national Gold tr\u00e8s comp\u00e9tent dans le domaine de l'audit et du conseil fiscal.<strong>\u00a0<\/strong>Mazars est une entreprise tr\u00e8s entreprenante et tr\u00e8s bien positionn\u00e9e aupr\u00e8s des PME. Cela nous convient parfaitement, ainsi qu'\u00e0 nos entreprises laur\u00e9ates et \u00e0 nos membres\".<\/p>\n<h3>Un partenariat de longue date avec EY prend fin<\/h3>\n<p>Mazars succ\u00e8de \u00e0 EY (Ernst &amp; Young AG) en tant que Gold Partner. EY a \u00e9t\u00e9 actif pendant environ 15 ans en tant que Gold Partner aupr\u00e8s du SVC. L'entreprise \u00e9tait \u00e9galement repr\u00e9sent\u00e9e au sein du comit\u00e9 directeur, en dernier lieu par Andr\u00e9 M. Bieri, Markets Leader Switzerland &amp; Liechtenstein. Le SVC remercie EY pour son partenariat de longue date et pour la tr\u00e8s bonne collaboration partenariale qui a pr\u00e9valu pendant cette longue p\u00e9riode.<\/p>\n<p><em>Pour plus d'informations sur Mazars, veuillez consulter le site :\u00a0<a href=\"http:\/\/www.mazars.ch\">www.mazars.ch<\/a>; source : <a href=\"http:\/\/www.svc.swiss\">Club suisse des entrepreneurs<\/a><\/em><\/p>","protected":false},"excerpt":{"rendered":"<p>Die neue Gold-Partnerschaft zwischen Mazars und dem SVC startet ab 1. Januar 2023 und ist auf eine langj\u00e4hrige Zusammenarbeit ausgerichtet. Jos\u00e9 Caneda, Country Managing Partner von Mazars, freut sich auf dieses neue Engagement und sagt dazu: \u00abDie Partnerschaft mit dem SVC ist f\u00fcr uns eine hervorragende Gelegenheit, uns in allen Wirtschaftsregionen der Schweiz in einem [&hellip;]<\/p>\n","protected":false},"author":4,"featured_media":18162,"comment_status":"closed","ping_status":"closed","sticky":false,"template":"","format":"standard","meta":{"_acf_changed":false,"_yoast_wpseo_focuskw":"SVC Gold Partner","_yoast_wpseo_metadesc":"Das KMU-Netzwerk Swiss Venture Club (SVC) arbeitet ab 1. Januar 2023 mit Mazars als neuem SVC Gold Partner zusammen.","articlekey":"","footnotes":""},"categories":[28],"tags":[335,381,503],"class_list":["post-18160","post","type-post","status-publish","format-standard","has-post-thumbnail","hentry","category-management","tag-management-und-unternehmensfuehrung","tag-personalia","tag-verbaende"],"acf":[],"yoast_head":"<!-- This site is optimized with the Yoast SEO plugin v27.4 - https:\/\/yoast.com\/product\/yoast-seo-wordpress\/ -->\n<title>Mazars wird neuer SVC Gold Partner - Organisator<\/title>\n<meta name=\"description\" content=\"Das KMU-Netzwerk Swiss Venture Club (SVC) arbeitet ab 1. Januar 2023 mit Mazars als neuem SVC Gold Partner zusammen.\" \/>\n<meta name=\"robots\" content=\"index, follow, max-snippet:-1, max-image-preview:large, max-video-preview:-1\" \/>\n<link rel=\"canonical\" href=\"https:\/\/www.organisator.ch\/fr\/gestion-2\/2022-12-06\/mazars-wird-neuer-svc-gold-partner\/\" \/>\n<meta property=\"og:locale\" content=\"fr_FR\" \/>\n<meta property=\"og:type\" content=\"article\" \/>\n<meta property=\"og:title\" content=\"Mazars wird neuer SVC Gold Partner\" \/>\n<meta property=\"og:description\" content=\"Das KMU-Netzwerk Swiss Venture Club (SVC) arbeitet ab 1. Januar 2023 mit Mazars als neuem SVC Gold Partner zusammen.\" \/>\n<meta property=\"og:url\" content=\"https:\/\/www.organisator.ch\/fr\/gestion-2\/2022-12-06\/mazars-wird-neuer-svc-gold-partner\/\" \/>\n<meta property=\"og:site_name\" content=\"Organisator\" \/>\n<meta property=\"article:publisher\" content=\"https:\/\/www.facebook.com\/OrganisatorFachmagazin\" \/>\n<meta property=\"article:published_time\" content=\"2022-12-06T15:36:29+00:00\" \/>\n<meta property=\"og:image\" content=\"https:\/\/www.organisator.ch\/wp-content\/uploads\/2022\/12\/Mazars-wird-neuer-SVC-Gold-Partner-2_Organisator.jpg\" \/>\n\t<meta property=\"og:image:width\" content=\"680\" \/>\n\t<meta property=\"og:image:height\" content=\"384\" \/>\n\t<meta property=\"og:image:type\" content=\"image\/jpeg\" \/>\n<meta name=\"author\" content=\"thomas.berner\" \/>\n<meta name=\"twitter:card\" content=\"summary_large_image\" \/>\n<meta name=\"twitter:title\" content=\"#Mazars wird neuer #SVC Gold Partner\" \/>\n<meta name=\"twitter:description\" content=\"Das #KMU-Netzwerk Swiss Venture Club (#SVC) arbeitet ab 1. Januar 2023 mit #Mazars als neuem SVC Gold Partner zusammen.\" \/>\n<meta name=\"twitter:image\" content=\"https:\/\/www.organisator.ch\/wp-content\/uploads\/2022\/12\/Mazars-wird-neuer-SVC-Gold-Partner-2_Organisator.jpg\" \/>\n<script type=\"application\/ld+json\" class=\"yoast-schema-graph\">{\"@context\":\"https:\\\/\\\/schema.org\",\"@graph\":[{\"@type\":\"Article\",\"@id\":\"https:\\\/\\\/www.organisator.ch\\\/management\\\/2022-12-06\\\/mazars-wird-neuer-svc-gold-partner\\\/#article\",\"isPartOf\":{\"@id\":\"https:\\\/\\\/www.organisator.ch\\\/management\\\/2022-12-06\\\/mazars-wird-neuer-svc-gold-partner\\\/\"},\"author\":{\"name\":\"thomas.berner\",\"@id\":\"https:\\\/\\\/www.organisator.ch\\\/#\\\/schema\\\/person\\\/6f650f90b2842cd4c0cc334b4e36f67e\"},\"headline\":\"Mazars wird neuer SVC Gold Partner\",\"datePublished\":\"2022-12-06T15:36:29+00:00\",\"mainEntityOfPage\":{\"@id\":\"https:\\\/\\\/www.organisator.ch\\\/management\\\/2022-12-06\\\/mazars-wird-neuer-svc-gold-partner\\\/\"},\"wordCount\":457,\"publisher\":{\"@id\":\"https:\\\/\\\/www.organisator.ch\\\/#organization\"},\"image\":{\"@id\":\"https:\\\/\\\/www.organisator.ch\\\/management\\\/2022-12-06\\\/mazars-wird-neuer-svc-gold-partner\\\/#primaryimage\"},\"thumbnailUrl\":\"https:\\\/\\\/www.organisator.ch\\\/wp-content\\\/uploads\\\/2022\\\/12\\\/Mazars-wird-neuer-SVC-Gold-Partner-2_Organisator.jpg\",\"keywords\":[\"Management und Unternehmensf\u00fchrung\",\"Personalia\",\"Verb\u00e4nde\"],\"articleSection\":[\"MANAGEMENT\"],\"inLanguage\":\"fr-FR\"},{\"@type\":\"WebPage\",\"@id\":\"https:\\\/\\\/www.organisator.ch\\\/management\\\/2022-12-06\\\/mazars-wird-neuer-svc-gold-partner\\\/\",\"url\":\"https:\\\/\\\/www.organisator.ch\\\/management\\\/2022-12-06\\\/mazars-wird-neuer-svc-gold-partner\\\/\",\"name\":\"Mazars wird neuer SVC Gold Partner - Organisator\",\"isPartOf\":{\"@id\":\"https:\\\/\\\/www.organisator.ch\\\/#website\"},\"primaryImageOfPage\":{\"@id\":\"https:\\\/\\\/www.organisator.ch\\\/management\\\/2022-12-06\\\/mazars-wird-neuer-svc-gold-partner\\\/#primaryimage\"},\"image\":{\"@id\":\"https:\\\/\\\/www.organisator.ch\\\/management\\\/2022-12-06\\\/mazars-wird-neuer-svc-gold-partner\\\/#primaryimage\"},\"thumbnailUrl\":\"https:\\\/\\\/www.organisator.ch\\\/wp-content\\\/uploads\\\/2022\\\/12\\\/Mazars-wird-neuer-SVC-Gold-Partner-2_Organisator.jpg\",\"datePublished\":\"2022-12-06T15:36:29+00:00\",\"description\":\"Das KMU-Netzwerk Swiss Venture Club (SVC) arbeitet ab 1. Januar 2023 mit Mazars als neuem SVC Gold Partner zusammen.\",\"breadcrumb\":{\"@id\":\"https:\\\/\\\/www.organisator.ch\\\/management\\\/2022-12-06\\\/mazars-wird-neuer-svc-gold-partner\\\/#breadcrumb\"},\"inLanguage\":\"fr-FR\",\"potentialAction\":[{\"@type\":\"ReadAction\",\"target\":[\"https:\\\/\\\/www.organisator.ch\\\/management\\\/2022-12-06\\\/mazars-wird-neuer-svc-gold-partner\\\/\"]}]},{\"@type\":\"ImageObject\",\"inLanguage\":\"fr-FR\",\"@id\":\"https:\\\/\\\/www.organisator.ch\\\/management\\\/2022-12-06\\\/mazars-wird-neuer-svc-gold-partner\\\/#primaryimage\",\"url\":\"https:\\\/\\\/www.organisator.ch\\\/wp-content\\\/uploads\\\/2022\\\/12\\\/Mazars-wird-neuer-SVC-Gold-Partner-2_Organisator.jpg\",\"contentUrl\":\"https:\\\/\\\/www.organisator.ch\\\/wp-content\\\/uploads\\\/2022\\\/12\\\/Mazars-wird-neuer-SVC-Gold-Partner-2_Organisator.jpg\",\"width\":680,\"height\":384,\"caption\":\"Der SVC erh\u00e4lt mit Mazars ab 2023 einen neuen Gold Partner. Im Bild: Showb\u00fchne anl\u00e4sslich des Prix SVC Suisse Romande. (\u00a9 St\u00e9phane Schmutz \\\/ STEMUTZ.COM)\"},{\"@type\":\"BreadcrumbList\",\"@id\":\"https:\\\/\\\/www.organisator.ch\\\/management\\\/2022-12-06\\\/mazars-wird-neuer-svc-gold-partner\\\/#breadcrumb\",\"itemListElement\":[{\"@type\":\"ListItem\",\"position\":1,\"name\":\"Home\",\"item\":\"https:\\\/\\\/www.organisator.ch\\\/\"},{\"@type\":\"ListItem\",\"position\":2,\"name\":\"Mazars wird neuer SVC Gold Partner\"}]},{\"@type\":\"WebSite\",\"@id\":\"https:\\\/\\\/www.organisator.ch\\\/#website\",\"url\":\"https:\\\/\\\/www.organisator.ch\\\/\",\"name\":\"Organisator\",\"description\":\"Kompetent. Praxisnah. Der ORGANISATOR bereitet in 10 Ausgaben pro Jahr die wesentlichen Themen f\u00fcr F\u00fchrungskr\u00e4fte von KMU auf.\",\"publisher\":{\"@id\":\"https:\\\/\\\/www.organisator.ch\\\/#organization\"},\"potentialAction\":[{\"@type\":\"SearchAction\",\"target\":{\"@type\":\"EntryPoint\",\"urlTemplate\":\"https:\\\/\\\/www.organisator.ch\\\/?s={search_term_string}\"},\"query-input\":{\"@type\":\"PropertyValueSpecification\",\"valueRequired\":true,\"valueName\":\"search_term_string\"}}],\"inLanguage\":\"fr-FR\"},{\"@type\":\"Organization\",\"@id\":\"https:\\\/\\\/www.organisator.ch\\\/#organization\",\"name\":\"Organisator\",\"url\":\"https:\\\/\\\/www.organisator.ch\\\/\",\"logo\":{\"@type\":\"ImageObject\",\"inLanguage\":\"fr-FR\",\"@id\":\"https:\\\/\\\/www.organisator.ch\\\/#\\\/schema\\\/logo\\\/image\\\/\",\"url\":\"https:\\\/\\\/www.organisator.ch\\\/wp-content\\\/uploads\\\/2022\\\/01\\\/Logo_Organisator_Website.png\",\"contentUrl\":\"https:\\\/\\\/www.organisator.ch\\\/wp-content\\\/uploads\\\/2022\\\/01\\\/Logo_Organisator_Website.png\",\"width\":800,\"height\":77,\"caption\":\"Organisator\"},\"image\":{\"@id\":\"https:\\\/\\\/www.organisator.ch\\\/#\\\/schema\\\/logo\\\/image\\\/\"},\"sameAs\":[\"https:\\\/\\\/www.facebook.com\\\/OrganisatorFachmagazin\",\"https:\\\/\\\/www.linkedin.com\\\/showcase\\\/organisator-das-magazin-fr-kmu\",\"https:\\\/\\\/www.xing.com\\\/news\\\/pages\\\/organisator-ch-695\",\"https:\\\/\\\/www.youtube.com\\\/channel\\\/UCGP2Sq0iWaZwT3BdIAQFYpw\"]},{\"@type\":\"Person\",\"@id\":\"https:\\\/\\\/www.organisator.ch\\\/#\\\/schema\\\/person\\\/6f650f90b2842cd4c0cc334b4e36f67e\",\"name\":\"thomas.berner\",\"image\":{\"@type\":\"ImageObject\",\"inLanguage\":\"fr-FR\",\"@id\":\"https:\\\/\\\/secure.gravatar.com\\\/avatar\\\/ac5001d2a36cb6c6cd3e50789007ffca834b477b74a2144564522e944eabff61?s=96&d=mm&r=g\",\"url\":\"https:\\\/\\\/secure.gravatar.com\\\/avatar\\\/ac5001d2a36cb6c6cd3e50789007ffca834b477b74a2144564522e944eabff61?s=96&d=mm&r=g\",\"contentUrl\":\"https:\\\/\\\/secure.gravatar.com\\\/avatar\\\/ac5001d2a36cb6c6cd3e50789007ffca834b477b74a2144564522e944eabff61?s=96&d=mm&r=g\",\"caption\":\"thomas.berner\"},\"url\":\"https:\\\/\\\/www.organisator.ch\\\/fr\\\/author\\\/thomas-berner\\\/\"}]}<\/script>\n<!-- \/ Yoast SEO plugin. -->","yoast_head_json":{"title":"Mazars devient le nouveau Partenaire Or du SVC - Organisateur","description":"Le r\u00e9seau de PME Swiss Venture Club (SVC) collaborera avec Mazars en tant que nouveau SVC Gold Partner \u00e0 partir du 1er janvier 2023.","robots":{"index":"index","follow":"follow","max-snippet":"max-snippet:-1","max-image-preview":"max-image-preview:large","max-video-preview":"max-video-preview:-1"},"canonical":"https:\/\/www.organisator.ch\/fr\/gestion-2\/2022-12-06\/mazars-wird-neuer-svc-gold-partner\/","og_locale":"fr_FR","og_type":"article","og_title":"Mazars wird neuer SVC Gold Partner","og_description":"Das KMU-Netzwerk Swiss Venture Club (SVC) arbeitet ab 1. Januar 2023 mit Mazars als neuem SVC Gold Partner zusammen.","og_url":"https:\/\/www.organisator.ch\/fr\/gestion-2\/2022-12-06\/mazars-wird-neuer-svc-gold-partner\/","og_site_name":"Organisator","article_publisher":"https:\/\/www.facebook.com\/OrganisatorFachmagazin","article_published_time":"2022-12-06T15:36:29+00:00","og_image":[{"width":680,"height":384,"url":"https:\/\/www.organisator.ch\/wp-content\/uploads\/2022\/12\/Mazars-wird-neuer-SVC-Gold-Partner-2_Organisator.jpg","type":"image\/jpeg"}],"author":"thomas.berner","twitter_card":"summary_large_image","twitter_title":"#Mazars wird neuer #SVC Gold Partner","twitter_description":"Das #KMU-Netzwerk Swiss Venture Club (#SVC) arbeitet ab 1. Januar 2023 mit #Mazars als neuem SVC Gold Partner zusammen.","twitter_image":"https:\/\/www.organisator.ch\/wp-content\/uploads\/2022\/12\/Mazars-wird-neuer-SVC-Gold-Partner-2_Organisator.jpg","schema":{"@context":"https:\/\/schema.org","@graph":[{"@type":"Article","@id":"https:\/\/www.organisator.ch\/management\/2022-12-06\/mazars-wird-neuer-svc-gold-partner\/#article","isPartOf":{"@id":"https:\/\/www.organisator.ch\/management\/2022-12-06\/mazars-wird-neuer-svc-gold-partner\/"},"author":{"name":"thomas.berner","@id":"https:\/\/www.organisator.ch\/#\/schema\/person\/6f650f90b2842cd4c0cc334b4e36f67e"},"headline":"Mazars wird neuer SVC Gold Partner","datePublished":"2022-12-06T15:36:29+00:00","mainEntityOfPage":{"@id":"https:\/\/www.organisator.ch\/management\/2022-12-06\/mazars-wird-neuer-svc-gold-partner\/"},"wordCount":457,"publisher":{"@id":"https:\/\/www.organisator.ch\/#organization"},"image":{"@id":"https:\/\/www.organisator.ch\/management\/2022-12-06\/mazars-wird-neuer-svc-gold-partner\/#primaryimage"},"thumbnailUrl":"https:\/\/www.organisator.ch\/wp-content\/uploads\/2022\/12\/Mazars-wird-neuer-SVC-Gold-Partner-2_Organisator.jpg","keywords":["Management und Unternehmensf\u00fchrung","Personalia","Verb\u00e4nde"],"articleSection":["MANAGEMENT"],"inLanguage":"fr-FR"},{"@type":"WebPage","@id":"https:\/\/www.organisator.ch\/management\/2022-12-06\/mazars-wird-neuer-svc-gold-partner\/","url":"https:\/\/www.organisator.ch\/management\/2022-12-06\/mazars-wird-neuer-svc-gold-partner\/","name":"Mazars devient le nouveau Partenaire Or du SVC - Organisateur","isPartOf":{"@id":"https:\/\/www.organisator.ch\/#website"},"primaryImageOfPage":{"@id":"https:\/\/www.organisator.ch\/management\/2022-12-06\/mazars-wird-neuer-svc-gold-partner\/#primaryimage"},"image":{"@id":"https:\/\/www.organisator.ch\/management\/2022-12-06\/mazars-wird-neuer-svc-gold-partner\/#primaryimage"},"thumbnailUrl":"https:\/\/www.organisator.ch\/wp-content\/uploads\/2022\/12\/Mazars-wird-neuer-SVC-Gold-Partner-2_Organisator.jpg","datePublished":"2022-12-06T15:36:29+00:00","description":"Le r\u00e9seau de PME Swiss Venture Club (SVC) collaborera avec Mazars en tant que nouveau SVC Gold Partner \u00e0 partir du 1er janvier 2023.","breadcrumb":{"@id":"https:\/\/www.organisator.ch\/management\/2022-12-06\/mazars-wird-neuer-svc-gold-partner\/#breadcrumb"},"inLanguage":"fr-FR","potentialAction":[{"@type":"ReadAction","target":["https:\/\/www.organisator.ch\/management\/2022-12-06\/mazars-wird-neuer-svc-gold-partner\/"]}]},{"@type":"ImageObject","inLanguage":"fr-FR","@id":"https:\/\/www.organisator.ch\/management\/2022-12-06\/mazars-wird-neuer-svc-gold-partner\/#primaryimage","url":"https:\/\/www.organisator.ch\/wp-content\/uploads\/2022\/12\/Mazars-wird-neuer-SVC-Gold-Partner-2_Organisator.jpg","contentUrl":"https:\/\/www.organisator.ch\/wp-content\/uploads\/2022\/12\/Mazars-wird-neuer-SVC-Gold-Partner-2_Organisator.jpg","width":680,"height":384,"caption":"Der SVC erh\u00e4lt mit Mazars ab 2023 einen neuen Gold Partner. Im Bild: Showb\u00fchne anl\u00e4sslich des Prix SVC Suisse Romande. (\u00a9 St\u00e9phane Schmutz \/ STEMUTZ.COM)"},{"@type":"BreadcrumbList","@id":"https:\/\/www.organisator.ch\/management\/2022-12-06\/mazars-wird-neuer-svc-gold-partner\/#breadcrumb","itemListElement":[{"@type":"ListItem","position":1,"name":"Home","item":"https:\/\/www.organisator.ch\/"},{"@type":"ListItem","position":2,"name":"Mazars wird neuer SVC Gold Partner"}]},{"@type":"WebSite","@id":"https:\/\/www.organisator.ch\/#website","url":"https:\/\/www.organisator.ch\/","name":"Organisateur","description":"Comp\u00e9tence et comp\u00e9tence. Proches de la pratique. L'ORGANISATEUR pr\u00e9pare 10 num\u00e9ros par an sur les th\u00e8mes essentiels pour les dirigeants de PME.","publisher":{"@id":"https:\/\/www.organisator.ch\/#organization"},"potentialAction":[{"@type":"SearchAction","target":{"@type":"EntryPoint","urlTemplate":"https:\/\/www.organisator.ch\/?s={search_term_string}"},"query-input":{"@type":"PropertyValueSpecification","valueRequired":true,"valueName":"search_term_string"}}],"inLanguage":"fr-FR"},{"@type":"Organization","@id":"https:\/\/www.organisator.ch\/#organization","name":"Organisateur","url":"https:\/\/www.organisator.ch\/","logo":{"@type":"ImageObject","inLanguage":"fr-FR","@id":"https:\/\/www.organisator.ch\/#\/schema\/logo\/image\/","url":"https:\/\/www.organisator.ch\/wp-content\/uploads\/2022\/01\/Logo_Organisator_Website.png","contentUrl":"https:\/\/www.organisator.ch\/wp-content\/uploads\/2022\/01\/Logo_Organisator_Website.png","width":800,"height":77,"caption":"Organisator"},"image":{"@id":"https:\/\/www.organisator.ch\/#\/schema\/logo\/image\/"},"sameAs":["https:\/\/www.facebook.com\/OrganisatorFachmagazin","https:\/\/www.linkedin.com\/showcase\/organisator-das-magazin-fr-kmu","https:\/\/www.xing.com\/news\/pages\/organisator-ch-695","https:\/\/www.youtube.com\/channel\/UCGP2Sq0iWaZwT3BdIAQFYpw"]},{"@type":"Person","@id":"https:\/\/www.organisator.ch\/#\/schema\/person\/6f650f90b2842cd4c0cc334b4e36f67e","name":"thomas.berner","image":{"@type":"ImageObject","inLanguage":"fr-FR","@id":"https:\/\/secure.gravatar.com\/avatar\/ac5001d2a36cb6c6cd3e50789007ffca834b477b74a2144564522e944eabff61?s=96&d=mm&r=g","url":"https:\/\/secure.gravatar.com\/avatar\/ac5001d2a36cb6c6cd3e50789007ffca834b477b74a2144564522e944eabff61?s=96&d=mm&r=g","contentUrl":"https:\/\/secure.gravatar.com\/avatar\/ac5001d2a36cb6c6cd3e50789007ffca834b477b74a2144564522e944eabff61?s=96&d=mm&r=g","caption":"thomas.berner"},"url":"https:\/\/www.organisator.ch\/fr\/author\/thomas-berner\/"}]}},"_links":{"self":[{"href":"https:\/\/www.organisator.ch\/fr\/wp-json\/wp\/v2\/posts\/18160","targetHints":{"allow":["GET"]}}],"collection":[{"href":"https:\/\/www.organisator.ch\/fr\/wp-json\/wp\/v2\/posts"}],"about":[{"href":"https:\/\/www.organisator.ch\/fr\/wp-json\/wp\/v2\/types\/post"}],"author":[{"embeddable":true,"href":"https:\/\/www.organisator.ch\/fr\/wp-json\/wp\/v2\/users\/4"}],"replies":[{"embeddable":true,"href":"https:\/\/www.organisator.ch\/fr\/wp-json\/wp\/v2\/comments?post=18160"}],"version-history":[{"count":1,"href":"https:\/\/www.organisator.ch\/fr\/wp-json\/wp\/v2\/posts\/18160\/revisions"}],"predecessor-version":[{"id":18163,"href":"https:\/\/www.organisator.ch\/fr\/wp-json\/wp\/v2\/posts\/18160\/revisions\/18163"}],"wp:featuredmedia":[{"embeddable":true,"href":"https:\/\/www.organisator.ch\/fr\/wp-json\/wp\/v2\/media\/18162"}],"wp:attachment":[{"href":"https:\/\/www.organisator.ch\/fr\/wp-json\/wp\/v2\/media?parent=18160"}],"wp:term":[{"taxonomy":"category","embeddable":true,"href":"https:\/\/www.organisator.ch\/fr\/wp-json\/wp\/v2\/categories?post=18160"},{"taxonomy":"post_tag","embeddable":true,"href":"https:\/\/www.organisator.ch\/fr\/wp-json\/wp\/v2\/tags?post=18160"}],"curies":[{"name":"wp","href":"https:\/\/api.w.org\/{rel}","templated":true}]}}