{"id":18185,"date":"2022-12-07T11:21:37","date_gmt":"2022-12-07T10:21:37","guid":{"rendered":"https:\/\/www.werbewoche.ch\/?p=191161"},"modified":"2024-11-20T06:34:53","modified_gmt":"2024-11-20T05:34:53","slug":"gfk-technische-konsumgueter-zur-black-week-knackten-rekord","status":"publish","type":"post","link":"https:\/\/www.organisator.ch\/fr\/marketing\/2022-12-07\/gfk-technische-konsumgueter-zur-black-week-knackten-rekord\/","title":{"rendered":"GfK : les biens de consommation techniques ont battu des records lors de la Black Week"},"content":{"rendered":"<p><img class=\"alignnone wp-image-191163 size-full\" src=\"https:\/\/www.werbewoche.ch\/wp-content\/uploads\/2022\/12\/Black-Friday-GfK.jpg\" alt=\"Semaine noire\" width=\"1200\" height=\"1104\" \/>GfK souligne les principaux r\u00e9sultats de la Black Week dans le domaine des biens de consommation techniques. Avec un volume de ventes de CHF 114,2 millions et une augmentation de +11,5 %, la Black Week 2022 a \u00e9t\u00e9 conforme aux pr\u00e9visions. Ainsi, le record d'il y a deux ans (CHF 110,2 millions) a m\u00eame \u00e9t\u00e9 d\u00e9pass\u00e9.<\/p>\r\n<h3>Les diff\u00e9rents groupes de marchandises ont \u00e9volu\u00e9 comme suit en valeur par rapport \u00e0 l'ann\u00e9e pr\u00e9c\u00e9dente :<\/h3>\r\n<ul>\r\n\t<li>Le chiffre d'affaires le plus \u00e9lev\u00e9 (38,2 millions de CHF) a \u00e9t\u00e9 g\u00e9n\u00e9r\u00e9 cette ann\u00e9e, et de loin, par la forte demande de smartphones. Il faut savoir qu'il y a un an, la disponibilit\u00e9 des smartphones \u00e9tait tr\u00e8s limit\u00e9e en raison de goulets d'\u00e9tranglement au niveau des composants et de cha\u00eenes d'approvisionnement interrompues.<\/li>\r\n\t<li>Les ordinateurs mobiles ont \u00e0 nouveau enregistr\u00e9 la deuxi\u00e8me plus forte demande. Avec 28,4 millions de francs, le chiffre d'affaires a augment\u00e9 de 2,1 millions de francs par rapport \u00e0 l'ann\u00e9e pr\u00e9c\u00e9dente.<\/li>\r\n\t<li>Les t\u00e9l\u00e9viseurs, qui \u00e9taient jusqu'\u00e0 pr\u00e9sent toujours le principal vecteur de chiffre d'affaires pendant la Black Week, sont arriv\u00e9s en troisi\u00e8me position. Le volume a baiss\u00e9 par rapport \u00e0 l'ann\u00e9e pr\u00e9c\u00e9dente, passant de 29,8 millions de CHF \u00e0 26,7 millions de CHF. Les promotions des semaines pr\u00e9c\u00e9dentes autour de la Coupe du monde de football ont permis d'anticiper les ventes.<\/li>\r\n\t<li>Le th\u00e8me du jeu s'est quelque peu refroidi et a eu un impact n\u00e9gatif sur le chiffre d'affaires des ordinateurs de bureau. En termes de valeur, le volume est pass\u00e9 de 9,2 millions de CHF \u00e0 8,0 millions de CHF.<\/li>\r\n\t<li>Les tablettes, en revanche, ont eu le vent en poupe cette ann\u00e9e, le chiffre d'affaires \u00e9tant pass\u00e9 de 7,4 millions de CHF \u00e0 8,5 millions de CHF par rapport \u00e0 l'ann\u00e9e pr\u00e9c\u00e9dente.<\/li>\r\n\t<li>Le rattrapage post-pand\u00e9mie des appareils photo a \u00e9galement montr\u00e9 une tendance positive pendant la Black Week. Le chiffre d'affaires de 4,4 millions de CHF \u00e9tait en hausse d'environ 1,0 million par rapport \u00e0 l'ann\u00e9e pr\u00e9c\u00e9dente.<\/li>\r\n<\/ul>\r\n<p>&nbsp;<\/p>","protected":false},"excerpt":{"rendered":"<p>Die GfK hebt die wichtigsten Ergebnisse der Black Week im Bereich der technischen Konsumg\u00fcter hervor. Die Black Week 2022 lag mit einem Umsatzvolumen von CHF 114.2 Mio. und einem Plus von +11,5 Prozent\u00a0 im Bereich der Prognose. Somit wurde sogar die Rekordmarke vor zwei Jahren (CHF 110.2 Mio.) \u00fcbertroffen. Die einzelnen Warengruppen haben sich wertm\u00e4ssig [\u2026]<\/p>\n","protected":false},"author":8,"featured_media":0,"comment_status":"closed","ping_status":"closed","sticky":false,"template":"","format":"standard","meta":{"_acf_changed":false,"_yoast_wpseo_focuskw":"Black Week","_yoast_wpseo_metadesc":"Black Week 2022: 11,5% Umsatzplus in der Schweiz. Starke Nachfrage nach Smartphones, Mobilecomputern und Fotokameras.","articlekey":"","footnotes":""},"categories":[29],"tags":[3550,3551],"class_list":["post-18185","post","type-post","status-publish","format-standard","hentry","category-marketing","tag-gfk-switzerland","tag-umsatzwachstum"],"acf":[],"yoast_head":"<!-- This site is optimized with the Yoast SEO plugin v27.5 - https:\/\/yoast.com\/product\/yoast-seo-wordpress\/ -->\n<title>GfK: Technische Konsumg\u00fcter zur Black Week knackten Rekord - Organisator<\/title>\n<meta name=\"description\" content=\"Black Week 2022: 11,5% Umsatzplus in der Schweiz. Starke Nachfrage nach Smartphones, Mobilecomputern und Fotokameras.\" \/>\n<meta name=\"robots\" content=\"index, follow, max-snippet:-1, max-image-preview:large, max-video-preview:-1\" \/>\n<link rel=\"canonical\" href=\"https:\/\/www.organisator.ch\/fr\/marketing\/2022-12-07\/gfk-technische-konsumgueter-zur-black-week-knackten-rekord\/\" \/>\n<meta property=\"og:locale\" content=\"fr_FR\" \/>\n<meta property=\"og:type\" content=\"article\" \/>\n<meta property=\"og:title\" content=\"GfK: Technische Konsumg\u00fcter zur Black Week knackten Rekord - Organisator\" \/>\n<meta property=\"og:description\" content=\"Black Week 2022: 11,5% Umsatzplus in der Schweiz. Starke Nachfrage nach Smartphones, Mobilecomputern und Fotokameras.\" \/>\n<meta property=\"og:url\" content=\"https:\/\/www.organisator.ch\/fr\/marketing\/2022-12-07\/gfk-technische-konsumgueter-zur-black-week-knackten-rekord\/\" \/>\n<meta property=\"og:site_name\" content=\"Organisator\" \/>\n<meta property=\"article:publisher\" content=\"https:\/\/www.facebook.com\/OrganisatorFachmagazin\" \/>\n<meta property=\"article:published_time\" content=\"2022-12-07T10:21:37+00:00\" \/>\n<meta property=\"article:modified_time\" content=\"2024-11-20T05:34:53+00:00\" \/>\n<meta name=\"author\" content=\"galledia\" \/>\n<meta name=\"twitter:card\" content=\"summary_large_image\" \/>\n<meta name=\"twitter:creator\" content=\"@admin\" \/>\n<script type=\"application\/ld+json\" class=\"yoast-schema-graph\">{\"@context\":\"https:\\\/\\\/schema.org\",\"@graph\":[{\"@type\":\"Article\",\"@id\":\"https:\\\/\\\/www.organisator.ch\\\/marketing\\\/2022-12-07\\\/gfk-technische-konsumgueter-zur-black-week-knackten-rekord\\\/#article\",\"isPartOf\":{\"@id\":\"https:\\\/\\\/www.organisator.ch\\\/marketing\\\/2022-12-07\\\/gfk-technische-konsumgueter-zur-black-week-knackten-rekord\\\/\"},\"author\":{\"name\":\"galledia\",\"@id\":\"https:\\\/\\\/www.organisator.ch\\\/#\\\/schema\\\/person\\\/4e51799071cd2dd1232ac003643ef5f0\"},\"headline\":\"GfK: Technische Konsumg\u00fcter zur Black Week knackten Rekord\",\"datePublished\":\"2022-12-07T10:21:37+00:00\",\"dateModified\":\"2024-11-20T05:34:53+00:00\",\"mainEntityOfPage\":{\"@id\":\"https:\\\/\\\/www.organisator.ch\\\/marketing\\\/2022-12-07\\\/gfk-technische-konsumgueter-zur-black-week-knackten-rekord\\\/\"},\"wordCount\":274,\"publisher\":{\"@id\":\"https:\\\/\\\/www.organisator.ch\\\/#organization\"},\"image\":{\"@id\":\"https:\\\/\\\/www.organisator.ch\\\/marketing\\\/2022-12-07\\\/gfk-technische-konsumgueter-zur-black-week-knackten-rekord\\\/#primaryimage\"},\"thumbnailUrl\":\"https:\\\/\\\/www.werbewoche.ch\\\/wp-content\\\/uploads\\\/2022\\\/12\\\/Black-Friday-GfK.jpg\",\"keywords\":[\"GFK Switzerland\",\"Umsatzwachstum\"],\"articleSection\":[\"MARKETING\"],\"inLanguage\":\"fr-FR\"},{\"@type\":\"WebPage\",\"@id\":\"https:\\\/\\\/www.organisator.ch\\\/marketing\\\/2022-12-07\\\/gfk-technische-konsumgueter-zur-black-week-knackten-rekord\\\/\",\"url\":\"https:\\\/\\\/www.organisator.ch\\\/marketing\\\/2022-12-07\\\/gfk-technische-konsumgueter-zur-black-week-knackten-rekord\\\/\",\"name\":\"GfK: Technische Konsumg\u00fcter zur Black Week knackten Rekord - Organisator\",\"isPartOf\":{\"@id\":\"https:\\\/\\\/www.organisator.ch\\\/#website\"},\"primaryImageOfPage\":{\"@id\":\"https:\\\/\\\/www.organisator.ch\\\/marketing\\\/2022-12-07\\\/gfk-technische-konsumgueter-zur-black-week-knackten-rekord\\\/#primaryimage\"},\"image\":{\"@id\":\"https:\\\/\\\/www.organisator.ch\\\/marketing\\\/2022-12-07\\\/gfk-technische-konsumgueter-zur-black-week-knackten-rekord\\\/#primaryimage\"},\"thumbnailUrl\":\"https:\\\/\\\/www.werbewoche.ch\\\/wp-content\\\/uploads\\\/2022\\\/12\\\/Black-Friday-GfK.jpg\",\"datePublished\":\"2022-12-07T10:21:37+00:00\",\"dateModified\":\"2024-11-20T05:34:53+00:00\",\"description\":\"Black Week 2022: 11,5% Umsatzplus in der Schweiz. Starke Nachfrage nach Smartphones, Mobilecomputern und Fotokameras.\",\"breadcrumb\":{\"@id\":\"https:\\\/\\\/www.organisator.ch\\\/marketing\\\/2022-12-07\\\/gfk-technische-konsumgueter-zur-black-week-knackten-rekord\\\/#breadcrumb\"},\"inLanguage\":\"fr-FR\",\"potentialAction\":[{\"@type\":\"ReadAction\",\"target\":[\"https:\\\/\\\/www.organisator.ch\\\/marketing\\\/2022-12-07\\\/gfk-technische-konsumgueter-zur-black-week-knackten-rekord\\\/\"]}]},{\"@type\":\"ImageObject\",\"inLanguage\":\"fr-FR\",\"@id\":\"https:\\\/\\\/www.organisator.ch\\\/marketing\\\/2022-12-07\\\/gfk-technische-konsumgueter-zur-black-week-knackten-rekord\\\/#primaryimage\",\"url\":\"https:\\\/\\\/www.werbewoche.ch\\\/wp-content\\\/uploads\\\/2022\\\/12\\\/Black-Friday-GfK.jpg\",\"contentUrl\":\"https:\\\/\\\/www.werbewoche.ch\\\/wp-content\\\/uploads\\\/2022\\\/12\\\/Black-Friday-GfK.jpg\"},{\"@type\":\"BreadcrumbList\",\"@id\":\"https:\\\/\\\/www.organisator.ch\\\/marketing\\\/2022-12-07\\\/gfk-technische-konsumgueter-zur-black-week-knackten-rekord\\\/#breadcrumb\",\"itemListElement\":[{\"@type\":\"ListItem\",\"position\":1,\"name\":\"Home\",\"item\":\"https:\\\/\\\/www.organisator.ch\\\/\"},{\"@type\":\"ListItem\",\"position\":2,\"name\":\"GfK: Technische Konsumg\u00fcter zur Black Week knackten Rekord\"}]},{\"@type\":\"WebSite\",\"@id\":\"https:\\\/\\\/www.organisator.ch\\\/#website\",\"url\":\"https:\\\/\\\/www.organisator.ch\\\/\",\"name\":\"Organisator\",\"description\":\"Kompetent. Praxisnah. Der ORGANISATOR bereitet in 10 Ausgaben pro Jahr die wesentlichen Themen f\u00fcr F\u00fchrungskr\u00e4fte von KMU auf.\",\"publisher\":{\"@id\":\"https:\\\/\\\/www.organisator.ch\\\/#organization\"},\"potentialAction\":[{\"@type\":\"SearchAction\",\"target\":{\"@type\":\"EntryPoint\",\"urlTemplate\":\"https:\\\/\\\/www.organisator.ch\\\/?s={search_term_string}\"},\"query-input\":{\"@type\":\"PropertyValueSpecification\",\"valueRequired\":true,\"valueName\":\"search_term_string\"}}],\"inLanguage\":\"fr-FR\"},{\"@type\":\"Organization\",\"@id\":\"https:\\\/\\\/www.organisator.ch\\\/#organization\",\"name\":\"Organisator\",\"url\":\"https:\\\/\\\/www.organisator.ch\\\/\",\"logo\":{\"@type\":\"ImageObject\",\"inLanguage\":\"fr-FR\",\"@id\":\"https:\\\/\\\/www.organisator.ch\\\/#\\\/schema\\\/logo\\\/image\\\/\",\"url\":\"https:\\\/\\\/www.organisator.ch\\\/wp-content\\\/uploads\\\/2022\\\/01\\\/Logo_Organisator_Website.png\",\"contentUrl\":\"https:\\\/\\\/www.organisator.ch\\\/wp-content\\\/uploads\\\/2022\\\/01\\\/Logo_Organisator_Website.png\",\"width\":800,\"height\":77,\"caption\":\"Organisator\"},\"image\":{\"@id\":\"https:\\\/\\\/www.organisator.ch\\\/#\\\/schema\\\/logo\\\/image\\\/\"},\"sameAs\":[\"https:\\\/\\\/www.facebook.com\\\/OrganisatorFachmagazin\",\"https:\\\/\\\/www.linkedin.com\\\/showcase\\\/organisator-das-magazin-fr-kmu\",\"https:\\\/\\\/www.xing.com\\\/news\\\/pages\\\/organisator-ch-695\",\"https:\\\/\\\/www.youtube.com\\\/channel\\\/UCGP2Sq0iWaZwT3BdIAQFYpw\"]},{\"@type\":\"Person\",\"@id\":\"https:\\\/\\\/www.organisator.ch\\\/#\\\/schema\\\/person\\\/4e51799071cd2dd1232ac003643ef5f0\",\"name\":\"galledia\",\"image\":{\"@type\":\"ImageObject\",\"inLanguage\":\"fr-FR\",\"@id\":\"https:\\\/\\\/secure.gravatar.com\\\/avatar\\\/78a7f90c01fc2bfc875782a0d4922b37cde2cf184ce347b91316d23cd7f69a36?s=96&d=mm&r=g\",\"url\":\"https:\\\/\\\/secure.gravatar.com\\\/avatar\\\/78a7f90c01fc2bfc875782a0d4922b37cde2cf184ce347b91316d23cd7f69a36?s=96&d=mm&r=g\",\"contentUrl\":\"https:\\\/\\\/secure.gravatar.com\\\/avatar\\\/78a7f90c01fc2bfc875782a0d4922b37cde2cf184ce347b91316d23cd7f69a36?s=96&d=mm&r=g\",\"caption\":\"galledia\"},\"sameAs\":[\"https:\\\/\\\/x.com\\\/admin\"],\"url\":\"https:\\\/\\\/www.organisator.ch\\\/fr\\\/author\\\/galledia\\\/\"}]}<\/script>\n<!-- \/ Yoast SEO plugin. -->","yoast_head_json":{"title":"GfK : les biens de consommation techniques ont battu un record lors de la Black Week - Organisateur","description":"Black Week 2022 : 11,5% d'augmentation des ventes en Suisse. Forte demande de smartphones, d'ordinateurs mobiles et d'appareils photo.","robots":{"index":"index","follow":"follow","max-snippet":"max-snippet:-1","max-image-preview":"max-image-preview:large","max-video-preview":"max-video-preview:-1"},"canonical":"https:\/\/www.organisator.ch\/fr\/marketing\/2022-12-07\/gfk-technische-konsumgueter-zur-black-week-knackten-rekord\/","og_locale":"fr_FR","og_type":"article","og_title":"GfK: Technische Konsumg\u00fcter zur Black Week knackten Rekord - Organisator","og_description":"Black Week 2022: 11,5% Umsatzplus in der Schweiz. Starke Nachfrage nach Smartphones, Mobilecomputern und Fotokameras.","og_url":"https:\/\/www.organisator.ch\/fr\/marketing\/2022-12-07\/gfk-technische-konsumgueter-zur-black-week-knackten-rekord\/","og_site_name":"Organisator","article_publisher":"https:\/\/www.facebook.com\/OrganisatorFachmagazin","article_published_time":"2022-12-07T10:21:37+00:00","article_modified_time":"2024-11-20T05:34:53+00:00","author":"galledia","twitter_card":"summary_large_image","twitter_creator":"@admin","schema":{"@context":"https:\/\/schema.org","@graph":[{"@type":"Article","@id":"https:\/\/www.organisator.ch\/marketing\/2022-12-07\/gfk-technische-konsumgueter-zur-black-week-knackten-rekord\/#article","isPartOf":{"@id":"https:\/\/www.organisator.ch\/marketing\/2022-12-07\/gfk-technische-konsumgueter-zur-black-week-knackten-rekord\/"},"author":{"name":"galledia","@id":"https:\/\/www.organisator.ch\/#\/schema\/person\/4e51799071cd2dd1232ac003643ef5f0"},"headline":"GfK: Technische Konsumg\u00fcter zur Black Week knackten Rekord","datePublished":"2022-12-07T10:21:37+00:00","dateModified":"2024-11-20T05:34:53+00:00","mainEntityOfPage":{"@id":"https:\/\/www.organisator.ch\/marketing\/2022-12-07\/gfk-technische-konsumgueter-zur-black-week-knackten-rekord\/"},"wordCount":274,"publisher":{"@id":"https:\/\/www.organisator.ch\/#organization"},"image":{"@id":"https:\/\/www.organisator.ch\/marketing\/2022-12-07\/gfk-technische-konsumgueter-zur-black-week-knackten-rekord\/#primaryimage"},"thumbnailUrl":"https:\/\/www.werbewoche.ch\/wp-content\/uploads\/2022\/12\/Black-Friday-GfK.jpg","keywords":["GFK Switzerland","Umsatzwachstum"],"articleSection":["MARKETING"],"inLanguage":"fr-FR"},{"@type":"WebPage","@id":"https:\/\/www.organisator.ch\/marketing\/2022-12-07\/gfk-technische-konsumgueter-zur-black-week-knackten-rekord\/","url":"https:\/\/www.organisator.ch\/marketing\/2022-12-07\/gfk-technische-konsumgueter-zur-black-week-knackten-rekord\/","name":"GfK : les biens de consommation techniques ont battu un record lors de la Black Week - Organisateur","isPartOf":{"@id":"https:\/\/www.organisator.ch\/#website"},"primaryImageOfPage":{"@id":"https:\/\/www.organisator.ch\/marketing\/2022-12-07\/gfk-technische-konsumgueter-zur-black-week-knackten-rekord\/#primaryimage"},"image":{"@id":"https:\/\/www.organisator.ch\/marketing\/2022-12-07\/gfk-technische-konsumgueter-zur-black-week-knackten-rekord\/#primaryimage"},"thumbnailUrl":"https:\/\/www.werbewoche.ch\/wp-content\/uploads\/2022\/12\/Black-Friday-GfK.jpg","datePublished":"2022-12-07T10:21:37+00:00","dateModified":"2024-11-20T05:34:53+00:00","description":"Black Week 2022 : 11,5% d'augmentation des ventes en Suisse. Forte demande de smartphones, d'ordinateurs mobiles et d'appareils photo.","breadcrumb":{"@id":"https:\/\/www.organisator.ch\/marketing\/2022-12-07\/gfk-technische-konsumgueter-zur-black-week-knackten-rekord\/#breadcrumb"},"inLanguage":"fr-FR","potentialAction":[{"@type":"ReadAction","target":["https:\/\/www.organisator.ch\/marketing\/2022-12-07\/gfk-technische-konsumgueter-zur-black-week-knackten-rekord\/"]}]},{"@type":"ImageObject","inLanguage":"fr-FR","@id":"https:\/\/www.organisator.ch\/marketing\/2022-12-07\/gfk-technische-konsumgueter-zur-black-week-knackten-rekord\/#primaryimage","url":"https:\/\/www.werbewoche.ch\/wp-content\/uploads\/2022\/12\/Black-Friday-GfK.jpg","contentUrl":"https:\/\/www.werbewoche.ch\/wp-content\/uploads\/2022\/12\/Black-Friday-GfK.jpg"},{"@type":"BreadcrumbList","@id":"https:\/\/www.organisator.ch\/marketing\/2022-12-07\/gfk-technische-konsumgueter-zur-black-week-knackten-rekord\/#breadcrumb","itemListElement":[{"@type":"ListItem","position":1,"name":"Home","item":"https:\/\/www.organisator.ch\/"},{"@type":"ListItem","position":2,"name":"GfK: Technische Konsumg\u00fcter zur Black Week knackten Rekord"}]},{"@type":"WebSite","@id":"https:\/\/www.organisator.ch\/#website","url":"https:\/\/www.organisator.ch\/","name":"Organisateur","description":"Comp\u00e9tence et comp\u00e9tence. Proches de la pratique. L'ORGANISATEUR pr\u00e9pare 10 num\u00e9ros par an sur les th\u00e8mes essentiels pour les dirigeants de PME.","publisher":{"@id":"https:\/\/www.organisator.ch\/#organization"},"potentialAction":[{"@type":"SearchAction","target":{"@type":"EntryPoint","urlTemplate":"https:\/\/www.organisator.ch\/?s={search_term_string}"},"query-input":{"@type":"PropertyValueSpecification","valueRequired":true,"valueName":"search_term_string"}}],"inLanguage":"fr-FR"},{"@type":"Organization","@id":"https:\/\/www.organisator.ch\/#organization","name":"Organisateur","url":"https:\/\/www.organisator.ch\/","logo":{"@type":"ImageObject","inLanguage":"fr-FR","@id":"https:\/\/www.organisator.ch\/#\/schema\/logo\/image\/","url":"https:\/\/www.organisator.ch\/wp-content\/uploads\/2022\/01\/Logo_Organisator_Website.png","contentUrl":"https:\/\/www.organisator.ch\/wp-content\/uploads\/2022\/01\/Logo_Organisator_Website.png","width":800,"height":77,"caption":"Organisator"},"image":{"@id":"https:\/\/www.organisator.ch\/#\/schema\/logo\/image\/"},"sameAs":["https:\/\/www.facebook.com\/OrganisatorFachmagazin","https:\/\/www.linkedin.com\/showcase\/organisator-das-magazin-fr-kmu","https:\/\/www.xing.com\/news\/pages\/organisator-ch-695","https:\/\/www.youtube.com\/channel\/UCGP2Sq0iWaZwT3BdIAQFYpw"]},{"@type":"Person","@id":"https:\/\/www.organisator.ch\/#\/schema\/person\/4e51799071cd2dd1232ac003643ef5f0","name":"galledia","image":{"@type":"ImageObject","inLanguage":"fr-FR","@id":"https:\/\/secure.gravatar.com\/avatar\/78a7f90c01fc2bfc875782a0d4922b37cde2cf184ce347b91316d23cd7f69a36?s=96&d=mm&r=g","url":"https:\/\/secure.gravatar.com\/avatar\/78a7f90c01fc2bfc875782a0d4922b37cde2cf184ce347b91316d23cd7f69a36?s=96&d=mm&r=g","contentUrl":"https:\/\/secure.gravatar.com\/avatar\/78a7f90c01fc2bfc875782a0d4922b37cde2cf184ce347b91316d23cd7f69a36?s=96&d=mm&r=g","caption":"galledia"},"sameAs":["https:\/\/x.com\/admin"],"url":"https:\/\/www.organisator.ch\/fr\/author\/galledia\/"}]}},"_links":{"self":[{"href":"https:\/\/www.organisator.ch\/fr\/wp-json\/wp\/v2\/posts\/18185","targetHints":{"allow":["GET"]}}],"collection":[{"href":"https:\/\/www.organisator.ch\/fr\/wp-json\/wp\/v2\/posts"}],"about":[{"href":"https:\/\/www.organisator.ch\/fr\/wp-json\/wp\/v2\/types\/post"}],"author":[{"embeddable":true,"href":"https:\/\/www.organisator.ch\/fr\/wp-json\/wp\/v2\/users\/8"}],"replies":[{"embeddable":true,"href":"https:\/\/www.organisator.ch\/fr\/wp-json\/wp\/v2\/comments?post=18185"}],"version-history":[{"count":4,"href":"https:\/\/www.organisator.ch\/fr\/wp-json\/wp\/v2\/posts\/18185\/revisions"}],"predecessor-version":[{"id":33565,"href":"https:\/\/www.organisator.ch\/fr\/wp-json\/wp\/v2\/posts\/18185\/revisions\/33565"}],"wp:attachment":[{"href":"https:\/\/www.organisator.ch\/fr\/wp-json\/wp\/v2\/media?parent=18185"}],"wp:term":[{"taxonomy":"category","embeddable":true,"href":"https:\/\/www.organisator.ch\/fr\/wp-json\/wp\/v2\/categories?post=18185"},{"taxonomy":"post_tag","embeddable":true,"href":"https:\/\/www.organisator.ch\/fr\/wp-json\/wp\/v2\/tags?post=18185"}],"curies":[{"name":"wp","href":"https:\/\/api.w.org\/{rel}","templated":true}]}}