{"id":18190,"date":"2022-12-08T09:07:49","date_gmt":"2022-12-08T08:07:49","guid":{"rendered":"https:\/\/www.organisator.ch\/?p=18190"},"modified":"2022-12-08T09:38:23","modified_gmt":"2022-12-08T08:38:23","slug":"jaisli-xamax-erweiterte-geschaeftsleitung-und-neue-organisation","status":"publish","type":"post","link":"https:\/\/www.organisator.ch\/fr\/management\/2022-12-08\/jaisli-xamax-erweiterte-geschaeftsleitung-und-neue-organisation\/","title":{"rendered":"Jaisli-Xamax : direction \u00e9largie et nouvelle organisation"},"content":{"rendered":"<figure id=\"attachment_18192\" aria-describedby=\"caption-attachment-18192\" style=\"width: 680px\" class=\"wp-caption alignnone\"><img loading=\"lazy\" decoding=\"async\" class=\"size-full wp-image-18192\" src=\"https:\/\/www.organisator.ch\/wp-content\/uploads\/2022\/12\/Jaisli-Xamax-Erweiterte-Geschaeftsleitung-und-neue-Organisation_Organisator.jpg\" alt=\"\" width=\"680\" height=\"440\" srcset=\"https:\/\/www.organisator.ch\/wp-content\/uploads\/2022\/12\/Jaisli-Xamax-Erweiterte-Geschaeftsleitung-und-neue-Organisation_Organisator.jpg 680w, https:\/\/www.organisator.ch\/wp-content\/uploads\/2022\/12\/Jaisli-Xamax-Erweiterte-Geschaeftsleitung-und-neue-Organisation_Organisator-18x12.jpg 18w, https:\/\/www.organisator.ch\/wp-content\/uploads\/2022\/12\/Jaisli-Xamax-Erweiterte-Geschaeftsleitung-und-neue-Organisation_Organisator-375x243.jpg 375w, https:\/\/www.organisator.ch\/wp-content\/uploads\/2022\/12\/Jaisli-Xamax-Erweiterte-Geschaeftsleitung-und-neue-Organisation_Organisator-541x350.jpg 541w\" sizes=\"auto, (max-width: 680px) 100vw, 680px\" \/><figcaption id=\"caption-attachment-18192\" class=\"wp-caption-text\">Rolf Weber, Markus Schmid, Danijel Martinovic, Kosta Vellidis, Marco Acikgoez, Giovanni Marzocchi, Sandra Schiesser. (Image : Jaisli-Xamax AG)<\/figcaption><\/figure>\n<p>La vision de Jaisli-Xamax SA est la suivante : \"L\u00e0 o\u00f9 le courant circule et est utilis\u00e9, nous sommes le fournisseur d'installations et de syst\u00e8mes \u00e9lectriques \u00e0 succ\u00e8s pour la basse tension, la tr\u00e8s basse tension et la transmission de signaux\". Afin d'accorder encore plus d'importance aux affaires courantes, la position des secteurs op\u00e9rationnels Installations \u00e9lectriques, Technique des syst\u00e8mes du b\u00e2timent et Construction de tableaux de distribution PLUS est mise en \u00e9vidence par l'id\u00e9e d'un membre de la direction par secteur. Parall\u00e8lement, les fonctions des ressources Achats, Gestion des ressources humaines et Services centraux sont renforc\u00e9es. L'objectif du directeur Rolf Weber est qu'au cours de l'ann\u00e9e 2023, un responsable de secteur soit pr\u00e9sent dans chacun des d\u00e9partements suivants en tant que membre de la direction.<\/p>\n<h3>Une direction recompos\u00e9e<\/h3>\n<p>En cons\u00e9quence, la direction de Jaisli Xamax sera compos\u00e9e, \u00e0 partir du 1er janvier 2023, de Rolf Weber (directeur g\u00e9n\u00e9ral), Markus Schmid (responsable du secteur Finances), Danijel Martinovic (responsable du secteur Installations \u00e9lectriques), Kosta Vellidis (Business Development Manager), Marco Acikgoez (responsable du secteur Achats strat\u00e9giques\/Acquisitions), Giovanni Marzocchi (responsable du secteur Services centraux) et Sandra Schiesser (responsable du secteur HR Management). Le nouveau membre de la direction, Marco Acikgoez, responsable du secteur Achats strat\u00e9giques\/Acquisitions, d\u00e9clare \u00e0 propos de l'int\u00e9gration de son secteur dans la nouvelle organisation de l'entreprise : \"Les achats strat\u00e9giques apportent une contribution essentielle au r\u00e9sultat de l'entreprise, c'est pourquoi ils font partie de la politique d'entreprise de Jaisli-Xamax SA. L'achat centralis\u00e9 qui agit logiquement comme pivot, poursuit une politique d'achat commune, uniforme et durable comme \u00e0 l'interne et \u00e0 l'externe\".<\/p>\n<h3>Une nouvelle organisation pour l'avenir<\/h3>\n<p>Dans le cadre de l'adaptation de l'organisation, des objectifs strat\u00e9giques ont \u00e9t\u00e9 fix\u00e9s concernant l'activit\u00e9 principale, le domaine d'activit\u00e9 et la marque employeur, avec lesquels l'entreprise souhaite continuer \u00e0 d\u00e9velopper son succ\u00e8s dans le domaine des installations \u00e9lectriques dans toute la Suisse al\u00e9manique. Les secteurs d'activit\u00e9 Technique des syst\u00e8mes du b\u00e2timent, y compris la gestion de l'\u00e9nergie, et Construction de tableaux de distribution PLUS doivent \u00e9galement \u00eatre renforc\u00e9s. La consolidation de sa position d'employeur s\u00fbr et attrayant, offrant des conditions d'emploi optimales, des possibilit\u00e9s de d\u00e9veloppement et un plan de carri\u00e8re, reste tr\u00e8s importante pour Jaisli-Xamax SA. Sandra Schiesser, responsable du secteur HR Management et nouveau membre de la direction, consid\u00e8re la r\u00e9organisation et la direction \u00e9largie comme une \u00e9tape importante de l'entreprise : \"Nos collaborateurs sont notre ressource la plus pr\u00e9cieuse. Afin de poursuivre la strat\u00e9gie et la vision de Jaisli-Xamax SA et de continuer \u00e0 r\u00e9ussir, nous veillons \u00e0 ce que la ligne et les collaborateurs soient soutenus afin qu'ils re\u00e7oivent les formations ainsi que la motivation n\u00e9cessaires pour travailler de mani\u00e8re aussi efficace et efficiente que possible\". Giovanni Marzocchi, \u00e9galement nouveau membre de la direction, se r\u00e9jouit \u00e9galement de l'int\u00e9gration de son secteur op\u00e9rationnel Services centraux et se laisse citer comme suit : \"Gr\u00e2ce \u00e0 des processus simples, l\u00e9gers et num\u00e9ris\u00e9s, nous aidons nos collaborateurs \u00e0 accomplir leur travail quotidien avec efficacit\u00e9 et plaisir. Ce qui \u00e9tait bon hier doit \u00eatre repens\u00e9 aujourd'hui. L'innovation et l'organisation constantes nous distinguent de nos concurrents sur le march\u00e9\".<\/p>\n<p>Depuis pr\u00e8s de 55 ans, Jaisli-Xamax AG sert ses clients dans tout le domaine \u00e9lectrique avec des solutions innovantes. L'entreprise intervient \u00e0 Dietikon (si\u00e8ge principal), B\u00e2le, Berne et Zoug. L'entreprise \u00e9lectrique s'engage en faveur de la rel\u00e8ve dans le secteur et <a href=\"https:\/\/www.organisator.ch\/de\/human-resources\/hrm\/2021-11-05\/jaisli-xamax-ag-umwirbt-lernende-ueber-tiktok\/\">forme environ 100 apprentis<\/a> de.<\/p>\n<p><a href=\"http:\/\/www.jaisli-xamax.ch\"><em>Source et informations compl\u00e9mentaires<\/em><\/a><\/p>","protected":false},"excerpt":{"rendered":"<p>\u00abWo Strom fliesst und eingesetzt wird, sind wir der erfolgreiche Ausf\u00fchrungsanbieter von elektrischen Installationen und Systemen f\u00fcr Nieder-, Kleinspannung und Signal\u00fcbertragung\u00bb, so lautet die Vision der Jaisli-Xamax AG. Um nun dem Tagesgesch\u00e4ft noch mehr Relevanz zu schenken, wird die Position der operativen Bereiche Elektroinstallationen, Geb\u00e4udesystemtechnik und Schaltanlagenbau PLUS hervorgehoben, indem pro Bereich ein Gesch\u00e4ftsleitungsmitglied angedacht [&hellip;]<\/p>\n","protected":false},"author":4,"featured_media":18192,"comment_status":"closed","ping_status":"closed","sticky":false,"template":"","format":"standard","meta":{"_acf_changed":false,"_yoast_wpseo_focuskw":"Jaisli-Xamax","_yoast_wpseo_metadesc":"Auf den 1. Januar 2023 erweitert die Jaisli-Xamax AG ihre Gesch\u00e4ftsleitung und passt die Unternehmensorganisation an.","articlekey":"","footnotes":""},"categories":[28],"tags":[335,381,492],"class_list":["post-18190","post","type-post","status-publish","format-standard","has-post-thumbnail","hentry","category-management","tag-management-und-unternehmensfuehrung","tag-personalia","tag-unternehmen"],"acf":[],"yoast_head":"<!-- This site is optimized with the Yoast SEO plugin v27.5 - https:\/\/yoast.com\/product\/yoast-seo-wordpress\/ -->\n<title>Jaisli-Xamax: Erweiterte Gesch\u00e4ftsleitung und neue Organisation - Organisator<\/title>\n<meta name=\"description\" content=\"Auf den 1. Januar 2023 erweitert die Jaisli-Xamax AG ihre Gesch\u00e4ftsleitung und passt die Unternehmensorganisation an.\" \/>\n<meta name=\"robots\" content=\"index, follow, max-snippet:-1, max-image-preview:large, max-video-preview:-1\" \/>\n<link rel=\"canonical\" href=\"https:\/\/www.organisator.ch\/fr\/gestion-2\/2022-12-08\/jaisli-xamax-erweiterte-geschaeftsleitung-und-neue-organisation\/\" \/>\n<meta property=\"og:locale\" content=\"fr_FR\" \/>\n<meta property=\"og:type\" content=\"article\" \/>\n<meta property=\"og:title\" content=\"Jaisli-Xamax: Erweiterte Gesch\u00e4ftsleitung und neue Organisation\" \/>\n<meta property=\"og:description\" content=\"Auf den 1. Januar 2023 erweitert die Jaisli-Xamax AG ihre Gesch\u00e4ftsleitung und passt die Unternehmensorganisation an.\" \/>\n<meta property=\"og:url\" content=\"https:\/\/www.organisator.ch\/fr\/gestion-2\/2022-12-08\/jaisli-xamax-erweiterte-geschaeftsleitung-und-neue-organisation\/\" \/>\n<meta property=\"og:site_name\" content=\"Organisator\" \/>\n<meta property=\"article:publisher\" content=\"https:\/\/www.facebook.com\/OrganisatorFachmagazin\" \/>\n<meta property=\"article:published_time\" content=\"2022-12-08T08:07:49+00:00\" \/>\n<meta property=\"article:modified_time\" content=\"2022-12-08T08:38:23+00:00\" \/>\n<meta property=\"og:image\" content=\"https:\/\/www.organisator.ch\/wp-content\/uploads\/2022\/12\/Jaisli-Xamax-Erweiterte-Geschaeftsleitung-und-neue-Organisation_Organisator.jpg\" \/>\n\t<meta property=\"og:image:width\" content=\"680\" \/>\n\t<meta property=\"og:image:height\" content=\"440\" \/>\n\t<meta property=\"og:image:type\" content=\"image\/jpeg\" \/>\n<meta name=\"author\" content=\"thomas.berner\" \/>\n<meta name=\"twitter:card\" content=\"summary_large_image\" \/>\n<meta name=\"twitter:title\" content=\"#Jaisli-Xamax: Erweiterte #Gesch\u00e4ftsleitung und neue #Organisation\" \/>\n<meta name=\"twitter:description\" content=\"Auf den 1. Januar 2023 erweitert die #Jaisli-Xamax AG ihre Gesch\u00e4ftsleitung und passt die Unternehmensorganisation an.\" \/>\n<meta name=\"twitter:image\" content=\"https:\/\/www.organisator.ch\/wp-content\/uploads\/2022\/12\/Jaisli-Xamax-Erweiterte-Geschaeftsleitung-und-neue-Organisation_Organisator.jpg\" \/>\n<script type=\"application\/ld+json\" class=\"yoast-schema-graph\">{\"@context\":\"https:\\\/\\\/schema.org\",\"@graph\":[{\"@type\":\"Article\",\"@id\":\"https:\\\/\\\/www.organisator.ch\\\/management\\\/2022-12-08\\\/jaisli-xamax-erweiterte-geschaeftsleitung-und-neue-organisation\\\/#article\",\"isPartOf\":{\"@id\":\"https:\\\/\\\/www.organisator.ch\\\/management\\\/2022-12-08\\\/jaisli-xamax-erweiterte-geschaeftsleitung-und-neue-organisation\\\/\"},\"author\":{\"name\":\"thomas.berner\",\"@id\":\"https:\\\/\\\/www.organisator.ch\\\/#\\\/schema\\\/person\\\/6f650f90b2842cd4c0cc334b4e36f67e\"},\"headline\":\"Jaisli-Xamax: Erweiterte Gesch\u00e4ftsleitung und neue Organisation\",\"datePublished\":\"2022-12-08T08:07:49+00:00\",\"dateModified\":\"2022-12-08T08:38:23+00:00\",\"mainEntityOfPage\":{\"@id\":\"https:\\\/\\\/www.organisator.ch\\\/management\\\/2022-12-08\\\/jaisli-xamax-erweiterte-geschaeftsleitung-und-neue-organisation\\\/\"},\"wordCount\":511,\"publisher\":{\"@id\":\"https:\\\/\\\/www.organisator.ch\\\/#organization\"},\"image\":{\"@id\":\"https:\\\/\\\/www.organisator.ch\\\/management\\\/2022-12-08\\\/jaisli-xamax-erweiterte-geschaeftsleitung-und-neue-organisation\\\/#primaryimage\"},\"thumbnailUrl\":\"https:\\\/\\\/www.organisator.ch\\\/wp-content\\\/uploads\\\/2022\\\/12\\\/Jaisli-Xamax-Erweiterte-Geschaeftsleitung-und-neue-Organisation_Organisator.jpg\",\"keywords\":[\"Management und Unternehmensf\u00fchrung\",\"Personalia\",\"Unternehmen\"],\"articleSection\":[\"MANAGEMENT\"],\"inLanguage\":\"fr-FR\"},{\"@type\":\"WebPage\",\"@id\":\"https:\\\/\\\/www.organisator.ch\\\/management\\\/2022-12-08\\\/jaisli-xamax-erweiterte-geschaeftsleitung-und-neue-organisation\\\/\",\"url\":\"https:\\\/\\\/www.organisator.ch\\\/management\\\/2022-12-08\\\/jaisli-xamax-erweiterte-geschaeftsleitung-und-neue-organisation\\\/\",\"name\":\"Jaisli-Xamax: Erweiterte Gesch\u00e4ftsleitung und neue Organisation - Organisator\",\"isPartOf\":{\"@id\":\"https:\\\/\\\/www.organisator.ch\\\/#website\"},\"primaryImageOfPage\":{\"@id\":\"https:\\\/\\\/www.organisator.ch\\\/management\\\/2022-12-08\\\/jaisli-xamax-erweiterte-geschaeftsleitung-und-neue-organisation\\\/#primaryimage\"},\"image\":{\"@id\":\"https:\\\/\\\/www.organisator.ch\\\/management\\\/2022-12-08\\\/jaisli-xamax-erweiterte-geschaeftsleitung-und-neue-organisation\\\/#primaryimage\"},\"thumbnailUrl\":\"https:\\\/\\\/www.organisator.ch\\\/wp-content\\\/uploads\\\/2022\\\/12\\\/Jaisli-Xamax-Erweiterte-Geschaeftsleitung-und-neue-Organisation_Organisator.jpg\",\"datePublished\":\"2022-12-08T08:07:49+00:00\",\"dateModified\":\"2022-12-08T08:38:23+00:00\",\"description\":\"Auf den 1. Januar 2023 erweitert die Jaisli-Xamax AG ihre Gesch\u00e4ftsleitung und passt die Unternehmensorganisation an.\",\"breadcrumb\":{\"@id\":\"https:\\\/\\\/www.organisator.ch\\\/management\\\/2022-12-08\\\/jaisli-xamax-erweiterte-geschaeftsleitung-und-neue-organisation\\\/#breadcrumb\"},\"inLanguage\":\"fr-FR\",\"potentialAction\":[{\"@type\":\"ReadAction\",\"target\":[\"https:\\\/\\\/www.organisator.ch\\\/management\\\/2022-12-08\\\/jaisli-xamax-erweiterte-geschaeftsleitung-und-neue-organisation\\\/\"]}]},{\"@type\":\"ImageObject\",\"inLanguage\":\"fr-FR\",\"@id\":\"https:\\\/\\\/www.organisator.ch\\\/management\\\/2022-12-08\\\/jaisli-xamax-erweiterte-geschaeftsleitung-und-neue-organisation\\\/#primaryimage\",\"url\":\"https:\\\/\\\/www.organisator.ch\\\/wp-content\\\/uploads\\\/2022\\\/12\\\/Jaisli-Xamax-Erweiterte-Geschaeftsleitung-und-neue-Organisation_Organisator.jpg\",\"contentUrl\":\"https:\\\/\\\/www.organisator.ch\\\/wp-content\\\/uploads\\\/2022\\\/12\\\/Jaisli-Xamax-Erweiterte-Geschaeftsleitung-und-neue-Organisation_Organisator.jpg\",\"width\":680,\"height\":440,\"caption\":\"Rolf Weber, Markus Schmid, Danijel Martinovic, Kosta Vellidis, Marco Acikgoez, Giovanni Marzocchi, Sandra Schiesser. (Bild: Jaisli-Xamax AG)\"},{\"@type\":\"BreadcrumbList\",\"@id\":\"https:\\\/\\\/www.organisator.ch\\\/management\\\/2022-12-08\\\/jaisli-xamax-erweiterte-geschaeftsleitung-und-neue-organisation\\\/#breadcrumb\",\"itemListElement\":[{\"@type\":\"ListItem\",\"position\":1,\"name\":\"Home\",\"item\":\"https:\\\/\\\/www.organisator.ch\\\/\"},{\"@type\":\"ListItem\",\"position\":2,\"name\":\"Jaisli-Xamax: Erweiterte Gesch\u00e4ftsleitung und neue Organisation\"}]},{\"@type\":\"WebSite\",\"@id\":\"https:\\\/\\\/www.organisator.ch\\\/#website\",\"url\":\"https:\\\/\\\/www.organisator.ch\\\/\",\"name\":\"Organisator\",\"description\":\"Kompetent. Praxisnah. Der ORGANISATOR bereitet in 10 Ausgaben pro Jahr die wesentlichen Themen f\u00fcr F\u00fchrungskr\u00e4fte von KMU auf.\",\"publisher\":{\"@id\":\"https:\\\/\\\/www.organisator.ch\\\/#organization\"},\"potentialAction\":[{\"@type\":\"SearchAction\",\"target\":{\"@type\":\"EntryPoint\",\"urlTemplate\":\"https:\\\/\\\/www.organisator.ch\\\/?s={search_term_string}\"},\"query-input\":{\"@type\":\"PropertyValueSpecification\",\"valueRequired\":true,\"valueName\":\"search_term_string\"}}],\"inLanguage\":\"fr-FR\"},{\"@type\":\"Organization\",\"@id\":\"https:\\\/\\\/www.organisator.ch\\\/#organization\",\"name\":\"Organisator\",\"url\":\"https:\\\/\\\/www.organisator.ch\\\/\",\"logo\":{\"@type\":\"ImageObject\",\"inLanguage\":\"fr-FR\",\"@id\":\"https:\\\/\\\/www.organisator.ch\\\/#\\\/schema\\\/logo\\\/image\\\/\",\"url\":\"https:\\\/\\\/www.organisator.ch\\\/wp-content\\\/uploads\\\/2022\\\/01\\\/Logo_Organisator_Website.png\",\"contentUrl\":\"https:\\\/\\\/www.organisator.ch\\\/wp-content\\\/uploads\\\/2022\\\/01\\\/Logo_Organisator_Website.png\",\"width\":800,\"height\":77,\"caption\":\"Organisator\"},\"image\":{\"@id\":\"https:\\\/\\\/www.organisator.ch\\\/#\\\/schema\\\/logo\\\/image\\\/\"},\"sameAs\":[\"https:\\\/\\\/www.facebook.com\\\/OrganisatorFachmagazin\",\"https:\\\/\\\/www.linkedin.com\\\/showcase\\\/organisator-das-magazin-fr-kmu\",\"https:\\\/\\\/www.xing.com\\\/news\\\/pages\\\/organisator-ch-695\",\"https:\\\/\\\/www.youtube.com\\\/channel\\\/UCGP2Sq0iWaZwT3BdIAQFYpw\"]},{\"@type\":\"Person\",\"@id\":\"https:\\\/\\\/www.organisator.ch\\\/#\\\/schema\\\/person\\\/6f650f90b2842cd4c0cc334b4e36f67e\",\"name\":\"thomas.berner\",\"image\":{\"@type\":\"ImageObject\",\"inLanguage\":\"fr-FR\",\"@id\":\"https:\\\/\\\/secure.gravatar.com\\\/avatar\\\/ac5001d2a36cb6c6cd3e50789007ffca834b477b74a2144564522e944eabff61?s=96&d=mm&r=g\",\"url\":\"https:\\\/\\\/secure.gravatar.com\\\/avatar\\\/ac5001d2a36cb6c6cd3e50789007ffca834b477b74a2144564522e944eabff61?s=96&d=mm&r=g\",\"contentUrl\":\"https:\\\/\\\/secure.gravatar.com\\\/avatar\\\/ac5001d2a36cb6c6cd3e50789007ffca834b477b74a2144564522e944eabff61?s=96&d=mm&r=g\",\"caption\":\"thomas.berner\"},\"url\":\"https:\\\/\\\/www.organisator.ch\\\/fr\\\/author\\\/thomas-berner\\\/\"}]}<\/script>\n<!-- \/ Yoast SEO plugin. -->","yoast_head_json":{"title":"Jaisli-Xamax : direction \u00e9largie et nouvelle organisation - Organisateur","description":"Au 1er janvier 2023, Jaisli-Xamax SA \u00e9largit sa direction et adapte l'organisation de l'entreprise.","robots":{"index":"index","follow":"follow","max-snippet":"max-snippet:-1","max-image-preview":"max-image-preview:large","max-video-preview":"max-video-preview:-1"},"canonical":"https:\/\/www.organisator.ch\/fr\/gestion-2\/2022-12-08\/jaisli-xamax-erweiterte-geschaeftsleitung-und-neue-organisation\/","og_locale":"fr_FR","og_type":"article","og_title":"Jaisli-Xamax: Erweiterte Gesch\u00e4ftsleitung und neue Organisation","og_description":"Auf den 1. Januar 2023 erweitert die Jaisli-Xamax AG ihre Gesch\u00e4ftsleitung und passt die Unternehmensorganisation an.","og_url":"https:\/\/www.organisator.ch\/fr\/gestion-2\/2022-12-08\/jaisli-xamax-erweiterte-geschaeftsleitung-und-neue-organisation\/","og_site_name":"Organisator","article_publisher":"https:\/\/www.facebook.com\/OrganisatorFachmagazin","article_published_time":"2022-12-08T08:07:49+00:00","article_modified_time":"2022-12-08T08:38:23+00:00","og_image":[{"width":680,"height":440,"url":"https:\/\/www.organisator.ch\/wp-content\/uploads\/2022\/12\/Jaisli-Xamax-Erweiterte-Geschaeftsleitung-und-neue-Organisation_Organisator.jpg","type":"image\/jpeg"}],"author":"thomas.berner","twitter_card":"summary_large_image","twitter_title":"#Jaisli-Xamax: Erweiterte #Gesch\u00e4ftsleitung und neue #Organisation","twitter_description":"Auf den 1. Januar 2023 erweitert die #Jaisli-Xamax AG ihre Gesch\u00e4ftsleitung und passt die Unternehmensorganisation an.","twitter_image":"https:\/\/www.organisator.ch\/wp-content\/uploads\/2022\/12\/Jaisli-Xamax-Erweiterte-Geschaeftsleitung-und-neue-Organisation_Organisator.jpg","schema":{"@context":"https:\/\/schema.org","@graph":[{"@type":"Article","@id":"https:\/\/www.organisator.ch\/management\/2022-12-08\/jaisli-xamax-erweiterte-geschaeftsleitung-und-neue-organisation\/#article","isPartOf":{"@id":"https:\/\/www.organisator.ch\/management\/2022-12-08\/jaisli-xamax-erweiterte-geschaeftsleitung-und-neue-organisation\/"},"author":{"name":"thomas.berner","@id":"https:\/\/www.organisator.ch\/#\/schema\/person\/6f650f90b2842cd4c0cc334b4e36f67e"},"headline":"Jaisli-Xamax: Erweiterte Gesch\u00e4ftsleitung und neue Organisation","datePublished":"2022-12-08T08:07:49+00:00","dateModified":"2022-12-08T08:38:23+00:00","mainEntityOfPage":{"@id":"https:\/\/www.organisator.ch\/management\/2022-12-08\/jaisli-xamax-erweiterte-geschaeftsleitung-und-neue-organisation\/"},"wordCount":511,"publisher":{"@id":"https:\/\/www.organisator.ch\/#organization"},"image":{"@id":"https:\/\/www.organisator.ch\/management\/2022-12-08\/jaisli-xamax-erweiterte-geschaeftsleitung-und-neue-organisation\/#primaryimage"},"thumbnailUrl":"https:\/\/www.organisator.ch\/wp-content\/uploads\/2022\/12\/Jaisli-Xamax-Erweiterte-Geschaeftsleitung-und-neue-Organisation_Organisator.jpg","keywords":["Management und Unternehmensf\u00fchrung","Personalia","Unternehmen"],"articleSection":["MANAGEMENT"],"inLanguage":"fr-FR"},{"@type":"WebPage","@id":"https:\/\/www.organisator.ch\/management\/2022-12-08\/jaisli-xamax-erweiterte-geschaeftsleitung-und-neue-organisation\/","url":"https:\/\/www.organisator.ch\/management\/2022-12-08\/jaisli-xamax-erweiterte-geschaeftsleitung-und-neue-organisation\/","name":"Jaisli-Xamax : direction \u00e9largie et nouvelle organisation - Organisateur","isPartOf":{"@id":"https:\/\/www.organisator.ch\/#website"},"primaryImageOfPage":{"@id":"https:\/\/www.organisator.ch\/management\/2022-12-08\/jaisli-xamax-erweiterte-geschaeftsleitung-und-neue-organisation\/#primaryimage"},"image":{"@id":"https:\/\/www.organisator.ch\/management\/2022-12-08\/jaisli-xamax-erweiterte-geschaeftsleitung-und-neue-organisation\/#primaryimage"},"thumbnailUrl":"https:\/\/www.organisator.ch\/wp-content\/uploads\/2022\/12\/Jaisli-Xamax-Erweiterte-Geschaeftsleitung-und-neue-Organisation_Organisator.jpg","datePublished":"2022-12-08T08:07:49+00:00","dateModified":"2022-12-08T08:38:23+00:00","description":"Au 1er janvier 2023, Jaisli-Xamax SA \u00e9largit sa direction et adapte l'organisation de l'entreprise.","breadcrumb":{"@id":"https:\/\/www.organisator.ch\/management\/2022-12-08\/jaisli-xamax-erweiterte-geschaeftsleitung-und-neue-organisation\/#breadcrumb"},"inLanguage":"fr-FR","potentialAction":[{"@type":"ReadAction","target":["https:\/\/www.organisator.ch\/management\/2022-12-08\/jaisli-xamax-erweiterte-geschaeftsleitung-und-neue-organisation\/"]}]},{"@type":"ImageObject","inLanguage":"fr-FR","@id":"https:\/\/www.organisator.ch\/management\/2022-12-08\/jaisli-xamax-erweiterte-geschaeftsleitung-und-neue-organisation\/#primaryimage","url":"https:\/\/www.organisator.ch\/wp-content\/uploads\/2022\/12\/Jaisli-Xamax-Erweiterte-Geschaeftsleitung-und-neue-Organisation_Organisator.jpg","contentUrl":"https:\/\/www.organisator.ch\/wp-content\/uploads\/2022\/12\/Jaisli-Xamax-Erweiterte-Geschaeftsleitung-und-neue-Organisation_Organisator.jpg","width":680,"height":440,"caption":"Rolf Weber, Markus Schmid, Danijel Martinovic, Kosta Vellidis, Marco Acikgoez, Giovanni Marzocchi, Sandra Schiesser. (Bild: Jaisli-Xamax AG)"},{"@type":"BreadcrumbList","@id":"https:\/\/www.organisator.ch\/management\/2022-12-08\/jaisli-xamax-erweiterte-geschaeftsleitung-und-neue-organisation\/#breadcrumb","itemListElement":[{"@type":"ListItem","position":1,"name":"Home","item":"https:\/\/www.organisator.ch\/"},{"@type":"ListItem","position":2,"name":"Jaisli-Xamax: Erweiterte Gesch\u00e4ftsleitung und neue Organisation"}]},{"@type":"WebSite","@id":"https:\/\/www.organisator.ch\/#website","url":"https:\/\/www.organisator.ch\/","name":"Organisateur","description":"Comp\u00e9tence et comp\u00e9tence. Proches de la pratique. L'ORGANISATEUR pr\u00e9pare 10 num\u00e9ros par an sur les th\u00e8mes essentiels pour les dirigeants de PME.","publisher":{"@id":"https:\/\/www.organisator.ch\/#organization"},"potentialAction":[{"@type":"SearchAction","target":{"@type":"EntryPoint","urlTemplate":"https:\/\/www.organisator.ch\/?s={search_term_string}"},"query-input":{"@type":"PropertyValueSpecification","valueRequired":true,"valueName":"search_term_string"}}],"inLanguage":"fr-FR"},{"@type":"Organization","@id":"https:\/\/www.organisator.ch\/#organization","name":"Organisateur","url":"https:\/\/www.organisator.ch\/","logo":{"@type":"ImageObject","inLanguage":"fr-FR","@id":"https:\/\/www.organisator.ch\/#\/schema\/logo\/image\/","url":"https:\/\/www.organisator.ch\/wp-content\/uploads\/2022\/01\/Logo_Organisator_Website.png","contentUrl":"https:\/\/www.organisator.ch\/wp-content\/uploads\/2022\/01\/Logo_Organisator_Website.png","width":800,"height":77,"caption":"Organisator"},"image":{"@id":"https:\/\/www.organisator.ch\/#\/schema\/logo\/image\/"},"sameAs":["https:\/\/www.facebook.com\/OrganisatorFachmagazin","https:\/\/www.linkedin.com\/showcase\/organisator-das-magazin-fr-kmu","https:\/\/www.xing.com\/news\/pages\/organisator-ch-695","https:\/\/www.youtube.com\/channel\/UCGP2Sq0iWaZwT3BdIAQFYpw"]},{"@type":"Person","@id":"https:\/\/www.organisator.ch\/#\/schema\/person\/6f650f90b2842cd4c0cc334b4e36f67e","name":"thomas.berner","image":{"@type":"ImageObject","inLanguage":"fr-FR","@id":"https:\/\/secure.gravatar.com\/avatar\/ac5001d2a36cb6c6cd3e50789007ffca834b477b74a2144564522e944eabff61?s=96&d=mm&r=g","url":"https:\/\/secure.gravatar.com\/avatar\/ac5001d2a36cb6c6cd3e50789007ffca834b477b74a2144564522e944eabff61?s=96&d=mm&r=g","contentUrl":"https:\/\/secure.gravatar.com\/avatar\/ac5001d2a36cb6c6cd3e50789007ffca834b477b74a2144564522e944eabff61?s=96&d=mm&r=g","caption":"thomas.berner"},"url":"https:\/\/www.organisator.ch\/fr\/author\/thomas-berner\/"}]}},"_links":{"self":[{"href":"https:\/\/www.organisator.ch\/fr\/wp-json\/wp\/v2\/posts\/18190","targetHints":{"allow":["GET"]}}],"collection":[{"href":"https:\/\/www.organisator.ch\/fr\/wp-json\/wp\/v2\/posts"}],"about":[{"href":"https:\/\/www.organisator.ch\/fr\/wp-json\/wp\/v2\/types\/post"}],"author":[{"embeddable":true,"href":"https:\/\/www.organisator.ch\/fr\/wp-json\/wp\/v2\/users\/4"}],"replies":[{"embeddable":true,"href":"https:\/\/www.organisator.ch\/fr\/wp-json\/wp\/v2\/comments?post=18190"}],"version-history":[{"count":2,"href":"https:\/\/www.organisator.ch\/fr\/wp-json\/wp\/v2\/posts\/18190\/revisions"}],"predecessor-version":[{"id":18197,"href":"https:\/\/www.organisator.ch\/fr\/wp-json\/wp\/v2\/posts\/18190\/revisions\/18197"}],"wp:featuredmedia":[{"embeddable":true,"href":"https:\/\/www.organisator.ch\/fr\/wp-json\/wp\/v2\/media\/18192"}],"wp:attachment":[{"href":"https:\/\/www.organisator.ch\/fr\/wp-json\/wp\/v2\/media?parent=18190"}],"wp:term":[{"taxonomy":"category","embeddable":true,"href":"https:\/\/www.organisator.ch\/fr\/wp-json\/wp\/v2\/categories?post=18190"},{"taxonomy":"post_tag","embeddable":true,"href":"https:\/\/www.organisator.ch\/fr\/wp-json\/wp\/v2\/tags?post=18190"}],"curies":[{"name":"wp","href":"https:\/\/api.w.org\/{rel}","templated":true}]}}