{"id":18206,"date":"2022-12-09T07:54:54","date_gmt":"2022-12-09T06:54:54","guid":{"rendered":"https:\/\/www.organisator.ch\/?p=18206"},"modified":"2022-12-09T07:54:54","modified_gmt":"2022-12-09T06:54:54","slug":"schweizer-start-up-mycamper-expandiert-nach-skandinavien","status":"publish","type":"post","link":"https:\/\/www.organisator.ch\/fr\/management\/2022-12-09\/schweizer-start-up-mycamper-expandiert-nach-skandinavien\/","title":{"rendered":"La start-up suisse MyCamper s'\u00e9tend en Scandinavie"},"content":{"rendered":"<figure id=\"attachment_18207\" aria-describedby=\"caption-attachment-18207\" style=\"width: 680px\" class=\"wp-caption alignnone\"><img loading=\"lazy\" decoding=\"async\" class=\"size-full wp-image-18207\" src=\"https:\/\/www.organisator.ch\/wp-content\/uploads\/2022\/12\/Schweizer-Start-up-MyCamper-expandiert-nach-Skandinavien_Organisator.jpg\" alt=\"\" width=\"680\" height=\"454\" srcset=\"https:\/\/www.organisator.ch\/wp-content\/uploads\/2022\/12\/Schweizer-Start-up-MyCamper-expandiert-nach-Skandinavien_Organisator.jpg 680w, https:\/\/www.organisator.ch\/wp-content\/uploads\/2022\/12\/Schweizer-Start-up-MyCamper-expandiert-nach-Skandinavien_Organisator-18x12.jpg 18w, https:\/\/www.organisator.ch\/wp-content\/uploads\/2022\/12\/Schweizer-Start-up-MyCamper-expandiert-nach-Skandinavien_Organisator-375x250.jpg 375w, https:\/\/www.organisator.ch\/wp-content\/uploads\/2022\/12\/Schweizer-Start-up-MyCamper-expandiert-nach-Skandinavien_Organisator-524x350.jpg 524w\" sizes=\"auto, (max-width: 680px) 100vw, 680px\" \/><figcaption id=\"caption-attachment-18207\" class=\"wp-caption-text\">Rickard Magnusson et Stefan Lieberherr scellent la fusion de MyCamper et Housecar. (Image : zVg \/ MyCamper)<\/figcaption><\/figure>\n<p>Le 8 d\u00e9cembre 2022, la plateforme suisse de camping peer-to-peer MyCamper de B\u00e2le a repris \u00e0 100% son concurrent su\u00e9dois Housecar. Le fournisseur Housecar, actif depuis 2020 en Su\u00e8de et entre-temps \u00e9galement en Norv\u00e8ge et en Finlande, est ainsi absorb\u00e9 par MyCamper et sera \u00e0 l'avenir connu sous le nom de <a href=\"https:\/\/mycamper.com\/de\">leur site web<\/a> \u00eatre trouvable.<\/p>\n<h3>De la participation minoritaire \u00e0 la reprise compl\u00e8te<\/h3>\n<p>Sur les march\u00e9s su\u00e9dois, norv\u00e9gien et finlandais, on compte au total environ 700'000 v\u00e9hicules de camping. C'est presque sept fois plus qu'en Suisse. C'est pourquoi MyCamper a commenc\u00e9 en 2019 \u00e0 \u00e9tablir sa propre pr\u00e9sence sur le march\u00e9 tr\u00e8s attractif du camping en Su\u00e8de. \"Apr\u00e8s quelques mois, nous avons remarqu\u00e9 que la concurrence faisait du tr\u00e8s bon travail et qu'il serait difficile d'y atteindre nos objectifs de croissance\", rapporte Stefan Lieberherr, CEO de la jeune entreprise. Au lieu de cela, MyCamper avait investi dans la concurrence et acquis une participation minoritaire dans Housecar en 2021. Il ne s'agissait en aucun cas d'une acquisition hostile, comme on le dit de part et d'autre. \"Nous partageons la m\u00eame vision et les m\u00eames valeurs\", a d\u00e9clar\u00e9 Rickard Magnusson, CEO de Housecar. \"Les v\u00e9hicules de camping sont utilis\u00e9s en moyenne environ 20 jours par an. Nous voulons contribuer \u00e0 ce que les ressources existantes soient mieux utilis\u00e9es. De plus, nous voulons rendre le camping et le sentiment de camping accessibles \u00e0 chacun et chacune\".<\/p>\n<h3>Extension significative du volume<\/h3>\n<p>Avec cette reprise, quatre nouveaux collaborateurs rejoignent MyCamper, dont deux au sein de la direction. L'\u00e9quipe passe ainsi \u00e0 25 personnes. Sur les march\u00e9s su\u00e9dois, norv\u00e9gien et finlandais, environ 1100 nouveaux v\u00e9hicules priv\u00e9s \u00e0 louer viennent s'ajouter \u00e0 la plateforme. Sur les nouveaux march\u00e9s, MyCamper table sur un volume de r\u00e9servation suppl\u00e9mentaire de 5,4 millions de francs l'ann\u00e9e prochaine, soit environ la moiti\u00e9 du volume actuel en Suisse. \"Selon un sondage, la Scandinavie est l'une des destinations de camping pr\u00e9f\u00e9r\u00e9es de notre communaut\u00e9. Nous nous attendons donc \u00e0 ce qu'\u00e0 l'avenir, de plus en plus de Suisses profitent de la possibilit\u00e9 de louer des v\u00e9hicules via MyCamper sur les march\u00e9s respectifs\", explique Lieberherr.<\/p>\n<h3>Histoire d'une r\u00e9ussite dans l'\u00e9conomie du partage<\/h3>\n<p>MyCamper peut \u00eatre consid\u00e9r\u00e9 comme une start-up suisse \u00e0 succ\u00e8s. Le \"Financial Times\" a class\u00e9 l'entreprise parmi les 1000 entreprises \u00e0 la croissance la plus rapide d'Europe en 2021. Tobias Reichmuth et Roland Brack, connus pour leur participation \u00e0 \"<a href=\"https:\/\/www.organisator.ch\/de\/management\/2022-10-05\/rekorddeal-bei-staffelstart-von-die-hoehle-der-loewen-schweiz\/\">La Grotte du Lion Suisse<\/a>\" et m\u00eame des fans inv\u00e9t\u00e9r\u00e9s de plein air. D\u00e8s la premi\u00e8re ann\u00e9e active, en 2016, plus de 1000 nuit\u00e9es de location ont \u00e9t\u00e9 organis\u00e9es. En 2019, il y en avait d\u00e9j\u00e0 pr\u00e8s de 26 000 et la croissance a encore pu \u00eatre acc\u00e9l\u00e9r\u00e9e pendant la pand\u00e9mie. \"Cette ann\u00e9e, nous sommes l\u00e9g\u00e8rement en dessous de l'ann\u00e9e pr\u00e9c\u00e9dente, mais nous comptons fermement sur un retour \u00e0 la croissance\", d\u00e9clare le CEO.<\/p>\n<p>MyCamper est, selon ses propres indications, la plus grande plateforme suisse de partage peer-to-peer en termes de chiffre d'affaires, la quatri\u00e8me plateforme de partage de camping-cars en Europe et le num\u00e9ro un sur tous les march\u00e9s o\u00f9 elle est pr\u00e9sente (Suisse, Su\u00e8de, Norv\u00e8ge, Finlande). L'expansion vers la Su\u00e8de, la Norv\u00e8ge et la Finlande doit permettre de r\u00e9aliser des \u00e9conomies d'\u00e9chelle, avec pour objectif de s'implanter \u00e0 l'avenir sur d'autres march\u00e9s europ\u00e9ens.<\/p>\n<p><a href=\"http:\/\/www.mycamper.ch\"><em>Plus d'informations<\/em><\/a><\/p>","protected":false},"excerpt":{"rendered":"<p>Per 8. Dezember 2022 \u00fcbernahm die Schweizer Peer-to-Peer Campingplattform MyCamper aus Basel den schwedischen Konkurrenten Housecar zu 100 Prozent. Der Anbieter Housecar, der seit 2020 in Schweden und inzwischen auch in Norwegen und Finnland aktiv ist, geht somit in MyCamper auf und wird k\u00fcnftig unter deren Webauftritt auffindbar sein. Von der Minderheitsbeteiligung zur kompletten \u00dcbernahme [&hellip;]<\/p>\n","protected":false},"author":4,"featured_media":18207,"comment_status":"closed","ping_status":"closed","sticky":false,"template":"","format":"standard","meta":{"_acf_changed":false,"_yoast_wpseo_focuskw":"MyCamper","_yoast_wpseo_metadesc":"Die Sharing-Plattform f\u00fcr private Campingfahrzeuge MyCamper \u00fcbernimmt per 8. Dezember 2022 den schwedischen Anbieter Housecar zu 100 Prozent.","articlekey":"","footnotes":""},"categories":[28],"tags":[335,2118,451,492],"class_list":["post-18206","post","type-post","status-publish","format-standard","has-post-thumbnail","hentry","category-management","tag-management-und-unternehmensfuehrung","tag-sharing-economy","tag-startups","tag-unternehmen"],"acf":[],"yoast_head":"<!-- This site is optimized with the Yoast SEO plugin v27.5 - https:\/\/yoast.com\/product\/yoast-seo-wordpress\/ -->\n<title>Schweizer Start-up MyCamper expandiert nach Skandinavien - Organisator<\/title>\n<meta name=\"description\" content=\"Die Sharing-Plattform f\u00fcr private Campingfahrzeuge MyCamper \u00fcbernimmt per 8. Dezember 2022 den schwedischen Anbieter Housecar zu 100 Prozent.\" \/>\n<meta name=\"robots\" content=\"index, follow, max-snippet:-1, max-image-preview:large, max-video-preview:-1\" \/>\n<link rel=\"canonical\" href=\"https:\/\/www.organisator.ch\/fr\/gestion-2\/2022-12-09\/schweizer-start-up-mycamper-expandiert-nach-skandinavien\/\" \/>\n<meta property=\"og:locale\" content=\"fr_FR\" \/>\n<meta property=\"og:type\" content=\"article\" \/>\n<meta property=\"og:title\" content=\"Schweizer Start-up MyCamper expandiert nach Skandinavien\" \/>\n<meta property=\"og:description\" content=\"Die Sharing-Plattform f\u00fcr private Campingfahrzeuge MyCamper \u00fcbernimmt per 8. Dezember 2022 den schwedischen Anbieter Housecar zu 100 Prozent.\" \/>\n<meta property=\"og:url\" content=\"https:\/\/www.organisator.ch\/fr\/gestion-2\/2022-12-09\/schweizer-start-up-mycamper-expandiert-nach-skandinavien\/\" \/>\n<meta property=\"og:site_name\" content=\"Organisator\" \/>\n<meta property=\"article:publisher\" content=\"https:\/\/www.facebook.com\/OrganisatorFachmagazin\" \/>\n<meta property=\"article:published_time\" content=\"2022-12-09T06:54:54+00:00\" \/>\n<meta property=\"og:image\" content=\"https:\/\/www.organisator.ch\/wp-content\/uploads\/2022\/12\/Schweizer-Start-up-MyCamper-expandiert-nach-Skandinavien_Organisator.jpg\" \/>\n\t<meta property=\"og:image:width\" content=\"680\" \/>\n\t<meta property=\"og:image:height\" content=\"454\" \/>\n\t<meta property=\"og:image:type\" content=\"image\/jpeg\" \/>\n<meta name=\"author\" content=\"thomas.berner\" \/>\n<meta name=\"twitter:card\" content=\"summary_large_image\" \/>\n<meta name=\"twitter:title\" content=\"Schweizer Start-up #MyCamper expandiert nach #Skandinavien\" \/>\n<meta name=\"twitter:description\" content=\"Die #Sharing-Plattform f\u00fcr private Campingfahrzeuge #MyCamper \u00fcbernimmt per 8. Dezember 2022 den schwedischen Anbieter #Housecar zu 100 Prozent.\" \/>\n<meta name=\"twitter:image\" content=\"https:\/\/www.organisator.ch\/wp-content\/uploads\/2022\/12\/Schweizer-Start-up-MyCamper-expandiert-nach-Skandinavien_Organisator.jpg\" \/>\n<script type=\"application\/ld+json\" class=\"yoast-schema-graph\">{\"@context\":\"https:\\\/\\\/schema.org\",\"@graph\":[{\"@type\":\"Article\",\"@id\":\"https:\\\/\\\/www.organisator.ch\\\/management\\\/2022-12-09\\\/schweizer-start-up-mycamper-expandiert-nach-skandinavien\\\/#article\",\"isPartOf\":{\"@id\":\"https:\\\/\\\/www.organisator.ch\\\/management\\\/2022-12-09\\\/schweizer-start-up-mycamper-expandiert-nach-skandinavien\\\/\"},\"author\":{\"name\":\"thomas.berner\",\"@id\":\"https:\\\/\\\/www.organisator.ch\\\/#\\\/schema\\\/person\\\/6f650f90b2842cd4c0cc334b4e36f67e\"},\"headline\":\"Schweizer Start-up MyCamper expandiert nach Skandinavien\",\"datePublished\":\"2022-12-09T06:54:54+00:00\",\"mainEntityOfPage\":{\"@id\":\"https:\\\/\\\/www.organisator.ch\\\/management\\\/2022-12-09\\\/schweizer-start-up-mycamper-expandiert-nach-skandinavien\\\/\"},\"wordCount\":506,\"publisher\":{\"@id\":\"https:\\\/\\\/www.organisator.ch\\\/#organization\"},\"image\":{\"@id\":\"https:\\\/\\\/www.organisator.ch\\\/management\\\/2022-12-09\\\/schweizer-start-up-mycamper-expandiert-nach-skandinavien\\\/#primaryimage\"},\"thumbnailUrl\":\"https:\\\/\\\/www.organisator.ch\\\/wp-content\\\/uploads\\\/2022\\\/12\\\/Schweizer-Start-up-MyCamper-expandiert-nach-Skandinavien_Organisator.jpg\",\"keywords\":[\"Management und Unternehmensf\u00fchrung\",\"sharing economy\",\"Startups\",\"Unternehmen\"],\"articleSection\":[\"MANAGEMENT\"],\"inLanguage\":\"fr-FR\"},{\"@type\":\"WebPage\",\"@id\":\"https:\\\/\\\/www.organisator.ch\\\/management\\\/2022-12-09\\\/schweizer-start-up-mycamper-expandiert-nach-skandinavien\\\/\",\"url\":\"https:\\\/\\\/www.organisator.ch\\\/management\\\/2022-12-09\\\/schweizer-start-up-mycamper-expandiert-nach-skandinavien\\\/\",\"name\":\"Schweizer Start-up MyCamper expandiert nach Skandinavien - Organisator\",\"isPartOf\":{\"@id\":\"https:\\\/\\\/www.organisator.ch\\\/#website\"},\"primaryImageOfPage\":{\"@id\":\"https:\\\/\\\/www.organisator.ch\\\/management\\\/2022-12-09\\\/schweizer-start-up-mycamper-expandiert-nach-skandinavien\\\/#primaryimage\"},\"image\":{\"@id\":\"https:\\\/\\\/www.organisator.ch\\\/management\\\/2022-12-09\\\/schweizer-start-up-mycamper-expandiert-nach-skandinavien\\\/#primaryimage\"},\"thumbnailUrl\":\"https:\\\/\\\/www.organisator.ch\\\/wp-content\\\/uploads\\\/2022\\\/12\\\/Schweizer-Start-up-MyCamper-expandiert-nach-Skandinavien_Organisator.jpg\",\"datePublished\":\"2022-12-09T06:54:54+00:00\",\"description\":\"Die Sharing-Plattform f\u00fcr private Campingfahrzeuge MyCamper \u00fcbernimmt per 8. Dezember 2022 den schwedischen Anbieter Housecar zu 100 Prozent.\",\"breadcrumb\":{\"@id\":\"https:\\\/\\\/www.organisator.ch\\\/management\\\/2022-12-09\\\/schweizer-start-up-mycamper-expandiert-nach-skandinavien\\\/#breadcrumb\"},\"inLanguage\":\"fr-FR\",\"potentialAction\":[{\"@type\":\"ReadAction\",\"target\":[\"https:\\\/\\\/www.organisator.ch\\\/management\\\/2022-12-09\\\/schweizer-start-up-mycamper-expandiert-nach-skandinavien\\\/\"]}]},{\"@type\":\"ImageObject\",\"inLanguage\":\"fr-FR\",\"@id\":\"https:\\\/\\\/www.organisator.ch\\\/management\\\/2022-12-09\\\/schweizer-start-up-mycamper-expandiert-nach-skandinavien\\\/#primaryimage\",\"url\":\"https:\\\/\\\/www.organisator.ch\\\/wp-content\\\/uploads\\\/2022\\\/12\\\/Schweizer-Start-up-MyCamper-expandiert-nach-Skandinavien_Organisator.jpg\",\"contentUrl\":\"https:\\\/\\\/www.organisator.ch\\\/wp-content\\\/uploads\\\/2022\\\/12\\\/Schweizer-Start-up-MyCamper-expandiert-nach-Skandinavien_Organisator.jpg\",\"width\":680,\"height\":454,\"caption\":\"Rickard Magnusson und Stefan Lieberherr besiegeln die Fusion von MyCamper und Housecar. (Bild: zVg \\\/ MyCamper)\"},{\"@type\":\"BreadcrumbList\",\"@id\":\"https:\\\/\\\/www.organisator.ch\\\/management\\\/2022-12-09\\\/schweizer-start-up-mycamper-expandiert-nach-skandinavien\\\/#breadcrumb\",\"itemListElement\":[{\"@type\":\"ListItem\",\"position\":1,\"name\":\"Home\",\"item\":\"https:\\\/\\\/www.organisator.ch\\\/\"},{\"@type\":\"ListItem\",\"position\":2,\"name\":\"Schweizer Start-up MyCamper expandiert nach Skandinavien\"}]},{\"@type\":\"WebSite\",\"@id\":\"https:\\\/\\\/www.organisator.ch\\\/#website\",\"url\":\"https:\\\/\\\/www.organisator.ch\\\/\",\"name\":\"Organisator\",\"description\":\"Kompetent. Praxisnah. Der ORGANISATOR bereitet in 10 Ausgaben pro Jahr die wesentlichen Themen f\u00fcr F\u00fchrungskr\u00e4fte von KMU auf.\",\"publisher\":{\"@id\":\"https:\\\/\\\/www.organisator.ch\\\/#organization\"},\"potentialAction\":[{\"@type\":\"SearchAction\",\"target\":{\"@type\":\"EntryPoint\",\"urlTemplate\":\"https:\\\/\\\/www.organisator.ch\\\/?s={search_term_string}\"},\"query-input\":{\"@type\":\"PropertyValueSpecification\",\"valueRequired\":true,\"valueName\":\"search_term_string\"}}],\"inLanguage\":\"fr-FR\"},{\"@type\":\"Organization\",\"@id\":\"https:\\\/\\\/www.organisator.ch\\\/#organization\",\"name\":\"Organisator\",\"url\":\"https:\\\/\\\/www.organisator.ch\\\/\",\"logo\":{\"@type\":\"ImageObject\",\"inLanguage\":\"fr-FR\",\"@id\":\"https:\\\/\\\/www.organisator.ch\\\/#\\\/schema\\\/logo\\\/image\\\/\",\"url\":\"https:\\\/\\\/www.organisator.ch\\\/wp-content\\\/uploads\\\/2022\\\/01\\\/Logo_Organisator_Website.png\",\"contentUrl\":\"https:\\\/\\\/www.organisator.ch\\\/wp-content\\\/uploads\\\/2022\\\/01\\\/Logo_Organisator_Website.png\",\"width\":800,\"height\":77,\"caption\":\"Organisator\"},\"image\":{\"@id\":\"https:\\\/\\\/www.organisator.ch\\\/#\\\/schema\\\/logo\\\/image\\\/\"},\"sameAs\":[\"https:\\\/\\\/www.facebook.com\\\/OrganisatorFachmagazin\",\"https:\\\/\\\/www.linkedin.com\\\/showcase\\\/organisator-das-magazin-fr-kmu\",\"https:\\\/\\\/www.xing.com\\\/news\\\/pages\\\/organisator-ch-695\",\"https:\\\/\\\/www.youtube.com\\\/channel\\\/UCGP2Sq0iWaZwT3BdIAQFYpw\"]},{\"@type\":\"Person\",\"@id\":\"https:\\\/\\\/www.organisator.ch\\\/#\\\/schema\\\/person\\\/6f650f90b2842cd4c0cc334b4e36f67e\",\"name\":\"thomas.berner\",\"image\":{\"@type\":\"ImageObject\",\"inLanguage\":\"fr-FR\",\"@id\":\"https:\\\/\\\/secure.gravatar.com\\\/avatar\\\/ac5001d2a36cb6c6cd3e50789007ffca834b477b74a2144564522e944eabff61?s=96&d=mm&r=g\",\"url\":\"https:\\\/\\\/secure.gravatar.com\\\/avatar\\\/ac5001d2a36cb6c6cd3e50789007ffca834b477b74a2144564522e944eabff61?s=96&d=mm&r=g\",\"contentUrl\":\"https:\\\/\\\/secure.gravatar.com\\\/avatar\\\/ac5001d2a36cb6c6cd3e50789007ffca834b477b74a2144564522e944eabff61?s=96&d=mm&r=g\",\"caption\":\"thomas.berner\"},\"url\":\"https:\\\/\\\/www.organisator.ch\\\/fr\\\/author\\\/thomas-berner\\\/\"}]}<\/script>\n<!-- \/ Yoast SEO plugin. -->","yoast_head_json":{"title":"La start-up suisse MyCamper s'\u00e9tend en Scandinavie - Organisateur","description":"La plateforme de partage de camping-cars priv\u00e9s MyCamper rach\u00e8te \u00e0 100% le fournisseur su\u00e9dois Housecar le 8 d\u00e9cembre 2022.","robots":{"index":"index","follow":"follow","max-snippet":"max-snippet:-1","max-image-preview":"max-image-preview:large","max-video-preview":"max-video-preview:-1"},"canonical":"https:\/\/www.organisator.ch\/fr\/gestion-2\/2022-12-09\/schweizer-start-up-mycamper-expandiert-nach-skandinavien\/","og_locale":"fr_FR","og_type":"article","og_title":"Schweizer Start-up MyCamper expandiert nach Skandinavien","og_description":"Die Sharing-Plattform f\u00fcr private Campingfahrzeuge MyCamper \u00fcbernimmt per 8. Dezember 2022 den schwedischen Anbieter Housecar zu 100 Prozent.","og_url":"https:\/\/www.organisator.ch\/fr\/gestion-2\/2022-12-09\/schweizer-start-up-mycamper-expandiert-nach-skandinavien\/","og_site_name":"Organisator","article_publisher":"https:\/\/www.facebook.com\/OrganisatorFachmagazin","article_published_time":"2022-12-09T06:54:54+00:00","og_image":[{"width":680,"height":454,"url":"https:\/\/www.organisator.ch\/wp-content\/uploads\/2022\/12\/Schweizer-Start-up-MyCamper-expandiert-nach-Skandinavien_Organisator.jpg","type":"image\/jpeg"}],"author":"thomas.berner","twitter_card":"summary_large_image","twitter_title":"Schweizer Start-up #MyCamper expandiert nach #Skandinavien","twitter_description":"Die #Sharing-Plattform f\u00fcr private Campingfahrzeuge #MyCamper \u00fcbernimmt per 8. Dezember 2022 den schwedischen Anbieter #Housecar zu 100 Prozent.","twitter_image":"https:\/\/www.organisator.ch\/wp-content\/uploads\/2022\/12\/Schweizer-Start-up-MyCamper-expandiert-nach-Skandinavien_Organisator.jpg","schema":{"@context":"https:\/\/schema.org","@graph":[{"@type":"Article","@id":"https:\/\/www.organisator.ch\/management\/2022-12-09\/schweizer-start-up-mycamper-expandiert-nach-skandinavien\/#article","isPartOf":{"@id":"https:\/\/www.organisator.ch\/management\/2022-12-09\/schweizer-start-up-mycamper-expandiert-nach-skandinavien\/"},"author":{"name":"thomas.berner","@id":"https:\/\/www.organisator.ch\/#\/schema\/person\/6f650f90b2842cd4c0cc334b4e36f67e"},"headline":"Schweizer Start-up MyCamper expandiert nach Skandinavien","datePublished":"2022-12-09T06:54:54+00:00","mainEntityOfPage":{"@id":"https:\/\/www.organisator.ch\/management\/2022-12-09\/schweizer-start-up-mycamper-expandiert-nach-skandinavien\/"},"wordCount":506,"publisher":{"@id":"https:\/\/www.organisator.ch\/#organization"},"image":{"@id":"https:\/\/www.organisator.ch\/management\/2022-12-09\/schweizer-start-up-mycamper-expandiert-nach-skandinavien\/#primaryimage"},"thumbnailUrl":"https:\/\/www.organisator.ch\/wp-content\/uploads\/2022\/12\/Schweizer-Start-up-MyCamper-expandiert-nach-Skandinavien_Organisator.jpg","keywords":["Management und Unternehmensf\u00fchrung","sharing economy","Startups","Unternehmen"],"articleSection":["MANAGEMENT"],"inLanguage":"fr-FR"},{"@type":"WebPage","@id":"https:\/\/www.organisator.ch\/management\/2022-12-09\/schweizer-start-up-mycamper-expandiert-nach-skandinavien\/","url":"https:\/\/www.organisator.ch\/management\/2022-12-09\/schweizer-start-up-mycamper-expandiert-nach-skandinavien\/","name":"La start-up suisse MyCamper s'\u00e9tend en Scandinavie - Organisateur","isPartOf":{"@id":"https:\/\/www.organisator.ch\/#website"},"primaryImageOfPage":{"@id":"https:\/\/www.organisator.ch\/management\/2022-12-09\/schweizer-start-up-mycamper-expandiert-nach-skandinavien\/#primaryimage"},"image":{"@id":"https:\/\/www.organisator.ch\/management\/2022-12-09\/schweizer-start-up-mycamper-expandiert-nach-skandinavien\/#primaryimage"},"thumbnailUrl":"https:\/\/www.organisator.ch\/wp-content\/uploads\/2022\/12\/Schweizer-Start-up-MyCamper-expandiert-nach-Skandinavien_Organisator.jpg","datePublished":"2022-12-09T06:54:54+00:00","description":"La plateforme de partage de camping-cars priv\u00e9s MyCamper rach\u00e8te \u00e0 100% le fournisseur su\u00e9dois Housecar le 8 d\u00e9cembre 2022.","breadcrumb":{"@id":"https:\/\/www.organisator.ch\/management\/2022-12-09\/schweizer-start-up-mycamper-expandiert-nach-skandinavien\/#breadcrumb"},"inLanguage":"fr-FR","potentialAction":[{"@type":"ReadAction","target":["https:\/\/www.organisator.ch\/management\/2022-12-09\/schweizer-start-up-mycamper-expandiert-nach-skandinavien\/"]}]},{"@type":"ImageObject","inLanguage":"fr-FR","@id":"https:\/\/www.organisator.ch\/management\/2022-12-09\/schweizer-start-up-mycamper-expandiert-nach-skandinavien\/#primaryimage","url":"https:\/\/www.organisator.ch\/wp-content\/uploads\/2022\/12\/Schweizer-Start-up-MyCamper-expandiert-nach-Skandinavien_Organisator.jpg","contentUrl":"https:\/\/www.organisator.ch\/wp-content\/uploads\/2022\/12\/Schweizer-Start-up-MyCamper-expandiert-nach-Skandinavien_Organisator.jpg","width":680,"height":454,"caption":"Rickard Magnusson und Stefan Lieberherr besiegeln die Fusion von MyCamper und Housecar. (Bild: zVg \/ MyCamper)"},{"@type":"BreadcrumbList","@id":"https:\/\/www.organisator.ch\/management\/2022-12-09\/schweizer-start-up-mycamper-expandiert-nach-skandinavien\/#breadcrumb","itemListElement":[{"@type":"ListItem","position":1,"name":"Home","item":"https:\/\/www.organisator.ch\/"},{"@type":"ListItem","position":2,"name":"Schweizer Start-up MyCamper expandiert nach Skandinavien"}]},{"@type":"WebSite","@id":"https:\/\/www.organisator.ch\/#website","url":"https:\/\/www.organisator.ch\/","name":"Organisateur","description":"Comp\u00e9tence et comp\u00e9tence. Proches de la pratique. L'ORGANISATEUR pr\u00e9pare 10 num\u00e9ros par an sur les th\u00e8mes essentiels pour les dirigeants de PME.","publisher":{"@id":"https:\/\/www.organisator.ch\/#organization"},"potentialAction":[{"@type":"SearchAction","target":{"@type":"EntryPoint","urlTemplate":"https:\/\/www.organisator.ch\/?s={search_term_string}"},"query-input":{"@type":"PropertyValueSpecification","valueRequired":true,"valueName":"search_term_string"}}],"inLanguage":"fr-FR"},{"@type":"Organization","@id":"https:\/\/www.organisator.ch\/#organization","name":"Organisateur","url":"https:\/\/www.organisator.ch\/","logo":{"@type":"ImageObject","inLanguage":"fr-FR","@id":"https:\/\/www.organisator.ch\/#\/schema\/logo\/image\/","url":"https:\/\/www.organisator.ch\/wp-content\/uploads\/2022\/01\/Logo_Organisator_Website.png","contentUrl":"https:\/\/www.organisator.ch\/wp-content\/uploads\/2022\/01\/Logo_Organisator_Website.png","width":800,"height":77,"caption":"Organisator"},"image":{"@id":"https:\/\/www.organisator.ch\/#\/schema\/logo\/image\/"},"sameAs":["https:\/\/www.facebook.com\/OrganisatorFachmagazin","https:\/\/www.linkedin.com\/showcase\/organisator-das-magazin-fr-kmu","https:\/\/www.xing.com\/news\/pages\/organisator-ch-695","https:\/\/www.youtube.com\/channel\/UCGP2Sq0iWaZwT3BdIAQFYpw"]},{"@type":"Person","@id":"https:\/\/www.organisator.ch\/#\/schema\/person\/6f650f90b2842cd4c0cc334b4e36f67e","name":"thomas.berner","image":{"@type":"ImageObject","inLanguage":"fr-FR","@id":"https:\/\/secure.gravatar.com\/avatar\/ac5001d2a36cb6c6cd3e50789007ffca834b477b74a2144564522e944eabff61?s=96&d=mm&r=g","url":"https:\/\/secure.gravatar.com\/avatar\/ac5001d2a36cb6c6cd3e50789007ffca834b477b74a2144564522e944eabff61?s=96&d=mm&r=g","contentUrl":"https:\/\/secure.gravatar.com\/avatar\/ac5001d2a36cb6c6cd3e50789007ffca834b477b74a2144564522e944eabff61?s=96&d=mm&r=g","caption":"thomas.berner"},"url":"https:\/\/www.organisator.ch\/fr\/author\/thomas-berner\/"}]}},"_links":{"self":[{"href":"https:\/\/www.organisator.ch\/fr\/wp-json\/wp\/v2\/posts\/18206","targetHints":{"allow":["GET"]}}],"collection":[{"href":"https:\/\/www.organisator.ch\/fr\/wp-json\/wp\/v2\/posts"}],"about":[{"href":"https:\/\/www.organisator.ch\/fr\/wp-json\/wp\/v2\/types\/post"}],"author":[{"embeddable":true,"href":"https:\/\/www.organisator.ch\/fr\/wp-json\/wp\/v2\/users\/4"}],"replies":[{"embeddable":true,"href":"https:\/\/www.organisator.ch\/fr\/wp-json\/wp\/v2\/comments?post=18206"}],"version-history":[{"count":1,"href":"https:\/\/www.organisator.ch\/fr\/wp-json\/wp\/v2\/posts\/18206\/revisions"}],"predecessor-version":[{"id":18208,"href":"https:\/\/www.organisator.ch\/fr\/wp-json\/wp\/v2\/posts\/18206\/revisions\/18208"}],"wp:featuredmedia":[{"embeddable":true,"href":"https:\/\/www.organisator.ch\/fr\/wp-json\/wp\/v2\/media\/18207"}],"wp:attachment":[{"href":"https:\/\/www.organisator.ch\/fr\/wp-json\/wp\/v2\/media?parent=18206"}],"wp:term":[{"taxonomy":"category","embeddable":true,"href":"https:\/\/www.organisator.ch\/fr\/wp-json\/wp\/v2\/categories?post=18206"},{"taxonomy":"post_tag","embeddable":true,"href":"https:\/\/www.organisator.ch\/fr\/wp-json\/wp\/v2\/tags?post=18206"}],"curies":[{"name":"wp","href":"https:\/\/api.w.org\/{rel}","templated":true}]}}