{"id":18213,"date":"2022-12-09T11:55:47","date_gmt":"2022-12-09T10:55:47","guid":{"rendered":"https:\/\/www.organisator.ch\/?p=18213"},"modified":"2022-12-09T11:55:47","modified_gmt":"2022-12-09T10:55:47","slug":"die-konkurswelle-trifft-die-schweiz-mit-voller-wucht","status":"publish","type":"post","link":"https:\/\/www.organisator.ch\/fr\/management\/finanzen_recht\/2022-12-09\/die-konkurswelle-trifft-die-schweiz-mit-voller-wucht\/","title":{"rendered":"La vague des faillites frappe la Suisse de plein fouet"},"content":{"rendered":"<figure id=\"attachment_18214\" aria-describedby=\"caption-attachment-18214\" style=\"width: 680px\" class=\"wp-caption alignnone\"><img loading=\"lazy\" decoding=\"async\" class=\"size-full wp-image-18214\" src=\"https:\/\/www.organisator.ch\/wp-content\/uploads\/2022\/12\/Die-Konkurswelle-trifft-die-Schweiz-mit-voller-Wucht-1_Organisator.jpg\" alt=\"\" width=\"680\" height=\"496\" srcset=\"https:\/\/www.organisator.ch\/wp-content\/uploads\/2022\/12\/Die-Konkurswelle-trifft-die-Schweiz-mit-voller-Wucht-1_Organisator.jpg 680w, https:\/\/www.organisator.ch\/wp-content\/uploads\/2022\/12\/Die-Konkurswelle-trifft-die-Schweiz-mit-voller-Wucht-1_Organisator-16x12.jpg 16w, https:\/\/www.organisator.ch\/wp-content\/uploads\/2022\/12\/Die-Konkurswelle-trifft-die-Schweiz-mit-voller-Wucht-1_Organisator-375x274.jpg 375w, https:\/\/www.organisator.ch\/wp-content\/uploads\/2022\/12\/Die-Konkurswelle-trifft-die-Schweiz-mit-voller-Wucht-1_Organisator-480x350.jpg 480w\" sizes=\"auto, (max-width: 680px) 100vw, 680px\" \/><figcaption id=\"caption-attachment-18214\" class=\"wp-caption-text\">Les cr\u00e9anciers sont sous la pluie : La vague de faillites continue de d\u00e9ferler sans rel\u00e2che. (Image : Pixabay.com)<\/figcaption><\/figure>\n<p>La vague des faillites ne cesse de d\u00e9ferler : avec une augmentation de plus de neuf pour cent par rapport aux ann\u00e9es 2018\/2019, c'est-\u00e0-dire avant la pand\u00e9mie de Corona, elle atteint un nouveau sommet. L'organisation de protection des cr\u00e9anciers Creditreform ne s'attend plus \u00e0 de grands changements d'ici la fin de l'ann\u00e9e. Creditreform s'attendait, depuis le d\u00e9but des aides publiques \u00e0 la pand\u00e9mie au printemps 2020, \u00e0 ce que des soi-disant <a href=\"https:\/\/www.organisator.ch\/de\/management\/finanzen_recht\/2022-10-28\/zahl-der-zombie-unternehmen-nimmt-weiter-zu\/\">Entreprises zombies<\/a> n'ont ainsi obtenu qu'un d\u00e9lai de gr\u00e2ce parce qu'ils \u00e9taient tout simplement pr\u00eats \u00e0 faire faillite. Aujourd'hui, ces liquidit\u00e9s suppl\u00e9mentaires sont \u00e9puis\u00e9es et il ne reste plus qu'\u00e0 se rendre chez le juge des faillites.<\/p>\n<h3>La fin de la vague de faillites n'est pas en vue<\/h3>\n<p>Creditreform s'attend \u00e0 quelque 6700 faillites pour l'ann\u00e9e qui s'ach\u00e8ve. Et il ne semble pas que cette vague de faillites s'arr\u00eatera en 2023, estime l'organisation. Il est m\u00eame possible que la situation s'aggrave au vu du ralentissement \u00e9conomique qui se dessine.<\/p>\n<figure id=\"attachment_18215\" aria-describedby=\"caption-attachment-18215\" style=\"width: 680px\" class=\"wp-caption alignnone\"><img loading=\"lazy\" decoding=\"async\" class=\"size-full wp-image-18215\" src=\"https:\/\/www.organisator.ch\/wp-content\/uploads\/2022\/12\/Die-Konkurswelle-trifft-die-Schweiz-mit-voller-Wucht-2_Organisator.jpg\" alt=\"\" width=\"680\" height=\"343\" srcset=\"https:\/\/www.organisator.ch\/wp-content\/uploads\/2022\/12\/Die-Konkurswelle-trifft-die-Schweiz-mit-voller-Wucht-2_Organisator.jpg 680w, https:\/\/www.organisator.ch\/wp-content\/uploads\/2022\/12\/Die-Konkurswelle-trifft-die-Schweiz-mit-voller-Wucht-2_Organisator-18x9.jpg 18w, https:\/\/www.organisator.ch\/wp-content\/uploads\/2022\/12\/Die-Konkurswelle-trifft-die-Schweiz-mit-voller-Wucht-2_Organisator-375x189.jpg 375w\" sizes=\"auto, (max-width: 680px) 100vw, 680px\" \/><figcaption id=\"caption-attachment-18215\" class=\"wp-caption-text\">Insolvabilit\u00e9s d'entreprises pour les ann\u00e9es 2018\/19, 2020, 2021, 2022. (Graphique : Creditreform)<\/figcaption><\/figure>\n<p>Les chiffres parlent d'eux-m\u00eames : la comparaison du nombre de faillites des ann\u00e9es 2018\/2019 avec la moyenne des trois ann\u00e9es suivantes montre, avec une baisse de pr\u00e8s de neuf pour cent, qu'il y a encore un \"besoin de rattrapage\". En effet, les faillites ont d\u00e9j\u00e0 augment\u00e9 en 2019, de sorte que cette tendance \u00e0 la hausse devrait se poursuivre avec un certain retard. La pression sur les entreprises va \u00e9galement augmenter l'ann\u00e9e prochaine en raison des probl\u00e8mes de la cha\u00eene d'approvisionnement, qui entra\u00eenent une hausse des prix d'achat, et de la hausse des co\u00fbts de l'\u00e9nergie.<\/p>\n<h3>Probl\u00e8me : la cavalerie de la faillite<\/h3>\n<p>Le nombre d'insolvabilit\u00e9s dues \u00e0 des d\u00e9fauts d'organisation a augment\u00e9 de pr\u00e8s de 47 % par rapport \u00e0 l'ann\u00e9e pr\u00e9c\u00e9dente. La modification de l'article 731b du Code des obligations, qui est d\u00e9j\u00e0 entr\u00e9e en vigueur le 1er janvier 2021, porte d\u00e9sormais ses fruits. Cette modification est toujours pertinente, car elle permet de rayer du registre du commerce les entreprises qui n'ont plus aucune activit\u00e9 commerciale.<\/p>\n<p>De plus en plus de signes montrent que de plus en plus d'entreprises veulent se d\u00e9barrasser de leurs dettes en laissant l'entreprise sans les organes n\u00e9cessaires. Ces faillites abusives vont continuer \u00e0 augmenter selon Creditreform. Dans ce domaine, on constate d\u00e9j\u00e0 une nette augmentation des cas suspects depuis septembre 2021 : A cette date, 47 cas de faillites pr\u00e9sum\u00e9es abusives ont \u00e9t\u00e9 constat\u00e9s, avec un pic en d\u00e9cembre 2021 et janvier 2022 (63 et 66 cas). En moyenne, Creditreform a constat\u00e9 55 cas de suspicion par mois de janvier \u00e0 novembre 2022.<\/p>\n<h3>Nouvelles inscriptions, radiations, croissance nette<\/h3>\n<p>Mais d'un autre c\u00f4t\u00e9, de nombreuses nouvelles entreprises continuent d'\u00eatre cr\u00e9\u00e9es, bien qu'\u00e0 un niveau l\u00e9g\u00e8rement inf\u00e9rieur \u00e0 celui de l'ann\u00e9e pr\u00e9c\u00e9dente. 45'111 entreprises ont \u00e9t\u00e9 inscrites au registre du commerce de janvier \u00e0 novembre, soit 1,2 % de moins que l'ann\u00e9e pr\u00e9c\u00e9dente. D'ici la fin de l'ann\u00e9e, nous pr\u00e9voyons plus de 49'400 nouvelles inscriptions. Les radiations peuvent \u00eatre l\u00e9g\u00e8rement inf\u00e9rieures \u00e0 l'ann\u00e9e pr\u00e9c\u00e9dente, la croissance nette diminue donc d'environ 3,4 %.<\/p>\n<p><em>Source : <a href=\"http:\/\/www.creditreform.ch\">Creditreform<\/a><\/em><\/p>","protected":false},"excerpt":{"rendered":"<p>Die Konkurswelle rollt und rollt: Mit einem Plus von \u00fcber neun Prozent im Vergleich mit den Jahren 2018\/2019, also vor der Corona-Pandemie, erreicht diese einen neuen H\u00f6hepunkt. Die Gl\u00e4ubigerschutz-Organisation Creditreform erwartet bis Ende Jahr keine grossen Ver\u00e4nderungen mehr. Creditreform hatte seit Beginn der staatlichen Pandemiehilfen im Fr\u00fchjahr 2020 damit gerechnet, dass sogenannte Zombiefirmen damit nur [&hellip;]<\/p>\n","protected":false},"author":4,"featured_media":18214,"comment_status":"closed","ping_status":"closed","sticky":false,"template":"","format":"standard","meta":{"_acf_changed":false,"_yoast_wpseo_focuskw":"Konkurswelle","_yoast_wpseo_metadesc":"Gem\u00e4ss einer Analyse von Creditreform rollt die Konkurswelle mit unverminderter H\u00e4rte weiter. Es gab um \u00fcber 9 Prozent mehr Insolvenzen.","articlekey":"","footnotes":""},"categories":[24],"tags":[202,311,335],"class_list":["post-18213","post","type-post","status-publish","format-standard","has-post-thumbnail","hentry","category-finanzen_recht","tag-finanzenrecht","tag-konkurse","tag-management-und-unternehmensfuehrung"],"acf":[],"yoast_head":"<!-- This site is optimized with the Yoast SEO plugin v27.5 - https:\/\/yoast.com\/product\/yoast-seo-wordpress\/ -->\n<title>Die Konkurswelle trifft die Schweiz mit voller Wucht - Organisator<\/title>\n<meta name=\"description\" content=\"Gem\u00e4ss einer Analyse von Creditreform rollt die Konkurswelle mit unverminderter H\u00e4rte weiter. Es gab um \u00fcber 9 Prozent mehr Insolvenzen.\" \/>\n<meta name=\"robots\" content=\"index, follow, max-snippet:-1, max-image-preview:large, max-video-preview:-1\" \/>\n<link rel=\"canonical\" href=\"https:\/\/www.organisator.ch\/fr\/gestion-2\/finanzen_recht\/2022-12-09\/die-konkurswelle-trifft-die-schweiz-mit-voller-wucht\/\" \/>\n<meta property=\"og:locale\" content=\"fr_FR\" \/>\n<meta property=\"og:type\" content=\"article\" \/>\n<meta property=\"og:title\" content=\"Die Konkurswelle trifft die Schweiz mit voller Wucht\" \/>\n<meta property=\"og:description\" content=\"Gem\u00e4ss einer Analyse von Creditreform rollt die Konkurswelle mit unverminderter H\u00e4rte weiter. Es gab um \u00fcber 9 Prozent mehr Insolvenzen.\" \/>\n<meta property=\"og:url\" content=\"https:\/\/www.organisator.ch\/fr\/gestion-2\/finanzen_recht\/2022-12-09\/die-konkurswelle-trifft-die-schweiz-mit-voller-wucht\/\" \/>\n<meta property=\"og:site_name\" content=\"Organisator\" \/>\n<meta property=\"article:publisher\" content=\"https:\/\/www.facebook.com\/OrganisatorFachmagazin\" \/>\n<meta property=\"article:published_time\" content=\"2022-12-09T10:55:47+00:00\" \/>\n<meta property=\"og:image\" content=\"https:\/\/www.organisator.ch\/wp-content\/uploads\/2022\/12\/Die-Konkurswelle-trifft-die-Schweiz-mit-voller-Wucht-1_Organisator.jpg\" \/>\n\t<meta property=\"og:image:width\" content=\"680\" \/>\n\t<meta property=\"og:image:height\" content=\"496\" \/>\n\t<meta property=\"og:image:type\" content=\"image\/jpeg\" \/>\n<meta name=\"author\" content=\"thomas.berner\" \/>\n<meta name=\"twitter:card\" content=\"summary_large_image\" \/>\n<meta name=\"twitter:title\" content=\"Die #Konkurswelle trifft die Schweiz mit voller Wucht\" \/>\n<meta name=\"twitter:description\" content=\"Gem\u00e4ss einer Analyse von #Creditreform rollt die #Konkurswelle mit unverminderter H\u00e4rte weiter. Es gab um \u00fcber 9 Prozent mehr #Insolvenzen.\" \/>\n<meta name=\"twitter:image\" content=\"https:\/\/www.organisator.ch\/wp-content\/uploads\/2022\/12\/Die-Konkurswelle-trifft-die-Schweiz-mit-voller-Wucht-1_Organisator.jpg\" \/>\n<script type=\"application\/ld+json\" class=\"yoast-schema-graph\">{\"@context\":\"https:\\\/\\\/schema.org\",\"@graph\":[{\"@type\":\"Article\",\"@id\":\"https:\\\/\\\/www.organisator.ch\\\/management\\\/finanzen_recht\\\/2022-12-09\\\/die-konkurswelle-trifft-die-schweiz-mit-voller-wucht\\\/#article\",\"isPartOf\":{\"@id\":\"https:\\\/\\\/www.organisator.ch\\\/management\\\/finanzen_recht\\\/2022-12-09\\\/die-konkurswelle-trifft-die-schweiz-mit-voller-wucht\\\/\"},\"author\":{\"name\":\"thomas.berner\",\"@id\":\"https:\\\/\\\/www.organisator.ch\\\/#\\\/schema\\\/person\\\/6f650f90b2842cd4c0cc334b4e36f67e\"},\"headline\":\"Die Konkurswelle trifft die Schweiz mit voller Wucht\",\"datePublished\":\"2022-12-09T10:55:47+00:00\",\"mainEntityOfPage\":{\"@id\":\"https:\\\/\\\/www.organisator.ch\\\/management\\\/finanzen_recht\\\/2022-12-09\\\/die-konkurswelle-trifft-die-schweiz-mit-voller-wucht\\\/\"},\"wordCount\":468,\"publisher\":{\"@id\":\"https:\\\/\\\/www.organisator.ch\\\/#organization\"},\"image\":{\"@id\":\"https:\\\/\\\/www.organisator.ch\\\/management\\\/finanzen_recht\\\/2022-12-09\\\/die-konkurswelle-trifft-die-schweiz-mit-voller-wucht\\\/#primaryimage\"},\"thumbnailUrl\":\"https:\\\/\\\/www.organisator.ch\\\/wp-content\\\/uploads\\\/2022\\\/12\\\/Die-Konkurswelle-trifft-die-Schweiz-mit-voller-Wucht-1_Organisator.jpg\",\"keywords\":[\"Finanzen\\\/Recht\",\"Konkurse\",\"Management und Unternehmensf\u00fchrung\"],\"articleSection\":[\"FINANZEN\\\/RECHT\"],\"inLanguage\":\"fr-FR\"},{\"@type\":\"WebPage\",\"@id\":\"https:\\\/\\\/www.organisator.ch\\\/management\\\/finanzen_recht\\\/2022-12-09\\\/die-konkurswelle-trifft-die-schweiz-mit-voller-wucht\\\/\",\"url\":\"https:\\\/\\\/www.organisator.ch\\\/management\\\/finanzen_recht\\\/2022-12-09\\\/die-konkurswelle-trifft-die-schweiz-mit-voller-wucht\\\/\",\"name\":\"Die Konkurswelle trifft die Schweiz mit voller Wucht - Organisator\",\"isPartOf\":{\"@id\":\"https:\\\/\\\/www.organisator.ch\\\/#website\"},\"primaryImageOfPage\":{\"@id\":\"https:\\\/\\\/www.organisator.ch\\\/management\\\/finanzen_recht\\\/2022-12-09\\\/die-konkurswelle-trifft-die-schweiz-mit-voller-wucht\\\/#primaryimage\"},\"image\":{\"@id\":\"https:\\\/\\\/www.organisator.ch\\\/management\\\/finanzen_recht\\\/2022-12-09\\\/die-konkurswelle-trifft-die-schweiz-mit-voller-wucht\\\/#primaryimage\"},\"thumbnailUrl\":\"https:\\\/\\\/www.organisator.ch\\\/wp-content\\\/uploads\\\/2022\\\/12\\\/Die-Konkurswelle-trifft-die-Schweiz-mit-voller-Wucht-1_Organisator.jpg\",\"datePublished\":\"2022-12-09T10:55:47+00:00\",\"description\":\"Gem\u00e4ss einer Analyse von Creditreform rollt die Konkurswelle mit unverminderter H\u00e4rte weiter. Es gab um \u00fcber 9 Prozent mehr Insolvenzen.\",\"breadcrumb\":{\"@id\":\"https:\\\/\\\/www.organisator.ch\\\/management\\\/finanzen_recht\\\/2022-12-09\\\/die-konkurswelle-trifft-die-schweiz-mit-voller-wucht\\\/#breadcrumb\"},\"inLanguage\":\"fr-FR\",\"potentialAction\":[{\"@type\":\"ReadAction\",\"target\":[\"https:\\\/\\\/www.organisator.ch\\\/management\\\/finanzen_recht\\\/2022-12-09\\\/die-konkurswelle-trifft-die-schweiz-mit-voller-wucht\\\/\"]}]},{\"@type\":\"ImageObject\",\"inLanguage\":\"fr-FR\",\"@id\":\"https:\\\/\\\/www.organisator.ch\\\/management\\\/finanzen_recht\\\/2022-12-09\\\/die-konkurswelle-trifft-die-schweiz-mit-voller-wucht\\\/#primaryimage\",\"url\":\"https:\\\/\\\/www.organisator.ch\\\/wp-content\\\/uploads\\\/2022\\\/12\\\/Die-Konkurswelle-trifft-die-Schweiz-mit-voller-Wucht-1_Organisator.jpg\",\"contentUrl\":\"https:\\\/\\\/www.organisator.ch\\\/wp-content\\\/uploads\\\/2022\\\/12\\\/Die-Konkurswelle-trifft-die-Schweiz-mit-voller-Wucht-1_Organisator.jpg\",\"width\":680,\"height\":496,\"caption\":\"Gl\u00e4ubiger stehen im Regen: Die Konkurswelle rollt unaufh\u00f6rlich weiter. (Bild: Pixabay.com)\"},{\"@type\":\"BreadcrumbList\",\"@id\":\"https:\\\/\\\/www.organisator.ch\\\/management\\\/finanzen_recht\\\/2022-12-09\\\/die-konkurswelle-trifft-die-schweiz-mit-voller-wucht\\\/#breadcrumb\",\"itemListElement\":[{\"@type\":\"ListItem\",\"position\":1,\"name\":\"Home\",\"item\":\"https:\\\/\\\/www.organisator.ch\\\/\"},{\"@type\":\"ListItem\",\"position\":2,\"name\":\"Die Konkurswelle trifft die Schweiz mit voller Wucht\"}]},{\"@type\":\"WebSite\",\"@id\":\"https:\\\/\\\/www.organisator.ch\\\/#website\",\"url\":\"https:\\\/\\\/www.organisator.ch\\\/\",\"name\":\"Organisator\",\"description\":\"Kompetent. Praxisnah. Der ORGANISATOR bereitet in 10 Ausgaben pro Jahr die wesentlichen Themen f\u00fcr F\u00fchrungskr\u00e4fte von KMU auf.\",\"publisher\":{\"@id\":\"https:\\\/\\\/www.organisator.ch\\\/#organization\"},\"potentialAction\":[{\"@type\":\"SearchAction\",\"target\":{\"@type\":\"EntryPoint\",\"urlTemplate\":\"https:\\\/\\\/www.organisator.ch\\\/?s={search_term_string}\"},\"query-input\":{\"@type\":\"PropertyValueSpecification\",\"valueRequired\":true,\"valueName\":\"search_term_string\"}}],\"inLanguage\":\"fr-FR\"},{\"@type\":\"Organization\",\"@id\":\"https:\\\/\\\/www.organisator.ch\\\/#organization\",\"name\":\"Organisator\",\"url\":\"https:\\\/\\\/www.organisator.ch\\\/\",\"logo\":{\"@type\":\"ImageObject\",\"inLanguage\":\"fr-FR\",\"@id\":\"https:\\\/\\\/www.organisator.ch\\\/#\\\/schema\\\/logo\\\/image\\\/\",\"url\":\"https:\\\/\\\/www.organisator.ch\\\/wp-content\\\/uploads\\\/2022\\\/01\\\/Logo_Organisator_Website.png\",\"contentUrl\":\"https:\\\/\\\/www.organisator.ch\\\/wp-content\\\/uploads\\\/2022\\\/01\\\/Logo_Organisator_Website.png\",\"width\":800,\"height\":77,\"caption\":\"Organisator\"},\"image\":{\"@id\":\"https:\\\/\\\/www.organisator.ch\\\/#\\\/schema\\\/logo\\\/image\\\/\"},\"sameAs\":[\"https:\\\/\\\/www.facebook.com\\\/OrganisatorFachmagazin\",\"https:\\\/\\\/www.linkedin.com\\\/showcase\\\/organisator-das-magazin-fr-kmu\",\"https:\\\/\\\/www.xing.com\\\/news\\\/pages\\\/organisator-ch-695\",\"https:\\\/\\\/www.youtube.com\\\/channel\\\/UCGP2Sq0iWaZwT3BdIAQFYpw\"]},{\"@type\":\"Person\",\"@id\":\"https:\\\/\\\/www.organisator.ch\\\/#\\\/schema\\\/person\\\/6f650f90b2842cd4c0cc334b4e36f67e\",\"name\":\"thomas.berner\",\"image\":{\"@type\":\"ImageObject\",\"inLanguage\":\"fr-FR\",\"@id\":\"https:\\\/\\\/secure.gravatar.com\\\/avatar\\\/ac5001d2a36cb6c6cd3e50789007ffca834b477b74a2144564522e944eabff61?s=96&d=mm&r=g\",\"url\":\"https:\\\/\\\/secure.gravatar.com\\\/avatar\\\/ac5001d2a36cb6c6cd3e50789007ffca834b477b74a2144564522e944eabff61?s=96&d=mm&r=g\",\"contentUrl\":\"https:\\\/\\\/secure.gravatar.com\\\/avatar\\\/ac5001d2a36cb6c6cd3e50789007ffca834b477b74a2144564522e944eabff61?s=96&d=mm&r=g\",\"caption\":\"thomas.berner\"},\"url\":\"https:\\\/\\\/www.organisator.ch\\\/fr\\\/author\\\/thomas-berner\\\/\"}]}<\/script>\n<!-- \/ Yoast SEO plugin. -->","yoast_head_json":{"title":"La vague de faillites frappe la Suisse de plein fouet - Organisateur","description":"Selon une analyse de Creditreform, la vague de faillites continue de d\u00e9ferler avec la m\u00eame intensit\u00e9. Le nombre de faillites a augment\u00e9 de plus de 9 pour cent.","robots":{"index":"index","follow":"follow","max-snippet":"max-snippet:-1","max-image-preview":"max-image-preview:large","max-video-preview":"max-video-preview:-1"},"canonical":"https:\/\/www.organisator.ch\/fr\/gestion-2\/finanzen_recht\/2022-12-09\/die-konkurswelle-trifft-die-schweiz-mit-voller-wucht\/","og_locale":"fr_FR","og_type":"article","og_title":"Die Konkurswelle trifft die Schweiz mit voller Wucht","og_description":"Gem\u00e4ss einer Analyse von Creditreform rollt die Konkurswelle mit unverminderter H\u00e4rte weiter. Es gab um \u00fcber 9 Prozent mehr Insolvenzen.","og_url":"https:\/\/www.organisator.ch\/fr\/gestion-2\/finanzen_recht\/2022-12-09\/die-konkurswelle-trifft-die-schweiz-mit-voller-wucht\/","og_site_name":"Organisator","article_publisher":"https:\/\/www.facebook.com\/OrganisatorFachmagazin","article_published_time":"2022-12-09T10:55:47+00:00","og_image":[{"width":680,"height":496,"url":"https:\/\/www.organisator.ch\/wp-content\/uploads\/2022\/12\/Die-Konkurswelle-trifft-die-Schweiz-mit-voller-Wucht-1_Organisator.jpg","type":"image\/jpeg"}],"author":"thomas.berner","twitter_card":"summary_large_image","twitter_title":"Die #Konkurswelle trifft die Schweiz mit voller Wucht","twitter_description":"Gem\u00e4ss einer Analyse von #Creditreform rollt die #Konkurswelle mit unverminderter H\u00e4rte weiter. Es gab um \u00fcber 9 Prozent mehr #Insolvenzen.","twitter_image":"https:\/\/www.organisator.ch\/wp-content\/uploads\/2022\/12\/Die-Konkurswelle-trifft-die-Schweiz-mit-voller-Wucht-1_Organisator.jpg","schema":{"@context":"https:\/\/schema.org","@graph":[{"@type":"Article","@id":"https:\/\/www.organisator.ch\/management\/finanzen_recht\/2022-12-09\/die-konkurswelle-trifft-die-schweiz-mit-voller-wucht\/#article","isPartOf":{"@id":"https:\/\/www.organisator.ch\/management\/finanzen_recht\/2022-12-09\/die-konkurswelle-trifft-die-schweiz-mit-voller-wucht\/"},"author":{"name":"thomas.berner","@id":"https:\/\/www.organisator.ch\/#\/schema\/person\/6f650f90b2842cd4c0cc334b4e36f67e"},"headline":"Die Konkurswelle trifft die Schweiz mit voller Wucht","datePublished":"2022-12-09T10:55:47+00:00","mainEntityOfPage":{"@id":"https:\/\/www.organisator.ch\/management\/finanzen_recht\/2022-12-09\/die-konkurswelle-trifft-die-schweiz-mit-voller-wucht\/"},"wordCount":468,"publisher":{"@id":"https:\/\/www.organisator.ch\/#organization"},"image":{"@id":"https:\/\/www.organisator.ch\/management\/finanzen_recht\/2022-12-09\/die-konkurswelle-trifft-die-schweiz-mit-voller-wucht\/#primaryimage"},"thumbnailUrl":"https:\/\/www.organisator.ch\/wp-content\/uploads\/2022\/12\/Die-Konkurswelle-trifft-die-Schweiz-mit-voller-Wucht-1_Organisator.jpg","keywords":["Finanzen\/Recht","Konkurse","Management und Unternehmensf\u00fchrung"],"articleSection":["FINANZEN\/RECHT"],"inLanguage":"fr-FR"},{"@type":"WebPage","@id":"https:\/\/www.organisator.ch\/management\/finanzen_recht\/2022-12-09\/die-konkurswelle-trifft-die-schweiz-mit-voller-wucht\/","url":"https:\/\/www.organisator.ch\/management\/finanzen_recht\/2022-12-09\/die-konkurswelle-trifft-die-schweiz-mit-voller-wucht\/","name":"La vague de faillites frappe la Suisse de plein fouet - Organisateur","isPartOf":{"@id":"https:\/\/www.organisator.ch\/#website"},"primaryImageOfPage":{"@id":"https:\/\/www.organisator.ch\/management\/finanzen_recht\/2022-12-09\/die-konkurswelle-trifft-die-schweiz-mit-voller-wucht\/#primaryimage"},"image":{"@id":"https:\/\/www.organisator.ch\/management\/finanzen_recht\/2022-12-09\/die-konkurswelle-trifft-die-schweiz-mit-voller-wucht\/#primaryimage"},"thumbnailUrl":"https:\/\/www.organisator.ch\/wp-content\/uploads\/2022\/12\/Die-Konkurswelle-trifft-die-Schweiz-mit-voller-Wucht-1_Organisator.jpg","datePublished":"2022-12-09T10:55:47+00:00","description":"Selon une analyse de Creditreform, la vague de faillites continue de d\u00e9ferler avec la m\u00eame intensit\u00e9. Le nombre de faillites a augment\u00e9 de plus de 9 pour cent.","breadcrumb":{"@id":"https:\/\/www.organisator.ch\/management\/finanzen_recht\/2022-12-09\/die-konkurswelle-trifft-die-schweiz-mit-voller-wucht\/#breadcrumb"},"inLanguage":"fr-FR","potentialAction":[{"@type":"ReadAction","target":["https:\/\/www.organisator.ch\/management\/finanzen_recht\/2022-12-09\/die-konkurswelle-trifft-die-schweiz-mit-voller-wucht\/"]}]},{"@type":"ImageObject","inLanguage":"fr-FR","@id":"https:\/\/www.organisator.ch\/management\/finanzen_recht\/2022-12-09\/die-konkurswelle-trifft-die-schweiz-mit-voller-wucht\/#primaryimage","url":"https:\/\/www.organisator.ch\/wp-content\/uploads\/2022\/12\/Die-Konkurswelle-trifft-die-Schweiz-mit-voller-Wucht-1_Organisator.jpg","contentUrl":"https:\/\/www.organisator.ch\/wp-content\/uploads\/2022\/12\/Die-Konkurswelle-trifft-die-Schweiz-mit-voller-Wucht-1_Organisator.jpg","width":680,"height":496,"caption":"Gl\u00e4ubiger stehen im Regen: Die Konkurswelle rollt unaufh\u00f6rlich weiter. (Bild: Pixabay.com)"},{"@type":"BreadcrumbList","@id":"https:\/\/www.organisator.ch\/management\/finanzen_recht\/2022-12-09\/die-konkurswelle-trifft-die-schweiz-mit-voller-wucht\/#breadcrumb","itemListElement":[{"@type":"ListItem","position":1,"name":"Home","item":"https:\/\/www.organisator.ch\/"},{"@type":"ListItem","position":2,"name":"Die Konkurswelle trifft die Schweiz mit voller Wucht"}]},{"@type":"WebSite","@id":"https:\/\/www.organisator.ch\/#website","url":"https:\/\/www.organisator.ch\/","name":"Organisateur","description":"Comp\u00e9tence et comp\u00e9tence. Proches de la pratique. L'ORGANISATEUR pr\u00e9pare 10 num\u00e9ros par an sur les th\u00e8mes essentiels pour les dirigeants de PME.","publisher":{"@id":"https:\/\/www.organisator.ch\/#organization"},"potentialAction":[{"@type":"SearchAction","target":{"@type":"EntryPoint","urlTemplate":"https:\/\/www.organisator.ch\/?s={search_term_string}"},"query-input":{"@type":"PropertyValueSpecification","valueRequired":true,"valueName":"search_term_string"}}],"inLanguage":"fr-FR"},{"@type":"Organization","@id":"https:\/\/www.organisator.ch\/#organization","name":"Organisateur","url":"https:\/\/www.organisator.ch\/","logo":{"@type":"ImageObject","inLanguage":"fr-FR","@id":"https:\/\/www.organisator.ch\/#\/schema\/logo\/image\/","url":"https:\/\/www.organisator.ch\/wp-content\/uploads\/2022\/01\/Logo_Organisator_Website.png","contentUrl":"https:\/\/www.organisator.ch\/wp-content\/uploads\/2022\/01\/Logo_Organisator_Website.png","width":800,"height":77,"caption":"Organisator"},"image":{"@id":"https:\/\/www.organisator.ch\/#\/schema\/logo\/image\/"},"sameAs":["https:\/\/www.facebook.com\/OrganisatorFachmagazin","https:\/\/www.linkedin.com\/showcase\/organisator-das-magazin-fr-kmu","https:\/\/www.xing.com\/news\/pages\/organisator-ch-695","https:\/\/www.youtube.com\/channel\/UCGP2Sq0iWaZwT3BdIAQFYpw"]},{"@type":"Person","@id":"https:\/\/www.organisator.ch\/#\/schema\/person\/6f650f90b2842cd4c0cc334b4e36f67e","name":"thomas.berner","image":{"@type":"ImageObject","inLanguage":"fr-FR","@id":"https:\/\/secure.gravatar.com\/avatar\/ac5001d2a36cb6c6cd3e50789007ffca834b477b74a2144564522e944eabff61?s=96&d=mm&r=g","url":"https:\/\/secure.gravatar.com\/avatar\/ac5001d2a36cb6c6cd3e50789007ffca834b477b74a2144564522e944eabff61?s=96&d=mm&r=g","contentUrl":"https:\/\/secure.gravatar.com\/avatar\/ac5001d2a36cb6c6cd3e50789007ffca834b477b74a2144564522e944eabff61?s=96&d=mm&r=g","caption":"thomas.berner"},"url":"https:\/\/www.organisator.ch\/fr\/author\/thomas-berner\/"}]}},"_links":{"self":[{"href":"https:\/\/www.organisator.ch\/fr\/wp-json\/wp\/v2\/posts\/18213","targetHints":{"allow":["GET"]}}],"collection":[{"href":"https:\/\/www.organisator.ch\/fr\/wp-json\/wp\/v2\/posts"}],"about":[{"href":"https:\/\/www.organisator.ch\/fr\/wp-json\/wp\/v2\/types\/post"}],"author":[{"embeddable":true,"href":"https:\/\/www.organisator.ch\/fr\/wp-json\/wp\/v2\/users\/4"}],"replies":[{"embeddable":true,"href":"https:\/\/www.organisator.ch\/fr\/wp-json\/wp\/v2\/comments?post=18213"}],"version-history":[{"count":1,"href":"https:\/\/www.organisator.ch\/fr\/wp-json\/wp\/v2\/posts\/18213\/revisions"}],"predecessor-version":[{"id":18216,"href":"https:\/\/www.organisator.ch\/fr\/wp-json\/wp\/v2\/posts\/18213\/revisions\/18216"}],"wp:featuredmedia":[{"embeddable":true,"href":"https:\/\/www.organisator.ch\/fr\/wp-json\/wp\/v2\/media\/18214"}],"wp:attachment":[{"href":"https:\/\/www.organisator.ch\/fr\/wp-json\/wp\/v2\/media?parent=18213"}],"wp:term":[{"taxonomy":"category","embeddable":true,"href":"https:\/\/www.organisator.ch\/fr\/wp-json\/wp\/v2\/categories?post=18213"},{"taxonomy":"post_tag","embeddable":true,"href":"https:\/\/www.organisator.ch\/fr\/wp-json\/wp\/v2\/tags?post=18213"}],"curies":[{"name":"wp","href":"https:\/\/api.w.org\/{rel}","templated":true}]}}