{"id":18224,"date":"2022-12-09T13:49:18","date_gmt":"2022-12-09T12:49:18","guid":{"rendered":"https:\/\/www.m-q.ch\/?p=17304"},"modified":"2024-11-19T14:18:28","modified_gmt":"2024-11-19T13:18:28","slug":"sind-normen-gesetze","status":"publish","type":"post","link":"https:\/\/www.organisator.ch\/fr\/operational-excellence\/2022-12-09\/sind-normen-gesetze\/","title":{"rendered":"Les normes sont-elles des lois ?"},"content":{"rendered":"<figure id=\"attachment_17305\" class=\"wp-caption alignnone\" style=\"width: 680px\" aria-describedby=\"caption-attachment-17305\"><img class=\"alignnone wp-image-17305 size-full\" src=\"https:\/\/www.m-q.ch\/wp-content\/uploads\/2022\/12\/Sind-Normen-Gesetze_MQ.jpg\" alt=\"Diff\u00e9rence de normes\" width=\"680\" height=\"407\" \/>\r\n<figcaption id=\"caption-attachment-17305\" class=\"wp-caption-text\">Sans normes, le monde serait bien plus compliqu\u00e9. Mais quand une norme devient-elle une loi ? (Image : Unsplash.com)<\/figcaption>\r\n<\/figure>\r\n<p>L'application des normes est volontaire. Elles deviennent toutefois obligatoires lorsque le l\u00e9gislateur impose leur respect ou que les parties contractantes s'accordent sur ce point. Si les normes sont par exemple inscrites dans les conditions d'achat, les entreprises sont de fait contraintes de les appliquer. Les sous-traitants suisses, en particulier, sont concern\u00e9s lorsqu'ils exportent vers des pays de l'UE, si le donneur d'ordre exige le respect des normes europ\u00e9ennes.<\/p>\r\n<h3>Les lois et les normes : Quelle est la diff\u00e9rence ?<\/h3>\r\n<p>Seules les lois ou les r\u00e8glements d'une autorit\u00e9 disposant d'une comp\u00e9tence l\u00e9gislative souveraine en vertu de la Constitution ont une force juridique contraignante g\u00e9n\u00e9rale. En revanche, les normes sont \u00e9dict\u00e9es par des organisations de droit priv\u00e9 qui n'ont pas le pouvoir de l\u00e9gif\u00e9rer, ce qui fait que les normes n'ont en principe pas de caract\u00e8re contraignant.<\/p>\r\n<h3><strong>S\u00e9curit\u00e9 juridique gr\u00e2ce aux normes<\/strong><\/h3>\r\n<p>Bien que les normes ne soient pas des lois, elles contribuent n\u00e9anmoins \u00e0 la s\u00e9curit\u00e9 juridique. Les normes sont consid\u00e9r\u00e9es comme des r\u00e8gles techniques claires et reconnues, et le respect des normes constitue une \u00e9tape importante dans la preuve d'un comportement correct. Le v\u00e9ritable objectif des normes n'est pas d'imposer des contraintes inutiles aux entreprises et de les poursuivre juridiquement en cas de non-respect, mais de faciliter la coop\u00e9ration \u00e9conomique en standardisant les types, les tailles, les m\u00e9thodes, etc.<\/p>\r\n<h3><strong>SNV - l'organisation nationale de normalisation de la Suisse<\/strong><\/h3>\r\n<p>En Suisse, la SNV est l'organisation nationale de normalisation reconnue. Elle est l\u00e9gitim\u00e9e par l'ordonnance de notification de la Conf\u00e9d\u00e9ration du 17 juin 1996 et par un contrat avec le Secr\u00e9tariat d'\u00c9tat \u00e0 l'\u00e9conomie (SECO). La SNV est membre \u00e0 part enti\u00e8re de l'Organisation internationale de normalisation (<a href=\"https:\/\/www.m-q.ch\/de\/die-iso-wird-75\/\">ISO<\/a>) et du Comit\u00e9 europ\u00e9en de normalisation (CEN). Elle assure ainsi la coop\u00e9ration internationale en mati\u00e8re de normalisation.<\/p>\r\n<p><em>Plus d'informations : <a href=\"http:\/\/www.snv.ch\/\">www.snv.ch<\/a><\/em><\/p>\n<p class=\"syndicated-attribution\">Cet article est paru initialement sur m-q.ch - <a href=\"https:\/\/www.m-q.ch\/de\/sind-normen-gesetze\/\" target=\"_blank\">https:\/\/www.m-q.ch\/de\/sind-normen-gesetze\/<\/a><\/p>","protected":false},"excerpt":{"rendered":"<p>Die Anwendung von Normen ist freiwillig. Sie werden jedoch verpflichtend, wenn der Gesetzgeber ihre Einhaltung zwingend vorschreibt oder sich Vertragsparteien darauf einigen. Werden Normen beispielsweise in Einkaufsbedingungen festgeschrieben, besteht f\u00fcr Unternehmen ein faktischer Zwang zur Anwendung. Insbesondere Schweizer Zulieferfirmen sind beim Export in EU-Staaten davon betroffen, wenn die Auftraggeberin oder der Auftraggeber die Einhaltung von [\u2026]<\/p>\n","protected":false},"author":8,"featured_media":0,"comment_status":"closed","ping_status":"closed","sticky":false,"template":"","format":"standard","meta":{"_acf_changed":false,"_yoast_wpseo_focuskw":"Unterschied Normen","_yoast_wpseo_metadesc":"Normen vs. Gesetze: Freiwillig, aber oft verpflichtend bei Vorschriften. SNV f\u00f6rdert internationale Normenzusammenarbeit in der Schweiz.","articlekey":"","footnotes":""},"categories":[582],"tags":[],"class_list":["post-18224","post","type-post","status-publish","format-standard","hentry","category-operational-excellence"],"acf":[],"yoast_head":"<!-- This site is optimized with the Yoast SEO plugin v27.5 - https:\/\/yoast.com\/product\/yoast-seo-wordpress\/ -->\n<title>Sind Normen Gesetze? - Organisator<\/title>\n<meta name=\"description\" content=\"Normen vs. Gesetze: Freiwillig, aber oft verpflichtend bei Vorschriften. SNV f\u00f6rdert internationale Normenzusammenarbeit in der Schweiz.\" \/>\n<meta name=\"robots\" content=\"index, follow, max-snippet:-1, max-image-preview:large, max-video-preview:-1\" \/>\n<link rel=\"canonical\" href=\"https:\/\/www.organisator.ch\/fr\/excellence-operationnelle\/2022-12-09\/sind-normen-gesetze\/\" \/>\n<meta property=\"og:locale\" content=\"fr_FR\" \/>\n<meta property=\"og:type\" content=\"article\" \/>\n<meta property=\"og:title\" content=\"Sind Normen Gesetze? - Organisator\" \/>\n<meta property=\"og:description\" content=\"Normen vs. Gesetze: Freiwillig, aber oft verpflichtend bei Vorschriften. SNV f\u00f6rdert internationale Normenzusammenarbeit in der Schweiz.\" \/>\n<meta property=\"og:url\" content=\"https:\/\/www.organisator.ch\/fr\/excellence-operationnelle\/2022-12-09\/sind-normen-gesetze\/\" \/>\n<meta property=\"og:site_name\" content=\"Organisator\" \/>\n<meta property=\"article:publisher\" content=\"https:\/\/www.facebook.com\/OrganisatorFachmagazin\" \/>\n<meta property=\"article:published_time\" content=\"2022-12-09T12:49:18+00:00\" \/>\n<meta property=\"article:modified_time\" content=\"2024-11-19T13:18:28+00:00\" \/>\n<meta name=\"author\" content=\"galledia\" \/>\n<meta name=\"twitter:card\" content=\"summary_large_image\" \/>\n<meta name=\"twitter:creator\" content=\"@admin\" \/>\n<script type=\"application\/ld+json\" class=\"yoast-schema-graph\">{\"@context\":\"https:\\\/\\\/schema.org\",\"@graph\":[{\"@type\":\"Article\",\"@id\":\"https:\\\/\\\/www.organisator.ch\\\/operational-excellence\\\/2022-12-09\\\/sind-normen-gesetze\\\/#article\",\"isPartOf\":{\"@id\":\"https:\\\/\\\/www.organisator.ch\\\/operational-excellence\\\/2022-12-09\\\/sind-normen-gesetze\\\/\"},\"author\":{\"name\":\"galledia\",\"@id\":\"https:\\\/\\\/www.organisator.ch\\\/#\\\/schema\\\/person\\\/4e51799071cd2dd1232ac003643ef5f0\"},\"headline\":\"Sind Normen Gesetze?\",\"datePublished\":\"2022-12-09T12:49:18+00:00\",\"dateModified\":\"2024-11-19T13:18:28+00:00\",\"mainEntityOfPage\":{\"@id\":\"https:\\\/\\\/www.organisator.ch\\\/operational-excellence\\\/2022-12-09\\\/sind-normen-gesetze\\\/\"},\"wordCount\":274,\"publisher\":{\"@id\":\"https:\\\/\\\/www.organisator.ch\\\/#organization\"},\"image\":{\"@id\":\"https:\\\/\\\/www.organisator.ch\\\/operational-excellence\\\/2022-12-09\\\/sind-normen-gesetze\\\/#primaryimage\"},\"thumbnailUrl\":\"https:\\\/\\\/www.m-q.ch\\\/wp-content\\\/uploads\\\/2022\\\/12\\\/Sind-Normen-Gesetze_MQ.jpg\",\"articleSection\":[\"OPERATIONAL EXCELLENCE\"],\"inLanguage\":\"fr-FR\"},{\"@type\":\"WebPage\",\"@id\":\"https:\\\/\\\/www.organisator.ch\\\/operational-excellence\\\/2022-12-09\\\/sind-normen-gesetze\\\/\",\"url\":\"https:\\\/\\\/www.organisator.ch\\\/operational-excellence\\\/2022-12-09\\\/sind-normen-gesetze\\\/\",\"name\":\"Sind Normen Gesetze? - Organisator\",\"isPartOf\":{\"@id\":\"https:\\\/\\\/www.organisator.ch\\\/#website\"},\"primaryImageOfPage\":{\"@id\":\"https:\\\/\\\/www.organisator.ch\\\/operational-excellence\\\/2022-12-09\\\/sind-normen-gesetze\\\/#primaryimage\"},\"image\":{\"@id\":\"https:\\\/\\\/www.organisator.ch\\\/operational-excellence\\\/2022-12-09\\\/sind-normen-gesetze\\\/#primaryimage\"},\"thumbnailUrl\":\"https:\\\/\\\/www.m-q.ch\\\/wp-content\\\/uploads\\\/2022\\\/12\\\/Sind-Normen-Gesetze_MQ.jpg\",\"datePublished\":\"2022-12-09T12:49:18+00:00\",\"dateModified\":\"2024-11-19T13:18:28+00:00\",\"description\":\"Normen vs. Gesetze: Freiwillig, aber oft verpflichtend bei Vorschriften. SNV f\u00f6rdert internationale Normenzusammenarbeit in der Schweiz.\",\"breadcrumb\":{\"@id\":\"https:\\\/\\\/www.organisator.ch\\\/operational-excellence\\\/2022-12-09\\\/sind-normen-gesetze\\\/#breadcrumb\"},\"inLanguage\":\"fr-FR\",\"potentialAction\":[{\"@type\":\"ReadAction\",\"target\":[\"https:\\\/\\\/www.organisator.ch\\\/operational-excellence\\\/2022-12-09\\\/sind-normen-gesetze\\\/\"]}]},{\"@type\":\"ImageObject\",\"inLanguage\":\"fr-FR\",\"@id\":\"https:\\\/\\\/www.organisator.ch\\\/operational-excellence\\\/2022-12-09\\\/sind-normen-gesetze\\\/#primaryimage\",\"url\":\"https:\\\/\\\/www.m-q.ch\\\/wp-content\\\/uploads\\\/2022\\\/12\\\/Sind-Normen-Gesetze_MQ.jpg\",\"contentUrl\":\"https:\\\/\\\/www.m-q.ch\\\/wp-content\\\/uploads\\\/2022\\\/12\\\/Sind-Normen-Gesetze_MQ.jpg\"},{\"@type\":\"BreadcrumbList\",\"@id\":\"https:\\\/\\\/www.organisator.ch\\\/operational-excellence\\\/2022-12-09\\\/sind-normen-gesetze\\\/#breadcrumb\",\"itemListElement\":[{\"@type\":\"ListItem\",\"position\":1,\"name\":\"Home\",\"item\":\"https:\\\/\\\/www.organisator.ch\\\/\"},{\"@type\":\"ListItem\",\"position\":2,\"name\":\"Sind Normen Gesetze?\"}]},{\"@type\":\"WebSite\",\"@id\":\"https:\\\/\\\/www.organisator.ch\\\/#website\",\"url\":\"https:\\\/\\\/www.organisator.ch\\\/\",\"name\":\"Organisator\",\"description\":\"Kompetent. Praxisnah. Der ORGANISATOR bereitet in 10 Ausgaben pro Jahr die wesentlichen Themen f\u00fcr F\u00fchrungskr\u00e4fte von KMU auf.\",\"publisher\":{\"@id\":\"https:\\\/\\\/www.organisator.ch\\\/#organization\"},\"potentialAction\":[{\"@type\":\"SearchAction\",\"target\":{\"@type\":\"EntryPoint\",\"urlTemplate\":\"https:\\\/\\\/www.organisator.ch\\\/?s={search_term_string}\"},\"query-input\":{\"@type\":\"PropertyValueSpecification\",\"valueRequired\":true,\"valueName\":\"search_term_string\"}}],\"inLanguage\":\"fr-FR\"},{\"@type\":\"Organization\",\"@id\":\"https:\\\/\\\/www.organisator.ch\\\/#organization\",\"name\":\"Organisator\",\"url\":\"https:\\\/\\\/www.organisator.ch\\\/\",\"logo\":{\"@type\":\"ImageObject\",\"inLanguage\":\"fr-FR\",\"@id\":\"https:\\\/\\\/www.organisator.ch\\\/#\\\/schema\\\/logo\\\/image\\\/\",\"url\":\"https:\\\/\\\/www.organisator.ch\\\/wp-content\\\/uploads\\\/2022\\\/01\\\/Logo_Organisator_Website.png\",\"contentUrl\":\"https:\\\/\\\/www.organisator.ch\\\/wp-content\\\/uploads\\\/2022\\\/01\\\/Logo_Organisator_Website.png\",\"width\":800,\"height\":77,\"caption\":\"Organisator\"},\"image\":{\"@id\":\"https:\\\/\\\/www.organisator.ch\\\/#\\\/schema\\\/logo\\\/image\\\/\"},\"sameAs\":[\"https:\\\/\\\/www.facebook.com\\\/OrganisatorFachmagazin\",\"https:\\\/\\\/www.linkedin.com\\\/showcase\\\/organisator-das-magazin-fr-kmu\",\"https:\\\/\\\/www.xing.com\\\/news\\\/pages\\\/organisator-ch-695\",\"https:\\\/\\\/www.youtube.com\\\/channel\\\/UCGP2Sq0iWaZwT3BdIAQFYpw\"]},{\"@type\":\"Person\",\"@id\":\"https:\\\/\\\/www.organisator.ch\\\/#\\\/schema\\\/person\\\/4e51799071cd2dd1232ac003643ef5f0\",\"name\":\"galledia\",\"image\":{\"@type\":\"ImageObject\",\"inLanguage\":\"fr-FR\",\"@id\":\"https:\\\/\\\/secure.gravatar.com\\\/avatar\\\/78a7f90c01fc2bfc875782a0d4922b37cde2cf184ce347b91316d23cd7f69a36?s=96&d=mm&r=g\",\"url\":\"https:\\\/\\\/secure.gravatar.com\\\/avatar\\\/78a7f90c01fc2bfc875782a0d4922b37cde2cf184ce347b91316d23cd7f69a36?s=96&d=mm&r=g\",\"contentUrl\":\"https:\\\/\\\/secure.gravatar.com\\\/avatar\\\/78a7f90c01fc2bfc875782a0d4922b37cde2cf184ce347b91316d23cd7f69a36?s=96&d=mm&r=g\",\"caption\":\"galledia\"},\"sameAs\":[\"https:\\\/\\\/x.com\\\/admin\"],\"url\":\"https:\\\/\\\/www.organisator.ch\\\/fr\\\/author\\\/galledia\\\/\"}]}<\/script>\n<!-- \/ Yoast SEO plugin. -->","yoast_head_json":{"title":"Les normes sont-elles des lois ? - Organisateur","description":"Normes vs. lois : Facultative, mais souvent obligatoire pour les r\u00e9glementations. La SNV encourage la coop\u00e9ration internationale en mati\u00e8re de normes en Suisse.","robots":{"index":"index","follow":"follow","max-snippet":"max-snippet:-1","max-image-preview":"max-image-preview:large","max-video-preview":"max-video-preview:-1"},"canonical":"https:\/\/www.organisator.ch\/fr\/excellence-operationnelle\/2022-12-09\/sind-normen-gesetze\/","og_locale":"fr_FR","og_type":"article","og_title":"Sind Normen Gesetze? - Organisator","og_description":"Normen vs. Gesetze: Freiwillig, aber oft verpflichtend bei Vorschriften. SNV f\u00f6rdert internationale Normenzusammenarbeit in der Schweiz.","og_url":"https:\/\/www.organisator.ch\/fr\/excellence-operationnelle\/2022-12-09\/sind-normen-gesetze\/","og_site_name":"Organisator","article_publisher":"https:\/\/www.facebook.com\/OrganisatorFachmagazin","article_published_time":"2022-12-09T12:49:18+00:00","article_modified_time":"2024-11-19T13:18:28+00:00","author":"galledia","twitter_card":"summary_large_image","twitter_creator":"@admin","schema":{"@context":"https:\/\/schema.org","@graph":[{"@type":"Article","@id":"https:\/\/www.organisator.ch\/operational-excellence\/2022-12-09\/sind-normen-gesetze\/#article","isPartOf":{"@id":"https:\/\/www.organisator.ch\/operational-excellence\/2022-12-09\/sind-normen-gesetze\/"},"author":{"name":"galledia","@id":"https:\/\/www.organisator.ch\/#\/schema\/person\/4e51799071cd2dd1232ac003643ef5f0"},"headline":"Sind Normen Gesetze?","datePublished":"2022-12-09T12:49:18+00:00","dateModified":"2024-11-19T13:18:28+00:00","mainEntityOfPage":{"@id":"https:\/\/www.organisator.ch\/operational-excellence\/2022-12-09\/sind-normen-gesetze\/"},"wordCount":274,"publisher":{"@id":"https:\/\/www.organisator.ch\/#organization"},"image":{"@id":"https:\/\/www.organisator.ch\/operational-excellence\/2022-12-09\/sind-normen-gesetze\/#primaryimage"},"thumbnailUrl":"https:\/\/www.m-q.ch\/wp-content\/uploads\/2022\/12\/Sind-Normen-Gesetze_MQ.jpg","articleSection":["OPERATIONAL EXCELLENCE"],"inLanguage":"fr-FR"},{"@type":"WebPage","@id":"https:\/\/www.organisator.ch\/operational-excellence\/2022-12-09\/sind-normen-gesetze\/","url":"https:\/\/www.organisator.ch\/operational-excellence\/2022-12-09\/sind-normen-gesetze\/","name":"Les normes sont-elles des lois ? - Organisateur","isPartOf":{"@id":"https:\/\/www.organisator.ch\/#website"},"primaryImageOfPage":{"@id":"https:\/\/www.organisator.ch\/operational-excellence\/2022-12-09\/sind-normen-gesetze\/#primaryimage"},"image":{"@id":"https:\/\/www.organisator.ch\/operational-excellence\/2022-12-09\/sind-normen-gesetze\/#primaryimage"},"thumbnailUrl":"https:\/\/www.m-q.ch\/wp-content\/uploads\/2022\/12\/Sind-Normen-Gesetze_MQ.jpg","datePublished":"2022-12-09T12:49:18+00:00","dateModified":"2024-11-19T13:18:28+00:00","description":"Normes vs. lois : Facultative, mais souvent obligatoire pour les r\u00e9glementations. La SNV encourage la coop\u00e9ration internationale en mati\u00e8re de normes en Suisse.","breadcrumb":{"@id":"https:\/\/www.organisator.ch\/operational-excellence\/2022-12-09\/sind-normen-gesetze\/#breadcrumb"},"inLanguage":"fr-FR","potentialAction":[{"@type":"ReadAction","target":["https:\/\/www.organisator.ch\/operational-excellence\/2022-12-09\/sind-normen-gesetze\/"]}]},{"@type":"ImageObject","inLanguage":"fr-FR","@id":"https:\/\/www.organisator.ch\/operational-excellence\/2022-12-09\/sind-normen-gesetze\/#primaryimage","url":"https:\/\/www.m-q.ch\/wp-content\/uploads\/2022\/12\/Sind-Normen-Gesetze_MQ.jpg","contentUrl":"https:\/\/www.m-q.ch\/wp-content\/uploads\/2022\/12\/Sind-Normen-Gesetze_MQ.jpg"},{"@type":"BreadcrumbList","@id":"https:\/\/www.organisator.ch\/operational-excellence\/2022-12-09\/sind-normen-gesetze\/#breadcrumb","itemListElement":[{"@type":"ListItem","position":1,"name":"Home","item":"https:\/\/www.organisator.ch\/"},{"@type":"ListItem","position":2,"name":"Sind Normen Gesetze?"}]},{"@type":"WebSite","@id":"https:\/\/www.organisator.ch\/#website","url":"https:\/\/www.organisator.ch\/","name":"Organisateur","description":"Comp\u00e9tence et comp\u00e9tence. Proches de la pratique. L'ORGANISATEUR pr\u00e9pare 10 num\u00e9ros par an sur les th\u00e8mes essentiels pour les dirigeants de PME.","publisher":{"@id":"https:\/\/www.organisator.ch\/#organization"},"potentialAction":[{"@type":"SearchAction","target":{"@type":"EntryPoint","urlTemplate":"https:\/\/www.organisator.ch\/?s={search_term_string}"},"query-input":{"@type":"PropertyValueSpecification","valueRequired":true,"valueName":"search_term_string"}}],"inLanguage":"fr-FR"},{"@type":"Organization","@id":"https:\/\/www.organisator.ch\/#organization","name":"Organisateur","url":"https:\/\/www.organisator.ch\/","logo":{"@type":"ImageObject","inLanguage":"fr-FR","@id":"https:\/\/www.organisator.ch\/#\/schema\/logo\/image\/","url":"https:\/\/www.organisator.ch\/wp-content\/uploads\/2022\/01\/Logo_Organisator_Website.png","contentUrl":"https:\/\/www.organisator.ch\/wp-content\/uploads\/2022\/01\/Logo_Organisator_Website.png","width":800,"height":77,"caption":"Organisator"},"image":{"@id":"https:\/\/www.organisator.ch\/#\/schema\/logo\/image\/"},"sameAs":["https:\/\/www.facebook.com\/OrganisatorFachmagazin","https:\/\/www.linkedin.com\/showcase\/organisator-das-magazin-fr-kmu","https:\/\/www.xing.com\/news\/pages\/organisator-ch-695","https:\/\/www.youtube.com\/channel\/UCGP2Sq0iWaZwT3BdIAQFYpw"]},{"@type":"Person","@id":"https:\/\/www.organisator.ch\/#\/schema\/person\/4e51799071cd2dd1232ac003643ef5f0","name":"galledia","image":{"@type":"ImageObject","inLanguage":"fr-FR","@id":"https:\/\/secure.gravatar.com\/avatar\/78a7f90c01fc2bfc875782a0d4922b37cde2cf184ce347b91316d23cd7f69a36?s=96&d=mm&r=g","url":"https:\/\/secure.gravatar.com\/avatar\/78a7f90c01fc2bfc875782a0d4922b37cde2cf184ce347b91316d23cd7f69a36?s=96&d=mm&r=g","contentUrl":"https:\/\/secure.gravatar.com\/avatar\/78a7f90c01fc2bfc875782a0d4922b37cde2cf184ce347b91316d23cd7f69a36?s=96&d=mm&r=g","caption":"galledia"},"sameAs":["https:\/\/x.com\/admin"],"url":"https:\/\/www.organisator.ch\/fr\/author\/galledia\/"}]}},"_links":{"self":[{"href":"https:\/\/www.organisator.ch\/fr\/wp-json\/wp\/v2\/posts\/18224","targetHints":{"allow":["GET"]}}],"collection":[{"href":"https:\/\/www.organisator.ch\/fr\/wp-json\/wp\/v2\/posts"}],"about":[{"href":"https:\/\/www.organisator.ch\/fr\/wp-json\/wp\/v2\/types\/post"}],"author":[{"embeddable":true,"href":"https:\/\/www.organisator.ch\/fr\/wp-json\/wp\/v2\/users\/8"}],"replies":[{"embeddable":true,"href":"https:\/\/www.organisator.ch\/fr\/wp-json\/wp\/v2\/comments?post=18224"}],"version-history":[{"count":4,"href":"https:\/\/www.organisator.ch\/fr\/wp-json\/wp\/v2\/posts\/18224\/revisions"}],"predecessor-version":[{"id":33550,"href":"https:\/\/www.organisator.ch\/fr\/wp-json\/wp\/v2\/posts\/18224\/revisions\/33550"}],"wp:attachment":[{"href":"https:\/\/www.organisator.ch\/fr\/wp-json\/wp\/v2\/media?parent=18224"}],"wp:term":[{"taxonomy":"category","embeddable":true,"href":"https:\/\/www.organisator.ch\/fr\/wp-json\/wp\/v2\/categories?post=18224"},{"taxonomy":"post_tag","embeddable":true,"href":"https:\/\/www.organisator.ch\/fr\/wp-json\/wp\/v2\/tags?post=18224"}],"curies":[{"name":"wp","href":"https:\/\/api.w.org\/{rel}","templated":true}]}}