{"id":18229,"date":"2022-12-12T08:00:28","date_gmt":"2022-12-12T07:00:28","guid":{"rendered":"https:\/\/www.organisator.ch\/?p=18229"},"modified":"2022-12-12T08:00:28","modified_gmt":"2022-12-12T07:00:28","slug":"berufliche-altersvorsorge-im-jahr-2050","status":"publish","type":"post","link":"https:\/\/www.organisator.ch\/fr\/human-resources\/2022-12-12\/berufliche-altersvorsorge-im-jahr-2050\/","title":{"rendered":"La pr\u00e9voyance vieillesse professionnelle en 2050"},"content":{"rendered":"<figure id=\"attachment_18230\" aria-describedby=\"caption-attachment-18230\" style=\"width: 680px\" class=\"wp-caption alignnone\"><img loading=\"lazy\" decoding=\"async\" class=\"size-full wp-image-18230\" src=\"https:\/\/www.organisator.ch\/wp-content\/uploads\/2022\/12\/Berufliche-Altersvorsorge-im-Jahr-2050_Organisator.jpg\" alt=\"\" width=\"680\" height=\"453\" srcset=\"https:\/\/www.organisator.ch\/wp-content\/uploads\/2022\/12\/Berufliche-Altersvorsorge-im-Jahr-2050_Organisator.jpg 680w, https:\/\/www.organisator.ch\/wp-content\/uploads\/2022\/12\/Berufliche-Altersvorsorge-im-Jahr-2050_Organisator-18x12.jpg 18w, https:\/\/www.organisator.ch\/wp-content\/uploads\/2022\/12\/Berufliche-Altersvorsorge-im-Jahr-2050_Organisator-375x250.jpg 375w, https:\/\/www.organisator.ch\/wp-content\/uploads\/2022\/12\/Berufliche-Altersvorsorge-im-Jahr-2050_Organisator-525x350.jpg 525w\" sizes=\"auto, (max-width: 680px) 100vw, 680px\" \/><figcaption id=\"caption-attachment-18230\" class=\"wp-caption-text\">Les m\u00e9gatendances influencent l'organisation future de la pr\u00e9voyance vieillesse professionnelle : une \u00e9tude de la caisse de pension PKG et de la Haute \u00e9cole de Lucerne s'est pench\u00e9e sur la question. (Image : Pixabay.com)<\/figcaption><\/figure>\n<p>La caisse de pension PKG a \u00e9t\u00e9 cr\u00e9\u00e9e en 1972 en tant que caisse de pension pour l'artisanat, le commerce et l'industrie \u00e0 Lucerne. C'est cette m\u00eame ann\u00e9e que le mod\u00e8le des trois piliers de la pr\u00e9voyance vieillesse suisse a \u00e9t\u00e9 adopt\u00e9 avec une part de oui de 74 pour cent et a ensuite \u00e9t\u00e9 ancr\u00e9 dans la Constitution f\u00e9d\u00e9rale. Aujourd'hui, l'institution de pr\u00e9voyance s'est \u00e9galement pench\u00e9e sur l'avenir et a command\u00e9 une \u00e9tude \u00e0 la Haute \u00e9cole de Lucerne. \"En substance, l'\u00e9tude montre que la tendance \u00e0 l'augmentation de l'esp\u00e9rance de vie va se poursuivre et que les mod\u00e8les de travail et de famille vont continuer \u00e0 se modifier. L'individualisation augmentera, ce qui r\u00e9duira la disposition \u00e0 la solidarit\u00e9 et accro\u00eetra l'exigence de transparence. La politique devra poser les jalons pour l'am\u00e9nagement des mod\u00e8les de pr\u00e9voyance\", conclut Peter Fries, pr\u00e9sident de la direction de la caisse de pension PKG, en se r\u00e9f\u00e9rant \u00e0 l'\u00e9tude.<\/p>\n<h3><strong>Les principales caract\u00e9ristiques<\/strong><\/h3>\n<p>Personne ne peut savoir aujourd'hui \u00e0 quoi ressemblera exactement le monde en 2050, mais les m\u00e9gatendances qui se dessinent d\u00e9j\u00e0 aujourd'hui donnent des indications sur la mani\u00e8re dont la soci\u00e9t\u00e9 et l'\u00e9conomie auront pu \u00e9voluer un jour. Il est ainsi possible d'identifier les diff\u00e9rences (\"gaps\") entre la vie sociale future et la vie sociale actuelle, ce qui permet d'en d\u00e9duire les principales caract\u00e9ristiques qu'une pr\u00e9voyance professionnelle doit pr\u00e9senter pour \u00eatre durable en 2050.<\/p>\n<p>C'est pourquoi l'un des objectifs de l'\u00e9tude \u00e9tait de d\u00e9crire les implications de m\u00e9gatendances sp\u00e9cifiques sur le syst\u00e8me de pr\u00e9voyance et de fournir des pistes de r\u00e9flexion sur la mani\u00e8re dont la pr\u00e9voyance professionnelle devrait \u00eatre organis\u00e9e en 2050. Les questions de recherche suivantes ont \u00e9t\u00e9 analys\u00e9es :<\/p>\n<ul>\n<li>Quels sont les aspects les plus importants de la pr\u00e9voyance professionnelle actuelle en ce qui concerne l'accumulation et l'utilisation du capital vieillesse ?<\/li>\n<li>Quelles sont les m\u00e9gatendances qui marqueront la vie sociale et \u00e9conomique en 2050 ?<\/li>\n<li>Quels sont les \u00e9carts entre la vie sociale actuelle et la vie sociale future en 2050 ?<\/li>\n<li>Quelles sont les implications de ces \u00e9carts pour la pr\u00e9voyance vieillesse professionnelle ?<\/li>\n<li>Comment la pr\u00e9voyance professionnelle doit-elle \u00eatre con\u00e7ue, en tenant compte des m\u00e9gatendances, pour r\u00e9pondre aux r\u00e9alit\u00e9s \u00e9conomiques et \u00e0 la vie sociale de 2050 ?<\/li>\n<\/ul>\n<h3>Les m\u00e9gatendances qui influencent la pr\u00e9voyance vieillesse<\/h3>\n<p>Les m\u00e9gatendances pertinentes sont les changements sociaux, techniques et d\u00e9mographiques. Elles conduisent \u00e0 une soci\u00e9t\u00e9 dans laquelle l'individualisation et l'\u00e9panouissement personnel rev\u00eatent une grande importance et marquent la vie en commun, tant dans la sph\u00e8re priv\u00e9e que dans la soci\u00e9t\u00e9. L'\u00e9conomie de plateforme sera pr\u00e9dominante. Elle se caract\u00e9rise par des relations de travail flexibles et non permanentes. L'emploi sur les plateformes et le crowdworking conduisent souvent \u00e0 une activit\u00e9 professionnelle ind\u00e9pendante. En outre, il sera possible de mener une vie plus longue et plus saine.<\/p>\n<h3>Pr\u00e9voyance professionnelle plus personnelle<\/h3>\n<p>Les diff\u00e9rences essentielles entre la soci\u00e9t\u00e9 de 2050 et celle d'aujourd'hui font que les deux sexes exerceront de plus en plus une activit\u00e9 professionnelle \u00e0 temps partiel et en tant qu'ind\u00e9pendants, ce qui - si le syst\u00e8me de pr\u00e9voyance actuel \u00e9tait maintenu - augmenterait le nombre de personnes actives non assur\u00e9es. En outre, l'activit\u00e9 professionnelle est de plus en plus concili\u00e9e avec la vie priv\u00e9e, ce qui implique davantage de temps d'arr\u00eat pendant la phase d'activit\u00e9. Le souhait de d\u00e9terminer individuellement le d\u00e9part de la vie active en fonction de sa propre vitalit\u00e9 sera plus grand. La dur\u00e9e de travail effectivement accomplie au cours de la vie sera donc beaucoup plus individuelle. Le maintien d'un \u00e2ge de d\u00e9part \u00e0 la retraite pr\u00e9d\u00e9fini ne tiendrait pas compte des pr\u00e9f\u00e9rences individuelles. La redistribution actuelle de la pr\u00e9voyance professionnelle, assur\u00e9e par des prestations de garantie, est en contradiction avec le souhait d'organiser la pr\u00e9voyance professionnelle davantage en fonction de ses propres besoins.<\/p>\n<h3>Pistes de r\u00e9flexion pour la pr\u00e9voyance vieillesse professionnelle<\/h3>\n<p>Pour l'am\u00e9nagement futur de la pr\u00e9voyance professionnelle en 2050, l'\u00e9tude formule les pistes de r\u00e9flexion suivantes :<\/p>\n<ul>\n<li>Tous les revenus du travail sont pris en compte pour la constitution de la fortune de pr\u00e9voyance. Les salari\u00e9s ayant un certain niveau de salaire ne sont plus les seuls \u00e0 \u00eatre assur\u00e9s.<\/li>\n<li>La pr\u00e9voyance professionnelle est rattach\u00e9e \u00e0 la personne assur\u00e9e. L'employeur n'a donc plus l'obligation d'organiser la pr\u00e9voyance professionnelle. Il continuera toutefois \u00e0 cofinancer les cotisations.<\/li>\n<li>La dur\u00e9e de la phase d'\u00e9pargne est d\u00e9termin\u00e9e par la dur\u00e9e de vie active. Le d\u00e9but et la fin de la phase d'\u00e9pargne ne d\u00e9pendent plus de l'atteinte d'un \u00e2ge d\u00e9termin\u00e9.<\/li>\n<li>Il est possible d'\u00e9pargner pour des p\u00e9riodes d'inactivit\u00e9 pendant la phase d'\u00e9pargne.<\/li>\n<li>Une s\u00e9paration claire doit \u00eatre \u00e9tablie entre l'objectif de pr\u00e9voyance sociopolitique et l'\u00e9pargne-pr\u00e9voyance individuelle. Les prestations ne sont plus garanties, m\u00eame celles de la phase de d\u00e9s\u00e9pargne. La personne assur\u00e9e d\u00e9termine elle-m\u00eame sa pr\u00e9voyance professionnelle dans un cadre l\u00e9gal.<\/li>\n<\/ul>\n<p>La pr\u00e9voyance professionnelle conserve son caract\u00e8re obligatoire et donc son importance pour l'ensemble de la pr\u00e9voyance vieillesse. Il revient donc \u00e9galement \u00e0 la politique et \u00e0 la soci\u00e9t\u00e9 de r\u00e9pondre \u00e0 diverses questions en suspens concernant l'organisation de la future pr\u00e9voyance professionnelle.<\/p>\n<p><em>Source : <a href=\"https:\/\/pkg.ch\/\">PKG Caisse de pension<\/a><\/em><\/p>","protected":false},"excerpt":{"rendered":"<p>Die PKG Pensionskasse wurde 1972 als Pensionskasse f\u00fcr Gewerbe, Handel und Industrie in Luzern errichtet. Es war das gleiche Jahr, als das Drei-S\u00e4ulen-Modell der Schweizer Altersvorsorge mit einem Ja-Anteil von 74 Prozent angenommen und anschliessend in der Bundesverfassung verankert wurde. Nun hat sich die Vorsorgeeinrichtung auch mit der Zukunft befasst und bei der Hochschule Luzern [&hellip;]<\/p>\n","protected":false},"author":4,"featured_media":18230,"comment_status":"closed","ping_status":"closed","sticky":false,"template":"","format":"standard","meta":{"_acf_changed":false,"_yoast_wpseo_focuskw":"Altersvorsorge","_yoast_wpseo_metadesc":"Wirtschaft und Gesellschaft werden sich 2050 gewandelt haben. Damit einhergehend muss sich auch die berufliche Altersvorsorge anpassen.","articlekey":"","footnotes":""},"categories":[579],"tags":[2921,377,459,3199],"class_list":["post-18229","post","type-post","status-publish","format-standard","has-post-thumbnail","hentry","category-human-resources","tag-berufliche-vorsorge","tag-pensionskassen","tag-studie","tag-zukunft"],"acf":[],"yoast_head":"<!-- This site is optimized with the Yoast SEO plugin v27.5 - https:\/\/yoast.com\/product\/yoast-seo-wordpress\/ -->\n<title>Berufliche Altersvorsorge im Jahr 2050 - Organisator<\/title>\n<meta name=\"description\" content=\"Wirtschaft und Gesellschaft werden sich 2050 gewandelt haben. Damit einhergehend muss sich auch die berufliche Altersvorsorge anpassen.\" \/>\n<meta name=\"robots\" content=\"index, follow, max-snippet:-1, max-image-preview:large, max-video-preview:-1\" \/>\n<link rel=\"canonical\" href=\"https:\/\/www.organisator.ch\/fr\/ressources-humaines\/2022-12-12\/berufliche-altersvorsorge-im-jahr-2050\/\" \/>\n<meta property=\"og:locale\" content=\"fr_FR\" \/>\n<meta property=\"og:type\" content=\"article\" \/>\n<meta property=\"og:title\" content=\"Berufliche Altersvorsorge im Jahr 2050\" \/>\n<meta property=\"og:description\" content=\"Wirtschaft und Gesellschaft werden sich 2050 gewandelt haben. Damit einhergehend muss sich auch die berufliche Altersvorsorge anpassen.\" \/>\n<meta property=\"og:url\" content=\"https:\/\/www.organisator.ch\/fr\/ressources-humaines\/2022-12-12\/berufliche-altersvorsorge-im-jahr-2050\/\" \/>\n<meta property=\"og:site_name\" content=\"Organisator\" \/>\n<meta property=\"article:publisher\" content=\"https:\/\/www.facebook.com\/OrganisatorFachmagazin\" \/>\n<meta property=\"article:published_time\" content=\"2022-12-12T07:00:28+00:00\" \/>\n<meta property=\"og:image\" content=\"https:\/\/www.organisator.ch\/wp-content\/uploads\/2022\/12\/Berufliche-Altersvorsorge-im-Jahr-2050_Organisator.jpg\" \/>\n\t<meta property=\"og:image:width\" content=\"680\" \/>\n\t<meta property=\"og:image:height\" content=\"453\" \/>\n\t<meta property=\"og:image:type\" content=\"image\/jpeg\" \/>\n<meta name=\"author\" content=\"thomas.berner\" \/>\n<meta name=\"twitter:card\" content=\"summary_large_image\" \/>\n<meta name=\"twitter:title\" content=\"Berufliche #Altersvorsorge im Jahr 2050\" \/>\n<meta name=\"twitter:description\" content=\"#Wirtschaft und #Gesellschaft werden sich 2050 gewandelt haben. Damit einhergehend muss sich auch die berufliche #Altersvorsorge anpassen.\" \/>\n<meta name=\"twitter:image\" content=\"https:\/\/www.organisator.ch\/wp-content\/uploads\/2022\/12\/Berufliche-Altersvorsorge-im-Jahr-2050_Organisator.jpg\" \/>\n<script type=\"application\/ld+json\" class=\"yoast-schema-graph\">{\"@context\":\"https:\\\/\\\/schema.org\",\"@graph\":[{\"@type\":\"Article\",\"@id\":\"https:\\\/\\\/www.organisator.ch\\\/human-resources\\\/2022-12-12\\\/berufliche-altersvorsorge-im-jahr-2050\\\/#article\",\"isPartOf\":{\"@id\":\"https:\\\/\\\/www.organisator.ch\\\/human-resources\\\/2022-12-12\\\/berufliche-altersvorsorge-im-jahr-2050\\\/\"},\"author\":{\"name\":\"thomas.berner\",\"@id\":\"https:\\\/\\\/www.organisator.ch\\\/#\\\/schema\\\/person\\\/6f650f90b2842cd4c0cc334b4e36f67e\"},\"headline\":\"Berufliche Altersvorsorge im Jahr 2050\",\"datePublished\":\"2022-12-12T07:00:28+00:00\",\"mainEntityOfPage\":{\"@id\":\"https:\\\/\\\/www.organisator.ch\\\/human-resources\\\/2022-12-12\\\/berufliche-altersvorsorge-im-jahr-2050\\\/\"},\"wordCount\":777,\"publisher\":{\"@id\":\"https:\\\/\\\/www.organisator.ch\\\/#organization\"},\"image\":{\"@id\":\"https:\\\/\\\/www.organisator.ch\\\/human-resources\\\/2022-12-12\\\/berufliche-altersvorsorge-im-jahr-2050\\\/#primaryimage\"},\"thumbnailUrl\":\"https:\\\/\\\/www.organisator.ch\\\/wp-content\\\/uploads\\\/2022\\\/12\\\/Berufliche-Altersvorsorge-im-Jahr-2050_Organisator.jpg\",\"keywords\":[\"Berufliche Vorsorge\",\"Pensionskassen\",\"Studie\",\"Zukunft\"],\"articleSection\":[\"HUMAN RESOURCES\"],\"inLanguage\":\"fr-FR\"},{\"@type\":\"WebPage\",\"@id\":\"https:\\\/\\\/www.organisator.ch\\\/human-resources\\\/2022-12-12\\\/berufliche-altersvorsorge-im-jahr-2050\\\/\",\"url\":\"https:\\\/\\\/www.organisator.ch\\\/human-resources\\\/2022-12-12\\\/berufliche-altersvorsorge-im-jahr-2050\\\/\",\"name\":\"Berufliche Altersvorsorge im Jahr 2050 - Organisator\",\"isPartOf\":{\"@id\":\"https:\\\/\\\/www.organisator.ch\\\/#website\"},\"primaryImageOfPage\":{\"@id\":\"https:\\\/\\\/www.organisator.ch\\\/human-resources\\\/2022-12-12\\\/berufliche-altersvorsorge-im-jahr-2050\\\/#primaryimage\"},\"image\":{\"@id\":\"https:\\\/\\\/www.organisator.ch\\\/human-resources\\\/2022-12-12\\\/berufliche-altersvorsorge-im-jahr-2050\\\/#primaryimage\"},\"thumbnailUrl\":\"https:\\\/\\\/www.organisator.ch\\\/wp-content\\\/uploads\\\/2022\\\/12\\\/Berufliche-Altersvorsorge-im-Jahr-2050_Organisator.jpg\",\"datePublished\":\"2022-12-12T07:00:28+00:00\",\"description\":\"Wirtschaft und Gesellschaft werden sich 2050 gewandelt haben. Damit einhergehend muss sich auch die berufliche Altersvorsorge anpassen.\",\"breadcrumb\":{\"@id\":\"https:\\\/\\\/www.organisator.ch\\\/human-resources\\\/2022-12-12\\\/berufliche-altersvorsorge-im-jahr-2050\\\/#breadcrumb\"},\"inLanguage\":\"fr-FR\",\"potentialAction\":[{\"@type\":\"ReadAction\",\"target\":[\"https:\\\/\\\/www.organisator.ch\\\/human-resources\\\/2022-12-12\\\/berufliche-altersvorsorge-im-jahr-2050\\\/\"]}]},{\"@type\":\"ImageObject\",\"inLanguage\":\"fr-FR\",\"@id\":\"https:\\\/\\\/www.organisator.ch\\\/human-resources\\\/2022-12-12\\\/berufliche-altersvorsorge-im-jahr-2050\\\/#primaryimage\",\"url\":\"https:\\\/\\\/www.organisator.ch\\\/wp-content\\\/uploads\\\/2022\\\/12\\\/Berufliche-Altersvorsorge-im-Jahr-2050_Organisator.jpg\",\"contentUrl\":\"https:\\\/\\\/www.organisator.ch\\\/wp-content\\\/uploads\\\/2022\\\/12\\\/Berufliche-Altersvorsorge-im-Jahr-2050_Organisator.jpg\",\"width\":680,\"height\":453,\"caption\":\"Megatrends beeinflussen die zuk\u00fcnftige Gestaltung der beruflichen Altersvorsorge: Eine Studie der PKG Pensionskasse und der Hochschule Luzern hat dies untersucht. (Bild: Pixabay.com)\"},{\"@type\":\"BreadcrumbList\",\"@id\":\"https:\\\/\\\/www.organisator.ch\\\/human-resources\\\/2022-12-12\\\/berufliche-altersvorsorge-im-jahr-2050\\\/#breadcrumb\",\"itemListElement\":[{\"@type\":\"ListItem\",\"position\":1,\"name\":\"Home\",\"item\":\"https:\\\/\\\/www.organisator.ch\\\/\"},{\"@type\":\"ListItem\",\"position\":2,\"name\":\"Berufliche Altersvorsorge im Jahr 2050\"}]},{\"@type\":\"WebSite\",\"@id\":\"https:\\\/\\\/www.organisator.ch\\\/#website\",\"url\":\"https:\\\/\\\/www.organisator.ch\\\/\",\"name\":\"Organisator\",\"description\":\"Kompetent. Praxisnah. Der ORGANISATOR bereitet in 10 Ausgaben pro Jahr die wesentlichen Themen f\u00fcr F\u00fchrungskr\u00e4fte von KMU auf.\",\"publisher\":{\"@id\":\"https:\\\/\\\/www.organisator.ch\\\/#organization\"},\"potentialAction\":[{\"@type\":\"SearchAction\",\"target\":{\"@type\":\"EntryPoint\",\"urlTemplate\":\"https:\\\/\\\/www.organisator.ch\\\/?s={search_term_string}\"},\"query-input\":{\"@type\":\"PropertyValueSpecification\",\"valueRequired\":true,\"valueName\":\"search_term_string\"}}],\"inLanguage\":\"fr-FR\"},{\"@type\":\"Organization\",\"@id\":\"https:\\\/\\\/www.organisator.ch\\\/#organization\",\"name\":\"Organisator\",\"url\":\"https:\\\/\\\/www.organisator.ch\\\/\",\"logo\":{\"@type\":\"ImageObject\",\"inLanguage\":\"fr-FR\",\"@id\":\"https:\\\/\\\/www.organisator.ch\\\/#\\\/schema\\\/logo\\\/image\\\/\",\"url\":\"https:\\\/\\\/www.organisator.ch\\\/wp-content\\\/uploads\\\/2022\\\/01\\\/Logo_Organisator_Website.png\",\"contentUrl\":\"https:\\\/\\\/www.organisator.ch\\\/wp-content\\\/uploads\\\/2022\\\/01\\\/Logo_Organisator_Website.png\",\"width\":800,\"height\":77,\"caption\":\"Organisator\"},\"image\":{\"@id\":\"https:\\\/\\\/www.organisator.ch\\\/#\\\/schema\\\/logo\\\/image\\\/\"},\"sameAs\":[\"https:\\\/\\\/www.facebook.com\\\/OrganisatorFachmagazin\",\"https:\\\/\\\/www.linkedin.com\\\/showcase\\\/organisator-das-magazin-fr-kmu\",\"https:\\\/\\\/www.xing.com\\\/news\\\/pages\\\/organisator-ch-695\",\"https:\\\/\\\/www.youtube.com\\\/channel\\\/UCGP2Sq0iWaZwT3BdIAQFYpw\"]},{\"@type\":\"Person\",\"@id\":\"https:\\\/\\\/www.organisator.ch\\\/#\\\/schema\\\/person\\\/6f650f90b2842cd4c0cc334b4e36f67e\",\"name\":\"thomas.berner\",\"image\":{\"@type\":\"ImageObject\",\"inLanguage\":\"fr-FR\",\"@id\":\"https:\\\/\\\/secure.gravatar.com\\\/avatar\\\/ac5001d2a36cb6c6cd3e50789007ffca834b477b74a2144564522e944eabff61?s=96&d=mm&r=g\",\"url\":\"https:\\\/\\\/secure.gravatar.com\\\/avatar\\\/ac5001d2a36cb6c6cd3e50789007ffca834b477b74a2144564522e944eabff61?s=96&d=mm&r=g\",\"contentUrl\":\"https:\\\/\\\/secure.gravatar.com\\\/avatar\\\/ac5001d2a36cb6c6cd3e50789007ffca834b477b74a2144564522e944eabff61?s=96&d=mm&r=g\",\"caption\":\"thomas.berner\"},\"url\":\"https:\\\/\\\/www.organisator.ch\\\/fr\\\/author\\\/thomas-berner\\\/\"}]}<\/script>\n<!-- \/ Yoast SEO plugin. -->","yoast_head_json":{"title":"La retraite professionnelle en 2050 - Organisateur","description":"L'\u00e9conomie et la soci\u00e9t\u00e9 auront chang\u00e9 en 2050. Par cons\u00e9quent, la pr\u00e9voyance vieillesse professionnelle doit \u00e9galement s'adapter.","robots":{"index":"index","follow":"follow","max-snippet":"max-snippet:-1","max-image-preview":"max-image-preview:large","max-video-preview":"max-video-preview:-1"},"canonical":"https:\/\/www.organisator.ch\/fr\/ressources-humaines\/2022-12-12\/berufliche-altersvorsorge-im-jahr-2050\/","og_locale":"fr_FR","og_type":"article","og_title":"Berufliche Altersvorsorge im Jahr 2050","og_description":"Wirtschaft und Gesellschaft werden sich 2050 gewandelt haben. Damit einhergehend muss sich auch die berufliche Altersvorsorge anpassen.","og_url":"https:\/\/www.organisator.ch\/fr\/ressources-humaines\/2022-12-12\/berufliche-altersvorsorge-im-jahr-2050\/","og_site_name":"Organisator","article_publisher":"https:\/\/www.facebook.com\/OrganisatorFachmagazin","article_published_time":"2022-12-12T07:00:28+00:00","og_image":[{"width":680,"height":453,"url":"https:\/\/www.organisator.ch\/wp-content\/uploads\/2022\/12\/Berufliche-Altersvorsorge-im-Jahr-2050_Organisator.jpg","type":"image\/jpeg"}],"author":"thomas.berner","twitter_card":"summary_large_image","twitter_title":"Berufliche #Altersvorsorge im Jahr 2050","twitter_description":"#Wirtschaft und #Gesellschaft werden sich 2050 gewandelt haben. Damit einhergehend muss sich auch die berufliche #Altersvorsorge anpassen.","twitter_image":"https:\/\/www.organisator.ch\/wp-content\/uploads\/2022\/12\/Berufliche-Altersvorsorge-im-Jahr-2050_Organisator.jpg","schema":{"@context":"https:\/\/schema.org","@graph":[{"@type":"Article","@id":"https:\/\/www.organisator.ch\/human-resources\/2022-12-12\/berufliche-altersvorsorge-im-jahr-2050\/#article","isPartOf":{"@id":"https:\/\/www.organisator.ch\/human-resources\/2022-12-12\/berufliche-altersvorsorge-im-jahr-2050\/"},"author":{"name":"thomas.berner","@id":"https:\/\/www.organisator.ch\/#\/schema\/person\/6f650f90b2842cd4c0cc334b4e36f67e"},"headline":"Berufliche Altersvorsorge im Jahr 2050","datePublished":"2022-12-12T07:00:28+00:00","mainEntityOfPage":{"@id":"https:\/\/www.organisator.ch\/human-resources\/2022-12-12\/berufliche-altersvorsorge-im-jahr-2050\/"},"wordCount":777,"publisher":{"@id":"https:\/\/www.organisator.ch\/#organization"},"image":{"@id":"https:\/\/www.organisator.ch\/human-resources\/2022-12-12\/berufliche-altersvorsorge-im-jahr-2050\/#primaryimage"},"thumbnailUrl":"https:\/\/www.organisator.ch\/wp-content\/uploads\/2022\/12\/Berufliche-Altersvorsorge-im-Jahr-2050_Organisator.jpg","keywords":["Berufliche Vorsorge","Pensionskassen","Studie","Zukunft"],"articleSection":["HUMAN RESOURCES"],"inLanguage":"fr-FR"},{"@type":"WebPage","@id":"https:\/\/www.organisator.ch\/human-resources\/2022-12-12\/berufliche-altersvorsorge-im-jahr-2050\/","url":"https:\/\/www.organisator.ch\/human-resources\/2022-12-12\/berufliche-altersvorsorge-im-jahr-2050\/","name":"La retraite professionnelle en 2050 - Organisateur","isPartOf":{"@id":"https:\/\/www.organisator.ch\/#website"},"primaryImageOfPage":{"@id":"https:\/\/www.organisator.ch\/human-resources\/2022-12-12\/berufliche-altersvorsorge-im-jahr-2050\/#primaryimage"},"image":{"@id":"https:\/\/www.organisator.ch\/human-resources\/2022-12-12\/berufliche-altersvorsorge-im-jahr-2050\/#primaryimage"},"thumbnailUrl":"https:\/\/www.organisator.ch\/wp-content\/uploads\/2022\/12\/Berufliche-Altersvorsorge-im-Jahr-2050_Organisator.jpg","datePublished":"2022-12-12T07:00:28+00:00","description":"L'\u00e9conomie et la soci\u00e9t\u00e9 auront chang\u00e9 en 2050. Par cons\u00e9quent, la pr\u00e9voyance vieillesse professionnelle doit \u00e9galement s'adapter.","breadcrumb":{"@id":"https:\/\/www.organisator.ch\/human-resources\/2022-12-12\/berufliche-altersvorsorge-im-jahr-2050\/#breadcrumb"},"inLanguage":"fr-FR","potentialAction":[{"@type":"ReadAction","target":["https:\/\/www.organisator.ch\/human-resources\/2022-12-12\/berufliche-altersvorsorge-im-jahr-2050\/"]}]},{"@type":"ImageObject","inLanguage":"fr-FR","@id":"https:\/\/www.organisator.ch\/human-resources\/2022-12-12\/berufliche-altersvorsorge-im-jahr-2050\/#primaryimage","url":"https:\/\/www.organisator.ch\/wp-content\/uploads\/2022\/12\/Berufliche-Altersvorsorge-im-Jahr-2050_Organisator.jpg","contentUrl":"https:\/\/www.organisator.ch\/wp-content\/uploads\/2022\/12\/Berufliche-Altersvorsorge-im-Jahr-2050_Organisator.jpg","width":680,"height":453,"caption":"Megatrends beeinflussen die zuk\u00fcnftige Gestaltung der beruflichen Altersvorsorge: Eine Studie der PKG Pensionskasse und der Hochschule Luzern hat dies untersucht. (Bild: Pixabay.com)"},{"@type":"BreadcrumbList","@id":"https:\/\/www.organisator.ch\/human-resources\/2022-12-12\/berufliche-altersvorsorge-im-jahr-2050\/#breadcrumb","itemListElement":[{"@type":"ListItem","position":1,"name":"Home","item":"https:\/\/www.organisator.ch\/"},{"@type":"ListItem","position":2,"name":"Berufliche Altersvorsorge im Jahr 2050"}]},{"@type":"WebSite","@id":"https:\/\/www.organisator.ch\/#website","url":"https:\/\/www.organisator.ch\/","name":"Organisateur","description":"Comp\u00e9tence et comp\u00e9tence. Proches de la pratique. L'ORGANISATEUR pr\u00e9pare 10 num\u00e9ros par an sur les th\u00e8mes essentiels pour les dirigeants de PME.","publisher":{"@id":"https:\/\/www.organisator.ch\/#organization"},"potentialAction":[{"@type":"SearchAction","target":{"@type":"EntryPoint","urlTemplate":"https:\/\/www.organisator.ch\/?s={search_term_string}"},"query-input":{"@type":"PropertyValueSpecification","valueRequired":true,"valueName":"search_term_string"}}],"inLanguage":"fr-FR"},{"@type":"Organization","@id":"https:\/\/www.organisator.ch\/#organization","name":"Organisateur","url":"https:\/\/www.organisator.ch\/","logo":{"@type":"ImageObject","inLanguage":"fr-FR","@id":"https:\/\/www.organisator.ch\/#\/schema\/logo\/image\/","url":"https:\/\/www.organisator.ch\/wp-content\/uploads\/2022\/01\/Logo_Organisator_Website.png","contentUrl":"https:\/\/www.organisator.ch\/wp-content\/uploads\/2022\/01\/Logo_Organisator_Website.png","width":800,"height":77,"caption":"Organisator"},"image":{"@id":"https:\/\/www.organisator.ch\/#\/schema\/logo\/image\/"},"sameAs":["https:\/\/www.facebook.com\/OrganisatorFachmagazin","https:\/\/www.linkedin.com\/showcase\/organisator-das-magazin-fr-kmu","https:\/\/www.xing.com\/news\/pages\/organisator-ch-695","https:\/\/www.youtube.com\/channel\/UCGP2Sq0iWaZwT3BdIAQFYpw"]},{"@type":"Person","@id":"https:\/\/www.organisator.ch\/#\/schema\/person\/6f650f90b2842cd4c0cc334b4e36f67e","name":"thomas.berner","image":{"@type":"ImageObject","inLanguage":"fr-FR","@id":"https:\/\/secure.gravatar.com\/avatar\/ac5001d2a36cb6c6cd3e50789007ffca834b477b74a2144564522e944eabff61?s=96&d=mm&r=g","url":"https:\/\/secure.gravatar.com\/avatar\/ac5001d2a36cb6c6cd3e50789007ffca834b477b74a2144564522e944eabff61?s=96&d=mm&r=g","contentUrl":"https:\/\/secure.gravatar.com\/avatar\/ac5001d2a36cb6c6cd3e50789007ffca834b477b74a2144564522e944eabff61?s=96&d=mm&r=g","caption":"thomas.berner"},"url":"https:\/\/www.organisator.ch\/fr\/author\/thomas-berner\/"}]}},"_links":{"self":[{"href":"https:\/\/www.organisator.ch\/fr\/wp-json\/wp\/v2\/posts\/18229","targetHints":{"allow":["GET"]}}],"collection":[{"href":"https:\/\/www.organisator.ch\/fr\/wp-json\/wp\/v2\/posts"}],"about":[{"href":"https:\/\/www.organisator.ch\/fr\/wp-json\/wp\/v2\/types\/post"}],"author":[{"embeddable":true,"href":"https:\/\/www.organisator.ch\/fr\/wp-json\/wp\/v2\/users\/4"}],"replies":[{"embeddable":true,"href":"https:\/\/www.organisator.ch\/fr\/wp-json\/wp\/v2\/comments?post=18229"}],"version-history":[{"count":1,"href":"https:\/\/www.organisator.ch\/fr\/wp-json\/wp\/v2\/posts\/18229\/revisions"}],"predecessor-version":[{"id":18231,"href":"https:\/\/www.organisator.ch\/fr\/wp-json\/wp\/v2\/posts\/18229\/revisions\/18231"}],"wp:featuredmedia":[{"embeddable":true,"href":"https:\/\/www.organisator.ch\/fr\/wp-json\/wp\/v2\/media\/18230"}],"wp:attachment":[{"href":"https:\/\/www.organisator.ch\/fr\/wp-json\/wp\/v2\/media?parent=18229"}],"wp:term":[{"taxonomy":"category","embeddable":true,"href":"https:\/\/www.organisator.ch\/fr\/wp-json\/wp\/v2\/categories?post=18229"},{"taxonomy":"post_tag","embeddable":true,"href":"https:\/\/www.organisator.ch\/fr\/wp-json\/wp\/v2\/tags?post=18229"}],"curies":[{"name":"wp","href":"https:\/\/api.w.org\/{rel}","templated":true}]}}