{"id":18238,"date":"2022-12-12T11:59:10","date_gmt":"2022-12-12T10:59:10","guid":{"rendered":"https:\/\/www.organisator.ch\/?p=18238"},"modified":"2022-12-12T11:59:10","modified_gmt":"2022-12-12T10:59:10","slug":"alpensymposium-neustart-auf-2024-verschoben","status":"publish","type":"post","link":"https:\/\/www.organisator.ch\/fr\/marketing\/2022-12-12\/alpensymposium-neustart-auf-2024-verschoben\/","title":{"rendered":"Symposium alpin : nouveau d\u00e9part report\u00e9 \u00e0 2024"},"content":{"rendered":"<figure id=\"attachment_18239\" aria-describedby=\"caption-attachment-18239\" style=\"width: 680px\" class=\"wp-caption alignnone\"><img loading=\"lazy\" decoding=\"async\" class=\"size-full wp-image-18239\" src=\"https:\/\/www.organisator.ch\/wp-content\/uploads\/2022\/12\/Alpensymposium-Neustart-auf-2024-verschoben_Organisator.jpg\" alt=\"\" width=\"680\" height=\"385\" srcset=\"https:\/\/www.organisator.ch\/wp-content\/uploads\/2022\/12\/Alpensymposium-Neustart-auf-2024-verschoben_Organisator.jpg 680w, https:\/\/www.organisator.ch\/wp-content\/uploads\/2022\/12\/Alpensymposium-Neustart-auf-2024-verschoben_Organisator-18x10.jpg 18w, https:\/\/www.organisator.ch\/wp-content\/uploads\/2022\/12\/Alpensymposium-Neustart-auf-2024-verschoben_Organisator-375x212.jpg 375w, https:\/\/www.organisator.ch\/wp-content\/uploads\/2022\/12\/Alpensymposium-Neustart-auf-2024-verschoben_Organisator-618x350.jpg 618w\" sizes=\"auto, (max-width: 680px) 100vw, 680px\" \/><figcaption id=\"caption-attachment-18239\" class=\"wp-caption-text\">Le 18e Symposium alpin est report\u00e9 aux 30 et 31 janvier 2024. (Image : alpensymposium.ch)<\/figcaption><\/figure>\n<p>Comme notre m\u00e9dia l'a d\u00e9j\u00e0 annonc\u00e9 dans son \u00e9dition papier, le Symposium alpin fait son retour avec de nouvelles impulsions Espace et temps pour les contacts, les discussions et les exp\u00e9riences. Cette manifestation tr\u00e8s remarqu\u00e9e a \u00e9t\u00e9 cr\u00e9\u00e9e \u00e0 l'origine par Oliver Stoldt \u00e0 Grindelwald et s'est d\u00e9velopp\u00e9e sous son \u00e9gide pour devenir un \u00e9v\u00e9nement de haut niveau avec 17 \u00e9ditions. Entre-temps, Stoldt a pass\u00e9 le flambeau \u00e0 Act Entertainment. Mais m\u00eame sous sa nouvelle direction, le Symposium alpin doit offrir la possibilit\u00e9 d'\u00e9changer des tendances et des th\u00e8mes, des points de vue et des id\u00e9es sur les d\u00e9fis \u00e9conomiques et sociaux. Enfin, l'\u00e9v\u00e9nement est toujours une occasion de r\u00e9seautage bienvenue, dont nous parlerons plus tard. <a href=\"https:\/\/www.organisator.ch\/de\/management\/2020-01-16\/viele-highlights-am-neuen-alten-alpensymposium-2020\/\">\u00e0 plusieurs reprises dans cette rubrique par le pass\u00e9<\/a> ont.<\/p>\n<p>Initialement, le nouveau d\u00e9part devait avoir lieu les 10 et 11 janvier 2023 \u00e0 l'endroit habituel, \u00e0 l'h\u00f4tel Jungfrau Victoria d'Interlaken. Suite \u00e0 des collisions de dates et \u00e0 la demande de partenaires, les organisateurs se voient toutefois contraints de repousser d'un an le red\u00e9marrage du 18e Symposium alpin, soit du 30 au 31 janvier 2024. Les billets achet\u00e9s restent valables. Le concept du programme est maintenu, mais les organisateurs se r\u00e9servent le droit d'adapter une partie des intervenants \u00e0 l'actualit\u00e9. Des noms c\u00e9l\u00e8bres comme l'ancien champion du monde d'\u00e9checs Garry Kasparov, l'\u00e9conomiste et militante des droits des femmes Zarifa Ghafari et des personnalit\u00e9s du monde de l'entreprise comme Daniel Bloch, Daniela Landherr, Urs Kessler ou Marc Trauffer ont d\u00e9j\u00e0 \u00e9t\u00e9 annonc\u00e9s comme orateurs.<\/p>\n<p><a href=\"https:\/\/alpensymposium.ch\/\"><em>Plus d'informations<\/em><\/a><\/p>","protected":false},"excerpt":{"rendered":"<p>Wie auch unser Medium in seiner Printausgabe bereits berichtet hat, gibt es f\u00fcr das Alpensymposium ein Comeback mit neuen Impulsen Raum und Zeit f\u00fcr Kontakte, Gespr\u00e4che und Erlebnisse. Der viel beachtete Anlass wurde urspr\u00fcnglich von Oliver Stoldt in Grindelwald ins Leben gerufen und hat sich unter seiner \u00c4gide mit 17 Durchf\u00fchrungen zu einem hochkar\u00e4tigen Event [&hellip;]<\/p>\n","protected":false},"author":4,"featured_media":18239,"comment_status":"closed","ping_status":"closed","sticky":false,"template":"","format":"standard","meta":{"_acf_changed":false,"_yoast_wpseo_focuskw":"Alpensymposium","_yoast_wpseo_metadesc":"Das Alpensymposium, urspr\u00fcnglich geplant f\u00fcr den 10. und 11. Januar 2023, verschiebt den Neustart auf den 30.\/31. Januar 2024.","articlekey":"","footnotes":""},"categories":[29],"tags":[3556,193],"class_list":["post-18238","post","type-post","status-publish","format-standard","has-post-thumbnail","hentry","category-marketing","tag-alpensymposium","tag-fachkongressfachmesse"],"acf":[],"yoast_head":"<!-- This site is optimized with the Yoast SEO plugin v27.5 - https:\/\/yoast.com\/product\/yoast-seo-wordpress\/ -->\n<title>Alpensymposium: Neustart auf 2024 verschoben - Organisator<\/title>\n<meta name=\"description\" content=\"Das Alpensymposium, urspr\u00fcnglich geplant f\u00fcr den 10. und 11. Januar 2023, verschiebt den Neustart auf den 30.\/31. Januar 2024.\" \/>\n<meta name=\"robots\" content=\"index, follow, max-snippet:-1, max-image-preview:large, max-video-preview:-1\" \/>\n<link rel=\"canonical\" href=\"https:\/\/www.organisator.ch\/fr\/marketing\/2022-12-12\/alpensymposium-neustart-auf-2024-verschoben\/\" \/>\n<meta property=\"og:locale\" content=\"fr_FR\" \/>\n<meta property=\"og:type\" content=\"article\" \/>\n<meta property=\"og:title\" content=\"Alpensymposium: Neustart auf 2024 verschoben - Organisator\" \/>\n<meta property=\"og:description\" content=\"Das Alpensymposium, urspr\u00fcnglich geplant f\u00fcr den 10. und 11. Januar 2023, verschiebt den Neustart auf den 30.\/31. Januar 2024.\" \/>\n<meta property=\"og:url\" content=\"https:\/\/www.organisator.ch\/fr\/marketing\/2022-12-12\/alpensymposium-neustart-auf-2024-verschoben\/\" \/>\n<meta property=\"og:site_name\" content=\"Organisator\" \/>\n<meta property=\"article:publisher\" content=\"https:\/\/www.facebook.com\/OrganisatorFachmagazin\" \/>\n<meta property=\"article:published_time\" content=\"2022-12-12T10:59:10+00:00\" \/>\n<meta property=\"og:image\" content=\"https:\/\/www.organisator.ch\/wp-content\/uploads\/2022\/12\/Alpensymposium-Neustart-auf-2024-verschoben_Organisator.jpg\" \/>\n\t<meta property=\"og:image:width\" content=\"680\" \/>\n\t<meta property=\"og:image:height\" content=\"385\" \/>\n\t<meta property=\"og:image:type\" content=\"image\/jpeg\" \/>\n<meta name=\"author\" content=\"thomas.berner\" \/>\n<meta name=\"twitter:card\" content=\"summary_large_image\" \/>\n<script type=\"application\/ld+json\" class=\"yoast-schema-graph\">{\"@context\":\"https:\\\/\\\/schema.org\",\"@graph\":[{\"@type\":\"Article\",\"@id\":\"https:\\\/\\\/www.organisator.ch\\\/marketing\\\/2022-12-12\\\/alpensymposium-neustart-auf-2024-verschoben\\\/#article\",\"isPartOf\":{\"@id\":\"https:\\\/\\\/www.organisator.ch\\\/marketing\\\/2022-12-12\\\/alpensymposium-neustart-auf-2024-verschoben\\\/\"},\"author\":{\"name\":\"thomas.berner\",\"@id\":\"https:\\\/\\\/www.organisator.ch\\\/#\\\/schema\\\/person\\\/6f650f90b2842cd4c0cc334b4e36f67e\"},\"headline\":\"Alpensymposium: Neustart auf 2024 verschoben\",\"datePublished\":\"2022-12-12T10:59:10+00:00\",\"mainEntityOfPage\":{\"@id\":\"https:\\\/\\\/www.organisator.ch\\\/marketing\\\/2022-12-12\\\/alpensymposium-neustart-auf-2024-verschoben\\\/\"},\"wordCount\":244,\"publisher\":{\"@id\":\"https:\\\/\\\/www.organisator.ch\\\/#organization\"},\"image\":{\"@id\":\"https:\\\/\\\/www.organisator.ch\\\/marketing\\\/2022-12-12\\\/alpensymposium-neustart-auf-2024-verschoben\\\/#primaryimage\"},\"thumbnailUrl\":\"https:\\\/\\\/www.organisator.ch\\\/wp-content\\\/uploads\\\/2022\\\/12\\\/Alpensymposium-Neustart-auf-2024-verschoben_Organisator.jpg\",\"keywords\":[\"Alpensymposium\",\"Fachkongress\\\/Fachmesse\"],\"articleSection\":[\"MARKETING\"],\"inLanguage\":\"fr-FR\"},{\"@type\":\"WebPage\",\"@id\":\"https:\\\/\\\/www.organisator.ch\\\/marketing\\\/2022-12-12\\\/alpensymposium-neustart-auf-2024-verschoben\\\/\",\"url\":\"https:\\\/\\\/www.organisator.ch\\\/marketing\\\/2022-12-12\\\/alpensymposium-neustart-auf-2024-verschoben\\\/\",\"name\":\"Alpensymposium: Neustart auf 2024 verschoben - Organisator\",\"isPartOf\":{\"@id\":\"https:\\\/\\\/www.organisator.ch\\\/#website\"},\"primaryImageOfPage\":{\"@id\":\"https:\\\/\\\/www.organisator.ch\\\/marketing\\\/2022-12-12\\\/alpensymposium-neustart-auf-2024-verschoben\\\/#primaryimage\"},\"image\":{\"@id\":\"https:\\\/\\\/www.organisator.ch\\\/marketing\\\/2022-12-12\\\/alpensymposium-neustart-auf-2024-verschoben\\\/#primaryimage\"},\"thumbnailUrl\":\"https:\\\/\\\/www.organisator.ch\\\/wp-content\\\/uploads\\\/2022\\\/12\\\/Alpensymposium-Neustart-auf-2024-verschoben_Organisator.jpg\",\"datePublished\":\"2022-12-12T10:59:10+00:00\",\"description\":\"Das Alpensymposium, urspr\u00fcnglich geplant f\u00fcr den 10. und 11. Januar 2023, verschiebt den Neustart auf den 30.\\\/31. Januar 2024.\",\"breadcrumb\":{\"@id\":\"https:\\\/\\\/www.organisator.ch\\\/marketing\\\/2022-12-12\\\/alpensymposium-neustart-auf-2024-verschoben\\\/#breadcrumb\"},\"inLanguage\":\"fr-FR\",\"potentialAction\":[{\"@type\":\"ReadAction\",\"target\":[\"https:\\\/\\\/www.organisator.ch\\\/marketing\\\/2022-12-12\\\/alpensymposium-neustart-auf-2024-verschoben\\\/\"]}]},{\"@type\":\"ImageObject\",\"inLanguage\":\"fr-FR\",\"@id\":\"https:\\\/\\\/www.organisator.ch\\\/marketing\\\/2022-12-12\\\/alpensymposium-neustart-auf-2024-verschoben\\\/#primaryimage\",\"url\":\"https:\\\/\\\/www.organisator.ch\\\/wp-content\\\/uploads\\\/2022\\\/12\\\/Alpensymposium-Neustart-auf-2024-verschoben_Organisator.jpg\",\"contentUrl\":\"https:\\\/\\\/www.organisator.ch\\\/wp-content\\\/uploads\\\/2022\\\/12\\\/Alpensymposium-Neustart-auf-2024-verschoben_Organisator.jpg\",\"width\":680,\"height\":385,\"caption\":\"Das 18. Alpensymposium wird auf den 30.\\\/31. Januar 2024 verschoben. (Bild: alpensymposium.ch)\"},{\"@type\":\"BreadcrumbList\",\"@id\":\"https:\\\/\\\/www.organisator.ch\\\/marketing\\\/2022-12-12\\\/alpensymposium-neustart-auf-2024-verschoben\\\/#breadcrumb\",\"itemListElement\":[{\"@type\":\"ListItem\",\"position\":1,\"name\":\"Home\",\"item\":\"https:\\\/\\\/www.organisator.ch\\\/\"},{\"@type\":\"ListItem\",\"position\":2,\"name\":\"Alpensymposium: Neustart auf 2024 verschoben\"}]},{\"@type\":\"WebSite\",\"@id\":\"https:\\\/\\\/www.organisator.ch\\\/#website\",\"url\":\"https:\\\/\\\/www.organisator.ch\\\/\",\"name\":\"Organisator\",\"description\":\"Kompetent. Praxisnah. Der ORGANISATOR bereitet in 10 Ausgaben pro Jahr die wesentlichen Themen f\u00fcr F\u00fchrungskr\u00e4fte von KMU auf.\",\"publisher\":{\"@id\":\"https:\\\/\\\/www.organisator.ch\\\/#organization\"},\"potentialAction\":[{\"@type\":\"SearchAction\",\"target\":{\"@type\":\"EntryPoint\",\"urlTemplate\":\"https:\\\/\\\/www.organisator.ch\\\/?s={search_term_string}\"},\"query-input\":{\"@type\":\"PropertyValueSpecification\",\"valueRequired\":true,\"valueName\":\"search_term_string\"}}],\"inLanguage\":\"fr-FR\"},{\"@type\":\"Organization\",\"@id\":\"https:\\\/\\\/www.organisator.ch\\\/#organization\",\"name\":\"Organisator\",\"url\":\"https:\\\/\\\/www.organisator.ch\\\/\",\"logo\":{\"@type\":\"ImageObject\",\"inLanguage\":\"fr-FR\",\"@id\":\"https:\\\/\\\/www.organisator.ch\\\/#\\\/schema\\\/logo\\\/image\\\/\",\"url\":\"https:\\\/\\\/www.organisator.ch\\\/wp-content\\\/uploads\\\/2022\\\/01\\\/Logo_Organisator_Website.png\",\"contentUrl\":\"https:\\\/\\\/www.organisator.ch\\\/wp-content\\\/uploads\\\/2022\\\/01\\\/Logo_Organisator_Website.png\",\"width\":800,\"height\":77,\"caption\":\"Organisator\"},\"image\":{\"@id\":\"https:\\\/\\\/www.organisator.ch\\\/#\\\/schema\\\/logo\\\/image\\\/\"},\"sameAs\":[\"https:\\\/\\\/www.facebook.com\\\/OrganisatorFachmagazin\",\"https:\\\/\\\/www.linkedin.com\\\/showcase\\\/organisator-das-magazin-fr-kmu\",\"https:\\\/\\\/www.xing.com\\\/news\\\/pages\\\/organisator-ch-695\",\"https:\\\/\\\/www.youtube.com\\\/channel\\\/UCGP2Sq0iWaZwT3BdIAQFYpw\"]},{\"@type\":\"Person\",\"@id\":\"https:\\\/\\\/www.organisator.ch\\\/#\\\/schema\\\/person\\\/6f650f90b2842cd4c0cc334b4e36f67e\",\"name\":\"thomas.berner\",\"image\":{\"@type\":\"ImageObject\",\"inLanguage\":\"fr-FR\",\"@id\":\"https:\\\/\\\/secure.gravatar.com\\\/avatar\\\/ac5001d2a36cb6c6cd3e50789007ffca834b477b74a2144564522e944eabff61?s=96&d=mm&r=g\",\"url\":\"https:\\\/\\\/secure.gravatar.com\\\/avatar\\\/ac5001d2a36cb6c6cd3e50789007ffca834b477b74a2144564522e944eabff61?s=96&d=mm&r=g\",\"contentUrl\":\"https:\\\/\\\/secure.gravatar.com\\\/avatar\\\/ac5001d2a36cb6c6cd3e50789007ffca834b477b74a2144564522e944eabff61?s=96&d=mm&r=g\",\"caption\":\"thomas.berner\"},\"url\":\"https:\\\/\\\/www.organisator.ch\\\/fr\\\/author\\\/thomas-berner\\\/\"}]}<\/script>\n<!-- \/ Yoast SEO plugin. -->","yoast_head_json":{"title":"Symposium alpin : nouveau d\u00e9part report\u00e9 \u00e0 2024 - Organisateur","description":"Le Symposium alpin, initialement pr\u00e9vu pour les 10 et 11 janvier 2023, reporte son red\u00e9marrage aux 30 et 31 janvier 2024.","robots":{"index":"index","follow":"follow","max-snippet":"max-snippet:-1","max-image-preview":"max-image-preview:large","max-video-preview":"max-video-preview:-1"},"canonical":"https:\/\/www.organisator.ch\/fr\/marketing\/2022-12-12\/alpensymposium-neustart-auf-2024-verschoben\/","og_locale":"fr_FR","og_type":"article","og_title":"Alpensymposium: Neustart auf 2024 verschoben - Organisator","og_description":"Das Alpensymposium, urspr\u00fcnglich geplant f\u00fcr den 10. und 11. Januar 2023, verschiebt den Neustart auf den 30.\/31. Januar 2024.","og_url":"https:\/\/www.organisator.ch\/fr\/marketing\/2022-12-12\/alpensymposium-neustart-auf-2024-verschoben\/","og_site_name":"Organisator","article_publisher":"https:\/\/www.facebook.com\/OrganisatorFachmagazin","article_published_time":"2022-12-12T10:59:10+00:00","og_image":[{"width":680,"height":385,"url":"https:\/\/www.organisator.ch\/wp-content\/uploads\/2022\/12\/Alpensymposium-Neustart-auf-2024-verschoben_Organisator.jpg","type":"image\/jpeg"}],"author":"thomas.berner","twitter_card":"summary_large_image","schema":{"@context":"https:\/\/schema.org","@graph":[{"@type":"Article","@id":"https:\/\/www.organisator.ch\/marketing\/2022-12-12\/alpensymposium-neustart-auf-2024-verschoben\/#article","isPartOf":{"@id":"https:\/\/www.organisator.ch\/marketing\/2022-12-12\/alpensymposium-neustart-auf-2024-verschoben\/"},"author":{"name":"thomas.berner","@id":"https:\/\/www.organisator.ch\/#\/schema\/person\/6f650f90b2842cd4c0cc334b4e36f67e"},"headline":"Alpensymposium: Neustart auf 2024 verschoben","datePublished":"2022-12-12T10:59:10+00:00","mainEntityOfPage":{"@id":"https:\/\/www.organisator.ch\/marketing\/2022-12-12\/alpensymposium-neustart-auf-2024-verschoben\/"},"wordCount":244,"publisher":{"@id":"https:\/\/www.organisator.ch\/#organization"},"image":{"@id":"https:\/\/www.organisator.ch\/marketing\/2022-12-12\/alpensymposium-neustart-auf-2024-verschoben\/#primaryimage"},"thumbnailUrl":"https:\/\/www.organisator.ch\/wp-content\/uploads\/2022\/12\/Alpensymposium-Neustart-auf-2024-verschoben_Organisator.jpg","keywords":["Alpensymposium","Fachkongress\/Fachmesse"],"articleSection":["MARKETING"],"inLanguage":"fr-FR"},{"@type":"WebPage","@id":"https:\/\/www.organisator.ch\/marketing\/2022-12-12\/alpensymposium-neustart-auf-2024-verschoben\/","url":"https:\/\/www.organisator.ch\/marketing\/2022-12-12\/alpensymposium-neustart-auf-2024-verschoben\/","name":"Symposium alpin : nouveau d\u00e9part report\u00e9 \u00e0 2024 - Organisateur","isPartOf":{"@id":"https:\/\/www.organisator.ch\/#website"},"primaryImageOfPage":{"@id":"https:\/\/www.organisator.ch\/marketing\/2022-12-12\/alpensymposium-neustart-auf-2024-verschoben\/#primaryimage"},"image":{"@id":"https:\/\/www.organisator.ch\/marketing\/2022-12-12\/alpensymposium-neustart-auf-2024-verschoben\/#primaryimage"},"thumbnailUrl":"https:\/\/www.organisator.ch\/wp-content\/uploads\/2022\/12\/Alpensymposium-Neustart-auf-2024-verschoben_Organisator.jpg","datePublished":"2022-12-12T10:59:10+00:00","description":"Le Symposium alpin, initialement pr\u00e9vu pour les 10 et 11 janvier 2023, reporte son red\u00e9marrage aux 30 et 31 janvier 2024.","breadcrumb":{"@id":"https:\/\/www.organisator.ch\/marketing\/2022-12-12\/alpensymposium-neustart-auf-2024-verschoben\/#breadcrumb"},"inLanguage":"fr-FR","potentialAction":[{"@type":"ReadAction","target":["https:\/\/www.organisator.ch\/marketing\/2022-12-12\/alpensymposium-neustart-auf-2024-verschoben\/"]}]},{"@type":"ImageObject","inLanguage":"fr-FR","@id":"https:\/\/www.organisator.ch\/marketing\/2022-12-12\/alpensymposium-neustart-auf-2024-verschoben\/#primaryimage","url":"https:\/\/www.organisator.ch\/wp-content\/uploads\/2022\/12\/Alpensymposium-Neustart-auf-2024-verschoben_Organisator.jpg","contentUrl":"https:\/\/www.organisator.ch\/wp-content\/uploads\/2022\/12\/Alpensymposium-Neustart-auf-2024-verschoben_Organisator.jpg","width":680,"height":385,"caption":"Das 18. Alpensymposium wird auf den 30.\/31. Januar 2024 verschoben. (Bild: alpensymposium.ch)"},{"@type":"BreadcrumbList","@id":"https:\/\/www.organisator.ch\/marketing\/2022-12-12\/alpensymposium-neustart-auf-2024-verschoben\/#breadcrumb","itemListElement":[{"@type":"ListItem","position":1,"name":"Home","item":"https:\/\/www.organisator.ch\/"},{"@type":"ListItem","position":2,"name":"Alpensymposium: Neustart auf 2024 verschoben"}]},{"@type":"WebSite","@id":"https:\/\/www.organisator.ch\/#website","url":"https:\/\/www.organisator.ch\/","name":"Organisateur","description":"Comp\u00e9tence et comp\u00e9tence. Proches de la pratique. L'ORGANISATEUR pr\u00e9pare 10 num\u00e9ros par an sur les th\u00e8mes essentiels pour les dirigeants de PME.","publisher":{"@id":"https:\/\/www.organisator.ch\/#organization"},"potentialAction":[{"@type":"SearchAction","target":{"@type":"EntryPoint","urlTemplate":"https:\/\/www.organisator.ch\/?s={search_term_string}"},"query-input":{"@type":"PropertyValueSpecification","valueRequired":true,"valueName":"search_term_string"}}],"inLanguage":"fr-FR"},{"@type":"Organization","@id":"https:\/\/www.organisator.ch\/#organization","name":"Organisateur","url":"https:\/\/www.organisator.ch\/","logo":{"@type":"ImageObject","inLanguage":"fr-FR","@id":"https:\/\/www.organisator.ch\/#\/schema\/logo\/image\/","url":"https:\/\/www.organisator.ch\/wp-content\/uploads\/2022\/01\/Logo_Organisator_Website.png","contentUrl":"https:\/\/www.organisator.ch\/wp-content\/uploads\/2022\/01\/Logo_Organisator_Website.png","width":800,"height":77,"caption":"Organisator"},"image":{"@id":"https:\/\/www.organisator.ch\/#\/schema\/logo\/image\/"},"sameAs":["https:\/\/www.facebook.com\/OrganisatorFachmagazin","https:\/\/www.linkedin.com\/showcase\/organisator-das-magazin-fr-kmu","https:\/\/www.xing.com\/news\/pages\/organisator-ch-695","https:\/\/www.youtube.com\/channel\/UCGP2Sq0iWaZwT3BdIAQFYpw"]},{"@type":"Person","@id":"https:\/\/www.organisator.ch\/#\/schema\/person\/6f650f90b2842cd4c0cc334b4e36f67e","name":"thomas.berner","image":{"@type":"ImageObject","inLanguage":"fr-FR","@id":"https:\/\/secure.gravatar.com\/avatar\/ac5001d2a36cb6c6cd3e50789007ffca834b477b74a2144564522e944eabff61?s=96&d=mm&r=g","url":"https:\/\/secure.gravatar.com\/avatar\/ac5001d2a36cb6c6cd3e50789007ffca834b477b74a2144564522e944eabff61?s=96&d=mm&r=g","contentUrl":"https:\/\/secure.gravatar.com\/avatar\/ac5001d2a36cb6c6cd3e50789007ffca834b477b74a2144564522e944eabff61?s=96&d=mm&r=g","caption":"thomas.berner"},"url":"https:\/\/www.organisator.ch\/fr\/author\/thomas-berner\/"}]}},"_links":{"self":[{"href":"https:\/\/www.organisator.ch\/fr\/wp-json\/wp\/v2\/posts\/18238","targetHints":{"allow":["GET"]}}],"collection":[{"href":"https:\/\/www.organisator.ch\/fr\/wp-json\/wp\/v2\/posts"}],"about":[{"href":"https:\/\/www.organisator.ch\/fr\/wp-json\/wp\/v2\/types\/post"}],"author":[{"embeddable":true,"href":"https:\/\/www.organisator.ch\/fr\/wp-json\/wp\/v2\/users\/4"}],"replies":[{"embeddable":true,"href":"https:\/\/www.organisator.ch\/fr\/wp-json\/wp\/v2\/comments?post=18238"}],"version-history":[{"count":1,"href":"https:\/\/www.organisator.ch\/fr\/wp-json\/wp\/v2\/posts\/18238\/revisions"}],"predecessor-version":[{"id":18240,"href":"https:\/\/www.organisator.ch\/fr\/wp-json\/wp\/v2\/posts\/18238\/revisions\/18240"}],"wp:featuredmedia":[{"embeddable":true,"href":"https:\/\/www.organisator.ch\/fr\/wp-json\/wp\/v2\/media\/18239"}],"wp:attachment":[{"href":"https:\/\/www.organisator.ch\/fr\/wp-json\/wp\/v2\/media?parent=18238"}],"wp:term":[{"taxonomy":"category","embeddable":true,"href":"https:\/\/www.organisator.ch\/fr\/wp-json\/wp\/v2\/categories?post=18238"},{"taxonomy":"post_tag","embeddable":true,"href":"https:\/\/www.organisator.ch\/fr\/wp-json\/wp\/v2\/tags?post=18238"}],"curies":[{"name":"wp","href":"https:\/\/api.w.org\/{rel}","templated":true}]}}