{"id":18284,"date":"2022-12-14T14:49:26","date_gmt":"2022-12-14T13:49:26","guid":{"rendered":"https:\/\/www.organisator.ch\/?p=18284"},"modified":"2022-12-14T14:49:26","modified_gmt":"2022-12-14T13:49:26","slug":"gipser-und-malerunternehmen-schlagenhauf-erneuert-seinen-hauptsitz","status":"publish","type":"post","link":"https:\/\/www.organisator.ch\/fr\/management\/2022-12-14\/gipser-und-malerunternehmen-schlagenhauf-erneuert-seinen-hauptsitz\/","title":{"rendered":"L'entreprise de pl\u00e2trerie et de peinture Schlagenhauf r\u00e9nove son si\u00e8ge social"},"content":{"rendered":"<figure id=\"attachment_18285\" aria-describedby=\"caption-attachment-18285\" style=\"width: 680px\" class=\"wp-caption alignnone\"><img loading=\"lazy\" decoding=\"async\" class=\"size-full wp-image-18285\" src=\"https:\/\/www.organisator.ch\/wp-content\/uploads\/2022\/12\/Gipser-und-Malerunternehmen-Schlagenhauf-erneuert-seinen-Hauptsitz_Organisator.jpg\" alt=\"\" width=\"680\" height=\"510\" srcset=\"https:\/\/www.organisator.ch\/wp-content\/uploads\/2022\/12\/Gipser-und-Malerunternehmen-Schlagenhauf-erneuert-seinen-Hauptsitz_Organisator.jpg 680w, https:\/\/www.organisator.ch\/wp-content\/uploads\/2022\/12\/Gipser-und-Malerunternehmen-Schlagenhauf-erneuert-seinen-Hauptsitz_Organisator-16x12.jpg 16w, https:\/\/www.organisator.ch\/wp-content\/uploads\/2022\/12\/Gipser-und-Malerunternehmen-Schlagenhauf-erneuert-seinen-Hauptsitz_Organisator-375x281.jpg 375w, https:\/\/www.organisator.ch\/wp-content\/uploads\/2022\/12\/Gipser-und-Malerunternehmen-Schlagenhauf-erneuert-seinen-Hauptsitz_Organisator-467x350.jpg 467w\" sizes=\"auto, (max-width: 680px) 100vw, 680px\" \/><figcaption id=\"caption-attachment-18285\" class=\"wp-caption-text\">Schlagenhauf construit pour l'avenir : les grandes inscriptions sur les fen\u00eatres du si\u00e8ge principal de la Seestrasse 1013 \u00e0 Meilen accompagnent les transformations. (Image : zVg \/ Schlagenhauf)<\/figcaption><\/figure>\n<p>Fond\u00e9e en 1934, l'entreprise familiale Schlagenhauf s'est d\u00e9velopp\u00e9e de g\u00e9n\u00e9ration en g\u00e9n\u00e9ration. Avec plusieurs sites dans l'agglom\u00e9ration de Zurich, Winterthur, Baden<br \/>\net Zoug, l'entreprise est active au niveau suprar\u00e9gional, tout en \u00e9tant ancr\u00e9e localement. Cela lui permet d'\u00eatre rapidement sur place chez ses clients. L'entreprise est sp\u00e9cialis\u00e9e dans les travaux de peinture, de rev\u00eatement de sol, de pl\u00e2trage ou de ma\u00e7onnerie les plus divers, l'isolation de fa\u00e7ades, la construction de fa\u00e7ades, la construction d'\u00e9chafaudages ou les r\u00e9novations compl\u00e8tes.<\/p>\n<h3>R\u00e9pondre aux nouveaux besoins<\/h3>\n<p>Avec la transformation de ses bureaux \u00e0 Meilen, Schlagenhauf r\u00e9agit d\u00e9sormais \u00e0 l'\u00e9volution des besoins et des exigences. L'objectif de l'entreprise est de num\u00e9riser judicieusement au cours des prochaines ann\u00e9es afin d'offrir un environnement de travail aussi moderne que possible \u00e0 ses collaborateurs actuels et futurs. En outre, la num\u00e9risation permettra au groupe Schlagenhauf de travailler encore plus efficacement \u00e0 l'avenir et de r\u00e9aliser les projets des clients avec une plus grande s\u00e9curit\u00e9 des processus.<\/p>\n<p>Pour concr\u00e9tiser cette vision, Schlagenhauf collabore avec la soci\u00e9t\u00e9 Integral. Celle-ci est responsable du conseil, du design et du nouvel environnement de bureau. D'ici avril 2023, les locaux du si\u00e8ge social seront transform\u00e9s en un bureau paysager ouvert, dot\u00e9 d'un mobilier moderne et d'une entr\u00e9e accueillante. La r\u00e9partition de l'espace ainsi qu'une infrastructure informatique adapt\u00e9e doivent favoriser le travail mobile et offrir plus de flexibilit\u00e9 aux collaborateurs. Au lieu de postes de travail fixes, diff\u00e9rentes zones seront \u00e0 l'avenir disponibles pour diff\u00e9rentes activit\u00e9s. Ainsi, en plus des \"postes de travail standard\", il y aura des espaces de projet pour la collaboration en \u00e9quipe et des espaces de retrait pour les entretiens personnels ou les appels t\u00e9l\u00e9phoniques.<\/p>\n<h3>R\u00e9unir une multitude de comp\u00e9tences sous un m\u00eame toit<\/h3>\n<p>Les bureaux de Meilen sont pour Schlagenhauf une carte de visite importante vis-\u00e0-vis de ses clientes et clients et des entreprises partenaires. Le propri\u00e9taire Rolf Schlagenhauf d\u00e9clare \u00e0 propos de la transformation : \"Le nouveau si\u00e8ge social refl\u00e9tera notre passion pour l'artisanat, notre cr\u00e9ativit\u00e9 et notre souci de la qualit\u00e9, tout en montrant que nous r\u00e9unissons litt\u00e9ralement sous un m\u00eame toit une multitude de comp\u00e9tences\".<\/p>\n<p><a href=\"http:\/\/www.schlagenhauf.ch\"><em>Plus d'informations<\/em><\/a><\/p>","protected":false},"excerpt":{"rendered":"<p>Im Jahr 1934 gegr\u00fcndet, ist das Familienunternehmen Schlagenhauf von Generation zu Generation gewachsen. Mit mehreren Standorten im Grossraum Z\u00fcrich, Winterthur, Baden und Zug ist es \u00fcberregional t\u00e4tig, aber trotzdem lokal verankert. Dies erlaubt es, jeweils rasch bei den Kunden vor Ort zu sein. Das Unternehmen ist spezialisiert auf die verschiedensten Maler-, Boden-, Gipser- oder Maurerarbeiten, [&hellip;]<\/p>\n","protected":false},"author":4,"featured_media":18285,"comment_status":"closed","ping_status":"closed","sticky":false,"template":"","format":"standard","meta":{"_acf_changed":false,"_yoast_wpseo_focuskw":"Schlagenhauf","_yoast_wpseo_metadesc":"Das \u00fcberregional t\u00e4tige Gipser- und Malerunternehmen Schlagenhauf baut seine B\u00fcros in Meilen umfassend um.","articlekey":"","footnotes":""},"categories":[28],"tags":[71,335,492],"class_list":["post-18284","post","type-post","status-publish","format-standard","has-post-thumbnail","hentry","category-management","tag-baubranche","tag-management-und-unternehmensfuehrung","tag-unternehmen"],"acf":[],"yoast_head":"<!-- This site is optimized with the Yoast SEO plugin v27.5 - https:\/\/yoast.com\/product\/yoast-seo-wordpress\/ -->\n<title>Gipser- und Malerunternehmen Schlagenhauf erneuert seinen Hauptsitz - Organisator<\/title>\n<meta name=\"description\" content=\"Das \u00fcberregional t\u00e4tige Gipser- und Malerunternehmen Schlagenhauf baut seine B\u00fcros in Meilen umfassend um.\" \/>\n<meta name=\"robots\" content=\"index, follow, max-snippet:-1, max-image-preview:large, max-video-preview:-1\" \/>\n<link rel=\"canonical\" href=\"https:\/\/www.organisator.ch\/fr\/gestion-2\/2022-12-14\/gipser-und-malerunternehmen-schlagenhauf-erneuert-seinen-hauptsitz\/\" \/>\n<meta property=\"og:locale\" content=\"fr_FR\" \/>\n<meta property=\"og:type\" content=\"article\" \/>\n<meta property=\"og:title\" content=\"Gipser- und Malerunternehmen Schlagenhauf erneuert seinen Hauptsitz - Organisator\" \/>\n<meta property=\"og:description\" content=\"Das \u00fcberregional t\u00e4tige Gipser- und Malerunternehmen Schlagenhauf baut seine B\u00fcros in Meilen umfassend um.\" \/>\n<meta property=\"og:url\" content=\"https:\/\/www.organisator.ch\/fr\/gestion-2\/2022-12-14\/gipser-und-malerunternehmen-schlagenhauf-erneuert-seinen-hauptsitz\/\" \/>\n<meta property=\"og:site_name\" content=\"Organisator\" \/>\n<meta property=\"article:publisher\" content=\"https:\/\/www.facebook.com\/OrganisatorFachmagazin\" \/>\n<meta property=\"article:published_time\" content=\"2022-12-14T13:49:26+00:00\" \/>\n<meta property=\"og:image\" content=\"https:\/\/www.organisator.ch\/wp-content\/uploads\/2022\/12\/Gipser-und-Malerunternehmen-Schlagenhauf-erneuert-seinen-Hauptsitz_Organisator.jpg\" \/>\n\t<meta property=\"og:image:width\" content=\"680\" \/>\n\t<meta property=\"og:image:height\" content=\"510\" \/>\n\t<meta property=\"og:image:type\" content=\"image\/jpeg\" \/>\n<meta name=\"author\" content=\"thomas.berner\" \/>\n<meta name=\"twitter:card\" content=\"summary_large_image\" \/>\n<script type=\"application\/ld+json\" class=\"yoast-schema-graph\">{\"@context\":\"https:\\\/\\\/schema.org\",\"@graph\":[{\"@type\":\"Article\",\"@id\":\"https:\\\/\\\/www.organisator.ch\\\/management\\\/2022-12-14\\\/gipser-und-malerunternehmen-schlagenhauf-erneuert-seinen-hauptsitz\\\/#article\",\"isPartOf\":{\"@id\":\"https:\\\/\\\/www.organisator.ch\\\/management\\\/2022-12-14\\\/gipser-und-malerunternehmen-schlagenhauf-erneuert-seinen-hauptsitz\\\/\"},\"author\":{\"name\":\"thomas.berner\",\"@id\":\"https:\\\/\\\/www.organisator.ch\\\/#\\\/schema\\\/person\\\/6f650f90b2842cd4c0cc334b4e36f67e\"},\"headline\":\"Gipser- und Malerunternehmen Schlagenhauf erneuert seinen Hauptsitz\",\"datePublished\":\"2022-12-14T13:49:26+00:00\",\"mainEntityOfPage\":{\"@id\":\"https:\\\/\\\/www.organisator.ch\\\/management\\\/2022-12-14\\\/gipser-und-malerunternehmen-schlagenhauf-erneuert-seinen-hauptsitz\\\/\"},\"wordCount\":360,\"publisher\":{\"@id\":\"https:\\\/\\\/www.organisator.ch\\\/#organization\"},\"image\":{\"@id\":\"https:\\\/\\\/www.organisator.ch\\\/management\\\/2022-12-14\\\/gipser-und-malerunternehmen-schlagenhauf-erneuert-seinen-hauptsitz\\\/#primaryimage\"},\"thumbnailUrl\":\"https:\\\/\\\/www.organisator.ch\\\/wp-content\\\/uploads\\\/2022\\\/12\\\/Gipser-und-Malerunternehmen-Schlagenhauf-erneuert-seinen-Hauptsitz_Organisator.jpg\",\"keywords\":[\"Baubranche\",\"Management und Unternehmensf\u00fchrung\",\"Unternehmen\"],\"articleSection\":[\"MANAGEMENT\"],\"inLanguage\":\"fr-FR\"},{\"@type\":\"WebPage\",\"@id\":\"https:\\\/\\\/www.organisator.ch\\\/management\\\/2022-12-14\\\/gipser-und-malerunternehmen-schlagenhauf-erneuert-seinen-hauptsitz\\\/\",\"url\":\"https:\\\/\\\/www.organisator.ch\\\/management\\\/2022-12-14\\\/gipser-und-malerunternehmen-schlagenhauf-erneuert-seinen-hauptsitz\\\/\",\"name\":\"Gipser- und Malerunternehmen Schlagenhauf erneuert seinen Hauptsitz - Organisator\",\"isPartOf\":{\"@id\":\"https:\\\/\\\/www.organisator.ch\\\/#website\"},\"primaryImageOfPage\":{\"@id\":\"https:\\\/\\\/www.organisator.ch\\\/management\\\/2022-12-14\\\/gipser-und-malerunternehmen-schlagenhauf-erneuert-seinen-hauptsitz\\\/#primaryimage\"},\"image\":{\"@id\":\"https:\\\/\\\/www.organisator.ch\\\/management\\\/2022-12-14\\\/gipser-und-malerunternehmen-schlagenhauf-erneuert-seinen-hauptsitz\\\/#primaryimage\"},\"thumbnailUrl\":\"https:\\\/\\\/www.organisator.ch\\\/wp-content\\\/uploads\\\/2022\\\/12\\\/Gipser-und-Malerunternehmen-Schlagenhauf-erneuert-seinen-Hauptsitz_Organisator.jpg\",\"datePublished\":\"2022-12-14T13:49:26+00:00\",\"description\":\"Das \u00fcberregional t\u00e4tige Gipser- und Malerunternehmen Schlagenhauf baut seine B\u00fcros in Meilen umfassend um.\",\"breadcrumb\":{\"@id\":\"https:\\\/\\\/www.organisator.ch\\\/management\\\/2022-12-14\\\/gipser-und-malerunternehmen-schlagenhauf-erneuert-seinen-hauptsitz\\\/#breadcrumb\"},\"inLanguage\":\"fr-FR\",\"potentialAction\":[{\"@type\":\"ReadAction\",\"target\":[\"https:\\\/\\\/www.organisator.ch\\\/management\\\/2022-12-14\\\/gipser-und-malerunternehmen-schlagenhauf-erneuert-seinen-hauptsitz\\\/\"]}]},{\"@type\":\"ImageObject\",\"inLanguage\":\"fr-FR\",\"@id\":\"https:\\\/\\\/www.organisator.ch\\\/management\\\/2022-12-14\\\/gipser-und-malerunternehmen-schlagenhauf-erneuert-seinen-hauptsitz\\\/#primaryimage\",\"url\":\"https:\\\/\\\/www.organisator.ch\\\/wp-content\\\/uploads\\\/2022\\\/12\\\/Gipser-und-Malerunternehmen-Schlagenhauf-erneuert-seinen-Hauptsitz_Organisator.jpg\",\"contentUrl\":\"https:\\\/\\\/www.organisator.ch\\\/wp-content\\\/uploads\\\/2022\\\/12\\\/Gipser-und-Malerunternehmen-Schlagenhauf-erneuert-seinen-Hauptsitz_Organisator.jpg\",\"width\":680,\"height\":510,\"caption\":\"Schlagenhauf baut f\u00fcr die Zukunft: Die grossen Schriftz\u00fcge an den Fenstern am Hauptsitz an der Seestrasse 1013 in Meilen begleiten den Umbau. (Bild: zVg \\\/ Schlagenhauf)\"},{\"@type\":\"BreadcrumbList\",\"@id\":\"https:\\\/\\\/www.organisator.ch\\\/management\\\/2022-12-14\\\/gipser-und-malerunternehmen-schlagenhauf-erneuert-seinen-hauptsitz\\\/#breadcrumb\",\"itemListElement\":[{\"@type\":\"ListItem\",\"position\":1,\"name\":\"Home\",\"item\":\"https:\\\/\\\/www.organisator.ch\\\/\"},{\"@type\":\"ListItem\",\"position\":2,\"name\":\"Gipser- und Malerunternehmen Schlagenhauf erneuert seinen Hauptsitz\"}]},{\"@type\":\"WebSite\",\"@id\":\"https:\\\/\\\/www.organisator.ch\\\/#website\",\"url\":\"https:\\\/\\\/www.organisator.ch\\\/\",\"name\":\"Organisator\",\"description\":\"Kompetent. Praxisnah. Der ORGANISATOR bereitet in 10 Ausgaben pro Jahr die wesentlichen Themen f\u00fcr F\u00fchrungskr\u00e4fte von KMU auf.\",\"publisher\":{\"@id\":\"https:\\\/\\\/www.organisator.ch\\\/#organization\"},\"potentialAction\":[{\"@type\":\"SearchAction\",\"target\":{\"@type\":\"EntryPoint\",\"urlTemplate\":\"https:\\\/\\\/www.organisator.ch\\\/?s={search_term_string}\"},\"query-input\":{\"@type\":\"PropertyValueSpecification\",\"valueRequired\":true,\"valueName\":\"search_term_string\"}}],\"inLanguage\":\"fr-FR\"},{\"@type\":\"Organization\",\"@id\":\"https:\\\/\\\/www.organisator.ch\\\/#organization\",\"name\":\"Organisator\",\"url\":\"https:\\\/\\\/www.organisator.ch\\\/\",\"logo\":{\"@type\":\"ImageObject\",\"inLanguage\":\"fr-FR\",\"@id\":\"https:\\\/\\\/www.organisator.ch\\\/#\\\/schema\\\/logo\\\/image\\\/\",\"url\":\"https:\\\/\\\/www.organisator.ch\\\/wp-content\\\/uploads\\\/2022\\\/01\\\/Logo_Organisator_Website.png\",\"contentUrl\":\"https:\\\/\\\/www.organisator.ch\\\/wp-content\\\/uploads\\\/2022\\\/01\\\/Logo_Organisator_Website.png\",\"width\":800,\"height\":77,\"caption\":\"Organisator\"},\"image\":{\"@id\":\"https:\\\/\\\/www.organisator.ch\\\/#\\\/schema\\\/logo\\\/image\\\/\"},\"sameAs\":[\"https:\\\/\\\/www.facebook.com\\\/OrganisatorFachmagazin\",\"https:\\\/\\\/www.linkedin.com\\\/showcase\\\/organisator-das-magazin-fr-kmu\",\"https:\\\/\\\/www.xing.com\\\/news\\\/pages\\\/organisator-ch-695\",\"https:\\\/\\\/www.youtube.com\\\/channel\\\/UCGP2Sq0iWaZwT3BdIAQFYpw\"]},{\"@type\":\"Person\",\"@id\":\"https:\\\/\\\/www.organisator.ch\\\/#\\\/schema\\\/person\\\/6f650f90b2842cd4c0cc334b4e36f67e\",\"name\":\"thomas.berner\",\"image\":{\"@type\":\"ImageObject\",\"inLanguage\":\"fr-FR\",\"@id\":\"https:\\\/\\\/secure.gravatar.com\\\/avatar\\\/ac5001d2a36cb6c6cd3e50789007ffca834b477b74a2144564522e944eabff61?s=96&d=mm&r=g\",\"url\":\"https:\\\/\\\/secure.gravatar.com\\\/avatar\\\/ac5001d2a36cb6c6cd3e50789007ffca834b477b74a2144564522e944eabff61?s=96&d=mm&r=g\",\"contentUrl\":\"https:\\\/\\\/secure.gravatar.com\\\/avatar\\\/ac5001d2a36cb6c6cd3e50789007ffca834b477b74a2144564522e944eabff61?s=96&d=mm&r=g\",\"caption\":\"thomas.berner\"},\"url\":\"https:\\\/\\\/www.organisator.ch\\\/fr\\\/author\\\/thomas-berner\\\/\"}]}<\/script>\n<!-- \/ Yoast SEO plugin. -->","yoast_head_json":{"title":"L'entreprise de pl\u00e2trerie et de peinture Schlagenhauf r\u00e9nove son si\u00e8ge social - Organisateur","description":"L'entreprise de pl\u00e2trerie et de peinture Schlagenhauf, active dans toute la r\u00e9gion, proc\u00e8de \u00e0 une transformation compl\u00e8te de ses bureaux de Meilen.","robots":{"index":"index","follow":"follow","max-snippet":"max-snippet:-1","max-image-preview":"max-image-preview:large","max-video-preview":"max-video-preview:-1"},"canonical":"https:\/\/www.organisator.ch\/fr\/gestion-2\/2022-12-14\/gipser-und-malerunternehmen-schlagenhauf-erneuert-seinen-hauptsitz\/","og_locale":"fr_FR","og_type":"article","og_title":"Gipser- und Malerunternehmen Schlagenhauf erneuert seinen Hauptsitz - Organisator","og_description":"Das \u00fcberregional t\u00e4tige Gipser- und Malerunternehmen Schlagenhauf baut seine B\u00fcros in Meilen umfassend um.","og_url":"https:\/\/www.organisator.ch\/fr\/gestion-2\/2022-12-14\/gipser-und-malerunternehmen-schlagenhauf-erneuert-seinen-hauptsitz\/","og_site_name":"Organisator","article_publisher":"https:\/\/www.facebook.com\/OrganisatorFachmagazin","article_published_time":"2022-12-14T13:49:26+00:00","og_image":[{"width":680,"height":510,"url":"https:\/\/www.organisator.ch\/wp-content\/uploads\/2022\/12\/Gipser-und-Malerunternehmen-Schlagenhauf-erneuert-seinen-Hauptsitz_Organisator.jpg","type":"image\/jpeg"}],"author":"thomas.berner","twitter_card":"summary_large_image","schema":{"@context":"https:\/\/schema.org","@graph":[{"@type":"Article","@id":"https:\/\/www.organisator.ch\/management\/2022-12-14\/gipser-und-malerunternehmen-schlagenhauf-erneuert-seinen-hauptsitz\/#article","isPartOf":{"@id":"https:\/\/www.organisator.ch\/management\/2022-12-14\/gipser-und-malerunternehmen-schlagenhauf-erneuert-seinen-hauptsitz\/"},"author":{"name":"thomas.berner","@id":"https:\/\/www.organisator.ch\/#\/schema\/person\/6f650f90b2842cd4c0cc334b4e36f67e"},"headline":"Gipser- und Malerunternehmen Schlagenhauf erneuert seinen Hauptsitz","datePublished":"2022-12-14T13:49:26+00:00","mainEntityOfPage":{"@id":"https:\/\/www.organisator.ch\/management\/2022-12-14\/gipser-und-malerunternehmen-schlagenhauf-erneuert-seinen-hauptsitz\/"},"wordCount":360,"publisher":{"@id":"https:\/\/www.organisator.ch\/#organization"},"image":{"@id":"https:\/\/www.organisator.ch\/management\/2022-12-14\/gipser-und-malerunternehmen-schlagenhauf-erneuert-seinen-hauptsitz\/#primaryimage"},"thumbnailUrl":"https:\/\/www.organisator.ch\/wp-content\/uploads\/2022\/12\/Gipser-und-Malerunternehmen-Schlagenhauf-erneuert-seinen-Hauptsitz_Organisator.jpg","keywords":["Baubranche","Management und Unternehmensf\u00fchrung","Unternehmen"],"articleSection":["MANAGEMENT"],"inLanguage":"fr-FR"},{"@type":"WebPage","@id":"https:\/\/www.organisator.ch\/management\/2022-12-14\/gipser-und-malerunternehmen-schlagenhauf-erneuert-seinen-hauptsitz\/","url":"https:\/\/www.organisator.ch\/management\/2022-12-14\/gipser-und-malerunternehmen-schlagenhauf-erneuert-seinen-hauptsitz\/","name":"L'entreprise de pl\u00e2trerie et de peinture Schlagenhauf r\u00e9nove son si\u00e8ge social - Organisateur","isPartOf":{"@id":"https:\/\/www.organisator.ch\/#website"},"primaryImageOfPage":{"@id":"https:\/\/www.organisator.ch\/management\/2022-12-14\/gipser-und-malerunternehmen-schlagenhauf-erneuert-seinen-hauptsitz\/#primaryimage"},"image":{"@id":"https:\/\/www.organisator.ch\/management\/2022-12-14\/gipser-und-malerunternehmen-schlagenhauf-erneuert-seinen-hauptsitz\/#primaryimage"},"thumbnailUrl":"https:\/\/www.organisator.ch\/wp-content\/uploads\/2022\/12\/Gipser-und-Malerunternehmen-Schlagenhauf-erneuert-seinen-Hauptsitz_Organisator.jpg","datePublished":"2022-12-14T13:49:26+00:00","description":"L'entreprise de pl\u00e2trerie et de peinture Schlagenhauf, active dans toute la r\u00e9gion, proc\u00e8de \u00e0 une transformation compl\u00e8te de ses bureaux de Meilen.","breadcrumb":{"@id":"https:\/\/www.organisator.ch\/management\/2022-12-14\/gipser-und-malerunternehmen-schlagenhauf-erneuert-seinen-hauptsitz\/#breadcrumb"},"inLanguage":"fr-FR","potentialAction":[{"@type":"ReadAction","target":["https:\/\/www.organisator.ch\/management\/2022-12-14\/gipser-und-malerunternehmen-schlagenhauf-erneuert-seinen-hauptsitz\/"]}]},{"@type":"ImageObject","inLanguage":"fr-FR","@id":"https:\/\/www.organisator.ch\/management\/2022-12-14\/gipser-und-malerunternehmen-schlagenhauf-erneuert-seinen-hauptsitz\/#primaryimage","url":"https:\/\/www.organisator.ch\/wp-content\/uploads\/2022\/12\/Gipser-und-Malerunternehmen-Schlagenhauf-erneuert-seinen-Hauptsitz_Organisator.jpg","contentUrl":"https:\/\/www.organisator.ch\/wp-content\/uploads\/2022\/12\/Gipser-und-Malerunternehmen-Schlagenhauf-erneuert-seinen-Hauptsitz_Organisator.jpg","width":680,"height":510,"caption":"Schlagenhauf baut f\u00fcr die Zukunft: Die grossen Schriftz\u00fcge an den Fenstern am Hauptsitz an der Seestrasse 1013 in Meilen begleiten den Umbau. (Bild: zVg \/ Schlagenhauf)"},{"@type":"BreadcrumbList","@id":"https:\/\/www.organisator.ch\/management\/2022-12-14\/gipser-und-malerunternehmen-schlagenhauf-erneuert-seinen-hauptsitz\/#breadcrumb","itemListElement":[{"@type":"ListItem","position":1,"name":"Home","item":"https:\/\/www.organisator.ch\/"},{"@type":"ListItem","position":2,"name":"Gipser- und Malerunternehmen Schlagenhauf erneuert seinen Hauptsitz"}]},{"@type":"WebSite","@id":"https:\/\/www.organisator.ch\/#website","url":"https:\/\/www.organisator.ch\/","name":"Organisateur","description":"Comp\u00e9tence et comp\u00e9tence. Proches de la pratique. L'ORGANISATEUR pr\u00e9pare 10 num\u00e9ros par an sur les th\u00e8mes essentiels pour les dirigeants de PME.","publisher":{"@id":"https:\/\/www.organisator.ch\/#organization"},"potentialAction":[{"@type":"SearchAction","target":{"@type":"EntryPoint","urlTemplate":"https:\/\/www.organisator.ch\/?s={search_term_string}"},"query-input":{"@type":"PropertyValueSpecification","valueRequired":true,"valueName":"search_term_string"}}],"inLanguage":"fr-FR"},{"@type":"Organization","@id":"https:\/\/www.organisator.ch\/#organization","name":"Organisateur","url":"https:\/\/www.organisator.ch\/","logo":{"@type":"ImageObject","inLanguage":"fr-FR","@id":"https:\/\/www.organisator.ch\/#\/schema\/logo\/image\/","url":"https:\/\/www.organisator.ch\/wp-content\/uploads\/2022\/01\/Logo_Organisator_Website.png","contentUrl":"https:\/\/www.organisator.ch\/wp-content\/uploads\/2022\/01\/Logo_Organisator_Website.png","width":800,"height":77,"caption":"Organisator"},"image":{"@id":"https:\/\/www.organisator.ch\/#\/schema\/logo\/image\/"},"sameAs":["https:\/\/www.facebook.com\/OrganisatorFachmagazin","https:\/\/www.linkedin.com\/showcase\/organisator-das-magazin-fr-kmu","https:\/\/www.xing.com\/news\/pages\/organisator-ch-695","https:\/\/www.youtube.com\/channel\/UCGP2Sq0iWaZwT3BdIAQFYpw"]},{"@type":"Person","@id":"https:\/\/www.organisator.ch\/#\/schema\/person\/6f650f90b2842cd4c0cc334b4e36f67e","name":"thomas.berner","image":{"@type":"ImageObject","inLanguage":"fr-FR","@id":"https:\/\/secure.gravatar.com\/avatar\/ac5001d2a36cb6c6cd3e50789007ffca834b477b74a2144564522e944eabff61?s=96&d=mm&r=g","url":"https:\/\/secure.gravatar.com\/avatar\/ac5001d2a36cb6c6cd3e50789007ffca834b477b74a2144564522e944eabff61?s=96&d=mm&r=g","contentUrl":"https:\/\/secure.gravatar.com\/avatar\/ac5001d2a36cb6c6cd3e50789007ffca834b477b74a2144564522e944eabff61?s=96&d=mm&r=g","caption":"thomas.berner"},"url":"https:\/\/www.organisator.ch\/fr\/author\/thomas-berner\/"}]}},"_links":{"self":[{"href":"https:\/\/www.organisator.ch\/fr\/wp-json\/wp\/v2\/posts\/18284","targetHints":{"allow":["GET"]}}],"collection":[{"href":"https:\/\/www.organisator.ch\/fr\/wp-json\/wp\/v2\/posts"}],"about":[{"href":"https:\/\/www.organisator.ch\/fr\/wp-json\/wp\/v2\/types\/post"}],"author":[{"embeddable":true,"href":"https:\/\/www.organisator.ch\/fr\/wp-json\/wp\/v2\/users\/4"}],"replies":[{"embeddable":true,"href":"https:\/\/www.organisator.ch\/fr\/wp-json\/wp\/v2\/comments?post=18284"}],"version-history":[{"count":1,"href":"https:\/\/www.organisator.ch\/fr\/wp-json\/wp\/v2\/posts\/18284\/revisions"}],"predecessor-version":[{"id":18286,"href":"https:\/\/www.organisator.ch\/fr\/wp-json\/wp\/v2\/posts\/18284\/revisions\/18286"}],"wp:featuredmedia":[{"embeddable":true,"href":"https:\/\/www.organisator.ch\/fr\/wp-json\/wp\/v2\/media\/18285"}],"wp:attachment":[{"href":"https:\/\/www.organisator.ch\/fr\/wp-json\/wp\/v2\/media?parent=18284"}],"wp:term":[{"taxonomy":"category","embeddable":true,"href":"https:\/\/www.organisator.ch\/fr\/wp-json\/wp\/v2\/categories?post=18284"},{"taxonomy":"post_tag","embeddable":true,"href":"https:\/\/www.organisator.ch\/fr\/wp-json\/wp\/v2\/tags?post=18284"}],"curies":[{"name":"wp","href":"https:\/\/api.w.org\/{rel}","templated":true}]}}