{"id":18288,"date":"2022-12-15T09:44:12","date_gmt":"2022-12-15T08:44:12","guid":{"rendered":"https:\/\/www.organisator.ch\/?p=18288"},"modified":"2022-12-15T09:44:12","modified_gmt":"2022-12-15T08:44:12","slug":"logistik-2023-drei-wichtige-trends-fuer-die-transportbranche","status":"publish","type":"post","link":"https:\/\/www.organisator.ch\/fr\/management\/2022-12-15\/logistik-2023-drei-wichtige-trends-fuer-die-transportbranche\/","title":{"rendered":"La logistique en 2023 : Trois tendances majeures pour le secteur des transports"},"content":{"rendered":"<figure id=\"attachment_18291\" aria-describedby=\"caption-attachment-18291\" style=\"width: 680px\" class=\"wp-caption alignnone\"><img loading=\"lazy\" decoding=\"async\" class=\"size-full wp-image-18291\" src=\"https:\/\/www.organisator.ch\/wp-content\/uploads\/2022\/12\/Logistik-2023-Drei-wichtige-Trends-fuer-die-Transportbranche_Organisator.jpg\" alt=\"\" width=\"680\" height=\"308\" srcset=\"https:\/\/www.organisator.ch\/wp-content\/uploads\/2022\/12\/Logistik-2023-Drei-wichtige-Trends-fuer-die-Transportbranche_Organisator.jpg 680w, https:\/\/www.organisator.ch\/wp-content\/uploads\/2022\/12\/Logistik-2023-Drei-wichtige-Trends-fuer-die-Transportbranche_Organisator-18x8.jpg 18w, https:\/\/www.organisator.ch\/wp-content\/uploads\/2022\/12\/Logistik-2023-Drei-wichtige-Trends-fuer-die-Transportbranche_Organisator-375x170.jpg 375w\" sizes=\"auto, (max-width: 680px) 100vw, 680px\" \/><figcaption id=\"caption-attachment-18291\" class=\"wp-caption-text\">La logistique en 2023 : O\u00f9 va-t-on ? (Image : Pamyra)<\/figcaption><\/figure>\n<p>\u00c0 quoi ressemblera la logistique en 2023 ? Lasse Landt r\u00e9pond \u00e0 cette question. Il est directeur et CFO de Pamyra GmbH, un portail de comparaison pour les services de transport. Il permet de comparer les prix et les prestations de transporteurs fiables et d'autres entreprises de transport pour les particuliers et les entreprises. Le r\u00e9seau de Pamyra regroupe des entreprises de transport en Allemagne, en Autriche, en Suisse et dans toute l'Europe.<\/p>\n<p>Les valeurs comparatives et les donn\u00e9es d'utilisation permettent d\u00e9sormais de d\u00e9gager trois grandes tendances pour la logistique en 2023. En cons\u00e9quence, Lasse Landt consid\u00e8re comme essentiels des th\u00e8mes tels que la modernisation de l'informatique, la fixation d'objectifs climatiques durables ainsi que l'utilisation de l'automatisation et de l'IA dans la logistique.<\/p>\n<ol>\n<li><strong> N\u00e9cessit\u00e9 de moderniser l'informatique<\/strong><br \/>\nUne chose est s\u00fbre : le secteur des transports est toujours sous pression et doit continuer \u00e0 avancer \u00e0 grands pas dans la num\u00e9risation l'ann\u00e9e prochaine. La num\u00e9risation est certes plus qu'une modernisation de l'informatique, mais elle en constitue une grande partie. L'objectif des entreprises de logistique doit \u00eatre de pouvoir combiner intelligemment diff\u00e9rentes technologies afin de se mettre en r\u00e9seau avec les partenaires commerciaux et les clients et de poursuivre leur croissance. L'obsolescence de l'informatique dans de nombreuses entreprises rend la collaboration souvent tr\u00e8s compliqu\u00e9e. Dans l'avenir, il sera important pour les acteurs du secteur de continuer \u00e0 d\u00e9velopper des normes de communication communes afin de garantir l'interop\u00e9rabilit\u00e9. Cela fonctionne beaucoup mieux dans d'autres domaines o\u00f9 la num\u00e9risation ou la modernisation est d\u00e9j\u00e0 plus avanc\u00e9e. Ici, les API RESTful montrent que la communication entre diff\u00e9rents logiciels peut bien fonctionner, avec une bonne documentation correspondante. La start-up et notre partenaire Magaloop en sont un bon exemple. L'application de commande num\u00e9rise les processus de commande des kiosques et des d\u00e9taillants et les met en relation avec les fournisseurs et les fabricants. L'outil assure des processus de commande rapides, simples et efficaces et aide ainsi tout un secteur \u00e0 mieux g\u00e9rer ses ressources.<\/li>\n<li><strong> Promouvoir des objectifs durables et la neutralit\u00e9 climatique<\/strong><br \/>\nL'importance de la promotion de la durabilit\u00e9 n'a pas \u00e9chapp\u00e9 au secteur de la logistique. Se fixer ses propres objectifs et am\u00e9liorer son empreinte \u00e9cologique est un obstacle majeur que de nombreuses entreprises du secteur doivent surmonter. Les processus logistiques doivent \u00eatre adapt\u00e9s de mani\u00e8re \u00e0 pr\u00e9server les ressources et \u00e0 \u00eatre neutres en termes d'\u00e9missions de CO\u2082 - une t\u00e2che tout \u00e0 fait colossale. Actuellement, il existe encore trop peu de possibilit\u00e9s de d\u00e9terminer de mani\u00e8re judicieuse la consommation de CO\u2082, par exemple. Mais avec la progression de la num\u00e9risation, il y aura l\u00e0 aussi des solutions pour rendre la logistique plus verte. Actuellement, nous sentons que la disposition \u00e0 payer dans ce domaine est malheureusement toujours plus faible que ne le laissent supposer les reportages des m\u00e9dias. D'autre part, en raison de la complexit\u00e9 et de la fragmentation du march\u00e9 du transport, nous n'avons malheureusement pas toujours la possibilit\u00e9 d'attribuer une empreinte carbone exacte \u00e0 un colis. Mais nous travaillons \u00e0 la mise au point d'une solution qui permettrait aux transporteurs de compenser leurs \u00e9missions de CO\u2082 par le biais de notre plateforme.<\/li>\n<li><strong> Automatisation et IA pour r\u00e9soudre les probl\u00e8mes<\/strong><br \/>\nDans le secteur de la logistique, il est plus important que jamais d'adopter des approches nouvelles et innovantes pour r\u00e9soudre les probl\u00e8mes afin de pouvoir survivre \u00e0 long terme. L'automatisation et l'intelligence artificielle peuvent contribuer \u00e0 relever de nombreux d\u00e9fis dans le domaine de la logistique et, surtout, \u00e0 am\u00e9liorer l'efficacit\u00e9 et la r\u00e9silience. Ce th\u00e8me est une tendance depuis de nombreuses ann\u00e9es, mais en 2023, un grand nombre de processus continueront certainement \u00e0 \u00eatre automatis\u00e9s. Nous aussi, nous travaillons d\u00e9j\u00e0 en interne \u00e0 une possibilit\u00e9 de saisie de documents pilot\u00e9e par l'IA. L'objectif est que nos clients introduisent des documents et que ceux-ci soient ensuite reconnus et trait\u00e9s automatiquement par l'IA. \u00c0 l'avenir, de plus en plus d'entreprises logistiques travailleront avec l'aide de l'intelligence artificielle et de l'automatisation. Celle-ci prendra alors en charge de nombreuses t\u00e2ches, comme la planification des itin\u00e9raires ou la pr\u00e9vention des trajets \u00e0 vide.<\/li>\n<\/ol>\n<p><em>Source : <a href=\"https:\/\/www.pamyra.de\/\">Pamyra GmbH<\/a><\/em><\/p>","protected":false},"excerpt":{"rendered":"<p>Wie sieht Logistik 2023 aus? Antworten darauf liefert Lasse Landt. Er ist Gesch\u00e4ftsf\u00fchrer und CFO der Pamyra GmbH, einem Vergleichsportal f\u00fcr Speditionsdienstleistungen. Darauf lassen sich Preise und Leistungen zuverl\u00e4ssiger Speditionen und weiterer Transportunternehmen f\u00fcr Privat und Gewerbe vergleichen. Im Netzwerk von Pamyra finden sich Speditionen in Deutschland, \u00d6sterreich, Schweiz und ganz Europa. Aus den Vergleichswerten [&hellip;]<\/p>\n","protected":false},"author":4,"featured_media":18291,"comment_status":"closed","ping_status":"closed","sticky":false,"template":"","format":"standard","meta":{"_acf_changed":false,"_yoast_wpseo_focuskw":"Logistik 2023","_yoast_wpseo_metadesc":"Die Logistikbranche blickt auf ein herausforderndes Jahr zur\u00fcck. Nun steht das neue Jahr vor der T\u00fcr: Wie sieht die Logistik 2023 aus?","articlekey":"","footnotes":""},"categories":[28],"tags":[328,485],"class_list":["post-18288","post","type-post","status-publish","format-standard","has-post-thumbnail","hentry","category-management","tag-logistik","tag-trends"],"acf":[],"yoast_head":"<!-- This site is optimized with the Yoast SEO plugin v27.5 - https:\/\/yoast.com\/product\/yoast-seo-wordpress\/ -->\n<title>Logistik 2023: Drei wichtige Trends f\u00fcr die Transportbranche - Organisator<\/title>\n<meta name=\"description\" content=\"Die Logistikbranche blickt auf ein herausforderndes Jahr zur\u00fcck. Nun steht das neue Jahr vor der T\u00fcr: Wie sieht die Logistik 2023 aus?\" \/>\n<meta name=\"robots\" content=\"index, follow, max-snippet:-1, max-image-preview:large, max-video-preview:-1\" \/>\n<link rel=\"canonical\" href=\"https:\/\/www.organisator.ch\/fr\/gestion-2\/2022-12-15\/logistik-2023-drei-wichtige-trends-fuer-die-transportbranche\/\" \/>\n<meta property=\"og:locale\" content=\"fr_FR\" \/>\n<meta property=\"og:type\" content=\"article\" \/>\n<meta property=\"og:title\" content=\"Logistik 2023: Drei wichtige Trends f\u00fcr die Transportbranche\" \/>\n<meta property=\"og:description\" content=\"Die Logistikbranche blickt auf ein herausforderndes Jahr zur\u00fcck. Nun steht das neue Jahr vor der T\u00fcr: Wie sieht die Logistik 2023 aus?\" \/>\n<meta property=\"og:url\" content=\"https:\/\/www.organisator.ch\/fr\/gestion-2\/2022-12-15\/logistik-2023-drei-wichtige-trends-fuer-die-transportbranche\/\" \/>\n<meta property=\"og:site_name\" content=\"Organisator\" \/>\n<meta property=\"article:publisher\" content=\"https:\/\/www.facebook.com\/OrganisatorFachmagazin\" \/>\n<meta property=\"article:published_time\" content=\"2022-12-15T08:44:12+00:00\" \/>\n<meta property=\"og:image\" content=\"https:\/\/www.organisator.ch\/wp-content\/uploads\/2022\/12\/Logistik-2023-Drei-wichtige-Trends-fuer-die-Transportbranche_Organisator.jpg\" \/>\n\t<meta property=\"og:image:width\" content=\"680\" \/>\n\t<meta property=\"og:image:height\" content=\"308\" \/>\n\t<meta property=\"og:image:type\" content=\"image\/jpeg\" \/>\n<meta name=\"author\" content=\"thomas.berner\" \/>\n<meta name=\"twitter:card\" content=\"summary_large_image\" \/>\n<meta name=\"twitter:title\" content=\"#Logistik 2023: Drei wichtige Trends f\u00fcr die #Transportbranche\" \/>\n<meta name=\"twitter:description\" content=\"Die #Logistikbranche blickt auf ein herausforderndes Jahr zur\u00fcck. Nun steht das neue Jahr vor der T\u00fcr: Wie sieht die #Logistik 2023 aus?\" \/>\n<meta name=\"twitter:image\" content=\"https:\/\/www.organisator.ch\/wp-content\/uploads\/2022\/12\/Logistik-2023-Drei-wichtige-Trends-fuer-die-Transportbranche_Organisator.jpg\" \/>\n<script type=\"application\/ld+json\" class=\"yoast-schema-graph\">{\"@context\":\"https:\\\/\\\/schema.org\",\"@graph\":[{\"@type\":\"Article\",\"@id\":\"https:\\\/\\\/www.organisator.ch\\\/management\\\/2022-12-15\\\/logistik-2023-drei-wichtige-trends-fuer-die-transportbranche\\\/#article\",\"isPartOf\":{\"@id\":\"https:\\\/\\\/www.organisator.ch\\\/management\\\/2022-12-15\\\/logistik-2023-drei-wichtige-trends-fuer-die-transportbranche\\\/\"},\"author\":{\"name\":\"thomas.berner\",\"@id\":\"https:\\\/\\\/www.organisator.ch\\\/#\\\/schema\\\/person\\\/6f650f90b2842cd4c0cc334b4e36f67e\"},\"headline\":\"Logistik 2023: Drei wichtige Trends f\u00fcr die Transportbranche\",\"datePublished\":\"2022-12-15T08:44:12+00:00\",\"mainEntityOfPage\":{\"@id\":\"https:\\\/\\\/www.organisator.ch\\\/management\\\/2022-12-15\\\/logistik-2023-drei-wichtige-trends-fuer-die-transportbranche\\\/\"},\"wordCount\":619,\"publisher\":{\"@id\":\"https:\\\/\\\/www.organisator.ch\\\/#organization\"},\"image\":{\"@id\":\"https:\\\/\\\/www.organisator.ch\\\/management\\\/2022-12-15\\\/logistik-2023-drei-wichtige-trends-fuer-die-transportbranche\\\/#primaryimage\"},\"thumbnailUrl\":\"https:\\\/\\\/www.organisator.ch\\\/wp-content\\\/uploads\\\/2022\\\/12\\\/Logistik-2023-Drei-wichtige-Trends-fuer-die-Transportbranche_Organisator.jpg\",\"keywords\":[\"Logistik\",\"Trends\"],\"articleSection\":[\"MANAGEMENT\"],\"inLanguage\":\"fr-FR\"},{\"@type\":\"WebPage\",\"@id\":\"https:\\\/\\\/www.organisator.ch\\\/management\\\/2022-12-15\\\/logistik-2023-drei-wichtige-trends-fuer-die-transportbranche\\\/\",\"url\":\"https:\\\/\\\/www.organisator.ch\\\/management\\\/2022-12-15\\\/logistik-2023-drei-wichtige-trends-fuer-die-transportbranche\\\/\",\"name\":\"Logistik 2023: Drei wichtige Trends f\u00fcr die Transportbranche - Organisator\",\"isPartOf\":{\"@id\":\"https:\\\/\\\/www.organisator.ch\\\/#website\"},\"primaryImageOfPage\":{\"@id\":\"https:\\\/\\\/www.organisator.ch\\\/management\\\/2022-12-15\\\/logistik-2023-drei-wichtige-trends-fuer-die-transportbranche\\\/#primaryimage\"},\"image\":{\"@id\":\"https:\\\/\\\/www.organisator.ch\\\/management\\\/2022-12-15\\\/logistik-2023-drei-wichtige-trends-fuer-die-transportbranche\\\/#primaryimage\"},\"thumbnailUrl\":\"https:\\\/\\\/www.organisator.ch\\\/wp-content\\\/uploads\\\/2022\\\/12\\\/Logistik-2023-Drei-wichtige-Trends-fuer-die-Transportbranche_Organisator.jpg\",\"datePublished\":\"2022-12-15T08:44:12+00:00\",\"description\":\"Die Logistikbranche blickt auf ein herausforderndes Jahr zur\u00fcck. Nun steht das neue Jahr vor der T\u00fcr: Wie sieht die Logistik 2023 aus?\",\"breadcrumb\":{\"@id\":\"https:\\\/\\\/www.organisator.ch\\\/management\\\/2022-12-15\\\/logistik-2023-drei-wichtige-trends-fuer-die-transportbranche\\\/#breadcrumb\"},\"inLanguage\":\"fr-FR\",\"potentialAction\":[{\"@type\":\"ReadAction\",\"target\":[\"https:\\\/\\\/www.organisator.ch\\\/management\\\/2022-12-15\\\/logistik-2023-drei-wichtige-trends-fuer-die-transportbranche\\\/\"]}]},{\"@type\":\"ImageObject\",\"inLanguage\":\"fr-FR\",\"@id\":\"https:\\\/\\\/www.organisator.ch\\\/management\\\/2022-12-15\\\/logistik-2023-drei-wichtige-trends-fuer-die-transportbranche\\\/#primaryimage\",\"url\":\"https:\\\/\\\/www.organisator.ch\\\/wp-content\\\/uploads\\\/2022\\\/12\\\/Logistik-2023-Drei-wichtige-Trends-fuer-die-Transportbranche_Organisator.jpg\",\"contentUrl\":\"https:\\\/\\\/www.organisator.ch\\\/wp-content\\\/uploads\\\/2022\\\/12\\\/Logistik-2023-Drei-wichtige-Trends-fuer-die-Transportbranche_Organisator.jpg\",\"width\":680,\"height\":308,\"caption\":\"Logistik 2023: Wohin geht die Reise? (Bild: Pamyra)\"},{\"@type\":\"BreadcrumbList\",\"@id\":\"https:\\\/\\\/www.organisator.ch\\\/management\\\/2022-12-15\\\/logistik-2023-drei-wichtige-trends-fuer-die-transportbranche\\\/#breadcrumb\",\"itemListElement\":[{\"@type\":\"ListItem\",\"position\":1,\"name\":\"Home\",\"item\":\"https:\\\/\\\/www.organisator.ch\\\/\"},{\"@type\":\"ListItem\",\"position\":2,\"name\":\"Logistik 2023: Drei wichtige Trends f\u00fcr die Transportbranche\"}]},{\"@type\":\"WebSite\",\"@id\":\"https:\\\/\\\/www.organisator.ch\\\/#website\",\"url\":\"https:\\\/\\\/www.organisator.ch\\\/\",\"name\":\"Organisator\",\"description\":\"Kompetent. Praxisnah. Der ORGANISATOR bereitet in 10 Ausgaben pro Jahr die wesentlichen Themen f\u00fcr F\u00fchrungskr\u00e4fte von KMU auf.\",\"publisher\":{\"@id\":\"https:\\\/\\\/www.organisator.ch\\\/#organization\"},\"potentialAction\":[{\"@type\":\"SearchAction\",\"target\":{\"@type\":\"EntryPoint\",\"urlTemplate\":\"https:\\\/\\\/www.organisator.ch\\\/?s={search_term_string}\"},\"query-input\":{\"@type\":\"PropertyValueSpecification\",\"valueRequired\":true,\"valueName\":\"search_term_string\"}}],\"inLanguage\":\"fr-FR\"},{\"@type\":\"Organization\",\"@id\":\"https:\\\/\\\/www.organisator.ch\\\/#organization\",\"name\":\"Organisator\",\"url\":\"https:\\\/\\\/www.organisator.ch\\\/\",\"logo\":{\"@type\":\"ImageObject\",\"inLanguage\":\"fr-FR\",\"@id\":\"https:\\\/\\\/www.organisator.ch\\\/#\\\/schema\\\/logo\\\/image\\\/\",\"url\":\"https:\\\/\\\/www.organisator.ch\\\/wp-content\\\/uploads\\\/2022\\\/01\\\/Logo_Organisator_Website.png\",\"contentUrl\":\"https:\\\/\\\/www.organisator.ch\\\/wp-content\\\/uploads\\\/2022\\\/01\\\/Logo_Organisator_Website.png\",\"width\":800,\"height\":77,\"caption\":\"Organisator\"},\"image\":{\"@id\":\"https:\\\/\\\/www.organisator.ch\\\/#\\\/schema\\\/logo\\\/image\\\/\"},\"sameAs\":[\"https:\\\/\\\/www.facebook.com\\\/OrganisatorFachmagazin\",\"https:\\\/\\\/www.linkedin.com\\\/showcase\\\/organisator-das-magazin-fr-kmu\",\"https:\\\/\\\/www.xing.com\\\/news\\\/pages\\\/organisator-ch-695\",\"https:\\\/\\\/www.youtube.com\\\/channel\\\/UCGP2Sq0iWaZwT3BdIAQFYpw\"]},{\"@type\":\"Person\",\"@id\":\"https:\\\/\\\/www.organisator.ch\\\/#\\\/schema\\\/person\\\/6f650f90b2842cd4c0cc334b4e36f67e\",\"name\":\"thomas.berner\",\"image\":{\"@type\":\"ImageObject\",\"inLanguage\":\"fr-FR\",\"@id\":\"https:\\\/\\\/secure.gravatar.com\\\/avatar\\\/ac5001d2a36cb6c6cd3e50789007ffca834b477b74a2144564522e944eabff61?s=96&d=mm&r=g\",\"url\":\"https:\\\/\\\/secure.gravatar.com\\\/avatar\\\/ac5001d2a36cb6c6cd3e50789007ffca834b477b74a2144564522e944eabff61?s=96&d=mm&r=g\",\"contentUrl\":\"https:\\\/\\\/secure.gravatar.com\\\/avatar\\\/ac5001d2a36cb6c6cd3e50789007ffca834b477b74a2144564522e944eabff61?s=96&d=mm&r=g\",\"caption\":\"thomas.berner\"},\"url\":\"https:\\\/\\\/www.organisator.ch\\\/fr\\\/author\\\/thomas-berner\\\/\"}]}<\/script>\n<!-- \/ Yoast SEO plugin. -->","yoast_head_json":{"title":"La logistique en 2023 : Trois tendances majeures pour le secteur des transports - Organisateur","description":"Le secteur de la logistique a connu une ann\u00e9e pleine de d\u00e9fis. La nouvelle ann\u00e9e est maintenant \u00e0 nos portes : \u00e0 quoi ressemblera la logistique en 2023 ?","robots":{"index":"index","follow":"follow","max-snippet":"max-snippet:-1","max-image-preview":"max-image-preview:large","max-video-preview":"max-video-preview:-1"},"canonical":"https:\/\/www.organisator.ch\/fr\/gestion-2\/2022-12-15\/logistik-2023-drei-wichtige-trends-fuer-die-transportbranche\/","og_locale":"fr_FR","og_type":"article","og_title":"Logistik 2023: Drei wichtige Trends f\u00fcr die Transportbranche","og_description":"Die Logistikbranche blickt auf ein herausforderndes Jahr zur\u00fcck. Nun steht das neue Jahr vor der T\u00fcr: Wie sieht die Logistik 2023 aus?","og_url":"https:\/\/www.organisator.ch\/fr\/gestion-2\/2022-12-15\/logistik-2023-drei-wichtige-trends-fuer-die-transportbranche\/","og_site_name":"Organisator","article_publisher":"https:\/\/www.facebook.com\/OrganisatorFachmagazin","article_published_time":"2022-12-15T08:44:12+00:00","og_image":[{"width":680,"height":308,"url":"https:\/\/www.organisator.ch\/wp-content\/uploads\/2022\/12\/Logistik-2023-Drei-wichtige-Trends-fuer-die-Transportbranche_Organisator.jpg","type":"image\/jpeg"}],"author":"thomas.berner","twitter_card":"summary_large_image","twitter_title":"#Logistik 2023: Drei wichtige Trends f\u00fcr die #Transportbranche","twitter_description":"Die #Logistikbranche blickt auf ein herausforderndes Jahr zur\u00fcck. Nun steht das neue Jahr vor der T\u00fcr: Wie sieht die #Logistik 2023 aus?","twitter_image":"https:\/\/www.organisator.ch\/wp-content\/uploads\/2022\/12\/Logistik-2023-Drei-wichtige-Trends-fuer-die-Transportbranche_Organisator.jpg","schema":{"@context":"https:\/\/schema.org","@graph":[{"@type":"Article","@id":"https:\/\/www.organisator.ch\/management\/2022-12-15\/logistik-2023-drei-wichtige-trends-fuer-die-transportbranche\/#article","isPartOf":{"@id":"https:\/\/www.organisator.ch\/management\/2022-12-15\/logistik-2023-drei-wichtige-trends-fuer-die-transportbranche\/"},"author":{"name":"thomas.berner","@id":"https:\/\/www.organisator.ch\/#\/schema\/person\/6f650f90b2842cd4c0cc334b4e36f67e"},"headline":"Logistik 2023: Drei wichtige Trends f\u00fcr die Transportbranche","datePublished":"2022-12-15T08:44:12+00:00","mainEntityOfPage":{"@id":"https:\/\/www.organisator.ch\/management\/2022-12-15\/logistik-2023-drei-wichtige-trends-fuer-die-transportbranche\/"},"wordCount":619,"publisher":{"@id":"https:\/\/www.organisator.ch\/#organization"},"image":{"@id":"https:\/\/www.organisator.ch\/management\/2022-12-15\/logistik-2023-drei-wichtige-trends-fuer-die-transportbranche\/#primaryimage"},"thumbnailUrl":"https:\/\/www.organisator.ch\/wp-content\/uploads\/2022\/12\/Logistik-2023-Drei-wichtige-Trends-fuer-die-Transportbranche_Organisator.jpg","keywords":["Logistik","Trends"],"articleSection":["MANAGEMENT"],"inLanguage":"fr-FR"},{"@type":"WebPage","@id":"https:\/\/www.organisator.ch\/management\/2022-12-15\/logistik-2023-drei-wichtige-trends-fuer-die-transportbranche\/","url":"https:\/\/www.organisator.ch\/management\/2022-12-15\/logistik-2023-drei-wichtige-trends-fuer-die-transportbranche\/","name":"La logistique en 2023 : Trois tendances majeures pour le secteur des transports - Organisateur","isPartOf":{"@id":"https:\/\/www.organisator.ch\/#website"},"primaryImageOfPage":{"@id":"https:\/\/www.organisator.ch\/management\/2022-12-15\/logistik-2023-drei-wichtige-trends-fuer-die-transportbranche\/#primaryimage"},"image":{"@id":"https:\/\/www.organisator.ch\/management\/2022-12-15\/logistik-2023-drei-wichtige-trends-fuer-die-transportbranche\/#primaryimage"},"thumbnailUrl":"https:\/\/www.organisator.ch\/wp-content\/uploads\/2022\/12\/Logistik-2023-Drei-wichtige-Trends-fuer-die-Transportbranche_Organisator.jpg","datePublished":"2022-12-15T08:44:12+00:00","description":"Le secteur de la logistique a connu une ann\u00e9e pleine de d\u00e9fis. La nouvelle ann\u00e9e est maintenant \u00e0 nos portes : \u00e0 quoi ressemblera la logistique en 2023 ?","breadcrumb":{"@id":"https:\/\/www.organisator.ch\/management\/2022-12-15\/logistik-2023-drei-wichtige-trends-fuer-die-transportbranche\/#breadcrumb"},"inLanguage":"fr-FR","potentialAction":[{"@type":"ReadAction","target":["https:\/\/www.organisator.ch\/management\/2022-12-15\/logistik-2023-drei-wichtige-trends-fuer-die-transportbranche\/"]}]},{"@type":"ImageObject","inLanguage":"fr-FR","@id":"https:\/\/www.organisator.ch\/management\/2022-12-15\/logistik-2023-drei-wichtige-trends-fuer-die-transportbranche\/#primaryimage","url":"https:\/\/www.organisator.ch\/wp-content\/uploads\/2022\/12\/Logistik-2023-Drei-wichtige-Trends-fuer-die-Transportbranche_Organisator.jpg","contentUrl":"https:\/\/www.organisator.ch\/wp-content\/uploads\/2022\/12\/Logistik-2023-Drei-wichtige-Trends-fuer-die-Transportbranche_Organisator.jpg","width":680,"height":308,"caption":"Logistik 2023: Wohin geht die Reise? (Bild: Pamyra)"},{"@type":"BreadcrumbList","@id":"https:\/\/www.organisator.ch\/management\/2022-12-15\/logistik-2023-drei-wichtige-trends-fuer-die-transportbranche\/#breadcrumb","itemListElement":[{"@type":"ListItem","position":1,"name":"Home","item":"https:\/\/www.organisator.ch\/"},{"@type":"ListItem","position":2,"name":"Logistik 2023: Drei wichtige Trends f\u00fcr die Transportbranche"}]},{"@type":"WebSite","@id":"https:\/\/www.organisator.ch\/#website","url":"https:\/\/www.organisator.ch\/","name":"Organisateur","description":"Comp\u00e9tence et comp\u00e9tence. Proches de la pratique. L'ORGANISATEUR pr\u00e9pare 10 num\u00e9ros par an sur les th\u00e8mes essentiels pour les dirigeants de PME.","publisher":{"@id":"https:\/\/www.organisator.ch\/#organization"},"potentialAction":[{"@type":"SearchAction","target":{"@type":"EntryPoint","urlTemplate":"https:\/\/www.organisator.ch\/?s={search_term_string}"},"query-input":{"@type":"PropertyValueSpecification","valueRequired":true,"valueName":"search_term_string"}}],"inLanguage":"fr-FR"},{"@type":"Organization","@id":"https:\/\/www.organisator.ch\/#organization","name":"Organisateur","url":"https:\/\/www.organisator.ch\/","logo":{"@type":"ImageObject","inLanguage":"fr-FR","@id":"https:\/\/www.organisator.ch\/#\/schema\/logo\/image\/","url":"https:\/\/www.organisator.ch\/wp-content\/uploads\/2022\/01\/Logo_Organisator_Website.png","contentUrl":"https:\/\/www.organisator.ch\/wp-content\/uploads\/2022\/01\/Logo_Organisator_Website.png","width":800,"height":77,"caption":"Organisator"},"image":{"@id":"https:\/\/www.organisator.ch\/#\/schema\/logo\/image\/"},"sameAs":["https:\/\/www.facebook.com\/OrganisatorFachmagazin","https:\/\/www.linkedin.com\/showcase\/organisator-das-magazin-fr-kmu","https:\/\/www.xing.com\/news\/pages\/organisator-ch-695","https:\/\/www.youtube.com\/channel\/UCGP2Sq0iWaZwT3BdIAQFYpw"]},{"@type":"Person","@id":"https:\/\/www.organisator.ch\/#\/schema\/person\/6f650f90b2842cd4c0cc334b4e36f67e","name":"thomas.berner","image":{"@type":"ImageObject","inLanguage":"fr-FR","@id":"https:\/\/secure.gravatar.com\/avatar\/ac5001d2a36cb6c6cd3e50789007ffca834b477b74a2144564522e944eabff61?s=96&d=mm&r=g","url":"https:\/\/secure.gravatar.com\/avatar\/ac5001d2a36cb6c6cd3e50789007ffca834b477b74a2144564522e944eabff61?s=96&d=mm&r=g","contentUrl":"https:\/\/secure.gravatar.com\/avatar\/ac5001d2a36cb6c6cd3e50789007ffca834b477b74a2144564522e944eabff61?s=96&d=mm&r=g","caption":"thomas.berner"},"url":"https:\/\/www.organisator.ch\/fr\/author\/thomas-berner\/"}]}},"_links":{"self":[{"href":"https:\/\/www.organisator.ch\/fr\/wp-json\/wp\/v2\/posts\/18288","targetHints":{"allow":["GET"]}}],"collection":[{"href":"https:\/\/www.organisator.ch\/fr\/wp-json\/wp\/v2\/posts"}],"about":[{"href":"https:\/\/www.organisator.ch\/fr\/wp-json\/wp\/v2\/types\/post"}],"author":[{"embeddable":true,"href":"https:\/\/www.organisator.ch\/fr\/wp-json\/wp\/v2\/users\/4"}],"replies":[{"embeddable":true,"href":"https:\/\/www.organisator.ch\/fr\/wp-json\/wp\/v2\/comments?post=18288"}],"version-history":[{"count":3,"href":"https:\/\/www.organisator.ch\/fr\/wp-json\/wp\/v2\/posts\/18288\/revisions"}],"predecessor-version":[{"id":18292,"href":"https:\/\/www.organisator.ch\/fr\/wp-json\/wp\/v2\/posts\/18288\/revisions\/18292"}],"wp:featuredmedia":[{"embeddable":true,"href":"https:\/\/www.organisator.ch\/fr\/wp-json\/wp\/v2\/media\/18291"}],"wp:attachment":[{"href":"https:\/\/www.organisator.ch\/fr\/wp-json\/wp\/v2\/media?parent=18288"}],"wp:term":[{"taxonomy":"category","embeddable":true,"href":"https:\/\/www.organisator.ch\/fr\/wp-json\/wp\/v2\/categories?post=18288"},{"taxonomy":"post_tag","embeddable":true,"href":"https:\/\/www.organisator.ch\/fr\/wp-json\/wp\/v2\/tags?post=18288"}],"curies":[{"name":"wp","href":"https:\/\/api.w.org\/{rel}","templated":true}]}}