{"id":18301,"date":"2022-12-15T13:29:13","date_gmt":"2022-12-15T12:29:13","guid":{"rendered":"https:\/\/www.organisator.ch\/?p=18301"},"modified":"2022-12-15T13:29:13","modified_gmt":"2022-12-15T12:29:13","slug":"graphax-mit-neu-aufgestellter-und-ausgebauter-geschaeftsleitung","status":"publish","type":"post","link":"https:\/\/www.organisator.ch\/fr\/management\/2022-12-15\/graphax-mit-neu-aufgestellter-und-ausgebauter-geschaeftsleitung\/","title":{"rendered":"Graphax avec une direction r\u00e9organis\u00e9e et \u00e9largie"},"content":{"rendered":"<figure id=\"attachment_18302\" aria-describedby=\"caption-attachment-18302\" style=\"width: 680px\" class=\"wp-caption alignnone\"><img loading=\"lazy\" decoding=\"async\" class=\"size-full wp-image-18302\" src=\"https:\/\/www.organisator.ch\/wp-content\/uploads\/2022\/12\/Graphax-mit-neu-aufgestellter-und-ausgebauter-Geschaeftsleitung_Organisator.jpg\" alt=\"\" width=\"680\" height=\"453\" srcset=\"https:\/\/www.organisator.ch\/wp-content\/uploads\/2022\/12\/Graphax-mit-neu-aufgestellter-und-ausgebauter-Geschaeftsleitung_Organisator.jpg 680w, https:\/\/www.organisator.ch\/wp-content\/uploads\/2022\/12\/Graphax-mit-neu-aufgestellter-und-ausgebauter-Geschaeftsleitung_Organisator-18x12.jpg 18w, https:\/\/www.organisator.ch\/wp-content\/uploads\/2022\/12\/Graphax-mit-neu-aufgestellter-und-ausgebauter-Geschaeftsleitung_Organisator-375x250.jpg 375w, https:\/\/www.organisator.ch\/wp-content\/uploads\/2022\/12\/Graphax-mit-neu-aufgestellter-und-ausgebauter-Geschaeftsleitung_Organisator-525x350.jpg 525w\" sizes=\"auto, (max-width: 680px) 100vw, 680px\" \/><figcaption id=\"caption-attachment-18302\" class=\"wp-caption-text\">La nouvelle direction de Graphax. (Photo : zVg \/ Graphax SA)<\/figcaption><\/figure>\n<p>Graphax a r\u00e9organis\u00e9 et \u00e9largi sa direction. D\u00e8s \u00e0 pr\u00e9sent, Juan Chenevard assume, en tant que CEO, la responsabilit\u00e9 globale de l'entreprise qui compte 190 collaborateurs et huit filiales en Suisse al\u00e9manique et en Suisse romande. Juan Chenevard travaille d\u00e9j\u00e0 depuis 14 ans pour l'entreprise, derni\u00e8rement dans le r\u00f4le de CSO. Il sera \u00e9paul\u00e9 par une direction recompos\u00e9e et \u00e9largie en 2022. \"Dans les mois \u00e0 venir, nous allons continuer \u00e0 mettre en \u0153uvre notre strat\u00e9gie de num\u00e9risation et \u00e0 d\u00e9velopper notre portefeuille de services de mani\u00e8re encore plus personnalis\u00e9e. Ce faisant, nous ne n\u00e9gligerons pas nos valeurs internes, car la culture d'entreprise de Graphax, d\u00e9velopp\u00e9e depuis pr\u00e8s de cinq d\u00e9cennies, a toujours fait ses preuves, notamment dans les p\u00e9riodes difficiles. Nous appr\u00e9cions beaucoup cela et nous nous sentons oblig\u00e9s de continuer \u00e0 diriger l'entreprise dans cet esprit\", a d\u00e9clar\u00e9 le nouveau CEO.<\/p>\n<p>Manuel Marquina (COO) est responsable de l'orientation Customer First dans le service client\u00e8le et de son d\u00e9veloppement. Il s'occupera \u00e9galement de la transformation num\u00e9rique dans l'entreprise et de l'extension de la structure de service dans toute la Suisse. Sonja Nobs, responsable marketing de Graphax SA depuis de nombreuses ann\u00e9es, a \u00e9t\u00e9 appel\u00e9e \u00e0 rejoindre la direction en tant que CMO, afin de d\u00e9velopper le dialogue avec les clients dans le monde num\u00e9rique sur le plan strat\u00e9gique et op\u00e9rationnel et de promouvoir les domaines de croissance des diff\u00e9rents secteurs d'activit\u00e9. Thomas Fux a rejoint l'entreprise traditionnelle Graphax au poste de CFO. Ce sp\u00e9cialiste des finances s'occupera non seulement des t\u00e2ches classiques, mais aussi des analyses strat\u00e9giques afin de continuer \u00e0 am\u00e9liorer les processus op\u00e9rationnels et de pouvoir prendre des d\u00e9cisions ayant un impact sur les co\u00fbts.<\/p>\n<p>En raison des t\u00e2ches de gestion strat\u00e9giques qui d\u00e9coulent de la transformation num\u00e9rique et afin de g\u00e9rer l'exp\u00e9rience client de mani\u00e8re globale, de nouvelles responsabilit\u00e9s doivent \u00eatre attribu\u00e9es \u00e0 la direction strat\u00e9gique, selon le communiqu\u00e9. En \u00e9troite collaboration, la nouvelle direction d\u00e9veloppera les mesures agiles qui seront n\u00e9cessaires \u00e0 l'avenir pour conserver la client\u00e8le et en acqu\u00e9rir de nouvelles.<\/p>\n<p><a href=\"http:\/\/www.graphax.ch\"><em>Source et informations compl\u00e9mentaires<\/em><\/a><\/p>","protected":false},"excerpt":{"rendered":"<p>Graphax hat seine Gesch\u00e4ftsleitung neu aufgestellt und ausgebaut. Ab sofort tr\u00e4gt Juan Chenevard als CEO die Gesamtverantwortung des Unternehmens mit seinen 190 Mitarbeitenden und acht Filialen in der Deutsch- und Westschweiz. Juan Chenevard ist schon seit 14 Jahren f\u00fcr das Unternehmen t\u00e4tig, zuletzt in der Rolle des CSO. Er wird durch eine im Jahr 2022 [&hellip;]<\/p>\n","protected":false},"author":4,"featured_media":18302,"comment_status":"closed","ping_status":"closed","sticky":false,"template":"","format":"standard","meta":{"_acf_changed":false,"_yoast_wpseo_focuskw":"Graphax","_yoast_wpseo_metadesc":"Graphax, Anbieter f\u00fcr Digitalisierungsl\u00f6sungen und Office-Automation, startet in das kommende Gesch\u00e4ftsjahr mit neuer Gesch\u00e4ftsleitung.","articlekey":"","footnotes":""},"categories":[28],"tags":[335,381,492],"class_list":["post-18301","post","type-post","status-publish","format-standard","has-post-thumbnail","hentry","category-management","tag-management-und-unternehmensfuehrung","tag-personalia","tag-unternehmen"],"acf":[],"yoast_head":"<!-- This site is optimized with the Yoast SEO plugin v27.5 - https:\/\/yoast.com\/product\/yoast-seo-wordpress\/ -->\n<title>Graphax mit neu aufgestellter und ausgebauter Gesch\u00e4ftsleitung - Organisator<\/title>\n<meta name=\"description\" content=\"Graphax, Anbieter f\u00fcr Digitalisierungsl\u00f6sungen und Office-Automation, startet in das kommende Gesch\u00e4ftsjahr mit neuer Gesch\u00e4ftsleitung.\" \/>\n<meta name=\"robots\" content=\"index, follow, max-snippet:-1, max-image-preview:large, max-video-preview:-1\" \/>\n<link rel=\"canonical\" href=\"https:\/\/www.organisator.ch\/fr\/gestion-2\/2022-12-15\/graphax-mit-neu-aufgestellter-und-ausgebauter-geschaeftsleitung\/\" \/>\n<meta property=\"og:locale\" content=\"fr_FR\" \/>\n<meta property=\"og:type\" content=\"article\" \/>\n<meta property=\"og:title\" content=\"Graphax mit neu aufgestellter und ausgebauter Gesch\u00e4ftsleitung\" \/>\n<meta property=\"og:description\" content=\"Graphax, Anbieter f\u00fcr Digitalisierungsl\u00f6sungen und Office-Automation, startet in das kommende Gesch\u00e4ftsjahr mit neuer Gesch\u00e4ftsleitung.\" \/>\n<meta property=\"og:url\" content=\"https:\/\/www.organisator.ch\/fr\/gestion-2\/2022-12-15\/graphax-mit-neu-aufgestellter-und-ausgebauter-geschaeftsleitung\/\" \/>\n<meta property=\"og:site_name\" content=\"Organisator\" \/>\n<meta property=\"article:publisher\" content=\"https:\/\/www.facebook.com\/OrganisatorFachmagazin\" \/>\n<meta property=\"article:published_time\" content=\"2022-12-15T12:29:13+00:00\" \/>\n<meta property=\"og:image\" content=\"https:\/\/www.organisator.ch\/wp-content\/uploads\/2022\/12\/Graphax-mit-neu-aufgestellter-und-ausgebauter-Geschaeftsleitung_Organisator.jpg\" \/>\n\t<meta property=\"og:image:width\" content=\"680\" \/>\n\t<meta property=\"og:image:height\" content=\"453\" \/>\n\t<meta property=\"og:image:type\" content=\"image\/jpeg\" \/>\n<meta name=\"author\" content=\"thomas.berner\" \/>\n<meta name=\"twitter:card\" content=\"summary_large_image\" \/>\n<meta name=\"twitter:title\" content=\"#Graphax mit neu aufgestellter und ausgebauter #Gesch\u00e4ftsleitung\" \/>\n<meta name=\"twitter:description\" content=\"#Graphax, Anbieter f\u00fcr Digitalisierungsl\u00f6sungen und #Office-Automation, startet in das kommende Gesch\u00e4ftsjahr mit neuer #Gesch\u00e4ftsleitung.\" \/>\n<meta name=\"twitter:image\" content=\"https:\/\/www.organisator.ch\/wp-content\/uploads\/2022\/12\/Graphax-mit-neu-aufgestellter-und-ausgebauter-Geschaeftsleitung_Organisator.jpg\" \/>\n<script type=\"application\/ld+json\" class=\"yoast-schema-graph\">{\"@context\":\"https:\\\/\\\/schema.org\",\"@graph\":[{\"@type\":\"Article\",\"@id\":\"https:\\\/\\\/www.organisator.ch\\\/management\\\/2022-12-15\\\/graphax-mit-neu-aufgestellter-und-ausgebauter-geschaeftsleitung\\\/#article\",\"isPartOf\":{\"@id\":\"https:\\\/\\\/www.organisator.ch\\\/management\\\/2022-12-15\\\/graphax-mit-neu-aufgestellter-und-ausgebauter-geschaeftsleitung\\\/\"},\"author\":{\"name\":\"thomas.berner\",\"@id\":\"https:\\\/\\\/www.organisator.ch\\\/#\\\/schema\\\/person\\\/6f650f90b2842cd4c0cc334b4e36f67e\"},\"headline\":\"Graphax mit neu aufgestellter und ausgebauter Gesch\u00e4ftsleitung\",\"datePublished\":\"2022-12-15T12:29:13+00:00\",\"mainEntityOfPage\":{\"@id\":\"https:\\\/\\\/www.organisator.ch\\\/management\\\/2022-12-15\\\/graphax-mit-neu-aufgestellter-und-ausgebauter-geschaeftsleitung\\\/\"},\"wordCount\":331,\"publisher\":{\"@id\":\"https:\\\/\\\/www.organisator.ch\\\/#organization\"},\"image\":{\"@id\":\"https:\\\/\\\/www.organisator.ch\\\/management\\\/2022-12-15\\\/graphax-mit-neu-aufgestellter-und-ausgebauter-geschaeftsleitung\\\/#primaryimage\"},\"thumbnailUrl\":\"https:\\\/\\\/www.organisator.ch\\\/wp-content\\\/uploads\\\/2022\\\/12\\\/Graphax-mit-neu-aufgestellter-und-ausgebauter-Geschaeftsleitung_Organisator.jpg\",\"keywords\":[\"Management und Unternehmensf\u00fchrung\",\"Personalia\",\"Unternehmen\"],\"articleSection\":[\"MANAGEMENT\"],\"inLanguage\":\"fr-FR\"},{\"@type\":\"WebPage\",\"@id\":\"https:\\\/\\\/www.organisator.ch\\\/management\\\/2022-12-15\\\/graphax-mit-neu-aufgestellter-und-ausgebauter-geschaeftsleitung\\\/\",\"url\":\"https:\\\/\\\/www.organisator.ch\\\/management\\\/2022-12-15\\\/graphax-mit-neu-aufgestellter-und-ausgebauter-geschaeftsleitung\\\/\",\"name\":\"Graphax mit neu aufgestellter und ausgebauter Gesch\u00e4ftsleitung - Organisator\",\"isPartOf\":{\"@id\":\"https:\\\/\\\/www.organisator.ch\\\/#website\"},\"primaryImageOfPage\":{\"@id\":\"https:\\\/\\\/www.organisator.ch\\\/management\\\/2022-12-15\\\/graphax-mit-neu-aufgestellter-und-ausgebauter-geschaeftsleitung\\\/#primaryimage\"},\"image\":{\"@id\":\"https:\\\/\\\/www.organisator.ch\\\/management\\\/2022-12-15\\\/graphax-mit-neu-aufgestellter-und-ausgebauter-geschaeftsleitung\\\/#primaryimage\"},\"thumbnailUrl\":\"https:\\\/\\\/www.organisator.ch\\\/wp-content\\\/uploads\\\/2022\\\/12\\\/Graphax-mit-neu-aufgestellter-und-ausgebauter-Geschaeftsleitung_Organisator.jpg\",\"datePublished\":\"2022-12-15T12:29:13+00:00\",\"description\":\"Graphax, Anbieter f\u00fcr Digitalisierungsl\u00f6sungen und Office-Automation, startet in das kommende Gesch\u00e4ftsjahr mit neuer Gesch\u00e4ftsleitung.\",\"breadcrumb\":{\"@id\":\"https:\\\/\\\/www.organisator.ch\\\/management\\\/2022-12-15\\\/graphax-mit-neu-aufgestellter-und-ausgebauter-geschaeftsleitung\\\/#breadcrumb\"},\"inLanguage\":\"fr-FR\",\"potentialAction\":[{\"@type\":\"ReadAction\",\"target\":[\"https:\\\/\\\/www.organisator.ch\\\/management\\\/2022-12-15\\\/graphax-mit-neu-aufgestellter-und-ausgebauter-geschaeftsleitung\\\/\"]}]},{\"@type\":\"ImageObject\",\"inLanguage\":\"fr-FR\",\"@id\":\"https:\\\/\\\/www.organisator.ch\\\/management\\\/2022-12-15\\\/graphax-mit-neu-aufgestellter-und-ausgebauter-geschaeftsleitung\\\/#primaryimage\",\"url\":\"https:\\\/\\\/www.organisator.ch\\\/wp-content\\\/uploads\\\/2022\\\/12\\\/Graphax-mit-neu-aufgestellter-und-ausgebauter-Geschaeftsleitung_Organisator.jpg\",\"contentUrl\":\"https:\\\/\\\/www.organisator.ch\\\/wp-content\\\/uploads\\\/2022\\\/12\\\/Graphax-mit-neu-aufgestellter-und-ausgebauter-Geschaeftsleitung_Organisator.jpg\",\"width\":680,\"height\":453,\"caption\":\"Die neu zusammengesetzte Gesch\u00e4ftsleitung von Graphax. (Bild: zVg \\\/ Graphax AG)\"},{\"@type\":\"BreadcrumbList\",\"@id\":\"https:\\\/\\\/www.organisator.ch\\\/management\\\/2022-12-15\\\/graphax-mit-neu-aufgestellter-und-ausgebauter-geschaeftsleitung\\\/#breadcrumb\",\"itemListElement\":[{\"@type\":\"ListItem\",\"position\":1,\"name\":\"Home\",\"item\":\"https:\\\/\\\/www.organisator.ch\\\/\"},{\"@type\":\"ListItem\",\"position\":2,\"name\":\"Graphax mit neu aufgestellter und ausgebauter Gesch\u00e4ftsleitung\"}]},{\"@type\":\"WebSite\",\"@id\":\"https:\\\/\\\/www.organisator.ch\\\/#website\",\"url\":\"https:\\\/\\\/www.organisator.ch\\\/\",\"name\":\"Organisator\",\"description\":\"Kompetent. Praxisnah. Der ORGANISATOR bereitet in 10 Ausgaben pro Jahr die wesentlichen Themen f\u00fcr F\u00fchrungskr\u00e4fte von KMU auf.\",\"publisher\":{\"@id\":\"https:\\\/\\\/www.organisator.ch\\\/#organization\"},\"potentialAction\":[{\"@type\":\"SearchAction\",\"target\":{\"@type\":\"EntryPoint\",\"urlTemplate\":\"https:\\\/\\\/www.organisator.ch\\\/?s={search_term_string}\"},\"query-input\":{\"@type\":\"PropertyValueSpecification\",\"valueRequired\":true,\"valueName\":\"search_term_string\"}}],\"inLanguage\":\"fr-FR\"},{\"@type\":\"Organization\",\"@id\":\"https:\\\/\\\/www.organisator.ch\\\/#organization\",\"name\":\"Organisator\",\"url\":\"https:\\\/\\\/www.organisator.ch\\\/\",\"logo\":{\"@type\":\"ImageObject\",\"inLanguage\":\"fr-FR\",\"@id\":\"https:\\\/\\\/www.organisator.ch\\\/#\\\/schema\\\/logo\\\/image\\\/\",\"url\":\"https:\\\/\\\/www.organisator.ch\\\/wp-content\\\/uploads\\\/2022\\\/01\\\/Logo_Organisator_Website.png\",\"contentUrl\":\"https:\\\/\\\/www.organisator.ch\\\/wp-content\\\/uploads\\\/2022\\\/01\\\/Logo_Organisator_Website.png\",\"width\":800,\"height\":77,\"caption\":\"Organisator\"},\"image\":{\"@id\":\"https:\\\/\\\/www.organisator.ch\\\/#\\\/schema\\\/logo\\\/image\\\/\"},\"sameAs\":[\"https:\\\/\\\/www.facebook.com\\\/OrganisatorFachmagazin\",\"https:\\\/\\\/www.linkedin.com\\\/showcase\\\/organisator-das-magazin-fr-kmu\",\"https:\\\/\\\/www.xing.com\\\/news\\\/pages\\\/organisator-ch-695\",\"https:\\\/\\\/www.youtube.com\\\/channel\\\/UCGP2Sq0iWaZwT3BdIAQFYpw\"]},{\"@type\":\"Person\",\"@id\":\"https:\\\/\\\/www.organisator.ch\\\/#\\\/schema\\\/person\\\/6f650f90b2842cd4c0cc334b4e36f67e\",\"name\":\"thomas.berner\",\"image\":{\"@type\":\"ImageObject\",\"inLanguage\":\"fr-FR\",\"@id\":\"https:\\\/\\\/secure.gravatar.com\\\/avatar\\\/ac5001d2a36cb6c6cd3e50789007ffca834b477b74a2144564522e944eabff61?s=96&d=mm&r=g\",\"url\":\"https:\\\/\\\/secure.gravatar.com\\\/avatar\\\/ac5001d2a36cb6c6cd3e50789007ffca834b477b74a2144564522e944eabff61?s=96&d=mm&r=g\",\"contentUrl\":\"https:\\\/\\\/secure.gravatar.com\\\/avatar\\\/ac5001d2a36cb6c6cd3e50789007ffca834b477b74a2144564522e944eabff61?s=96&d=mm&r=g\",\"caption\":\"thomas.berner\"},\"url\":\"https:\\\/\\\/www.organisator.ch\\\/fr\\\/author\\\/thomas-berner\\\/\"}]}<\/script>\n<!-- \/ Yoast SEO plugin. -->","yoast_head_json":{"title":"Graphax avec une direction restructur\u00e9e et \u00e9largie - Organisateur","description":"Graphax, fournisseur de solutions de num\u00e9risation et de bureautique, entame le prochain exercice avec une nouvelle direction.","robots":{"index":"index","follow":"follow","max-snippet":"max-snippet:-1","max-image-preview":"max-image-preview:large","max-video-preview":"max-video-preview:-1"},"canonical":"https:\/\/www.organisator.ch\/fr\/gestion-2\/2022-12-15\/graphax-mit-neu-aufgestellter-und-ausgebauter-geschaeftsleitung\/","og_locale":"fr_FR","og_type":"article","og_title":"Graphax mit neu aufgestellter und ausgebauter Gesch\u00e4ftsleitung","og_description":"Graphax, Anbieter f\u00fcr Digitalisierungsl\u00f6sungen und Office-Automation, startet in das kommende Gesch\u00e4ftsjahr mit neuer Gesch\u00e4ftsleitung.","og_url":"https:\/\/www.organisator.ch\/fr\/gestion-2\/2022-12-15\/graphax-mit-neu-aufgestellter-und-ausgebauter-geschaeftsleitung\/","og_site_name":"Organisator","article_publisher":"https:\/\/www.facebook.com\/OrganisatorFachmagazin","article_published_time":"2022-12-15T12:29:13+00:00","og_image":[{"width":680,"height":453,"url":"https:\/\/www.organisator.ch\/wp-content\/uploads\/2022\/12\/Graphax-mit-neu-aufgestellter-und-ausgebauter-Geschaeftsleitung_Organisator.jpg","type":"image\/jpeg"}],"author":"thomas.berner","twitter_card":"summary_large_image","twitter_title":"#Graphax mit neu aufgestellter und ausgebauter #Gesch\u00e4ftsleitung","twitter_description":"#Graphax, Anbieter f\u00fcr Digitalisierungsl\u00f6sungen und #Office-Automation, startet in das kommende Gesch\u00e4ftsjahr mit neuer #Gesch\u00e4ftsleitung.","twitter_image":"https:\/\/www.organisator.ch\/wp-content\/uploads\/2022\/12\/Graphax-mit-neu-aufgestellter-und-ausgebauter-Geschaeftsleitung_Organisator.jpg","schema":{"@context":"https:\/\/schema.org","@graph":[{"@type":"Article","@id":"https:\/\/www.organisator.ch\/management\/2022-12-15\/graphax-mit-neu-aufgestellter-und-ausgebauter-geschaeftsleitung\/#article","isPartOf":{"@id":"https:\/\/www.organisator.ch\/management\/2022-12-15\/graphax-mit-neu-aufgestellter-und-ausgebauter-geschaeftsleitung\/"},"author":{"name":"thomas.berner","@id":"https:\/\/www.organisator.ch\/#\/schema\/person\/6f650f90b2842cd4c0cc334b4e36f67e"},"headline":"Graphax mit neu aufgestellter und ausgebauter Gesch\u00e4ftsleitung","datePublished":"2022-12-15T12:29:13+00:00","mainEntityOfPage":{"@id":"https:\/\/www.organisator.ch\/management\/2022-12-15\/graphax-mit-neu-aufgestellter-und-ausgebauter-geschaeftsleitung\/"},"wordCount":331,"publisher":{"@id":"https:\/\/www.organisator.ch\/#organization"},"image":{"@id":"https:\/\/www.organisator.ch\/management\/2022-12-15\/graphax-mit-neu-aufgestellter-und-ausgebauter-geschaeftsleitung\/#primaryimage"},"thumbnailUrl":"https:\/\/www.organisator.ch\/wp-content\/uploads\/2022\/12\/Graphax-mit-neu-aufgestellter-und-ausgebauter-Geschaeftsleitung_Organisator.jpg","keywords":["Management und Unternehmensf\u00fchrung","Personalia","Unternehmen"],"articleSection":["MANAGEMENT"],"inLanguage":"fr-FR"},{"@type":"WebPage","@id":"https:\/\/www.organisator.ch\/management\/2022-12-15\/graphax-mit-neu-aufgestellter-und-ausgebauter-geschaeftsleitung\/","url":"https:\/\/www.organisator.ch\/management\/2022-12-15\/graphax-mit-neu-aufgestellter-und-ausgebauter-geschaeftsleitung\/","name":"Graphax avec une direction restructur\u00e9e et \u00e9largie - Organisateur","isPartOf":{"@id":"https:\/\/www.organisator.ch\/#website"},"primaryImageOfPage":{"@id":"https:\/\/www.organisator.ch\/management\/2022-12-15\/graphax-mit-neu-aufgestellter-und-ausgebauter-geschaeftsleitung\/#primaryimage"},"image":{"@id":"https:\/\/www.organisator.ch\/management\/2022-12-15\/graphax-mit-neu-aufgestellter-und-ausgebauter-geschaeftsleitung\/#primaryimage"},"thumbnailUrl":"https:\/\/www.organisator.ch\/wp-content\/uploads\/2022\/12\/Graphax-mit-neu-aufgestellter-und-ausgebauter-Geschaeftsleitung_Organisator.jpg","datePublished":"2022-12-15T12:29:13+00:00","description":"Graphax, fournisseur de solutions de num\u00e9risation et de bureautique, entame le prochain exercice avec une nouvelle direction.","breadcrumb":{"@id":"https:\/\/www.organisator.ch\/management\/2022-12-15\/graphax-mit-neu-aufgestellter-und-ausgebauter-geschaeftsleitung\/#breadcrumb"},"inLanguage":"fr-FR","potentialAction":[{"@type":"ReadAction","target":["https:\/\/www.organisator.ch\/management\/2022-12-15\/graphax-mit-neu-aufgestellter-und-ausgebauter-geschaeftsleitung\/"]}]},{"@type":"ImageObject","inLanguage":"fr-FR","@id":"https:\/\/www.organisator.ch\/management\/2022-12-15\/graphax-mit-neu-aufgestellter-und-ausgebauter-geschaeftsleitung\/#primaryimage","url":"https:\/\/www.organisator.ch\/wp-content\/uploads\/2022\/12\/Graphax-mit-neu-aufgestellter-und-ausgebauter-Geschaeftsleitung_Organisator.jpg","contentUrl":"https:\/\/www.organisator.ch\/wp-content\/uploads\/2022\/12\/Graphax-mit-neu-aufgestellter-und-ausgebauter-Geschaeftsleitung_Organisator.jpg","width":680,"height":453,"caption":"Die neu zusammengesetzte Gesch\u00e4ftsleitung von Graphax. (Bild: zVg \/ Graphax AG)"},{"@type":"BreadcrumbList","@id":"https:\/\/www.organisator.ch\/management\/2022-12-15\/graphax-mit-neu-aufgestellter-und-ausgebauter-geschaeftsleitung\/#breadcrumb","itemListElement":[{"@type":"ListItem","position":1,"name":"Home","item":"https:\/\/www.organisator.ch\/"},{"@type":"ListItem","position":2,"name":"Graphax mit neu aufgestellter und ausgebauter Gesch\u00e4ftsleitung"}]},{"@type":"WebSite","@id":"https:\/\/www.organisator.ch\/#website","url":"https:\/\/www.organisator.ch\/","name":"Organisateur","description":"Comp\u00e9tence et comp\u00e9tence. Proches de la pratique. L'ORGANISATEUR pr\u00e9pare 10 num\u00e9ros par an sur les th\u00e8mes essentiels pour les dirigeants de PME.","publisher":{"@id":"https:\/\/www.organisator.ch\/#organization"},"potentialAction":[{"@type":"SearchAction","target":{"@type":"EntryPoint","urlTemplate":"https:\/\/www.organisator.ch\/?s={search_term_string}"},"query-input":{"@type":"PropertyValueSpecification","valueRequired":true,"valueName":"search_term_string"}}],"inLanguage":"fr-FR"},{"@type":"Organization","@id":"https:\/\/www.organisator.ch\/#organization","name":"Organisateur","url":"https:\/\/www.organisator.ch\/","logo":{"@type":"ImageObject","inLanguage":"fr-FR","@id":"https:\/\/www.organisator.ch\/#\/schema\/logo\/image\/","url":"https:\/\/www.organisator.ch\/wp-content\/uploads\/2022\/01\/Logo_Organisator_Website.png","contentUrl":"https:\/\/www.organisator.ch\/wp-content\/uploads\/2022\/01\/Logo_Organisator_Website.png","width":800,"height":77,"caption":"Organisator"},"image":{"@id":"https:\/\/www.organisator.ch\/#\/schema\/logo\/image\/"},"sameAs":["https:\/\/www.facebook.com\/OrganisatorFachmagazin","https:\/\/www.linkedin.com\/showcase\/organisator-das-magazin-fr-kmu","https:\/\/www.xing.com\/news\/pages\/organisator-ch-695","https:\/\/www.youtube.com\/channel\/UCGP2Sq0iWaZwT3BdIAQFYpw"]},{"@type":"Person","@id":"https:\/\/www.organisator.ch\/#\/schema\/person\/6f650f90b2842cd4c0cc334b4e36f67e","name":"thomas.berner","image":{"@type":"ImageObject","inLanguage":"fr-FR","@id":"https:\/\/secure.gravatar.com\/avatar\/ac5001d2a36cb6c6cd3e50789007ffca834b477b74a2144564522e944eabff61?s=96&d=mm&r=g","url":"https:\/\/secure.gravatar.com\/avatar\/ac5001d2a36cb6c6cd3e50789007ffca834b477b74a2144564522e944eabff61?s=96&d=mm&r=g","contentUrl":"https:\/\/secure.gravatar.com\/avatar\/ac5001d2a36cb6c6cd3e50789007ffca834b477b74a2144564522e944eabff61?s=96&d=mm&r=g","caption":"thomas.berner"},"url":"https:\/\/www.organisator.ch\/fr\/author\/thomas-berner\/"}]}},"_links":{"self":[{"href":"https:\/\/www.organisator.ch\/fr\/wp-json\/wp\/v2\/posts\/18301","targetHints":{"allow":["GET"]}}],"collection":[{"href":"https:\/\/www.organisator.ch\/fr\/wp-json\/wp\/v2\/posts"}],"about":[{"href":"https:\/\/www.organisator.ch\/fr\/wp-json\/wp\/v2\/types\/post"}],"author":[{"embeddable":true,"href":"https:\/\/www.organisator.ch\/fr\/wp-json\/wp\/v2\/users\/4"}],"replies":[{"embeddable":true,"href":"https:\/\/www.organisator.ch\/fr\/wp-json\/wp\/v2\/comments?post=18301"}],"version-history":[{"count":1,"href":"https:\/\/www.organisator.ch\/fr\/wp-json\/wp\/v2\/posts\/18301\/revisions"}],"predecessor-version":[{"id":18303,"href":"https:\/\/www.organisator.ch\/fr\/wp-json\/wp\/v2\/posts\/18301\/revisions\/18303"}],"wp:featuredmedia":[{"embeddable":true,"href":"https:\/\/www.organisator.ch\/fr\/wp-json\/wp\/v2\/media\/18302"}],"wp:attachment":[{"href":"https:\/\/www.organisator.ch\/fr\/wp-json\/wp\/v2\/media?parent=18301"}],"wp:term":[{"taxonomy":"category","embeddable":true,"href":"https:\/\/www.organisator.ch\/fr\/wp-json\/wp\/v2\/categories?post=18301"},{"taxonomy":"post_tag","embeddable":true,"href":"https:\/\/www.organisator.ch\/fr\/wp-json\/wp\/v2\/tags?post=18301"}],"curies":[{"name":"wp","href":"https:\/\/api.w.org\/{rel}","templated":true}]}}