{"id":18308,"date":"2022-12-16T05:55:59","date_gmt":"2022-12-16T04:55:59","guid":{"rendered":"https:\/\/www.organisator.ch\/?p=18308"},"modified":"2022-12-15T16:12:33","modified_gmt":"2022-12-15T15:12:33","slug":"zwei-neue-geschaeftsleitungsmitglieder-bei-bdo","status":"publish","type":"post","link":"https:\/\/www.organisator.ch\/fr\/management\/2022-12-16\/zwei-neue-geschaeftsleitungsmitglieder-bei-bdo\/","title":{"rendered":"Deux nouveaux membres de la direction chez BDO"},"content":{"rendered":"<figure id=\"attachment_18309\" aria-describedby=\"caption-attachment-18309\" style=\"width: 680px\" class=\"wp-caption alignnone\"><img loading=\"lazy\" decoding=\"async\" class=\"size-full wp-image-18309\" src=\"https:\/\/www.organisator.ch\/wp-content\/uploads\/2022\/12\/Zwei-neue-Geschaeftsleitungsmitglieder-bei-BDO_Organisator.jpg\" alt=\"\" width=\"680\" height=\"379\" srcset=\"https:\/\/www.organisator.ch\/wp-content\/uploads\/2022\/12\/Zwei-neue-Geschaeftsleitungsmitglieder-bei-BDO_Organisator.jpg 680w, https:\/\/www.organisator.ch\/wp-content\/uploads\/2022\/12\/Zwei-neue-Geschaeftsleitungsmitglieder-bei-BDO_Organisator-18x10.jpg 18w, https:\/\/www.organisator.ch\/wp-content\/uploads\/2022\/12\/Zwei-neue-Geschaeftsleitungsmitglieder-bei-BDO_Organisator-375x209.jpg 375w, https:\/\/www.organisator.ch\/wp-content\/uploads\/2022\/12\/Zwei-neue-Geschaeftsleitungsmitglieder-bei-BDO_Organisator-628x350.jpg 628w\" sizes=\"auto, (max-width: 680px) 100vw, 680px\" \/><figcaption id=\"caption-attachment-18309\" class=\"wp-caption-text\">Les deux nouveaux membres de la direction de BDO : Stefan K\u00fchn (\u00e0 gauche) et Yvan Haymoz. (Photos : BDO)<\/figcaption><\/figure>\n<p>L'assembl\u00e9e des partenaires de BDO a nomm\u00e9 Stefan K\u00fchn, un collaborateur de longue date, membre du Directoire et responsable de Zurich-Suisse orientale \u00e0 partir de d\u00e9but 2023. K\u00fchn agit actuellement en tant que responsable Risk Advisory et Performance Advisory Services et travaille chez BDO depuis 2009. Durant cette p\u00e9riode, il a d\u00e9velopp\u00e9 les services de l'entreprise d'audit, de fiduciaire, de fiscalit\u00e9 et de conseil pour r\u00e9pondre aux d\u00e9fis que le monde num\u00e9rique pose aux organisations. Dans ce contexte, K\u00fchn a largement contribu\u00e9 au positionnement de BDO en tant qu'expert dans les domaines de la cybers\u00e9curit\u00e9, de la blockchain et de l'e-forensics, comme le communique l'entreprise. En tant que membre du BDO Global Leadership Team, d'Ethics and Compliance Switzerland (ECS) et du conseil sp\u00e9cialis\u00e9 \"Soutien dans les questions op\u00e9rationnelles et strat\u00e9giques\" de la Haute \u00e9cole de Lucerne, il apporte son expertise de mani\u00e8re polyvalente. K\u00fchn reste responsable des services Risk Advisory et Performance Advisory. \u00c0 l'avenir, il continuera d'aider ses clients \u00e0 traiter les risques li\u00e9s \u00e0 la fraude et \u00e0 la corruption, \u00e0 d\u00e9velopper des syst\u00e8mes de contr\u00f4le interne et \u00e0 mettre en \u0153uvre des programmes de conformit\u00e9 appropri\u00e9s.<\/p>\n<h3><strong>Andreas Wyss renforce la coop\u00e9ration transfrontali\u00e8re<\/strong><\/h3>\n<p>Apr\u00e8s douze ans au sein du Directoire, Andreas Wyss atteindra fin 2022 la limite de la dur\u00e9e de son mandat et transmettra son poste ainsi que la direction de la r\u00e9gion Zurich-Suisse orientale \u00e0 Stefan K\u00fchn. Wyss, qui travaille chez BDO depuis 1993, continuera \u00e0 mettre au service de BDO ses connaissances sp\u00e9cialis\u00e9es et son \u00e9norme exp\u00e9rience acquise dans le cadre de diff\u00e9rents mandats d'audit et de conseil. L'expert-comptable dipl\u00f4m\u00e9 et partenaire assumera en outre la fonction de \"Head of International Clients &amp; Relationships\" \u00e0 partir du 1er janvier. En tant qu'International Liaison Partner de BDO Suisse, il reste responsable du travail transfrontalier au sein du r\u00e9seau BDO et soutient davantage les r\u00e9gions dans la coordination globale de leurs mandats.<\/p>\n<h3><strong>Yvan Haymoz reprend le si\u00e8ge de la direction et la direction r\u00e9gionale de Ren\u00e9-Marc Blaser<\/strong><\/h3>\n<p>Apr\u00e8s douze ans en tant que membre du Directoire de BDO, Ren\u00e9-Marc Blaser transmettra, \u00e9galement en raison de la limitation de la dur\u00e9e de son mandat, le si\u00e8ge de la direction et la direction r\u00e9gionale de la Suisse romande \u00e0 Yvan Haymoz au 1er janvier 2023. Depuis pr\u00e8s de 30 ans, Ren\u00e9-Marc Blaser contribue de mani\u00e8re d\u00e9terminante \u00e0 la forte croissance de BDO en Suisse romande. Il mettra ponctuellement ses connaissances sp\u00e9cialis\u00e9es \u00e0 profit dans le cadre de quelques mandats jusqu'\u00e0 fin juin de l'ann\u00e9e prochaine, mais quittera BDO le 1er juillet 2023.<\/p>\n<p>Haymoz, d\u00e9j\u00e0 membre de la direction r\u00e9gionale romande, est actuellement responsable de la succursale de Fribourg. Sous sa direction, celle-ci a connu une forte croissance depuis 2012, tant en termes de chiffre d'affaires que de nombre de collaborateurs. \u00c0 l'avenir, il dirigera toutes les activit\u00e9s en Suisse romande, tout en conservant un lien fort avec le march\u00e9 fribourgeois, o\u00f9 il entretient un important r\u00e9seau.<\/p>\n<h3><strong>Nouveaux directeurs de succursales \u00e0 Lausanne et Fribourg<\/strong><\/h3>\n<p>Dans un souci de continuit\u00e9, la direction de BDO \u00e0 Lausanne et celle de BDO \u00e0 Fribourg seront assur\u00e9es par deux collaborateurs dont les comp\u00e9tences sont d\u00e9j\u00e0 convaincantes depuis de nombreuses ann\u00e9es.<br \/>\nJ\u00fcrg Gehring sera responsable de la succursale de Lausanne et Lucien Jordan sera le directeur de la succursale de BDO \u00e0 Fribourg.<\/p>\n<p><em>Source : <a href=\"http:\/\/www.bdo.ch\">BDO<\/a><\/em><\/p>","protected":false},"excerpt":{"rendered":"<p>Die Partnerversammlung von BDO hat mit Stefan K\u00fchn per Anfang 2023 einen langj\u00e4hrigen Mitarbeiter zum Mitglied der Gesch\u00e4ftsleitung und Leiter Z\u00fcrich-Ostschweiz berufen. K\u00fchn agiert zurzeit als Leiter Risk Advisory und Performance Advisory Services und ist seit 2009 bei BDO t\u00e4tig. In dieser Zeit hat er die Dienstleistungen des Wirtschaftspr\u00fcfungs-, Treuhand-, Steuer- und Beratungsunternehmen f\u00fcr die [&hellip;]<\/p>\n","protected":false},"author":4,"featured_media":18309,"comment_status":"closed","ping_status":"closed","sticky":false,"template":"","format":"standard","meta":{"_acf_changed":false,"_yoast_wpseo_focuskw":"Gesch\u00e4ftsleitungsmitglieder","_yoast_wpseo_metadesc":"Am 1. Januar 2023 nehmen mit Stefan K\u00fchn und Yvan Haymoz zwei neue Gesch\u00e4ftsleitungsmitglieder der BDO ihre Arbeit auf.","articlekey":"","footnotes":""},"categories":[28],"tags":[381,492,532],"class_list":["post-18308","post","type-post","status-publish","format-standard","has-post-thumbnail","hentry","category-management","tag-personalia","tag-unternehmen","tag-wirtschaftspruefung"],"acf":[],"yoast_head":"<!-- This site is optimized with the Yoast SEO plugin v27.5 - https:\/\/yoast.com\/product\/yoast-seo-wordpress\/ -->\n<title>Zwei neue Gesch\u00e4ftsleitungsmitglieder bei BDO - Organisator<\/title>\n<meta name=\"description\" content=\"Am 1. Januar 2023 nehmen mit Stefan K\u00fchn und Yvan Haymoz zwei neue Gesch\u00e4ftsleitungsmitglieder der BDO ihre Arbeit auf.\" \/>\n<meta name=\"robots\" content=\"index, follow, max-snippet:-1, max-image-preview:large, max-video-preview:-1\" \/>\n<link rel=\"canonical\" href=\"https:\/\/www.organisator.ch\/fr\/gestion-2\/2022-12-16\/zwei-neue-geschaeftsleitungsmitglieder-bei-bdo\/\" \/>\n<meta property=\"og:locale\" content=\"fr_FR\" \/>\n<meta property=\"og:type\" content=\"article\" \/>\n<meta property=\"og:title\" content=\"Zwei neue Gesch\u00e4ftsleitungsmitglieder bei BDO\" \/>\n<meta property=\"og:description\" content=\"Am 1. Januar 2023 nehmen mit Stefan K\u00fchn und Yvan Haymoz zwei neue Gesch\u00e4ftsleitungsmitglieder der BDO ihre Arbeit auf.\" \/>\n<meta property=\"og:url\" content=\"https:\/\/www.organisator.ch\/fr\/gestion-2\/2022-12-16\/zwei-neue-geschaeftsleitungsmitglieder-bei-bdo\/\" \/>\n<meta property=\"og:site_name\" content=\"Organisator\" \/>\n<meta property=\"article:publisher\" content=\"https:\/\/www.facebook.com\/OrganisatorFachmagazin\" \/>\n<meta property=\"article:published_time\" content=\"2022-12-16T04:55:59+00:00\" \/>\n<meta property=\"og:image\" content=\"https:\/\/www.organisator.ch\/wp-content\/uploads\/2022\/12\/Zwei-neue-Geschaeftsleitungsmitglieder-bei-BDO_Organisator.jpg\" \/>\n\t<meta property=\"og:image:width\" content=\"680\" \/>\n\t<meta property=\"og:image:height\" content=\"379\" \/>\n\t<meta property=\"og:image:type\" content=\"image\/jpeg\" \/>\n<meta name=\"author\" content=\"thomas.berner\" \/>\n<meta name=\"twitter:card\" content=\"summary_large_image\" \/>\n<meta name=\"twitter:title\" content=\"Zwei neue #Gesch\u00e4ftsleitungsmitglieder bei #BDO\" \/>\n<meta name=\"twitter:description\" content=\"Am 1. Januar 2023 nehmen mit Stefan #K\u00fchn und Yvan #Haymoz zwei neue #Gesch\u00e4ftsleitungsmitglieder der #BDO ihre Arbeit auf.\" \/>\n<meta name=\"twitter:image\" content=\"https:\/\/www.organisator.ch\/wp-content\/uploads\/2022\/12\/Zwei-neue-Geschaeftsleitungsmitglieder-bei-BDO_Organisator.jpg\" \/>\n<script type=\"application\/ld+json\" class=\"yoast-schema-graph\">{\"@context\":\"https:\\\/\\\/schema.org\",\"@graph\":[{\"@type\":\"Article\",\"@id\":\"https:\\\/\\\/www.organisator.ch\\\/management\\\/2022-12-16\\\/zwei-neue-geschaeftsleitungsmitglieder-bei-bdo\\\/#article\",\"isPartOf\":{\"@id\":\"https:\\\/\\\/www.organisator.ch\\\/management\\\/2022-12-16\\\/zwei-neue-geschaeftsleitungsmitglieder-bei-bdo\\\/\"},\"author\":{\"name\":\"thomas.berner\",\"@id\":\"https:\\\/\\\/www.organisator.ch\\\/#\\\/schema\\\/person\\\/6f650f90b2842cd4c0cc334b4e36f67e\"},\"headline\":\"Zwei neue Gesch\u00e4ftsleitungsmitglieder bei BDO\",\"datePublished\":\"2022-12-16T04:55:59+00:00\",\"mainEntityOfPage\":{\"@id\":\"https:\\\/\\\/www.organisator.ch\\\/management\\\/2022-12-16\\\/zwei-neue-geschaeftsleitungsmitglieder-bei-bdo\\\/\"},\"wordCount\":520,\"publisher\":{\"@id\":\"https:\\\/\\\/www.organisator.ch\\\/#organization\"},\"image\":{\"@id\":\"https:\\\/\\\/www.organisator.ch\\\/management\\\/2022-12-16\\\/zwei-neue-geschaeftsleitungsmitglieder-bei-bdo\\\/#primaryimage\"},\"thumbnailUrl\":\"https:\\\/\\\/www.organisator.ch\\\/wp-content\\\/uploads\\\/2022\\\/12\\\/Zwei-neue-Geschaeftsleitungsmitglieder-bei-BDO_Organisator.jpg\",\"keywords\":[\"Personalia\",\"Unternehmen\",\"Wirtschaftspr\u00fcfung\"],\"articleSection\":[\"MANAGEMENT\"],\"inLanguage\":\"fr-FR\"},{\"@type\":\"WebPage\",\"@id\":\"https:\\\/\\\/www.organisator.ch\\\/management\\\/2022-12-16\\\/zwei-neue-geschaeftsleitungsmitglieder-bei-bdo\\\/\",\"url\":\"https:\\\/\\\/www.organisator.ch\\\/management\\\/2022-12-16\\\/zwei-neue-geschaeftsleitungsmitglieder-bei-bdo\\\/\",\"name\":\"Zwei neue Gesch\u00e4ftsleitungsmitglieder bei BDO - Organisator\",\"isPartOf\":{\"@id\":\"https:\\\/\\\/www.organisator.ch\\\/#website\"},\"primaryImageOfPage\":{\"@id\":\"https:\\\/\\\/www.organisator.ch\\\/management\\\/2022-12-16\\\/zwei-neue-geschaeftsleitungsmitglieder-bei-bdo\\\/#primaryimage\"},\"image\":{\"@id\":\"https:\\\/\\\/www.organisator.ch\\\/management\\\/2022-12-16\\\/zwei-neue-geschaeftsleitungsmitglieder-bei-bdo\\\/#primaryimage\"},\"thumbnailUrl\":\"https:\\\/\\\/www.organisator.ch\\\/wp-content\\\/uploads\\\/2022\\\/12\\\/Zwei-neue-Geschaeftsleitungsmitglieder-bei-BDO_Organisator.jpg\",\"datePublished\":\"2022-12-16T04:55:59+00:00\",\"description\":\"Am 1. Januar 2023 nehmen mit Stefan K\u00fchn und Yvan Haymoz zwei neue Gesch\u00e4ftsleitungsmitglieder der BDO ihre Arbeit auf.\",\"breadcrumb\":{\"@id\":\"https:\\\/\\\/www.organisator.ch\\\/management\\\/2022-12-16\\\/zwei-neue-geschaeftsleitungsmitglieder-bei-bdo\\\/#breadcrumb\"},\"inLanguage\":\"fr-FR\",\"potentialAction\":[{\"@type\":\"ReadAction\",\"target\":[\"https:\\\/\\\/www.organisator.ch\\\/management\\\/2022-12-16\\\/zwei-neue-geschaeftsleitungsmitglieder-bei-bdo\\\/\"]}]},{\"@type\":\"ImageObject\",\"inLanguage\":\"fr-FR\",\"@id\":\"https:\\\/\\\/www.organisator.ch\\\/management\\\/2022-12-16\\\/zwei-neue-geschaeftsleitungsmitglieder-bei-bdo\\\/#primaryimage\",\"url\":\"https:\\\/\\\/www.organisator.ch\\\/wp-content\\\/uploads\\\/2022\\\/12\\\/Zwei-neue-Geschaeftsleitungsmitglieder-bei-BDO_Organisator.jpg\",\"contentUrl\":\"https:\\\/\\\/www.organisator.ch\\\/wp-content\\\/uploads\\\/2022\\\/12\\\/Zwei-neue-Geschaeftsleitungsmitglieder-bei-BDO_Organisator.jpg\",\"width\":680,\"height\":379,\"caption\":\"Die zwei neuen Gesch\u00e4ftsleitungsmitglieder bei BDO: Stefan K\u00fchn (links) und Yvan Haymoz. (Bilder: BDO)\"},{\"@type\":\"BreadcrumbList\",\"@id\":\"https:\\\/\\\/www.organisator.ch\\\/management\\\/2022-12-16\\\/zwei-neue-geschaeftsleitungsmitglieder-bei-bdo\\\/#breadcrumb\",\"itemListElement\":[{\"@type\":\"ListItem\",\"position\":1,\"name\":\"Home\",\"item\":\"https:\\\/\\\/www.organisator.ch\\\/\"},{\"@type\":\"ListItem\",\"position\":2,\"name\":\"Zwei neue Gesch\u00e4ftsleitungsmitglieder bei BDO\"}]},{\"@type\":\"WebSite\",\"@id\":\"https:\\\/\\\/www.organisator.ch\\\/#website\",\"url\":\"https:\\\/\\\/www.organisator.ch\\\/\",\"name\":\"Organisator\",\"description\":\"Kompetent. Praxisnah. Der ORGANISATOR bereitet in 10 Ausgaben pro Jahr die wesentlichen Themen f\u00fcr F\u00fchrungskr\u00e4fte von KMU auf.\",\"publisher\":{\"@id\":\"https:\\\/\\\/www.organisator.ch\\\/#organization\"},\"potentialAction\":[{\"@type\":\"SearchAction\",\"target\":{\"@type\":\"EntryPoint\",\"urlTemplate\":\"https:\\\/\\\/www.organisator.ch\\\/?s={search_term_string}\"},\"query-input\":{\"@type\":\"PropertyValueSpecification\",\"valueRequired\":true,\"valueName\":\"search_term_string\"}}],\"inLanguage\":\"fr-FR\"},{\"@type\":\"Organization\",\"@id\":\"https:\\\/\\\/www.organisator.ch\\\/#organization\",\"name\":\"Organisator\",\"url\":\"https:\\\/\\\/www.organisator.ch\\\/\",\"logo\":{\"@type\":\"ImageObject\",\"inLanguage\":\"fr-FR\",\"@id\":\"https:\\\/\\\/www.organisator.ch\\\/#\\\/schema\\\/logo\\\/image\\\/\",\"url\":\"https:\\\/\\\/www.organisator.ch\\\/wp-content\\\/uploads\\\/2022\\\/01\\\/Logo_Organisator_Website.png\",\"contentUrl\":\"https:\\\/\\\/www.organisator.ch\\\/wp-content\\\/uploads\\\/2022\\\/01\\\/Logo_Organisator_Website.png\",\"width\":800,\"height\":77,\"caption\":\"Organisator\"},\"image\":{\"@id\":\"https:\\\/\\\/www.organisator.ch\\\/#\\\/schema\\\/logo\\\/image\\\/\"},\"sameAs\":[\"https:\\\/\\\/www.facebook.com\\\/OrganisatorFachmagazin\",\"https:\\\/\\\/www.linkedin.com\\\/showcase\\\/organisator-das-magazin-fr-kmu\",\"https:\\\/\\\/www.xing.com\\\/news\\\/pages\\\/organisator-ch-695\",\"https:\\\/\\\/www.youtube.com\\\/channel\\\/UCGP2Sq0iWaZwT3BdIAQFYpw\"]},{\"@type\":\"Person\",\"@id\":\"https:\\\/\\\/www.organisator.ch\\\/#\\\/schema\\\/person\\\/6f650f90b2842cd4c0cc334b4e36f67e\",\"name\":\"thomas.berner\",\"image\":{\"@type\":\"ImageObject\",\"inLanguage\":\"fr-FR\",\"@id\":\"https:\\\/\\\/secure.gravatar.com\\\/avatar\\\/ac5001d2a36cb6c6cd3e50789007ffca834b477b74a2144564522e944eabff61?s=96&d=mm&r=g\",\"url\":\"https:\\\/\\\/secure.gravatar.com\\\/avatar\\\/ac5001d2a36cb6c6cd3e50789007ffca834b477b74a2144564522e944eabff61?s=96&d=mm&r=g\",\"contentUrl\":\"https:\\\/\\\/secure.gravatar.com\\\/avatar\\\/ac5001d2a36cb6c6cd3e50789007ffca834b477b74a2144564522e944eabff61?s=96&d=mm&r=g\",\"caption\":\"thomas.berner\"},\"url\":\"https:\\\/\\\/www.organisator.ch\\\/fr\\\/author\\\/thomas-berner\\\/\"}]}<\/script>\n<!-- \/ Yoast SEO plugin. -->","yoast_head_json":{"title":"Deux nouveaux membres de la direction chez BDO - Organisateur","description":"Le 1er janvier 2023, deux nouveaux membres de la direction de BDO prendront leurs fonctions : Stefan K\u00fchn et Yvan Haymoz.","robots":{"index":"index","follow":"follow","max-snippet":"max-snippet:-1","max-image-preview":"max-image-preview:large","max-video-preview":"max-video-preview:-1"},"canonical":"https:\/\/www.organisator.ch\/fr\/gestion-2\/2022-12-16\/zwei-neue-geschaeftsleitungsmitglieder-bei-bdo\/","og_locale":"fr_FR","og_type":"article","og_title":"Zwei neue Gesch\u00e4ftsleitungsmitglieder bei BDO","og_description":"Am 1. Januar 2023 nehmen mit Stefan K\u00fchn und Yvan Haymoz zwei neue Gesch\u00e4ftsleitungsmitglieder der BDO ihre Arbeit auf.","og_url":"https:\/\/www.organisator.ch\/fr\/gestion-2\/2022-12-16\/zwei-neue-geschaeftsleitungsmitglieder-bei-bdo\/","og_site_name":"Organisator","article_publisher":"https:\/\/www.facebook.com\/OrganisatorFachmagazin","article_published_time":"2022-12-16T04:55:59+00:00","og_image":[{"width":680,"height":379,"url":"https:\/\/www.organisator.ch\/wp-content\/uploads\/2022\/12\/Zwei-neue-Geschaeftsleitungsmitglieder-bei-BDO_Organisator.jpg","type":"image\/jpeg"}],"author":"thomas.berner","twitter_card":"summary_large_image","twitter_title":"Zwei neue #Gesch\u00e4ftsleitungsmitglieder bei #BDO","twitter_description":"Am 1. Januar 2023 nehmen mit Stefan #K\u00fchn und Yvan #Haymoz zwei neue #Gesch\u00e4ftsleitungsmitglieder der #BDO ihre Arbeit auf.","twitter_image":"https:\/\/www.organisator.ch\/wp-content\/uploads\/2022\/12\/Zwei-neue-Geschaeftsleitungsmitglieder-bei-BDO_Organisator.jpg","schema":{"@context":"https:\/\/schema.org","@graph":[{"@type":"Article","@id":"https:\/\/www.organisator.ch\/management\/2022-12-16\/zwei-neue-geschaeftsleitungsmitglieder-bei-bdo\/#article","isPartOf":{"@id":"https:\/\/www.organisator.ch\/management\/2022-12-16\/zwei-neue-geschaeftsleitungsmitglieder-bei-bdo\/"},"author":{"name":"thomas.berner","@id":"https:\/\/www.organisator.ch\/#\/schema\/person\/6f650f90b2842cd4c0cc334b4e36f67e"},"headline":"Zwei neue Gesch\u00e4ftsleitungsmitglieder bei BDO","datePublished":"2022-12-16T04:55:59+00:00","mainEntityOfPage":{"@id":"https:\/\/www.organisator.ch\/management\/2022-12-16\/zwei-neue-geschaeftsleitungsmitglieder-bei-bdo\/"},"wordCount":520,"publisher":{"@id":"https:\/\/www.organisator.ch\/#organization"},"image":{"@id":"https:\/\/www.organisator.ch\/management\/2022-12-16\/zwei-neue-geschaeftsleitungsmitglieder-bei-bdo\/#primaryimage"},"thumbnailUrl":"https:\/\/www.organisator.ch\/wp-content\/uploads\/2022\/12\/Zwei-neue-Geschaeftsleitungsmitglieder-bei-BDO_Organisator.jpg","keywords":["Personalia","Unternehmen","Wirtschaftspr\u00fcfung"],"articleSection":["MANAGEMENT"],"inLanguage":"fr-FR"},{"@type":"WebPage","@id":"https:\/\/www.organisator.ch\/management\/2022-12-16\/zwei-neue-geschaeftsleitungsmitglieder-bei-bdo\/","url":"https:\/\/www.organisator.ch\/management\/2022-12-16\/zwei-neue-geschaeftsleitungsmitglieder-bei-bdo\/","name":"Deux nouveaux membres de la direction chez BDO - Organisateur","isPartOf":{"@id":"https:\/\/www.organisator.ch\/#website"},"primaryImageOfPage":{"@id":"https:\/\/www.organisator.ch\/management\/2022-12-16\/zwei-neue-geschaeftsleitungsmitglieder-bei-bdo\/#primaryimage"},"image":{"@id":"https:\/\/www.organisator.ch\/management\/2022-12-16\/zwei-neue-geschaeftsleitungsmitglieder-bei-bdo\/#primaryimage"},"thumbnailUrl":"https:\/\/www.organisator.ch\/wp-content\/uploads\/2022\/12\/Zwei-neue-Geschaeftsleitungsmitglieder-bei-BDO_Organisator.jpg","datePublished":"2022-12-16T04:55:59+00:00","description":"Le 1er janvier 2023, deux nouveaux membres de la direction de BDO prendront leurs fonctions : Stefan K\u00fchn et Yvan Haymoz.","breadcrumb":{"@id":"https:\/\/www.organisator.ch\/management\/2022-12-16\/zwei-neue-geschaeftsleitungsmitglieder-bei-bdo\/#breadcrumb"},"inLanguage":"fr-FR","potentialAction":[{"@type":"ReadAction","target":["https:\/\/www.organisator.ch\/management\/2022-12-16\/zwei-neue-geschaeftsleitungsmitglieder-bei-bdo\/"]}]},{"@type":"ImageObject","inLanguage":"fr-FR","@id":"https:\/\/www.organisator.ch\/management\/2022-12-16\/zwei-neue-geschaeftsleitungsmitglieder-bei-bdo\/#primaryimage","url":"https:\/\/www.organisator.ch\/wp-content\/uploads\/2022\/12\/Zwei-neue-Geschaeftsleitungsmitglieder-bei-BDO_Organisator.jpg","contentUrl":"https:\/\/www.organisator.ch\/wp-content\/uploads\/2022\/12\/Zwei-neue-Geschaeftsleitungsmitglieder-bei-BDO_Organisator.jpg","width":680,"height":379,"caption":"Die zwei neuen Gesch\u00e4ftsleitungsmitglieder bei BDO: Stefan K\u00fchn (links) und Yvan Haymoz. (Bilder: BDO)"},{"@type":"BreadcrumbList","@id":"https:\/\/www.organisator.ch\/management\/2022-12-16\/zwei-neue-geschaeftsleitungsmitglieder-bei-bdo\/#breadcrumb","itemListElement":[{"@type":"ListItem","position":1,"name":"Home","item":"https:\/\/www.organisator.ch\/"},{"@type":"ListItem","position":2,"name":"Zwei neue Gesch\u00e4ftsleitungsmitglieder bei BDO"}]},{"@type":"WebSite","@id":"https:\/\/www.organisator.ch\/#website","url":"https:\/\/www.organisator.ch\/","name":"Organisateur","description":"Comp\u00e9tence et comp\u00e9tence. Proches de la pratique. L'ORGANISATEUR pr\u00e9pare 10 num\u00e9ros par an sur les th\u00e8mes essentiels pour les dirigeants de PME.","publisher":{"@id":"https:\/\/www.organisator.ch\/#organization"},"potentialAction":[{"@type":"SearchAction","target":{"@type":"EntryPoint","urlTemplate":"https:\/\/www.organisator.ch\/?s={search_term_string}"},"query-input":{"@type":"PropertyValueSpecification","valueRequired":true,"valueName":"search_term_string"}}],"inLanguage":"fr-FR"},{"@type":"Organization","@id":"https:\/\/www.organisator.ch\/#organization","name":"Organisateur","url":"https:\/\/www.organisator.ch\/","logo":{"@type":"ImageObject","inLanguage":"fr-FR","@id":"https:\/\/www.organisator.ch\/#\/schema\/logo\/image\/","url":"https:\/\/www.organisator.ch\/wp-content\/uploads\/2022\/01\/Logo_Organisator_Website.png","contentUrl":"https:\/\/www.organisator.ch\/wp-content\/uploads\/2022\/01\/Logo_Organisator_Website.png","width":800,"height":77,"caption":"Organisator"},"image":{"@id":"https:\/\/www.organisator.ch\/#\/schema\/logo\/image\/"},"sameAs":["https:\/\/www.facebook.com\/OrganisatorFachmagazin","https:\/\/www.linkedin.com\/showcase\/organisator-das-magazin-fr-kmu","https:\/\/www.xing.com\/news\/pages\/organisator-ch-695","https:\/\/www.youtube.com\/channel\/UCGP2Sq0iWaZwT3BdIAQFYpw"]},{"@type":"Person","@id":"https:\/\/www.organisator.ch\/#\/schema\/person\/6f650f90b2842cd4c0cc334b4e36f67e","name":"thomas.berner","image":{"@type":"ImageObject","inLanguage":"fr-FR","@id":"https:\/\/secure.gravatar.com\/avatar\/ac5001d2a36cb6c6cd3e50789007ffca834b477b74a2144564522e944eabff61?s=96&d=mm&r=g","url":"https:\/\/secure.gravatar.com\/avatar\/ac5001d2a36cb6c6cd3e50789007ffca834b477b74a2144564522e944eabff61?s=96&d=mm&r=g","contentUrl":"https:\/\/secure.gravatar.com\/avatar\/ac5001d2a36cb6c6cd3e50789007ffca834b477b74a2144564522e944eabff61?s=96&d=mm&r=g","caption":"thomas.berner"},"url":"https:\/\/www.organisator.ch\/fr\/author\/thomas-berner\/"}]}},"_links":{"self":[{"href":"https:\/\/www.organisator.ch\/fr\/wp-json\/wp\/v2\/posts\/18308","targetHints":{"allow":["GET"]}}],"collection":[{"href":"https:\/\/www.organisator.ch\/fr\/wp-json\/wp\/v2\/posts"}],"about":[{"href":"https:\/\/www.organisator.ch\/fr\/wp-json\/wp\/v2\/types\/post"}],"author":[{"embeddable":true,"href":"https:\/\/www.organisator.ch\/fr\/wp-json\/wp\/v2\/users\/4"}],"replies":[{"embeddable":true,"href":"https:\/\/www.organisator.ch\/fr\/wp-json\/wp\/v2\/comments?post=18308"}],"version-history":[{"count":1,"href":"https:\/\/www.organisator.ch\/fr\/wp-json\/wp\/v2\/posts\/18308\/revisions"}],"predecessor-version":[{"id":18310,"href":"https:\/\/www.organisator.ch\/fr\/wp-json\/wp\/v2\/posts\/18308\/revisions\/18310"}],"wp:featuredmedia":[{"embeddable":true,"href":"https:\/\/www.organisator.ch\/fr\/wp-json\/wp\/v2\/media\/18309"}],"wp:attachment":[{"href":"https:\/\/www.organisator.ch\/fr\/wp-json\/wp\/v2\/media?parent=18308"}],"wp:term":[{"taxonomy":"category","embeddable":true,"href":"https:\/\/www.organisator.ch\/fr\/wp-json\/wp\/v2\/categories?post=18308"},{"taxonomy":"post_tag","embeddable":true,"href":"https:\/\/www.organisator.ch\/fr\/wp-json\/wp\/v2\/tags?post=18308"}],"curies":[{"name":"wp","href":"https:\/\/api.w.org\/{rel}","templated":true}]}}