{"id":18318,"date":"2022-12-16T06:18:16","date_gmt":"2022-12-16T05:18:16","guid":{"rendered":"https:\/\/www.m-q.ch\/?p=17346"},"modified":"2024-11-19T13:40:01","modified_gmt":"2024-11-19T12:40:01","slug":"wie-laesst-sich-akzeptiertes-und-gelebtes-qualitaetsmanagement-foerdern","status":"publish","type":"post","link":"https:\/\/www.organisator.ch\/fr\/operational-excellence\/2022-12-16\/wie-laesst-sich-akzeptiertes-und-gelebtes-qualitaetsmanagement-foerdern\/","title":{"rendered":"Comment promouvoir une gestion de la qualit\u00e9 accept\u00e9e et v\u00e9cue ?"},"content":{"rendered":"<figure id=\"attachment_17347\" class=\"wp-caption alignnone\" style=\"width: 680px\" aria-describedby=\"caption-attachment-17347\"><img class=\"alignnone wp-image-17347 size-full\" src=\"https:\/\/www.m-q.ch\/wp-content\/uploads\/2022\/12\/Wie-laesst-sich-akzeptiertes-und-gelebtes-Qualitaetsmanagement-foerdern_MQ.jpg\" alt=\"Gestion de la qualit\u00e9 \" width=\"680\" height=\"491\" \/>\r\n<figcaption id=\"caption-attachment-17347\" class=\"wp-caption-text\">Promouvoir une gestion de la qualit\u00e9 accept\u00e9e et v\u00e9cue - avec un<br \/>\r\napproche orient\u00e9e processus pour la communication interne (Image : ConSense GmbH)<\/figcaption>\r\n<\/figure>\r\n<p>La participation des collaborateurs est, entre autres, d\u00e9terminante pour le succ\u00e8s d'un syst\u00e8me de gestion. Les experts en GQ de <a href=\"https:\/\/www.consense-gmbh.de\/dienstleistungen\/consense-management-consulting\/\">ConSense Management Consulting,<\/a> les services de conseil du d\u00e9veloppeur de logiciels d'Aix-la-Chapelle ConSense GmbH, recommandent d'utiliser l'approche orient\u00e9e processus non seulement pour mettre en place un syst\u00e8me de gestion de la qualit\u00e9 ou de gestion int\u00e9gr\u00e9e bas\u00e9 sur un logiciel, mais aussi pour encourager la communication interne. En effet, il en r\u00e9sulte des propositions d'am\u00e9lioration qui aident le syst\u00e8me \u00e0 \u00eatre davantage utilis\u00e9 et bien accept\u00e9.<\/p>\r\n<h3><strong>Approche ax\u00e9e sur les processus : favoriser la gestion des connaissances et l'apprentissage en commun<\/strong><\/h3>\r\n<p>Cette approche ax\u00e9e sur les processus pour soutenir la communication interne implique la mod\u00e9lisation et l'optimisation des processus avec la participation des collaborateurs. Les connaissances et les m\u00e9thodes relatives aux diff\u00e9rents processus sont collect\u00e9es, les points de vue sont \u00e9chang\u00e9s et une image commune de chaque t\u00e2che est \u00e9labor\u00e9e. La m\u00e9thode SIPOC, un principe de conception issu du lean management, permet de repr\u00e9senter les processus et les proc\u00e9dures de mani\u00e8re l\u00e9g\u00e8re, transparente et compr\u00e9hensible avec un niveau de d\u00e9tail relativement faible. L'\u00e9laboration en \u00e9quipe permet de cr\u00e9er une base uniforme et visualis\u00e9e \u00e0 partir de laquelle il est plus facile de proc\u00e9der \u00e0 des modifications, des mises \u00e0 jour et des am\u00e9liorations ult\u00e9rieures, puisque tous les participants partent de la m\u00eame base.<\/p>\r\n<h3><strong>Des remarques sur les processus aux canaux de discussion : Partager les connaissances et les exp\u00e9riences<\/strong><\/h3>\r\n<p>Comme les connaissances empiriques ne peuvent pas \u00eatre enti\u00e8rement transmises par la documentation, ConSense Management Consulting mise sur un \u00e9change et une collaboration \u00e9troits entre les collaborateurs. Les solutions logicielles de cette entreprise sont con\u00e7ues dans ce but et offrent \u00e0 leurs utilisateurs diverses possibilit\u00e9s de poser des questions, d'\u00e9mettre des id\u00e9es et de faire des propositions dans les processus de l'entreprise. Il est par exemple possible d'enregistrer des \u00e9valuations ou des remarques sur les processus. En outre, les canaux de discussion permettent une communication et une collaboration directes au sein du syst\u00e8me de gestion. Les processus et les activit\u00e9s sont ainsi toujours examin\u00e9s ensemble par les participants, qui \u00e9changent leurs exp\u00e9riences et leurs connaissances \u00e0 ce sujet et optimisent ou d\u00e9veloppent les proc\u00e9dures. La valeur des mod\u00e9lisations de processus r\u00e9side donc non seulement dans la visualisation et l'analyse des processus et de leur potentiel d'am\u00e9lioration, mais aussi dans le soutien de la communication au sein des \u00e9quipes ou entre les services. En m\u00eame temps, cela permet de cr\u00e9er une compr\u00e9hension commune des processus de travail.<\/p>\r\n<h3><strong>Webinaires et ateliers pour une mise en pratique<\/strong><\/h3>\r\n<p>Les experts en syst\u00e8mes de gestion de l'entreprise de logiciels d'Aix-la-Chapelle expliquent comment r\u00e9aliser une mise en \u0153uvre adapt\u00e9e \u00e0 l'application et ce \u00e0 quoi il faut faire attention. ConSense Management Consulting soutient la mod\u00e9lisation des processus en fonction de la pratique et de l'application, en consid\u00e9rant l'entreprise dans sa globalit\u00e9. Celle-ci prend en compte de la m\u00eame mani\u00e8re les trois domaines de conception que sont la technique, l'organisation et les hommes. Le webinaire du ConSense Campus \"<a href=\"https:\/\/www.consense-gmbh.de\/dienstleistungen\/consense-campus\/registrierung\/?tx_sfeventmgt_pievent%5Baction%5D=registration&amp;tx_sfeventmgt_pievent%5Bcontroller%5D=Event&amp;tx_sfeventmgt_pievent%5Bevent%5D=388\">Des processus d'un seul tenant gr\u00e2ce \u00e0 un guide de style pour les descriptions de processus<\/a><u>\"<\/u>qui aura lieu par exemple le 9 mars 2023. Pour une \u00e9tude plus approfondie, l'atelier d'une journ\u00e9e \"ConSense Styleguide pour la mod\u00e9lisation des processus\", dont la date est fix\u00e9e sur demande, est id\u00e9al.<\/p>\n<p class=\"syndicated-attribution\">Cet article est paru initialement sur m-q.ch - <a href=\"https:\/\/www.m-q.ch\/de\/wie-laesst-sich-akzeptiertes-und-gelebtes-qualitaetsmanagement-foerdern\/\" target=\"_blank\">https:\/\/www.m-q.ch\/de\/wie-laesst-sich-akzeptiertes-und-gelebtes-qualitaetsmanagement-foerdern\/<\/a><\/p>","protected":false},"excerpt":{"rendered":"<p>F\u00fcr den Erfolg eines Managementsystems ist unter anderem die Beteiligung der Mitarbeitenden entscheidend. Die QM-Experten von ConSense Management Consulting, den Beratungsleistungen des Aachener Softwareentwicklers ConSense GmbH, empfehlen, den prozessorientierten Ansatz nicht nur zum Aufbau eines softwarebasierten Qualit\u00e4tsmanagement- oder Integrierten Managementsystems zu nutzen, sondern auch zur F\u00f6rderung der internen Kommunikation. Denn daraus entstehen Verbesserungsvorschl\u00e4ge, die dem [\u2026]<\/p>\n","protected":false},"author":8,"featured_media":0,"comment_status":"closed","ping_status":"closed","sticky":false,"template":"","format":"standard","meta":{"_acf_changed":false,"_yoast_wpseo_focuskw":"Qualit\u00e4tsmanagement","_yoast_wpseo_metadesc":"Effektives Qualit\u00e4tsmanagement: Prozessorientierter Ansatz f\u00f6rdert interne Kommunikation und Zusammenarbeit in Unternehmen.","articlekey":"","footnotes":""},"categories":[582],"tags":[],"class_list":["post-18318","post","type-post","status-publish","format-standard","hentry","category-operational-excellence"],"acf":[],"yoast_head":"<!-- This site is optimized with the Yoast SEO plugin v27.5 - https:\/\/yoast.com\/product\/yoast-seo-wordpress\/ -->\n<title>Wie l\u00e4sst sich akzeptiertes und gelebtes Qualit\u00e4tsmanagement f\u00f6rdern? - Organisator<\/title>\n<meta name=\"description\" content=\"Effektives Qualit\u00e4tsmanagement: Prozessorientierter Ansatz f\u00f6rdert interne Kommunikation und Zusammenarbeit in Unternehmen.\" \/>\n<meta name=\"robots\" content=\"index, follow, max-snippet:-1, max-image-preview:large, max-video-preview:-1\" \/>\n<link rel=\"canonical\" href=\"https:\/\/www.organisator.ch\/fr\/excellence-operationnelle\/2022-12-16\/wie-laesst-sich-akzeptiertes-und-gelebtes-qualitaetsmanagement-foerdern\/\" \/>\n<meta property=\"og:locale\" content=\"fr_FR\" \/>\n<meta property=\"og:type\" content=\"article\" \/>\n<meta property=\"og:title\" content=\"Wie l\u00e4sst sich akzeptiertes und gelebtes Qualit\u00e4tsmanagement f\u00f6rdern? - Organisator\" \/>\n<meta property=\"og:description\" content=\"Effektives Qualit\u00e4tsmanagement: Prozessorientierter Ansatz f\u00f6rdert interne Kommunikation und Zusammenarbeit in Unternehmen.\" \/>\n<meta property=\"og:url\" content=\"https:\/\/www.organisator.ch\/fr\/excellence-operationnelle\/2022-12-16\/wie-laesst-sich-akzeptiertes-und-gelebtes-qualitaetsmanagement-foerdern\/\" \/>\n<meta property=\"og:site_name\" content=\"Organisator\" \/>\n<meta property=\"article:publisher\" content=\"https:\/\/www.facebook.com\/OrganisatorFachmagazin\" \/>\n<meta property=\"article:published_time\" content=\"2022-12-16T05:18:16+00:00\" \/>\n<meta property=\"article:modified_time\" content=\"2024-11-19T12:40:01+00:00\" \/>\n<meta name=\"author\" content=\"galledia\" \/>\n<meta name=\"twitter:card\" content=\"summary_large_image\" \/>\n<meta name=\"twitter:creator\" content=\"@admin\" \/>\n<script type=\"application\/ld+json\" class=\"yoast-schema-graph\">{\"@context\":\"https:\\\/\\\/schema.org\",\"@graph\":[{\"@type\":\"Article\",\"@id\":\"https:\\\/\\\/www.organisator.ch\\\/operational-excellence\\\/2022-12-16\\\/wie-laesst-sich-akzeptiertes-und-gelebtes-qualitaetsmanagement-foerdern\\\/#article\",\"isPartOf\":{\"@id\":\"https:\\\/\\\/www.organisator.ch\\\/operational-excellence\\\/2022-12-16\\\/wie-laesst-sich-akzeptiertes-und-gelebtes-qualitaetsmanagement-foerdern\\\/\"},\"author\":{\"name\":\"galledia\",\"@id\":\"https:\\\/\\\/www.organisator.ch\\\/#\\\/schema\\\/person\\\/4e51799071cd2dd1232ac003643ef5f0\"},\"headline\":\"Wie l\u00e4sst sich akzeptiertes und gelebtes Qualit\u00e4tsmanagement f\u00f6rdern?\",\"datePublished\":\"2022-12-16T05:18:16+00:00\",\"dateModified\":\"2024-11-19T12:40:01+00:00\",\"mainEntityOfPage\":{\"@id\":\"https:\\\/\\\/www.organisator.ch\\\/operational-excellence\\\/2022-12-16\\\/wie-laesst-sich-akzeptiertes-und-gelebtes-qualitaetsmanagement-foerdern\\\/\"},\"wordCount\":454,\"publisher\":{\"@id\":\"https:\\\/\\\/www.organisator.ch\\\/#organization\"},\"image\":{\"@id\":\"https:\\\/\\\/www.organisator.ch\\\/operational-excellence\\\/2022-12-16\\\/wie-laesst-sich-akzeptiertes-und-gelebtes-qualitaetsmanagement-foerdern\\\/#primaryimage\"},\"thumbnailUrl\":\"https:\\\/\\\/www.m-q.ch\\\/wp-content\\\/uploads\\\/2022\\\/12\\\/Wie-laesst-sich-akzeptiertes-und-gelebtes-Qualitaetsmanagement-foerdern_MQ.jpg\",\"articleSection\":[\"OPERATIONAL EXCELLENCE\"],\"inLanguage\":\"fr-FR\"},{\"@type\":\"WebPage\",\"@id\":\"https:\\\/\\\/www.organisator.ch\\\/operational-excellence\\\/2022-12-16\\\/wie-laesst-sich-akzeptiertes-und-gelebtes-qualitaetsmanagement-foerdern\\\/\",\"url\":\"https:\\\/\\\/www.organisator.ch\\\/operational-excellence\\\/2022-12-16\\\/wie-laesst-sich-akzeptiertes-und-gelebtes-qualitaetsmanagement-foerdern\\\/\",\"name\":\"Wie l\u00e4sst sich akzeptiertes und gelebtes Qualit\u00e4tsmanagement f\u00f6rdern? - Organisator\",\"isPartOf\":{\"@id\":\"https:\\\/\\\/www.organisator.ch\\\/#website\"},\"primaryImageOfPage\":{\"@id\":\"https:\\\/\\\/www.organisator.ch\\\/operational-excellence\\\/2022-12-16\\\/wie-laesst-sich-akzeptiertes-und-gelebtes-qualitaetsmanagement-foerdern\\\/#primaryimage\"},\"image\":{\"@id\":\"https:\\\/\\\/www.organisator.ch\\\/operational-excellence\\\/2022-12-16\\\/wie-laesst-sich-akzeptiertes-und-gelebtes-qualitaetsmanagement-foerdern\\\/#primaryimage\"},\"thumbnailUrl\":\"https:\\\/\\\/www.m-q.ch\\\/wp-content\\\/uploads\\\/2022\\\/12\\\/Wie-laesst-sich-akzeptiertes-und-gelebtes-Qualitaetsmanagement-foerdern_MQ.jpg\",\"datePublished\":\"2022-12-16T05:18:16+00:00\",\"dateModified\":\"2024-11-19T12:40:01+00:00\",\"description\":\"Effektives Qualit\u00e4tsmanagement: Prozessorientierter Ansatz f\u00f6rdert interne Kommunikation und Zusammenarbeit in Unternehmen.\",\"breadcrumb\":{\"@id\":\"https:\\\/\\\/www.organisator.ch\\\/operational-excellence\\\/2022-12-16\\\/wie-laesst-sich-akzeptiertes-und-gelebtes-qualitaetsmanagement-foerdern\\\/#breadcrumb\"},\"inLanguage\":\"fr-FR\",\"potentialAction\":[{\"@type\":\"ReadAction\",\"target\":[\"https:\\\/\\\/www.organisator.ch\\\/operational-excellence\\\/2022-12-16\\\/wie-laesst-sich-akzeptiertes-und-gelebtes-qualitaetsmanagement-foerdern\\\/\"]}]},{\"@type\":\"ImageObject\",\"inLanguage\":\"fr-FR\",\"@id\":\"https:\\\/\\\/www.organisator.ch\\\/operational-excellence\\\/2022-12-16\\\/wie-laesst-sich-akzeptiertes-und-gelebtes-qualitaetsmanagement-foerdern\\\/#primaryimage\",\"url\":\"https:\\\/\\\/www.m-q.ch\\\/wp-content\\\/uploads\\\/2022\\\/12\\\/Wie-laesst-sich-akzeptiertes-und-gelebtes-Qualitaetsmanagement-foerdern_MQ.jpg\",\"contentUrl\":\"https:\\\/\\\/www.m-q.ch\\\/wp-content\\\/uploads\\\/2022\\\/12\\\/Wie-laesst-sich-akzeptiertes-und-gelebtes-Qualitaetsmanagement-foerdern_MQ.jpg\"},{\"@type\":\"BreadcrumbList\",\"@id\":\"https:\\\/\\\/www.organisator.ch\\\/operational-excellence\\\/2022-12-16\\\/wie-laesst-sich-akzeptiertes-und-gelebtes-qualitaetsmanagement-foerdern\\\/#breadcrumb\",\"itemListElement\":[{\"@type\":\"ListItem\",\"position\":1,\"name\":\"Home\",\"item\":\"https:\\\/\\\/www.organisator.ch\\\/\"},{\"@type\":\"ListItem\",\"position\":2,\"name\":\"Wie l\u00e4sst sich akzeptiertes und gelebtes Qualit\u00e4tsmanagement f\u00f6rdern?\"}]},{\"@type\":\"WebSite\",\"@id\":\"https:\\\/\\\/www.organisator.ch\\\/#website\",\"url\":\"https:\\\/\\\/www.organisator.ch\\\/\",\"name\":\"Organisator\",\"description\":\"Kompetent. Praxisnah. Der ORGANISATOR bereitet in 10 Ausgaben pro Jahr die wesentlichen Themen f\u00fcr F\u00fchrungskr\u00e4fte von KMU auf.\",\"publisher\":{\"@id\":\"https:\\\/\\\/www.organisator.ch\\\/#organization\"},\"potentialAction\":[{\"@type\":\"SearchAction\",\"target\":{\"@type\":\"EntryPoint\",\"urlTemplate\":\"https:\\\/\\\/www.organisator.ch\\\/?s={search_term_string}\"},\"query-input\":{\"@type\":\"PropertyValueSpecification\",\"valueRequired\":true,\"valueName\":\"search_term_string\"}}],\"inLanguage\":\"fr-FR\"},{\"@type\":\"Organization\",\"@id\":\"https:\\\/\\\/www.organisator.ch\\\/#organization\",\"name\":\"Organisator\",\"url\":\"https:\\\/\\\/www.organisator.ch\\\/\",\"logo\":{\"@type\":\"ImageObject\",\"inLanguage\":\"fr-FR\",\"@id\":\"https:\\\/\\\/www.organisator.ch\\\/#\\\/schema\\\/logo\\\/image\\\/\",\"url\":\"https:\\\/\\\/www.organisator.ch\\\/wp-content\\\/uploads\\\/2022\\\/01\\\/Logo_Organisator_Website.png\",\"contentUrl\":\"https:\\\/\\\/www.organisator.ch\\\/wp-content\\\/uploads\\\/2022\\\/01\\\/Logo_Organisator_Website.png\",\"width\":800,\"height\":77,\"caption\":\"Organisator\"},\"image\":{\"@id\":\"https:\\\/\\\/www.organisator.ch\\\/#\\\/schema\\\/logo\\\/image\\\/\"},\"sameAs\":[\"https:\\\/\\\/www.facebook.com\\\/OrganisatorFachmagazin\",\"https:\\\/\\\/www.linkedin.com\\\/showcase\\\/organisator-das-magazin-fr-kmu\",\"https:\\\/\\\/www.xing.com\\\/news\\\/pages\\\/organisator-ch-695\",\"https:\\\/\\\/www.youtube.com\\\/channel\\\/UCGP2Sq0iWaZwT3BdIAQFYpw\"]},{\"@type\":\"Person\",\"@id\":\"https:\\\/\\\/www.organisator.ch\\\/#\\\/schema\\\/person\\\/4e51799071cd2dd1232ac003643ef5f0\",\"name\":\"galledia\",\"image\":{\"@type\":\"ImageObject\",\"inLanguage\":\"fr-FR\",\"@id\":\"https:\\\/\\\/secure.gravatar.com\\\/avatar\\\/78a7f90c01fc2bfc875782a0d4922b37cde2cf184ce347b91316d23cd7f69a36?s=96&d=mm&r=g\",\"url\":\"https:\\\/\\\/secure.gravatar.com\\\/avatar\\\/78a7f90c01fc2bfc875782a0d4922b37cde2cf184ce347b91316d23cd7f69a36?s=96&d=mm&r=g\",\"contentUrl\":\"https:\\\/\\\/secure.gravatar.com\\\/avatar\\\/78a7f90c01fc2bfc875782a0d4922b37cde2cf184ce347b91316d23cd7f69a36?s=96&d=mm&r=g\",\"caption\":\"galledia\"},\"sameAs\":[\"https:\\\/\\\/x.com\\\/admin\"],\"url\":\"https:\\\/\\\/www.organisator.ch\\\/fr\\\/author\\\/galledia\\\/\"}]}<\/script>\n<!-- \/ Yoast SEO plugin. -->","yoast_head_json":{"title":"Comment promouvoir une gestion de la qualit\u00e9 accept\u00e9e et v\u00e9cue ? - Organisateur","description":"Gestion efficace de la qualit\u00e9 : l'approche ax\u00e9e sur les processus favorise la communication interne et la collaboration au sein des entreprises.","robots":{"index":"index","follow":"follow","max-snippet":"max-snippet:-1","max-image-preview":"max-image-preview:large","max-video-preview":"max-video-preview:-1"},"canonical":"https:\/\/www.organisator.ch\/fr\/excellence-operationnelle\/2022-12-16\/wie-laesst-sich-akzeptiertes-und-gelebtes-qualitaetsmanagement-foerdern\/","og_locale":"fr_FR","og_type":"article","og_title":"Wie l\u00e4sst sich akzeptiertes und gelebtes Qualit\u00e4tsmanagement f\u00f6rdern? - Organisator","og_description":"Effektives Qualit\u00e4tsmanagement: Prozessorientierter Ansatz f\u00f6rdert interne Kommunikation und Zusammenarbeit in Unternehmen.","og_url":"https:\/\/www.organisator.ch\/fr\/excellence-operationnelle\/2022-12-16\/wie-laesst-sich-akzeptiertes-und-gelebtes-qualitaetsmanagement-foerdern\/","og_site_name":"Organisator","article_publisher":"https:\/\/www.facebook.com\/OrganisatorFachmagazin","article_published_time":"2022-12-16T05:18:16+00:00","article_modified_time":"2024-11-19T12:40:01+00:00","author":"galledia","twitter_card":"summary_large_image","twitter_creator":"@admin","schema":{"@context":"https:\/\/schema.org","@graph":[{"@type":"Article","@id":"https:\/\/www.organisator.ch\/operational-excellence\/2022-12-16\/wie-laesst-sich-akzeptiertes-und-gelebtes-qualitaetsmanagement-foerdern\/#article","isPartOf":{"@id":"https:\/\/www.organisator.ch\/operational-excellence\/2022-12-16\/wie-laesst-sich-akzeptiertes-und-gelebtes-qualitaetsmanagement-foerdern\/"},"author":{"name":"galledia","@id":"https:\/\/www.organisator.ch\/#\/schema\/person\/4e51799071cd2dd1232ac003643ef5f0"},"headline":"Wie l\u00e4sst sich akzeptiertes und gelebtes Qualit\u00e4tsmanagement f\u00f6rdern?","datePublished":"2022-12-16T05:18:16+00:00","dateModified":"2024-11-19T12:40:01+00:00","mainEntityOfPage":{"@id":"https:\/\/www.organisator.ch\/operational-excellence\/2022-12-16\/wie-laesst-sich-akzeptiertes-und-gelebtes-qualitaetsmanagement-foerdern\/"},"wordCount":454,"publisher":{"@id":"https:\/\/www.organisator.ch\/#organization"},"image":{"@id":"https:\/\/www.organisator.ch\/operational-excellence\/2022-12-16\/wie-laesst-sich-akzeptiertes-und-gelebtes-qualitaetsmanagement-foerdern\/#primaryimage"},"thumbnailUrl":"https:\/\/www.m-q.ch\/wp-content\/uploads\/2022\/12\/Wie-laesst-sich-akzeptiertes-und-gelebtes-Qualitaetsmanagement-foerdern_MQ.jpg","articleSection":["OPERATIONAL EXCELLENCE"],"inLanguage":"fr-FR"},{"@type":"WebPage","@id":"https:\/\/www.organisator.ch\/operational-excellence\/2022-12-16\/wie-laesst-sich-akzeptiertes-und-gelebtes-qualitaetsmanagement-foerdern\/","url":"https:\/\/www.organisator.ch\/operational-excellence\/2022-12-16\/wie-laesst-sich-akzeptiertes-und-gelebtes-qualitaetsmanagement-foerdern\/","name":"Comment promouvoir une gestion de la qualit\u00e9 accept\u00e9e et v\u00e9cue ? - Organisateur","isPartOf":{"@id":"https:\/\/www.organisator.ch\/#website"},"primaryImageOfPage":{"@id":"https:\/\/www.organisator.ch\/operational-excellence\/2022-12-16\/wie-laesst-sich-akzeptiertes-und-gelebtes-qualitaetsmanagement-foerdern\/#primaryimage"},"image":{"@id":"https:\/\/www.organisator.ch\/operational-excellence\/2022-12-16\/wie-laesst-sich-akzeptiertes-und-gelebtes-qualitaetsmanagement-foerdern\/#primaryimage"},"thumbnailUrl":"https:\/\/www.m-q.ch\/wp-content\/uploads\/2022\/12\/Wie-laesst-sich-akzeptiertes-und-gelebtes-Qualitaetsmanagement-foerdern_MQ.jpg","datePublished":"2022-12-16T05:18:16+00:00","dateModified":"2024-11-19T12:40:01+00:00","description":"Gestion efficace de la qualit\u00e9 : l'approche ax\u00e9e sur les processus favorise la communication interne et la collaboration au sein des entreprises.","breadcrumb":{"@id":"https:\/\/www.organisator.ch\/operational-excellence\/2022-12-16\/wie-laesst-sich-akzeptiertes-und-gelebtes-qualitaetsmanagement-foerdern\/#breadcrumb"},"inLanguage":"fr-FR","potentialAction":[{"@type":"ReadAction","target":["https:\/\/www.organisator.ch\/operational-excellence\/2022-12-16\/wie-laesst-sich-akzeptiertes-und-gelebtes-qualitaetsmanagement-foerdern\/"]}]},{"@type":"ImageObject","inLanguage":"fr-FR","@id":"https:\/\/www.organisator.ch\/operational-excellence\/2022-12-16\/wie-laesst-sich-akzeptiertes-und-gelebtes-qualitaetsmanagement-foerdern\/#primaryimage","url":"https:\/\/www.m-q.ch\/wp-content\/uploads\/2022\/12\/Wie-laesst-sich-akzeptiertes-und-gelebtes-Qualitaetsmanagement-foerdern_MQ.jpg","contentUrl":"https:\/\/www.m-q.ch\/wp-content\/uploads\/2022\/12\/Wie-laesst-sich-akzeptiertes-und-gelebtes-Qualitaetsmanagement-foerdern_MQ.jpg"},{"@type":"BreadcrumbList","@id":"https:\/\/www.organisator.ch\/operational-excellence\/2022-12-16\/wie-laesst-sich-akzeptiertes-und-gelebtes-qualitaetsmanagement-foerdern\/#breadcrumb","itemListElement":[{"@type":"ListItem","position":1,"name":"Home","item":"https:\/\/www.organisator.ch\/"},{"@type":"ListItem","position":2,"name":"Wie l\u00e4sst sich akzeptiertes und gelebtes Qualit\u00e4tsmanagement f\u00f6rdern?"}]},{"@type":"WebSite","@id":"https:\/\/www.organisator.ch\/#website","url":"https:\/\/www.organisator.ch\/","name":"Organisateur","description":"Comp\u00e9tence et comp\u00e9tence. Proches de la pratique. L'ORGANISATEUR pr\u00e9pare 10 num\u00e9ros par an sur les th\u00e8mes essentiels pour les dirigeants de PME.","publisher":{"@id":"https:\/\/www.organisator.ch\/#organization"},"potentialAction":[{"@type":"SearchAction","target":{"@type":"EntryPoint","urlTemplate":"https:\/\/www.organisator.ch\/?s={search_term_string}"},"query-input":{"@type":"PropertyValueSpecification","valueRequired":true,"valueName":"search_term_string"}}],"inLanguage":"fr-FR"},{"@type":"Organization","@id":"https:\/\/www.organisator.ch\/#organization","name":"Organisateur","url":"https:\/\/www.organisator.ch\/","logo":{"@type":"ImageObject","inLanguage":"fr-FR","@id":"https:\/\/www.organisator.ch\/#\/schema\/logo\/image\/","url":"https:\/\/www.organisator.ch\/wp-content\/uploads\/2022\/01\/Logo_Organisator_Website.png","contentUrl":"https:\/\/www.organisator.ch\/wp-content\/uploads\/2022\/01\/Logo_Organisator_Website.png","width":800,"height":77,"caption":"Organisator"},"image":{"@id":"https:\/\/www.organisator.ch\/#\/schema\/logo\/image\/"},"sameAs":["https:\/\/www.facebook.com\/OrganisatorFachmagazin","https:\/\/www.linkedin.com\/showcase\/organisator-das-magazin-fr-kmu","https:\/\/www.xing.com\/news\/pages\/organisator-ch-695","https:\/\/www.youtube.com\/channel\/UCGP2Sq0iWaZwT3BdIAQFYpw"]},{"@type":"Person","@id":"https:\/\/www.organisator.ch\/#\/schema\/person\/4e51799071cd2dd1232ac003643ef5f0","name":"galledia","image":{"@type":"ImageObject","inLanguage":"fr-FR","@id":"https:\/\/secure.gravatar.com\/avatar\/78a7f90c01fc2bfc875782a0d4922b37cde2cf184ce347b91316d23cd7f69a36?s=96&d=mm&r=g","url":"https:\/\/secure.gravatar.com\/avatar\/78a7f90c01fc2bfc875782a0d4922b37cde2cf184ce347b91316d23cd7f69a36?s=96&d=mm&r=g","contentUrl":"https:\/\/secure.gravatar.com\/avatar\/78a7f90c01fc2bfc875782a0d4922b37cde2cf184ce347b91316d23cd7f69a36?s=96&d=mm&r=g","caption":"galledia"},"sameAs":["https:\/\/x.com\/admin"],"url":"https:\/\/www.organisator.ch\/fr\/author\/galledia\/"}]}},"_links":{"self":[{"href":"https:\/\/www.organisator.ch\/fr\/wp-json\/wp\/v2\/posts\/18318","targetHints":{"allow":["GET"]}}],"collection":[{"href":"https:\/\/www.organisator.ch\/fr\/wp-json\/wp\/v2\/posts"}],"about":[{"href":"https:\/\/www.organisator.ch\/fr\/wp-json\/wp\/v2\/types\/post"}],"author":[{"embeddable":true,"href":"https:\/\/www.organisator.ch\/fr\/wp-json\/wp\/v2\/users\/8"}],"replies":[{"embeddable":true,"href":"https:\/\/www.organisator.ch\/fr\/wp-json\/wp\/v2\/comments?post=18318"}],"version-history":[{"count":4,"href":"https:\/\/www.organisator.ch\/fr\/wp-json\/wp\/v2\/posts\/18318\/revisions"}],"predecessor-version":[{"id":33502,"href":"https:\/\/www.organisator.ch\/fr\/wp-json\/wp\/v2\/posts\/18318\/revisions\/33502"}],"wp:attachment":[{"href":"https:\/\/www.organisator.ch\/fr\/wp-json\/wp\/v2\/media?parent=18318"}],"wp:term":[{"taxonomy":"category","embeddable":true,"href":"https:\/\/www.organisator.ch\/fr\/wp-json\/wp\/v2\/categories?post=18318"},{"taxonomy":"post_tag","embeddable":true,"href":"https:\/\/www.organisator.ch\/fr\/wp-json\/wp\/v2\/tags?post=18318"}],"curies":[{"name":"wp","href":"https:\/\/api.w.org\/{rel}","templated":true}]}}