{"id":18343,"date":"2022-12-19T10:28:22","date_gmt":"2022-12-19T09:28:22","guid":{"rendered":"https:\/\/www.werbewoche.ch\/?p=191617"},"modified":"2024-11-19T12:04:21","modified_gmt":"2024-11-19T11:04:21","slug":"jugendliche-nutzen-ihr-handy-mehr-als-fuenf-stunden-am-tag","status":"publish","type":"post","link":"https:\/\/www.organisator.ch\/fr\/marketing\/2022-12-19\/jugendliche-nutzen-ihr-handy-mehr-als-fuenf-stunden-am-tag\/","title":{"rendered":"Les jeunes utilisent leur t\u00e9l\u00e9phone portable plus de cinq heures par jour"},"content":{"rendered":"<p><img class=\"alignnone wp-image-191618 size-full\" src=\"https:\/\/www.werbewoche.ch\/wp-content\/uploads\/2022\/12\/Xeit-Gen-Z-Studie.jpg\" alt=\"Jeunes Suisse\" width=\"1200\" height=\"893\" \/>Plus de cinq heures - c'est le temps que les jeunes Suisses passent chaque jour devant leur \u00e9cran de t\u00e9l\u00e9phone portable. Pourtant, peu de choses ont chang\u00e9 au cours des trois derni\u00e8res ann\u00e9es. Les jeunes passent toujours une grande partie de leur temps libre devant l'\u00e9cran - sans compter les appareils tels que l'ordinateur portable, la tablette ou la t\u00e9l\u00e9vision.<\/p>\r\n<p>En moyenne, les participants \u00e0 l'\u00e9tude consacrent pr\u00e8s de 16 heures par semaine aux m\u00e9dias sociaux. L'application la plus utilis\u00e9e est la m\u00e9ta-application Instagram, qui est utilis\u00e9e de mani\u00e8re intensive par plus d'un tiers des personnes interrog\u00e9es. Tiktok arrive en deuxi\u00e8me position, comme en 2021. Le chat constitue une fonction importante des m\u00e9dias sociaux, Snapchat \u00e9tant ici en t\u00eate. En revanche, l'e-mail n'a pratiquement plus d'importance pour la communication chez les jeunes.<\/p>\r\n<h3>Deux heures et demie d'applications de jeu<\/h3>\r\n<p>Les jeunes ont toutefois gagn\u00e9 du terrain en mati\u00e8re de jeux sur smartphone. Selon les chiffres actuels, ils passent deux heures et demie sur les applications de jeux. Contrairement \u00e0 l'ann\u00e9e 2021, c'est environ une heure de plus. D'une mani\u00e8re g\u00e9n\u00e9rale, la g\u00e9n\u00e9ration Z est presque toujours et partout accessible sur les canaux num\u00e9riques.<\/p>\r\n<p>Sur la base de captures d'\u00e9cran de leurs statistiques r\u00e9elles d'utilisation du t\u00e9l\u00e9phone portable des participants \u00e2g\u00e9s de 13 \u00e0 23 ans, Xeit a \u00e9valu\u00e9 le temps d'\u00e9cran et l'utilisation r\u00e9elle du smartphone. Les captures d'\u00e9cran des activit\u00e9s d'utilisation envoy\u00e9es r\u00e9guli\u00e8rement par les participants \u00e0 l'\u00e9tude montrent \u00e0 chaque fois le temps d'\u00e9cran et d'utilisation hebdomadaire moyen de diff\u00e9rentes applications, et ce sur une p\u00e9riode de quatre semaines au total. 356 jeunes ont particip\u00e9 \u00e0 l'\u00e9tude, dont 129 femmes, 219 hommes et 8 divers.<\/p>\r\n<p>&nbsp;<\/p>\r\n<p>&nbsp;<\/p>","protected":false},"excerpt":{"rendered":"<p>Mehr als f\u00fcnf Stunden \u2013 so lange sind Schweizer Jugendliche jeden Tag am Handybildschirm. Dabei hat sich in den letzten drei Jahren wenig ge\u00e4ndert. Noch immer verbringen die Jugendlichen einen Grossteil ihrer Freizeit am Bildschirm \u2013 wobei hier Devices wie Laptop, Tablet oder TV nicht miteinberechnet wurden. Durchschnittlich investieren die Studienteilnehmer:innen pro Woche knapp 16 [\u2026]<\/p>\n","protected":false},"author":8,"featured_media":0,"comment_status":"closed","ping_status":"closed","sticky":false,"template":"","format":"standard","meta":{"_acf_changed":false,"_yoast_wpseo_focuskw":"Jugendliche Schweiz","_yoast_wpseo_metadesc":"Jugendliche in der Schweiz verbringen 2023 \u00fcber 5 Stunden t\u00e4glich am Smartphone. Social Media und Gaming dominieren.","articlekey":"","footnotes":""},"categories":[29],"tags":[3566,3567],"class_list":["post-18343","post","type-post","status-publish","format-standard","hentry","category-marketing","tag-gen-z","tag-xeit"],"acf":[],"yoast_head":"<!-- This site is optimized with the Yoast SEO plugin v27.5 - https:\/\/yoast.com\/product\/yoast-seo-wordpress\/ -->\n<title>Jugendliche nutzen ihr Handy mehr als f\u00fcnf Stunden am Tag - Organisator<\/title>\n<meta name=\"description\" content=\"Jugendliche in der Schweiz verbringen 2023 \u00fcber 5 Stunden t\u00e4glich am Smartphone. Social Media und Gaming dominieren.\" \/>\n<meta name=\"robots\" content=\"index, follow, max-snippet:-1, max-image-preview:large, max-video-preview:-1\" \/>\n<link rel=\"canonical\" href=\"https:\/\/www.organisator.ch\/fr\/marketing\/2022-12-19\/jugendliche-nutzen-ihr-handy-mehr-als-fuenf-stunden-am-tag\/\" \/>\n<meta property=\"og:locale\" content=\"fr_FR\" \/>\n<meta property=\"og:type\" content=\"article\" \/>\n<meta property=\"og:title\" content=\"Jugendliche nutzen ihr Handy mehr als f\u00fcnf Stunden am Tag - Organisator\" \/>\n<meta property=\"og:description\" content=\"Jugendliche in der Schweiz verbringen 2023 \u00fcber 5 Stunden t\u00e4glich am Smartphone. Social Media und Gaming dominieren.\" \/>\n<meta property=\"og:url\" content=\"https:\/\/www.organisator.ch\/fr\/marketing\/2022-12-19\/jugendliche-nutzen-ihr-handy-mehr-als-fuenf-stunden-am-tag\/\" \/>\n<meta property=\"og:site_name\" content=\"Organisator\" \/>\n<meta property=\"article:publisher\" content=\"https:\/\/www.facebook.com\/OrganisatorFachmagazin\" \/>\n<meta property=\"article:published_time\" content=\"2022-12-19T09:28:22+00:00\" \/>\n<meta property=\"article:modified_time\" content=\"2024-11-19T11:04:21+00:00\" \/>\n<meta name=\"author\" content=\"galledia\" \/>\n<meta name=\"twitter:card\" content=\"summary_large_image\" \/>\n<meta name=\"twitter:creator\" content=\"@admin\" \/>\n<script type=\"application\/ld+json\" class=\"yoast-schema-graph\">{\"@context\":\"https:\\\/\\\/schema.org\",\"@graph\":[{\"@type\":\"Article\",\"@id\":\"https:\\\/\\\/www.organisator.ch\\\/marketing\\\/2022-12-19\\\/jugendliche-nutzen-ihr-handy-mehr-als-fuenf-stunden-am-tag\\\/#article\",\"isPartOf\":{\"@id\":\"https:\\\/\\\/www.organisator.ch\\\/marketing\\\/2022-12-19\\\/jugendliche-nutzen-ihr-handy-mehr-als-fuenf-stunden-am-tag\\\/\"},\"author\":{\"name\":\"galledia\",\"@id\":\"https:\\\/\\\/www.organisator.ch\\\/#\\\/schema\\\/person\\\/4e51799071cd2dd1232ac003643ef5f0\"},\"headline\":\"Jugendliche nutzen ihr Handy mehr als f\u00fcnf Stunden am Tag\",\"datePublished\":\"2022-12-19T09:28:22+00:00\",\"dateModified\":\"2024-11-19T11:04:21+00:00\",\"mainEntityOfPage\":{\"@id\":\"https:\\\/\\\/www.organisator.ch\\\/marketing\\\/2022-12-19\\\/jugendliche-nutzen-ihr-handy-mehr-als-fuenf-stunden-am-tag\\\/\"},\"wordCount\":247,\"publisher\":{\"@id\":\"https:\\\/\\\/www.organisator.ch\\\/#organization\"},\"image\":{\"@id\":\"https:\\\/\\\/www.organisator.ch\\\/marketing\\\/2022-12-19\\\/jugendliche-nutzen-ihr-handy-mehr-als-fuenf-stunden-am-tag\\\/#primaryimage\"},\"thumbnailUrl\":\"https:\\\/\\\/www.werbewoche.ch\\\/wp-content\\\/uploads\\\/2022\\\/12\\\/Xeit-Gen-Z-Studie.jpg\",\"keywords\":[\"Gen Z\",\"Xeit\"],\"articleSection\":[\"MARKETING\"],\"inLanguage\":\"fr-FR\"},{\"@type\":\"WebPage\",\"@id\":\"https:\\\/\\\/www.organisator.ch\\\/marketing\\\/2022-12-19\\\/jugendliche-nutzen-ihr-handy-mehr-als-fuenf-stunden-am-tag\\\/\",\"url\":\"https:\\\/\\\/www.organisator.ch\\\/marketing\\\/2022-12-19\\\/jugendliche-nutzen-ihr-handy-mehr-als-fuenf-stunden-am-tag\\\/\",\"name\":\"Jugendliche nutzen ihr Handy mehr als f\u00fcnf Stunden am Tag - Organisator\",\"isPartOf\":{\"@id\":\"https:\\\/\\\/www.organisator.ch\\\/#website\"},\"primaryImageOfPage\":{\"@id\":\"https:\\\/\\\/www.organisator.ch\\\/marketing\\\/2022-12-19\\\/jugendliche-nutzen-ihr-handy-mehr-als-fuenf-stunden-am-tag\\\/#primaryimage\"},\"image\":{\"@id\":\"https:\\\/\\\/www.organisator.ch\\\/marketing\\\/2022-12-19\\\/jugendliche-nutzen-ihr-handy-mehr-als-fuenf-stunden-am-tag\\\/#primaryimage\"},\"thumbnailUrl\":\"https:\\\/\\\/www.werbewoche.ch\\\/wp-content\\\/uploads\\\/2022\\\/12\\\/Xeit-Gen-Z-Studie.jpg\",\"datePublished\":\"2022-12-19T09:28:22+00:00\",\"dateModified\":\"2024-11-19T11:04:21+00:00\",\"description\":\"Jugendliche in der Schweiz verbringen 2023 \u00fcber 5 Stunden t\u00e4glich am Smartphone. Social Media und Gaming dominieren.\",\"breadcrumb\":{\"@id\":\"https:\\\/\\\/www.organisator.ch\\\/marketing\\\/2022-12-19\\\/jugendliche-nutzen-ihr-handy-mehr-als-fuenf-stunden-am-tag\\\/#breadcrumb\"},\"inLanguage\":\"fr-FR\",\"potentialAction\":[{\"@type\":\"ReadAction\",\"target\":[\"https:\\\/\\\/www.organisator.ch\\\/marketing\\\/2022-12-19\\\/jugendliche-nutzen-ihr-handy-mehr-als-fuenf-stunden-am-tag\\\/\"]}]},{\"@type\":\"ImageObject\",\"inLanguage\":\"fr-FR\",\"@id\":\"https:\\\/\\\/www.organisator.ch\\\/marketing\\\/2022-12-19\\\/jugendliche-nutzen-ihr-handy-mehr-als-fuenf-stunden-am-tag\\\/#primaryimage\",\"url\":\"https:\\\/\\\/www.werbewoche.ch\\\/wp-content\\\/uploads\\\/2022\\\/12\\\/Xeit-Gen-Z-Studie.jpg\",\"contentUrl\":\"https:\\\/\\\/www.werbewoche.ch\\\/wp-content\\\/uploads\\\/2022\\\/12\\\/Xeit-Gen-Z-Studie.jpg\"},{\"@type\":\"BreadcrumbList\",\"@id\":\"https:\\\/\\\/www.organisator.ch\\\/marketing\\\/2022-12-19\\\/jugendliche-nutzen-ihr-handy-mehr-als-fuenf-stunden-am-tag\\\/#breadcrumb\",\"itemListElement\":[{\"@type\":\"ListItem\",\"position\":1,\"name\":\"Home\",\"item\":\"https:\\\/\\\/www.organisator.ch\\\/\"},{\"@type\":\"ListItem\",\"position\":2,\"name\":\"Jugendliche nutzen ihr Handy mehr als f\u00fcnf Stunden am Tag\"}]},{\"@type\":\"WebSite\",\"@id\":\"https:\\\/\\\/www.organisator.ch\\\/#website\",\"url\":\"https:\\\/\\\/www.organisator.ch\\\/\",\"name\":\"Organisator\",\"description\":\"Kompetent. Praxisnah. Der ORGANISATOR bereitet in 10 Ausgaben pro Jahr die wesentlichen Themen f\u00fcr F\u00fchrungskr\u00e4fte von KMU auf.\",\"publisher\":{\"@id\":\"https:\\\/\\\/www.organisator.ch\\\/#organization\"},\"potentialAction\":[{\"@type\":\"SearchAction\",\"target\":{\"@type\":\"EntryPoint\",\"urlTemplate\":\"https:\\\/\\\/www.organisator.ch\\\/?s={search_term_string}\"},\"query-input\":{\"@type\":\"PropertyValueSpecification\",\"valueRequired\":true,\"valueName\":\"search_term_string\"}}],\"inLanguage\":\"fr-FR\"},{\"@type\":\"Organization\",\"@id\":\"https:\\\/\\\/www.organisator.ch\\\/#organization\",\"name\":\"Organisator\",\"url\":\"https:\\\/\\\/www.organisator.ch\\\/\",\"logo\":{\"@type\":\"ImageObject\",\"inLanguage\":\"fr-FR\",\"@id\":\"https:\\\/\\\/www.organisator.ch\\\/#\\\/schema\\\/logo\\\/image\\\/\",\"url\":\"https:\\\/\\\/www.organisator.ch\\\/wp-content\\\/uploads\\\/2022\\\/01\\\/Logo_Organisator_Website.png\",\"contentUrl\":\"https:\\\/\\\/www.organisator.ch\\\/wp-content\\\/uploads\\\/2022\\\/01\\\/Logo_Organisator_Website.png\",\"width\":800,\"height\":77,\"caption\":\"Organisator\"},\"image\":{\"@id\":\"https:\\\/\\\/www.organisator.ch\\\/#\\\/schema\\\/logo\\\/image\\\/\"},\"sameAs\":[\"https:\\\/\\\/www.facebook.com\\\/OrganisatorFachmagazin\",\"https:\\\/\\\/www.linkedin.com\\\/showcase\\\/organisator-das-magazin-fr-kmu\",\"https:\\\/\\\/www.xing.com\\\/news\\\/pages\\\/organisator-ch-695\",\"https:\\\/\\\/www.youtube.com\\\/channel\\\/UCGP2Sq0iWaZwT3BdIAQFYpw\"]},{\"@type\":\"Person\",\"@id\":\"https:\\\/\\\/www.organisator.ch\\\/#\\\/schema\\\/person\\\/4e51799071cd2dd1232ac003643ef5f0\",\"name\":\"galledia\",\"image\":{\"@type\":\"ImageObject\",\"inLanguage\":\"fr-FR\",\"@id\":\"https:\\\/\\\/secure.gravatar.com\\\/avatar\\\/78a7f90c01fc2bfc875782a0d4922b37cde2cf184ce347b91316d23cd7f69a36?s=96&d=mm&r=g\",\"url\":\"https:\\\/\\\/secure.gravatar.com\\\/avatar\\\/78a7f90c01fc2bfc875782a0d4922b37cde2cf184ce347b91316d23cd7f69a36?s=96&d=mm&r=g\",\"contentUrl\":\"https:\\\/\\\/secure.gravatar.com\\\/avatar\\\/78a7f90c01fc2bfc875782a0d4922b37cde2cf184ce347b91316d23cd7f69a36?s=96&d=mm&r=g\",\"caption\":\"galledia\"},\"sameAs\":[\"https:\\\/\\\/x.com\\\/admin\"],\"url\":\"https:\\\/\\\/www.organisator.ch\\\/fr\\\/author\\\/galledia\\\/\"}]}<\/script>\n<!-- \/ Yoast SEO plugin. -->","yoast_head_json":{"title":"Les jeunes utilisent leur t\u00e9l\u00e9phone portable plus de cinq heures par jour - Organisateur","description":"En 2023, les jeunes en Suisse passeront plus de 5 heures par jour sur leur smartphone. Les m\u00e9dias sociaux et les jeux dominent.","robots":{"index":"index","follow":"follow","max-snippet":"max-snippet:-1","max-image-preview":"max-image-preview:large","max-video-preview":"max-video-preview:-1"},"canonical":"https:\/\/www.organisator.ch\/fr\/marketing\/2022-12-19\/jugendliche-nutzen-ihr-handy-mehr-als-fuenf-stunden-am-tag\/","og_locale":"fr_FR","og_type":"article","og_title":"Jugendliche nutzen ihr Handy mehr als f\u00fcnf Stunden am Tag - Organisator","og_description":"Jugendliche in der Schweiz verbringen 2023 \u00fcber 5 Stunden t\u00e4glich am Smartphone. Social Media und Gaming dominieren.","og_url":"https:\/\/www.organisator.ch\/fr\/marketing\/2022-12-19\/jugendliche-nutzen-ihr-handy-mehr-als-fuenf-stunden-am-tag\/","og_site_name":"Organisator","article_publisher":"https:\/\/www.facebook.com\/OrganisatorFachmagazin","article_published_time":"2022-12-19T09:28:22+00:00","article_modified_time":"2024-11-19T11:04:21+00:00","author":"galledia","twitter_card":"summary_large_image","twitter_creator":"@admin","schema":{"@context":"https:\/\/schema.org","@graph":[{"@type":"Article","@id":"https:\/\/www.organisator.ch\/marketing\/2022-12-19\/jugendliche-nutzen-ihr-handy-mehr-als-fuenf-stunden-am-tag\/#article","isPartOf":{"@id":"https:\/\/www.organisator.ch\/marketing\/2022-12-19\/jugendliche-nutzen-ihr-handy-mehr-als-fuenf-stunden-am-tag\/"},"author":{"name":"galledia","@id":"https:\/\/www.organisator.ch\/#\/schema\/person\/4e51799071cd2dd1232ac003643ef5f0"},"headline":"Jugendliche nutzen ihr Handy mehr als f\u00fcnf Stunden am Tag","datePublished":"2022-12-19T09:28:22+00:00","dateModified":"2024-11-19T11:04:21+00:00","mainEntityOfPage":{"@id":"https:\/\/www.organisator.ch\/marketing\/2022-12-19\/jugendliche-nutzen-ihr-handy-mehr-als-fuenf-stunden-am-tag\/"},"wordCount":247,"publisher":{"@id":"https:\/\/www.organisator.ch\/#organization"},"image":{"@id":"https:\/\/www.organisator.ch\/marketing\/2022-12-19\/jugendliche-nutzen-ihr-handy-mehr-als-fuenf-stunden-am-tag\/#primaryimage"},"thumbnailUrl":"https:\/\/www.werbewoche.ch\/wp-content\/uploads\/2022\/12\/Xeit-Gen-Z-Studie.jpg","keywords":["Gen Z","Xeit"],"articleSection":["MARKETING"],"inLanguage":"fr-FR"},{"@type":"WebPage","@id":"https:\/\/www.organisator.ch\/marketing\/2022-12-19\/jugendliche-nutzen-ihr-handy-mehr-als-fuenf-stunden-am-tag\/","url":"https:\/\/www.organisator.ch\/marketing\/2022-12-19\/jugendliche-nutzen-ihr-handy-mehr-als-fuenf-stunden-am-tag\/","name":"Les jeunes utilisent leur t\u00e9l\u00e9phone portable plus de cinq heures par jour - Organisateur","isPartOf":{"@id":"https:\/\/www.organisator.ch\/#website"},"primaryImageOfPage":{"@id":"https:\/\/www.organisator.ch\/marketing\/2022-12-19\/jugendliche-nutzen-ihr-handy-mehr-als-fuenf-stunden-am-tag\/#primaryimage"},"image":{"@id":"https:\/\/www.organisator.ch\/marketing\/2022-12-19\/jugendliche-nutzen-ihr-handy-mehr-als-fuenf-stunden-am-tag\/#primaryimage"},"thumbnailUrl":"https:\/\/www.werbewoche.ch\/wp-content\/uploads\/2022\/12\/Xeit-Gen-Z-Studie.jpg","datePublished":"2022-12-19T09:28:22+00:00","dateModified":"2024-11-19T11:04:21+00:00","description":"En 2023, les jeunes en Suisse passeront plus de 5 heures par jour sur leur smartphone. Les m\u00e9dias sociaux et les jeux dominent.","breadcrumb":{"@id":"https:\/\/www.organisator.ch\/marketing\/2022-12-19\/jugendliche-nutzen-ihr-handy-mehr-als-fuenf-stunden-am-tag\/#breadcrumb"},"inLanguage":"fr-FR","potentialAction":[{"@type":"ReadAction","target":["https:\/\/www.organisator.ch\/marketing\/2022-12-19\/jugendliche-nutzen-ihr-handy-mehr-als-fuenf-stunden-am-tag\/"]}]},{"@type":"ImageObject","inLanguage":"fr-FR","@id":"https:\/\/www.organisator.ch\/marketing\/2022-12-19\/jugendliche-nutzen-ihr-handy-mehr-als-fuenf-stunden-am-tag\/#primaryimage","url":"https:\/\/www.werbewoche.ch\/wp-content\/uploads\/2022\/12\/Xeit-Gen-Z-Studie.jpg","contentUrl":"https:\/\/www.werbewoche.ch\/wp-content\/uploads\/2022\/12\/Xeit-Gen-Z-Studie.jpg"},{"@type":"BreadcrumbList","@id":"https:\/\/www.organisator.ch\/marketing\/2022-12-19\/jugendliche-nutzen-ihr-handy-mehr-als-fuenf-stunden-am-tag\/#breadcrumb","itemListElement":[{"@type":"ListItem","position":1,"name":"Home","item":"https:\/\/www.organisator.ch\/"},{"@type":"ListItem","position":2,"name":"Jugendliche nutzen ihr Handy mehr als f\u00fcnf Stunden am Tag"}]},{"@type":"WebSite","@id":"https:\/\/www.organisator.ch\/#website","url":"https:\/\/www.organisator.ch\/","name":"Organisateur","description":"Comp\u00e9tence et comp\u00e9tence. Proches de la pratique. L'ORGANISATEUR pr\u00e9pare 10 num\u00e9ros par an sur les th\u00e8mes essentiels pour les dirigeants de PME.","publisher":{"@id":"https:\/\/www.organisator.ch\/#organization"},"potentialAction":[{"@type":"SearchAction","target":{"@type":"EntryPoint","urlTemplate":"https:\/\/www.organisator.ch\/?s={search_term_string}"},"query-input":{"@type":"PropertyValueSpecification","valueRequired":true,"valueName":"search_term_string"}}],"inLanguage":"fr-FR"},{"@type":"Organization","@id":"https:\/\/www.organisator.ch\/#organization","name":"Organisateur","url":"https:\/\/www.organisator.ch\/","logo":{"@type":"ImageObject","inLanguage":"fr-FR","@id":"https:\/\/www.organisator.ch\/#\/schema\/logo\/image\/","url":"https:\/\/www.organisator.ch\/wp-content\/uploads\/2022\/01\/Logo_Organisator_Website.png","contentUrl":"https:\/\/www.organisator.ch\/wp-content\/uploads\/2022\/01\/Logo_Organisator_Website.png","width":800,"height":77,"caption":"Organisator"},"image":{"@id":"https:\/\/www.organisator.ch\/#\/schema\/logo\/image\/"},"sameAs":["https:\/\/www.facebook.com\/OrganisatorFachmagazin","https:\/\/www.linkedin.com\/showcase\/organisator-das-magazin-fr-kmu","https:\/\/www.xing.com\/news\/pages\/organisator-ch-695","https:\/\/www.youtube.com\/channel\/UCGP2Sq0iWaZwT3BdIAQFYpw"]},{"@type":"Person","@id":"https:\/\/www.organisator.ch\/#\/schema\/person\/4e51799071cd2dd1232ac003643ef5f0","name":"galledia","image":{"@type":"ImageObject","inLanguage":"fr-FR","@id":"https:\/\/secure.gravatar.com\/avatar\/78a7f90c01fc2bfc875782a0d4922b37cde2cf184ce347b91316d23cd7f69a36?s=96&d=mm&r=g","url":"https:\/\/secure.gravatar.com\/avatar\/78a7f90c01fc2bfc875782a0d4922b37cde2cf184ce347b91316d23cd7f69a36?s=96&d=mm&r=g","contentUrl":"https:\/\/secure.gravatar.com\/avatar\/78a7f90c01fc2bfc875782a0d4922b37cde2cf184ce347b91316d23cd7f69a36?s=96&d=mm&r=g","caption":"galledia"},"sameAs":["https:\/\/x.com\/admin"],"url":"https:\/\/www.organisator.ch\/fr\/author\/galledia\/"}]}},"_links":{"self":[{"href":"https:\/\/www.organisator.ch\/fr\/wp-json\/wp\/v2\/posts\/18343","targetHints":{"allow":["GET"]}}],"collection":[{"href":"https:\/\/www.organisator.ch\/fr\/wp-json\/wp\/v2\/posts"}],"about":[{"href":"https:\/\/www.organisator.ch\/fr\/wp-json\/wp\/v2\/types\/post"}],"author":[{"embeddable":true,"href":"https:\/\/www.organisator.ch\/fr\/wp-json\/wp\/v2\/users\/8"}],"replies":[{"embeddable":true,"href":"https:\/\/www.organisator.ch\/fr\/wp-json\/wp\/v2\/comments?post=18343"}],"version-history":[{"count":2,"href":"https:\/\/www.organisator.ch\/fr\/wp-json\/wp\/v2\/posts\/18343\/revisions"}],"predecessor-version":[{"id":33493,"href":"https:\/\/www.organisator.ch\/fr\/wp-json\/wp\/v2\/posts\/18343\/revisions\/33493"}],"wp:attachment":[{"href":"https:\/\/www.organisator.ch\/fr\/wp-json\/wp\/v2\/media?parent=18343"}],"wp:term":[{"taxonomy":"category","embeddable":true,"href":"https:\/\/www.organisator.ch\/fr\/wp-json\/wp\/v2\/categories?post=18343"},{"taxonomy":"post_tag","embeddable":true,"href":"https:\/\/www.organisator.ch\/fr\/wp-json\/wp\/v2\/tags?post=18343"}],"curies":[{"name":"wp","href":"https:\/\/api.w.org\/{rel}","templated":true}]}}