{"id":18347,"date":"2022-12-21T06:31:35","date_gmt":"2022-12-21T05:31:35","guid":{"rendered":"https:\/\/www.m-q.ch\/?p=17355"},"modified":"2024-11-19T11:59:46","modified_gmt":"2024-11-19T10:59:46","slug":"fabrik-des-jahres-2022-auszeichnung-fuer-resilienz-in-produktion-und-lieferkette","status":"publish","type":"post","link":"https:\/\/www.organisator.ch\/fr\/operational-excellence\/2022-12-21\/fabrik-des-jahres-2022-auszeichnung-fuer-resilienz-in-produktion-und-lieferkette\/","title":{"rendered":"Usine de l'ann\u00e9e 2022 : r\u00e9compense pour la r\u00e9silience de la production et de la cha\u00eene d'approvisionnement"},"content":{"rendered":"<figure id=\"attachment_17357\" class=\"wp-caption alignnone\" style=\"width: 680px\" aria-describedby=\"caption-attachment-17357\"><img class=\"alignnone wp-image-17357 size-full\" src=\"https:\/\/www.m-q.ch\/wp-content\/uploads\/2022\/12\/Fabrik-des-Jahres-2022-Auszeichnung-fuer-Resilienz-in-Produktion-und-Lieferkette_MQ.jpg\" alt=\"Usine Siemens\" width=\"680\" height=\"453\" \/>\r\n<figcaption id=\"caption-attachment-17357\" class=\"wp-caption-text\">L'usine Siemens de Zoug remporte le prix \"Usine de l'ann\u00e9e 2022\" dans la cat\u00e9gorie \"Excellence in Supply Chain Resilience\". (Image : Siemens)<\/figcaption>\r\n<\/figure>\r\n<p class=\"f-text\">L'usine de Siemens Smart Infrastructure \u00e0 Zoug, en Suisse, a \u00e9t\u00e9 \u00e9lue \"Usine de l'ann\u00e9e 2022\" dans la cat\u00e9gorie \"Excellence in Supply Chain Resilience\". Le prix r\u00e9compense la r\u00e9silience et la gestion pr\u00e9ventive des risques dans la cha\u00eene d'approvisionnement de l'usine Siemens, qui s'est av\u00e9r\u00e9e exceptionnelle par rapport \u00e0 d'autres usines en Europe. Le concours industriel de l'usine de l'ann\u00e9e est organis\u00e9 par le cabinet de conseil international Kearney et est consid\u00e9r\u00e9 comme l'un des plus prestigieux en Europe.<\/p>\r\n<h3>Recherche continue d'am\u00e9lioration<\/h3>\r\n<div class=\"f-text\">\"L'usine Siemens de Zoug est un excellent exemple de recherche continue d'am\u00e9lioration et de poursuite d'objectifs clairs avec un fort accent sur la num\u00e9risation\", d\u00e9clare Daniel Stengel, directeur chez Kearney.<\/div>\r\n<p class=\"f-text\">L'usine de Zoug parvient \u00e0 assurer la livraison de ses produits \u00e0 ses clients, m\u00eame dans les conditions de march\u00e9 difficiles actuelles. Ceci gr\u00e2ce \u00e0 des mesures pr\u00e9ventives telles qu'un \"Risk Radar\" pour la d\u00e9tection pr\u00e9coce des risques mondiaux dans la cha\u00eene d'approvisionnement, une grande transparence des donn\u00e9es tout au long de la cha\u00eene de cr\u00e9ation de valeur ainsi qu'une collaboration sans faille avec les achats, la logistique, le d\u00e9veloppement et la distribution.<\/p>\r\n<p class=\"f-text\">La production accorde en outre une attention particuli\u00e8re \u00e0 l'efficacit\u00e9 des ressources et \u00e0 la r\u00e9duction continue des \u00e9missions de CO2. Ces deux \u00e9l\u00e9ments soulignent l'accent clairement mis par la production sur la durabilit\u00e9. Une autre caract\u00e9ristique de qualit\u00e9 de l'usine est la gestion des co\u00fbts, qui repose sur une production all\u00e9g\u00e9e, l'automatisation et la num\u00e9risation. Enfin, la culture de l'innovation de Siemens, l'optimisation constante des processus et des proc\u00e9dures ainsi que la formation continue des collaborateurs contribueraient \u00e0 la qualit\u00e9 \u00e9lev\u00e9e et \u00e0 la capacit\u00e9 d'adaptation de la fabrication dans l'usine de Zoug, selon le communiqu\u00e9.<\/p>\r\n<h3>Le prix de l'Usine de l'ann\u00e9e 2022 sera d\u00e9cern\u00e9 en mars 2023<\/h3>\r\n<div class=\"f-text\">\"Je suis fier de notre \u00e9quipe de l'usine de Zoug. Son travail acharn\u00e9 et son engagement en faveur d'am\u00e9liorations constantes, m\u00eame en p\u00e9riode de d\u00e9fis, sont \u00e9galement r\u00e9compens\u00e9s \u00e0 l'ext\u00e9rieur par cette distinction bien m\u00e9rit\u00e9e\", d\u00e9clare Henning Sandfort, CEO de Building Products chez Siemens Smart Infrastructure, dont l'usine fait partie du domaine de responsabilit\u00e9. \"Ce prix r\u00e9compense le travail engag\u00e9, la comp\u00e9tence et la grande motivation de toute l'\u00e9quipe pendant de nombreuses ann\u00e9es\".<\/div>\r\n<p class=\"f-text\">L'usine Siemens de Zoug emploie environ 350 personnes qui travaillent en \u00e9quipe pour fabriquer des produits modernes destin\u00e9s \u00e0 la technique du b\u00e2timent. Elle fabrique en premier lieu des d\u00e9tecteurs d'incendie ainsi que des \u00e9quipements de chauffage, de ventilation et de climatisation pour l'automatisation des b\u00e2timents. Les produits sont vendus dans le monde entier. Ils constituent des modules \u00e9l\u00e9mentaires pour les solutions de gestion des b\u00e2timents et de protection contre les incendies dans les b\u00e2timents intelligents.<\/p>\r\n<p class=\"f-text\">La remise des prix aura lieu en mars 2023 \u00e0 l'occasion du congr\u00e8s du secteur \"Fabrik des Jahres\" \u00e0 Munich.<\/p>\r\n<p><em>Source : <a href=\"http:\/\/www.siemens.ch\/\">Siemens Suisse<\/a><\/em><\/p>\n<p class=\"syndicated-attribution\">Cet article est paru initialement sur m-q.ch - <a href=\"https:\/\/www.m-q.ch\/de\/fabrik-des-jahres-2022-auszeichnung-fuer-resilienz-in-produktion-und-lieferkette\/\" target=\"_blank\">https:\/\/www.m-q.ch\/de\/fabrik-des-jahres-2022-auszeichnung-fuer-resilienz-in-produktion-und-lieferkette\/<\/a><\/p>","protected":false},"excerpt":{"rendered":"<p>Das Werk von Siemens Smart Infrastructure im schweizerischen Zug ist als \u00abFabrik des Jahres 2022\u00bb in der Kategorie \u00abExcellence in Supply Chain Resilience\u00bb ausgezeichnet worden. Der Preis w\u00fcrdigt die Resilienz und das pr\u00e4ventive Risikomanagement in der Lieferkette des Siemens-Werks, das sich im Vergleich mit anderen Werken in Europa als herausragend erwies. Der Industriewettbewerb zur Fabrik [\u2026]<\/p>\n","protected":false},"author":8,"featured_media":0,"comment_status":"closed","ping_status":"closed","sticky":false,"template":"","format":"standard","meta":{"_acf_changed":false,"_yoast_wpseo_focuskw":"Siemens Fabrik","_yoast_wpseo_metadesc":"Siemens-Werk Zug gewinnt \"Fabrik des Jahres 2022\" f\u00fcr Resilienz in der Lieferkette. Preisverleihung im M\u00e4rz 2023.","articlekey":"","footnotes":""},"categories":[582],"tags":[],"class_list":["post-18347","post","type-post","status-publish","format-standard","hentry","category-operational-excellence"],"acf":[],"yoast_head":"<!-- This site is optimized with the Yoast SEO plugin v27.5 - https:\/\/yoast.com\/product\/yoast-seo-wordpress\/ -->\n<title>Fabrik des Jahres 2022: Auszeichnung f\u00fcr Resilienz in Produktion und Lieferkette - Organisator<\/title>\n<meta name=\"description\" content=\"Siemens-Werk Zug gewinnt &quot;Fabrik des Jahres 2022&quot; f\u00fcr Resilienz in der Lieferkette. Preisverleihung im M\u00e4rz 2023.\" \/>\n<meta name=\"robots\" content=\"index, follow, max-snippet:-1, max-image-preview:large, max-video-preview:-1\" \/>\n<link rel=\"canonical\" href=\"https:\/\/www.organisator.ch\/fr\/excellence-operationnelle\/2022-12-21\/fabrik-des-jahres-2022-auszeichnung-fuer-resilienz-in-produktion-und-lieferkette\/\" \/>\n<meta property=\"og:locale\" content=\"fr_FR\" \/>\n<meta property=\"og:type\" content=\"article\" \/>\n<meta property=\"og:title\" content=\"Fabrik des Jahres 2022: Auszeichnung f\u00fcr Resilienz in Produktion und Lieferkette - Organisator\" \/>\n<meta property=\"og:description\" content=\"Siemens-Werk Zug gewinnt &quot;Fabrik des Jahres 2022&quot; f\u00fcr Resilienz in der Lieferkette. Preisverleihung im M\u00e4rz 2023.\" \/>\n<meta property=\"og:url\" content=\"https:\/\/www.organisator.ch\/fr\/excellence-operationnelle\/2022-12-21\/fabrik-des-jahres-2022-auszeichnung-fuer-resilienz-in-produktion-und-lieferkette\/\" \/>\n<meta property=\"og:site_name\" content=\"Organisator\" \/>\n<meta property=\"article:publisher\" content=\"https:\/\/www.facebook.com\/OrganisatorFachmagazin\" \/>\n<meta property=\"article:published_time\" content=\"2022-12-21T05:31:35+00:00\" \/>\n<meta property=\"article:modified_time\" content=\"2024-11-19T10:59:46+00:00\" \/>\n<meta name=\"author\" content=\"galledia\" \/>\n<meta name=\"twitter:card\" content=\"summary_large_image\" \/>\n<meta name=\"twitter:creator\" content=\"@admin\" \/>\n<script type=\"application\/ld+json\" class=\"yoast-schema-graph\">{\"@context\":\"https:\\\/\\\/schema.org\",\"@graph\":[{\"@type\":\"Article\",\"@id\":\"https:\\\/\\\/www.organisator.ch\\\/operational-excellence\\\/2022-12-21\\\/fabrik-des-jahres-2022-auszeichnung-fuer-resilienz-in-produktion-und-lieferkette\\\/#article\",\"isPartOf\":{\"@id\":\"https:\\\/\\\/www.organisator.ch\\\/operational-excellence\\\/2022-12-21\\\/fabrik-des-jahres-2022-auszeichnung-fuer-resilienz-in-produktion-und-lieferkette\\\/\"},\"author\":{\"name\":\"galledia\",\"@id\":\"https:\\\/\\\/www.organisator.ch\\\/#\\\/schema\\\/person\\\/4e51799071cd2dd1232ac003643ef5f0\"},\"headline\":\"Fabrik des Jahres 2022: Auszeichnung f\u00fcr Resilienz in Produktion und Lieferkette\",\"datePublished\":\"2022-12-21T05:31:35+00:00\",\"dateModified\":\"2024-11-19T10:59:46+00:00\",\"mainEntityOfPage\":{\"@id\":\"https:\\\/\\\/www.organisator.ch\\\/operational-excellence\\\/2022-12-21\\\/fabrik-des-jahres-2022-auszeichnung-fuer-resilienz-in-produktion-und-lieferkette\\\/\"},\"wordCount\":442,\"publisher\":{\"@id\":\"https:\\\/\\\/www.organisator.ch\\\/#organization\"},\"image\":{\"@id\":\"https:\\\/\\\/www.organisator.ch\\\/operational-excellence\\\/2022-12-21\\\/fabrik-des-jahres-2022-auszeichnung-fuer-resilienz-in-produktion-und-lieferkette\\\/#primaryimage\"},\"thumbnailUrl\":\"https:\\\/\\\/www.m-q.ch\\\/wp-content\\\/uploads\\\/2022\\\/12\\\/Fabrik-des-Jahres-2022-Auszeichnung-fuer-Resilienz-in-Produktion-und-Lieferkette_MQ.jpg\",\"articleSection\":[\"OPERATIONAL EXCELLENCE\"],\"inLanguage\":\"fr-FR\"},{\"@type\":\"WebPage\",\"@id\":\"https:\\\/\\\/www.organisator.ch\\\/operational-excellence\\\/2022-12-21\\\/fabrik-des-jahres-2022-auszeichnung-fuer-resilienz-in-produktion-und-lieferkette\\\/\",\"url\":\"https:\\\/\\\/www.organisator.ch\\\/operational-excellence\\\/2022-12-21\\\/fabrik-des-jahres-2022-auszeichnung-fuer-resilienz-in-produktion-und-lieferkette\\\/\",\"name\":\"Fabrik des Jahres 2022: Auszeichnung f\u00fcr Resilienz in Produktion und Lieferkette - Organisator\",\"isPartOf\":{\"@id\":\"https:\\\/\\\/www.organisator.ch\\\/#website\"},\"primaryImageOfPage\":{\"@id\":\"https:\\\/\\\/www.organisator.ch\\\/operational-excellence\\\/2022-12-21\\\/fabrik-des-jahres-2022-auszeichnung-fuer-resilienz-in-produktion-und-lieferkette\\\/#primaryimage\"},\"image\":{\"@id\":\"https:\\\/\\\/www.organisator.ch\\\/operational-excellence\\\/2022-12-21\\\/fabrik-des-jahres-2022-auszeichnung-fuer-resilienz-in-produktion-und-lieferkette\\\/#primaryimage\"},\"thumbnailUrl\":\"https:\\\/\\\/www.m-q.ch\\\/wp-content\\\/uploads\\\/2022\\\/12\\\/Fabrik-des-Jahres-2022-Auszeichnung-fuer-Resilienz-in-Produktion-und-Lieferkette_MQ.jpg\",\"datePublished\":\"2022-12-21T05:31:35+00:00\",\"dateModified\":\"2024-11-19T10:59:46+00:00\",\"description\":\"Siemens-Werk Zug gewinnt \\\"Fabrik des Jahres 2022\\\" f\u00fcr Resilienz in der Lieferkette. Preisverleihung im M\u00e4rz 2023.\",\"breadcrumb\":{\"@id\":\"https:\\\/\\\/www.organisator.ch\\\/operational-excellence\\\/2022-12-21\\\/fabrik-des-jahres-2022-auszeichnung-fuer-resilienz-in-produktion-und-lieferkette\\\/#breadcrumb\"},\"inLanguage\":\"fr-FR\",\"potentialAction\":[{\"@type\":\"ReadAction\",\"target\":[\"https:\\\/\\\/www.organisator.ch\\\/operational-excellence\\\/2022-12-21\\\/fabrik-des-jahres-2022-auszeichnung-fuer-resilienz-in-produktion-und-lieferkette\\\/\"]}]},{\"@type\":\"ImageObject\",\"inLanguage\":\"fr-FR\",\"@id\":\"https:\\\/\\\/www.organisator.ch\\\/operational-excellence\\\/2022-12-21\\\/fabrik-des-jahres-2022-auszeichnung-fuer-resilienz-in-produktion-und-lieferkette\\\/#primaryimage\",\"url\":\"https:\\\/\\\/www.m-q.ch\\\/wp-content\\\/uploads\\\/2022\\\/12\\\/Fabrik-des-Jahres-2022-Auszeichnung-fuer-Resilienz-in-Produktion-und-Lieferkette_MQ.jpg\",\"contentUrl\":\"https:\\\/\\\/www.m-q.ch\\\/wp-content\\\/uploads\\\/2022\\\/12\\\/Fabrik-des-Jahres-2022-Auszeichnung-fuer-Resilienz-in-Produktion-und-Lieferkette_MQ.jpg\"},{\"@type\":\"BreadcrumbList\",\"@id\":\"https:\\\/\\\/www.organisator.ch\\\/operational-excellence\\\/2022-12-21\\\/fabrik-des-jahres-2022-auszeichnung-fuer-resilienz-in-produktion-und-lieferkette\\\/#breadcrumb\",\"itemListElement\":[{\"@type\":\"ListItem\",\"position\":1,\"name\":\"Home\",\"item\":\"https:\\\/\\\/www.organisator.ch\\\/\"},{\"@type\":\"ListItem\",\"position\":2,\"name\":\"Fabrik des Jahres 2022: Auszeichnung f\u00fcr Resilienz in Produktion und Lieferkette\"}]},{\"@type\":\"WebSite\",\"@id\":\"https:\\\/\\\/www.organisator.ch\\\/#website\",\"url\":\"https:\\\/\\\/www.organisator.ch\\\/\",\"name\":\"Organisator\",\"description\":\"Kompetent. Praxisnah. Der ORGANISATOR bereitet in 10 Ausgaben pro Jahr die wesentlichen Themen f\u00fcr F\u00fchrungskr\u00e4fte von KMU auf.\",\"publisher\":{\"@id\":\"https:\\\/\\\/www.organisator.ch\\\/#organization\"},\"potentialAction\":[{\"@type\":\"SearchAction\",\"target\":{\"@type\":\"EntryPoint\",\"urlTemplate\":\"https:\\\/\\\/www.organisator.ch\\\/?s={search_term_string}\"},\"query-input\":{\"@type\":\"PropertyValueSpecification\",\"valueRequired\":true,\"valueName\":\"search_term_string\"}}],\"inLanguage\":\"fr-FR\"},{\"@type\":\"Organization\",\"@id\":\"https:\\\/\\\/www.organisator.ch\\\/#organization\",\"name\":\"Organisator\",\"url\":\"https:\\\/\\\/www.organisator.ch\\\/\",\"logo\":{\"@type\":\"ImageObject\",\"inLanguage\":\"fr-FR\",\"@id\":\"https:\\\/\\\/www.organisator.ch\\\/#\\\/schema\\\/logo\\\/image\\\/\",\"url\":\"https:\\\/\\\/www.organisator.ch\\\/wp-content\\\/uploads\\\/2022\\\/01\\\/Logo_Organisator_Website.png\",\"contentUrl\":\"https:\\\/\\\/www.organisator.ch\\\/wp-content\\\/uploads\\\/2022\\\/01\\\/Logo_Organisator_Website.png\",\"width\":800,\"height\":77,\"caption\":\"Organisator\"},\"image\":{\"@id\":\"https:\\\/\\\/www.organisator.ch\\\/#\\\/schema\\\/logo\\\/image\\\/\"},\"sameAs\":[\"https:\\\/\\\/www.facebook.com\\\/OrganisatorFachmagazin\",\"https:\\\/\\\/www.linkedin.com\\\/showcase\\\/organisator-das-magazin-fr-kmu\",\"https:\\\/\\\/www.xing.com\\\/news\\\/pages\\\/organisator-ch-695\",\"https:\\\/\\\/www.youtube.com\\\/channel\\\/UCGP2Sq0iWaZwT3BdIAQFYpw\"]},{\"@type\":\"Person\",\"@id\":\"https:\\\/\\\/www.organisator.ch\\\/#\\\/schema\\\/person\\\/4e51799071cd2dd1232ac003643ef5f0\",\"name\":\"galledia\",\"image\":{\"@type\":\"ImageObject\",\"inLanguage\":\"fr-FR\",\"@id\":\"https:\\\/\\\/secure.gravatar.com\\\/avatar\\\/78a7f90c01fc2bfc875782a0d4922b37cde2cf184ce347b91316d23cd7f69a36?s=96&d=mm&r=g\",\"url\":\"https:\\\/\\\/secure.gravatar.com\\\/avatar\\\/78a7f90c01fc2bfc875782a0d4922b37cde2cf184ce347b91316d23cd7f69a36?s=96&d=mm&r=g\",\"contentUrl\":\"https:\\\/\\\/secure.gravatar.com\\\/avatar\\\/78a7f90c01fc2bfc875782a0d4922b37cde2cf184ce347b91316d23cd7f69a36?s=96&d=mm&r=g\",\"caption\":\"galledia\"},\"sameAs\":[\"https:\\\/\\\/x.com\\\/admin\"],\"url\":\"https:\\\/\\\/www.organisator.ch\\\/fr\\\/author\\\/galledia\\\/\"}]}<\/script>\n<!-- \/ Yoast SEO plugin. -->","yoast_head_json":{"title":"Usine de l'ann\u00e9e 2022 : Prix de la r\u00e9silience de la production et de la cha\u00eene d'approvisionnement - Organisateur","description":"L'usine Siemens de Zoug remporte le prix \"Usine de l'ann\u00e9e 2022\" pour la r\u00e9silience de sa cha\u00eene d'approvisionnement. Remise du prix en mars 2023.","robots":{"index":"index","follow":"follow","max-snippet":"max-snippet:-1","max-image-preview":"max-image-preview:large","max-video-preview":"max-video-preview:-1"},"canonical":"https:\/\/www.organisator.ch\/fr\/excellence-operationnelle\/2022-12-21\/fabrik-des-jahres-2022-auszeichnung-fuer-resilienz-in-produktion-und-lieferkette\/","og_locale":"fr_FR","og_type":"article","og_title":"Fabrik des Jahres 2022: Auszeichnung f\u00fcr Resilienz in Produktion und Lieferkette - Organisator","og_description":"Siemens-Werk Zug gewinnt \"Fabrik des Jahres 2022\" f\u00fcr Resilienz in der Lieferkette. Preisverleihung im M\u00e4rz 2023.","og_url":"https:\/\/www.organisator.ch\/fr\/excellence-operationnelle\/2022-12-21\/fabrik-des-jahres-2022-auszeichnung-fuer-resilienz-in-produktion-und-lieferkette\/","og_site_name":"Organisator","article_publisher":"https:\/\/www.facebook.com\/OrganisatorFachmagazin","article_published_time":"2022-12-21T05:31:35+00:00","article_modified_time":"2024-11-19T10:59:46+00:00","author":"galledia","twitter_card":"summary_large_image","twitter_creator":"@admin","schema":{"@context":"https:\/\/schema.org","@graph":[{"@type":"Article","@id":"https:\/\/www.organisator.ch\/operational-excellence\/2022-12-21\/fabrik-des-jahres-2022-auszeichnung-fuer-resilienz-in-produktion-und-lieferkette\/#article","isPartOf":{"@id":"https:\/\/www.organisator.ch\/operational-excellence\/2022-12-21\/fabrik-des-jahres-2022-auszeichnung-fuer-resilienz-in-produktion-und-lieferkette\/"},"author":{"name":"galledia","@id":"https:\/\/www.organisator.ch\/#\/schema\/person\/4e51799071cd2dd1232ac003643ef5f0"},"headline":"Fabrik des Jahres 2022: Auszeichnung f\u00fcr Resilienz in Produktion und Lieferkette","datePublished":"2022-12-21T05:31:35+00:00","dateModified":"2024-11-19T10:59:46+00:00","mainEntityOfPage":{"@id":"https:\/\/www.organisator.ch\/operational-excellence\/2022-12-21\/fabrik-des-jahres-2022-auszeichnung-fuer-resilienz-in-produktion-und-lieferkette\/"},"wordCount":442,"publisher":{"@id":"https:\/\/www.organisator.ch\/#organization"},"image":{"@id":"https:\/\/www.organisator.ch\/operational-excellence\/2022-12-21\/fabrik-des-jahres-2022-auszeichnung-fuer-resilienz-in-produktion-und-lieferkette\/#primaryimage"},"thumbnailUrl":"https:\/\/www.m-q.ch\/wp-content\/uploads\/2022\/12\/Fabrik-des-Jahres-2022-Auszeichnung-fuer-Resilienz-in-Produktion-und-Lieferkette_MQ.jpg","articleSection":["OPERATIONAL EXCELLENCE"],"inLanguage":"fr-FR"},{"@type":"WebPage","@id":"https:\/\/www.organisator.ch\/operational-excellence\/2022-12-21\/fabrik-des-jahres-2022-auszeichnung-fuer-resilienz-in-produktion-und-lieferkette\/","url":"https:\/\/www.organisator.ch\/operational-excellence\/2022-12-21\/fabrik-des-jahres-2022-auszeichnung-fuer-resilienz-in-produktion-und-lieferkette\/","name":"Usine de l'ann\u00e9e 2022 : Prix de la r\u00e9silience de la production et de la cha\u00eene d'approvisionnement - Organisateur","isPartOf":{"@id":"https:\/\/www.organisator.ch\/#website"},"primaryImageOfPage":{"@id":"https:\/\/www.organisator.ch\/operational-excellence\/2022-12-21\/fabrik-des-jahres-2022-auszeichnung-fuer-resilienz-in-produktion-und-lieferkette\/#primaryimage"},"image":{"@id":"https:\/\/www.organisator.ch\/operational-excellence\/2022-12-21\/fabrik-des-jahres-2022-auszeichnung-fuer-resilienz-in-produktion-und-lieferkette\/#primaryimage"},"thumbnailUrl":"https:\/\/www.m-q.ch\/wp-content\/uploads\/2022\/12\/Fabrik-des-Jahres-2022-Auszeichnung-fuer-Resilienz-in-Produktion-und-Lieferkette_MQ.jpg","datePublished":"2022-12-21T05:31:35+00:00","dateModified":"2024-11-19T10:59:46+00:00","description":"L'usine Siemens de Zoug remporte le prix \"Usine de l'ann\u00e9e 2022\" pour la r\u00e9silience de sa cha\u00eene d'approvisionnement. Remise du prix en mars 2023.","breadcrumb":{"@id":"https:\/\/www.organisator.ch\/operational-excellence\/2022-12-21\/fabrik-des-jahres-2022-auszeichnung-fuer-resilienz-in-produktion-und-lieferkette\/#breadcrumb"},"inLanguage":"fr-FR","potentialAction":[{"@type":"ReadAction","target":["https:\/\/www.organisator.ch\/operational-excellence\/2022-12-21\/fabrik-des-jahres-2022-auszeichnung-fuer-resilienz-in-produktion-und-lieferkette\/"]}]},{"@type":"ImageObject","inLanguage":"fr-FR","@id":"https:\/\/www.organisator.ch\/operational-excellence\/2022-12-21\/fabrik-des-jahres-2022-auszeichnung-fuer-resilienz-in-produktion-und-lieferkette\/#primaryimage","url":"https:\/\/www.m-q.ch\/wp-content\/uploads\/2022\/12\/Fabrik-des-Jahres-2022-Auszeichnung-fuer-Resilienz-in-Produktion-und-Lieferkette_MQ.jpg","contentUrl":"https:\/\/www.m-q.ch\/wp-content\/uploads\/2022\/12\/Fabrik-des-Jahres-2022-Auszeichnung-fuer-Resilienz-in-Produktion-und-Lieferkette_MQ.jpg"},{"@type":"BreadcrumbList","@id":"https:\/\/www.organisator.ch\/operational-excellence\/2022-12-21\/fabrik-des-jahres-2022-auszeichnung-fuer-resilienz-in-produktion-und-lieferkette\/#breadcrumb","itemListElement":[{"@type":"ListItem","position":1,"name":"Home","item":"https:\/\/www.organisator.ch\/"},{"@type":"ListItem","position":2,"name":"Fabrik des Jahres 2022: Auszeichnung f\u00fcr Resilienz in Produktion und Lieferkette"}]},{"@type":"WebSite","@id":"https:\/\/www.organisator.ch\/#website","url":"https:\/\/www.organisator.ch\/","name":"Organisateur","description":"Comp\u00e9tence et comp\u00e9tence. Proches de la pratique. L'ORGANISATEUR pr\u00e9pare 10 num\u00e9ros par an sur les th\u00e8mes essentiels pour les dirigeants de PME.","publisher":{"@id":"https:\/\/www.organisator.ch\/#organization"},"potentialAction":[{"@type":"SearchAction","target":{"@type":"EntryPoint","urlTemplate":"https:\/\/www.organisator.ch\/?s={search_term_string}"},"query-input":{"@type":"PropertyValueSpecification","valueRequired":true,"valueName":"search_term_string"}}],"inLanguage":"fr-FR"},{"@type":"Organization","@id":"https:\/\/www.organisator.ch\/#organization","name":"Organisateur","url":"https:\/\/www.organisator.ch\/","logo":{"@type":"ImageObject","inLanguage":"fr-FR","@id":"https:\/\/www.organisator.ch\/#\/schema\/logo\/image\/","url":"https:\/\/www.organisator.ch\/wp-content\/uploads\/2022\/01\/Logo_Organisator_Website.png","contentUrl":"https:\/\/www.organisator.ch\/wp-content\/uploads\/2022\/01\/Logo_Organisator_Website.png","width":800,"height":77,"caption":"Organisator"},"image":{"@id":"https:\/\/www.organisator.ch\/#\/schema\/logo\/image\/"},"sameAs":["https:\/\/www.facebook.com\/OrganisatorFachmagazin","https:\/\/www.linkedin.com\/showcase\/organisator-das-magazin-fr-kmu","https:\/\/www.xing.com\/news\/pages\/organisator-ch-695","https:\/\/www.youtube.com\/channel\/UCGP2Sq0iWaZwT3BdIAQFYpw"]},{"@type":"Person","@id":"https:\/\/www.organisator.ch\/#\/schema\/person\/4e51799071cd2dd1232ac003643ef5f0","name":"galledia","image":{"@type":"ImageObject","inLanguage":"fr-FR","@id":"https:\/\/secure.gravatar.com\/avatar\/78a7f90c01fc2bfc875782a0d4922b37cde2cf184ce347b91316d23cd7f69a36?s=96&d=mm&r=g","url":"https:\/\/secure.gravatar.com\/avatar\/78a7f90c01fc2bfc875782a0d4922b37cde2cf184ce347b91316d23cd7f69a36?s=96&d=mm&r=g","contentUrl":"https:\/\/secure.gravatar.com\/avatar\/78a7f90c01fc2bfc875782a0d4922b37cde2cf184ce347b91316d23cd7f69a36?s=96&d=mm&r=g","caption":"galledia"},"sameAs":["https:\/\/x.com\/admin"],"url":"https:\/\/www.organisator.ch\/fr\/author\/galledia\/"}]}},"_links":{"self":[{"href":"https:\/\/www.organisator.ch\/fr\/wp-json\/wp\/v2\/posts\/18347","targetHints":{"allow":["GET"]}}],"collection":[{"href":"https:\/\/www.organisator.ch\/fr\/wp-json\/wp\/v2\/posts"}],"about":[{"href":"https:\/\/www.organisator.ch\/fr\/wp-json\/wp\/v2\/types\/post"}],"author":[{"embeddable":true,"href":"https:\/\/www.organisator.ch\/fr\/wp-json\/wp\/v2\/users\/8"}],"replies":[{"embeddable":true,"href":"https:\/\/www.organisator.ch\/fr\/wp-json\/wp\/v2\/comments?post=18347"}],"version-history":[{"count":3,"href":"https:\/\/www.organisator.ch\/fr\/wp-json\/wp\/v2\/posts\/18347\/revisions"}],"predecessor-version":[{"id":33490,"href":"https:\/\/www.organisator.ch\/fr\/wp-json\/wp\/v2\/posts\/18347\/revisions\/33490"}],"wp:attachment":[{"href":"https:\/\/www.organisator.ch\/fr\/wp-json\/wp\/v2\/media?parent=18347"}],"wp:term":[{"taxonomy":"category","embeddable":true,"href":"https:\/\/www.organisator.ch\/fr\/wp-json\/wp\/v2\/categories?post=18347"},{"taxonomy":"post_tag","embeddable":true,"href":"https:\/\/www.organisator.ch\/fr\/wp-json\/wp\/v2\/tags?post=18347"}],"curies":[{"name":"wp","href":"https:\/\/api.w.org\/{rel}","templated":true}]}}