{"id":18350,"date":"2022-12-22T03:52:34","date_gmt":"2022-12-22T02:52:34","guid":{"rendered":"https:\/\/www.m-q.ch\/?p=17352"},"modified":"2024-11-19T11:58:38","modified_gmt":"2024-11-19T10:58:38","slug":"anleiten-eine-oft-vernachlaessigte-fuehrungsaufgabe","status":"publish","type":"post","link":"https:\/\/www.organisator.ch\/fr\/operational-excellence\/2022-12-22\/anleiten-eine-oft-vernachlaessigte-fuehrungsaufgabe\/","title":{"rendered":"Diriger : une t\u00e2che de direction souvent n\u00e9glig\u00e9e"},"content":{"rendered":"<figure id=\"attachment_17353\" class=\"wp-caption alignnone\" style=\"width: 680px\" aria-describedby=\"caption-attachment-17353\"><img class=\"alignnone wp-image-17353 size-full\" src=\"https:\/\/www.m-q.ch\/wp-content\/uploads\/2022\/12\/Anleiten-eine-oft-vernachlaessigte-Fuehrungsaufgabe_MQ.jpg\" alt=\"T\u00e2ches de direction\" width=\"680\" height=\"454\" \/>\r\n<figcaption id=\"caption-attachment-17353\" class=\"wp-caption-text\">Diriger est souvent assimil\u00e9 \u00e0 \"ordonner\". Mais de cette mani\u00e8re, une t\u00e2che de direction importante est mal comprise. (Image : Depositphotos.com)<\/figcaption>\r\n<\/figure>\r\n<p>Au cours des derni\u00e8res ann\u00e9es, aucune autre fonction dans les entreprises n'a \u00e9t\u00e9 aussi surcharg\u00e9e id\u00e9ologiquement que la fonction de direction. C'est ce qu'illustrent les nombreux attributs que l'on attribue aujourd'hui aux cadres. Ils doivent \u00eatre des entrepreneurs, c'est-\u00e0-dire penser et agir de mani\u00e8re entrepreneuriale. Ils doivent \u00eatre des leaders, c'est-\u00e0-dire des phares auxquels leurs collaborateurs peuvent se r\u00e9f\u00e9rer. Et : ils doivent \u00eatre des coachs pour leurs collaborateurs, c'est-\u00e0-dire les soutenir dans leur d\u00e9veloppement et dans la r\u00e9alisation de leurs performances.<\/p>\r\n<h3>La t\u00e2che principale de la direction : garantir les r\u00e9sultats<\/h3>\r\n<p>Ce faisant, on a parfois oubli\u00e9 la mission principale de chaque cadre, \u00e0 savoir s'assurer que son secteur contribue au succ\u00e8s de l'entreprise. Toutes les autres t\u00e2ches de direction - y compris la promotion des collaborateurs - sont subordonn\u00e9es \u00e0 cette t\u00e2che.<\/p>\r\n<p>Malgr\u00e9 cela, l'affirmation selon laquelle \"les cadres devraient \u00eatre les coachs de leurs collaborateurs\" se retrouve aujourd'hui sous une forme plus ou moins voil\u00e9e dans les lignes directrices de presque toutes les entreprises. Les s\u00e9minaires visant \u00e0 qualifier les cadres pour cette t\u00e2che sont donc en plein essor. Mais la plupart du temps, on ne r\u00e9fl\u00e9chit pas suffisamment au fait que les cadres sont \u00e9galement les sup\u00e9rieurs disciplinaires de leurs collaborateurs. Ils d\u00e9cident donc en grande partie de leur \u00e9volution professionnelle et ont non seulement le pouvoir, mais aussi le devoir de sanctionner les comportements ind\u00e9sirables de ces derniers.<\/p>\r\n<p>En outre, on ne tient pas suffisamment compte du fait que la relation entre le cadre et le collaborateur est avant tout une relation d'objectif. En d'autres termes, si un cadre encourage le d\u00e9veloppement d'un collaborateur, il ne s'agit pas, contrairement \u00e0 une relation p\u00e8re-fils ou m\u00e8re-fille, de permettre au \"rejeton\" de se d\u00e9velopper en tant que personne et de r\u00e9ussir sa vie. L'objectif est plut\u00f4t que le collaborateur s'identifie \u00e0 ses t\u00e2ches au sein de l'organisation et qu'il les assume de mani\u00e8re ad\u00e9quate ; et ce \u00e0 court, moyen et long terme.<\/p>\r\n<h3>Guider ne veut pas dire ordonner<\/h3>\r\n<p>Ce cadre fixe des limites \u00e9troites \u00e0 la fonction de coaching des cadres. Elle se limite en grande partie \u00e0 <a href=\"https:\/\/www.m-q.ch\/de\/mitarbeiter-coachen\/\">guider les collaborateurs dans leur travail<\/a>. Mais aujourd'hui, cette notion est souvent mal vue. En effet, on assimile souvent le fait de diriger \u00e0 celui d'ordonner. Or, diriger ne signifie pas donner des ordres \"fais ceci\" ou \"fais cela\" \u00e0 d'autres personnes, mais leur apporter l'aide n\u00e9cessaire, qu'elle soit technique ou mentale.<\/p>\r\n<p>Une autre raison de la mauvaise image du tutorat est qu'il est largement associ\u00e9 au domaine de la formation. \u00c0 tort, car que fait un bon formateur ? Il ne donne pas la solution \u00e0 ses prot\u00e9g\u00e9s. Il leur demande plut\u00f4t : \"Comment aborderiez-vous cette t\u00e2che ?\" Il les motive donc \u00e0 concevoir leurs propres propositions de solution. Et s'il s'av\u00e8re qu'ils ont besoin d'aide, il leur donne des conseils avant de se mettre d'accord avec eux sur une solution. Mais son travail ne s'arr\u00eate pas l\u00e0. Au contraire, lors de la mise en \u0153uvre, il demande r\u00e9guli\u00e8rement \"Y a-t-il des probl\u00e8mes ?\", \"Qu'avez-vous r\u00e9alis\u00e9 entre-temps ?\", afin d'intervenir si n\u00e9cessaire pour corriger et soutenir. Il s'assure ainsi que ses prot\u00e9g\u00e9s suivent \u00e0 la fois des processus d'apprentissage et obtiennent les r\u00e9sultats souhait\u00e9s.<\/p>\r\n<h3>Revenir \u00e0 l'essentiel<\/h3>\r\n<p>Les collaborateurs exp\u00e9riment\u00e9s ont \u00e9galement besoin d'un tel \"accompagnement sur le chemin\" - avant tout,<\/p>\r\n<ul>\r\n\t<li>lorsqu'ils assument de nouvelles t\u00e2ches qu'ils n'ont pas ou peu d'exp\u00e9rience \u00e0 r\u00e9soudre, ou<\/li>\r\n\t<li>lorsque les conditions g\u00e9n\u00e9rales de leur action changent massivement, de sorte qu'ils doivent - seuls ou en \u00e9quipe - emprunter de nouvelles voies pour ma\u00eetriser leurs t\u00e2ches.<\/li>\r\n<\/ul>\r\n<p>Sinon, les r\u00e9sultats du travail des collaborateurs sont largement laiss\u00e9s au hasard. Il ne s'agit pas d'autre chose lorsque l'on demande : Les cadres doivent coacher leurs collaborateurs. En d'autres termes, cela signifie : Les dirigeants guident leurs collaborateurs et leur offrent au quotidien le soutien dont ils ont besoin pour accomplir leurs t\u00e2ches (actuelles et futures).<\/p>\r\n<p>Il s'agit d'une t\u00e2che de direction classique. Dans la situation actuelle, marqu\u00e9e par d'importants changements et une diminution de la pr\u00e9visibilit\u00e9, les responsables des entreprises devraient s'en souvenir davantage au lieu d'inventer sans cesse de nouveaux attributs pour leurs cadres. Car ce faisant, ils ne contribuent pas \u00e0 sensibiliser leurs cadres \u00e0 leur mission principale. Au contraire, ils font en sorte que ces derniers perdent de plus en plus de vue l'essentiel dans leur quotidien de direction, ce qui est souvent fatal, notamment dans les situations de stress.<\/p>\r\n<p><strong>\u00a0<\/strong><\/p>\r\n<p><em><strong>A propos de l'auteur :<\/strong> <\/em><br \/>\r\n<em>Claudia Christ travaille comme conseill\u00e8re en organisation et en d\u00e9veloppement d'\u00e9quipe ainsi que comme formatrice et coach pour des organisations \u00e0 but lucratif et non lucratif (<a href=\"http:\/\/www.claudiachrist.de\/\">www.claudiachrist.de<\/a>). Dans ce contexte, la psychologue dipl\u00f4m\u00e9e accorde une attention particuli\u00e8re \u00e0 la question suivante : comment les organisations ainsi que leurs \u00e9quipes et collaborateurs peuvent-ils atteindre leurs objectifs avec les ressources disponibles ?<\/em><\/p>\n<p class=\"syndicated-attribution\">Cet article est paru initialement sur m-q.ch - <a href=\"https:\/\/www.m-q.ch\/de\/anleiten-eine-oft-vernachlaessigte-fuehrungsaufgabe\/\" target=\"_blank\">https:\/\/www.m-q.ch\/de\/anleiten-eine-oft-vernachlaessigte-fuehrungsaufgabe\/<\/a><\/p>","protected":false},"excerpt":{"rendered":"<p>Keine andere Funktion in den Unternehmen wurde in den zur\u00fcckliegenden Jahren ideologisch so \u00fcberfrachtet wie die F\u00fchrungsfunktion. Das verdeutlichen bereits die zahlreichen Attribute, die F\u00fchrungskr\u00e4ften heute zugeschrieben werden. Sie sollen Entrepreneurs sein, also unternehmerisch denken und handeln. Sie sollen Leader sein, also ein Leuchtturm, an dem sich ihre Mitarbeiter orientieren k\u00f6nnen. Und: Sie sollen Coaches [\u2026]<\/p>\n","protected":false},"author":8,"featured_media":0,"comment_status":"closed","ping_status":"closed","sticky":false,"template":"","format":"standard","meta":{"_acf_changed":false,"_yoast_wpseo_focuskw":"F\u00fchrungsaufgaben","_yoast_wpseo_metadesc":"F\u00fchrungskr\u00e4fte als Coaches: Anleiten statt anweisen. Unterst\u00fctzung und Ergebnissicherung durch richtige F\u00fchrung.","articlekey":"","footnotes":""},"categories":[582],"tags":[],"class_list":["post-18350","post","type-post","status-publish","format-standard","hentry","category-operational-excellence"],"acf":[],"yoast_head":"<!-- This site is optimized with the Yoast SEO plugin v27.5 - https:\/\/yoast.com\/product\/yoast-seo-wordpress\/ -->\n<title>Anleiten: eine oft vernachl\u00e4ssigte F\u00fchrungsaufgabe - Organisator<\/title>\n<meta name=\"description\" content=\"F\u00fchrungskr\u00e4fte als Coaches: Anleiten statt anweisen. Unterst\u00fctzung und Ergebnissicherung durch richtige F\u00fchrung.\" \/>\n<meta name=\"robots\" content=\"index, follow, max-snippet:-1, max-image-preview:large, max-video-preview:-1\" \/>\n<link rel=\"canonical\" href=\"https:\/\/www.organisator.ch\/fr\/excellence-operationnelle\/2022-12-22\/anleiten-eine-oft-vernachlaessigte-fuehrungsaufgabe\/\" \/>\n<meta property=\"og:locale\" content=\"fr_FR\" \/>\n<meta property=\"og:type\" content=\"article\" \/>\n<meta property=\"og:title\" content=\"Anleiten: eine oft vernachl\u00e4ssigte F\u00fchrungsaufgabe - Organisator\" \/>\n<meta property=\"og:description\" content=\"F\u00fchrungskr\u00e4fte als Coaches: Anleiten statt anweisen. Unterst\u00fctzung und Ergebnissicherung durch richtige F\u00fchrung.\" \/>\n<meta property=\"og:url\" content=\"https:\/\/www.organisator.ch\/fr\/excellence-operationnelle\/2022-12-22\/anleiten-eine-oft-vernachlaessigte-fuehrungsaufgabe\/\" \/>\n<meta property=\"og:site_name\" content=\"Organisator\" \/>\n<meta property=\"article:publisher\" content=\"https:\/\/www.facebook.com\/OrganisatorFachmagazin\" \/>\n<meta property=\"article:published_time\" content=\"2022-12-22T02:52:34+00:00\" \/>\n<meta property=\"article:modified_time\" content=\"2024-11-19T10:58:38+00:00\" \/>\n<meta name=\"author\" content=\"galledia\" \/>\n<meta name=\"twitter:card\" content=\"summary_large_image\" \/>\n<meta name=\"twitter:creator\" content=\"@admin\" \/>\n<script type=\"application\/ld+json\" class=\"yoast-schema-graph\">{\"@context\":\"https:\\\/\\\/schema.org\",\"@graph\":[{\"@type\":\"Article\",\"@id\":\"https:\\\/\\\/www.organisator.ch\\\/operational-excellence\\\/2022-12-22\\\/anleiten-eine-oft-vernachlaessigte-fuehrungsaufgabe\\\/#article\",\"isPartOf\":{\"@id\":\"https:\\\/\\\/www.organisator.ch\\\/operational-excellence\\\/2022-12-22\\\/anleiten-eine-oft-vernachlaessigte-fuehrungsaufgabe\\\/\"},\"author\":{\"name\":\"galledia\",\"@id\":\"https:\\\/\\\/www.organisator.ch\\\/#\\\/schema\\\/person\\\/4e51799071cd2dd1232ac003643ef5f0\"},\"headline\":\"Anleiten: eine oft vernachl\u00e4ssigte F\u00fchrungsaufgabe\",\"datePublished\":\"2022-12-22T02:52:34+00:00\",\"dateModified\":\"2024-11-19T10:58:38+00:00\",\"mainEntityOfPage\":{\"@id\":\"https:\\\/\\\/www.organisator.ch\\\/operational-excellence\\\/2022-12-22\\\/anleiten-eine-oft-vernachlaessigte-fuehrungsaufgabe\\\/\"},\"wordCount\":764,\"publisher\":{\"@id\":\"https:\\\/\\\/www.organisator.ch\\\/#organization\"},\"image\":{\"@id\":\"https:\\\/\\\/www.organisator.ch\\\/operational-excellence\\\/2022-12-22\\\/anleiten-eine-oft-vernachlaessigte-fuehrungsaufgabe\\\/#primaryimage\"},\"thumbnailUrl\":\"https:\\\/\\\/www.m-q.ch\\\/wp-content\\\/uploads\\\/2022\\\/12\\\/Anleiten-eine-oft-vernachlaessigte-Fuehrungsaufgabe_MQ.jpg\",\"articleSection\":[\"OPERATIONAL EXCELLENCE\"],\"inLanguage\":\"fr-FR\"},{\"@type\":\"WebPage\",\"@id\":\"https:\\\/\\\/www.organisator.ch\\\/operational-excellence\\\/2022-12-22\\\/anleiten-eine-oft-vernachlaessigte-fuehrungsaufgabe\\\/\",\"url\":\"https:\\\/\\\/www.organisator.ch\\\/operational-excellence\\\/2022-12-22\\\/anleiten-eine-oft-vernachlaessigte-fuehrungsaufgabe\\\/\",\"name\":\"Anleiten: eine oft vernachl\u00e4ssigte F\u00fchrungsaufgabe - Organisator\",\"isPartOf\":{\"@id\":\"https:\\\/\\\/www.organisator.ch\\\/#website\"},\"primaryImageOfPage\":{\"@id\":\"https:\\\/\\\/www.organisator.ch\\\/operational-excellence\\\/2022-12-22\\\/anleiten-eine-oft-vernachlaessigte-fuehrungsaufgabe\\\/#primaryimage\"},\"image\":{\"@id\":\"https:\\\/\\\/www.organisator.ch\\\/operational-excellence\\\/2022-12-22\\\/anleiten-eine-oft-vernachlaessigte-fuehrungsaufgabe\\\/#primaryimage\"},\"thumbnailUrl\":\"https:\\\/\\\/www.m-q.ch\\\/wp-content\\\/uploads\\\/2022\\\/12\\\/Anleiten-eine-oft-vernachlaessigte-Fuehrungsaufgabe_MQ.jpg\",\"datePublished\":\"2022-12-22T02:52:34+00:00\",\"dateModified\":\"2024-11-19T10:58:38+00:00\",\"description\":\"F\u00fchrungskr\u00e4fte als Coaches: Anleiten statt anweisen. Unterst\u00fctzung und Ergebnissicherung durch richtige F\u00fchrung.\",\"breadcrumb\":{\"@id\":\"https:\\\/\\\/www.organisator.ch\\\/operational-excellence\\\/2022-12-22\\\/anleiten-eine-oft-vernachlaessigte-fuehrungsaufgabe\\\/#breadcrumb\"},\"inLanguage\":\"fr-FR\",\"potentialAction\":[{\"@type\":\"ReadAction\",\"target\":[\"https:\\\/\\\/www.organisator.ch\\\/operational-excellence\\\/2022-12-22\\\/anleiten-eine-oft-vernachlaessigte-fuehrungsaufgabe\\\/\"]}]},{\"@type\":\"ImageObject\",\"inLanguage\":\"fr-FR\",\"@id\":\"https:\\\/\\\/www.organisator.ch\\\/operational-excellence\\\/2022-12-22\\\/anleiten-eine-oft-vernachlaessigte-fuehrungsaufgabe\\\/#primaryimage\",\"url\":\"https:\\\/\\\/www.m-q.ch\\\/wp-content\\\/uploads\\\/2022\\\/12\\\/Anleiten-eine-oft-vernachlaessigte-Fuehrungsaufgabe_MQ.jpg\",\"contentUrl\":\"https:\\\/\\\/www.m-q.ch\\\/wp-content\\\/uploads\\\/2022\\\/12\\\/Anleiten-eine-oft-vernachlaessigte-Fuehrungsaufgabe_MQ.jpg\"},{\"@type\":\"BreadcrumbList\",\"@id\":\"https:\\\/\\\/www.organisator.ch\\\/operational-excellence\\\/2022-12-22\\\/anleiten-eine-oft-vernachlaessigte-fuehrungsaufgabe\\\/#breadcrumb\",\"itemListElement\":[{\"@type\":\"ListItem\",\"position\":1,\"name\":\"Home\",\"item\":\"https:\\\/\\\/www.organisator.ch\\\/\"},{\"@type\":\"ListItem\",\"position\":2,\"name\":\"Anleiten: eine oft vernachl\u00e4ssigte F\u00fchrungsaufgabe\"}]},{\"@type\":\"WebSite\",\"@id\":\"https:\\\/\\\/www.organisator.ch\\\/#website\",\"url\":\"https:\\\/\\\/www.organisator.ch\\\/\",\"name\":\"Organisator\",\"description\":\"Kompetent. Praxisnah. Der ORGANISATOR bereitet in 10 Ausgaben pro Jahr die wesentlichen Themen f\u00fcr F\u00fchrungskr\u00e4fte von KMU auf.\",\"publisher\":{\"@id\":\"https:\\\/\\\/www.organisator.ch\\\/#organization\"},\"potentialAction\":[{\"@type\":\"SearchAction\",\"target\":{\"@type\":\"EntryPoint\",\"urlTemplate\":\"https:\\\/\\\/www.organisator.ch\\\/?s={search_term_string}\"},\"query-input\":{\"@type\":\"PropertyValueSpecification\",\"valueRequired\":true,\"valueName\":\"search_term_string\"}}],\"inLanguage\":\"fr-FR\"},{\"@type\":\"Organization\",\"@id\":\"https:\\\/\\\/www.organisator.ch\\\/#organization\",\"name\":\"Organisator\",\"url\":\"https:\\\/\\\/www.organisator.ch\\\/\",\"logo\":{\"@type\":\"ImageObject\",\"inLanguage\":\"fr-FR\",\"@id\":\"https:\\\/\\\/www.organisator.ch\\\/#\\\/schema\\\/logo\\\/image\\\/\",\"url\":\"https:\\\/\\\/www.organisator.ch\\\/wp-content\\\/uploads\\\/2022\\\/01\\\/Logo_Organisator_Website.png\",\"contentUrl\":\"https:\\\/\\\/www.organisator.ch\\\/wp-content\\\/uploads\\\/2022\\\/01\\\/Logo_Organisator_Website.png\",\"width\":800,\"height\":77,\"caption\":\"Organisator\"},\"image\":{\"@id\":\"https:\\\/\\\/www.organisator.ch\\\/#\\\/schema\\\/logo\\\/image\\\/\"},\"sameAs\":[\"https:\\\/\\\/www.facebook.com\\\/OrganisatorFachmagazin\",\"https:\\\/\\\/www.linkedin.com\\\/showcase\\\/organisator-das-magazin-fr-kmu\",\"https:\\\/\\\/www.xing.com\\\/news\\\/pages\\\/organisator-ch-695\",\"https:\\\/\\\/www.youtube.com\\\/channel\\\/UCGP2Sq0iWaZwT3BdIAQFYpw\"]},{\"@type\":\"Person\",\"@id\":\"https:\\\/\\\/www.organisator.ch\\\/#\\\/schema\\\/person\\\/4e51799071cd2dd1232ac003643ef5f0\",\"name\":\"galledia\",\"image\":{\"@type\":\"ImageObject\",\"inLanguage\":\"fr-FR\",\"@id\":\"https:\\\/\\\/secure.gravatar.com\\\/avatar\\\/78a7f90c01fc2bfc875782a0d4922b37cde2cf184ce347b91316d23cd7f69a36?s=96&d=mm&r=g\",\"url\":\"https:\\\/\\\/secure.gravatar.com\\\/avatar\\\/78a7f90c01fc2bfc875782a0d4922b37cde2cf184ce347b91316d23cd7f69a36?s=96&d=mm&r=g\",\"contentUrl\":\"https:\\\/\\\/secure.gravatar.com\\\/avatar\\\/78a7f90c01fc2bfc875782a0d4922b37cde2cf184ce347b91316d23cd7f69a36?s=96&d=mm&r=g\",\"caption\":\"galledia\"},\"sameAs\":[\"https:\\\/\\\/x.com\\\/admin\"],\"url\":\"https:\\\/\\\/www.organisator.ch\\\/fr\\\/author\\\/galledia\\\/\"}]}<\/script>\n<!-- \/ Yoast SEO plugin. -->","yoast_head_json":{"title":"Encadrer : une t\u00e2che de direction souvent n\u00e9glig\u00e9e - Organisateur","description":"Les cadres en tant que coachs : guider plut\u00f4t qu'ordonner. Soutenir et garantir les r\u00e9sultats gr\u00e2ce \u00e0 un leadership appropri\u00e9.","robots":{"index":"index","follow":"follow","max-snippet":"max-snippet:-1","max-image-preview":"max-image-preview:large","max-video-preview":"max-video-preview:-1"},"canonical":"https:\/\/www.organisator.ch\/fr\/excellence-operationnelle\/2022-12-22\/anleiten-eine-oft-vernachlaessigte-fuehrungsaufgabe\/","og_locale":"fr_FR","og_type":"article","og_title":"Anleiten: eine oft vernachl\u00e4ssigte F\u00fchrungsaufgabe - Organisator","og_description":"F\u00fchrungskr\u00e4fte als Coaches: Anleiten statt anweisen. Unterst\u00fctzung und Ergebnissicherung durch richtige F\u00fchrung.","og_url":"https:\/\/www.organisator.ch\/fr\/excellence-operationnelle\/2022-12-22\/anleiten-eine-oft-vernachlaessigte-fuehrungsaufgabe\/","og_site_name":"Organisator","article_publisher":"https:\/\/www.facebook.com\/OrganisatorFachmagazin","article_published_time":"2022-12-22T02:52:34+00:00","article_modified_time":"2024-11-19T10:58:38+00:00","author":"galledia","twitter_card":"summary_large_image","twitter_creator":"@admin","schema":{"@context":"https:\/\/schema.org","@graph":[{"@type":"Article","@id":"https:\/\/www.organisator.ch\/operational-excellence\/2022-12-22\/anleiten-eine-oft-vernachlaessigte-fuehrungsaufgabe\/#article","isPartOf":{"@id":"https:\/\/www.organisator.ch\/operational-excellence\/2022-12-22\/anleiten-eine-oft-vernachlaessigte-fuehrungsaufgabe\/"},"author":{"name":"galledia","@id":"https:\/\/www.organisator.ch\/#\/schema\/person\/4e51799071cd2dd1232ac003643ef5f0"},"headline":"Anleiten: eine oft vernachl\u00e4ssigte F\u00fchrungsaufgabe","datePublished":"2022-12-22T02:52:34+00:00","dateModified":"2024-11-19T10:58:38+00:00","mainEntityOfPage":{"@id":"https:\/\/www.organisator.ch\/operational-excellence\/2022-12-22\/anleiten-eine-oft-vernachlaessigte-fuehrungsaufgabe\/"},"wordCount":764,"publisher":{"@id":"https:\/\/www.organisator.ch\/#organization"},"image":{"@id":"https:\/\/www.organisator.ch\/operational-excellence\/2022-12-22\/anleiten-eine-oft-vernachlaessigte-fuehrungsaufgabe\/#primaryimage"},"thumbnailUrl":"https:\/\/www.m-q.ch\/wp-content\/uploads\/2022\/12\/Anleiten-eine-oft-vernachlaessigte-Fuehrungsaufgabe_MQ.jpg","articleSection":["OPERATIONAL EXCELLENCE"],"inLanguage":"fr-FR"},{"@type":"WebPage","@id":"https:\/\/www.organisator.ch\/operational-excellence\/2022-12-22\/anleiten-eine-oft-vernachlaessigte-fuehrungsaufgabe\/","url":"https:\/\/www.organisator.ch\/operational-excellence\/2022-12-22\/anleiten-eine-oft-vernachlaessigte-fuehrungsaufgabe\/","name":"Encadrer : une t\u00e2che de direction souvent n\u00e9glig\u00e9e - Organisateur","isPartOf":{"@id":"https:\/\/www.organisator.ch\/#website"},"primaryImageOfPage":{"@id":"https:\/\/www.organisator.ch\/operational-excellence\/2022-12-22\/anleiten-eine-oft-vernachlaessigte-fuehrungsaufgabe\/#primaryimage"},"image":{"@id":"https:\/\/www.organisator.ch\/operational-excellence\/2022-12-22\/anleiten-eine-oft-vernachlaessigte-fuehrungsaufgabe\/#primaryimage"},"thumbnailUrl":"https:\/\/www.m-q.ch\/wp-content\/uploads\/2022\/12\/Anleiten-eine-oft-vernachlaessigte-Fuehrungsaufgabe_MQ.jpg","datePublished":"2022-12-22T02:52:34+00:00","dateModified":"2024-11-19T10:58:38+00:00","description":"Les cadres en tant que coachs : guider plut\u00f4t qu'ordonner. Soutenir et garantir les r\u00e9sultats gr\u00e2ce \u00e0 un leadership appropri\u00e9.","breadcrumb":{"@id":"https:\/\/www.organisator.ch\/operational-excellence\/2022-12-22\/anleiten-eine-oft-vernachlaessigte-fuehrungsaufgabe\/#breadcrumb"},"inLanguage":"fr-FR","potentialAction":[{"@type":"ReadAction","target":["https:\/\/www.organisator.ch\/operational-excellence\/2022-12-22\/anleiten-eine-oft-vernachlaessigte-fuehrungsaufgabe\/"]}]},{"@type":"ImageObject","inLanguage":"fr-FR","@id":"https:\/\/www.organisator.ch\/operational-excellence\/2022-12-22\/anleiten-eine-oft-vernachlaessigte-fuehrungsaufgabe\/#primaryimage","url":"https:\/\/www.m-q.ch\/wp-content\/uploads\/2022\/12\/Anleiten-eine-oft-vernachlaessigte-Fuehrungsaufgabe_MQ.jpg","contentUrl":"https:\/\/www.m-q.ch\/wp-content\/uploads\/2022\/12\/Anleiten-eine-oft-vernachlaessigte-Fuehrungsaufgabe_MQ.jpg"},{"@type":"BreadcrumbList","@id":"https:\/\/www.organisator.ch\/operational-excellence\/2022-12-22\/anleiten-eine-oft-vernachlaessigte-fuehrungsaufgabe\/#breadcrumb","itemListElement":[{"@type":"ListItem","position":1,"name":"Home","item":"https:\/\/www.organisator.ch\/"},{"@type":"ListItem","position":2,"name":"Anleiten: eine oft vernachl\u00e4ssigte F\u00fchrungsaufgabe"}]},{"@type":"WebSite","@id":"https:\/\/www.organisator.ch\/#website","url":"https:\/\/www.organisator.ch\/","name":"Organisateur","description":"Comp\u00e9tence et comp\u00e9tence. Proches de la pratique. L'ORGANISATEUR pr\u00e9pare 10 num\u00e9ros par an sur les th\u00e8mes essentiels pour les dirigeants de PME.","publisher":{"@id":"https:\/\/www.organisator.ch\/#organization"},"potentialAction":[{"@type":"SearchAction","target":{"@type":"EntryPoint","urlTemplate":"https:\/\/www.organisator.ch\/?s={search_term_string}"},"query-input":{"@type":"PropertyValueSpecification","valueRequired":true,"valueName":"search_term_string"}}],"inLanguage":"fr-FR"},{"@type":"Organization","@id":"https:\/\/www.organisator.ch\/#organization","name":"Organisateur","url":"https:\/\/www.organisator.ch\/","logo":{"@type":"ImageObject","inLanguage":"fr-FR","@id":"https:\/\/www.organisator.ch\/#\/schema\/logo\/image\/","url":"https:\/\/www.organisator.ch\/wp-content\/uploads\/2022\/01\/Logo_Organisator_Website.png","contentUrl":"https:\/\/www.organisator.ch\/wp-content\/uploads\/2022\/01\/Logo_Organisator_Website.png","width":800,"height":77,"caption":"Organisator"},"image":{"@id":"https:\/\/www.organisator.ch\/#\/schema\/logo\/image\/"},"sameAs":["https:\/\/www.facebook.com\/OrganisatorFachmagazin","https:\/\/www.linkedin.com\/showcase\/organisator-das-magazin-fr-kmu","https:\/\/www.xing.com\/news\/pages\/organisator-ch-695","https:\/\/www.youtube.com\/channel\/UCGP2Sq0iWaZwT3BdIAQFYpw"]},{"@type":"Person","@id":"https:\/\/www.organisator.ch\/#\/schema\/person\/4e51799071cd2dd1232ac003643ef5f0","name":"galledia","image":{"@type":"ImageObject","inLanguage":"fr-FR","@id":"https:\/\/secure.gravatar.com\/avatar\/78a7f90c01fc2bfc875782a0d4922b37cde2cf184ce347b91316d23cd7f69a36?s=96&d=mm&r=g","url":"https:\/\/secure.gravatar.com\/avatar\/78a7f90c01fc2bfc875782a0d4922b37cde2cf184ce347b91316d23cd7f69a36?s=96&d=mm&r=g","contentUrl":"https:\/\/secure.gravatar.com\/avatar\/78a7f90c01fc2bfc875782a0d4922b37cde2cf184ce347b91316d23cd7f69a36?s=96&d=mm&r=g","caption":"galledia"},"sameAs":["https:\/\/x.com\/admin"],"url":"https:\/\/www.organisator.ch\/fr\/author\/galledia\/"}]}},"_links":{"self":[{"href":"https:\/\/www.organisator.ch\/fr\/wp-json\/wp\/v2\/posts\/18350","targetHints":{"allow":["GET"]}}],"collection":[{"href":"https:\/\/www.organisator.ch\/fr\/wp-json\/wp\/v2\/posts"}],"about":[{"href":"https:\/\/www.organisator.ch\/fr\/wp-json\/wp\/v2\/types\/post"}],"author":[{"embeddable":true,"href":"https:\/\/www.organisator.ch\/fr\/wp-json\/wp\/v2\/users\/8"}],"replies":[{"embeddable":true,"href":"https:\/\/www.organisator.ch\/fr\/wp-json\/wp\/v2\/comments?post=18350"}],"version-history":[{"count":4,"href":"https:\/\/www.organisator.ch\/fr\/wp-json\/wp\/v2\/posts\/18350\/revisions"}],"predecessor-version":[{"id":33489,"href":"https:\/\/www.organisator.ch\/fr\/wp-json\/wp\/v2\/posts\/18350\/revisions\/33489"}],"wp:attachment":[{"href":"https:\/\/www.organisator.ch\/fr\/wp-json\/wp\/v2\/media?parent=18350"}],"wp:term":[{"taxonomy":"category","embeddable":true,"href":"https:\/\/www.organisator.ch\/fr\/wp-json\/wp\/v2\/categories?post=18350"},{"taxonomy":"post_tag","embeddable":true,"href":"https:\/\/www.organisator.ch\/fr\/wp-json\/wp\/v2\/tags?post=18350"}],"curies":[{"name":"wp","href":"https:\/\/api.w.org\/{rel}","templated":true}]}}