{"id":1836,"date":"2017-05-02T10:13:10","date_gmt":"2017-05-02T08:13:10","guid":{"rendered":"https:\/\/www.organisator.ch\/?p=1836"},"modified":"2017-05-02T10:13:10","modified_gmt":"2017-05-02T08:13:10","slug":"claus-h-widrig-ist-praesident-von-interimsuisse","status":"publish","type":"post","link":"https:\/\/www.organisator.ch\/fr\/allgemein\/2017-05-02\/claus-h-widrig-ist-praesident-von-interimsuisse\/","title":{"rendered":"Claus H. Widrig est pr\u00e9sident d'interimsuisse"},"content":{"rendered":"<figure id=\"attachment_1837\" aria-describedby=\"caption-attachment-1837\" style=\"width: 400px\" class=\"wp-caption alignnone\"><img loading=\"lazy\" decoding=\"async\" class=\"size-full wp-image-1837\" src=\"https:\/\/www.organisator.ch\/wp-content\/uploads\/2017\/05\/5DSR1906_AE_web.jpg\" alt=\"\" width=\"400\" height=\"600\" srcset=\"https:\/\/www.organisator.ch\/wp-content\/uploads\/2017\/05\/5DSR1906_AE_web.jpg 400w, https:\/\/www.organisator.ch\/wp-content\/uploads\/2017\/05\/5DSR1906_AE_web-8x12.jpg 8w, https:\/\/www.organisator.ch\/wp-content\/uploads\/2017\/05\/5DSR1906_AE_web-117x175.jpg 117w, https:\/\/www.organisator.ch\/wp-content\/uploads\/2017\/05\/5DSR1906_AE_web-233x350.jpg 233w, https:\/\/www.organisator.ch\/wp-content\/uploads\/2017\/05\/5DSR1906_AE_web-300x450.jpg 300w\" sizes=\"auto, (max-width: 400px) 100vw, 400px\" \/><figcaption id=\"caption-attachment-1837\" class=\"wp-caption-text\">Claus H. Widrig, pr\u00e9sident de la nouvelle association interimsuisse. (Photo : PD \/ zVg)<\/figcaption><\/figure>\n<p>Claus H. Widrig a \u00e9t\u00e9 \u00e9lu pr\u00e9sident de la nouvelle repr\u00e9sentation de la branche du management par int\u00e9rim. Il dirigera l'organisation avec l'avocat Marcel Gross et l'entrepreneur Daniel E. Bubendorf. Widrig dispose d'une longue exp\u00e9rience dans des fonctions de management et est actif dans diff\u00e9rentes associations \u00e9conomiques. Il est un fin connaisseur de cette forme de travail d'avenir dans l'\u00e9conomie et au niveau politique.<\/p>\n<p>L'interim management est la prise en charge limit\u00e9e dans le temps de la responsabilit\u00e9 d'une ligne, d'un projet ou d'un r\u00e9sultat et devrait continuer \u00e0 gagner en importance en tant que mod\u00e8le de travail futur. l'association de la branche interimsuisse veut donc \"communiquer par divers canaux avec des repr\u00e9sentants \u00e9minents de l'\u00e9conomie, de la politique, de la science et du monde des m\u00e9dias\", comme on peut le lire sur le site Internet <a href=\"http:\/\/www.interimsuisse.com\">www.interimsuisse.com<\/a> de l'int\u00e9rim. En tant que r\u00e9seau pour le march\u00e9 suisse de l'int\u00e9rim, l'organisation veut en outre apporter une contribution importante \u00e0 la cr\u00e9ation d'une s\u00e9curit\u00e9 juridique lors de l'engagement de managers par int\u00e9rim.<\/p>","protected":false},"excerpt":{"rendered":"<p>Claus H. Widrig wurde zum Pr\u00e4sidenten der neuen Branchenvertretung f\u00fcr Interim Management gew\u00e4hlt. Er wird die Organisation zusammen mit dem Rechtsanwalt Marcel Gross und dem Unternehmer Daniel E. Bubendorf f\u00fchren. Widrig verf\u00fcgt \u00fcber langj\u00e4hrige Erfahrung in Managementfunktionen und ist in verschiedenen Wirtschaftsverb\u00e4nden t\u00e4tig. Er ist ein profunder Kenner dieser Arbeitsform der Zukunft in der Wirtschaft [&hellip;]<\/p>\n","protected":false},"author":4,"featured_media":1837,"comment_status":"open","ping_status":"open","sticky":false,"template":"","format":"standard","meta":{"_acf_changed":false,"_yoast_wpseo_focuskw":"Claus H. Widrig","_yoast_wpseo_metadesc":"Der Verein interimsuisse verfolgt das Ziel, das Interim Management als Branche im Bewusstsein zu verankern. Claus H. Widrig ist nun erster Pr\u00e4sident.","articlekey":"","footnotes":""},"categories":[1],"tags":[381,492,504,508],"class_list":["post-1836","post","type-post","status-publish","format-standard","has-post-thumbnail","hentry","category-allgemein","tag-personalia","tag-unternehmen","tag-vereine","tag-vermischtes"],"acf":[],"yoast_head":"<!-- This site is optimized with the Yoast SEO plugin v27.5 - https:\/\/yoast.com\/product\/yoast-seo-wordpress\/ -->\n<title>Claus H. Widrig ist Pr\u00e4sident von interimsuisse - Organisator<\/title>\n<meta name=\"description\" content=\"Der Verein interimsuisse verfolgt das Ziel, das Interim Management als Branche im Bewusstsein zu verankern. Claus H. Widrig ist nun erster Pr\u00e4sident.\" \/>\n<meta name=\"robots\" content=\"index, follow, max-snippet:-1, max-image-preview:large, max-video-preview:-1\" \/>\n<link rel=\"canonical\" href=\"https:\/\/www.organisator.ch\/fr\/general\/2017-05-02\/claus-h-widrig-ist-praesident-von-interimsuisse\/\" \/>\n<meta property=\"og:locale\" content=\"fr_FR\" \/>\n<meta property=\"og:type\" content=\"article\" \/>\n<meta property=\"og:title\" content=\"Claus H. Widrig ist Pr\u00e4sident von interimsuisse\" \/>\n<meta property=\"og:description\" content=\"Der Verein #interimsuisse wurde im Februar 2017 gegr\u00fcndet. Er verfolgt das Ziel, das Interim Management als Branche im Bewusstsein der Schweizer Wirtschaft und Politik zu verankern. Claus H. Widrig ist nun erster Pr\u00e4sident.\" \/>\n<meta property=\"og:url\" content=\"https:\/\/www.organisator.ch\/fr\/general\/2017-05-02\/claus-h-widrig-ist-praesident-von-interimsuisse\/\" \/>\n<meta property=\"og:site_name\" content=\"Organisator\" \/>\n<meta property=\"article:publisher\" content=\"https:\/\/www.facebook.com\/OrganisatorFachmagazin\" \/>\n<meta property=\"article:published_time\" content=\"2017-05-02T08:13:10+00:00\" \/>\n<meta property=\"og:image\" content=\"https:\/\/www.organisator.ch\/wp-content\/uploads\/2017\/05\/5DSR1906_AE_web.jpg\" \/>\n\t<meta property=\"og:image:width\" content=\"400\" \/>\n\t<meta property=\"og:image:height\" content=\"600\" \/>\n\t<meta property=\"og:image:type\" content=\"image\/jpeg\" \/>\n<meta name=\"author\" content=\"thomas.berner\" \/>\n<meta name=\"twitter:card\" content=\"summary_large_image\" \/>\n<meta name=\"twitter:title\" content=\"#ClausH.Widrig ist Pr\u00e4sident von #interimsuisse\" \/>\n<meta name=\"twitter:description\" content=\"Der Verein #interimsuisse wurde im Februar 2017 gegr\u00fcndet. Er verfolgt das Ziel, das Interim Management als Branche im Bewusstsein der Schweizer Wirtschaft und Politik zu verankern. Claus H. Widrig ist nun erster Pr\u00e4sident.\" \/>\n<meta name=\"twitter:image\" content=\"https:\/\/www.organisator.ch\/wp-content\/uploads\/2017\/05\/5DSR1906_AE_web.jpg\" \/>\n<script type=\"application\/ld+json\" class=\"yoast-schema-graph\">{\"@context\":\"https:\\\/\\\/schema.org\",\"@graph\":[{\"@type\":\"Article\",\"@id\":\"https:\\\/\\\/www.organisator.ch\\\/de\\\/allgemein\\\/2017-05-02\\\/claus-h-widrig-ist-praesident-von-interimsuisse\\\/#article\",\"isPartOf\":{\"@id\":\"https:\\\/\\\/www.organisator.ch\\\/de\\\/allgemein\\\/2017-05-02\\\/claus-h-widrig-ist-praesident-von-interimsuisse\\\/\"},\"author\":{\"name\":\"thomas.berner\",\"@id\":\"https:\\\/\\\/www.organisator.ch\\\/#\\\/schema\\\/person\\\/6f650f90b2842cd4c0cc334b4e36f67e\"},\"headline\":\"Claus H. Widrig ist Pr\u00e4sident von interimsuisse\",\"datePublished\":\"2017-05-02T08:13:10+00:00\",\"mainEntityOfPage\":{\"@id\":\"https:\\\/\\\/www.organisator.ch\\\/de\\\/allgemein\\\/2017-05-02\\\/claus-h-widrig-ist-praesident-von-interimsuisse\\\/\"},\"wordCount\":172,\"commentCount\":0,\"publisher\":{\"@id\":\"https:\\\/\\\/www.organisator.ch\\\/#organization\"},\"image\":{\"@id\":\"https:\\\/\\\/www.organisator.ch\\\/de\\\/allgemein\\\/2017-05-02\\\/claus-h-widrig-ist-praesident-von-interimsuisse\\\/#primaryimage\"},\"thumbnailUrl\":\"https:\\\/\\\/www.organisator.ch\\\/wp-content\\\/uploads\\\/2017\\\/05\\\/5DSR1906_AE_web.jpg\",\"keywords\":[\"Personalia\",\"Unternehmen\",\"Vereine\",\"Vermischtes\"],\"articleSection\":[\"Allgemein\"],\"inLanguage\":\"fr-FR\"},{\"@type\":\"WebPage\",\"@id\":\"https:\\\/\\\/www.organisator.ch\\\/de\\\/allgemein\\\/2017-05-02\\\/claus-h-widrig-ist-praesident-von-interimsuisse\\\/\",\"url\":\"https:\\\/\\\/www.organisator.ch\\\/de\\\/allgemein\\\/2017-05-02\\\/claus-h-widrig-ist-praesident-von-interimsuisse\\\/\",\"name\":\"Claus H. Widrig ist Pr\u00e4sident von interimsuisse - Organisator\",\"isPartOf\":{\"@id\":\"https:\\\/\\\/www.organisator.ch\\\/#website\"},\"primaryImageOfPage\":{\"@id\":\"https:\\\/\\\/www.organisator.ch\\\/de\\\/allgemein\\\/2017-05-02\\\/claus-h-widrig-ist-praesident-von-interimsuisse\\\/#primaryimage\"},\"image\":{\"@id\":\"https:\\\/\\\/www.organisator.ch\\\/de\\\/allgemein\\\/2017-05-02\\\/claus-h-widrig-ist-praesident-von-interimsuisse\\\/#primaryimage\"},\"thumbnailUrl\":\"https:\\\/\\\/www.organisator.ch\\\/wp-content\\\/uploads\\\/2017\\\/05\\\/5DSR1906_AE_web.jpg\",\"datePublished\":\"2017-05-02T08:13:10+00:00\",\"description\":\"Der Verein interimsuisse verfolgt das Ziel, das Interim Management als Branche im Bewusstsein zu verankern. Claus H. Widrig ist nun erster Pr\u00e4sident.\",\"breadcrumb\":{\"@id\":\"https:\\\/\\\/www.organisator.ch\\\/de\\\/allgemein\\\/2017-05-02\\\/claus-h-widrig-ist-praesident-von-interimsuisse\\\/#breadcrumb\"},\"inLanguage\":\"fr-FR\",\"potentialAction\":[{\"@type\":\"ReadAction\",\"target\":[\"https:\\\/\\\/www.organisator.ch\\\/de\\\/allgemein\\\/2017-05-02\\\/claus-h-widrig-ist-praesident-von-interimsuisse\\\/\"]}]},{\"@type\":\"ImageObject\",\"inLanguage\":\"fr-FR\",\"@id\":\"https:\\\/\\\/www.organisator.ch\\\/de\\\/allgemein\\\/2017-05-02\\\/claus-h-widrig-ist-praesident-von-interimsuisse\\\/#primaryimage\",\"url\":\"https:\\\/\\\/www.organisator.ch\\\/wp-content\\\/uploads\\\/2017\\\/05\\\/5DSR1906_AE_web.jpg\",\"contentUrl\":\"https:\\\/\\\/www.organisator.ch\\\/wp-content\\\/uploads\\\/2017\\\/05\\\/5DSR1906_AE_web.jpg\",\"width\":400,\"height\":600,\"caption\":\"Claus H. Widrig, Pr\u00e4sident des neuen Vereins interimsuisse. (Foto: PD \\\/ zVg)\"},{\"@type\":\"BreadcrumbList\",\"@id\":\"https:\\\/\\\/www.organisator.ch\\\/de\\\/allgemein\\\/2017-05-02\\\/claus-h-widrig-ist-praesident-von-interimsuisse\\\/#breadcrumb\",\"itemListElement\":[{\"@type\":\"ListItem\",\"position\":1,\"name\":\"Home\",\"item\":\"https:\\\/\\\/www.organisator.ch\\\/\"},{\"@type\":\"ListItem\",\"position\":2,\"name\":\"Claus H. Widrig ist Pr\u00e4sident von interimsuisse\"}]},{\"@type\":\"WebSite\",\"@id\":\"https:\\\/\\\/www.organisator.ch\\\/#website\",\"url\":\"https:\\\/\\\/www.organisator.ch\\\/\",\"name\":\"Organisator\",\"description\":\"Kompetent. Praxisnah. Der ORGANISATOR bereitet in 10 Ausgaben pro Jahr die wesentlichen Themen f\u00fcr F\u00fchrungskr\u00e4fte von KMU auf.\",\"publisher\":{\"@id\":\"https:\\\/\\\/www.organisator.ch\\\/#organization\"},\"potentialAction\":[{\"@type\":\"SearchAction\",\"target\":{\"@type\":\"EntryPoint\",\"urlTemplate\":\"https:\\\/\\\/www.organisator.ch\\\/?s={search_term_string}\"},\"query-input\":{\"@type\":\"PropertyValueSpecification\",\"valueRequired\":true,\"valueName\":\"search_term_string\"}}],\"inLanguage\":\"fr-FR\"},{\"@type\":\"Organization\",\"@id\":\"https:\\\/\\\/www.organisator.ch\\\/#organization\",\"name\":\"Organisator\",\"url\":\"https:\\\/\\\/www.organisator.ch\\\/\",\"logo\":{\"@type\":\"ImageObject\",\"inLanguage\":\"fr-FR\",\"@id\":\"https:\\\/\\\/www.organisator.ch\\\/#\\\/schema\\\/logo\\\/image\\\/\",\"url\":\"https:\\\/\\\/www.organisator.ch\\\/wp-content\\\/uploads\\\/2022\\\/01\\\/Logo_Organisator_Website.png\",\"contentUrl\":\"https:\\\/\\\/www.organisator.ch\\\/wp-content\\\/uploads\\\/2022\\\/01\\\/Logo_Organisator_Website.png\",\"width\":800,\"height\":77,\"caption\":\"Organisator\"},\"image\":{\"@id\":\"https:\\\/\\\/www.organisator.ch\\\/#\\\/schema\\\/logo\\\/image\\\/\"},\"sameAs\":[\"https:\\\/\\\/www.facebook.com\\\/OrganisatorFachmagazin\",\"https:\\\/\\\/www.linkedin.com\\\/showcase\\\/organisator-das-magazin-fr-kmu\",\"https:\\\/\\\/www.xing.com\\\/news\\\/pages\\\/organisator-ch-695\",\"https:\\\/\\\/www.youtube.com\\\/channel\\\/UCGP2Sq0iWaZwT3BdIAQFYpw\"]},{\"@type\":\"Person\",\"@id\":\"https:\\\/\\\/www.organisator.ch\\\/#\\\/schema\\\/person\\\/6f650f90b2842cd4c0cc334b4e36f67e\",\"name\":\"thomas.berner\",\"image\":{\"@type\":\"ImageObject\",\"inLanguage\":\"fr-FR\",\"@id\":\"https:\\\/\\\/secure.gravatar.com\\\/avatar\\\/ac5001d2a36cb6c6cd3e50789007ffca834b477b74a2144564522e944eabff61?s=96&d=mm&r=g\",\"url\":\"https:\\\/\\\/secure.gravatar.com\\\/avatar\\\/ac5001d2a36cb6c6cd3e50789007ffca834b477b74a2144564522e944eabff61?s=96&d=mm&r=g\",\"contentUrl\":\"https:\\\/\\\/secure.gravatar.com\\\/avatar\\\/ac5001d2a36cb6c6cd3e50789007ffca834b477b74a2144564522e944eabff61?s=96&d=mm&r=g\",\"caption\":\"thomas.berner\"},\"url\":\"https:\\\/\\\/www.organisator.ch\\\/fr\\\/author\\\/thomas-berner\\\/\"}]}<\/script>\n<!-- \/ Yoast SEO plugin. -->","yoast_head_json":{"title":"Claus H. Widrig est pr\u00e9sident d'interimsuisse - Organisateur","description":"L'association interimsuisse a pour objectif d'ancrer le management par int\u00e9rim en tant que branche dans les consciences. Claus H. Widrig en est d\u00e9sormais le premier pr\u00e9sident.","robots":{"index":"index","follow":"follow","max-snippet":"max-snippet:-1","max-image-preview":"max-image-preview:large","max-video-preview":"max-video-preview:-1"},"canonical":"https:\/\/www.organisator.ch\/fr\/general\/2017-05-02\/claus-h-widrig-ist-praesident-von-interimsuisse\/","og_locale":"fr_FR","og_type":"article","og_title":"Claus H. Widrig ist Pr\u00e4sident von interimsuisse","og_description":"Der Verein #interimsuisse wurde im Februar 2017 gegr\u00fcndet. Er verfolgt das Ziel, das Interim Management als Branche im Bewusstsein der Schweizer Wirtschaft und Politik zu verankern. Claus H. Widrig ist nun erster Pr\u00e4sident.","og_url":"https:\/\/www.organisator.ch\/fr\/general\/2017-05-02\/claus-h-widrig-ist-praesident-von-interimsuisse\/","og_site_name":"Organisator","article_publisher":"https:\/\/www.facebook.com\/OrganisatorFachmagazin","article_published_time":"2017-05-02T08:13:10+00:00","og_image":[{"width":400,"height":600,"url":"https:\/\/www.organisator.ch\/wp-content\/uploads\/2017\/05\/5DSR1906_AE_web.jpg","type":"image\/jpeg"}],"author":"thomas.berner","twitter_card":"summary_large_image","twitter_title":"#ClausH.Widrig ist Pr\u00e4sident von #interimsuisse","twitter_description":"Der Verein #interimsuisse wurde im Februar 2017 gegr\u00fcndet. Er verfolgt das Ziel, das Interim Management als Branche im Bewusstsein der Schweizer Wirtschaft und Politik zu verankern. Claus H. Widrig ist nun erster Pr\u00e4sident.","twitter_image":"https:\/\/www.organisator.ch\/wp-content\/uploads\/2017\/05\/5DSR1906_AE_web.jpg","schema":{"@context":"https:\/\/schema.org","@graph":[{"@type":"Article","@id":"https:\/\/www.organisator.ch\/de\/allgemein\/2017-05-02\/claus-h-widrig-ist-praesident-von-interimsuisse\/#article","isPartOf":{"@id":"https:\/\/www.organisator.ch\/de\/allgemein\/2017-05-02\/claus-h-widrig-ist-praesident-von-interimsuisse\/"},"author":{"name":"thomas.berner","@id":"https:\/\/www.organisator.ch\/#\/schema\/person\/6f650f90b2842cd4c0cc334b4e36f67e"},"headline":"Claus H. Widrig ist Pr\u00e4sident von interimsuisse","datePublished":"2017-05-02T08:13:10+00:00","mainEntityOfPage":{"@id":"https:\/\/www.organisator.ch\/de\/allgemein\/2017-05-02\/claus-h-widrig-ist-praesident-von-interimsuisse\/"},"wordCount":172,"commentCount":0,"publisher":{"@id":"https:\/\/www.organisator.ch\/#organization"},"image":{"@id":"https:\/\/www.organisator.ch\/de\/allgemein\/2017-05-02\/claus-h-widrig-ist-praesident-von-interimsuisse\/#primaryimage"},"thumbnailUrl":"https:\/\/www.organisator.ch\/wp-content\/uploads\/2017\/05\/5DSR1906_AE_web.jpg","keywords":["Personalia","Unternehmen","Vereine","Vermischtes"],"articleSection":["Allgemein"],"inLanguage":"fr-FR"},{"@type":"WebPage","@id":"https:\/\/www.organisator.ch\/de\/allgemein\/2017-05-02\/claus-h-widrig-ist-praesident-von-interimsuisse\/","url":"https:\/\/www.organisator.ch\/de\/allgemein\/2017-05-02\/claus-h-widrig-ist-praesident-von-interimsuisse\/","name":"Claus H. Widrig est pr\u00e9sident d'interimsuisse - Organisateur","isPartOf":{"@id":"https:\/\/www.organisator.ch\/#website"},"primaryImageOfPage":{"@id":"https:\/\/www.organisator.ch\/de\/allgemein\/2017-05-02\/claus-h-widrig-ist-praesident-von-interimsuisse\/#primaryimage"},"image":{"@id":"https:\/\/www.organisator.ch\/de\/allgemein\/2017-05-02\/claus-h-widrig-ist-praesident-von-interimsuisse\/#primaryimage"},"thumbnailUrl":"https:\/\/www.organisator.ch\/wp-content\/uploads\/2017\/05\/5DSR1906_AE_web.jpg","datePublished":"2017-05-02T08:13:10+00:00","description":"L'association interimsuisse a pour objectif d'ancrer le management par int\u00e9rim en tant que branche dans les consciences. Claus H. Widrig en est d\u00e9sormais le premier pr\u00e9sident.","breadcrumb":{"@id":"https:\/\/www.organisator.ch\/de\/allgemein\/2017-05-02\/claus-h-widrig-ist-praesident-von-interimsuisse\/#breadcrumb"},"inLanguage":"fr-FR","potentialAction":[{"@type":"ReadAction","target":["https:\/\/www.organisator.ch\/de\/allgemein\/2017-05-02\/claus-h-widrig-ist-praesident-von-interimsuisse\/"]}]},{"@type":"ImageObject","inLanguage":"fr-FR","@id":"https:\/\/www.organisator.ch\/de\/allgemein\/2017-05-02\/claus-h-widrig-ist-praesident-von-interimsuisse\/#primaryimage","url":"https:\/\/www.organisator.ch\/wp-content\/uploads\/2017\/05\/5DSR1906_AE_web.jpg","contentUrl":"https:\/\/www.organisator.ch\/wp-content\/uploads\/2017\/05\/5DSR1906_AE_web.jpg","width":400,"height":600,"caption":"Claus H. Widrig, Pr\u00e4sident des neuen Vereins interimsuisse. (Foto: PD \/ zVg)"},{"@type":"BreadcrumbList","@id":"https:\/\/www.organisator.ch\/de\/allgemein\/2017-05-02\/claus-h-widrig-ist-praesident-von-interimsuisse\/#breadcrumb","itemListElement":[{"@type":"ListItem","position":1,"name":"Home","item":"https:\/\/www.organisator.ch\/"},{"@type":"ListItem","position":2,"name":"Claus H. Widrig ist Pr\u00e4sident von interimsuisse"}]},{"@type":"WebSite","@id":"https:\/\/www.organisator.ch\/#website","url":"https:\/\/www.organisator.ch\/","name":"Organisateur","description":"Comp\u00e9tence et comp\u00e9tence. Proches de la pratique. L'ORGANISATEUR pr\u00e9pare 10 num\u00e9ros par an sur les th\u00e8mes essentiels pour les dirigeants de PME.","publisher":{"@id":"https:\/\/www.organisator.ch\/#organization"},"potentialAction":[{"@type":"SearchAction","target":{"@type":"EntryPoint","urlTemplate":"https:\/\/www.organisator.ch\/?s={search_term_string}"},"query-input":{"@type":"PropertyValueSpecification","valueRequired":true,"valueName":"search_term_string"}}],"inLanguage":"fr-FR"},{"@type":"Organization","@id":"https:\/\/www.organisator.ch\/#organization","name":"Organisateur","url":"https:\/\/www.organisator.ch\/","logo":{"@type":"ImageObject","inLanguage":"fr-FR","@id":"https:\/\/www.organisator.ch\/#\/schema\/logo\/image\/","url":"https:\/\/www.organisator.ch\/wp-content\/uploads\/2022\/01\/Logo_Organisator_Website.png","contentUrl":"https:\/\/www.organisator.ch\/wp-content\/uploads\/2022\/01\/Logo_Organisator_Website.png","width":800,"height":77,"caption":"Organisator"},"image":{"@id":"https:\/\/www.organisator.ch\/#\/schema\/logo\/image\/"},"sameAs":["https:\/\/www.facebook.com\/OrganisatorFachmagazin","https:\/\/www.linkedin.com\/showcase\/organisator-das-magazin-fr-kmu","https:\/\/www.xing.com\/news\/pages\/organisator-ch-695","https:\/\/www.youtube.com\/channel\/UCGP2Sq0iWaZwT3BdIAQFYpw"]},{"@type":"Person","@id":"https:\/\/www.organisator.ch\/#\/schema\/person\/6f650f90b2842cd4c0cc334b4e36f67e","name":"thomas.berner","image":{"@type":"ImageObject","inLanguage":"fr-FR","@id":"https:\/\/secure.gravatar.com\/avatar\/ac5001d2a36cb6c6cd3e50789007ffca834b477b74a2144564522e944eabff61?s=96&d=mm&r=g","url":"https:\/\/secure.gravatar.com\/avatar\/ac5001d2a36cb6c6cd3e50789007ffca834b477b74a2144564522e944eabff61?s=96&d=mm&r=g","contentUrl":"https:\/\/secure.gravatar.com\/avatar\/ac5001d2a36cb6c6cd3e50789007ffca834b477b74a2144564522e944eabff61?s=96&d=mm&r=g","caption":"thomas.berner"},"url":"https:\/\/www.organisator.ch\/fr\/author\/thomas-berner\/"}]}},"_links":{"self":[{"href":"https:\/\/www.organisator.ch\/fr\/wp-json\/wp\/v2\/posts\/1836","targetHints":{"allow":["GET"]}}],"collection":[{"href":"https:\/\/www.organisator.ch\/fr\/wp-json\/wp\/v2\/posts"}],"about":[{"href":"https:\/\/www.organisator.ch\/fr\/wp-json\/wp\/v2\/types\/post"}],"author":[{"embeddable":true,"href":"https:\/\/www.organisator.ch\/fr\/wp-json\/wp\/v2\/users\/4"}],"replies":[{"embeddable":true,"href":"https:\/\/www.organisator.ch\/fr\/wp-json\/wp\/v2\/comments?post=1836"}],"version-history":[{"count":0,"href":"https:\/\/www.organisator.ch\/fr\/wp-json\/wp\/v2\/posts\/1836\/revisions"}],"wp:featuredmedia":[{"embeddable":true,"href":"https:\/\/www.organisator.ch\/fr\/wp-json\/wp\/v2\/media\/1837"}],"wp:attachment":[{"href":"https:\/\/www.organisator.ch\/fr\/wp-json\/wp\/v2\/media?parent=1836"}],"wp:term":[{"taxonomy":"category","embeddable":true,"href":"https:\/\/www.organisator.ch\/fr\/wp-json\/wp\/v2\/categories?post=1836"},{"taxonomy":"post_tag","embeddable":true,"href":"https:\/\/www.organisator.ch\/fr\/wp-json\/wp\/v2\/tags?post=1836"}],"curies":[{"name":"wp","href":"https:\/\/api.w.org\/{rel}","templated":true}]}}