{"id":18387,"date":"2023-01-04T07:47:25","date_gmt":"2023-01-04T06:47:25","guid":{"rendered":"https:\/\/www.organisator.ch\/?p=18387"},"modified":"2023-01-04T07:47:25","modified_gmt":"2023-01-04T06:47:25","slug":"der-kaufmaennische-verband-schweiz-feiert-sein-150-jaehriges-bestehen","status":"publish","type":"post","link":"https:\/\/www.organisator.ch\/fr\/weiterbildung\/2023-01-04\/der-kaufmaennische-verband-schweiz-feiert-sein-150-jaehriges-bestehen\/","title":{"rendered":"La Soci\u00e9t\u00e9 suisse des employ\u00e9s de commerce f\u00eate ses 150 ans d'existence"},"content":{"rendered":"<figure id=\"attachment_18388\" aria-describedby=\"caption-attachment-18388\" style=\"width: 680px\" class=\"wp-caption alignnone\"><img loading=\"lazy\" decoding=\"async\" class=\"size-full wp-image-18388\" src=\"https:\/\/www.organisator.ch\/wp-content\/uploads\/2023\/01\/Der-Kaufmaennische-Verband-Schweiz-feiert-sein-150-jaehriges-Bestehen_Organisator.jpg\" alt=\"\" width=\"680\" height=\"454\" srcset=\"https:\/\/www.organisator.ch\/wp-content\/uploads\/2023\/01\/Der-Kaufmaennische-Verband-Schweiz-feiert-sein-150-jaehriges-Bestehen_Organisator.jpg 680w, https:\/\/www.organisator.ch\/wp-content\/uploads\/2023\/01\/Der-Kaufmaennische-Verband-Schweiz-feiert-sein-150-jaehriges-Bestehen_Organisator-18x12.jpg 18w, https:\/\/www.organisator.ch\/wp-content\/uploads\/2023\/01\/Der-Kaufmaennische-Verband-Schweiz-feiert-sein-150-jaehriges-Bestehen_Organisator-375x250.jpg 375w, https:\/\/www.organisator.ch\/wp-content\/uploads\/2023\/01\/Der-Kaufmaennische-Verband-Schweiz-feiert-sein-150-jaehriges-Bestehen_Organisator-524x350.jpg 524w\" sizes=\"auto, (max-width: 680px) 100vw, 680px\" \/><figcaption id=\"caption-attachment-18388\" class=\"wp-caption-text\">Depuis 150 ans, la Soci\u00e9t\u00e9 suisse des employ\u00e9s de commerce repr\u00e9sente la formation et la profession dans le domaine commercial et de la gestion d'entreprise. (Image : Soci\u00e9t\u00e9 suisse des employ\u00e9s de commerce\/Merlin Photography Ltd.)<\/figcaption><\/figure>\n<p>La Soci\u00e9t\u00e9 suisse des employ\u00e9s de commerce a \u00e9t\u00e9 fond\u00e9e le 14 avril 1873 en tant que regroupement de 20 associations locales de formation (\u00e0 l'\u00e9poque : \"Soci\u00e9t\u00e9 suisse des jeunes employ\u00e9s de commerce\"). En 1882, elle a \u00e9t\u00e9 rebaptis\u00e9e \"Soci\u00e9t\u00e9 suisse des employ\u00e9s de commerce\", en 1977 \"Soci\u00e9t\u00e9 suisse des employ\u00e9s de commerce\" et en 2001 \"SEC Suisse\".<\/p>\n<h3>Centre de comp\u00e9tences pour la formation et l'emploi<\/h3>\n<p>La Soci\u00e9t\u00e9 suisse des employ\u00e9s de commerce est aujourd'hui consid\u00e9r\u00e9e comme un centre de comp\u00e9tences pour la formation et la profession. Elle compte environ 38 500 membres qu'elle conseille sur des questions relatives \u00e0 leur carri\u00e8re professionnelle et dont elle d\u00e9fend les int\u00e9r\u00eats tant au niveau politique que dans le cadre d'accords de partenariat social. En tant que responsable ou co-responsable de diff\u00e9rents examens professionnels et sp\u00e9cialis\u00e9s, elle propose en outre des formations et des formations continues ax\u00e9es sur la pratique. \"L'engagement en faveur d'une politique de formation, \u00e9conomique et sociale moderne et orient\u00e9e vers l'avenir, qui traite \u00e9quitablement tous les professionnels - hommes et femmes, riches et pauvres, jeunes et vieux - comptait parmi les principaux champs d'activit\u00e9 de l'association, hier comme aujourd'hui\", explique Christian Z\u00fcnd, CEO de la Soci\u00e9t\u00e9 suisse des employ\u00e9s de commerce.<\/p>\n<h3>150 ans de travail politique dans le domaine de l'\u00e9ducation<\/h3>\n<p>La formation et l'apprentissage tout au long de la vie sont fermement ancr\u00e9s dans l'ADN de la Soci\u00e9t\u00e9 suisse des employ\u00e9s de commerce, \u00e9crit l'association dans son communiqu\u00e9 de presse \u00e0 l'occasion de son anniversaire. \"Le succ\u00e8s de l'apprentissage de commerce, qui compte depuis des d\u00e9cennies parmi les formations les plus choisies en Suisse, repose sur son orientation \u00e9troite vers la pratique professionnelle et sur les nombreuses possibilit\u00e9s de formation continue permettant d'acqu\u00e9rir de nouvelles comp\u00e9tences ou de renforcer celles d\u00e9j\u00e0 acquises\", ajoute Z\u00fcnd. L'introduction d'examens professionnels dans les domaines de la correspondance et de la banque ainsi que de la st\u00e9nographie a pos\u00e9 des jalons importants pour la syst\u00e9matisation et la f\u00e9minisation de la formation professionnelle dans les ann\u00e9es 1920. Ont suivi la diff\u00e9renciation des dipl\u00f4mes professionnels commerciaux (examens professionnels sup\u00e9rieurs, examens professionnels et examens d'associations) ainsi que de nombreuses autres innovations et r\u00e9formes de la formation. \"L'ann\u00e9e 2023 est doublement importante pour la Soci\u00e9t\u00e9 suisse des employ\u00e9s de commerce\", souligne Z\u00fcnd. \"Nous ne c\u00e9l\u00e9brons pas seulement les 150 ans d'histoire de l'association et notre engagement infatigable dans la politique de formation et professionnelle. Nous nous r\u00e9jouissons \u00e9galement du lancement du nouvel apprentissage de commerce et sommes fermement convaincus qu'il permettra aux jeunes - d'aujourd'hui comme d'hier - de s'armer des outils n\u00e9cessaires pour relever les d\u00e9fis de demain\".<\/p>\n<h3>Plus de 100 ans de partenariat social<\/h3>\n<p>D\u00e8s les premi\u00e8res ann\u00e9es de sa fondation, la Soci\u00e9t\u00e9 suisse des employ\u00e9s de commerce s'est engag\u00e9e \u00e0 r\u00e9soudre les tensions sociales et \u00e0 lutter contre le ch\u00f4mage dans les situations \u00e9conomiques difficiles. Elle s'est \u00e9galement engag\u00e9e \u00e0 repenser le syst\u00e8me de pr\u00e9voyance suisse : apr\u00e8s la Premi\u00e8re Guerre mondiale, elle a par exemple adh\u00e9r\u00e9 \u00e0 la \"F\u00e9d\u00e9ration des associations suisses d'employ\u00e9s\" (FSA). L'objectif \u00e9tait de promouvoir la stabilit\u00e9 \u00e9conomique et le dialogue patronal face \u00e0 un mouvement ouvrier qui se radicalisait. D\u00e8s d\u00e9cembre 1918, la VSA a pu signer la premi\u00e8re convention collective de travail globale en Suisse, posant ainsi la premi\u00e8re pierre d'un partenariat social moderne.<\/p>\n<p>\"Aujourd'hui, la Soci\u00e9t\u00e9 suisse des employ\u00e9s de commerce repr\u00e9sente environ 700 000 employ\u00e9s des branches banques et assurances, commerce de d\u00e9tail, artisanat, industrie, transport a\u00e9rien et location de services dans pr\u00e8s de 40 conventions collectives de travail r\u00e9gionales et nationales. Elle s'engage pour des conditions de travail \u00e9quitables et non discriminatoires ainsi que pour le renforcement de l'employabilit\u00e9 individuelle\", pr\u00e9cise Z\u00fcnd.<\/p>\n<h3>Manifestations du jubil\u00e9 2023<\/h3>\n<p>Dans le cadre de diff\u00e9rents \u00e9v\u00e9nements comm\u00e9moratifs, la Soci\u00e9t\u00e9 suisse des employ\u00e9s de commerce se consacre cette ann\u00e9e aux mondes du travail de demain et examine de plus pr\u00e8s les r\u00e9percussions de la New Work Culture sur la soci\u00e9t\u00e9 et l'entreprise. Quelles sont les tendances qui marquent le march\u00e9 du travail suisse ? Quelles sont les \u00e9volutions qui attendent les employ\u00e9s dans les m\u00e9tiers du savoir et des services ? Quelles comp\u00e9tences donneront le rythme \u00e0 l'avenir ? En mars 2023, la Soci\u00e9t\u00e9 suisse des employ\u00e9s de commerce lancera en outre sa campagne anniversaire \"buerogeschichten.ch\" - une plateforme interactive qui propose un voyage dans le temps \u00e0 travers l'histoire du commerce et de l'\u00e9conomie d'entreprise et qui montre pourquoi l'apprentissage de commerce est indispensable au syst\u00e8me de formation suisse et pourquoi les employ\u00e9s de commerce sont indispensables \u00e0 l'\u00e9conomie locale.<\/p>\n<p><em>Source et informations compl\u00e9mentaires : <a href=\"http:\/\/www.kfmv.ch\">www.kfmv.ch<\/a><\/em><\/p>","protected":false},"excerpt":{"rendered":"<p>Der Kaufm\u00e4nnische Verband Schweiz wurde am 14. April 1873 als Zusammenschluss von 20 \u00f6rtlichen Bildungsvereinen (damals: \u00abSchweizerischer Verein junger Kaufleute\u00bb) gegr\u00fcndet. 1882 folgte die Umbenennung in \u00abSchweizerischer Kaufm\u00e4nnischer Verein\u00bb, 1977 in \u00abSchweizerischer Kaufm\u00e4nnischer Verband\u00bb und 2001 in \u00abKV Schweiz\u00bb. Kompetenzzentrum f\u00fcr Bildung und Beruf Der Kaufm\u00e4nnische Verband Schweiz gilt heute als Kompetenzzentrum f\u00fcr Bildung und [&hellip;]<\/p>\n","protected":false},"author":4,"featured_media":18388,"comment_status":"closed","ping_status":"closed","sticky":false,"template":"","format":"standard","meta":{"_acf_changed":false,"_yoast_wpseo_focuskw":"Der Kaufm\u00e4nnische Verband Schweiz","_yoast_wpseo_metadesc":"Der Kaufm\u00e4nnische Verband Schweiz feiert 2023 sein 150-j\u00e4hriges Bestehen und blickt dabei auf eine erfolgreiche und bewegte Geschichte zur\u00fcck.","articlekey":"","footnotes":""},"categories":[30],"tags":[62,3569,292,503],"class_list":["post-18387","post","type-post","status-publish","format-standard","has-post-thumbnail","hentry","category-weiterbildung","tag-aus-weiterbildung","tag-berufsverbaende","tag-jubilaeum","tag-verbaende"],"acf":[],"yoast_head":"<!-- This site is optimized with the Yoast SEO plugin v27.5 - https:\/\/yoast.com\/product\/yoast-seo-wordpress\/ -->\n<title>Der Kaufm\u00e4nnische Verband Schweiz feiert sein 150-j\u00e4hriges Bestehen - Organisator<\/title>\n<meta name=\"description\" content=\"Der Kaufm\u00e4nnische Verband Schweiz feiert 2023 sein 150-j\u00e4hriges Bestehen und blickt dabei auf eine erfolgreiche und bewegte Geschichte zur\u00fcck.\" \/>\n<meta name=\"robots\" content=\"index, follow, max-snippet:-1, max-image-preview:large, max-video-preview:-1\" \/>\n<link rel=\"canonical\" href=\"https:\/\/www.organisator.ch\/fr\/formation-continue-2\/2023-01-04\/der-kaufmaennische-verband-schweiz-feiert-sein-150-jaehriges-bestehen\/\" \/>\n<meta property=\"og:locale\" content=\"fr_FR\" \/>\n<meta property=\"og:type\" content=\"article\" \/>\n<meta property=\"og:title\" content=\"Der Kaufm\u00e4nnische Verband Schweiz feiert sein 150-j\u00e4hriges Bestehen\" \/>\n<meta property=\"og:description\" content=\"Der Kaufm\u00e4nnische Verband Schweiz feiert 2023 sein 150-j\u00e4hriges Bestehen und blickt dabei auf eine erfolgreiche und bewegte Geschichte zur\u00fcck.\" \/>\n<meta property=\"og:url\" content=\"https:\/\/www.organisator.ch\/fr\/formation-continue-2\/2023-01-04\/der-kaufmaennische-verband-schweiz-feiert-sein-150-jaehriges-bestehen\/\" \/>\n<meta property=\"og:site_name\" content=\"Organisator\" \/>\n<meta property=\"article:publisher\" content=\"https:\/\/www.facebook.com\/OrganisatorFachmagazin\" \/>\n<meta property=\"article:published_time\" content=\"2023-01-04T06:47:25+00:00\" \/>\n<meta property=\"og:image\" content=\"https:\/\/www.organisator.ch\/wp-content\/uploads\/2023\/01\/Der-Kaufmaennische-Verband-Schweiz-feiert-sein-150-jaehriges-Bestehen_Organisator.jpg\" \/>\n\t<meta property=\"og:image:width\" content=\"680\" \/>\n\t<meta property=\"og:image:height\" content=\"454\" \/>\n\t<meta property=\"og:image:type\" content=\"image\/jpeg\" \/>\n<meta name=\"author\" content=\"thomas.berner\" \/>\n<meta name=\"twitter:card\" content=\"summary_large_image\" \/>\n<meta name=\"twitter:title\" content=\"Der #Kaufm\u00e4nnischeVerbandSchweiz feiert sein 150-j\u00e4hriges Bestehen\" \/>\n<meta name=\"twitter:description\" content=\"Der #Kaufm\u00e4nnischeVerbandSchweiz feiert 2023 sein 150-j\u00e4hriges Bestehen und blickt dabei auf eine erfolgreiche und bewegte Geschichte zur\u00fcck.\" \/>\n<meta name=\"twitter:image\" content=\"https:\/\/www.organisator.ch\/wp-content\/uploads\/2023\/01\/Der-Kaufmaennische-Verband-Schweiz-feiert-sein-150-jaehriges-Bestehen_Organisator.jpg\" \/>\n<script type=\"application\/ld+json\" class=\"yoast-schema-graph\">{\"@context\":\"https:\\\/\\\/schema.org\",\"@graph\":[{\"@type\":\"Article\",\"@id\":\"https:\\\/\\\/www.organisator.ch\\\/weiterbildung\\\/2023-01-04\\\/der-kaufmaennische-verband-schweiz-feiert-sein-150-jaehriges-bestehen\\\/#article\",\"isPartOf\":{\"@id\":\"https:\\\/\\\/www.organisator.ch\\\/weiterbildung\\\/2023-01-04\\\/der-kaufmaennische-verband-schweiz-feiert-sein-150-jaehriges-bestehen\\\/\"},\"author\":{\"name\":\"thomas.berner\",\"@id\":\"https:\\\/\\\/www.organisator.ch\\\/#\\\/schema\\\/person\\\/6f650f90b2842cd4c0cc334b4e36f67e\"},\"headline\":\"Der Kaufm\u00e4nnische Verband Schweiz feiert sein 150-j\u00e4hriges Bestehen\",\"datePublished\":\"2023-01-04T06:47:25+00:00\",\"mainEntityOfPage\":{\"@id\":\"https:\\\/\\\/www.organisator.ch\\\/weiterbildung\\\/2023-01-04\\\/der-kaufmaennische-verband-schweiz-feiert-sein-150-jaehriges-bestehen\\\/\"},\"wordCount\":662,\"publisher\":{\"@id\":\"https:\\\/\\\/www.organisator.ch\\\/#organization\"},\"image\":{\"@id\":\"https:\\\/\\\/www.organisator.ch\\\/weiterbildung\\\/2023-01-04\\\/der-kaufmaennische-verband-schweiz-feiert-sein-150-jaehriges-bestehen\\\/#primaryimage\"},\"thumbnailUrl\":\"https:\\\/\\\/www.organisator.ch\\\/wp-content\\\/uploads\\\/2023\\\/01\\\/Der-Kaufmaennische-Verband-Schweiz-feiert-sein-150-jaehriges-Bestehen_Organisator.jpg\",\"keywords\":[\"Aus-\\\/Weiterbildung\",\"Berufsverb\u00e4nde\",\"Jubil\u00e4um\",\"Verb\u00e4nde\"],\"articleSection\":[\"WEITERBILDUNG\"],\"inLanguage\":\"fr-FR\"},{\"@type\":\"WebPage\",\"@id\":\"https:\\\/\\\/www.organisator.ch\\\/weiterbildung\\\/2023-01-04\\\/der-kaufmaennische-verband-schweiz-feiert-sein-150-jaehriges-bestehen\\\/\",\"url\":\"https:\\\/\\\/www.organisator.ch\\\/weiterbildung\\\/2023-01-04\\\/der-kaufmaennische-verband-schweiz-feiert-sein-150-jaehriges-bestehen\\\/\",\"name\":\"Der Kaufm\u00e4nnische Verband Schweiz feiert sein 150-j\u00e4hriges Bestehen - Organisator\",\"isPartOf\":{\"@id\":\"https:\\\/\\\/www.organisator.ch\\\/#website\"},\"primaryImageOfPage\":{\"@id\":\"https:\\\/\\\/www.organisator.ch\\\/weiterbildung\\\/2023-01-04\\\/der-kaufmaennische-verband-schweiz-feiert-sein-150-jaehriges-bestehen\\\/#primaryimage\"},\"image\":{\"@id\":\"https:\\\/\\\/www.organisator.ch\\\/weiterbildung\\\/2023-01-04\\\/der-kaufmaennische-verband-schweiz-feiert-sein-150-jaehriges-bestehen\\\/#primaryimage\"},\"thumbnailUrl\":\"https:\\\/\\\/www.organisator.ch\\\/wp-content\\\/uploads\\\/2023\\\/01\\\/Der-Kaufmaennische-Verband-Schweiz-feiert-sein-150-jaehriges-Bestehen_Organisator.jpg\",\"datePublished\":\"2023-01-04T06:47:25+00:00\",\"description\":\"Der Kaufm\u00e4nnische Verband Schweiz feiert 2023 sein 150-j\u00e4hriges Bestehen und blickt dabei auf eine erfolgreiche und bewegte Geschichte zur\u00fcck.\",\"breadcrumb\":{\"@id\":\"https:\\\/\\\/www.organisator.ch\\\/weiterbildung\\\/2023-01-04\\\/der-kaufmaennische-verband-schweiz-feiert-sein-150-jaehriges-bestehen\\\/#breadcrumb\"},\"inLanguage\":\"fr-FR\",\"potentialAction\":[{\"@type\":\"ReadAction\",\"target\":[\"https:\\\/\\\/www.organisator.ch\\\/weiterbildung\\\/2023-01-04\\\/der-kaufmaennische-verband-schweiz-feiert-sein-150-jaehriges-bestehen\\\/\"]}]},{\"@type\":\"ImageObject\",\"inLanguage\":\"fr-FR\",\"@id\":\"https:\\\/\\\/www.organisator.ch\\\/weiterbildung\\\/2023-01-04\\\/der-kaufmaennische-verband-schweiz-feiert-sein-150-jaehriges-bestehen\\\/#primaryimage\",\"url\":\"https:\\\/\\\/www.organisator.ch\\\/wp-content\\\/uploads\\\/2023\\\/01\\\/Der-Kaufmaennische-Verband-Schweiz-feiert-sein-150-jaehriges-Bestehen_Organisator.jpg\",\"contentUrl\":\"https:\\\/\\\/www.organisator.ch\\\/wp-content\\\/uploads\\\/2023\\\/01\\\/Der-Kaufmaennische-Verband-Schweiz-feiert-sein-150-jaehriges-Bestehen_Organisator.jpg\",\"width\":680,\"height\":454,\"caption\":\"Seit 150 Jahren repr\u00e4sentiert der Kaufm\u00e4nnische Verband Schweiz Bildung und Beruf im kaufm\u00e4nnisch-betriebswirtschaftlichen Umfeld. (Bild: Kaufm\u00e4nnischer Verband Schweiz\\\/Merlin Photography Ltd.)\"},{\"@type\":\"BreadcrumbList\",\"@id\":\"https:\\\/\\\/www.organisator.ch\\\/weiterbildung\\\/2023-01-04\\\/der-kaufmaennische-verband-schweiz-feiert-sein-150-jaehriges-bestehen\\\/#breadcrumb\",\"itemListElement\":[{\"@type\":\"ListItem\",\"position\":1,\"name\":\"Home\",\"item\":\"https:\\\/\\\/www.organisator.ch\\\/\"},{\"@type\":\"ListItem\",\"position\":2,\"name\":\"Der Kaufm\u00e4nnische Verband Schweiz feiert sein 150-j\u00e4hriges Bestehen\"}]},{\"@type\":\"WebSite\",\"@id\":\"https:\\\/\\\/www.organisator.ch\\\/#website\",\"url\":\"https:\\\/\\\/www.organisator.ch\\\/\",\"name\":\"Organisator\",\"description\":\"Kompetent. Praxisnah. Der ORGANISATOR bereitet in 10 Ausgaben pro Jahr die wesentlichen Themen f\u00fcr F\u00fchrungskr\u00e4fte von KMU auf.\",\"publisher\":{\"@id\":\"https:\\\/\\\/www.organisator.ch\\\/#organization\"},\"potentialAction\":[{\"@type\":\"SearchAction\",\"target\":{\"@type\":\"EntryPoint\",\"urlTemplate\":\"https:\\\/\\\/www.organisator.ch\\\/?s={search_term_string}\"},\"query-input\":{\"@type\":\"PropertyValueSpecification\",\"valueRequired\":true,\"valueName\":\"search_term_string\"}}],\"inLanguage\":\"fr-FR\"},{\"@type\":\"Organization\",\"@id\":\"https:\\\/\\\/www.organisator.ch\\\/#organization\",\"name\":\"Organisator\",\"url\":\"https:\\\/\\\/www.organisator.ch\\\/\",\"logo\":{\"@type\":\"ImageObject\",\"inLanguage\":\"fr-FR\",\"@id\":\"https:\\\/\\\/www.organisator.ch\\\/#\\\/schema\\\/logo\\\/image\\\/\",\"url\":\"https:\\\/\\\/www.organisator.ch\\\/wp-content\\\/uploads\\\/2022\\\/01\\\/Logo_Organisator_Website.png\",\"contentUrl\":\"https:\\\/\\\/www.organisator.ch\\\/wp-content\\\/uploads\\\/2022\\\/01\\\/Logo_Organisator_Website.png\",\"width\":800,\"height\":77,\"caption\":\"Organisator\"},\"image\":{\"@id\":\"https:\\\/\\\/www.organisator.ch\\\/#\\\/schema\\\/logo\\\/image\\\/\"},\"sameAs\":[\"https:\\\/\\\/www.facebook.com\\\/OrganisatorFachmagazin\",\"https:\\\/\\\/www.linkedin.com\\\/showcase\\\/organisator-das-magazin-fr-kmu\",\"https:\\\/\\\/www.xing.com\\\/news\\\/pages\\\/organisator-ch-695\",\"https:\\\/\\\/www.youtube.com\\\/channel\\\/UCGP2Sq0iWaZwT3BdIAQFYpw\"]},{\"@type\":\"Person\",\"@id\":\"https:\\\/\\\/www.organisator.ch\\\/#\\\/schema\\\/person\\\/6f650f90b2842cd4c0cc334b4e36f67e\",\"name\":\"thomas.berner\",\"image\":{\"@type\":\"ImageObject\",\"inLanguage\":\"fr-FR\",\"@id\":\"https:\\\/\\\/secure.gravatar.com\\\/avatar\\\/ac5001d2a36cb6c6cd3e50789007ffca834b477b74a2144564522e944eabff61?s=96&d=mm&r=g\",\"url\":\"https:\\\/\\\/secure.gravatar.com\\\/avatar\\\/ac5001d2a36cb6c6cd3e50789007ffca834b477b74a2144564522e944eabff61?s=96&d=mm&r=g\",\"contentUrl\":\"https:\\\/\\\/secure.gravatar.com\\\/avatar\\\/ac5001d2a36cb6c6cd3e50789007ffca834b477b74a2144564522e944eabff61?s=96&d=mm&r=g\",\"caption\":\"thomas.berner\"},\"url\":\"https:\\\/\\\/www.organisator.ch\\\/fr\\\/author\\\/thomas-berner\\\/\"}]}<\/script>\n<!-- \/ Yoast SEO plugin. -->","yoast_head_json":{"title":"La Soci\u00e9t\u00e9 suisse des employ\u00e9s de commerce f\u00eate ses 150 ans - Organisateur","description":"En 2023, la Soci\u00e9t\u00e9 suisse des employ\u00e9s de commerce f\u00eatera ses 150 ans d'existence et jettera un regard sur une histoire r\u00e9ussie et mouvement\u00e9e.","robots":{"index":"index","follow":"follow","max-snippet":"max-snippet:-1","max-image-preview":"max-image-preview:large","max-video-preview":"max-video-preview:-1"},"canonical":"https:\/\/www.organisator.ch\/fr\/formation-continue-2\/2023-01-04\/der-kaufmaennische-verband-schweiz-feiert-sein-150-jaehriges-bestehen\/","og_locale":"fr_FR","og_type":"article","og_title":"Der Kaufm\u00e4nnische Verband Schweiz feiert sein 150-j\u00e4hriges Bestehen","og_description":"Der Kaufm\u00e4nnische Verband Schweiz feiert 2023 sein 150-j\u00e4hriges Bestehen und blickt dabei auf eine erfolgreiche und bewegte Geschichte zur\u00fcck.","og_url":"https:\/\/www.organisator.ch\/fr\/formation-continue-2\/2023-01-04\/der-kaufmaennische-verband-schweiz-feiert-sein-150-jaehriges-bestehen\/","og_site_name":"Organisator","article_publisher":"https:\/\/www.facebook.com\/OrganisatorFachmagazin","article_published_time":"2023-01-04T06:47:25+00:00","og_image":[{"width":680,"height":454,"url":"https:\/\/www.organisator.ch\/wp-content\/uploads\/2023\/01\/Der-Kaufmaennische-Verband-Schweiz-feiert-sein-150-jaehriges-Bestehen_Organisator.jpg","type":"image\/jpeg"}],"author":"thomas.berner","twitter_card":"summary_large_image","twitter_title":"Der #Kaufm\u00e4nnischeVerbandSchweiz feiert sein 150-j\u00e4hriges Bestehen","twitter_description":"Der #Kaufm\u00e4nnischeVerbandSchweiz feiert 2023 sein 150-j\u00e4hriges Bestehen und blickt dabei auf eine erfolgreiche und bewegte Geschichte zur\u00fcck.","twitter_image":"https:\/\/www.organisator.ch\/wp-content\/uploads\/2023\/01\/Der-Kaufmaennische-Verband-Schweiz-feiert-sein-150-jaehriges-Bestehen_Organisator.jpg","schema":{"@context":"https:\/\/schema.org","@graph":[{"@type":"Article","@id":"https:\/\/www.organisator.ch\/weiterbildung\/2023-01-04\/der-kaufmaennische-verband-schweiz-feiert-sein-150-jaehriges-bestehen\/#article","isPartOf":{"@id":"https:\/\/www.organisator.ch\/weiterbildung\/2023-01-04\/der-kaufmaennische-verband-schweiz-feiert-sein-150-jaehriges-bestehen\/"},"author":{"name":"thomas.berner","@id":"https:\/\/www.organisator.ch\/#\/schema\/person\/6f650f90b2842cd4c0cc334b4e36f67e"},"headline":"Der Kaufm\u00e4nnische Verband Schweiz feiert sein 150-j\u00e4hriges Bestehen","datePublished":"2023-01-04T06:47:25+00:00","mainEntityOfPage":{"@id":"https:\/\/www.organisator.ch\/weiterbildung\/2023-01-04\/der-kaufmaennische-verband-schweiz-feiert-sein-150-jaehriges-bestehen\/"},"wordCount":662,"publisher":{"@id":"https:\/\/www.organisator.ch\/#organization"},"image":{"@id":"https:\/\/www.organisator.ch\/weiterbildung\/2023-01-04\/der-kaufmaennische-verband-schweiz-feiert-sein-150-jaehriges-bestehen\/#primaryimage"},"thumbnailUrl":"https:\/\/www.organisator.ch\/wp-content\/uploads\/2023\/01\/Der-Kaufmaennische-Verband-Schweiz-feiert-sein-150-jaehriges-Bestehen_Organisator.jpg","keywords":["Aus-\/Weiterbildung","Berufsverb\u00e4nde","Jubil\u00e4um","Verb\u00e4nde"],"articleSection":["WEITERBILDUNG"],"inLanguage":"fr-FR"},{"@type":"WebPage","@id":"https:\/\/www.organisator.ch\/weiterbildung\/2023-01-04\/der-kaufmaennische-verband-schweiz-feiert-sein-150-jaehriges-bestehen\/","url":"https:\/\/www.organisator.ch\/weiterbildung\/2023-01-04\/der-kaufmaennische-verband-schweiz-feiert-sein-150-jaehriges-bestehen\/","name":"La Soci\u00e9t\u00e9 suisse des employ\u00e9s de commerce f\u00eate ses 150 ans - Organisateur","isPartOf":{"@id":"https:\/\/www.organisator.ch\/#website"},"primaryImageOfPage":{"@id":"https:\/\/www.organisator.ch\/weiterbildung\/2023-01-04\/der-kaufmaennische-verband-schweiz-feiert-sein-150-jaehriges-bestehen\/#primaryimage"},"image":{"@id":"https:\/\/www.organisator.ch\/weiterbildung\/2023-01-04\/der-kaufmaennische-verband-schweiz-feiert-sein-150-jaehriges-bestehen\/#primaryimage"},"thumbnailUrl":"https:\/\/www.organisator.ch\/wp-content\/uploads\/2023\/01\/Der-Kaufmaennische-Verband-Schweiz-feiert-sein-150-jaehriges-Bestehen_Organisator.jpg","datePublished":"2023-01-04T06:47:25+00:00","description":"En 2023, la Soci\u00e9t\u00e9 suisse des employ\u00e9s de commerce f\u00eatera ses 150 ans d'existence et jettera un regard sur une histoire r\u00e9ussie et mouvement\u00e9e.","breadcrumb":{"@id":"https:\/\/www.organisator.ch\/weiterbildung\/2023-01-04\/der-kaufmaennische-verband-schweiz-feiert-sein-150-jaehriges-bestehen\/#breadcrumb"},"inLanguage":"fr-FR","potentialAction":[{"@type":"ReadAction","target":["https:\/\/www.organisator.ch\/weiterbildung\/2023-01-04\/der-kaufmaennische-verband-schweiz-feiert-sein-150-jaehriges-bestehen\/"]}]},{"@type":"ImageObject","inLanguage":"fr-FR","@id":"https:\/\/www.organisator.ch\/weiterbildung\/2023-01-04\/der-kaufmaennische-verband-schweiz-feiert-sein-150-jaehriges-bestehen\/#primaryimage","url":"https:\/\/www.organisator.ch\/wp-content\/uploads\/2023\/01\/Der-Kaufmaennische-Verband-Schweiz-feiert-sein-150-jaehriges-Bestehen_Organisator.jpg","contentUrl":"https:\/\/www.organisator.ch\/wp-content\/uploads\/2023\/01\/Der-Kaufmaennische-Verband-Schweiz-feiert-sein-150-jaehriges-Bestehen_Organisator.jpg","width":680,"height":454,"caption":"Seit 150 Jahren repr\u00e4sentiert der Kaufm\u00e4nnische Verband Schweiz Bildung und Beruf im kaufm\u00e4nnisch-betriebswirtschaftlichen Umfeld. (Bild: Kaufm\u00e4nnischer Verband Schweiz\/Merlin Photography Ltd.)"},{"@type":"BreadcrumbList","@id":"https:\/\/www.organisator.ch\/weiterbildung\/2023-01-04\/der-kaufmaennische-verband-schweiz-feiert-sein-150-jaehriges-bestehen\/#breadcrumb","itemListElement":[{"@type":"ListItem","position":1,"name":"Home","item":"https:\/\/www.organisator.ch\/"},{"@type":"ListItem","position":2,"name":"Der Kaufm\u00e4nnische Verband Schweiz feiert sein 150-j\u00e4hriges Bestehen"}]},{"@type":"WebSite","@id":"https:\/\/www.organisator.ch\/#website","url":"https:\/\/www.organisator.ch\/","name":"Organisateur","description":"Comp\u00e9tence et comp\u00e9tence. Proches de la pratique. L'ORGANISATEUR pr\u00e9pare 10 num\u00e9ros par an sur les th\u00e8mes essentiels pour les dirigeants de PME.","publisher":{"@id":"https:\/\/www.organisator.ch\/#organization"},"potentialAction":[{"@type":"SearchAction","target":{"@type":"EntryPoint","urlTemplate":"https:\/\/www.organisator.ch\/?s={search_term_string}"},"query-input":{"@type":"PropertyValueSpecification","valueRequired":true,"valueName":"search_term_string"}}],"inLanguage":"fr-FR"},{"@type":"Organization","@id":"https:\/\/www.organisator.ch\/#organization","name":"Organisateur","url":"https:\/\/www.organisator.ch\/","logo":{"@type":"ImageObject","inLanguage":"fr-FR","@id":"https:\/\/www.organisator.ch\/#\/schema\/logo\/image\/","url":"https:\/\/www.organisator.ch\/wp-content\/uploads\/2022\/01\/Logo_Organisator_Website.png","contentUrl":"https:\/\/www.organisator.ch\/wp-content\/uploads\/2022\/01\/Logo_Organisator_Website.png","width":800,"height":77,"caption":"Organisator"},"image":{"@id":"https:\/\/www.organisator.ch\/#\/schema\/logo\/image\/"},"sameAs":["https:\/\/www.facebook.com\/OrganisatorFachmagazin","https:\/\/www.linkedin.com\/showcase\/organisator-das-magazin-fr-kmu","https:\/\/www.xing.com\/news\/pages\/organisator-ch-695","https:\/\/www.youtube.com\/channel\/UCGP2Sq0iWaZwT3BdIAQFYpw"]},{"@type":"Person","@id":"https:\/\/www.organisator.ch\/#\/schema\/person\/6f650f90b2842cd4c0cc334b4e36f67e","name":"thomas.berner","image":{"@type":"ImageObject","inLanguage":"fr-FR","@id":"https:\/\/secure.gravatar.com\/avatar\/ac5001d2a36cb6c6cd3e50789007ffca834b477b74a2144564522e944eabff61?s=96&d=mm&r=g","url":"https:\/\/secure.gravatar.com\/avatar\/ac5001d2a36cb6c6cd3e50789007ffca834b477b74a2144564522e944eabff61?s=96&d=mm&r=g","contentUrl":"https:\/\/secure.gravatar.com\/avatar\/ac5001d2a36cb6c6cd3e50789007ffca834b477b74a2144564522e944eabff61?s=96&d=mm&r=g","caption":"thomas.berner"},"url":"https:\/\/www.organisator.ch\/fr\/author\/thomas-berner\/"}]}},"_links":{"self":[{"href":"https:\/\/www.organisator.ch\/fr\/wp-json\/wp\/v2\/posts\/18387","targetHints":{"allow":["GET"]}}],"collection":[{"href":"https:\/\/www.organisator.ch\/fr\/wp-json\/wp\/v2\/posts"}],"about":[{"href":"https:\/\/www.organisator.ch\/fr\/wp-json\/wp\/v2\/types\/post"}],"author":[{"embeddable":true,"href":"https:\/\/www.organisator.ch\/fr\/wp-json\/wp\/v2\/users\/4"}],"replies":[{"embeddable":true,"href":"https:\/\/www.organisator.ch\/fr\/wp-json\/wp\/v2\/comments?post=18387"}],"version-history":[{"count":1,"href":"https:\/\/www.organisator.ch\/fr\/wp-json\/wp\/v2\/posts\/18387\/revisions"}],"predecessor-version":[{"id":18389,"href":"https:\/\/www.organisator.ch\/fr\/wp-json\/wp\/v2\/posts\/18387\/revisions\/18389"}],"wp:featuredmedia":[{"embeddable":true,"href":"https:\/\/www.organisator.ch\/fr\/wp-json\/wp\/v2\/media\/18388"}],"wp:attachment":[{"href":"https:\/\/www.organisator.ch\/fr\/wp-json\/wp\/v2\/media?parent=18387"}],"wp:term":[{"taxonomy":"category","embeddable":true,"href":"https:\/\/www.organisator.ch\/fr\/wp-json\/wp\/v2\/categories?post=18387"},{"taxonomy":"post_tag","embeddable":true,"href":"https:\/\/www.organisator.ch\/fr\/wp-json\/wp\/v2\/tags?post=18387"}],"curies":[{"name":"wp","href":"https:\/\/api.w.org\/{rel}","templated":true}]}}