{"id":18390,"date":"2023-01-04T08:33:15","date_gmt":"2023-01-04T07:33:15","guid":{"rendered":"https:\/\/www.organisator.ch\/?p=18390"},"modified":"2023-01-04T08:33:15","modified_gmt":"2023-01-04T07:33:15","slug":"schweizer-arbeitsmarkt-2023-fuenf-gruende-fuer-optimismus","status":"publish","type":"post","link":"https:\/\/www.organisator.ch\/fr\/human-resources\/2023-01-04\/schweizer-arbeitsmarkt-2023-fuenf-gruende-fuer-optimismus\/","title":{"rendered":"Le march\u00e9 du travail suisse en 2023 : Cinq raisons d'\u00eatre optimiste"},"content":{"rendered":"<figure id=\"attachment_18391\" aria-describedby=\"caption-attachment-18391\" style=\"width: 680px\" class=\"wp-caption alignnone\"><img loading=\"lazy\" decoding=\"async\" class=\"size-full wp-image-18391\" src=\"https:\/\/www.organisator.ch\/wp-content\/uploads\/2023\/01\/Schweizer-Arbeitsmarkt-2023-Fuenf-Gruende-fuer-Optimismus_Organisator.jpg\" alt=\"\" width=\"680\" height=\"292\" srcset=\"https:\/\/www.organisator.ch\/wp-content\/uploads\/2023\/01\/Schweizer-Arbeitsmarkt-2023-Fuenf-Gruende-fuer-Optimismus_Organisator.jpg 680w, https:\/\/www.organisator.ch\/wp-content\/uploads\/2023\/01\/Schweizer-Arbeitsmarkt-2023-Fuenf-Gruende-fuer-Optimismus_Organisator-18x8.jpg 18w, https:\/\/www.organisator.ch\/wp-content\/uploads\/2023\/01\/Schweizer-Arbeitsmarkt-2023-Fuenf-Gruende-fuer-Optimismus_Organisator-375x161.jpg 375w\" sizes=\"auto, (max-width: 680px) 100vw, 680px\" \/><figcaption id=\"caption-attachment-18391\" class=\"wp-caption-text\">Le march\u00e9 du travail suisse en 2023 continue d'offrir aux demandeurs d'emploi des raisons d'\u00eatre optimistes. (Image : Gerd Altmann \/ Pixabay.com)<\/figcaption><\/figure>\n<p>Il y a de bonnes nouvelles pour le march\u00e9 du travail suisse en 2023 - surtout pour les professionnels. Les derni\u00e8res donn\u00e9es du Micheal Page Swiss Job Index (d\u00e9cembre 2022) fournissent cinq raisons pour lesquelles les demandeurs d'emploi peuvent envisager l'ann\u00e9e 2023 avec optimisme.<\/p>\n<ol>\n<li><strong>Dans toute la Suisse, 8,5 % de postes publi\u00e9s en plus par rapport \u00e0 l'ann\u00e9e pr\u00e9c\u00e9dente :<\/strong> Selon le Michael Page Swiss Job Index, cela correspond \u00e0 la croissance enregistr\u00e9e avant la pand\u00e9mie. Toutes les r\u00e9gions ont enregistr\u00e9 une forte augmentation des postes mis au concours, celle-ci \u00e9tant la plus \u00e9lev\u00e9e dans les r\u00e9gions productrices de Suisse centrale (LU, NW, OW, SZ, UR, ZG) et du nord-ouest de la Suisse (AG, BL, BS). Dans ces r\u00e9gions, une croissance de +16,7 % et +15,9 % a \u00e9t\u00e9 enregistr\u00e9e. Dans l'ensemble, toutes les r\u00e9gions de Suisse ont enregistr\u00e9 une croissance annuelle positive.<\/li>\n<li><strong>La demande de main-d'\u0153uvre qualifi\u00e9e d\u00e9passe l'offre :<\/strong> De nombreuses cat\u00e9gories d'emploi ont connu une croissance de plus de +20 % en 2022. Il s'agit par exemple des cat\u00e9gories administration, logistique, informatique, production et finances. Cela ne fera qu'aggraver la p\u00e9nurie de main-d'\u0153uvre qualifi\u00e9e en 2023.<\/li>\n<li><strong>Les entreprises cr\u00e9ent des emplois dans la vente :<\/strong> Plus il y a d'emplois dans la vente, plus les entreprises s'attendent \u00e0 ce que la demande et les revenus augmentent. Le nombre d'emplois dans la vente a augment\u00e9 de +17,3 % par rapport \u00e0 l'ann\u00e9e pr\u00e9c\u00e9dente - surtout dans les secteurs qui ont besoin de sp\u00e9cialistes, comme la pharmacie et l'informatique.<\/li>\n<li><strong>De nouvelles cat\u00e9gories d'emplois apparaissent :<\/strong> La crise \u00e9nerg\u00e9tique a entra\u00een\u00e9 une croissance de l'emploi de +30,1 % dans le secteur de l'\u00e9nergie. Dans des domaines sp\u00e9cialis\u00e9s comme les techniques environnementales, on a enregistr\u00e9 une croissance de +19,7 %. Une nouvelle cat\u00e9gorie d'emploi a \u00e9t\u00e9, entre autres, l'\u00e9thique m\u00e9dicale et le droit qui y est li\u00e9, afin de pouvoir r\u00e9agir aux nouveaux d\u00e9veloppements dans ce domaine.<\/li>\n<li><strong>Beaucoup plus d'emplois locaux dans la production :<\/strong> Les entreprises cherchent \u00e0 s\u00e9curiser leurs cha\u00eenes d'approvisionnement. Pour cette raison, le nombre de postes mis au concours a augment\u00e9 de plus de +20 %. Ce secteur a donc enregistr\u00e9 l'une des plus fortes hausses.<\/li>\n<\/ol>\n<p>\"Compte tenu de la forte augmentation de la demande de main-d'\u0153uvre qualifi\u00e9e dans tant de secteurs, il y a suffisamment de raisons pour envisager l'ann\u00e9e 2023 avec optimisme\", d\u00e9clare Yannick Coulange, Managing Director de PageGroup Suisse.<\/p>\n<p><em>Source : <a href=\"http:\/\/www.michaelpage.ch\">Michael Page<\/a><\/em><\/p>","protected":false},"excerpt":{"rendered":"<p>Es gibt gute Neuigkeiten f\u00fcr den Schweizer Arbeitsmarkt 2023 \u2013 vor allem f\u00fcr Fachkr\u00e4fte. Die neusten Daten des Micheal Page Swiss Job Index (Dezember 2022) liefern f\u00fcnf Gr\u00fcnde, warum Stellensuchende optimistisch in das Jahr 2023 blicken k\u00f6nnen. In der ganzen Schweiz 8.5 % mehr ausgeschriebene Stellen im Vergleich zum Vorjahr: Laut dem Michael Page Swiss [&hellip;]<\/p>\n","protected":false},"author":4,"featured_media":18391,"comment_status":"closed","ping_status":"closed","sticky":false,"template":"","format":"standard","meta":{"_acf_changed":false,"_yoast_wpseo_focuskw":"Arbeitsmarkt 2023","_yoast_wpseo_metadesc":"Der Kampf um Fachkr\u00e4fte in der Schweiz versch\u00e4rft sich weiter. F\u00fcr Stellensuchende bietet der Arbeitsmarkt 2023 aber Grund f\u00fcr Optimismus.","articlekey":"","footnotes":""},"categories":[579],"tags":[194,254],"class_list":["post-18390","post","type-post","status-publish","format-standard","has-post-thumbnail","hentry","category-human-resources","tag-fachkraeftemangel","tag-hrm"],"acf":[],"yoast_head":"<!-- This site is optimized with the Yoast SEO plugin v27.5 - https:\/\/yoast.com\/product\/yoast-seo-wordpress\/ -->\n<title>Schweizer Arbeitsmarkt 2023: F\u00fcnf Gr\u00fcnde f\u00fcr Optimismus - Organisator<\/title>\n<meta name=\"description\" content=\"Der Kampf um Fachkr\u00e4fte in der Schweiz versch\u00e4rft sich weiter. F\u00fcr Stellensuchende bietet der Arbeitsmarkt 2023 aber Grund f\u00fcr Optimismus.\" \/>\n<meta name=\"robots\" content=\"index, follow, max-snippet:-1, max-image-preview:large, max-video-preview:-1\" \/>\n<link rel=\"canonical\" href=\"https:\/\/www.organisator.ch\/fr\/ressources-humaines\/2023-01-04\/schweizer-arbeitsmarkt-2023-fuenf-gruende-fuer-optimismus\/\" \/>\n<meta property=\"og:locale\" content=\"fr_FR\" \/>\n<meta property=\"og:type\" content=\"article\" \/>\n<meta property=\"og:title\" content=\"Schweizer Arbeitsmarkt 2023: F\u00fcnf Gr\u00fcnde f\u00fcr Optimismus\" \/>\n<meta property=\"og:description\" content=\"Der Kampf um Fachkr\u00e4fte in der Schweiz versch\u00e4rft sich weiter. F\u00fcr Stellensuchende bietet der Arbeitsmarkt 2023 aber Grund f\u00fcr Optimismus.\" \/>\n<meta property=\"og:url\" content=\"https:\/\/www.organisator.ch\/fr\/ressources-humaines\/2023-01-04\/schweizer-arbeitsmarkt-2023-fuenf-gruende-fuer-optimismus\/\" \/>\n<meta property=\"og:site_name\" content=\"Organisator\" \/>\n<meta property=\"article:publisher\" content=\"https:\/\/www.facebook.com\/OrganisatorFachmagazin\" \/>\n<meta property=\"article:published_time\" content=\"2023-01-04T07:33:15+00:00\" \/>\n<meta property=\"og:image\" content=\"https:\/\/www.organisator.ch\/wp-content\/uploads\/2023\/01\/Schweizer-Arbeitsmarkt-2023-Fuenf-Gruende-fuer-Optimismus_Organisator.jpg\" \/>\n\t<meta property=\"og:image:width\" content=\"680\" \/>\n\t<meta property=\"og:image:height\" content=\"292\" \/>\n\t<meta property=\"og:image:type\" content=\"image\/jpeg\" \/>\n<meta name=\"author\" content=\"thomas.berner\" \/>\n<meta name=\"twitter:card\" content=\"summary_large_image\" \/>\n<meta name=\"twitter:title\" content=\"Schweizer #Arbeitsmarkt 2023: F\u00fcnf Gr\u00fcnde f\u00fcr Optimismus\" \/>\n<meta name=\"twitter:description\" content=\"Der Kampf um #Fachkr\u00e4fte in der Schweiz versch\u00e4rft sich weiter. F\u00fcr Stellensuchende bietet der #Arbeitsmarkt 2023 aber Grund f\u00fcr Optimismus.\" \/>\n<meta name=\"twitter:image\" content=\"https:\/\/www.organisator.ch\/wp-content\/uploads\/2023\/01\/Schweizer-Arbeitsmarkt-2023-Fuenf-Gruende-fuer-Optimismus_Organisator.jpg\" \/>\n<script type=\"application\/ld+json\" class=\"yoast-schema-graph\">{\"@context\":\"https:\\\/\\\/schema.org\",\"@graph\":[{\"@type\":\"Article\",\"@id\":\"https:\\\/\\\/www.organisator.ch\\\/human-resources\\\/2023-01-04\\\/schweizer-arbeitsmarkt-2023-fuenf-gruende-fuer-optimismus\\\/#article\",\"isPartOf\":{\"@id\":\"https:\\\/\\\/www.organisator.ch\\\/human-resources\\\/2023-01-04\\\/schweizer-arbeitsmarkt-2023-fuenf-gruende-fuer-optimismus\\\/\"},\"author\":{\"name\":\"thomas.berner\",\"@id\":\"https:\\\/\\\/www.organisator.ch\\\/#\\\/schema\\\/person\\\/6f650f90b2842cd4c0cc334b4e36f67e\"},\"headline\":\"Schweizer Arbeitsmarkt 2023: F\u00fcnf Gr\u00fcnde f\u00fcr Optimismus\",\"datePublished\":\"2023-01-04T07:33:15+00:00\",\"mainEntityOfPage\":{\"@id\":\"https:\\\/\\\/www.organisator.ch\\\/human-resources\\\/2023-01-04\\\/schweizer-arbeitsmarkt-2023-fuenf-gruende-fuer-optimismus\\\/\"},\"wordCount\":363,\"publisher\":{\"@id\":\"https:\\\/\\\/www.organisator.ch\\\/#organization\"},\"image\":{\"@id\":\"https:\\\/\\\/www.organisator.ch\\\/human-resources\\\/2023-01-04\\\/schweizer-arbeitsmarkt-2023-fuenf-gruende-fuer-optimismus\\\/#primaryimage\"},\"thumbnailUrl\":\"https:\\\/\\\/www.organisator.ch\\\/wp-content\\\/uploads\\\/2023\\\/01\\\/Schweizer-Arbeitsmarkt-2023-Fuenf-Gruende-fuer-Optimismus_Organisator.jpg\",\"keywords\":[\"Fachkr\u00e4ftemangel\",\"HRM\"],\"articleSection\":[\"HUMAN RESOURCES\"],\"inLanguage\":\"fr-FR\"},{\"@type\":\"WebPage\",\"@id\":\"https:\\\/\\\/www.organisator.ch\\\/human-resources\\\/2023-01-04\\\/schweizer-arbeitsmarkt-2023-fuenf-gruende-fuer-optimismus\\\/\",\"url\":\"https:\\\/\\\/www.organisator.ch\\\/human-resources\\\/2023-01-04\\\/schweizer-arbeitsmarkt-2023-fuenf-gruende-fuer-optimismus\\\/\",\"name\":\"Schweizer Arbeitsmarkt 2023: F\u00fcnf Gr\u00fcnde f\u00fcr Optimismus - Organisator\",\"isPartOf\":{\"@id\":\"https:\\\/\\\/www.organisator.ch\\\/#website\"},\"primaryImageOfPage\":{\"@id\":\"https:\\\/\\\/www.organisator.ch\\\/human-resources\\\/2023-01-04\\\/schweizer-arbeitsmarkt-2023-fuenf-gruende-fuer-optimismus\\\/#primaryimage\"},\"image\":{\"@id\":\"https:\\\/\\\/www.organisator.ch\\\/human-resources\\\/2023-01-04\\\/schweizer-arbeitsmarkt-2023-fuenf-gruende-fuer-optimismus\\\/#primaryimage\"},\"thumbnailUrl\":\"https:\\\/\\\/www.organisator.ch\\\/wp-content\\\/uploads\\\/2023\\\/01\\\/Schweizer-Arbeitsmarkt-2023-Fuenf-Gruende-fuer-Optimismus_Organisator.jpg\",\"datePublished\":\"2023-01-04T07:33:15+00:00\",\"description\":\"Der Kampf um Fachkr\u00e4fte in der Schweiz versch\u00e4rft sich weiter. F\u00fcr Stellensuchende bietet der Arbeitsmarkt 2023 aber Grund f\u00fcr Optimismus.\",\"breadcrumb\":{\"@id\":\"https:\\\/\\\/www.organisator.ch\\\/human-resources\\\/2023-01-04\\\/schweizer-arbeitsmarkt-2023-fuenf-gruende-fuer-optimismus\\\/#breadcrumb\"},\"inLanguage\":\"fr-FR\",\"potentialAction\":[{\"@type\":\"ReadAction\",\"target\":[\"https:\\\/\\\/www.organisator.ch\\\/human-resources\\\/2023-01-04\\\/schweizer-arbeitsmarkt-2023-fuenf-gruende-fuer-optimismus\\\/\"]}]},{\"@type\":\"ImageObject\",\"inLanguage\":\"fr-FR\",\"@id\":\"https:\\\/\\\/www.organisator.ch\\\/human-resources\\\/2023-01-04\\\/schweizer-arbeitsmarkt-2023-fuenf-gruende-fuer-optimismus\\\/#primaryimage\",\"url\":\"https:\\\/\\\/www.organisator.ch\\\/wp-content\\\/uploads\\\/2023\\\/01\\\/Schweizer-Arbeitsmarkt-2023-Fuenf-Gruende-fuer-Optimismus_Organisator.jpg\",\"contentUrl\":\"https:\\\/\\\/www.organisator.ch\\\/wp-content\\\/uploads\\\/2023\\\/01\\\/Schweizer-Arbeitsmarkt-2023-Fuenf-Gruende-fuer-Optimismus_Organisator.jpg\",\"width\":680,\"height\":292,\"caption\":\"Der Schweizer Arbeitsmarkt 2023 bietet Stellensuchenden weiterhin Grund f\u00fcr Optimismus. (Bild: Gerd Altmann \\\/ Pixabay.com)\"},{\"@type\":\"BreadcrumbList\",\"@id\":\"https:\\\/\\\/www.organisator.ch\\\/human-resources\\\/2023-01-04\\\/schweizer-arbeitsmarkt-2023-fuenf-gruende-fuer-optimismus\\\/#breadcrumb\",\"itemListElement\":[{\"@type\":\"ListItem\",\"position\":1,\"name\":\"Home\",\"item\":\"https:\\\/\\\/www.organisator.ch\\\/\"},{\"@type\":\"ListItem\",\"position\":2,\"name\":\"Schweizer Arbeitsmarkt 2023: F\u00fcnf Gr\u00fcnde f\u00fcr Optimismus\"}]},{\"@type\":\"WebSite\",\"@id\":\"https:\\\/\\\/www.organisator.ch\\\/#website\",\"url\":\"https:\\\/\\\/www.organisator.ch\\\/\",\"name\":\"Organisator\",\"description\":\"Kompetent. Praxisnah. Der ORGANISATOR bereitet in 10 Ausgaben pro Jahr die wesentlichen Themen f\u00fcr F\u00fchrungskr\u00e4fte von KMU auf.\",\"publisher\":{\"@id\":\"https:\\\/\\\/www.organisator.ch\\\/#organization\"},\"potentialAction\":[{\"@type\":\"SearchAction\",\"target\":{\"@type\":\"EntryPoint\",\"urlTemplate\":\"https:\\\/\\\/www.organisator.ch\\\/?s={search_term_string}\"},\"query-input\":{\"@type\":\"PropertyValueSpecification\",\"valueRequired\":true,\"valueName\":\"search_term_string\"}}],\"inLanguage\":\"fr-FR\"},{\"@type\":\"Organization\",\"@id\":\"https:\\\/\\\/www.organisator.ch\\\/#organization\",\"name\":\"Organisator\",\"url\":\"https:\\\/\\\/www.organisator.ch\\\/\",\"logo\":{\"@type\":\"ImageObject\",\"inLanguage\":\"fr-FR\",\"@id\":\"https:\\\/\\\/www.organisator.ch\\\/#\\\/schema\\\/logo\\\/image\\\/\",\"url\":\"https:\\\/\\\/www.organisator.ch\\\/wp-content\\\/uploads\\\/2022\\\/01\\\/Logo_Organisator_Website.png\",\"contentUrl\":\"https:\\\/\\\/www.organisator.ch\\\/wp-content\\\/uploads\\\/2022\\\/01\\\/Logo_Organisator_Website.png\",\"width\":800,\"height\":77,\"caption\":\"Organisator\"},\"image\":{\"@id\":\"https:\\\/\\\/www.organisator.ch\\\/#\\\/schema\\\/logo\\\/image\\\/\"},\"sameAs\":[\"https:\\\/\\\/www.facebook.com\\\/OrganisatorFachmagazin\",\"https:\\\/\\\/www.linkedin.com\\\/showcase\\\/organisator-das-magazin-fr-kmu\",\"https:\\\/\\\/www.xing.com\\\/news\\\/pages\\\/organisator-ch-695\",\"https:\\\/\\\/www.youtube.com\\\/channel\\\/UCGP2Sq0iWaZwT3BdIAQFYpw\"]},{\"@type\":\"Person\",\"@id\":\"https:\\\/\\\/www.organisator.ch\\\/#\\\/schema\\\/person\\\/6f650f90b2842cd4c0cc334b4e36f67e\",\"name\":\"thomas.berner\",\"image\":{\"@type\":\"ImageObject\",\"inLanguage\":\"fr-FR\",\"@id\":\"https:\\\/\\\/secure.gravatar.com\\\/avatar\\\/ac5001d2a36cb6c6cd3e50789007ffca834b477b74a2144564522e944eabff61?s=96&d=mm&r=g\",\"url\":\"https:\\\/\\\/secure.gravatar.com\\\/avatar\\\/ac5001d2a36cb6c6cd3e50789007ffca834b477b74a2144564522e944eabff61?s=96&d=mm&r=g\",\"contentUrl\":\"https:\\\/\\\/secure.gravatar.com\\\/avatar\\\/ac5001d2a36cb6c6cd3e50789007ffca834b477b74a2144564522e944eabff61?s=96&d=mm&r=g\",\"caption\":\"thomas.berner\"},\"url\":\"https:\\\/\\\/www.organisator.ch\\\/fr\\\/author\\\/thomas-berner\\\/\"}]}<\/script>\n<!-- \/ Yoast SEO plugin. -->","yoast_head_json":{"title":"Le march\u00e9 du travail suisse en 2023 : Cinq raisons d'\u00eatre optimiste - Organisateur","description":"La lutte pour le personnel qualifi\u00e9 en Suisse continue de s'intensifier. Pour les demandeurs d'emploi, le march\u00e9 du travail en 2023 offre toutefois des raisons d'\u00eatre optimiste.","robots":{"index":"index","follow":"follow","max-snippet":"max-snippet:-1","max-image-preview":"max-image-preview:large","max-video-preview":"max-video-preview:-1"},"canonical":"https:\/\/www.organisator.ch\/fr\/ressources-humaines\/2023-01-04\/schweizer-arbeitsmarkt-2023-fuenf-gruende-fuer-optimismus\/","og_locale":"fr_FR","og_type":"article","og_title":"Schweizer Arbeitsmarkt 2023: F\u00fcnf Gr\u00fcnde f\u00fcr Optimismus","og_description":"Der Kampf um Fachkr\u00e4fte in der Schweiz versch\u00e4rft sich weiter. F\u00fcr Stellensuchende bietet der Arbeitsmarkt 2023 aber Grund f\u00fcr Optimismus.","og_url":"https:\/\/www.organisator.ch\/fr\/ressources-humaines\/2023-01-04\/schweizer-arbeitsmarkt-2023-fuenf-gruende-fuer-optimismus\/","og_site_name":"Organisator","article_publisher":"https:\/\/www.facebook.com\/OrganisatorFachmagazin","article_published_time":"2023-01-04T07:33:15+00:00","og_image":[{"width":680,"height":292,"url":"https:\/\/www.organisator.ch\/wp-content\/uploads\/2023\/01\/Schweizer-Arbeitsmarkt-2023-Fuenf-Gruende-fuer-Optimismus_Organisator.jpg","type":"image\/jpeg"}],"author":"thomas.berner","twitter_card":"summary_large_image","twitter_title":"Schweizer #Arbeitsmarkt 2023: F\u00fcnf Gr\u00fcnde f\u00fcr Optimismus","twitter_description":"Der Kampf um #Fachkr\u00e4fte in der Schweiz versch\u00e4rft sich weiter. F\u00fcr Stellensuchende bietet der #Arbeitsmarkt 2023 aber Grund f\u00fcr Optimismus.","twitter_image":"https:\/\/www.organisator.ch\/wp-content\/uploads\/2023\/01\/Schweizer-Arbeitsmarkt-2023-Fuenf-Gruende-fuer-Optimismus_Organisator.jpg","schema":{"@context":"https:\/\/schema.org","@graph":[{"@type":"Article","@id":"https:\/\/www.organisator.ch\/human-resources\/2023-01-04\/schweizer-arbeitsmarkt-2023-fuenf-gruende-fuer-optimismus\/#article","isPartOf":{"@id":"https:\/\/www.organisator.ch\/human-resources\/2023-01-04\/schweizer-arbeitsmarkt-2023-fuenf-gruende-fuer-optimismus\/"},"author":{"name":"thomas.berner","@id":"https:\/\/www.organisator.ch\/#\/schema\/person\/6f650f90b2842cd4c0cc334b4e36f67e"},"headline":"Schweizer Arbeitsmarkt 2023: F\u00fcnf Gr\u00fcnde f\u00fcr Optimismus","datePublished":"2023-01-04T07:33:15+00:00","mainEntityOfPage":{"@id":"https:\/\/www.organisator.ch\/human-resources\/2023-01-04\/schweizer-arbeitsmarkt-2023-fuenf-gruende-fuer-optimismus\/"},"wordCount":363,"publisher":{"@id":"https:\/\/www.organisator.ch\/#organization"},"image":{"@id":"https:\/\/www.organisator.ch\/human-resources\/2023-01-04\/schweizer-arbeitsmarkt-2023-fuenf-gruende-fuer-optimismus\/#primaryimage"},"thumbnailUrl":"https:\/\/www.organisator.ch\/wp-content\/uploads\/2023\/01\/Schweizer-Arbeitsmarkt-2023-Fuenf-Gruende-fuer-Optimismus_Organisator.jpg","keywords":["Fachkr\u00e4ftemangel","HRM"],"articleSection":["HUMAN RESOURCES"],"inLanguage":"fr-FR"},{"@type":"WebPage","@id":"https:\/\/www.organisator.ch\/human-resources\/2023-01-04\/schweizer-arbeitsmarkt-2023-fuenf-gruende-fuer-optimismus\/","url":"https:\/\/www.organisator.ch\/human-resources\/2023-01-04\/schweizer-arbeitsmarkt-2023-fuenf-gruende-fuer-optimismus\/","name":"Le march\u00e9 du travail suisse en 2023 : Cinq raisons d'\u00eatre optimiste - Organisateur","isPartOf":{"@id":"https:\/\/www.organisator.ch\/#website"},"primaryImageOfPage":{"@id":"https:\/\/www.organisator.ch\/human-resources\/2023-01-04\/schweizer-arbeitsmarkt-2023-fuenf-gruende-fuer-optimismus\/#primaryimage"},"image":{"@id":"https:\/\/www.organisator.ch\/human-resources\/2023-01-04\/schweizer-arbeitsmarkt-2023-fuenf-gruende-fuer-optimismus\/#primaryimage"},"thumbnailUrl":"https:\/\/www.organisator.ch\/wp-content\/uploads\/2023\/01\/Schweizer-Arbeitsmarkt-2023-Fuenf-Gruende-fuer-Optimismus_Organisator.jpg","datePublished":"2023-01-04T07:33:15+00:00","description":"La lutte pour le personnel qualifi\u00e9 en Suisse continue de s'intensifier. Pour les demandeurs d'emploi, le march\u00e9 du travail en 2023 offre toutefois des raisons d'\u00eatre optimiste.","breadcrumb":{"@id":"https:\/\/www.organisator.ch\/human-resources\/2023-01-04\/schweizer-arbeitsmarkt-2023-fuenf-gruende-fuer-optimismus\/#breadcrumb"},"inLanguage":"fr-FR","potentialAction":[{"@type":"ReadAction","target":["https:\/\/www.organisator.ch\/human-resources\/2023-01-04\/schweizer-arbeitsmarkt-2023-fuenf-gruende-fuer-optimismus\/"]}]},{"@type":"ImageObject","inLanguage":"fr-FR","@id":"https:\/\/www.organisator.ch\/human-resources\/2023-01-04\/schweizer-arbeitsmarkt-2023-fuenf-gruende-fuer-optimismus\/#primaryimage","url":"https:\/\/www.organisator.ch\/wp-content\/uploads\/2023\/01\/Schweizer-Arbeitsmarkt-2023-Fuenf-Gruende-fuer-Optimismus_Organisator.jpg","contentUrl":"https:\/\/www.organisator.ch\/wp-content\/uploads\/2023\/01\/Schweizer-Arbeitsmarkt-2023-Fuenf-Gruende-fuer-Optimismus_Organisator.jpg","width":680,"height":292,"caption":"Der Schweizer Arbeitsmarkt 2023 bietet Stellensuchenden weiterhin Grund f\u00fcr Optimismus. (Bild: Gerd Altmann \/ Pixabay.com)"},{"@type":"BreadcrumbList","@id":"https:\/\/www.organisator.ch\/human-resources\/2023-01-04\/schweizer-arbeitsmarkt-2023-fuenf-gruende-fuer-optimismus\/#breadcrumb","itemListElement":[{"@type":"ListItem","position":1,"name":"Home","item":"https:\/\/www.organisator.ch\/"},{"@type":"ListItem","position":2,"name":"Schweizer Arbeitsmarkt 2023: F\u00fcnf Gr\u00fcnde f\u00fcr Optimismus"}]},{"@type":"WebSite","@id":"https:\/\/www.organisator.ch\/#website","url":"https:\/\/www.organisator.ch\/","name":"Organisateur","description":"Comp\u00e9tence et comp\u00e9tence. Proches de la pratique. L'ORGANISATEUR pr\u00e9pare 10 num\u00e9ros par an sur les th\u00e8mes essentiels pour les dirigeants de PME.","publisher":{"@id":"https:\/\/www.organisator.ch\/#organization"},"potentialAction":[{"@type":"SearchAction","target":{"@type":"EntryPoint","urlTemplate":"https:\/\/www.organisator.ch\/?s={search_term_string}"},"query-input":{"@type":"PropertyValueSpecification","valueRequired":true,"valueName":"search_term_string"}}],"inLanguage":"fr-FR"},{"@type":"Organization","@id":"https:\/\/www.organisator.ch\/#organization","name":"Organisateur","url":"https:\/\/www.organisator.ch\/","logo":{"@type":"ImageObject","inLanguage":"fr-FR","@id":"https:\/\/www.organisator.ch\/#\/schema\/logo\/image\/","url":"https:\/\/www.organisator.ch\/wp-content\/uploads\/2022\/01\/Logo_Organisator_Website.png","contentUrl":"https:\/\/www.organisator.ch\/wp-content\/uploads\/2022\/01\/Logo_Organisator_Website.png","width":800,"height":77,"caption":"Organisator"},"image":{"@id":"https:\/\/www.organisator.ch\/#\/schema\/logo\/image\/"},"sameAs":["https:\/\/www.facebook.com\/OrganisatorFachmagazin","https:\/\/www.linkedin.com\/showcase\/organisator-das-magazin-fr-kmu","https:\/\/www.xing.com\/news\/pages\/organisator-ch-695","https:\/\/www.youtube.com\/channel\/UCGP2Sq0iWaZwT3BdIAQFYpw"]},{"@type":"Person","@id":"https:\/\/www.organisator.ch\/#\/schema\/person\/6f650f90b2842cd4c0cc334b4e36f67e","name":"thomas.berner","image":{"@type":"ImageObject","inLanguage":"fr-FR","@id":"https:\/\/secure.gravatar.com\/avatar\/ac5001d2a36cb6c6cd3e50789007ffca834b477b74a2144564522e944eabff61?s=96&d=mm&r=g","url":"https:\/\/secure.gravatar.com\/avatar\/ac5001d2a36cb6c6cd3e50789007ffca834b477b74a2144564522e944eabff61?s=96&d=mm&r=g","contentUrl":"https:\/\/secure.gravatar.com\/avatar\/ac5001d2a36cb6c6cd3e50789007ffca834b477b74a2144564522e944eabff61?s=96&d=mm&r=g","caption":"thomas.berner"},"url":"https:\/\/www.organisator.ch\/fr\/author\/thomas-berner\/"}]}},"_links":{"self":[{"href":"https:\/\/www.organisator.ch\/fr\/wp-json\/wp\/v2\/posts\/18390","targetHints":{"allow":["GET"]}}],"collection":[{"href":"https:\/\/www.organisator.ch\/fr\/wp-json\/wp\/v2\/posts"}],"about":[{"href":"https:\/\/www.organisator.ch\/fr\/wp-json\/wp\/v2\/types\/post"}],"author":[{"embeddable":true,"href":"https:\/\/www.organisator.ch\/fr\/wp-json\/wp\/v2\/users\/4"}],"replies":[{"embeddable":true,"href":"https:\/\/www.organisator.ch\/fr\/wp-json\/wp\/v2\/comments?post=18390"}],"version-history":[{"count":1,"href":"https:\/\/www.organisator.ch\/fr\/wp-json\/wp\/v2\/posts\/18390\/revisions"}],"predecessor-version":[{"id":18392,"href":"https:\/\/www.organisator.ch\/fr\/wp-json\/wp\/v2\/posts\/18390\/revisions\/18392"}],"wp:featuredmedia":[{"embeddable":true,"href":"https:\/\/www.organisator.ch\/fr\/wp-json\/wp\/v2\/media\/18391"}],"wp:attachment":[{"href":"https:\/\/www.organisator.ch\/fr\/wp-json\/wp\/v2\/media?parent=18390"}],"wp:term":[{"taxonomy":"category","embeddable":true,"href":"https:\/\/www.organisator.ch\/fr\/wp-json\/wp\/v2\/categories?post=18390"},{"taxonomy":"post_tag","embeddable":true,"href":"https:\/\/www.organisator.ch\/fr\/wp-json\/wp\/v2\/tags?post=18390"}],"curies":[{"name":"wp","href":"https:\/\/api.w.org\/{rel}","templated":true}]}}