{"id":18398,"date":"2023-01-04T14:25:34","date_gmt":"2023-01-04T13:25:34","guid":{"rendered":"https:\/\/www.organisator.ch\/?p=18398"},"modified":"2023-01-04T14:25:34","modified_gmt":"2023-01-04T13:25:34","slug":"neues-auto-center-fuer-kennys","status":"publish","type":"post","link":"https:\/\/www.organisator.ch\/fr\/management\/2023-01-04\/neues-auto-center-fuer-kennys\/","title":{"rendered":"Nouveau centre auto pour Kenny's"},"content":{"rendered":"<figure id=\"attachment_18399\" aria-describedby=\"caption-attachment-18399\" style=\"width: 680px\" class=\"wp-caption alignnone\"><img loading=\"lazy\" decoding=\"async\" class=\"size-full wp-image-18399\" src=\"https:\/\/www.organisator.ch\/wp-content\/uploads\/2023\/01\/Neues-Auto-Center-fuer-Kennys-1_Organisator.jpg\" alt=\"\" width=\"680\" height=\"510\" srcset=\"https:\/\/www.organisator.ch\/wp-content\/uploads\/2023\/01\/Neues-Auto-Center-fuer-Kennys-1_Organisator.jpg 680w, https:\/\/www.organisator.ch\/wp-content\/uploads\/2023\/01\/Neues-Auto-Center-fuer-Kennys-1_Organisator-16x12.jpg 16w, https:\/\/www.organisator.ch\/wp-content\/uploads\/2023\/01\/Neues-Auto-Center-fuer-Kennys-1_Organisator-375x281.jpg 375w, https:\/\/www.organisator.ch\/wp-content\/uploads\/2023\/01\/Neues-Auto-Center-fuer-Kennys-1_Organisator-467x350.jpg 467w\" sizes=\"auto, (max-width: 680px) 100vw, 680px\" \/><figcaption id=\"caption-attachment-18399\" class=\"wp-caption-text\">C\u00e9l\u00e9brant le \"Kenny's K\u00e4feli\" comme jamais : Marc (\u00e0 gauche) et Kenny Eichenberger dans leur nouveau centre automobile. (Image ; Kenny's)<\/figcaption><\/figure>\n<p>Le \"Kenny's K\u00e4feli\" est devenu l\u00e9gendaire : quiconque entre en contact avec le centre automobile fond\u00e9 par Kenny Eichenberger ne peut \u00e9viter de prendre une tasse de caf\u00e9. Chez Kenny's, l'exp\u00e9rience client a toujours \u00e9t\u00e9 une priorit\u00e9 - d\u00e9sormais aussi dans un nouvel environnement. Pour le centre Mercedes-Benz de Dietlikon, un hall d'usine historique a \u00e9t\u00e9 transform\u00e9 en une surface utile de 6'200 m<sup>2<\/sup> transform\u00e9 : ultramoderne et neutre en CO\u2082. Ainsi, une surface de plus de 2'000 m<sup>2<\/sup> Avec une puissance de pointe de 500 kW, la grande installation solaire permet d'alimenter l'entreprise et de recharger les v\u00e9hicules \u00e9lectriques. Associ\u00e9e \u00e0 des sondes g\u00e9othermiques, elle couvre les besoins de l'entreprise en \u00e9nergie et en chaleur. Pendant les mois d'\u00e9t\u00e9, l'installation produit un exc\u00e9dent d'\u00e9nergie qui pourra \u00e0 l'avenir \u00eatre inject\u00e9 dans les v\u00e9hicules \u00e9lectriques via 30 stations de recharge et \u00eatre stock\u00e9. Le premier \u00e9tage du centre automobile est consacr\u00e9 \u00e0 des travaux de grande envergure sur les motorisations alternatives, y compris les batteries haute tension, et est exploit\u00e9 par les meilleurs sp\u00e9cialistes de Suisse dans ce domaine. Un spectacle passionnant a \u00e9t\u00e9 sp\u00e9cialement con\u00e7u pour la remise des nouvelles voitures. Lors de la prise en charge du v\u00e9hicule, le client appuie sur le \"Magic Button\". Le nouveau v\u00e9hicule est remis \u00e0 l'acheteur ou \u00e0 l'acheteuse dans le cadre d'un show lumineux spectaculaire, accompagn\u00e9 d'une musique qu'il a lui-m\u00eame choisie.<\/p>\n<h3><strong>Coop\u00e9ration avec les restaurateurs zurichois de La Stanza<\/strong><\/h3>\n<p>Le c\u00e9l\u00e8bre \"Kenny's K\u00e4feli\" continue de faire partie int\u00e9grante des rendez-vous de conseil. Pour la planification et la r\u00e9alisation de l'espace caf\u00e9, Kenny's a travaill\u00e9 en \u00e9troite collaboration avec les c\u00e9l\u00e8bres restaurateurs zurichois La Stanza. Un espace a \u00e9t\u00e9 sp\u00e9cialement cr\u00e9\u00e9 pour le plaisir du caf\u00e9 : les clients pourront d\u00e9sormais s'asseoir dans le Kenny's Caf\u00e9 et y d\u00e9guster du caf\u00e9 Demeter d'Am\u00e9rique du Sud de grande qualit\u00e9.<\/p>\n<h3><strong>Une histoire \u00e0 succ\u00e8s, deux g\u00e9n\u00e9rations<\/strong><\/h3>\n<p>L'entrepreneur automobile Kenny Eichenberger a r\u00e9alis\u00e9 un r\u00eave de jeunesse en ouvrant en 1976 son premier site de vente de voitures d'occasion et de voitures neuves import\u00e9es \u00e0 Buchs (ZH) - \u00e0 l'\u00e9poque, sur une simple place de gravier. Entre-temps, Kenny's Auto-Center est devenu l'un des principaux concessionnaires de Mercedes-Benz et de smart en Suisse et est repr\u00e9sent\u00e9 sur quatre sites. Depuis 2016, son fils Marc Eichenberger est le CEO du groupe Kenny's et, depuis juillet 2022, il en est l'actionnaire majoritaire.<\/p>\n<figure id=\"attachment_18400\" aria-describedby=\"caption-attachment-18400\" style=\"width: 680px\" class=\"wp-caption alignnone\"><img loading=\"lazy\" decoding=\"async\" class=\"size-full wp-image-18400\" src=\"https:\/\/www.organisator.ch\/wp-content\/uploads\/2023\/01\/Neues-Auto-Center-fuer-Kennys-2_Organisator.jpg\" alt=\"\" width=\"680\" height=\"454\" srcset=\"https:\/\/www.organisator.ch\/wp-content\/uploads\/2023\/01\/Neues-Auto-Center-fuer-Kennys-2_Organisator.jpg 680w, https:\/\/www.organisator.ch\/wp-content\/uploads\/2023\/01\/Neues-Auto-Center-fuer-Kennys-2_Organisator-18x12.jpg 18w, https:\/\/www.organisator.ch\/wp-content\/uploads\/2023\/01\/Neues-Auto-Center-fuer-Kennys-2_Organisator-375x250.jpg 375w, https:\/\/www.organisator.ch\/wp-content\/uploads\/2023\/01\/Neues-Auto-Center-fuer-Kennys-2_Organisator-524x350.jpg 524w\" sizes=\"auto, (max-width: 680px) 100vw, 680px\" \/><figcaption id=\"caption-attachment-18400\" class=\"wp-caption-text\">Le nouveau centre automobile de Dietlikon. (Image : Kenny's)<\/figcaption><\/figure>\n<p>Le week-end des 14 et 15 janvier 2023, le nouveau centre automobile sera inaugur\u00e9 en grande pompe.<\/p>\n<p><em>Plus d'informations : <a href=\"https:\/\/kennys.ch\/de\/\">www.kennys.ch<\/a><\/em><\/p>","protected":false},"excerpt":{"rendered":"<p>\u00abKenny\u2019s K\u00e4feli\u00bb ist inzwischen legend\u00e4r: Wer immer mit dem von Kenny Eichenberger gegr\u00fcndeten Auto-Center Kontakt hat, kommt um eine Tasse Kaffee nicht herum. Das Kundenerlebnis wird bei Kenny&#8217;s seit je her gross geschrieben &#8211; jetzt auch in neuer Umgebung. F\u00fcr das Mercedes-Benz-Center in Dietlikon wurde eine historische Fabrikhalle in eine Nutzfl\u00e4che von 6\u2019200 m2 umgebaut: [&hellip;]<\/p>\n","protected":false},"author":4,"featured_media":18399,"comment_status":"closed","ping_status":"closed","sticky":false,"template":"","format":"standard","meta":{"_acf_changed":false,"_yoast_wpseo_focuskw":"Auto-Center","_yoast_wpseo_metadesc":"\u00abKenny\u2019s K\u00e4feli\u00bb ist das Markenzeichen von Kenny\u2019s Auto-Center. Am 14. und 15. Januar 2023 wird eine frisch umgebaute Verkaufshalle er\u00f6ffnet.","articlekey":"","footnotes":""},"categories":[28],"tags":[339,354,492],"class_list":["post-18398","post","type-post","status-publish","format-standard","has-post-thumbnail","hentry","category-management","tag-marketing","tag-mobilitaet","tag-unternehmen"],"acf":[],"yoast_head":"<!-- This site is optimized with the Yoast SEO plugin v27.4 - https:\/\/yoast.com\/product\/yoast-seo-wordpress\/ -->\n<title>Neues Auto-Center f\u00fcr Kenny\u2019s - Organisator<\/title>\n<meta name=\"description\" content=\"\u00abKenny\u2019s K\u00e4feli\u00bb ist das Markenzeichen von Kenny\u2019s Auto-Center. Am 14. und 15. Januar 2023 wird eine frisch umgebaute Verkaufshalle er\u00f6ffnet.\" \/>\n<meta name=\"robots\" content=\"index, follow, max-snippet:-1, max-image-preview:large, max-video-preview:-1\" \/>\n<link rel=\"canonical\" href=\"https:\/\/www.organisator.ch\/fr\/gestion-2\/2023-01-04\/neues-auto-center-fuer-kennys\/\" \/>\n<meta property=\"og:locale\" content=\"fr_FR\" \/>\n<meta property=\"og:type\" content=\"article\" \/>\n<meta property=\"og:title\" content=\"Neues Auto-Center f\u00fcr Kenny\u2019s\" \/>\n<meta property=\"og:description\" content=\"\u00abKenny\u2019s K\u00e4feli\u00bb ist das Markenzeichen von Kenny\u2019s Auto-Center. Am 14. und 15. Januar 2023 wird eine frisch umgebaute Verkaufshalle er\u00f6ffnet.\" \/>\n<meta property=\"og:url\" content=\"https:\/\/www.organisator.ch\/fr\/gestion-2\/2023-01-04\/neues-auto-center-fuer-kennys\/\" \/>\n<meta property=\"og:site_name\" content=\"Organisator\" \/>\n<meta property=\"article:publisher\" content=\"https:\/\/www.facebook.com\/OrganisatorFachmagazin\" \/>\n<meta property=\"article:published_time\" content=\"2023-01-04T13:25:34+00:00\" \/>\n<meta property=\"og:image\" content=\"https:\/\/www.organisator.ch\/wp-content\/uploads\/2023\/01\/Neues-Auto-Center-fuer-Kennys-1_Organisator.jpg\" \/>\n\t<meta property=\"og:image:width\" content=\"680\" \/>\n\t<meta property=\"og:image:height\" content=\"510\" \/>\n\t<meta property=\"og:image:type\" content=\"image\/jpeg\" \/>\n<meta name=\"author\" content=\"thomas.berner\" \/>\n<meta name=\"twitter:card\" content=\"summary_large_image\" \/>\n<meta name=\"twitter:title\" content=\"Neues #Auto-Center f\u00fcr #Kenny\u2019s\" \/>\n<meta name=\"twitter:description\" content=\"\u00abKenny\u2019s K\u00e4feli\u00bb ist das Markenzeichen von #Kenny\u2019s #Auto-Center. Am 14. und 15. Januar 2023 wird eine frisch umgebaute #Verkaufshalle er\u00f6ffnet.\" \/>\n<meta name=\"twitter:image\" content=\"https:\/\/www.organisator.ch\/wp-content\/uploads\/2023\/01\/Neues-Auto-Center-fuer-Kennys-1_Organisator.jpg\" \/>\n<script type=\"application\/ld+json\" class=\"yoast-schema-graph\">{\"@context\":\"https:\\\/\\\/schema.org\",\"@graph\":[{\"@type\":\"Article\",\"@id\":\"https:\\\/\\\/www.organisator.ch\\\/management\\\/2023-01-04\\\/neues-auto-center-fuer-kennys\\\/#article\",\"isPartOf\":{\"@id\":\"https:\\\/\\\/www.organisator.ch\\\/management\\\/2023-01-04\\\/neues-auto-center-fuer-kennys\\\/\"},\"author\":{\"name\":\"thomas.berner\",\"@id\":\"https:\\\/\\\/www.organisator.ch\\\/#\\\/schema\\\/person\\\/6f650f90b2842cd4c0cc334b4e36f67e\"},\"headline\":\"Neues Auto-Center f\u00fcr Kenny\u2019s\",\"datePublished\":\"2023-01-04T13:25:34+00:00\",\"mainEntityOfPage\":{\"@id\":\"https:\\\/\\\/www.organisator.ch\\\/management\\\/2023-01-04\\\/neues-auto-center-fuer-kennys\\\/\"},\"wordCount\":409,\"publisher\":{\"@id\":\"https:\\\/\\\/www.organisator.ch\\\/#organization\"},\"image\":{\"@id\":\"https:\\\/\\\/www.organisator.ch\\\/management\\\/2023-01-04\\\/neues-auto-center-fuer-kennys\\\/#primaryimage\"},\"thumbnailUrl\":\"https:\\\/\\\/www.organisator.ch\\\/wp-content\\\/uploads\\\/2023\\\/01\\\/Neues-Auto-Center-fuer-Kennys-1_Organisator.jpg\",\"keywords\":[\"Marketing\",\"Mobilit\u00e4t\",\"Unternehmen\"],\"articleSection\":[\"MANAGEMENT\"],\"inLanguage\":\"fr-FR\"},{\"@type\":\"WebPage\",\"@id\":\"https:\\\/\\\/www.organisator.ch\\\/management\\\/2023-01-04\\\/neues-auto-center-fuer-kennys\\\/\",\"url\":\"https:\\\/\\\/www.organisator.ch\\\/management\\\/2023-01-04\\\/neues-auto-center-fuer-kennys\\\/\",\"name\":\"Neues Auto-Center f\u00fcr Kenny\u2019s - Organisator\",\"isPartOf\":{\"@id\":\"https:\\\/\\\/www.organisator.ch\\\/#website\"},\"primaryImageOfPage\":{\"@id\":\"https:\\\/\\\/www.organisator.ch\\\/management\\\/2023-01-04\\\/neues-auto-center-fuer-kennys\\\/#primaryimage\"},\"image\":{\"@id\":\"https:\\\/\\\/www.organisator.ch\\\/management\\\/2023-01-04\\\/neues-auto-center-fuer-kennys\\\/#primaryimage\"},\"thumbnailUrl\":\"https:\\\/\\\/www.organisator.ch\\\/wp-content\\\/uploads\\\/2023\\\/01\\\/Neues-Auto-Center-fuer-Kennys-1_Organisator.jpg\",\"datePublished\":\"2023-01-04T13:25:34+00:00\",\"description\":\"\u00abKenny\u2019s K\u00e4feli\u00bb ist das Markenzeichen von Kenny\u2019s Auto-Center. Am 14. und 15. Januar 2023 wird eine frisch umgebaute Verkaufshalle er\u00f6ffnet.\",\"breadcrumb\":{\"@id\":\"https:\\\/\\\/www.organisator.ch\\\/management\\\/2023-01-04\\\/neues-auto-center-fuer-kennys\\\/#breadcrumb\"},\"inLanguage\":\"fr-FR\",\"potentialAction\":[{\"@type\":\"ReadAction\",\"target\":[\"https:\\\/\\\/www.organisator.ch\\\/management\\\/2023-01-04\\\/neues-auto-center-fuer-kennys\\\/\"]}]},{\"@type\":\"ImageObject\",\"inLanguage\":\"fr-FR\",\"@id\":\"https:\\\/\\\/www.organisator.ch\\\/management\\\/2023-01-04\\\/neues-auto-center-fuer-kennys\\\/#primaryimage\",\"url\":\"https:\\\/\\\/www.organisator.ch\\\/wp-content\\\/uploads\\\/2023\\\/01\\\/Neues-Auto-Center-fuer-Kennys-1_Organisator.jpg\",\"contentUrl\":\"https:\\\/\\\/www.organisator.ch\\\/wp-content\\\/uploads\\\/2023\\\/01\\\/Neues-Auto-Center-fuer-Kennys-1_Organisator.jpg\",\"width\":680,\"height\":510,\"caption\":\"Zelebrieren \\\"Kenny's K\u00e4feli\\\" wie eh und je: Marc (links) und Kenny Eichenberger in ihrem neuen Auto-Center. (Bild; Kenny's)\"},{\"@type\":\"BreadcrumbList\",\"@id\":\"https:\\\/\\\/www.organisator.ch\\\/management\\\/2023-01-04\\\/neues-auto-center-fuer-kennys\\\/#breadcrumb\",\"itemListElement\":[{\"@type\":\"ListItem\",\"position\":1,\"name\":\"Home\",\"item\":\"https:\\\/\\\/www.organisator.ch\\\/\"},{\"@type\":\"ListItem\",\"position\":2,\"name\":\"Neues Auto-Center f\u00fcr Kenny\u2019s\"}]},{\"@type\":\"WebSite\",\"@id\":\"https:\\\/\\\/www.organisator.ch\\\/#website\",\"url\":\"https:\\\/\\\/www.organisator.ch\\\/\",\"name\":\"Organisator\",\"description\":\"Kompetent. Praxisnah. Der ORGANISATOR bereitet in 10 Ausgaben pro Jahr die wesentlichen Themen f\u00fcr F\u00fchrungskr\u00e4fte von KMU auf.\",\"publisher\":{\"@id\":\"https:\\\/\\\/www.organisator.ch\\\/#organization\"},\"potentialAction\":[{\"@type\":\"SearchAction\",\"target\":{\"@type\":\"EntryPoint\",\"urlTemplate\":\"https:\\\/\\\/www.organisator.ch\\\/?s={search_term_string}\"},\"query-input\":{\"@type\":\"PropertyValueSpecification\",\"valueRequired\":true,\"valueName\":\"search_term_string\"}}],\"inLanguage\":\"fr-FR\"},{\"@type\":\"Organization\",\"@id\":\"https:\\\/\\\/www.organisator.ch\\\/#organization\",\"name\":\"Organisator\",\"url\":\"https:\\\/\\\/www.organisator.ch\\\/\",\"logo\":{\"@type\":\"ImageObject\",\"inLanguage\":\"fr-FR\",\"@id\":\"https:\\\/\\\/www.organisator.ch\\\/#\\\/schema\\\/logo\\\/image\\\/\",\"url\":\"https:\\\/\\\/www.organisator.ch\\\/wp-content\\\/uploads\\\/2022\\\/01\\\/Logo_Organisator_Website.png\",\"contentUrl\":\"https:\\\/\\\/www.organisator.ch\\\/wp-content\\\/uploads\\\/2022\\\/01\\\/Logo_Organisator_Website.png\",\"width\":800,\"height\":77,\"caption\":\"Organisator\"},\"image\":{\"@id\":\"https:\\\/\\\/www.organisator.ch\\\/#\\\/schema\\\/logo\\\/image\\\/\"},\"sameAs\":[\"https:\\\/\\\/www.facebook.com\\\/OrganisatorFachmagazin\",\"https:\\\/\\\/www.linkedin.com\\\/showcase\\\/organisator-das-magazin-fr-kmu\",\"https:\\\/\\\/www.xing.com\\\/news\\\/pages\\\/organisator-ch-695\",\"https:\\\/\\\/www.youtube.com\\\/channel\\\/UCGP2Sq0iWaZwT3BdIAQFYpw\"]},{\"@type\":\"Person\",\"@id\":\"https:\\\/\\\/www.organisator.ch\\\/#\\\/schema\\\/person\\\/6f650f90b2842cd4c0cc334b4e36f67e\",\"name\":\"thomas.berner\",\"image\":{\"@type\":\"ImageObject\",\"inLanguage\":\"fr-FR\",\"@id\":\"https:\\\/\\\/secure.gravatar.com\\\/avatar\\\/ac5001d2a36cb6c6cd3e50789007ffca834b477b74a2144564522e944eabff61?s=96&d=mm&r=g\",\"url\":\"https:\\\/\\\/secure.gravatar.com\\\/avatar\\\/ac5001d2a36cb6c6cd3e50789007ffca834b477b74a2144564522e944eabff61?s=96&d=mm&r=g\",\"contentUrl\":\"https:\\\/\\\/secure.gravatar.com\\\/avatar\\\/ac5001d2a36cb6c6cd3e50789007ffca834b477b74a2144564522e944eabff61?s=96&d=mm&r=g\",\"caption\":\"thomas.berner\"},\"url\":\"https:\\\/\\\/www.organisator.ch\\\/fr\\\/author\\\/thomas-berner\\\/\"}]}<\/script>\n<!-- \/ Yoast SEO plugin. -->","yoast_head_json":{"title":"Nouveau centre auto pour Kenny's - Organisateur","description":"\"Kenny's K\u00e4feli\" est la marque de fabrique du centre auto de Kenny. Les 14 et 15 janvier 2023, un hall de vente fra\u00eechement r\u00e9nov\u00e9 ouvrira ses portes.","robots":{"index":"index","follow":"follow","max-snippet":"max-snippet:-1","max-image-preview":"max-image-preview:large","max-video-preview":"max-video-preview:-1"},"canonical":"https:\/\/www.organisator.ch\/fr\/gestion-2\/2023-01-04\/neues-auto-center-fuer-kennys\/","og_locale":"fr_FR","og_type":"article","og_title":"Neues Auto-Center f\u00fcr Kenny\u2019s","og_description":"\u00abKenny\u2019s K\u00e4feli\u00bb ist das Markenzeichen von Kenny\u2019s Auto-Center. Am 14. und 15. Januar 2023 wird eine frisch umgebaute Verkaufshalle er\u00f6ffnet.","og_url":"https:\/\/www.organisator.ch\/fr\/gestion-2\/2023-01-04\/neues-auto-center-fuer-kennys\/","og_site_name":"Organisator","article_publisher":"https:\/\/www.facebook.com\/OrganisatorFachmagazin","article_published_time":"2023-01-04T13:25:34+00:00","og_image":[{"width":680,"height":510,"url":"https:\/\/www.organisator.ch\/wp-content\/uploads\/2023\/01\/Neues-Auto-Center-fuer-Kennys-1_Organisator.jpg","type":"image\/jpeg"}],"author":"thomas.berner","twitter_card":"summary_large_image","twitter_title":"Neues #Auto-Center f\u00fcr #Kenny\u2019s","twitter_description":"\u00abKenny\u2019s K\u00e4feli\u00bb ist das Markenzeichen von #Kenny\u2019s #Auto-Center. Am 14. und 15. Januar 2023 wird eine frisch umgebaute #Verkaufshalle er\u00f6ffnet.","twitter_image":"https:\/\/www.organisator.ch\/wp-content\/uploads\/2023\/01\/Neues-Auto-Center-fuer-Kennys-1_Organisator.jpg","schema":{"@context":"https:\/\/schema.org","@graph":[{"@type":"Article","@id":"https:\/\/www.organisator.ch\/management\/2023-01-04\/neues-auto-center-fuer-kennys\/#article","isPartOf":{"@id":"https:\/\/www.organisator.ch\/management\/2023-01-04\/neues-auto-center-fuer-kennys\/"},"author":{"name":"thomas.berner","@id":"https:\/\/www.organisator.ch\/#\/schema\/person\/6f650f90b2842cd4c0cc334b4e36f67e"},"headline":"Neues Auto-Center f\u00fcr Kenny\u2019s","datePublished":"2023-01-04T13:25:34+00:00","mainEntityOfPage":{"@id":"https:\/\/www.organisator.ch\/management\/2023-01-04\/neues-auto-center-fuer-kennys\/"},"wordCount":409,"publisher":{"@id":"https:\/\/www.organisator.ch\/#organization"},"image":{"@id":"https:\/\/www.organisator.ch\/management\/2023-01-04\/neues-auto-center-fuer-kennys\/#primaryimage"},"thumbnailUrl":"https:\/\/www.organisator.ch\/wp-content\/uploads\/2023\/01\/Neues-Auto-Center-fuer-Kennys-1_Organisator.jpg","keywords":["Marketing","Mobilit\u00e4t","Unternehmen"],"articleSection":["MANAGEMENT"],"inLanguage":"fr-FR"},{"@type":"WebPage","@id":"https:\/\/www.organisator.ch\/management\/2023-01-04\/neues-auto-center-fuer-kennys\/","url":"https:\/\/www.organisator.ch\/management\/2023-01-04\/neues-auto-center-fuer-kennys\/","name":"Nouveau centre auto pour Kenny's - Organisateur","isPartOf":{"@id":"https:\/\/www.organisator.ch\/#website"},"primaryImageOfPage":{"@id":"https:\/\/www.organisator.ch\/management\/2023-01-04\/neues-auto-center-fuer-kennys\/#primaryimage"},"image":{"@id":"https:\/\/www.organisator.ch\/management\/2023-01-04\/neues-auto-center-fuer-kennys\/#primaryimage"},"thumbnailUrl":"https:\/\/www.organisator.ch\/wp-content\/uploads\/2023\/01\/Neues-Auto-Center-fuer-Kennys-1_Organisator.jpg","datePublished":"2023-01-04T13:25:34+00:00","description":"\"Kenny's K\u00e4feli\" est la marque de fabrique du centre auto de Kenny. Les 14 et 15 janvier 2023, un hall de vente fra\u00eechement r\u00e9nov\u00e9 ouvrira ses portes.","breadcrumb":{"@id":"https:\/\/www.organisator.ch\/management\/2023-01-04\/neues-auto-center-fuer-kennys\/#breadcrumb"},"inLanguage":"fr-FR","potentialAction":[{"@type":"ReadAction","target":["https:\/\/www.organisator.ch\/management\/2023-01-04\/neues-auto-center-fuer-kennys\/"]}]},{"@type":"ImageObject","inLanguage":"fr-FR","@id":"https:\/\/www.organisator.ch\/management\/2023-01-04\/neues-auto-center-fuer-kennys\/#primaryimage","url":"https:\/\/www.organisator.ch\/wp-content\/uploads\/2023\/01\/Neues-Auto-Center-fuer-Kennys-1_Organisator.jpg","contentUrl":"https:\/\/www.organisator.ch\/wp-content\/uploads\/2023\/01\/Neues-Auto-Center-fuer-Kennys-1_Organisator.jpg","width":680,"height":510,"caption":"Zelebrieren \"Kenny's K\u00e4feli\" wie eh und je: Marc (links) und Kenny Eichenberger in ihrem neuen Auto-Center. (Bild; Kenny's)"},{"@type":"BreadcrumbList","@id":"https:\/\/www.organisator.ch\/management\/2023-01-04\/neues-auto-center-fuer-kennys\/#breadcrumb","itemListElement":[{"@type":"ListItem","position":1,"name":"Home","item":"https:\/\/www.organisator.ch\/"},{"@type":"ListItem","position":2,"name":"Neues Auto-Center f\u00fcr Kenny\u2019s"}]},{"@type":"WebSite","@id":"https:\/\/www.organisator.ch\/#website","url":"https:\/\/www.organisator.ch\/","name":"Organisateur","description":"Comp\u00e9tence et comp\u00e9tence. Proches de la pratique. L'ORGANISATEUR pr\u00e9pare 10 num\u00e9ros par an sur les th\u00e8mes essentiels pour les dirigeants de PME.","publisher":{"@id":"https:\/\/www.organisator.ch\/#organization"},"potentialAction":[{"@type":"SearchAction","target":{"@type":"EntryPoint","urlTemplate":"https:\/\/www.organisator.ch\/?s={search_term_string}"},"query-input":{"@type":"PropertyValueSpecification","valueRequired":true,"valueName":"search_term_string"}}],"inLanguage":"fr-FR"},{"@type":"Organization","@id":"https:\/\/www.organisator.ch\/#organization","name":"Organisateur","url":"https:\/\/www.organisator.ch\/","logo":{"@type":"ImageObject","inLanguage":"fr-FR","@id":"https:\/\/www.organisator.ch\/#\/schema\/logo\/image\/","url":"https:\/\/www.organisator.ch\/wp-content\/uploads\/2022\/01\/Logo_Organisator_Website.png","contentUrl":"https:\/\/www.organisator.ch\/wp-content\/uploads\/2022\/01\/Logo_Organisator_Website.png","width":800,"height":77,"caption":"Organisator"},"image":{"@id":"https:\/\/www.organisator.ch\/#\/schema\/logo\/image\/"},"sameAs":["https:\/\/www.facebook.com\/OrganisatorFachmagazin","https:\/\/www.linkedin.com\/showcase\/organisator-das-magazin-fr-kmu","https:\/\/www.xing.com\/news\/pages\/organisator-ch-695","https:\/\/www.youtube.com\/channel\/UCGP2Sq0iWaZwT3BdIAQFYpw"]},{"@type":"Person","@id":"https:\/\/www.organisator.ch\/#\/schema\/person\/6f650f90b2842cd4c0cc334b4e36f67e","name":"thomas.berner","image":{"@type":"ImageObject","inLanguage":"fr-FR","@id":"https:\/\/secure.gravatar.com\/avatar\/ac5001d2a36cb6c6cd3e50789007ffca834b477b74a2144564522e944eabff61?s=96&d=mm&r=g","url":"https:\/\/secure.gravatar.com\/avatar\/ac5001d2a36cb6c6cd3e50789007ffca834b477b74a2144564522e944eabff61?s=96&d=mm&r=g","contentUrl":"https:\/\/secure.gravatar.com\/avatar\/ac5001d2a36cb6c6cd3e50789007ffca834b477b74a2144564522e944eabff61?s=96&d=mm&r=g","caption":"thomas.berner"},"url":"https:\/\/www.organisator.ch\/fr\/author\/thomas-berner\/"}]}},"_links":{"self":[{"href":"https:\/\/www.organisator.ch\/fr\/wp-json\/wp\/v2\/posts\/18398","targetHints":{"allow":["GET"]}}],"collection":[{"href":"https:\/\/www.organisator.ch\/fr\/wp-json\/wp\/v2\/posts"}],"about":[{"href":"https:\/\/www.organisator.ch\/fr\/wp-json\/wp\/v2\/types\/post"}],"author":[{"embeddable":true,"href":"https:\/\/www.organisator.ch\/fr\/wp-json\/wp\/v2\/users\/4"}],"replies":[{"embeddable":true,"href":"https:\/\/www.organisator.ch\/fr\/wp-json\/wp\/v2\/comments?post=18398"}],"version-history":[{"count":1,"href":"https:\/\/www.organisator.ch\/fr\/wp-json\/wp\/v2\/posts\/18398\/revisions"}],"predecessor-version":[{"id":18401,"href":"https:\/\/www.organisator.ch\/fr\/wp-json\/wp\/v2\/posts\/18398\/revisions\/18401"}],"wp:featuredmedia":[{"embeddable":true,"href":"https:\/\/www.organisator.ch\/fr\/wp-json\/wp\/v2\/media\/18399"}],"wp:attachment":[{"href":"https:\/\/www.organisator.ch\/fr\/wp-json\/wp\/v2\/media?parent=18398"}],"wp:term":[{"taxonomy":"category","embeddable":true,"href":"https:\/\/www.organisator.ch\/fr\/wp-json\/wp\/v2\/categories?post=18398"},{"taxonomy":"post_tag","embeddable":true,"href":"https:\/\/www.organisator.ch\/fr\/wp-json\/wp\/v2\/tags?post=18398"}],"curies":[{"name":"wp","href":"https:\/\/api.w.org\/{rel}","templated":true}]}}