{"id":18410,"date":"2023-01-06T08:34:15","date_gmt":"2023-01-06T07:34:15","guid":{"rendered":"https:\/\/www.organisator.ch\/?p=18410"},"modified":"2023-01-06T08:34:15","modified_gmt":"2023-01-06T07:34:15","slug":"flexibles-arbeiten-keine-anzeichen-fuer-rueckfall-in-alte-muster","status":"publish","type":"post","link":"https:\/\/www.organisator.ch\/fr\/human-resources\/2023-01-06\/flexibles-arbeiten-keine-anzeichen-fuer-rueckfall-in-alte-muster\/","title":{"rendered":"Le travail flexible : Aucun signe de retour aux anciens sch\u00e9mas"},"content":{"rendered":"<figure id=\"attachment_18411\" aria-describedby=\"caption-attachment-18411\" style=\"width: 680px\" class=\"wp-caption alignnone\"><img loading=\"lazy\" decoding=\"async\" class=\"size-full wp-image-18411\" src=\"https:\/\/www.organisator.ch\/wp-content\/uploads\/2023\/01\/Flexibles-Arbeiten-Keine-Anzeichen-fuer-Rueckfall-in-alte-Muster_Organisator.jpg\" alt=\"\" width=\"680\" height=\"453\" srcset=\"https:\/\/www.organisator.ch\/wp-content\/uploads\/2023\/01\/Flexibles-Arbeiten-Keine-Anzeichen-fuer-Rueckfall-in-alte-Muster_Organisator.jpg 680w, https:\/\/www.organisator.ch\/wp-content\/uploads\/2023\/01\/Flexibles-Arbeiten-Keine-Anzeichen-fuer-Rueckfall-in-alte-Muster_Organisator-18x12.jpg 18w, https:\/\/www.organisator.ch\/wp-content\/uploads\/2023\/01\/Flexibles-Arbeiten-Keine-Anzeichen-fuer-Rueckfall-in-alte-Muster_Organisator-375x250.jpg 375w, https:\/\/www.organisator.ch\/wp-content\/uploads\/2023\/01\/Flexibles-Arbeiten-Keine-Anzeichen-fuer-Rueckfall-in-alte-Muster_Organisator-525x350.jpg 525w\" sizes=\"auto, (max-width: 680px) 100vw, 680px\" \/><figcaption id=\"caption-attachment-18411\" class=\"wp-caption-text\">Le travail flexible est toujours tr\u00e8s appr\u00e9ci\u00e9 des employeurs, m\u00eame apr\u00e8s la pand\u00e9mie. On n'observe pas de retour aux anciens sch\u00e9mas. (Image : Pixabay.com)<\/figcaption><\/figure>\n<p>Apr\u00e8s deux ann\u00e9es de pand\u00e9mie qui ont eu l'effet d'un acc\u00e9l\u00e9rateur sur la transformation du monde du travail, 2022 a \u00e9t\u00e9 une pierre de touche pour savoir si les changements initi\u00e9s par le virus se maintiennent \u00e0 long terme. Une \u00e9valuation des annonces d'emploi suisses sur le march\u00e9 de l'emploi XING n'a pas r\u00e9v\u00e9l\u00e9 de tendance g\u00e9n\u00e9rale \u00e0 la baisse pour les marqueurs statistiques relatifs aux horaires de travail flexibles et au home office. Les valeurs se trouvaient \u00e0 un niveau comparable en janvier et en novembre 2022, apr\u00e8s avoir eu tendance \u00e0 augmenter au cours des deux ann\u00e9es pr\u00e9c\u00e9dentes. Les craintes que les entreprises reviennent sur les possibilit\u00e9s de travail \u00e0 domicile et de travail flexible apr\u00e8s la pand\u00e9mie ne sont pas confirm\u00e9es par l'analyse des donn\u00e9es.<\/p>\n<h3>Les entreprises continuent de miser sur le travail flexible<\/h3>\n<p>Une \u00e9tude pr\u00e9c\u00e9dente men\u00e9e d\u00e9but 2022 par la maison m\u00e8re de XING, NEW WORK, avait r\u00e9v\u00e9l\u00e9 que les attentes des employ\u00e9s en mati\u00e8re de possibilit\u00e9s de travail \u00e0 domicile d\u00e9passaient nettement les projets r\u00e9els des entreprises. Si les employ\u00e9s se voient retirer les libert\u00e9s qu'ils ont acquises pendant la crise de Corona, les entreprises risquent d'\u00eatre rapidement distanc\u00e9es sur le march\u00e9 tr\u00e8s concurrentiel des candidats. Les r\u00e9sultats de l'analyse actuelle des donn\u00e9es permettent d'esp\u00e9rer que les entreprises sont conscientes de ce risque et qu'elles conservent des formes de travail flexibles.<\/p>\n<h3><strong>Les annonces d'emploi dans les domaines de l'art, de la culture et du sport augmentent en fin d'ann\u00e9e<\/strong><\/h3>\n<p>L'analyse des donn\u00e9es de XING a \u00e9galement permis de comparer le nombre de nouveaux postes publi\u00e9s entre le d\u00e9but et la fin de l'ann\u00e9e. Les marqueurs pour les annonces d'emploi avec des horaires de travail flexibles et le travail \u00e0 domicile sont rest\u00e9s globalement stables en 2022. Par rapport au d\u00e9but de l'ann\u00e9e, il y a eu plus d'offres d'emploi en novembre, surtout dans le domaine des arts, de la culture et du sport. Le secteur des t\u00e9l\u00e9communications a enregistr\u00e9 la plus forte baisse. Le classement des secteurs qui ont cr\u00e9\u00e9 plus de nouveaux emplois se pr\u00e9sente comme suit :<\/p>\n<ol>\n<li>Art, culture et sport<\/li>\n<li>Automobile et construction de v\u00e9hicules<\/li>\n<li>Biens de consommation et commerce<\/li>\n<li>Sant\u00e9 et affaires sociales<\/li>\n<li>Tourisme et gastronomie<\/li>\n<\/ol>\n<p>Et dans ces secteurs, il y avait moins de nouveaux emplois publi\u00e9s sur la plateforme en novembre 2022 qu'en janvier 2022 :<\/p>\n<ol>\n<li>T\u00e9l\u00e9communications<\/li>\n<li>M\u00e9dias et maisons d'\u00e9dition<\/li>\n<li>Assurances<\/li>\n<li>Internet et informatique<\/li>\n<li>Banques et services financiers<\/li>\n<\/ol>\n<p>Pour cette \u00e9tude, le r\u00e9seau d'emploi XING a publi\u00e9 des annonces d'emploi suisses sur sa propre plateforme (<a href=\"https:\/\/xing.com\/jobs\">https:\/\/xing.com\/jobs<\/a>) pour l'ann\u00e9e 2022 ont \u00e9t\u00e9 \u00e9valu\u00e9es statistiquement. En moyenne, environ 110'000 emplois suisses \u00e9taient disponibles chaque mois sur le march\u00e9 de l'emploi XING. Le pourcentage de nouvelles offres publi\u00e9es avec les termes correspondants dans le titre ou la description du poste a \u00e9t\u00e9 consid\u00e9r\u00e9 comme un marqueur de l'\u00e9volution des postes avec possibilit\u00e9 de travail \u00e0 domicile et horaires de travail flexibles.<\/p>","protected":false},"excerpt":{"rendered":"<p>Nachdem zwei Jahre Pandemie wie ein Brandbeschleuniger auf die Transformation der Arbeitswelt gewirkt haben, war 2022 ein Pr\u00fcfstein daf\u00fcr, ob die durch das Virus angestossenen Ver\u00e4nderungen langfristig Bestand haben. Eine Auswertung von Schweizer Jobinseraten auf dem XING-Stellenmarkt ergab f\u00fcr die statistischen Marker zu flexiblen Arbeitszeiten und zu Homeoffice keinen allgemeinen Abw\u00e4rtstrend. Die Werte befanden sich [&hellip;]<\/p>\n","protected":false},"author":4,"featured_media":18411,"comment_status":"closed","ping_status":"closed","sticky":false,"template":"","format":"standard","meta":{"_acf_changed":false,"_yoast_wpseo_focuskw":"Flexibles Arbeiten","_yoast_wpseo_metadesc":"Eine Analyse von Schweizer Stellenausschreibungen durch XING deutet darauf hin, dass Unternehmen flexibles Arbeiten beibehalten.","articlekey":"","footnotes":""},"categories":[579],"tags":[47,132,363,459],"class_list":["post-18410","post","type-post","status-publish","format-standard","has-post-thumbnail","hentry","category-human-resources","tag-arbeitsmarkt","tag-coronavirus","tag-new-work","tag-studie"],"acf":[],"yoast_head":"<!-- This site is optimized with the Yoast SEO plugin v27.4 - https:\/\/yoast.com\/product\/yoast-seo-wordpress\/ -->\n<title>Flexibles Arbeiten: Keine Anzeichen f\u00fcr R\u00fcckfall in alte Muster - Organisator<\/title>\n<meta name=\"description\" content=\"Eine Analyse von Schweizer Stellenausschreibungen durch XING deutet darauf hin, dass Unternehmen flexibles Arbeiten beibehalten.\" \/>\n<meta name=\"robots\" content=\"index, follow, max-snippet:-1, max-image-preview:large, max-video-preview:-1\" \/>\n<link rel=\"canonical\" href=\"https:\/\/www.organisator.ch\/fr\/ressources-humaines\/2023-01-06\/flexibles-arbeiten-keine-anzeichen-fuer-rueckfall-in-alte-muster\/\" \/>\n<meta property=\"og:locale\" content=\"fr_FR\" \/>\n<meta property=\"og:type\" content=\"article\" \/>\n<meta property=\"og:title\" content=\"Flexibles Arbeiten: Keine Anzeichen f\u00fcr R\u00fcckfall in alte Muster\" \/>\n<meta property=\"og:description\" content=\"Eine Analyse von Schweizer Stellenausschreibungen durch XING deutet darauf hin, dass Unternehmen flexibles Arbeiten beibehalten.\" \/>\n<meta property=\"og:url\" content=\"https:\/\/www.organisator.ch\/fr\/ressources-humaines\/2023-01-06\/flexibles-arbeiten-keine-anzeichen-fuer-rueckfall-in-alte-muster\/\" \/>\n<meta property=\"og:site_name\" content=\"Organisator\" \/>\n<meta property=\"article:publisher\" content=\"https:\/\/www.facebook.com\/OrganisatorFachmagazin\" \/>\n<meta property=\"article:published_time\" content=\"2023-01-06T07:34:15+00:00\" \/>\n<meta property=\"og:image\" content=\"https:\/\/www.organisator.ch\/wp-content\/uploads\/2023\/01\/Flexibles-Arbeiten-Keine-Anzeichen-fuer-Rueckfall-in-alte-Muster_Organisator.jpg\" \/>\n\t<meta property=\"og:image:width\" content=\"680\" \/>\n\t<meta property=\"og:image:height\" content=\"453\" \/>\n\t<meta property=\"og:image:type\" content=\"image\/jpeg\" \/>\n<meta name=\"author\" content=\"thomas.berner\" \/>\n<meta name=\"twitter:card\" content=\"summary_large_image\" \/>\n<meta name=\"twitter:title\" content=\"Flexibles #Arbeiten: Keine Anzeichen f\u00fcr #R\u00fcckfall in alte Muster\" \/>\n<meta name=\"twitter:description\" content=\"Eine #Analyse von Schweizer Stellenausschreibungen durch #XING deutet darauf hin, dass Unternehmen flexibles #Arbeiten beibehalten.\" \/>\n<meta name=\"twitter:image\" content=\"https:\/\/www.organisator.ch\/wp-content\/uploads\/2023\/01\/Flexibles-Arbeiten-Keine-Anzeichen-fuer-Rueckfall-in-alte-Muster_Organisator.jpg\" \/>\n<script type=\"application\/ld+json\" class=\"yoast-schema-graph\">{\"@context\":\"https:\\\/\\\/schema.org\",\"@graph\":[{\"@type\":\"Article\",\"@id\":\"https:\\\/\\\/www.organisator.ch\\\/human-resources\\\/2023-01-06\\\/flexibles-arbeiten-keine-anzeichen-fuer-rueckfall-in-alte-muster\\\/#article\",\"isPartOf\":{\"@id\":\"https:\\\/\\\/www.organisator.ch\\\/human-resources\\\/2023-01-06\\\/flexibles-arbeiten-keine-anzeichen-fuer-rueckfall-in-alte-muster\\\/\"},\"author\":{\"name\":\"thomas.berner\",\"@id\":\"https:\\\/\\\/www.organisator.ch\\\/#\\\/schema\\\/person\\\/6f650f90b2842cd4c0cc334b4e36f67e\"},\"headline\":\"Flexibles Arbeiten: Keine Anzeichen f\u00fcr R\u00fcckfall in alte Muster\",\"datePublished\":\"2023-01-06T07:34:15+00:00\",\"mainEntityOfPage\":{\"@id\":\"https:\\\/\\\/www.organisator.ch\\\/human-resources\\\/2023-01-06\\\/flexibles-arbeiten-keine-anzeichen-fuer-rueckfall-in-alte-muster\\\/\"},\"wordCount\":423,\"publisher\":{\"@id\":\"https:\\\/\\\/www.organisator.ch\\\/#organization\"},\"image\":{\"@id\":\"https:\\\/\\\/www.organisator.ch\\\/human-resources\\\/2023-01-06\\\/flexibles-arbeiten-keine-anzeichen-fuer-rueckfall-in-alte-muster\\\/#primaryimage\"},\"thumbnailUrl\":\"https:\\\/\\\/www.organisator.ch\\\/wp-content\\\/uploads\\\/2023\\\/01\\\/Flexibles-Arbeiten-Keine-Anzeichen-fuer-Rueckfall-in-alte-Muster_Organisator.jpg\",\"keywords\":[\"Arbeitsmarkt\",\"Coronavirus\",\"New Work\",\"Studie\"],\"articleSection\":[\"HUMAN RESOURCES\"],\"inLanguage\":\"fr-FR\"},{\"@type\":\"WebPage\",\"@id\":\"https:\\\/\\\/www.organisator.ch\\\/human-resources\\\/2023-01-06\\\/flexibles-arbeiten-keine-anzeichen-fuer-rueckfall-in-alte-muster\\\/\",\"url\":\"https:\\\/\\\/www.organisator.ch\\\/human-resources\\\/2023-01-06\\\/flexibles-arbeiten-keine-anzeichen-fuer-rueckfall-in-alte-muster\\\/\",\"name\":\"Flexibles Arbeiten: Keine Anzeichen f\u00fcr R\u00fcckfall in alte Muster - Organisator\",\"isPartOf\":{\"@id\":\"https:\\\/\\\/www.organisator.ch\\\/#website\"},\"primaryImageOfPage\":{\"@id\":\"https:\\\/\\\/www.organisator.ch\\\/human-resources\\\/2023-01-06\\\/flexibles-arbeiten-keine-anzeichen-fuer-rueckfall-in-alte-muster\\\/#primaryimage\"},\"image\":{\"@id\":\"https:\\\/\\\/www.organisator.ch\\\/human-resources\\\/2023-01-06\\\/flexibles-arbeiten-keine-anzeichen-fuer-rueckfall-in-alte-muster\\\/#primaryimage\"},\"thumbnailUrl\":\"https:\\\/\\\/www.organisator.ch\\\/wp-content\\\/uploads\\\/2023\\\/01\\\/Flexibles-Arbeiten-Keine-Anzeichen-fuer-Rueckfall-in-alte-Muster_Organisator.jpg\",\"datePublished\":\"2023-01-06T07:34:15+00:00\",\"description\":\"Eine Analyse von Schweizer Stellenausschreibungen durch XING deutet darauf hin, dass Unternehmen flexibles Arbeiten beibehalten.\",\"breadcrumb\":{\"@id\":\"https:\\\/\\\/www.organisator.ch\\\/human-resources\\\/2023-01-06\\\/flexibles-arbeiten-keine-anzeichen-fuer-rueckfall-in-alte-muster\\\/#breadcrumb\"},\"inLanguage\":\"fr-FR\",\"potentialAction\":[{\"@type\":\"ReadAction\",\"target\":[\"https:\\\/\\\/www.organisator.ch\\\/human-resources\\\/2023-01-06\\\/flexibles-arbeiten-keine-anzeichen-fuer-rueckfall-in-alte-muster\\\/\"]}]},{\"@type\":\"ImageObject\",\"inLanguage\":\"fr-FR\",\"@id\":\"https:\\\/\\\/www.organisator.ch\\\/human-resources\\\/2023-01-06\\\/flexibles-arbeiten-keine-anzeichen-fuer-rueckfall-in-alte-muster\\\/#primaryimage\",\"url\":\"https:\\\/\\\/www.organisator.ch\\\/wp-content\\\/uploads\\\/2023\\\/01\\\/Flexibles-Arbeiten-Keine-Anzeichen-fuer-Rueckfall-in-alte-Muster_Organisator.jpg\",\"contentUrl\":\"https:\\\/\\\/www.organisator.ch\\\/wp-content\\\/uploads\\\/2023\\\/01\\\/Flexibles-Arbeiten-Keine-Anzeichen-fuer-Rueckfall-in-alte-Muster_Organisator.jpg\",\"width\":680,\"height\":453,\"caption\":\"Flexibles Arbeiten ist bei Arbeitgebern auch nach der Pandemie hoch im Kurs. Es ist keine Abkehr in alte Muster zu beobachten. (Bild: Pixabay.com)\"},{\"@type\":\"BreadcrumbList\",\"@id\":\"https:\\\/\\\/www.organisator.ch\\\/human-resources\\\/2023-01-06\\\/flexibles-arbeiten-keine-anzeichen-fuer-rueckfall-in-alte-muster\\\/#breadcrumb\",\"itemListElement\":[{\"@type\":\"ListItem\",\"position\":1,\"name\":\"Home\",\"item\":\"https:\\\/\\\/www.organisator.ch\\\/\"},{\"@type\":\"ListItem\",\"position\":2,\"name\":\"Flexibles Arbeiten: Keine Anzeichen f\u00fcr R\u00fcckfall in alte Muster\"}]},{\"@type\":\"WebSite\",\"@id\":\"https:\\\/\\\/www.organisator.ch\\\/#website\",\"url\":\"https:\\\/\\\/www.organisator.ch\\\/\",\"name\":\"Organisator\",\"description\":\"Kompetent. Praxisnah. Der ORGANISATOR bereitet in 10 Ausgaben pro Jahr die wesentlichen Themen f\u00fcr F\u00fchrungskr\u00e4fte von KMU auf.\",\"publisher\":{\"@id\":\"https:\\\/\\\/www.organisator.ch\\\/#organization\"},\"potentialAction\":[{\"@type\":\"SearchAction\",\"target\":{\"@type\":\"EntryPoint\",\"urlTemplate\":\"https:\\\/\\\/www.organisator.ch\\\/?s={search_term_string}\"},\"query-input\":{\"@type\":\"PropertyValueSpecification\",\"valueRequired\":true,\"valueName\":\"search_term_string\"}}],\"inLanguage\":\"fr-FR\"},{\"@type\":\"Organization\",\"@id\":\"https:\\\/\\\/www.organisator.ch\\\/#organization\",\"name\":\"Organisator\",\"url\":\"https:\\\/\\\/www.organisator.ch\\\/\",\"logo\":{\"@type\":\"ImageObject\",\"inLanguage\":\"fr-FR\",\"@id\":\"https:\\\/\\\/www.organisator.ch\\\/#\\\/schema\\\/logo\\\/image\\\/\",\"url\":\"https:\\\/\\\/www.organisator.ch\\\/wp-content\\\/uploads\\\/2022\\\/01\\\/Logo_Organisator_Website.png\",\"contentUrl\":\"https:\\\/\\\/www.organisator.ch\\\/wp-content\\\/uploads\\\/2022\\\/01\\\/Logo_Organisator_Website.png\",\"width\":800,\"height\":77,\"caption\":\"Organisator\"},\"image\":{\"@id\":\"https:\\\/\\\/www.organisator.ch\\\/#\\\/schema\\\/logo\\\/image\\\/\"},\"sameAs\":[\"https:\\\/\\\/www.facebook.com\\\/OrganisatorFachmagazin\",\"https:\\\/\\\/www.linkedin.com\\\/showcase\\\/organisator-das-magazin-fr-kmu\",\"https:\\\/\\\/www.xing.com\\\/news\\\/pages\\\/organisator-ch-695\",\"https:\\\/\\\/www.youtube.com\\\/channel\\\/UCGP2Sq0iWaZwT3BdIAQFYpw\"]},{\"@type\":\"Person\",\"@id\":\"https:\\\/\\\/www.organisator.ch\\\/#\\\/schema\\\/person\\\/6f650f90b2842cd4c0cc334b4e36f67e\",\"name\":\"thomas.berner\",\"image\":{\"@type\":\"ImageObject\",\"inLanguage\":\"fr-FR\",\"@id\":\"https:\\\/\\\/secure.gravatar.com\\\/avatar\\\/ac5001d2a36cb6c6cd3e50789007ffca834b477b74a2144564522e944eabff61?s=96&d=mm&r=g\",\"url\":\"https:\\\/\\\/secure.gravatar.com\\\/avatar\\\/ac5001d2a36cb6c6cd3e50789007ffca834b477b74a2144564522e944eabff61?s=96&d=mm&r=g\",\"contentUrl\":\"https:\\\/\\\/secure.gravatar.com\\\/avatar\\\/ac5001d2a36cb6c6cd3e50789007ffca834b477b74a2144564522e944eabff61?s=96&d=mm&r=g\",\"caption\":\"thomas.berner\"},\"url\":\"https:\\\/\\\/www.organisator.ch\\\/fr\\\/author\\\/thomas-berner\\\/\"}]}<\/script>\n<!-- \/ Yoast SEO plugin. -->","yoast_head_json":{"title":"Le travail flexible : Aucun signe de retour aux anciens sch\u00e9mas - Organisateur","description":"Une analyse des offres d'emploi suisses par XING indique que les entreprises conservent le travail flexible.","robots":{"index":"index","follow":"follow","max-snippet":"max-snippet:-1","max-image-preview":"max-image-preview:large","max-video-preview":"max-video-preview:-1"},"canonical":"https:\/\/www.organisator.ch\/fr\/ressources-humaines\/2023-01-06\/flexibles-arbeiten-keine-anzeichen-fuer-rueckfall-in-alte-muster\/","og_locale":"fr_FR","og_type":"article","og_title":"Flexibles Arbeiten: Keine Anzeichen f\u00fcr R\u00fcckfall in alte Muster","og_description":"Eine Analyse von Schweizer Stellenausschreibungen durch XING deutet darauf hin, dass Unternehmen flexibles Arbeiten beibehalten.","og_url":"https:\/\/www.organisator.ch\/fr\/ressources-humaines\/2023-01-06\/flexibles-arbeiten-keine-anzeichen-fuer-rueckfall-in-alte-muster\/","og_site_name":"Organisator","article_publisher":"https:\/\/www.facebook.com\/OrganisatorFachmagazin","article_published_time":"2023-01-06T07:34:15+00:00","og_image":[{"width":680,"height":453,"url":"https:\/\/www.organisator.ch\/wp-content\/uploads\/2023\/01\/Flexibles-Arbeiten-Keine-Anzeichen-fuer-Rueckfall-in-alte-Muster_Organisator.jpg","type":"image\/jpeg"}],"author":"thomas.berner","twitter_card":"summary_large_image","twitter_title":"Flexibles #Arbeiten: Keine Anzeichen f\u00fcr #R\u00fcckfall in alte Muster","twitter_description":"Eine #Analyse von Schweizer Stellenausschreibungen durch #XING deutet darauf hin, dass Unternehmen flexibles #Arbeiten beibehalten.","twitter_image":"https:\/\/www.organisator.ch\/wp-content\/uploads\/2023\/01\/Flexibles-Arbeiten-Keine-Anzeichen-fuer-Rueckfall-in-alte-Muster_Organisator.jpg","schema":{"@context":"https:\/\/schema.org","@graph":[{"@type":"Article","@id":"https:\/\/www.organisator.ch\/human-resources\/2023-01-06\/flexibles-arbeiten-keine-anzeichen-fuer-rueckfall-in-alte-muster\/#article","isPartOf":{"@id":"https:\/\/www.organisator.ch\/human-resources\/2023-01-06\/flexibles-arbeiten-keine-anzeichen-fuer-rueckfall-in-alte-muster\/"},"author":{"name":"thomas.berner","@id":"https:\/\/www.organisator.ch\/#\/schema\/person\/6f650f90b2842cd4c0cc334b4e36f67e"},"headline":"Flexibles Arbeiten: Keine Anzeichen f\u00fcr R\u00fcckfall in alte Muster","datePublished":"2023-01-06T07:34:15+00:00","mainEntityOfPage":{"@id":"https:\/\/www.organisator.ch\/human-resources\/2023-01-06\/flexibles-arbeiten-keine-anzeichen-fuer-rueckfall-in-alte-muster\/"},"wordCount":423,"publisher":{"@id":"https:\/\/www.organisator.ch\/#organization"},"image":{"@id":"https:\/\/www.organisator.ch\/human-resources\/2023-01-06\/flexibles-arbeiten-keine-anzeichen-fuer-rueckfall-in-alte-muster\/#primaryimage"},"thumbnailUrl":"https:\/\/www.organisator.ch\/wp-content\/uploads\/2023\/01\/Flexibles-Arbeiten-Keine-Anzeichen-fuer-Rueckfall-in-alte-Muster_Organisator.jpg","keywords":["Arbeitsmarkt","Coronavirus","New Work","Studie"],"articleSection":["HUMAN RESOURCES"],"inLanguage":"fr-FR"},{"@type":"WebPage","@id":"https:\/\/www.organisator.ch\/human-resources\/2023-01-06\/flexibles-arbeiten-keine-anzeichen-fuer-rueckfall-in-alte-muster\/","url":"https:\/\/www.organisator.ch\/human-resources\/2023-01-06\/flexibles-arbeiten-keine-anzeichen-fuer-rueckfall-in-alte-muster\/","name":"Le travail flexible : Aucun signe de retour aux anciens sch\u00e9mas - Organisateur","isPartOf":{"@id":"https:\/\/www.organisator.ch\/#website"},"primaryImageOfPage":{"@id":"https:\/\/www.organisator.ch\/human-resources\/2023-01-06\/flexibles-arbeiten-keine-anzeichen-fuer-rueckfall-in-alte-muster\/#primaryimage"},"image":{"@id":"https:\/\/www.organisator.ch\/human-resources\/2023-01-06\/flexibles-arbeiten-keine-anzeichen-fuer-rueckfall-in-alte-muster\/#primaryimage"},"thumbnailUrl":"https:\/\/www.organisator.ch\/wp-content\/uploads\/2023\/01\/Flexibles-Arbeiten-Keine-Anzeichen-fuer-Rueckfall-in-alte-Muster_Organisator.jpg","datePublished":"2023-01-06T07:34:15+00:00","description":"Une analyse des offres d'emploi suisses par XING indique que les entreprises conservent le travail flexible.","breadcrumb":{"@id":"https:\/\/www.organisator.ch\/human-resources\/2023-01-06\/flexibles-arbeiten-keine-anzeichen-fuer-rueckfall-in-alte-muster\/#breadcrumb"},"inLanguage":"fr-FR","potentialAction":[{"@type":"ReadAction","target":["https:\/\/www.organisator.ch\/human-resources\/2023-01-06\/flexibles-arbeiten-keine-anzeichen-fuer-rueckfall-in-alte-muster\/"]}]},{"@type":"ImageObject","inLanguage":"fr-FR","@id":"https:\/\/www.organisator.ch\/human-resources\/2023-01-06\/flexibles-arbeiten-keine-anzeichen-fuer-rueckfall-in-alte-muster\/#primaryimage","url":"https:\/\/www.organisator.ch\/wp-content\/uploads\/2023\/01\/Flexibles-Arbeiten-Keine-Anzeichen-fuer-Rueckfall-in-alte-Muster_Organisator.jpg","contentUrl":"https:\/\/www.organisator.ch\/wp-content\/uploads\/2023\/01\/Flexibles-Arbeiten-Keine-Anzeichen-fuer-Rueckfall-in-alte-Muster_Organisator.jpg","width":680,"height":453,"caption":"Flexibles Arbeiten ist bei Arbeitgebern auch nach der Pandemie hoch im Kurs. Es ist keine Abkehr in alte Muster zu beobachten. (Bild: Pixabay.com)"},{"@type":"BreadcrumbList","@id":"https:\/\/www.organisator.ch\/human-resources\/2023-01-06\/flexibles-arbeiten-keine-anzeichen-fuer-rueckfall-in-alte-muster\/#breadcrumb","itemListElement":[{"@type":"ListItem","position":1,"name":"Home","item":"https:\/\/www.organisator.ch\/"},{"@type":"ListItem","position":2,"name":"Flexibles Arbeiten: Keine Anzeichen f\u00fcr R\u00fcckfall in alte Muster"}]},{"@type":"WebSite","@id":"https:\/\/www.organisator.ch\/#website","url":"https:\/\/www.organisator.ch\/","name":"Organisateur","description":"Comp\u00e9tence et comp\u00e9tence. Proches de la pratique. L'ORGANISATEUR pr\u00e9pare 10 num\u00e9ros par an sur les th\u00e8mes essentiels pour les dirigeants de PME.","publisher":{"@id":"https:\/\/www.organisator.ch\/#organization"},"potentialAction":[{"@type":"SearchAction","target":{"@type":"EntryPoint","urlTemplate":"https:\/\/www.organisator.ch\/?s={search_term_string}"},"query-input":{"@type":"PropertyValueSpecification","valueRequired":true,"valueName":"search_term_string"}}],"inLanguage":"fr-FR"},{"@type":"Organization","@id":"https:\/\/www.organisator.ch\/#organization","name":"Organisateur","url":"https:\/\/www.organisator.ch\/","logo":{"@type":"ImageObject","inLanguage":"fr-FR","@id":"https:\/\/www.organisator.ch\/#\/schema\/logo\/image\/","url":"https:\/\/www.organisator.ch\/wp-content\/uploads\/2022\/01\/Logo_Organisator_Website.png","contentUrl":"https:\/\/www.organisator.ch\/wp-content\/uploads\/2022\/01\/Logo_Organisator_Website.png","width":800,"height":77,"caption":"Organisator"},"image":{"@id":"https:\/\/www.organisator.ch\/#\/schema\/logo\/image\/"},"sameAs":["https:\/\/www.facebook.com\/OrganisatorFachmagazin","https:\/\/www.linkedin.com\/showcase\/organisator-das-magazin-fr-kmu","https:\/\/www.xing.com\/news\/pages\/organisator-ch-695","https:\/\/www.youtube.com\/channel\/UCGP2Sq0iWaZwT3BdIAQFYpw"]},{"@type":"Person","@id":"https:\/\/www.organisator.ch\/#\/schema\/person\/6f650f90b2842cd4c0cc334b4e36f67e","name":"thomas.berner","image":{"@type":"ImageObject","inLanguage":"fr-FR","@id":"https:\/\/secure.gravatar.com\/avatar\/ac5001d2a36cb6c6cd3e50789007ffca834b477b74a2144564522e944eabff61?s=96&d=mm&r=g","url":"https:\/\/secure.gravatar.com\/avatar\/ac5001d2a36cb6c6cd3e50789007ffca834b477b74a2144564522e944eabff61?s=96&d=mm&r=g","contentUrl":"https:\/\/secure.gravatar.com\/avatar\/ac5001d2a36cb6c6cd3e50789007ffca834b477b74a2144564522e944eabff61?s=96&d=mm&r=g","caption":"thomas.berner"},"url":"https:\/\/www.organisator.ch\/fr\/author\/thomas-berner\/"}]}},"_links":{"self":[{"href":"https:\/\/www.organisator.ch\/fr\/wp-json\/wp\/v2\/posts\/18410","targetHints":{"allow":["GET"]}}],"collection":[{"href":"https:\/\/www.organisator.ch\/fr\/wp-json\/wp\/v2\/posts"}],"about":[{"href":"https:\/\/www.organisator.ch\/fr\/wp-json\/wp\/v2\/types\/post"}],"author":[{"embeddable":true,"href":"https:\/\/www.organisator.ch\/fr\/wp-json\/wp\/v2\/users\/4"}],"replies":[{"embeddable":true,"href":"https:\/\/www.organisator.ch\/fr\/wp-json\/wp\/v2\/comments?post=18410"}],"version-history":[{"count":1,"href":"https:\/\/www.organisator.ch\/fr\/wp-json\/wp\/v2\/posts\/18410\/revisions"}],"predecessor-version":[{"id":18412,"href":"https:\/\/www.organisator.ch\/fr\/wp-json\/wp\/v2\/posts\/18410\/revisions\/18412"}],"wp:featuredmedia":[{"embeddable":true,"href":"https:\/\/www.organisator.ch\/fr\/wp-json\/wp\/v2\/media\/18411"}],"wp:attachment":[{"href":"https:\/\/www.organisator.ch\/fr\/wp-json\/wp\/v2\/media?parent=18410"}],"wp:term":[{"taxonomy":"category","embeddable":true,"href":"https:\/\/www.organisator.ch\/fr\/wp-json\/wp\/v2\/categories?post=18410"},{"taxonomy":"post_tag","embeddable":true,"href":"https:\/\/www.organisator.ch\/fr\/wp-json\/wp\/v2\/tags?post=18410"}],"curies":[{"name":"wp","href":"https:\/\/api.w.org\/{rel}","templated":true}]}}