{"id":18416,"date":"2023-01-08T17:14:20","date_gmt":"2023-01-08T16:14:20","guid":{"rendered":"https:\/\/www.werbewoche.ch\/?p=191959"},"modified":"2024-11-19T11:02:59","modified_gmt":"2024-11-19T10:02:59","slug":"kargo-gestaltet-laenggass-tee-neu","status":"publish","type":"post","link":"https:\/\/www.organisator.ch\/fr\/marketing\/2023-01-08\/kargo-gestaltet-laenggass-tee-neu\/","title":{"rendered":"Kargo redessine le th\u00e9 L\u00e4nggass"},"content":{"rendered":"<p><img class=\"alignnone wp-image-191961 size-full\" src=\"https:\/\/www.werbewoche.ch\/wp-content\/uploads\/2023\/01\/Laenggass_Tee-Case-Selection-1-scaled.jpg\" alt=\"Th\u00e9 L\u00e4nggass\" width=\"1400\" height=\"1400\" \/>Avec la \"S\u00e9lection Grand H\u00f4tel\", la figure de proue des lignes de produits B2B de L\u00e4nggass- Tee \u00e9tait au centre de l'harmonisation et du r\u00e9am\u00e9nagement vis\u00e9s. Jusqu'\u00e0 pr\u00e9sent d'un noir sobre, les 18 vari\u00e9t\u00e9s connues notamment dans la gastronomie et l'h\u00f4tellerie refl\u00e8tent d\u00e9sormais, avec leurs nuances de couleurs respectives, la diversit\u00e9 de la culture du th\u00e9. Avec l'\"\u00c9dition Classique\" et l'\"\u00c9dition Sup\u00e9rieure\", l'assortiment s'est en outre enrichi de deux vastes lignes de revente.<\/p>\r\n<h3>Kargo avec un nouveau concept d'emballage<\/h3>\r\n<p>La diversit\u00e9 des types d'emballage a \u00e9galement augment\u00e9 avec l'assortiment. En \u00e9troite collaboration entre L\u00e4nggass-Tee et Kargo, le concept global d'emballage et les diff\u00e9rentes lignes de produits de la \"Love Brands\" bernoise ont \u00e9t\u00e9 harmonis\u00e9s et redessin\u00e9s.<\/p>\r\n<hr \/>\r\n<p><strong>Responsable chez L\u00e4nggass-Tee, Familie Lange AG : <\/strong>Katrin Lange (direction 1\u00e8re g\u00e9n\u00e9ration), Kaspar Lange (direction 2\u00e8me g\u00e9n\u00e9ration), Tina Maria Wagner (direction 2\u00e8me g\u00e9n\u00e9ration jusqu'\u00e0 l'\u00e9t\u00e9 2022), Eva Ming (projets et communication \u00e0 partir de l'\u00e9t\u00e9 2022) ; Robin Oberholzer (graphisme et production) <strong>Responsable chez Kargo Kommuni<\/strong><strong>kation LSA : <\/strong>Christoph Balsiger (direction cr\u00e9ative), Fabia Dellsperger (direction cr\u00e9ative et artistique), Roman Sterchi (conseil et direction de projet), Pasquale Herren (design graphique), Jorge Martinez (motion design et photographie).<\/p>","protected":false},"excerpt":{"rendered":"<p>Mit der \u00abS\u00e9lection Grand Hotel\u00bb stand die Galionsfigur der B2B-Produktlinien von L\u00e4nggass- Tee im Zentrum der angestrebten Harmonisierung und Neugestaltung. Bisher in schlichtem Schwarz gehalten, spiegeln die insbesondere aus Gastronomie und Hotellerie bekannten 18 Sorten, mit ihren jeweiligen Farbnuancen neu die Vielfalt der Teekultur. Mit der \u00ab\u00c9dition Classique\u00bb und der \u00ab\u00c9dition Sup\u00e9rieur\u00bb wurde das Sortiment [\u2026]<\/p>\n","protected":false},"author":8,"featured_media":0,"comment_status":"closed","ping_status":"closed","sticky":false,"template":"","format":"standard","meta":{"_acf_changed":false,"_yoast_wpseo_focuskw":"L\u00e4nggass-Tee","_yoast_wpseo_metadesc":"L\u00e4nggass-Tee harmonisiert Produktlinien und Verpackungskonzept. Neue Vielfalt in der Teekultur mit S\u00e9lection Grand Hotel.","articlekey":"","footnotes":""},"categories":[29],"tags":[3573],"class_list":["post-18416","post","type-post","status-publish","format-standard","hentry","category-marketing","tag-kargo-kommunikation"],"acf":[],"yoast_head":"<!-- This site is optimized with the Yoast SEO plugin v27.4 - https:\/\/yoast.com\/product\/yoast-seo-wordpress\/ -->\n<title>Kargo gestaltet L\u00e4nggass-Tee neu - Organisator<\/title>\n<meta name=\"description\" content=\"L\u00e4nggass-Tee harmonisiert Produktlinien und Verpackungskonzept. Neue Vielfalt in der Teekultur mit S\u00e9lection Grand Hotel.\" \/>\n<meta name=\"robots\" content=\"index, follow, max-snippet:-1, max-image-preview:large, max-video-preview:-1\" \/>\n<link rel=\"canonical\" href=\"https:\/\/www.organisator.ch\/fr\/marketing\/2023-01-08\/kargo-gestaltet-laenggass-tee-neu\/\" \/>\n<meta property=\"og:locale\" content=\"fr_FR\" \/>\n<meta property=\"og:type\" content=\"article\" \/>\n<meta property=\"og:title\" content=\"Kargo gestaltet L\u00e4nggass-Tee neu - Organisator\" \/>\n<meta property=\"og:description\" content=\"L\u00e4nggass-Tee harmonisiert Produktlinien und Verpackungskonzept. Neue Vielfalt in der Teekultur mit S\u00e9lection Grand Hotel.\" \/>\n<meta property=\"og:url\" content=\"https:\/\/www.organisator.ch\/fr\/marketing\/2023-01-08\/kargo-gestaltet-laenggass-tee-neu\/\" \/>\n<meta property=\"og:site_name\" content=\"Organisator\" \/>\n<meta property=\"article:publisher\" content=\"https:\/\/www.facebook.com\/OrganisatorFachmagazin\" \/>\n<meta property=\"article:published_time\" content=\"2023-01-08T16:14:20+00:00\" \/>\n<meta property=\"article:modified_time\" content=\"2024-11-19T10:02:59+00:00\" \/>\n<meta name=\"author\" content=\"galledia\" \/>\n<meta name=\"twitter:card\" content=\"summary_large_image\" \/>\n<meta name=\"twitter:creator\" content=\"@admin\" \/>\n<script type=\"application\/ld+json\" class=\"yoast-schema-graph\">{\"@context\":\"https:\\\/\\\/schema.org\",\"@graph\":[{\"@type\":\"Article\",\"@id\":\"https:\\\/\\\/www.organisator.ch\\\/marketing\\\/2023-01-08\\\/kargo-gestaltet-laenggass-tee-neu\\\/#article\",\"isPartOf\":{\"@id\":\"https:\\\/\\\/www.organisator.ch\\\/marketing\\\/2023-01-08\\\/kargo-gestaltet-laenggass-tee-neu\\\/\"},\"author\":{\"name\":\"galledia\",\"@id\":\"https:\\\/\\\/www.organisator.ch\\\/#\\\/schema\\\/person\\\/4e51799071cd2dd1232ac003643ef5f0\"},\"headline\":\"Kargo gestaltet L\u00e4nggass-Tee neu\",\"datePublished\":\"2023-01-08T16:14:20+00:00\",\"dateModified\":\"2024-11-19T10:02:59+00:00\",\"mainEntityOfPage\":{\"@id\":\"https:\\\/\\\/www.organisator.ch\\\/marketing\\\/2023-01-08\\\/kargo-gestaltet-laenggass-tee-neu\\\/\"},\"wordCount\":179,\"publisher\":{\"@id\":\"https:\\\/\\\/www.organisator.ch\\\/#organization\"},\"image\":{\"@id\":\"https:\\\/\\\/www.organisator.ch\\\/marketing\\\/2023-01-08\\\/kargo-gestaltet-laenggass-tee-neu\\\/#primaryimage\"},\"thumbnailUrl\":\"https:\\\/\\\/www.werbewoche.ch\\\/wp-content\\\/uploads\\\/2023\\\/01\\\/Laenggass_Tee-Case-Selection-1-scaled.jpg\",\"keywords\":[\"Kargo Kommunikation\"],\"articleSection\":[\"MARKETING\"],\"inLanguage\":\"fr-FR\"},{\"@type\":\"WebPage\",\"@id\":\"https:\\\/\\\/www.organisator.ch\\\/marketing\\\/2023-01-08\\\/kargo-gestaltet-laenggass-tee-neu\\\/\",\"url\":\"https:\\\/\\\/www.organisator.ch\\\/marketing\\\/2023-01-08\\\/kargo-gestaltet-laenggass-tee-neu\\\/\",\"name\":\"Kargo gestaltet L\u00e4nggass-Tee neu - Organisator\",\"isPartOf\":{\"@id\":\"https:\\\/\\\/www.organisator.ch\\\/#website\"},\"primaryImageOfPage\":{\"@id\":\"https:\\\/\\\/www.organisator.ch\\\/marketing\\\/2023-01-08\\\/kargo-gestaltet-laenggass-tee-neu\\\/#primaryimage\"},\"image\":{\"@id\":\"https:\\\/\\\/www.organisator.ch\\\/marketing\\\/2023-01-08\\\/kargo-gestaltet-laenggass-tee-neu\\\/#primaryimage\"},\"thumbnailUrl\":\"https:\\\/\\\/www.werbewoche.ch\\\/wp-content\\\/uploads\\\/2023\\\/01\\\/Laenggass_Tee-Case-Selection-1-scaled.jpg\",\"datePublished\":\"2023-01-08T16:14:20+00:00\",\"dateModified\":\"2024-11-19T10:02:59+00:00\",\"description\":\"L\u00e4nggass-Tee harmonisiert Produktlinien und Verpackungskonzept. Neue Vielfalt in der Teekultur mit S\u00e9lection Grand Hotel.\",\"breadcrumb\":{\"@id\":\"https:\\\/\\\/www.organisator.ch\\\/marketing\\\/2023-01-08\\\/kargo-gestaltet-laenggass-tee-neu\\\/#breadcrumb\"},\"inLanguage\":\"fr-FR\",\"potentialAction\":[{\"@type\":\"ReadAction\",\"target\":[\"https:\\\/\\\/www.organisator.ch\\\/marketing\\\/2023-01-08\\\/kargo-gestaltet-laenggass-tee-neu\\\/\"]}]},{\"@type\":\"ImageObject\",\"inLanguage\":\"fr-FR\",\"@id\":\"https:\\\/\\\/www.organisator.ch\\\/marketing\\\/2023-01-08\\\/kargo-gestaltet-laenggass-tee-neu\\\/#primaryimage\",\"url\":\"https:\\\/\\\/www.werbewoche.ch\\\/wp-content\\\/uploads\\\/2023\\\/01\\\/Laenggass_Tee-Case-Selection-1-scaled.jpg\",\"contentUrl\":\"https:\\\/\\\/www.werbewoche.ch\\\/wp-content\\\/uploads\\\/2023\\\/01\\\/Laenggass_Tee-Case-Selection-1-scaled.jpg\"},{\"@type\":\"BreadcrumbList\",\"@id\":\"https:\\\/\\\/www.organisator.ch\\\/marketing\\\/2023-01-08\\\/kargo-gestaltet-laenggass-tee-neu\\\/#breadcrumb\",\"itemListElement\":[{\"@type\":\"ListItem\",\"position\":1,\"name\":\"Home\",\"item\":\"https:\\\/\\\/www.organisator.ch\\\/\"},{\"@type\":\"ListItem\",\"position\":2,\"name\":\"Kargo gestaltet L\u00e4nggass-Tee neu\"}]},{\"@type\":\"WebSite\",\"@id\":\"https:\\\/\\\/www.organisator.ch\\\/#website\",\"url\":\"https:\\\/\\\/www.organisator.ch\\\/\",\"name\":\"Organisator\",\"description\":\"Kompetent. Praxisnah. Der ORGANISATOR bereitet in 10 Ausgaben pro Jahr die wesentlichen Themen f\u00fcr F\u00fchrungskr\u00e4fte von KMU auf.\",\"publisher\":{\"@id\":\"https:\\\/\\\/www.organisator.ch\\\/#organization\"},\"potentialAction\":[{\"@type\":\"SearchAction\",\"target\":{\"@type\":\"EntryPoint\",\"urlTemplate\":\"https:\\\/\\\/www.organisator.ch\\\/?s={search_term_string}\"},\"query-input\":{\"@type\":\"PropertyValueSpecification\",\"valueRequired\":true,\"valueName\":\"search_term_string\"}}],\"inLanguage\":\"fr-FR\"},{\"@type\":\"Organization\",\"@id\":\"https:\\\/\\\/www.organisator.ch\\\/#organization\",\"name\":\"Organisator\",\"url\":\"https:\\\/\\\/www.organisator.ch\\\/\",\"logo\":{\"@type\":\"ImageObject\",\"inLanguage\":\"fr-FR\",\"@id\":\"https:\\\/\\\/www.organisator.ch\\\/#\\\/schema\\\/logo\\\/image\\\/\",\"url\":\"https:\\\/\\\/www.organisator.ch\\\/wp-content\\\/uploads\\\/2022\\\/01\\\/Logo_Organisator_Website.png\",\"contentUrl\":\"https:\\\/\\\/www.organisator.ch\\\/wp-content\\\/uploads\\\/2022\\\/01\\\/Logo_Organisator_Website.png\",\"width\":800,\"height\":77,\"caption\":\"Organisator\"},\"image\":{\"@id\":\"https:\\\/\\\/www.organisator.ch\\\/#\\\/schema\\\/logo\\\/image\\\/\"},\"sameAs\":[\"https:\\\/\\\/www.facebook.com\\\/OrganisatorFachmagazin\",\"https:\\\/\\\/www.linkedin.com\\\/showcase\\\/organisator-das-magazin-fr-kmu\",\"https:\\\/\\\/www.xing.com\\\/news\\\/pages\\\/organisator-ch-695\",\"https:\\\/\\\/www.youtube.com\\\/channel\\\/UCGP2Sq0iWaZwT3BdIAQFYpw\"]},{\"@type\":\"Person\",\"@id\":\"https:\\\/\\\/www.organisator.ch\\\/#\\\/schema\\\/person\\\/4e51799071cd2dd1232ac003643ef5f0\",\"name\":\"galledia\",\"image\":{\"@type\":\"ImageObject\",\"inLanguage\":\"fr-FR\",\"@id\":\"https:\\\/\\\/secure.gravatar.com\\\/avatar\\\/78a7f90c01fc2bfc875782a0d4922b37cde2cf184ce347b91316d23cd7f69a36?s=96&d=mm&r=g\",\"url\":\"https:\\\/\\\/secure.gravatar.com\\\/avatar\\\/78a7f90c01fc2bfc875782a0d4922b37cde2cf184ce347b91316d23cd7f69a36?s=96&d=mm&r=g\",\"contentUrl\":\"https:\\\/\\\/secure.gravatar.com\\\/avatar\\\/78a7f90c01fc2bfc875782a0d4922b37cde2cf184ce347b91316d23cd7f69a36?s=96&d=mm&r=g\",\"caption\":\"galledia\"},\"sameAs\":[\"https:\\\/\\\/x.com\\\/admin\"],\"url\":\"https:\\\/\\\/www.organisator.ch\\\/fr\\\/author\\\/galledia\\\/\"}]}<\/script>\n<!-- \/ Yoast SEO plugin. -->","yoast_head_json":{"title":"Kargo redessine le th\u00e9 de L\u00e4nggass - Organisateur","description":"Le th\u00e9 L\u00e4nggass harmonise ses lignes de produits et son concept d'emballage. Nouvelle diversit\u00e9 dans la culture du th\u00e9 avec S\u00e9lection Grand Hotel.","robots":{"index":"index","follow":"follow","max-snippet":"max-snippet:-1","max-image-preview":"max-image-preview:large","max-video-preview":"max-video-preview:-1"},"canonical":"https:\/\/www.organisator.ch\/fr\/marketing\/2023-01-08\/kargo-gestaltet-laenggass-tee-neu\/","og_locale":"fr_FR","og_type":"article","og_title":"Kargo gestaltet L\u00e4nggass-Tee neu - Organisator","og_description":"L\u00e4nggass-Tee harmonisiert Produktlinien und Verpackungskonzept. Neue Vielfalt in der Teekultur mit S\u00e9lection Grand Hotel.","og_url":"https:\/\/www.organisator.ch\/fr\/marketing\/2023-01-08\/kargo-gestaltet-laenggass-tee-neu\/","og_site_name":"Organisator","article_publisher":"https:\/\/www.facebook.com\/OrganisatorFachmagazin","article_published_time":"2023-01-08T16:14:20+00:00","article_modified_time":"2024-11-19T10:02:59+00:00","author":"galledia","twitter_card":"summary_large_image","twitter_creator":"@admin","schema":{"@context":"https:\/\/schema.org","@graph":[{"@type":"Article","@id":"https:\/\/www.organisator.ch\/marketing\/2023-01-08\/kargo-gestaltet-laenggass-tee-neu\/#article","isPartOf":{"@id":"https:\/\/www.organisator.ch\/marketing\/2023-01-08\/kargo-gestaltet-laenggass-tee-neu\/"},"author":{"name":"galledia","@id":"https:\/\/www.organisator.ch\/#\/schema\/person\/4e51799071cd2dd1232ac003643ef5f0"},"headline":"Kargo gestaltet L\u00e4nggass-Tee neu","datePublished":"2023-01-08T16:14:20+00:00","dateModified":"2024-11-19T10:02:59+00:00","mainEntityOfPage":{"@id":"https:\/\/www.organisator.ch\/marketing\/2023-01-08\/kargo-gestaltet-laenggass-tee-neu\/"},"wordCount":179,"publisher":{"@id":"https:\/\/www.organisator.ch\/#organization"},"image":{"@id":"https:\/\/www.organisator.ch\/marketing\/2023-01-08\/kargo-gestaltet-laenggass-tee-neu\/#primaryimage"},"thumbnailUrl":"https:\/\/www.werbewoche.ch\/wp-content\/uploads\/2023\/01\/Laenggass_Tee-Case-Selection-1-scaled.jpg","keywords":["Kargo Kommunikation"],"articleSection":["MARKETING"],"inLanguage":"fr-FR"},{"@type":"WebPage","@id":"https:\/\/www.organisator.ch\/marketing\/2023-01-08\/kargo-gestaltet-laenggass-tee-neu\/","url":"https:\/\/www.organisator.ch\/marketing\/2023-01-08\/kargo-gestaltet-laenggass-tee-neu\/","name":"Kargo redessine le th\u00e9 de L\u00e4nggass - Organisateur","isPartOf":{"@id":"https:\/\/www.organisator.ch\/#website"},"primaryImageOfPage":{"@id":"https:\/\/www.organisator.ch\/marketing\/2023-01-08\/kargo-gestaltet-laenggass-tee-neu\/#primaryimage"},"image":{"@id":"https:\/\/www.organisator.ch\/marketing\/2023-01-08\/kargo-gestaltet-laenggass-tee-neu\/#primaryimage"},"thumbnailUrl":"https:\/\/www.werbewoche.ch\/wp-content\/uploads\/2023\/01\/Laenggass_Tee-Case-Selection-1-scaled.jpg","datePublished":"2023-01-08T16:14:20+00:00","dateModified":"2024-11-19T10:02:59+00:00","description":"Le th\u00e9 L\u00e4nggass harmonise ses lignes de produits et son concept d'emballage. Nouvelle diversit\u00e9 dans la culture du th\u00e9 avec S\u00e9lection Grand Hotel.","breadcrumb":{"@id":"https:\/\/www.organisator.ch\/marketing\/2023-01-08\/kargo-gestaltet-laenggass-tee-neu\/#breadcrumb"},"inLanguage":"fr-FR","potentialAction":[{"@type":"ReadAction","target":["https:\/\/www.organisator.ch\/marketing\/2023-01-08\/kargo-gestaltet-laenggass-tee-neu\/"]}]},{"@type":"ImageObject","inLanguage":"fr-FR","@id":"https:\/\/www.organisator.ch\/marketing\/2023-01-08\/kargo-gestaltet-laenggass-tee-neu\/#primaryimage","url":"https:\/\/www.werbewoche.ch\/wp-content\/uploads\/2023\/01\/Laenggass_Tee-Case-Selection-1-scaled.jpg","contentUrl":"https:\/\/www.werbewoche.ch\/wp-content\/uploads\/2023\/01\/Laenggass_Tee-Case-Selection-1-scaled.jpg"},{"@type":"BreadcrumbList","@id":"https:\/\/www.organisator.ch\/marketing\/2023-01-08\/kargo-gestaltet-laenggass-tee-neu\/#breadcrumb","itemListElement":[{"@type":"ListItem","position":1,"name":"Home","item":"https:\/\/www.organisator.ch\/"},{"@type":"ListItem","position":2,"name":"Kargo gestaltet L\u00e4nggass-Tee neu"}]},{"@type":"WebSite","@id":"https:\/\/www.organisator.ch\/#website","url":"https:\/\/www.organisator.ch\/","name":"Organisateur","description":"Comp\u00e9tence et comp\u00e9tence. Proches de la pratique. L'ORGANISATEUR pr\u00e9pare 10 num\u00e9ros par an sur les th\u00e8mes essentiels pour les dirigeants de PME.","publisher":{"@id":"https:\/\/www.organisator.ch\/#organization"},"potentialAction":[{"@type":"SearchAction","target":{"@type":"EntryPoint","urlTemplate":"https:\/\/www.organisator.ch\/?s={search_term_string}"},"query-input":{"@type":"PropertyValueSpecification","valueRequired":true,"valueName":"search_term_string"}}],"inLanguage":"fr-FR"},{"@type":"Organization","@id":"https:\/\/www.organisator.ch\/#organization","name":"Organisateur","url":"https:\/\/www.organisator.ch\/","logo":{"@type":"ImageObject","inLanguage":"fr-FR","@id":"https:\/\/www.organisator.ch\/#\/schema\/logo\/image\/","url":"https:\/\/www.organisator.ch\/wp-content\/uploads\/2022\/01\/Logo_Organisator_Website.png","contentUrl":"https:\/\/www.organisator.ch\/wp-content\/uploads\/2022\/01\/Logo_Organisator_Website.png","width":800,"height":77,"caption":"Organisator"},"image":{"@id":"https:\/\/www.organisator.ch\/#\/schema\/logo\/image\/"},"sameAs":["https:\/\/www.facebook.com\/OrganisatorFachmagazin","https:\/\/www.linkedin.com\/showcase\/organisator-das-magazin-fr-kmu","https:\/\/www.xing.com\/news\/pages\/organisator-ch-695","https:\/\/www.youtube.com\/channel\/UCGP2Sq0iWaZwT3BdIAQFYpw"]},{"@type":"Person","@id":"https:\/\/www.organisator.ch\/#\/schema\/person\/4e51799071cd2dd1232ac003643ef5f0","name":"galledia","image":{"@type":"ImageObject","inLanguage":"fr-FR","@id":"https:\/\/secure.gravatar.com\/avatar\/78a7f90c01fc2bfc875782a0d4922b37cde2cf184ce347b91316d23cd7f69a36?s=96&d=mm&r=g","url":"https:\/\/secure.gravatar.com\/avatar\/78a7f90c01fc2bfc875782a0d4922b37cde2cf184ce347b91316d23cd7f69a36?s=96&d=mm&r=g","contentUrl":"https:\/\/secure.gravatar.com\/avatar\/78a7f90c01fc2bfc875782a0d4922b37cde2cf184ce347b91316d23cd7f69a36?s=96&d=mm&r=g","caption":"galledia"},"sameAs":["https:\/\/x.com\/admin"],"url":"https:\/\/www.organisator.ch\/fr\/author\/galledia\/"}]}},"_links":{"self":[{"href":"https:\/\/www.organisator.ch\/fr\/wp-json\/wp\/v2\/posts\/18416","targetHints":{"allow":["GET"]}}],"collection":[{"href":"https:\/\/www.organisator.ch\/fr\/wp-json\/wp\/v2\/posts"}],"about":[{"href":"https:\/\/www.organisator.ch\/fr\/wp-json\/wp\/v2\/types\/post"}],"author":[{"embeddable":true,"href":"https:\/\/www.organisator.ch\/fr\/wp-json\/wp\/v2\/users\/8"}],"replies":[{"embeddable":true,"href":"https:\/\/www.organisator.ch\/fr\/wp-json\/wp\/v2\/comments?post=18416"}],"version-history":[{"count":4,"href":"https:\/\/www.organisator.ch\/fr\/wp-json\/wp\/v2\/posts\/18416\/revisions"}],"predecessor-version":[{"id":33474,"href":"https:\/\/www.organisator.ch\/fr\/wp-json\/wp\/v2\/posts\/18416\/revisions\/33474"}],"wp:attachment":[{"href":"https:\/\/www.organisator.ch\/fr\/wp-json\/wp\/v2\/media?parent=18416"}],"wp:term":[{"taxonomy":"category","embeddable":true,"href":"https:\/\/www.organisator.ch\/fr\/wp-json\/wp\/v2\/categories?post=18416"},{"taxonomy":"post_tag","embeddable":true,"href":"https:\/\/www.organisator.ch\/fr\/wp-json\/wp\/v2\/tags?post=18416"}],"curies":[{"name":"wp","href":"https:\/\/api.w.org\/{rel}","templated":true}]}}