{"id":18458,"date":"2023-01-11T08:40:30","date_gmt":"2023-01-11T07:40:30","guid":{"rendered":"https:\/\/www.organisator.ch\/?p=18458"},"modified":"2023-01-11T08:40:30","modified_gmt":"2023-01-11T07:40:30","slug":"nachfolgeregelung-neuer-verwaltungsratspraesident-bei-continuum-ag","status":"publish","type":"post","link":"https:\/\/www.organisator.ch\/fr\/management\/2023-01-11\/nachfolgeregelung-neuer-verwaltungsratspraesident-bei-continuum-ag\/","title":{"rendered":"R\u00e8glement de la succession : nouveau pr\u00e9sident du conseil d'administration de Continuum AG"},"content":{"rendered":"<figure id=\"attachment_18459\" aria-describedby=\"caption-attachment-18459\" style=\"width: 680px\" class=\"wp-caption alignnone\"><img loading=\"lazy\" decoding=\"async\" class=\"size-full wp-image-18459\" src=\"https:\/\/www.organisator.ch\/wp-content\/uploads\/2023\/01\/Nachfolgeregelung-Neuer-Verwaltungsratspraesident-bei-Continuum-AG_Organisator.jpg\" alt=\"\" width=\"680\" height=\"538\" srcset=\"https:\/\/www.organisator.ch\/wp-content\/uploads\/2023\/01\/Nachfolgeregelung-Neuer-Verwaltungsratspraesident-bei-Continuum-AG_Organisator.jpg 680w, https:\/\/www.organisator.ch\/wp-content\/uploads\/2023\/01\/Nachfolgeregelung-Neuer-Verwaltungsratspraesident-bei-Continuum-AG_Organisator-15x12.jpg 15w, https:\/\/www.organisator.ch\/wp-content\/uploads\/2023\/01\/Nachfolgeregelung-Neuer-Verwaltungsratspraesident-bei-Continuum-AG_Organisator-375x297.jpg 375w, https:\/\/www.organisator.ch\/wp-content\/uploads\/2023\/01\/Nachfolgeregelung-Neuer-Verwaltungsratspraesident-bei-Continuum-AG_Organisator-442x350.jpg 442w\" sizes=\"auto, (max-width: 680px) 100vw, 680px\" \/><figcaption id=\"caption-attachment-18459\" class=\"wp-caption-text\">Nouveau pr\u00e9sident du conseil d'administration de Continuum AG : Hanspeter Th\u00fcr. (Photo : zVg \/ Continuum AG)<\/figcaption><\/figure>\n<p>Continuum AG f\u00eate justement cette ann\u00e9e son 20e anniversaire. Fond\u00e9e \u00e0 l'origine \u00e0 Zurich, l'entreprise s'est d\u00e9velopp\u00e9e \u00e0 Saint-Gall avec l'arriv\u00e9e de Rolf Brunner en tant qu'associ\u00e9 g\u00e9rant. Aujourd'hui, Saint-Gall est le site principal et l'entreprise compte neuf partenaires et collaborateurs. Avec le changement de pr\u00e9sidence du conseil d'administration, l'entreprise entame le r\u00e8glement de la succession, Rolf Brunner c\u00e9dant l'une de ses fonctions. Il reste - aux c\u00f4t\u00e9s de Stefan Schneider et de Yannick Brunner - membre du conseil d'administration et partenaire sur le site de Saint-Gall.<\/p>\n<p>Rolf Brunner se r\u00e9jouit de ce renforcement au sein du conseil d'administration : \"L'\u00e9lection de Hanspeter Th\u00fcr comme nouveau pr\u00e9sident du conseil d'administration constitue une premi\u00e8re \u00e9tape dans le r\u00e8glement cibl\u00e9 de la succession au sein de l'entreprise. En outre, il compl\u00e8te de mani\u00e8re id\u00e9ale la r\u00e9flexion strat\u00e9gique de Continuum\". De son c\u00f4t\u00e9, Hanspeter Th\u00fcr souligne : \"Assurer l'avenir, nous ne le faisons pas seulement pour nos clients dans le cadre de r\u00e8glements de successions, mais aussi pour Continuum elle-m\u00eame. Je me r\u00e9jouis d'y contribuer en tant que nouveau pr\u00e9sident du conseil d'administration\".<\/p>\n<p>Hanspeter Th\u00fcr a \u00e9t\u00e9 responsable de la client\u00e8le priv\u00e9e \u00e0 l'UBS r\u00e9gion Suisse orientale de 2015 \u00e0 2021 et, depuis 2017, directeur r\u00e9gional charg\u00e9 de la pr\u00e9sence d'UBS sur le march\u00e9 en Suisse orientale (450 collaborateurs), du d\u00e9veloppement des affaires et de la client\u00e8le \u00e0 travers les segments, de la gestion des risques et du d\u00e9veloppement du personnel. Depuis 2015, il est \u00e9galement membre du conseil de l'OST - Ostschweizer Fachhochschule, et depuis 2022, membre du conseil d'administration de dhp technology AG \u00e0 Zizers.<\/p>\n<p><em>Source : <a href=\"http:\/\/www.continuum.ch\">Continuum AG<\/a><\/em><\/p>","protected":false},"excerpt":{"rendered":"<p>Die Continuum AG feiert just in diesem Jahr ihr 20-Jahr-Jubil\u00e4um. Urspr\u00fcnglich in Z\u00fcrich gegr\u00fcndet, erfolgte mit dem Eintritt von Rolf Brunner als gesch\u00e4ftsf\u00fchrendem Partner die Expansion nach St.Gallen. Inzwischen ist St.Gallen Hauptstandort, und es geh\u00f6ren neun Partner\/-innen und Mitarbeitende zum Unternehmen. Mit dem Wechsel im VR-Pr\u00e4sidium leitet das Unternehmen die Regelung der Nachfolge ein, indem [&hellip;]<\/p>\n","protected":false},"author":4,"featured_media":18459,"comment_status":"closed","ping_status":"closed","sticky":false,"template":"","format":"standard","meta":{"_acf_changed":false,"_yoast_wpseo_focuskw":"Verwaltungsratspr\u00e4sident","_yoast_wpseo_metadesc":"Hanspeter Th\u00fcr, ehemaliger Regionaldirektor der UBS Ostschweiz, ist neuer Verwaltungsratspr\u00e4sident der Continuum AG. Er l\u00f6st Rolf Brunner ab.","articlekey":"","footnotes":""},"categories":[28],"tags":[335,357,2471],"class_list":["post-18458","post","type-post","status-publish","format-standard","has-post-thumbnail","hentry","category-management","tag-management-und-unternehmensfuehrung","tag-nachfolgeregelung","tag-verwaltungsrat"],"acf":[],"yoast_head":"<!-- This site is optimized with the Yoast SEO plugin v27.5 - https:\/\/yoast.com\/product\/yoast-seo-wordpress\/ -->\n<title>Nachfolgeregelung: Neuer Verwaltungsratspr\u00e4sident bei Continuum AG - Organisator<\/title>\n<meta name=\"description\" content=\"Hanspeter Th\u00fcr, ehemaliger Regionaldirektor der UBS Ostschweiz, ist neuer Verwaltungsratspr\u00e4sident der Continuum AG. Er l\u00f6st Rolf Brunner ab.\" \/>\n<meta name=\"robots\" content=\"index, follow, max-snippet:-1, max-image-preview:large, max-video-preview:-1\" \/>\n<link rel=\"canonical\" href=\"https:\/\/www.organisator.ch\/fr\/gestion-2\/2023-01-11\/nachfolgeregelung-neuer-verwaltungsratspraesident-bei-continuum-ag\/\" \/>\n<meta property=\"og:locale\" content=\"fr_FR\" \/>\n<meta property=\"og:type\" content=\"article\" \/>\n<meta property=\"og:title\" content=\"Nachfolgeregelung: Neuer Verwaltungsratspr\u00e4sident bei Continuum AG\" \/>\n<meta property=\"og:description\" content=\"Hanspeter Th\u00fcr, ehemaliger Regionaldirektor der UBS Ostschweiz, ist neuer Verwaltungsratspr\u00e4sident der Continuum AG. Er l\u00f6st Rolf Brunner ab.\" \/>\n<meta property=\"og:url\" content=\"https:\/\/www.organisator.ch\/fr\/gestion-2\/2023-01-11\/nachfolgeregelung-neuer-verwaltungsratspraesident-bei-continuum-ag\/\" \/>\n<meta property=\"og:site_name\" content=\"Organisator\" \/>\n<meta property=\"article:publisher\" content=\"https:\/\/www.facebook.com\/OrganisatorFachmagazin\" \/>\n<meta property=\"article:published_time\" content=\"2023-01-11T07:40:30+00:00\" \/>\n<meta property=\"og:image\" content=\"https:\/\/www.organisator.ch\/wp-content\/uploads\/2023\/01\/Nachfolgeregelung-Neuer-Verwaltungsratspraesident-bei-Continuum-AG_Organisator.jpg\" \/>\n\t<meta property=\"og:image:width\" content=\"680\" \/>\n\t<meta property=\"og:image:height\" content=\"538\" \/>\n\t<meta property=\"og:image:type\" content=\"image\/jpeg\" \/>\n<meta name=\"author\" content=\"thomas.berner\" \/>\n<meta name=\"twitter:card\" content=\"summary_large_image\" \/>\n<meta name=\"twitter:title\" content=\"#Nachfolgeregelung: Neuer #Verwaltungsratspr\u00e4sident bei #Continuum AG\" \/>\n<meta name=\"twitter:description\" content=\"Hanspeter Th\u00fcr, ehemaliger #Regionaldirektor der UBS Ostschweiz, ist neuer #Verwaltungsratspr\u00e4sident der #Continuum AG. Er l\u00f6st Rolf Brunner ab.\" \/>\n<meta name=\"twitter:image\" content=\"https:\/\/www.organisator.ch\/wp-content\/uploads\/2023\/01\/Nachfolgeregelung-Neuer-Verwaltungsratspraesident-bei-Continuum-AG_Organisator.jpg\" \/>\n<script type=\"application\/ld+json\" class=\"yoast-schema-graph\">{\"@context\":\"https:\\\/\\\/schema.org\",\"@graph\":[{\"@type\":\"Article\",\"@id\":\"https:\\\/\\\/www.organisator.ch\\\/management\\\/2023-01-11\\\/nachfolgeregelung-neuer-verwaltungsratspraesident-bei-continuum-ag\\\/#article\",\"isPartOf\":{\"@id\":\"https:\\\/\\\/www.organisator.ch\\\/management\\\/2023-01-11\\\/nachfolgeregelung-neuer-verwaltungsratspraesident-bei-continuum-ag\\\/\"},\"author\":{\"name\":\"thomas.berner\",\"@id\":\"https:\\\/\\\/www.organisator.ch\\\/#\\\/schema\\\/person\\\/6f650f90b2842cd4c0cc334b4e36f67e\"},\"headline\":\"Nachfolgeregelung: Neuer Verwaltungsratspr\u00e4sident bei Continuum AG\",\"datePublished\":\"2023-01-11T07:40:30+00:00\",\"mainEntityOfPage\":{\"@id\":\"https:\\\/\\\/www.organisator.ch\\\/management\\\/2023-01-11\\\/nachfolgeregelung-neuer-verwaltungsratspraesident-bei-continuum-ag\\\/\"},\"wordCount\":266,\"publisher\":{\"@id\":\"https:\\\/\\\/www.organisator.ch\\\/#organization\"},\"image\":{\"@id\":\"https:\\\/\\\/www.organisator.ch\\\/management\\\/2023-01-11\\\/nachfolgeregelung-neuer-verwaltungsratspraesident-bei-continuum-ag\\\/#primaryimage\"},\"thumbnailUrl\":\"https:\\\/\\\/www.organisator.ch\\\/wp-content\\\/uploads\\\/2023\\\/01\\\/Nachfolgeregelung-Neuer-Verwaltungsratspraesident-bei-Continuum-AG_Organisator.jpg\",\"keywords\":[\"Management und Unternehmensf\u00fchrung\",\"Nachfolgeregelung\",\"Verwaltungsrat\"],\"articleSection\":[\"MANAGEMENT\"],\"inLanguage\":\"fr-FR\"},{\"@type\":\"WebPage\",\"@id\":\"https:\\\/\\\/www.organisator.ch\\\/management\\\/2023-01-11\\\/nachfolgeregelung-neuer-verwaltungsratspraesident-bei-continuum-ag\\\/\",\"url\":\"https:\\\/\\\/www.organisator.ch\\\/management\\\/2023-01-11\\\/nachfolgeregelung-neuer-verwaltungsratspraesident-bei-continuum-ag\\\/\",\"name\":\"Nachfolgeregelung: Neuer Verwaltungsratspr\u00e4sident bei Continuum AG - Organisator\",\"isPartOf\":{\"@id\":\"https:\\\/\\\/www.organisator.ch\\\/#website\"},\"primaryImageOfPage\":{\"@id\":\"https:\\\/\\\/www.organisator.ch\\\/management\\\/2023-01-11\\\/nachfolgeregelung-neuer-verwaltungsratspraesident-bei-continuum-ag\\\/#primaryimage\"},\"image\":{\"@id\":\"https:\\\/\\\/www.organisator.ch\\\/management\\\/2023-01-11\\\/nachfolgeregelung-neuer-verwaltungsratspraesident-bei-continuum-ag\\\/#primaryimage\"},\"thumbnailUrl\":\"https:\\\/\\\/www.organisator.ch\\\/wp-content\\\/uploads\\\/2023\\\/01\\\/Nachfolgeregelung-Neuer-Verwaltungsratspraesident-bei-Continuum-AG_Organisator.jpg\",\"datePublished\":\"2023-01-11T07:40:30+00:00\",\"description\":\"Hanspeter Th\u00fcr, ehemaliger Regionaldirektor der UBS Ostschweiz, ist neuer Verwaltungsratspr\u00e4sident der Continuum AG. Er l\u00f6st Rolf Brunner ab.\",\"breadcrumb\":{\"@id\":\"https:\\\/\\\/www.organisator.ch\\\/management\\\/2023-01-11\\\/nachfolgeregelung-neuer-verwaltungsratspraesident-bei-continuum-ag\\\/#breadcrumb\"},\"inLanguage\":\"fr-FR\",\"potentialAction\":[{\"@type\":\"ReadAction\",\"target\":[\"https:\\\/\\\/www.organisator.ch\\\/management\\\/2023-01-11\\\/nachfolgeregelung-neuer-verwaltungsratspraesident-bei-continuum-ag\\\/\"]}]},{\"@type\":\"ImageObject\",\"inLanguage\":\"fr-FR\",\"@id\":\"https:\\\/\\\/www.organisator.ch\\\/management\\\/2023-01-11\\\/nachfolgeregelung-neuer-verwaltungsratspraesident-bei-continuum-ag\\\/#primaryimage\",\"url\":\"https:\\\/\\\/www.organisator.ch\\\/wp-content\\\/uploads\\\/2023\\\/01\\\/Nachfolgeregelung-Neuer-Verwaltungsratspraesident-bei-Continuum-AG_Organisator.jpg\",\"contentUrl\":\"https:\\\/\\\/www.organisator.ch\\\/wp-content\\\/uploads\\\/2023\\\/01\\\/Nachfolgeregelung-Neuer-Verwaltungsratspraesident-bei-Continuum-AG_Organisator.jpg\",\"width\":680,\"height\":538,\"caption\":\"Neuer Verwaltungsratspr\u00e4sident bei Continuum AG: Hanspeter Th\u00fcr. (Bild: zVg \\\/ Continuum AG)\"},{\"@type\":\"BreadcrumbList\",\"@id\":\"https:\\\/\\\/www.organisator.ch\\\/management\\\/2023-01-11\\\/nachfolgeregelung-neuer-verwaltungsratspraesident-bei-continuum-ag\\\/#breadcrumb\",\"itemListElement\":[{\"@type\":\"ListItem\",\"position\":1,\"name\":\"Home\",\"item\":\"https:\\\/\\\/www.organisator.ch\\\/\"},{\"@type\":\"ListItem\",\"position\":2,\"name\":\"Nachfolgeregelung: Neuer Verwaltungsratspr\u00e4sident bei Continuum AG\"}]},{\"@type\":\"WebSite\",\"@id\":\"https:\\\/\\\/www.organisator.ch\\\/#website\",\"url\":\"https:\\\/\\\/www.organisator.ch\\\/\",\"name\":\"Organisator\",\"description\":\"Kompetent. Praxisnah. Der ORGANISATOR bereitet in 10 Ausgaben pro Jahr die wesentlichen Themen f\u00fcr F\u00fchrungskr\u00e4fte von KMU auf.\",\"publisher\":{\"@id\":\"https:\\\/\\\/www.organisator.ch\\\/#organization\"},\"potentialAction\":[{\"@type\":\"SearchAction\",\"target\":{\"@type\":\"EntryPoint\",\"urlTemplate\":\"https:\\\/\\\/www.organisator.ch\\\/?s={search_term_string}\"},\"query-input\":{\"@type\":\"PropertyValueSpecification\",\"valueRequired\":true,\"valueName\":\"search_term_string\"}}],\"inLanguage\":\"fr-FR\"},{\"@type\":\"Organization\",\"@id\":\"https:\\\/\\\/www.organisator.ch\\\/#organization\",\"name\":\"Organisator\",\"url\":\"https:\\\/\\\/www.organisator.ch\\\/\",\"logo\":{\"@type\":\"ImageObject\",\"inLanguage\":\"fr-FR\",\"@id\":\"https:\\\/\\\/www.organisator.ch\\\/#\\\/schema\\\/logo\\\/image\\\/\",\"url\":\"https:\\\/\\\/www.organisator.ch\\\/wp-content\\\/uploads\\\/2022\\\/01\\\/Logo_Organisator_Website.png\",\"contentUrl\":\"https:\\\/\\\/www.organisator.ch\\\/wp-content\\\/uploads\\\/2022\\\/01\\\/Logo_Organisator_Website.png\",\"width\":800,\"height\":77,\"caption\":\"Organisator\"},\"image\":{\"@id\":\"https:\\\/\\\/www.organisator.ch\\\/#\\\/schema\\\/logo\\\/image\\\/\"},\"sameAs\":[\"https:\\\/\\\/www.facebook.com\\\/OrganisatorFachmagazin\",\"https:\\\/\\\/www.linkedin.com\\\/showcase\\\/organisator-das-magazin-fr-kmu\",\"https:\\\/\\\/www.xing.com\\\/news\\\/pages\\\/organisator-ch-695\",\"https:\\\/\\\/www.youtube.com\\\/channel\\\/UCGP2Sq0iWaZwT3BdIAQFYpw\"]},{\"@type\":\"Person\",\"@id\":\"https:\\\/\\\/www.organisator.ch\\\/#\\\/schema\\\/person\\\/6f650f90b2842cd4c0cc334b4e36f67e\",\"name\":\"thomas.berner\",\"image\":{\"@type\":\"ImageObject\",\"inLanguage\":\"fr-FR\",\"@id\":\"https:\\\/\\\/secure.gravatar.com\\\/avatar\\\/ac5001d2a36cb6c6cd3e50789007ffca834b477b74a2144564522e944eabff61?s=96&d=mm&r=g\",\"url\":\"https:\\\/\\\/secure.gravatar.com\\\/avatar\\\/ac5001d2a36cb6c6cd3e50789007ffca834b477b74a2144564522e944eabff61?s=96&d=mm&r=g\",\"contentUrl\":\"https:\\\/\\\/secure.gravatar.com\\\/avatar\\\/ac5001d2a36cb6c6cd3e50789007ffca834b477b74a2144564522e944eabff61?s=96&d=mm&r=g\",\"caption\":\"thomas.berner\"},\"url\":\"https:\\\/\\\/www.organisator.ch\\\/fr\\\/author\\\/thomas-berner\\\/\"}]}<\/script>\n<!-- \/ Yoast SEO plugin. -->","yoast_head_json":{"title":"Succession : nouveau pr\u00e9sident du conseil d'administration de Continuum AG - Organisateur","description":"Hanspeter Th\u00fcr, ancien directeur r\u00e9gional d'UBS Suisse orientale, est le nouveau pr\u00e9sident du conseil d'administration de Continuum AG. Il remplace Rolf Brunner.","robots":{"index":"index","follow":"follow","max-snippet":"max-snippet:-1","max-image-preview":"max-image-preview:large","max-video-preview":"max-video-preview:-1"},"canonical":"https:\/\/www.organisator.ch\/fr\/gestion-2\/2023-01-11\/nachfolgeregelung-neuer-verwaltungsratspraesident-bei-continuum-ag\/","og_locale":"fr_FR","og_type":"article","og_title":"Nachfolgeregelung: Neuer Verwaltungsratspr\u00e4sident bei Continuum AG","og_description":"Hanspeter Th\u00fcr, ehemaliger Regionaldirektor der UBS Ostschweiz, ist neuer Verwaltungsratspr\u00e4sident der Continuum AG. Er l\u00f6st Rolf Brunner ab.","og_url":"https:\/\/www.organisator.ch\/fr\/gestion-2\/2023-01-11\/nachfolgeregelung-neuer-verwaltungsratspraesident-bei-continuum-ag\/","og_site_name":"Organisator","article_publisher":"https:\/\/www.facebook.com\/OrganisatorFachmagazin","article_published_time":"2023-01-11T07:40:30+00:00","og_image":[{"width":680,"height":538,"url":"https:\/\/www.organisator.ch\/wp-content\/uploads\/2023\/01\/Nachfolgeregelung-Neuer-Verwaltungsratspraesident-bei-Continuum-AG_Organisator.jpg","type":"image\/jpeg"}],"author":"thomas.berner","twitter_card":"summary_large_image","twitter_title":"#Nachfolgeregelung: Neuer #Verwaltungsratspr\u00e4sident bei #Continuum AG","twitter_description":"Hanspeter Th\u00fcr, ehemaliger #Regionaldirektor der UBS Ostschweiz, ist neuer #Verwaltungsratspr\u00e4sident der #Continuum AG. Er l\u00f6st Rolf Brunner ab.","twitter_image":"https:\/\/www.organisator.ch\/wp-content\/uploads\/2023\/01\/Nachfolgeregelung-Neuer-Verwaltungsratspraesident-bei-Continuum-AG_Organisator.jpg","schema":{"@context":"https:\/\/schema.org","@graph":[{"@type":"Article","@id":"https:\/\/www.organisator.ch\/management\/2023-01-11\/nachfolgeregelung-neuer-verwaltungsratspraesident-bei-continuum-ag\/#article","isPartOf":{"@id":"https:\/\/www.organisator.ch\/management\/2023-01-11\/nachfolgeregelung-neuer-verwaltungsratspraesident-bei-continuum-ag\/"},"author":{"name":"thomas.berner","@id":"https:\/\/www.organisator.ch\/#\/schema\/person\/6f650f90b2842cd4c0cc334b4e36f67e"},"headline":"Nachfolgeregelung: Neuer Verwaltungsratspr\u00e4sident bei Continuum AG","datePublished":"2023-01-11T07:40:30+00:00","mainEntityOfPage":{"@id":"https:\/\/www.organisator.ch\/management\/2023-01-11\/nachfolgeregelung-neuer-verwaltungsratspraesident-bei-continuum-ag\/"},"wordCount":266,"publisher":{"@id":"https:\/\/www.organisator.ch\/#organization"},"image":{"@id":"https:\/\/www.organisator.ch\/management\/2023-01-11\/nachfolgeregelung-neuer-verwaltungsratspraesident-bei-continuum-ag\/#primaryimage"},"thumbnailUrl":"https:\/\/www.organisator.ch\/wp-content\/uploads\/2023\/01\/Nachfolgeregelung-Neuer-Verwaltungsratspraesident-bei-Continuum-AG_Organisator.jpg","keywords":["Management und Unternehmensf\u00fchrung","Nachfolgeregelung","Verwaltungsrat"],"articleSection":["MANAGEMENT"],"inLanguage":"fr-FR"},{"@type":"WebPage","@id":"https:\/\/www.organisator.ch\/management\/2023-01-11\/nachfolgeregelung-neuer-verwaltungsratspraesident-bei-continuum-ag\/","url":"https:\/\/www.organisator.ch\/management\/2023-01-11\/nachfolgeregelung-neuer-verwaltungsratspraesident-bei-continuum-ag\/","name":"Succession : nouveau pr\u00e9sident du conseil d'administration de Continuum AG - Organisateur","isPartOf":{"@id":"https:\/\/www.organisator.ch\/#website"},"primaryImageOfPage":{"@id":"https:\/\/www.organisator.ch\/management\/2023-01-11\/nachfolgeregelung-neuer-verwaltungsratspraesident-bei-continuum-ag\/#primaryimage"},"image":{"@id":"https:\/\/www.organisator.ch\/management\/2023-01-11\/nachfolgeregelung-neuer-verwaltungsratspraesident-bei-continuum-ag\/#primaryimage"},"thumbnailUrl":"https:\/\/www.organisator.ch\/wp-content\/uploads\/2023\/01\/Nachfolgeregelung-Neuer-Verwaltungsratspraesident-bei-Continuum-AG_Organisator.jpg","datePublished":"2023-01-11T07:40:30+00:00","description":"Hanspeter Th\u00fcr, ancien directeur r\u00e9gional d'UBS Suisse orientale, est le nouveau pr\u00e9sident du conseil d'administration de Continuum AG. Il remplace Rolf Brunner.","breadcrumb":{"@id":"https:\/\/www.organisator.ch\/management\/2023-01-11\/nachfolgeregelung-neuer-verwaltungsratspraesident-bei-continuum-ag\/#breadcrumb"},"inLanguage":"fr-FR","potentialAction":[{"@type":"ReadAction","target":["https:\/\/www.organisator.ch\/management\/2023-01-11\/nachfolgeregelung-neuer-verwaltungsratspraesident-bei-continuum-ag\/"]}]},{"@type":"ImageObject","inLanguage":"fr-FR","@id":"https:\/\/www.organisator.ch\/management\/2023-01-11\/nachfolgeregelung-neuer-verwaltungsratspraesident-bei-continuum-ag\/#primaryimage","url":"https:\/\/www.organisator.ch\/wp-content\/uploads\/2023\/01\/Nachfolgeregelung-Neuer-Verwaltungsratspraesident-bei-Continuum-AG_Organisator.jpg","contentUrl":"https:\/\/www.organisator.ch\/wp-content\/uploads\/2023\/01\/Nachfolgeregelung-Neuer-Verwaltungsratspraesident-bei-Continuum-AG_Organisator.jpg","width":680,"height":538,"caption":"Neuer Verwaltungsratspr\u00e4sident bei Continuum AG: Hanspeter Th\u00fcr. (Bild: zVg \/ Continuum AG)"},{"@type":"BreadcrumbList","@id":"https:\/\/www.organisator.ch\/management\/2023-01-11\/nachfolgeregelung-neuer-verwaltungsratspraesident-bei-continuum-ag\/#breadcrumb","itemListElement":[{"@type":"ListItem","position":1,"name":"Home","item":"https:\/\/www.organisator.ch\/"},{"@type":"ListItem","position":2,"name":"Nachfolgeregelung: Neuer Verwaltungsratspr\u00e4sident bei Continuum AG"}]},{"@type":"WebSite","@id":"https:\/\/www.organisator.ch\/#website","url":"https:\/\/www.organisator.ch\/","name":"Organisateur","description":"Comp\u00e9tence et comp\u00e9tence. Proches de la pratique. L'ORGANISATEUR pr\u00e9pare 10 num\u00e9ros par an sur les th\u00e8mes essentiels pour les dirigeants de PME.","publisher":{"@id":"https:\/\/www.organisator.ch\/#organization"},"potentialAction":[{"@type":"SearchAction","target":{"@type":"EntryPoint","urlTemplate":"https:\/\/www.organisator.ch\/?s={search_term_string}"},"query-input":{"@type":"PropertyValueSpecification","valueRequired":true,"valueName":"search_term_string"}}],"inLanguage":"fr-FR"},{"@type":"Organization","@id":"https:\/\/www.organisator.ch\/#organization","name":"Organisateur","url":"https:\/\/www.organisator.ch\/","logo":{"@type":"ImageObject","inLanguage":"fr-FR","@id":"https:\/\/www.organisator.ch\/#\/schema\/logo\/image\/","url":"https:\/\/www.organisator.ch\/wp-content\/uploads\/2022\/01\/Logo_Organisator_Website.png","contentUrl":"https:\/\/www.organisator.ch\/wp-content\/uploads\/2022\/01\/Logo_Organisator_Website.png","width":800,"height":77,"caption":"Organisator"},"image":{"@id":"https:\/\/www.organisator.ch\/#\/schema\/logo\/image\/"},"sameAs":["https:\/\/www.facebook.com\/OrganisatorFachmagazin","https:\/\/www.linkedin.com\/showcase\/organisator-das-magazin-fr-kmu","https:\/\/www.xing.com\/news\/pages\/organisator-ch-695","https:\/\/www.youtube.com\/channel\/UCGP2Sq0iWaZwT3BdIAQFYpw"]},{"@type":"Person","@id":"https:\/\/www.organisator.ch\/#\/schema\/person\/6f650f90b2842cd4c0cc334b4e36f67e","name":"thomas.berner","image":{"@type":"ImageObject","inLanguage":"fr-FR","@id":"https:\/\/secure.gravatar.com\/avatar\/ac5001d2a36cb6c6cd3e50789007ffca834b477b74a2144564522e944eabff61?s=96&d=mm&r=g","url":"https:\/\/secure.gravatar.com\/avatar\/ac5001d2a36cb6c6cd3e50789007ffca834b477b74a2144564522e944eabff61?s=96&d=mm&r=g","contentUrl":"https:\/\/secure.gravatar.com\/avatar\/ac5001d2a36cb6c6cd3e50789007ffca834b477b74a2144564522e944eabff61?s=96&d=mm&r=g","caption":"thomas.berner"},"url":"https:\/\/www.organisator.ch\/fr\/author\/thomas-berner\/"}]}},"_links":{"self":[{"href":"https:\/\/www.organisator.ch\/fr\/wp-json\/wp\/v2\/posts\/18458","targetHints":{"allow":["GET"]}}],"collection":[{"href":"https:\/\/www.organisator.ch\/fr\/wp-json\/wp\/v2\/posts"}],"about":[{"href":"https:\/\/www.organisator.ch\/fr\/wp-json\/wp\/v2\/types\/post"}],"author":[{"embeddable":true,"href":"https:\/\/www.organisator.ch\/fr\/wp-json\/wp\/v2\/users\/4"}],"replies":[{"embeddable":true,"href":"https:\/\/www.organisator.ch\/fr\/wp-json\/wp\/v2\/comments?post=18458"}],"version-history":[{"count":1,"href":"https:\/\/www.organisator.ch\/fr\/wp-json\/wp\/v2\/posts\/18458\/revisions"}],"predecessor-version":[{"id":18460,"href":"https:\/\/www.organisator.ch\/fr\/wp-json\/wp\/v2\/posts\/18458\/revisions\/18460"}],"wp:featuredmedia":[{"embeddable":true,"href":"https:\/\/www.organisator.ch\/fr\/wp-json\/wp\/v2\/media\/18459"}],"wp:attachment":[{"href":"https:\/\/www.organisator.ch\/fr\/wp-json\/wp\/v2\/media?parent=18458"}],"wp:term":[{"taxonomy":"category","embeddable":true,"href":"https:\/\/www.organisator.ch\/fr\/wp-json\/wp\/v2\/categories?post=18458"},{"taxonomy":"post_tag","embeddable":true,"href":"https:\/\/www.organisator.ch\/fr\/wp-json\/wp\/v2\/tags?post=18458"}],"curies":[{"name":"wp","href":"https:\/\/api.w.org\/{rel}","templated":true}]}}