{"id":18461,"date":"2023-01-11T09:22:26","date_gmt":"2023-01-11T08:22:26","guid":{"rendered":"https:\/\/www.organisator.ch\/?p=18461"},"modified":"2023-01-11T09:22:26","modified_gmt":"2023-01-11T08:22:26","slug":"fuenf-thesen-warum-2023-ein-jahr-der-kuenstlichen-intelligenz-wird","status":"publish","type":"post","link":"https:\/\/www.organisator.ch\/fr\/management\/2023-01-11\/fuenf-thesen-warum-2023-ein-jahr-der-kuenstlichen-intelligenz-wird\/","title":{"rendered":"Cinq th\u00e8ses expliquant pourquoi 2023 sera l'ann\u00e9e de l'intelligence artificielle"},"content":{"rendered":"<figure id=\"attachment_18462\" aria-describedby=\"caption-attachment-18462\" style=\"width: 680px\" class=\"wp-caption alignnone\"><img loading=\"lazy\" decoding=\"async\" class=\"size-full wp-image-18462\" src=\"https:\/\/www.organisator.ch\/wp-content\/uploads\/2023\/01\/Fuenf-Thesen-warum-2023-ein-Jahr-der-Kuenstlichen-Intelligenz-wird_Organisator.jpg\" alt=\"\" width=\"680\" height=\"383\" srcset=\"https:\/\/www.organisator.ch\/wp-content\/uploads\/2023\/01\/Fuenf-Thesen-warum-2023-ein-Jahr-der-Kuenstlichen-Intelligenz-wird_Organisator.jpg 680w, https:\/\/www.organisator.ch\/wp-content\/uploads\/2023\/01\/Fuenf-Thesen-warum-2023-ein-Jahr-der-Kuenstlichen-Intelligenz-wird_Organisator-18x10.jpg 18w, https:\/\/www.organisator.ch\/wp-content\/uploads\/2023\/01\/Fuenf-Thesen-warum-2023-ein-Jahr-der-Kuenstlichen-Intelligenz-wird_Organisator-375x211.jpg 375w, https:\/\/www.organisator.ch\/wp-content\/uploads\/2023\/01\/Fuenf-Thesen-warum-2023-ein-Jahr-der-Kuenstlichen-Intelligenz-wird_Organisator-621x350.jpg 621w\" sizes=\"auto, (max-width: 680px) 100vw, 680px\" \/><figcaption id=\"caption-attachment-18462\" class=\"wp-caption-text\">L'ann\u00e9e 2023 sera-t-elle l'ann\u00e9e de l'intelligence artificielle ? Cinq th\u00e8ses \u00e0 ce sujet. (Image : iStock \/ Lufthansa Industry Solutions)<\/figcaption><\/figure>\n<p>Qu'il s'agisse de produits ou de processus, l'IA reconna\u00eet les mod\u00e8les, tire des conclusions logiques, prend des d\u00e9cisions et \u00e9tablit des pr\u00e9visions. Un aper\u00e7u en cinq th\u00e8ses de Lufthansa Industry Solutions, prestataire de services informatiques et entreprise de conseil, sur l'ann\u00e9e 2023 de l'IA.<\/p>\n<h3>1. l'IA n'est pas une musique d'avenir, c'est le pr\u00e9sent<\/h3>\n<p>L'IA ne se limite plus \u00e0 quelques cas particuliers, mais est utilis\u00e9e partout dans le monde des affaires : que ce soit dans la production, la gestion des ressources humaines, le service \u00e0 la client\u00e8le ou la gestion de la cha\u00eene d'approvisionnement. Dans la vie de tous les jours \u00e9galement, de plus en plus d'appareils et de processus sont contr\u00f4l\u00e9s par l'IA embarqu\u00e9e, sans que l'utilisateur ne s'en rende compte. Dans l'environnement des entreprises, l'IA et l'Internet des objets (IoT) collaborent de plus en plus \u00e9troitement. Gr\u00e2ce \u00e0 l'IA, les donn\u00e9es g\u00e9n\u00e9r\u00e9es par une machine peuvent par exemple \u00eatre utilis\u00e9es \u00e0 bon escient dans tous les domaines de la cha\u00eene de cr\u00e9ation de valeur.<\/p>\n<h3>2. les entreprises, petites et grandes, peuvent utiliser l'IA sans avoir besoin d'\u00eatre expertes en la mati\u00e8re<\/h3>\n<p>L'intelligence artificielle n'est pas r\u00e9serv\u00e9e aux grands groupes disposant d'une large expertise technologique. Aujourd'hui, les PME peuvent \u00e9galement recourir \u00e0 des applications complexes d'IA sans avoir \u00e0 les d\u00e9velopper elles-m\u00eames. Cela est possible gr\u00e2ce aux solutions Software-as-a-Service (SaaS) et Low-Code, qui sont d\u00e9sormais disponibles en grand nombre et peuvent \u00eatre facilement int\u00e9gr\u00e9es en tant que modules via des interfaces. Au lieu d'un logiciel sp\u00e9cial d\u00e9velopp\u00e9 individuellement, on utilise alors une application standard qui est adapt\u00e9e \u00e0 l'objectif propre. Les petites entreprises profitent en outre de l'\u00e9volution qui leur permet de g\u00e9n\u00e9rer des connaissances pr\u00e9cieuses \u00e0 partir de quantit\u00e9s de donn\u00e9es r\u00e9duites ou d'un amas de sources et de types de donn\u00e9es diff\u00e9rents.<\/p>\n<h3>3. la voie vers une \u00e9conomie durable passe par l'IA<\/h3>\n<p>Le d\u00e9veloppement durable est l'un des th\u00e8mes les plus importants pour l'\u00e9conomie. Les clients, les investisseurs et les collaborateurs augmentent constamment la pression pour agir de mani\u00e8re durable. Et la politique oblige les entreprises \u00e0 toujours garder un \u0153il sur leurs flux de donn\u00e9es, de mati\u00e8res premi\u00e8res et de marchandises. Pour ne pas se noyer dans la \"surcharge d'informations\", les entreprises sont tributaires d'un soutien intelligent et m\u00e9canique. L'IA permet par exemple d'optimiser et de contr\u00f4ler les cha\u00eenes d'approvisionnement, de concevoir des processus de recyclage d\u00e8s la phase de conception des produits ou encore d'\u00e9tablir des itin\u00e9raires de fret efficaces. En bref, l'IA est indispensable pour s'engager sur la voie de la durabilit\u00e9.<\/p>\n<h3>4. l'IA passe du statut de concurrent \u00e0 celui de coll\u00e8gue bienvenu<\/h3>\n<p>Les nouvelles technologies suscitent presque toujours un rejet initial. Dans de nombreuses entreprises, le personnel accompagne \u00e9galement l'introduction de l'IA avec scepticisme. La crainte d'une perte d'importance ou d'emploi est trop grande. Mais il ne s'agit pas de remplacer la main-d'\u0153uvre humaine. Au contraire, l'IA aide \u00e0 am\u00e9liorer les capacit\u00e9s et les comp\u00e9tences humaines. L'IA lib\u00e8re les employ\u00e9s des t\u00e2ches routini\u00e8res et leur permet de se consacrer \u00e0 des activit\u00e9s cr\u00e9atives. Les collaborateurs profiteront donc de l'IA et trouveront plus d'\u00e9panouissement dans leur travail. Et pour les entreprises, la technologie les aide dans une certaine mesure \u00e0 att\u00e9nuer leur p\u00e9nurie de personnel qualifi\u00e9.<\/p>\n<h3>5. l'IA est apprivois\u00e9e, mais pas r\u00e9gul\u00e9e \u00e0 la baisse<\/h3>\n<p>L'IA est une technologie tr\u00e8s puissante. Elle offre de nombreuses possibilit\u00e9s qui, dans les cas extr\u00eames, peuvent aller jusqu'\u00e0 la surveillance de masse ou la manipulation. C'est pourquoi une r\u00e9glementation efficace et transparente est n\u00e9cessaire afin d'\u00e9viter les abus et de r\u00e9duire les craintes. L'UE pr\u00e9voit par exemple cette ann\u00e9e, avec l'AI Act, de fixer des limites claires aux applications douteuses de l'IA. Il est moins probable que la technologie soit ainsi trop fortement frein\u00e9e ou r\u00e9duite. Son utilit\u00e9 est trop grande si elle est utilis\u00e9e de mani\u00e8re \u00e9thique et responsable.<\/p>\n<p><em>Source : <a href=\"http:\/\/www.lufthansa-industry-solutions.com\">Lufthansa Industry Solutions<\/a><\/em><\/p>","protected":false},"excerpt":{"rendered":"<p>Egal ob Produkte oder Prozesse \u2013 KI erkennt die Muster, zieht logische Schl\u00fcsse, trifft Entscheidungen und stellt Prognosen auf. Ein Ausblick des IT-Dienstleisters und Beratungsunternehmens Lufthansa Industry Solutions auf das KI-Jahr 2023 in f\u00fcnf Thesen. 1. KI ist keine Zukunftsmusik, sondern Gegenwart KI ist nicht mehr auf wenige Spezialf\u00e4lle beschr\u00e4nkt, sondern kommt im Gesch\u00e4ftsleben \u00fcberall [&hellip;]<\/p>\n","protected":false},"author":4,"featured_media":18462,"comment_status":"closed","ping_status":"closed","sticky":false,"template":"","format":"standard","meta":{"_acf_changed":false,"_yoast_wpseo_focuskw":"F\u00fcnf Thesen","_yoast_wpseo_metadesc":"In so gut wie allen Bereichen findet die k\u00fcnstliche Intelligenz ihren Einsatz. Wird KI im Jahr 2023 einen Durchbruch erleben? F\u00fcnf Thesen.","articlekey":"","footnotes":""},"categories":[28],"tags":[156,319,335,358],"class_list":["post-18461","post","type-post","status-publish","format-standard","has-post-thumbnail","hentry","category-management","tag-digitalisierung","tag-kuenstliche-intelligenz","tag-management-und-unternehmensfuehrung","tag-nachhaltige-wirtschaft"],"acf":[],"yoast_head":"<!-- This site is optimized with the Yoast SEO plugin v27.5 - https:\/\/yoast.com\/product\/yoast-seo-wordpress\/ -->\n<title>F\u00fcnf Thesen, warum 2023 ein Jahr der K\u00fcnstlichen Intelligenz wird - Organisator<\/title>\n<meta name=\"description\" content=\"In so gut wie allen Bereichen findet die k\u00fcnstliche Intelligenz ihren Einsatz. Wird KI im Jahr 2023 einen Durchbruch erleben? F\u00fcnf Thesen.\" \/>\n<meta name=\"robots\" content=\"index, follow, max-snippet:-1, max-image-preview:large, max-video-preview:-1\" \/>\n<link rel=\"canonical\" href=\"https:\/\/www.organisator.ch\/fr\/gestion-2\/2023-01-11\/fuenf-thesen-warum-2023-ein-jahr-der-kuenstlichen-intelligenz-wird\/\" \/>\n<meta property=\"og:locale\" content=\"fr_FR\" \/>\n<meta property=\"og:type\" content=\"article\" \/>\n<meta property=\"og:title\" content=\"F\u00fcnf Thesen, warum 2023 ein Jahr der K\u00fcnstlichen Intelligenz wird\" \/>\n<meta property=\"og:description\" content=\"In so gut wie allen Bereichen findet die k\u00fcnstliche Intelligenz ihren Einsatz. Wird KI im Jahr 2023 einen Durchbruch erleben? F\u00fcnf Thesen.\" \/>\n<meta property=\"og:url\" content=\"https:\/\/www.organisator.ch\/fr\/gestion-2\/2023-01-11\/fuenf-thesen-warum-2023-ein-jahr-der-kuenstlichen-intelligenz-wird\/\" \/>\n<meta property=\"og:site_name\" content=\"Organisator\" \/>\n<meta property=\"article:publisher\" content=\"https:\/\/www.facebook.com\/OrganisatorFachmagazin\" \/>\n<meta property=\"article:published_time\" content=\"2023-01-11T08:22:26+00:00\" \/>\n<meta property=\"og:image\" content=\"https:\/\/www.organisator.ch\/wp-content\/uploads\/2023\/01\/Fuenf-Thesen-warum-2023-ein-Jahr-der-Kuenstlichen-Intelligenz-wird_Organisator.jpg\" \/>\n\t<meta property=\"og:image:width\" content=\"680\" \/>\n\t<meta property=\"og:image:height\" content=\"383\" \/>\n\t<meta property=\"og:image:type\" content=\"image\/jpeg\" \/>\n<meta name=\"author\" content=\"thomas.berner\" \/>\n<meta name=\"twitter:card\" content=\"summary_large_image\" \/>\n<meta name=\"twitter:title\" content=\"F\u00fcnf Thesen, warum 2023 ein Jahr der K\u00fcnstlichen #Intelligenz wird\" \/>\n<meta name=\"twitter:description\" content=\"In so gut wie allen Bereichen findet die k\u00fcnstliche Intelligenz ihren Einsatz. Wird #KI im Jahr 2023 einen Durchbruch erleben? F\u00fcnf #Thesen.\" \/>\n<meta name=\"twitter:image\" content=\"https:\/\/www.organisator.ch\/wp-content\/uploads\/2023\/01\/Fuenf-Thesen-warum-2023-ein-Jahr-der-Kuenstlichen-Intelligenz-wird_Organisator.jpg\" \/>\n<script type=\"application\/ld+json\" class=\"yoast-schema-graph\">{\"@context\":\"https:\\\/\\\/schema.org\",\"@graph\":[{\"@type\":\"Article\",\"@id\":\"https:\\\/\\\/www.organisator.ch\\\/management\\\/2023-01-11\\\/fuenf-thesen-warum-2023-ein-jahr-der-kuenstlichen-intelligenz-wird\\\/#article\",\"isPartOf\":{\"@id\":\"https:\\\/\\\/www.organisator.ch\\\/management\\\/2023-01-11\\\/fuenf-thesen-warum-2023-ein-jahr-der-kuenstlichen-intelligenz-wird\\\/\"},\"author\":{\"name\":\"thomas.berner\",\"@id\":\"https:\\\/\\\/www.organisator.ch\\\/#\\\/schema\\\/person\\\/6f650f90b2842cd4c0cc334b4e36f67e\"},\"headline\":\"F\u00fcnf Thesen, warum 2023 ein Jahr der K\u00fcnstlichen Intelligenz wird\",\"datePublished\":\"2023-01-11T08:22:26+00:00\",\"mainEntityOfPage\":{\"@id\":\"https:\\\/\\\/www.organisator.ch\\\/management\\\/2023-01-11\\\/fuenf-thesen-warum-2023-ein-jahr-der-kuenstlichen-intelligenz-wird\\\/\"},\"wordCount\":574,\"publisher\":{\"@id\":\"https:\\\/\\\/www.organisator.ch\\\/#organization\"},\"image\":{\"@id\":\"https:\\\/\\\/www.organisator.ch\\\/management\\\/2023-01-11\\\/fuenf-thesen-warum-2023-ein-jahr-der-kuenstlichen-intelligenz-wird\\\/#primaryimage\"},\"thumbnailUrl\":\"https:\\\/\\\/www.organisator.ch\\\/wp-content\\\/uploads\\\/2023\\\/01\\\/Fuenf-Thesen-warum-2023-ein-Jahr-der-Kuenstlichen-Intelligenz-wird_Organisator.jpg\",\"keywords\":[\"Digitalisierung\",\"K\u00fcnstliche Intelligenz\",\"Management und Unternehmensf\u00fchrung\",\"Nachhaltige Wirtschaft\"],\"articleSection\":[\"MANAGEMENT\"],\"inLanguage\":\"fr-FR\"},{\"@type\":\"WebPage\",\"@id\":\"https:\\\/\\\/www.organisator.ch\\\/management\\\/2023-01-11\\\/fuenf-thesen-warum-2023-ein-jahr-der-kuenstlichen-intelligenz-wird\\\/\",\"url\":\"https:\\\/\\\/www.organisator.ch\\\/management\\\/2023-01-11\\\/fuenf-thesen-warum-2023-ein-jahr-der-kuenstlichen-intelligenz-wird\\\/\",\"name\":\"F\u00fcnf Thesen, warum 2023 ein Jahr der K\u00fcnstlichen Intelligenz wird - Organisator\",\"isPartOf\":{\"@id\":\"https:\\\/\\\/www.organisator.ch\\\/#website\"},\"primaryImageOfPage\":{\"@id\":\"https:\\\/\\\/www.organisator.ch\\\/management\\\/2023-01-11\\\/fuenf-thesen-warum-2023-ein-jahr-der-kuenstlichen-intelligenz-wird\\\/#primaryimage\"},\"image\":{\"@id\":\"https:\\\/\\\/www.organisator.ch\\\/management\\\/2023-01-11\\\/fuenf-thesen-warum-2023-ein-jahr-der-kuenstlichen-intelligenz-wird\\\/#primaryimage\"},\"thumbnailUrl\":\"https:\\\/\\\/www.organisator.ch\\\/wp-content\\\/uploads\\\/2023\\\/01\\\/Fuenf-Thesen-warum-2023-ein-Jahr-der-Kuenstlichen-Intelligenz-wird_Organisator.jpg\",\"datePublished\":\"2023-01-11T08:22:26+00:00\",\"description\":\"In so gut wie allen Bereichen findet die k\u00fcnstliche Intelligenz ihren Einsatz. Wird KI im Jahr 2023 einen Durchbruch erleben? F\u00fcnf Thesen.\",\"breadcrumb\":{\"@id\":\"https:\\\/\\\/www.organisator.ch\\\/management\\\/2023-01-11\\\/fuenf-thesen-warum-2023-ein-jahr-der-kuenstlichen-intelligenz-wird\\\/#breadcrumb\"},\"inLanguage\":\"fr-FR\",\"potentialAction\":[{\"@type\":\"ReadAction\",\"target\":[\"https:\\\/\\\/www.organisator.ch\\\/management\\\/2023-01-11\\\/fuenf-thesen-warum-2023-ein-jahr-der-kuenstlichen-intelligenz-wird\\\/\"]}]},{\"@type\":\"ImageObject\",\"inLanguage\":\"fr-FR\",\"@id\":\"https:\\\/\\\/www.organisator.ch\\\/management\\\/2023-01-11\\\/fuenf-thesen-warum-2023-ein-jahr-der-kuenstlichen-intelligenz-wird\\\/#primaryimage\",\"url\":\"https:\\\/\\\/www.organisator.ch\\\/wp-content\\\/uploads\\\/2023\\\/01\\\/Fuenf-Thesen-warum-2023-ein-Jahr-der-Kuenstlichen-Intelligenz-wird_Organisator.jpg\",\"contentUrl\":\"https:\\\/\\\/www.organisator.ch\\\/wp-content\\\/uploads\\\/2023\\\/01\\\/Fuenf-Thesen-warum-2023-ein-Jahr-der-Kuenstlichen-Intelligenz-wird_Organisator.jpg\",\"width\":680,\"height\":383,\"caption\":\"Wird das Jahr 2023 zum Jahr der K\u00fcnstlichen Intelligenz? F\u00fcnf Thesen dazu. (Bild: iStock \\\/ Lufthansa Industry Solutions)\"},{\"@type\":\"BreadcrumbList\",\"@id\":\"https:\\\/\\\/www.organisator.ch\\\/management\\\/2023-01-11\\\/fuenf-thesen-warum-2023-ein-jahr-der-kuenstlichen-intelligenz-wird\\\/#breadcrumb\",\"itemListElement\":[{\"@type\":\"ListItem\",\"position\":1,\"name\":\"Home\",\"item\":\"https:\\\/\\\/www.organisator.ch\\\/\"},{\"@type\":\"ListItem\",\"position\":2,\"name\":\"F\u00fcnf Thesen, warum 2023 ein Jahr der K\u00fcnstlichen Intelligenz wird\"}]},{\"@type\":\"WebSite\",\"@id\":\"https:\\\/\\\/www.organisator.ch\\\/#website\",\"url\":\"https:\\\/\\\/www.organisator.ch\\\/\",\"name\":\"Organisator\",\"description\":\"Kompetent. Praxisnah. Der ORGANISATOR bereitet in 10 Ausgaben pro Jahr die wesentlichen Themen f\u00fcr F\u00fchrungskr\u00e4fte von KMU auf.\",\"publisher\":{\"@id\":\"https:\\\/\\\/www.organisator.ch\\\/#organization\"},\"potentialAction\":[{\"@type\":\"SearchAction\",\"target\":{\"@type\":\"EntryPoint\",\"urlTemplate\":\"https:\\\/\\\/www.organisator.ch\\\/?s={search_term_string}\"},\"query-input\":{\"@type\":\"PropertyValueSpecification\",\"valueRequired\":true,\"valueName\":\"search_term_string\"}}],\"inLanguage\":\"fr-FR\"},{\"@type\":\"Organization\",\"@id\":\"https:\\\/\\\/www.organisator.ch\\\/#organization\",\"name\":\"Organisator\",\"url\":\"https:\\\/\\\/www.organisator.ch\\\/\",\"logo\":{\"@type\":\"ImageObject\",\"inLanguage\":\"fr-FR\",\"@id\":\"https:\\\/\\\/www.organisator.ch\\\/#\\\/schema\\\/logo\\\/image\\\/\",\"url\":\"https:\\\/\\\/www.organisator.ch\\\/wp-content\\\/uploads\\\/2022\\\/01\\\/Logo_Organisator_Website.png\",\"contentUrl\":\"https:\\\/\\\/www.organisator.ch\\\/wp-content\\\/uploads\\\/2022\\\/01\\\/Logo_Organisator_Website.png\",\"width\":800,\"height\":77,\"caption\":\"Organisator\"},\"image\":{\"@id\":\"https:\\\/\\\/www.organisator.ch\\\/#\\\/schema\\\/logo\\\/image\\\/\"},\"sameAs\":[\"https:\\\/\\\/www.facebook.com\\\/OrganisatorFachmagazin\",\"https:\\\/\\\/www.linkedin.com\\\/showcase\\\/organisator-das-magazin-fr-kmu\",\"https:\\\/\\\/www.xing.com\\\/news\\\/pages\\\/organisator-ch-695\",\"https:\\\/\\\/www.youtube.com\\\/channel\\\/UCGP2Sq0iWaZwT3BdIAQFYpw\"]},{\"@type\":\"Person\",\"@id\":\"https:\\\/\\\/www.organisator.ch\\\/#\\\/schema\\\/person\\\/6f650f90b2842cd4c0cc334b4e36f67e\",\"name\":\"thomas.berner\",\"image\":{\"@type\":\"ImageObject\",\"inLanguage\":\"fr-FR\",\"@id\":\"https:\\\/\\\/secure.gravatar.com\\\/avatar\\\/ac5001d2a36cb6c6cd3e50789007ffca834b477b74a2144564522e944eabff61?s=96&d=mm&r=g\",\"url\":\"https:\\\/\\\/secure.gravatar.com\\\/avatar\\\/ac5001d2a36cb6c6cd3e50789007ffca834b477b74a2144564522e944eabff61?s=96&d=mm&r=g\",\"contentUrl\":\"https:\\\/\\\/secure.gravatar.com\\\/avatar\\\/ac5001d2a36cb6c6cd3e50789007ffca834b477b74a2144564522e944eabff61?s=96&d=mm&r=g\",\"caption\":\"thomas.berner\"},\"url\":\"https:\\\/\\\/www.organisator.ch\\\/fr\\\/author\\\/thomas-berner\\\/\"}]}<\/script>\n<!-- \/ Yoast SEO plugin. -->","yoast_head_json":{"title":"Cinq th\u00e8ses expliquant pourquoi 2023 sera l'ann\u00e9e de l'intelligence artificielle - Organisateur","description":"L'intelligence artificielle est utilis\u00e9e dans presque tous les domaines. L'IA fera-t-elle une perc\u00e9e en 2023 ? Cinq th\u00e8ses.","robots":{"index":"index","follow":"follow","max-snippet":"max-snippet:-1","max-image-preview":"max-image-preview:large","max-video-preview":"max-video-preview:-1"},"canonical":"https:\/\/www.organisator.ch\/fr\/gestion-2\/2023-01-11\/fuenf-thesen-warum-2023-ein-jahr-der-kuenstlichen-intelligenz-wird\/","og_locale":"fr_FR","og_type":"article","og_title":"F\u00fcnf Thesen, warum 2023 ein Jahr der K\u00fcnstlichen Intelligenz wird","og_description":"In so gut wie allen Bereichen findet die k\u00fcnstliche Intelligenz ihren Einsatz. Wird KI im Jahr 2023 einen Durchbruch erleben? F\u00fcnf Thesen.","og_url":"https:\/\/www.organisator.ch\/fr\/gestion-2\/2023-01-11\/fuenf-thesen-warum-2023-ein-jahr-der-kuenstlichen-intelligenz-wird\/","og_site_name":"Organisator","article_publisher":"https:\/\/www.facebook.com\/OrganisatorFachmagazin","article_published_time":"2023-01-11T08:22:26+00:00","og_image":[{"width":680,"height":383,"url":"https:\/\/www.organisator.ch\/wp-content\/uploads\/2023\/01\/Fuenf-Thesen-warum-2023-ein-Jahr-der-Kuenstlichen-Intelligenz-wird_Organisator.jpg","type":"image\/jpeg"}],"author":"thomas.berner","twitter_card":"summary_large_image","twitter_title":"F\u00fcnf Thesen, warum 2023 ein Jahr der K\u00fcnstlichen #Intelligenz wird","twitter_description":"In so gut wie allen Bereichen findet die k\u00fcnstliche Intelligenz ihren Einsatz. Wird #KI im Jahr 2023 einen Durchbruch erleben? F\u00fcnf #Thesen.","twitter_image":"https:\/\/www.organisator.ch\/wp-content\/uploads\/2023\/01\/Fuenf-Thesen-warum-2023-ein-Jahr-der-Kuenstlichen-Intelligenz-wird_Organisator.jpg","schema":{"@context":"https:\/\/schema.org","@graph":[{"@type":"Article","@id":"https:\/\/www.organisator.ch\/management\/2023-01-11\/fuenf-thesen-warum-2023-ein-jahr-der-kuenstlichen-intelligenz-wird\/#article","isPartOf":{"@id":"https:\/\/www.organisator.ch\/management\/2023-01-11\/fuenf-thesen-warum-2023-ein-jahr-der-kuenstlichen-intelligenz-wird\/"},"author":{"name":"thomas.berner","@id":"https:\/\/www.organisator.ch\/#\/schema\/person\/6f650f90b2842cd4c0cc334b4e36f67e"},"headline":"F\u00fcnf Thesen, warum 2023 ein Jahr der K\u00fcnstlichen Intelligenz wird","datePublished":"2023-01-11T08:22:26+00:00","mainEntityOfPage":{"@id":"https:\/\/www.organisator.ch\/management\/2023-01-11\/fuenf-thesen-warum-2023-ein-jahr-der-kuenstlichen-intelligenz-wird\/"},"wordCount":574,"publisher":{"@id":"https:\/\/www.organisator.ch\/#organization"},"image":{"@id":"https:\/\/www.organisator.ch\/management\/2023-01-11\/fuenf-thesen-warum-2023-ein-jahr-der-kuenstlichen-intelligenz-wird\/#primaryimage"},"thumbnailUrl":"https:\/\/www.organisator.ch\/wp-content\/uploads\/2023\/01\/Fuenf-Thesen-warum-2023-ein-Jahr-der-Kuenstlichen-Intelligenz-wird_Organisator.jpg","keywords":["Digitalisierung","K\u00fcnstliche Intelligenz","Management und Unternehmensf\u00fchrung","Nachhaltige Wirtschaft"],"articleSection":["MANAGEMENT"],"inLanguage":"fr-FR"},{"@type":"WebPage","@id":"https:\/\/www.organisator.ch\/management\/2023-01-11\/fuenf-thesen-warum-2023-ein-jahr-der-kuenstlichen-intelligenz-wird\/","url":"https:\/\/www.organisator.ch\/management\/2023-01-11\/fuenf-thesen-warum-2023-ein-jahr-der-kuenstlichen-intelligenz-wird\/","name":"Cinq th\u00e8ses expliquant pourquoi 2023 sera l'ann\u00e9e de l'intelligence artificielle - Organisateur","isPartOf":{"@id":"https:\/\/www.organisator.ch\/#website"},"primaryImageOfPage":{"@id":"https:\/\/www.organisator.ch\/management\/2023-01-11\/fuenf-thesen-warum-2023-ein-jahr-der-kuenstlichen-intelligenz-wird\/#primaryimage"},"image":{"@id":"https:\/\/www.organisator.ch\/management\/2023-01-11\/fuenf-thesen-warum-2023-ein-jahr-der-kuenstlichen-intelligenz-wird\/#primaryimage"},"thumbnailUrl":"https:\/\/www.organisator.ch\/wp-content\/uploads\/2023\/01\/Fuenf-Thesen-warum-2023-ein-Jahr-der-Kuenstlichen-Intelligenz-wird_Organisator.jpg","datePublished":"2023-01-11T08:22:26+00:00","description":"L'intelligence artificielle est utilis\u00e9e dans presque tous les domaines. L'IA fera-t-elle une perc\u00e9e en 2023 ? Cinq th\u00e8ses.","breadcrumb":{"@id":"https:\/\/www.organisator.ch\/management\/2023-01-11\/fuenf-thesen-warum-2023-ein-jahr-der-kuenstlichen-intelligenz-wird\/#breadcrumb"},"inLanguage":"fr-FR","potentialAction":[{"@type":"ReadAction","target":["https:\/\/www.organisator.ch\/management\/2023-01-11\/fuenf-thesen-warum-2023-ein-jahr-der-kuenstlichen-intelligenz-wird\/"]}]},{"@type":"ImageObject","inLanguage":"fr-FR","@id":"https:\/\/www.organisator.ch\/management\/2023-01-11\/fuenf-thesen-warum-2023-ein-jahr-der-kuenstlichen-intelligenz-wird\/#primaryimage","url":"https:\/\/www.organisator.ch\/wp-content\/uploads\/2023\/01\/Fuenf-Thesen-warum-2023-ein-Jahr-der-Kuenstlichen-Intelligenz-wird_Organisator.jpg","contentUrl":"https:\/\/www.organisator.ch\/wp-content\/uploads\/2023\/01\/Fuenf-Thesen-warum-2023-ein-Jahr-der-Kuenstlichen-Intelligenz-wird_Organisator.jpg","width":680,"height":383,"caption":"Wird das Jahr 2023 zum Jahr der K\u00fcnstlichen Intelligenz? F\u00fcnf Thesen dazu. (Bild: iStock \/ Lufthansa Industry Solutions)"},{"@type":"BreadcrumbList","@id":"https:\/\/www.organisator.ch\/management\/2023-01-11\/fuenf-thesen-warum-2023-ein-jahr-der-kuenstlichen-intelligenz-wird\/#breadcrumb","itemListElement":[{"@type":"ListItem","position":1,"name":"Home","item":"https:\/\/www.organisator.ch\/"},{"@type":"ListItem","position":2,"name":"F\u00fcnf Thesen, warum 2023 ein Jahr der K\u00fcnstlichen Intelligenz wird"}]},{"@type":"WebSite","@id":"https:\/\/www.organisator.ch\/#website","url":"https:\/\/www.organisator.ch\/","name":"Organisateur","description":"Comp\u00e9tence et comp\u00e9tence. Proches de la pratique. L'ORGANISATEUR pr\u00e9pare 10 num\u00e9ros par an sur les th\u00e8mes essentiels pour les dirigeants de PME.","publisher":{"@id":"https:\/\/www.organisator.ch\/#organization"},"potentialAction":[{"@type":"SearchAction","target":{"@type":"EntryPoint","urlTemplate":"https:\/\/www.organisator.ch\/?s={search_term_string}"},"query-input":{"@type":"PropertyValueSpecification","valueRequired":true,"valueName":"search_term_string"}}],"inLanguage":"fr-FR"},{"@type":"Organization","@id":"https:\/\/www.organisator.ch\/#organization","name":"Organisateur","url":"https:\/\/www.organisator.ch\/","logo":{"@type":"ImageObject","inLanguage":"fr-FR","@id":"https:\/\/www.organisator.ch\/#\/schema\/logo\/image\/","url":"https:\/\/www.organisator.ch\/wp-content\/uploads\/2022\/01\/Logo_Organisator_Website.png","contentUrl":"https:\/\/www.organisator.ch\/wp-content\/uploads\/2022\/01\/Logo_Organisator_Website.png","width":800,"height":77,"caption":"Organisator"},"image":{"@id":"https:\/\/www.organisator.ch\/#\/schema\/logo\/image\/"},"sameAs":["https:\/\/www.facebook.com\/OrganisatorFachmagazin","https:\/\/www.linkedin.com\/showcase\/organisator-das-magazin-fr-kmu","https:\/\/www.xing.com\/news\/pages\/organisator-ch-695","https:\/\/www.youtube.com\/channel\/UCGP2Sq0iWaZwT3BdIAQFYpw"]},{"@type":"Person","@id":"https:\/\/www.organisator.ch\/#\/schema\/person\/6f650f90b2842cd4c0cc334b4e36f67e","name":"thomas.berner","image":{"@type":"ImageObject","inLanguage":"fr-FR","@id":"https:\/\/secure.gravatar.com\/avatar\/ac5001d2a36cb6c6cd3e50789007ffca834b477b74a2144564522e944eabff61?s=96&d=mm&r=g","url":"https:\/\/secure.gravatar.com\/avatar\/ac5001d2a36cb6c6cd3e50789007ffca834b477b74a2144564522e944eabff61?s=96&d=mm&r=g","contentUrl":"https:\/\/secure.gravatar.com\/avatar\/ac5001d2a36cb6c6cd3e50789007ffca834b477b74a2144564522e944eabff61?s=96&d=mm&r=g","caption":"thomas.berner"},"url":"https:\/\/www.organisator.ch\/fr\/author\/thomas-berner\/"}]}},"_links":{"self":[{"href":"https:\/\/www.organisator.ch\/fr\/wp-json\/wp\/v2\/posts\/18461","targetHints":{"allow":["GET"]}}],"collection":[{"href":"https:\/\/www.organisator.ch\/fr\/wp-json\/wp\/v2\/posts"}],"about":[{"href":"https:\/\/www.organisator.ch\/fr\/wp-json\/wp\/v2\/types\/post"}],"author":[{"embeddable":true,"href":"https:\/\/www.organisator.ch\/fr\/wp-json\/wp\/v2\/users\/4"}],"replies":[{"embeddable":true,"href":"https:\/\/www.organisator.ch\/fr\/wp-json\/wp\/v2\/comments?post=18461"}],"version-history":[{"count":1,"href":"https:\/\/www.organisator.ch\/fr\/wp-json\/wp\/v2\/posts\/18461\/revisions"}],"predecessor-version":[{"id":18463,"href":"https:\/\/www.organisator.ch\/fr\/wp-json\/wp\/v2\/posts\/18461\/revisions\/18463"}],"wp:featuredmedia":[{"embeddable":true,"href":"https:\/\/www.organisator.ch\/fr\/wp-json\/wp\/v2\/media\/18462"}],"wp:attachment":[{"href":"https:\/\/www.organisator.ch\/fr\/wp-json\/wp\/v2\/media?parent=18461"}],"wp:term":[{"taxonomy":"category","embeddable":true,"href":"https:\/\/www.organisator.ch\/fr\/wp-json\/wp\/v2\/categories?post=18461"},{"taxonomy":"post_tag","embeddable":true,"href":"https:\/\/www.organisator.ch\/fr\/wp-json\/wp\/v2\/tags?post=18461"}],"curies":[{"name":"wp","href":"https:\/\/api.w.org\/{rel}","templated":true}]}}