{"id":18471,"date":"2023-01-13T07:53:57","date_gmt":"2023-01-13T06:53:57","guid":{"rendered":"https:\/\/www.organisator.ch\/?p=18471"},"modified":"2023-01-13T08:00:05","modified_gmt":"2023-01-13T07:00:05","slug":"hp-macht-das-drucken-einfach-und-smart","status":"publish","type":"post","link":"https:\/\/www.organisator.ch\/fr\/allgemein\/2023-01-13\/hp-macht-das-drucken-einfach-und-smart\/","title":{"rendered":"HP+ rend l'impression simple et intelligente"},"content":{"rendered":"<figure id=\"attachment_18473\" aria-describedby=\"caption-attachment-18473\" style=\"width: 680px\" class=\"wp-caption alignnone\"><img loading=\"lazy\" decoding=\"async\" class=\"size-full wp-image-18473\" src=\"https:\/\/www.organisator.ch\/wp-content\/uploads\/2023\/01\/HP-macht-das-Drucken-einfach-und-smart_Organisator.jpg\" alt=\"\" width=\"680\" height=\"453\" srcset=\"https:\/\/www.organisator.ch\/wp-content\/uploads\/2023\/01\/HP-macht-das-Drucken-einfach-und-smart_Organisator.jpg 680w, https:\/\/www.organisator.ch\/wp-content\/uploads\/2023\/01\/HP-macht-das-Drucken-einfach-und-smart_Organisator-18x12.jpg 18w, https:\/\/www.organisator.ch\/wp-content\/uploads\/2023\/01\/HP-macht-das-Drucken-einfach-und-smart_Organisator-375x250.jpg 375w, https:\/\/www.organisator.ch\/wp-content\/uploads\/2023\/01\/HP-macht-das-Drucken-einfach-und-smart_Organisator-525x350.jpg 525w\" sizes=\"auto, (max-width: 680px) 100vw, 680px\" \/><figcaption id=\"caption-attachment-18473\" class=\"wp-caption-text\">Imprimer simplement et intelligemment dans les PME : c'est possible gr\u00e2ce \u00e0 la solution HP+. (Image : zVg \/ HP)<\/figcaption><\/figure>\n<p>Avec la num\u00e9risation croissante de la vie professionnelle, les documents ne sont pratiquement plus imprim\u00e9s. Ceux qui, avec cette id\u00e9e en t\u00eate, s'attendent \u00e0 ce que les imprimantes deviennent peu \u00e0 peu obsol\u00e8tes, se trompent lourdement. En effet, les appareils multifonctions dot\u00e9s de scanners performants peuvent jouer un r\u00f4le central dans la gestion num\u00e9rique du flux de travail. Selon une \u00e9tude de Morning Consult, les petites entreprises sont justement d\u00e9pendantes \u00e0 80% des imprimantes pour faire tourner leur entreprise. Mais plus de la moiti\u00e9 des personnes interrog\u00e9es (55 pour cent) ont \u00e9galement indiqu\u00e9 qu'elles n'avaient pas le temps de s'occuper de la technologie.<\/p>\n<h3>Simple, s\u00fbr, durable<\/h3>\n<p>\"La gestion des imprimantes n'est pas une utilisation efficace du temps et de l'\u00e9nergie\", d\u00e9clare par exemple l'un des petits entrepreneurs interrog\u00e9s. Un autre a comment\u00e9 : \"Tout est de plus en plus automatis\u00e9. Peut-\u00eatre que cela serait aussi un sujet pour les imprimantes\". HP a entendu l'appel \u00e0 l'aide des petites entreprises et a d\u00e9velopp\u00e9 une solution qui simplifie la gestion des imprimantes, augmente la productivit\u00e9, renforce la s\u00e9curit\u00e9 et, de surcro\u00eet, favorise la durabilit\u00e9. Le r\u00e9sultat : le syst\u00e8me d'impression bas\u00e9 sur le cloud HP+.<\/p>\n<h3>Imprimer partout et avec n'importe quel appareil<\/h3>\n<p>Un nombre croissant d'imprimantes \u00e0 jet d'encre et laser sont pr\u00eates pour la nouvelle solution. L'installation est rapide. L'application \"HP Smart\" sur le t\u00e9l\u00e9phone portable ou le tableau de bord sur l'ordinateur indiquent ensuite le niveau d'encre et plusieurs options pour les processus d'impression. L'utilisation de l'app et du tableau de bord du PC est si simple et claire que chacun s'y retrouve imm\u00e9diatement. Mais ce qui se passe en coulisses est tout aussi int\u00e9ressant. HP+ d\u00e9tecte automatiquement les probl\u00e8mes d'imprimante et les r\u00e9sout imm\u00e9diatement, prot\u00e8ge contre les attaques de logiciels malveillants, installe automatiquement les derni\u00e8res mises \u00e0 jour et permet d'imprimer de partout et \u00e0 partir de presque tous les terminaux. Il est ainsi possible de transmettre des documents \u00e0 l'imprimante depuis le t\u00e9l\u00e9phone portable sur le chemin du travail. Si la fonction \"Private Pickup\" est activ\u00e9e, l'impression n'a lieu que lorsque l'on se trouve \u00e0 c\u00f4t\u00e9 de l'imprimante.<\/p>\n<h3>Mat\u00e9riel d'usage livr\u00e9 gratuitement<\/h3>\n<p>Les utilisateurs HP+ b\u00e9n\u00e9ficient de tout cela et de bien d'autres choses encore, sans frais suppl\u00e9mentaires. Ils b\u00e9n\u00e9ficient en outre d'une ann\u00e9e suppl\u00e9mentaire de garantie du fabricant et de six mois d'essai gratuit de HP Instant Ink. HP Instant Ink est le service de livraison d'encre de HP, qui envoie automatiquement une nouvelle cartouche ou un nouveau toner lorsque l'imprimante est \u00e0 court d'encre ou de toner. La facturation se fait en outre de mani\u00e8re transparente par page imprim\u00e9e. HP Instant Ink et HP+ sont tous deux engag\u00e9s dans une d\u00e9marche de d\u00e9veloppement durable. Le service de livraison n\u00e9cessite le transport de moins de cartouches. Le mat\u00e9riel usag\u00e9 peut \u00eatre renvoy\u00e9 gratuitement, HP le recycle de mani\u00e8re professionnelle. Et pour les utilisateurs de cette solution, HP investit dans des programmes de protection et de reboisement des for\u00eats pour chaque page imprim\u00e9e.<\/p>\n<p>Au vu de ces prestations, le journal autrichien \"Heute\", apr\u00e8s un test d\u00e9taill\u00e9, tire la conclusion suivante : \"C'est un v\u00e9ritable paquet sans souci. Pour ceux qui veulent simplement s'occuper de l'impression et de rien d'autre en mati\u00e8re d'imprimante, d'encre et autres, HP+ convient parfaitement\". Vous voulez vous en convaincre ?<\/p>\n<blockquote>\n<h3><strong>Testez maintenant votre imprimante gratuite avec HP+.<\/strong><\/h3>\n<p>HP en est convaincu : HP+, en tant que solution compl\u00e8te, s'int\u00e8gre id\u00e9alement dans la pratique quotidienne des PME. C'est pourquoi HP lance, en collaboration avec l'ORGANISATEUR, un appel d'offres pour deux ou trois tests d'imprimantes laser de derni\u00e8re g\u00e9n\u00e9ration. <strong>Si vous \u00eates une PME de 50 collaborateurs au maximum et que vous avez au moins trois imprimantes dans votre entreprise, vous pouvez vous porter candidat pour tester un maximum de trois imprimantes compatibles HP+.<\/strong> Ils peuvent garder les imprimantes HP Laser Jet Pro MFP 4102dwe apr\u00e8s la p\u00e9riode de test. En contrepartie, ils partageront, en collaboration avec l'ORGANISATEUR, leurs exp\u00e9riences avec des imprimantes compatibles HP+, que nous traiterons ensuite dans un rapport de ce m\u00e9dia. <strong>Deux personnes seront tir\u00e9es au sort parmi tous les participants \u00e0 l'appel \u00e0 projets.<\/strong><\/p>\n<p><em><a href=\"https:\/\/cfactor.ch\/hpschweiz\">Cliquez ici pour vous inscrire<\/a>.<\/em><\/p><\/blockquote>","protected":false},"excerpt":{"rendered":"<p>Mit der zunehmenden Digitalisierung des Gesch\u00e4ftslebens werden Dokumente kaum noch ausgedruckt. Wer mit diesem Gedanken im Hinterkopf erwartet, dass Drucker allm\u00e4hlich obsolet werden, t\u00e4uscht sich gewaltig. Denn Multifunktionsger\u00e4te mit ihren leistungsstarken Scannern k\u00f6nnen eine zentrale Rolle im digitalen Workflowmanagement \u00fcbernehmen. Gerade kleine Unternehmen sind gem\u00e4ss einer Untersuchung von Morning Consult zu 80 Prozent auf Drucker [&hellip;]<\/p>\n","protected":false},"author":4,"featured_media":18473,"comment_status":"closed","ping_status":"closed","sticky":false,"template":"","format":"standard","meta":{"_acf_changed":false,"_yoast_wpseo_focuskw":"HP+","_yoast_wpseo_metadesc":"Zusammen mit dem ORGANISATOR l\u00e4dt HP KMU ein, die L\u00f6sung HP+ live drei Wochen zu testen und \u00fcber ihre Erfahrungen zu berichten.","articlekey":"","footnotes":""},"categories":[1],"tags":[3581,286,3582,508],"class_list":["post-18471","post","type-post","status-publish","format-standard","has-post-thumbnail","hentry","category-allgemein","tag-drucker","tag-it","tag-leseraktion","tag-vermischtes"],"acf":[],"yoast_head":"<!-- This site is optimized with the Yoast SEO plugin v27.4 - https:\/\/yoast.com\/product\/yoast-seo-wordpress\/ -->\n<title>HP+ macht das Drucken einfach und smart - Organisator<\/title>\n<meta name=\"description\" content=\"Zusammen mit dem ORGANISATOR l\u00e4dt HP KMU ein, die L\u00f6sung HP+ live drei Wochen zu testen und \u00fcber ihre Erfahrungen zu berichten.\" \/>\n<meta name=\"robots\" content=\"index, follow, max-snippet:-1, max-image-preview:large, max-video-preview:-1\" \/>\n<link rel=\"canonical\" href=\"https:\/\/www.organisator.ch\/fr\/general\/2023-01-13\/hp-macht-das-drucken-einfach-und-smart\/\" \/>\n<meta property=\"og:locale\" content=\"fr_FR\" \/>\n<meta property=\"og:type\" content=\"article\" \/>\n<meta property=\"og:title\" content=\"HP+ macht das Drucken einfach und smart - Organisator\" \/>\n<meta property=\"og:description\" content=\"Zusammen mit dem ORGANISATOR l\u00e4dt HP KMU ein, die L\u00f6sung HP+ live drei Wochen zu testen und \u00fcber ihre Erfahrungen zu berichten.\" \/>\n<meta property=\"og:url\" content=\"https:\/\/www.organisator.ch\/fr\/general\/2023-01-13\/hp-macht-das-drucken-einfach-und-smart\/\" \/>\n<meta property=\"og:site_name\" content=\"Organisator\" \/>\n<meta property=\"article:publisher\" content=\"https:\/\/www.facebook.com\/OrganisatorFachmagazin\" \/>\n<meta property=\"article:published_time\" content=\"2023-01-13T06:53:57+00:00\" \/>\n<meta property=\"article:modified_time\" content=\"2023-01-13T07:00:05+00:00\" \/>\n<meta property=\"og:image\" content=\"https:\/\/www.organisator.ch\/wp-content\/uploads\/2023\/01\/HP-macht-das-Drucken-einfach-und-smart_Organisator.jpg\" \/>\n\t<meta property=\"og:image:width\" content=\"680\" \/>\n\t<meta property=\"og:image:height\" content=\"453\" \/>\n\t<meta property=\"og:image:type\" content=\"image\/jpeg\" \/>\n<meta name=\"author\" content=\"thomas.berner\" \/>\n<meta name=\"twitter:card\" content=\"summary_large_image\" \/>\n<script type=\"application\/ld+json\" class=\"yoast-schema-graph\">{\"@context\":\"https:\\\/\\\/schema.org\",\"@graph\":[{\"@type\":\"Article\",\"@id\":\"https:\\\/\\\/www.organisator.ch\\\/allgemein\\\/2023-01-13\\\/hp-macht-das-drucken-einfach-und-smart\\\/#article\",\"isPartOf\":{\"@id\":\"https:\\\/\\\/www.organisator.ch\\\/allgemein\\\/2023-01-13\\\/hp-macht-das-drucken-einfach-und-smart\\\/\"},\"author\":{\"name\":\"thomas.berner\",\"@id\":\"https:\\\/\\\/www.organisator.ch\\\/#\\\/schema\\\/person\\\/6f650f90b2842cd4c0cc334b4e36f67e\"},\"headline\":\"HP+ macht das Drucken einfach und smart\",\"datePublished\":\"2023-01-13T06:53:57+00:00\",\"dateModified\":\"2023-01-13T07:00:05+00:00\",\"mainEntityOfPage\":{\"@id\":\"https:\\\/\\\/www.organisator.ch\\\/allgemein\\\/2023-01-13\\\/hp-macht-das-drucken-einfach-und-smart\\\/\"},\"wordCount\":643,\"publisher\":{\"@id\":\"https:\\\/\\\/www.organisator.ch\\\/#organization\"},\"image\":{\"@id\":\"https:\\\/\\\/www.organisator.ch\\\/allgemein\\\/2023-01-13\\\/hp-macht-das-drucken-einfach-und-smart\\\/#primaryimage\"},\"thumbnailUrl\":\"https:\\\/\\\/www.organisator.ch\\\/wp-content\\\/uploads\\\/2023\\\/01\\\/HP-macht-das-Drucken-einfach-und-smart_Organisator.jpg\",\"keywords\":[\"Drucker\",\"IT\",\"Leseraktion\",\"Vermischtes\"],\"articleSection\":[\"Allgemein\"],\"inLanguage\":\"fr-FR\"},{\"@type\":\"WebPage\",\"@id\":\"https:\\\/\\\/www.organisator.ch\\\/allgemein\\\/2023-01-13\\\/hp-macht-das-drucken-einfach-und-smart\\\/\",\"url\":\"https:\\\/\\\/www.organisator.ch\\\/allgemein\\\/2023-01-13\\\/hp-macht-das-drucken-einfach-und-smart\\\/\",\"name\":\"HP+ macht das Drucken einfach und smart - Organisator\",\"isPartOf\":{\"@id\":\"https:\\\/\\\/www.organisator.ch\\\/#website\"},\"primaryImageOfPage\":{\"@id\":\"https:\\\/\\\/www.organisator.ch\\\/allgemein\\\/2023-01-13\\\/hp-macht-das-drucken-einfach-und-smart\\\/#primaryimage\"},\"image\":{\"@id\":\"https:\\\/\\\/www.organisator.ch\\\/allgemein\\\/2023-01-13\\\/hp-macht-das-drucken-einfach-und-smart\\\/#primaryimage\"},\"thumbnailUrl\":\"https:\\\/\\\/www.organisator.ch\\\/wp-content\\\/uploads\\\/2023\\\/01\\\/HP-macht-das-Drucken-einfach-und-smart_Organisator.jpg\",\"datePublished\":\"2023-01-13T06:53:57+00:00\",\"dateModified\":\"2023-01-13T07:00:05+00:00\",\"description\":\"Zusammen mit dem ORGANISATOR l\u00e4dt HP KMU ein, die L\u00f6sung HP+ live drei Wochen zu testen und \u00fcber ihre Erfahrungen zu berichten.\",\"breadcrumb\":{\"@id\":\"https:\\\/\\\/www.organisator.ch\\\/allgemein\\\/2023-01-13\\\/hp-macht-das-drucken-einfach-und-smart\\\/#breadcrumb\"},\"inLanguage\":\"fr-FR\",\"potentialAction\":[{\"@type\":\"ReadAction\",\"target\":[\"https:\\\/\\\/www.organisator.ch\\\/allgemein\\\/2023-01-13\\\/hp-macht-das-drucken-einfach-und-smart\\\/\"]}]},{\"@type\":\"ImageObject\",\"inLanguage\":\"fr-FR\",\"@id\":\"https:\\\/\\\/www.organisator.ch\\\/allgemein\\\/2023-01-13\\\/hp-macht-das-drucken-einfach-und-smart\\\/#primaryimage\",\"url\":\"https:\\\/\\\/www.organisator.ch\\\/wp-content\\\/uploads\\\/2023\\\/01\\\/HP-macht-das-Drucken-einfach-und-smart_Organisator.jpg\",\"contentUrl\":\"https:\\\/\\\/www.organisator.ch\\\/wp-content\\\/uploads\\\/2023\\\/01\\\/HP-macht-das-Drucken-einfach-und-smart_Organisator.jpg\",\"width\":680,\"height\":453,\"caption\":\"Einfach und smart drucken im KMU: Die L\u00f6sung HP+ macht dies m\u00f6glich. (Bild: zVg \\\/ HP)\"},{\"@type\":\"BreadcrumbList\",\"@id\":\"https:\\\/\\\/www.organisator.ch\\\/allgemein\\\/2023-01-13\\\/hp-macht-das-drucken-einfach-und-smart\\\/#breadcrumb\",\"itemListElement\":[{\"@type\":\"ListItem\",\"position\":1,\"name\":\"Home\",\"item\":\"https:\\\/\\\/www.organisator.ch\\\/\"},{\"@type\":\"ListItem\",\"position\":2,\"name\":\"HP+ macht das Drucken einfach und smart\"}]},{\"@type\":\"WebSite\",\"@id\":\"https:\\\/\\\/www.organisator.ch\\\/#website\",\"url\":\"https:\\\/\\\/www.organisator.ch\\\/\",\"name\":\"Organisator\",\"description\":\"Kompetent. Praxisnah. Der ORGANISATOR bereitet in 10 Ausgaben pro Jahr die wesentlichen Themen f\u00fcr F\u00fchrungskr\u00e4fte von KMU auf.\",\"publisher\":{\"@id\":\"https:\\\/\\\/www.organisator.ch\\\/#organization\"},\"potentialAction\":[{\"@type\":\"SearchAction\",\"target\":{\"@type\":\"EntryPoint\",\"urlTemplate\":\"https:\\\/\\\/www.organisator.ch\\\/?s={search_term_string}\"},\"query-input\":{\"@type\":\"PropertyValueSpecification\",\"valueRequired\":true,\"valueName\":\"search_term_string\"}}],\"inLanguage\":\"fr-FR\"},{\"@type\":\"Organization\",\"@id\":\"https:\\\/\\\/www.organisator.ch\\\/#organization\",\"name\":\"Organisator\",\"url\":\"https:\\\/\\\/www.organisator.ch\\\/\",\"logo\":{\"@type\":\"ImageObject\",\"inLanguage\":\"fr-FR\",\"@id\":\"https:\\\/\\\/www.organisator.ch\\\/#\\\/schema\\\/logo\\\/image\\\/\",\"url\":\"https:\\\/\\\/www.organisator.ch\\\/wp-content\\\/uploads\\\/2022\\\/01\\\/Logo_Organisator_Website.png\",\"contentUrl\":\"https:\\\/\\\/www.organisator.ch\\\/wp-content\\\/uploads\\\/2022\\\/01\\\/Logo_Organisator_Website.png\",\"width\":800,\"height\":77,\"caption\":\"Organisator\"},\"image\":{\"@id\":\"https:\\\/\\\/www.organisator.ch\\\/#\\\/schema\\\/logo\\\/image\\\/\"},\"sameAs\":[\"https:\\\/\\\/www.facebook.com\\\/OrganisatorFachmagazin\",\"https:\\\/\\\/www.linkedin.com\\\/showcase\\\/organisator-das-magazin-fr-kmu\",\"https:\\\/\\\/www.xing.com\\\/news\\\/pages\\\/organisator-ch-695\",\"https:\\\/\\\/www.youtube.com\\\/channel\\\/UCGP2Sq0iWaZwT3BdIAQFYpw\"]},{\"@type\":\"Person\",\"@id\":\"https:\\\/\\\/www.organisator.ch\\\/#\\\/schema\\\/person\\\/6f650f90b2842cd4c0cc334b4e36f67e\",\"name\":\"thomas.berner\",\"image\":{\"@type\":\"ImageObject\",\"inLanguage\":\"fr-FR\",\"@id\":\"https:\\\/\\\/secure.gravatar.com\\\/avatar\\\/ac5001d2a36cb6c6cd3e50789007ffca834b477b74a2144564522e944eabff61?s=96&d=mm&r=g\",\"url\":\"https:\\\/\\\/secure.gravatar.com\\\/avatar\\\/ac5001d2a36cb6c6cd3e50789007ffca834b477b74a2144564522e944eabff61?s=96&d=mm&r=g\",\"contentUrl\":\"https:\\\/\\\/secure.gravatar.com\\\/avatar\\\/ac5001d2a36cb6c6cd3e50789007ffca834b477b74a2144564522e944eabff61?s=96&d=mm&r=g\",\"caption\":\"thomas.berner\"},\"url\":\"https:\\\/\\\/www.organisator.ch\\\/fr\\\/author\\\/thomas-berner\\\/\"}]}<\/script>\n<!-- \/ Yoast SEO plugin. -->","yoast_head_json":{"title":"HP+ rend l'impression simple et intelligente - Organisateur","description":"En collaboration avec l'ORGANISATEUR, HP invite les PME \u00e0 tester la solution HP+ en direct pendant trois semaines et \u00e0 faire part de leurs exp\u00e9riences.","robots":{"index":"index","follow":"follow","max-snippet":"max-snippet:-1","max-image-preview":"max-image-preview:large","max-video-preview":"max-video-preview:-1"},"canonical":"https:\/\/www.organisator.ch\/fr\/general\/2023-01-13\/hp-macht-das-drucken-einfach-und-smart\/","og_locale":"fr_FR","og_type":"article","og_title":"HP+ macht das Drucken einfach und smart - Organisator","og_description":"Zusammen mit dem ORGANISATOR l\u00e4dt HP KMU ein, die L\u00f6sung HP+ live drei Wochen zu testen und \u00fcber ihre Erfahrungen zu berichten.","og_url":"https:\/\/www.organisator.ch\/fr\/general\/2023-01-13\/hp-macht-das-drucken-einfach-und-smart\/","og_site_name":"Organisator","article_publisher":"https:\/\/www.facebook.com\/OrganisatorFachmagazin","article_published_time":"2023-01-13T06:53:57+00:00","article_modified_time":"2023-01-13T07:00:05+00:00","og_image":[{"width":680,"height":453,"url":"https:\/\/www.organisator.ch\/wp-content\/uploads\/2023\/01\/HP-macht-das-Drucken-einfach-und-smart_Organisator.jpg","type":"image\/jpeg"}],"author":"thomas.berner","twitter_card":"summary_large_image","schema":{"@context":"https:\/\/schema.org","@graph":[{"@type":"Article","@id":"https:\/\/www.organisator.ch\/allgemein\/2023-01-13\/hp-macht-das-drucken-einfach-und-smart\/#article","isPartOf":{"@id":"https:\/\/www.organisator.ch\/allgemein\/2023-01-13\/hp-macht-das-drucken-einfach-und-smart\/"},"author":{"name":"thomas.berner","@id":"https:\/\/www.organisator.ch\/#\/schema\/person\/6f650f90b2842cd4c0cc334b4e36f67e"},"headline":"HP+ macht das Drucken einfach und smart","datePublished":"2023-01-13T06:53:57+00:00","dateModified":"2023-01-13T07:00:05+00:00","mainEntityOfPage":{"@id":"https:\/\/www.organisator.ch\/allgemein\/2023-01-13\/hp-macht-das-drucken-einfach-und-smart\/"},"wordCount":643,"publisher":{"@id":"https:\/\/www.organisator.ch\/#organization"},"image":{"@id":"https:\/\/www.organisator.ch\/allgemein\/2023-01-13\/hp-macht-das-drucken-einfach-und-smart\/#primaryimage"},"thumbnailUrl":"https:\/\/www.organisator.ch\/wp-content\/uploads\/2023\/01\/HP-macht-das-Drucken-einfach-und-smart_Organisator.jpg","keywords":["Drucker","IT","Leseraktion","Vermischtes"],"articleSection":["Allgemein"],"inLanguage":"fr-FR"},{"@type":"WebPage","@id":"https:\/\/www.organisator.ch\/allgemein\/2023-01-13\/hp-macht-das-drucken-einfach-und-smart\/","url":"https:\/\/www.organisator.ch\/allgemein\/2023-01-13\/hp-macht-das-drucken-einfach-und-smart\/","name":"HP+ rend l'impression simple et intelligente - Organisateur","isPartOf":{"@id":"https:\/\/www.organisator.ch\/#website"},"primaryImageOfPage":{"@id":"https:\/\/www.organisator.ch\/allgemein\/2023-01-13\/hp-macht-das-drucken-einfach-und-smart\/#primaryimage"},"image":{"@id":"https:\/\/www.organisator.ch\/allgemein\/2023-01-13\/hp-macht-das-drucken-einfach-und-smart\/#primaryimage"},"thumbnailUrl":"https:\/\/www.organisator.ch\/wp-content\/uploads\/2023\/01\/HP-macht-das-Drucken-einfach-und-smart_Organisator.jpg","datePublished":"2023-01-13T06:53:57+00:00","dateModified":"2023-01-13T07:00:05+00:00","description":"En collaboration avec l'ORGANISATEUR, HP invite les PME \u00e0 tester la solution HP+ en direct pendant trois semaines et \u00e0 faire part de leurs exp\u00e9riences.","breadcrumb":{"@id":"https:\/\/www.organisator.ch\/allgemein\/2023-01-13\/hp-macht-das-drucken-einfach-und-smart\/#breadcrumb"},"inLanguage":"fr-FR","potentialAction":[{"@type":"ReadAction","target":["https:\/\/www.organisator.ch\/allgemein\/2023-01-13\/hp-macht-das-drucken-einfach-und-smart\/"]}]},{"@type":"ImageObject","inLanguage":"fr-FR","@id":"https:\/\/www.organisator.ch\/allgemein\/2023-01-13\/hp-macht-das-drucken-einfach-und-smart\/#primaryimage","url":"https:\/\/www.organisator.ch\/wp-content\/uploads\/2023\/01\/HP-macht-das-Drucken-einfach-und-smart_Organisator.jpg","contentUrl":"https:\/\/www.organisator.ch\/wp-content\/uploads\/2023\/01\/HP-macht-das-Drucken-einfach-und-smart_Organisator.jpg","width":680,"height":453,"caption":"Einfach und smart drucken im KMU: Die L\u00f6sung HP+ macht dies m\u00f6glich. (Bild: zVg \/ HP)"},{"@type":"BreadcrumbList","@id":"https:\/\/www.organisator.ch\/allgemein\/2023-01-13\/hp-macht-das-drucken-einfach-und-smart\/#breadcrumb","itemListElement":[{"@type":"ListItem","position":1,"name":"Home","item":"https:\/\/www.organisator.ch\/"},{"@type":"ListItem","position":2,"name":"HP+ macht das Drucken einfach und smart"}]},{"@type":"WebSite","@id":"https:\/\/www.organisator.ch\/#website","url":"https:\/\/www.organisator.ch\/","name":"Organisateur","description":"Comp\u00e9tence et comp\u00e9tence. Proches de la pratique. L'ORGANISATEUR pr\u00e9pare 10 num\u00e9ros par an sur les th\u00e8mes essentiels pour les dirigeants de PME.","publisher":{"@id":"https:\/\/www.organisator.ch\/#organization"},"potentialAction":[{"@type":"SearchAction","target":{"@type":"EntryPoint","urlTemplate":"https:\/\/www.organisator.ch\/?s={search_term_string}"},"query-input":{"@type":"PropertyValueSpecification","valueRequired":true,"valueName":"search_term_string"}}],"inLanguage":"fr-FR"},{"@type":"Organization","@id":"https:\/\/www.organisator.ch\/#organization","name":"Organisateur","url":"https:\/\/www.organisator.ch\/","logo":{"@type":"ImageObject","inLanguage":"fr-FR","@id":"https:\/\/www.organisator.ch\/#\/schema\/logo\/image\/","url":"https:\/\/www.organisator.ch\/wp-content\/uploads\/2022\/01\/Logo_Organisator_Website.png","contentUrl":"https:\/\/www.organisator.ch\/wp-content\/uploads\/2022\/01\/Logo_Organisator_Website.png","width":800,"height":77,"caption":"Organisator"},"image":{"@id":"https:\/\/www.organisator.ch\/#\/schema\/logo\/image\/"},"sameAs":["https:\/\/www.facebook.com\/OrganisatorFachmagazin","https:\/\/www.linkedin.com\/showcase\/organisator-das-magazin-fr-kmu","https:\/\/www.xing.com\/news\/pages\/organisator-ch-695","https:\/\/www.youtube.com\/channel\/UCGP2Sq0iWaZwT3BdIAQFYpw"]},{"@type":"Person","@id":"https:\/\/www.organisator.ch\/#\/schema\/person\/6f650f90b2842cd4c0cc334b4e36f67e","name":"thomas.berner","image":{"@type":"ImageObject","inLanguage":"fr-FR","@id":"https:\/\/secure.gravatar.com\/avatar\/ac5001d2a36cb6c6cd3e50789007ffca834b477b74a2144564522e944eabff61?s=96&d=mm&r=g","url":"https:\/\/secure.gravatar.com\/avatar\/ac5001d2a36cb6c6cd3e50789007ffca834b477b74a2144564522e944eabff61?s=96&d=mm&r=g","contentUrl":"https:\/\/secure.gravatar.com\/avatar\/ac5001d2a36cb6c6cd3e50789007ffca834b477b74a2144564522e944eabff61?s=96&d=mm&r=g","caption":"thomas.berner"},"url":"https:\/\/www.organisator.ch\/fr\/author\/thomas-berner\/"}]}},"_links":{"self":[{"href":"https:\/\/www.organisator.ch\/fr\/wp-json\/wp\/v2\/posts\/18471","targetHints":{"allow":["GET"]}}],"collection":[{"href":"https:\/\/www.organisator.ch\/fr\/wp-json\/wp\/v2\/posts"}],"about":[{"href":"https:\/\/www.organisator.ch\/fr\/wp-json\/wp\/v2\/types\/post"}],"author":[{"embeddable":true,"href":"https:\/\/www.organisator.ch\/fr\/wp-json\/wp\/v2\/users\/4"}],"replies":[{"embeddable":true,"href":"https:\/\/www.organisator.ch\/fr\/wp-json\/wp\/v2\/comments?post=18471"}],"version-history":[{"count":2,"href":"https:\/\/www.organisator.ch\/fr\/wp-json\/wp\/v2\/posts\/18471\/revisions"}],"predecessor-version":[{"id":18474,"href":"https:\/\/www.organisator.ch\/fr\/wp-json\/wp\/v2\/posts\/18471\/revisions\/18474"}],"wp:featuredmedia":[{"embeddable":true,"href":"https:\/\/www.organisator.ch\/fr\/wp-json\/wp\/v2\/media\/18473"}],"wp:attachment":[{"href":"https:\/\/www.organisator.ch\/fr\/wp-json\/wp\/v2\/media?parent=18471"}],"wp:term":[{"taxonomy":"category","embeddable":true,"href":"https:\/\/www.organisator.ch\/fr\/wp-json\/wp\/v2\/categories?post=18471"},{"taxonomy":"post_tag","embeddable":true,"href":"https:\/\/www.organisator.ch\/fr\/wp-json\/wp\/v2\/tags?post=18471"}],"curies":[{"name":"wp","href":"https:\/\/api.w.org\/{rel}","templated":true}]}}