{"id":18480,"date":"2023-01-13T10:54:49","date_gmt":"2023-01-13T09:54:49","guid":{"rendered":"https:\/\/www.m-q.ch\/?p=17415"},"modified":"2024-11-19T10:35:32","modified_gmt":"2024-11-19T09:35:32","slug":"swiss-safety-center-akademie-ist-nun-eduqua-zertifiziert","status":"publish","type":"post","link":"https:\/\/www.organisator.ch\/fr\/operational-excellence\/2023-01-13\/swiss-safety-center-akademie-ist-nun-eduqua-zertifiziert\/","title":{"rendered":"L'acad\u00e9mie du Swiss Safety Center est d\u00e9sormais certifi\u00e9e eduQua"},"content":{"rendered":"<figure id=\"attachment_17416\" class=\"wp-caption alignnone\" style=\"width: 680px\" aria-describedby=\"caption-attachment-17416\"><img class=\"alignnone wp-image-17416 size-full\" src=\"https:\/\/www.m-q.ch\/wp-content\/uploads\/2023\/01\/Swiss-Safety-Center-Akademie-ist-nun-eduQua-zertifiziert_MQ.jpg\" alt=\"Centre suisse de s\u00e9curit\u00e9\" width=\"680\" height=\"439\" \/>\r\n<figcaption id=\"caption-attachment-17416\" class=\"wp-caption-text\">L'acad\u00e9mie Swiss Safety Center porte d\u00e9sormais \u00e9galement le label de qualit\u00e9 eduQua. (Image : Swiss Safety Center \/ eduQua)<\/figcaption>\r\n<\/figure>\r\n<p>L'acad\u00e9mie Swiss Safety Center de Wallisellen r\u00e9pond aux normes \u00e9lev\u00e9es du label de qualit\u00e9 eduQua et est d\u00e9sormais certifi\u00e9e eduQua. C'est ce qu'a annonc\u00e9 l'institut dans un bref communiqu\u00e9. En remplissant les crit\u00e8res de qualit\u00e9, l'acad\u00e9mie obtient d\u00e9sormais le label de qualit\u00e9 suisse pour les prestataires de formation continue.<\/p>\r\n<p>eduQua est le seul label de qualit\u00e9 suisse con\u00e7u exclusivement pour les prestataires de formation continue. Il fixe et contr\u00f4le des crit\u00e8res minimaux pour la qualit\u00e9 des prestataires de formation continue et favorise la transparence, la comparabilit\u00e9 et la qualit\u00e9 des formations continues propos\u00e9es. Une institution de formation continue certifi\u00e9e eduQua se distingue par des cours et des s\u00e9minaires accr\u00e9dit\u00e9s, un lien \u00e9troit avec la pratique, la reconnaissance des titres et des dipl\u00f4mes, la transparence et le caract\u00e8re obligatoire du contenu des programmes et des preuves concr\u00e8tes de qualit\u00e9. Selon les donn\u00e9es de la F\u00e9d\u00e9ration suisse pour la formation continue FSEA, plus de 1100 \u00e9coles, instituts et acad\u00e9mies sont certifi\u00e9s eduQua. eduQua peut \u00eatre combin\u00e9 avec ISO 9001 (gestion de la qualit\u00e9), ISO 29990 (gestion de la qualit\u00e9 pour les institutions de formation), ISO 14001 (gestion environnementale) et IN-Qualis (qualit\u00e9 certifi\u00e9e de l'int\u00e9gration au travail).<\/p>\r\n<p>Avec la certification, la conscience de la qualit\u00e9 de l'acad\u00e9mie Swiss Safety Center est d\u00e9sormais encourag\u00e9e, l'engagement \u00e0 travailler continuellement \u00e0 la qualit\u00e9 et \u00e0 le rendre visible aux clients vers l'ext\u00e9rieur, comme le communique l'entreprise.<\/p>\r\n<p><em>Source et informations compl\u00e9mentaires : <a href=\"https:\/\/akademie.safetycenter.ch\/\">https:\/\/akademie.safetycenter.ch\/<\/a><\/em><\/p>\n<p class=\"syndicated-attribution\">Cet article est paru initialement sur m-q.ch - <a href=\"https:\/\/www.m-q.ch\/de\/swiss-safety-center-akademie-ist-nun-eduqua-zertifiziert\/\" target=\"_blank\">https:\/\/www.m-q.ch\/de\/swiss-safety-center-akademie-ist-nun-eduqua-zertifiziert\/<\/a><\/p>","protected":false},"excerpt":{"rendered":"<p>Die Swiss Safety Center Akademie Wallisellen erf\u00fcllt die hohen Standards des eduQua Qualit\u00e4tslabels und ist nun eduQua-zertifiziert. Dies teilte das Institut in einem kurzen Communiqu\u00e9 mit. Durch die Erf\u00fcllung der Qualit\u00e4tskriterien erh\u00e4lt die Akademie nun das Schweizer Qualit\u00e4tslabel f\u00fcr Weiterbildungsanbietende. eduQua ist das einzige, ausschliesslich auf Anbieter von Weiterbildung zugeschnittene Schweizer Qualit\u00e4tslabel. Es setzt und [\u2026]<\/p>\n","protected":false},"author":8,"featured_media":0,"comment_status":"closed","ping_status":"closed","sticky":false,"template":"","format":"standard","meta":{"_acf_changed":false,"_yoast_wpseo_focuskw":"Swiss Safety Center","_yoast_wpseo_metadesc":"Swiss Safety Center Akademie erh\u00e4lt eduQua-Qualit\u00e4tslabel. Hohe Standards und Praxisbezug in Weiterbildungsangeboten.","articlekey":"","footnotes":""},"categories":[582],"tags":[],"class_list":["post-18480","post","type-post","status-publish","format-standard","hentry","category-operational-excellence"],"acf":[],"yoast_head":"<!-- This site is optimized with the Yoast SEO plugin v27.5 - https:\/\/yoast.com\/product\/yoast-seo-wordpress\/ -->\n<title>Swiss Safety Center Akademie ist nun eduQua-zertifiziert - Organisator<\/title>\n<meta name=\"description\" content=\"Swiss Safety Center Akademie erh\u00e4lt eduQua-Qualit\u00e4tslabel. Hohe Standards und Praxisbezug in Weiterbildungsangeboten.\" \/>\n<meta name=\"robots\" content=\"index, follow, max-snippet:-1, max-image-preview:large, max-video-preview:-1\" \/>\n<link rel=\"canonical\" href=\"https:\/\/www.organisator.ch\/fr\/excellence-operationnelle\/2023-01-13\/swiss-safety-center-akademie-ist-nun-eduqua-zertifiziert\/\" \/>\n<meta property=\"og:locale\" content=\"fr_FR\" \/>\n<meta property=\"og:type\" content=\"article\" \/>\n<meta property=\"og:title\" content=\"Swiss Safety Center Akademie ist nun eduQua-zertifiziert - Organisator\" \/>\n<meta property=\"og:description\" content=\"Swiss Safety Center Akademie erh\u00e4lt eduQua-Qualit\u00e4tslabel. Hohe Standards und Praxisbezug in Weiterbildungsangeboten.\" \/>\n<meta property=\"og:url\" content=\"https:\/\/www.organisator.ch\/fr\/excellence-operationnelle\/2023-01-13\/swiss-safety-center-akademie-ist-nun-eduqua-zertifiziert\/\" \/>\n<meta property=\"og:site_name\" content=\"Organisator\" \/>\n<meta property=\"article:publisher\" content=\"https:\/\/www.facebook.com\/OrganisatorFachmagazin\" \/>\n<meta property=\"article:published_time\" content=\"2023-01-13T09:54:49+00:00\" \/>\n<meta property=\"article:modified_time\" content=\"2024-11-19T09:35:32+00:00\" \/>\n<meta name=\"author\" content=\"galledia\" \/>\n<meta name=\"twitter:card\" content=\"summary_large_image\" \/>\n<meta name=\"twitter:creator\" content=\"@admin\" \/>\n<script type=\"application\/ld+json\" class=\"yoast-schema-graph\">{\"@context\":\"https:\\\/\\\/schema.org\",\"@graph\":[{\"@type\":\"Article\",\"@id\":\"https:\\\/\\\/www.organisator.ch\\\/operational-excellence\\\/2023-01-13\\\/swiss-safety-center-akademie-ist-nun-eduqua-zertifiziert\\\/#article\",\"isPartOf\":{\"@id\":\"https:\\\/\\\/www.organisator.ch\\\/operational-excellence\\\/2023-01-13\\\/swiss-safety-center-akademie-ist-nun-eduqua-zertifiziert\\\/\"},\"author\":{\"name\":\"galledia\",\"@id\":\"https:\\\/\\\/www.organisator.ch\\\/#\\\/schema\\\/person\\\/4e51799071cd2dd1232ac003643ef5f0\"},\"headline\":\"Swiss Safety Center Akademie ist nun eduQua-zertifiziert\",\"datePublished\":\"2023-01-13T09:54:49+00:00\",\"dateModified\":\"2024-11-19T09:35:32+00:00\",\"mainEntityOfPage\":{\"@id\":\"https:\\\/\\\/www.organisator.ch\\\/operational-excellence\\\/2023-01-13\\\/swiss-safety-center-akademie-ist-nun-eduqua-zertifiziert\\\/\"},\"wordCount\":228,\"publisher\":{\"@id\":\"https:\\\/\\\/www.organisator.ch\\\/#organization\"},\"image\":{\"@id\":\"https:\\\/\\\/www.organisator.ch\\\/operational-excellence\\\/2023-01-13\\\/swiss-safety-center-akademie-ist-nun-eduqua-zertifiziert\\\/#primaryimage\"},\"thumbnailUrl\":\"https:\\\/\\\/www.m-q.ch\\\/wp-content\\\/uploads\\\/2023\\\/01\\\/Swiss-Safety-Center-Akademie-ist-nun-eduQua-zertifiziert_MQ.jpg\",\"articleSection\":[\"OPERATIONAL EXCELLENCE\"],\"inLanguage\":\"fr-FR\"},{\"@type\":\"WebPage\",\"@id\":\"https:\\\/\\\/www.organisator.ch\\\/operational-excellence\\\/2023-01-13\\\/swiss-safety-center-akademie-ist-nun-eduqua-zertifiziert\\\/\",\"url\":\"https:\\\/\\\/www.organisator.ch\\\/operational-excellence\\\/2023-01-13\\\/swiss-safety-center-akademie-ist-nun-eduqua-zertifiziert\\\/\",\"name\":\"Swiss Safety Center Akademie ist nun eduQua-zertifiziert - Organisator\",\"isPartOf\":{\"@id\":\"https:\\\/\\\/www.organisator.ch\\\/#website\"},\"primaryImageOfPage\":{\"@id\":\"https:\\\/\\\/www.organisator.ch\\\/operational-excellence\\\/2023-01-13\\\/swiss-safety-center-akademie-ist-nun-eduqua-zertifiziert\\\/#primaryimage\"},\"image\":{\"@id\":\"https:\\\/\\\/www.organisator.ch\\\/operational-excellence\\\/2023-01-13\\\/swiss-safety-center-akademie-ist-nun-eduqua-zertifiziert\\\/#primaryimage\"},\"thumbnailUrl\":\"https:\\\/\\\/www.m-q.ch\\\/wp-content\\\/uploads\\\/2023\\\/01\\\/Swiss-Safety-Center-Akademie-ist-nun-eduQua-zertifiziert_MQ.jpg\",\"datePublished\":\"2023-01-13T09:54:49+00:00\",\"dateModified\":\"2024-11-19T09:35:32+00:00\",\"description\":\"Swiss Safety Center Akademie erh\u00e4lt eduQua-Qualit\u00e4tslabel. Hohe Standards und Praxisbezug in Weiterbildungsangeboten.\",\"breadcrumb\":{\"@id\":\"https:\\\/\\\/www.organisator.ch\\\/operational-excellence\\\/2023-01-13\\\/swiss-safety-center-akademie-ist-nun-eduqua-zertifiziert\\\/#breadcrumb\"},\"inLanguage\":\"fr-FR\",\"potentialAction\":[{\"@type\":\"ReadAction\",\"target\":[\"https:\\\/\\\/www.organisator.ch\\\/operational-excellence\\\/2023-01-13\\\/swiss-safety-center-akademie-ist-nun-eduqua-zertifiziert\\\/\"]}]},{\"@type\":\"ImageObject\",\"inLanguage\":\"fr-FR\",\"@id\":\"https:\\\/\\\/www.organisator.ch\\\/operational-excellence\\\/2023-01-13\\\/swiss-safety-center-akademie-ist-nun-eduqua-zertifiziert\\\/#primaryimage\",\"url\":\"https:\\\/\\\/www.m-q.ch\\\/wp-content\\\/uploads\\\/2023\\\/01\\\/Swiss-Safety-Center-Akademie-ist-nun-eduQua-zertifiziert_MQ.jpg\",\"contentUrl\":\"https:\\\/\\\/www.m-q.ch\\\/wp-content\\\/uploads\\\/2023\\\/01\\\/Swiss-Safety-Center-Akademie-ist-nun-eduQua-zertifiziert_MQ.jpg\"},{\"@type\":\"BreadcrumbList\",\"@id\":\"https:\\\/\\\/www.organisator.ch\\\/operational-excellence\\\/2023-01-13\\\/swiss-safety-center-akademie-ist-nun-eduqua-zertifiziert\\\/#breadcrumb\",\"itemListElement\":[{\"@type\":\"ListItem\",\"position\":1,\"name\":\"Home\",\"item\":\"https:\\\/\\\/www.organisator.ch\\\/\"},{\"@type\":\"ListItem\",\"position\":2,\"name\":\"Swiss Safety Center Akademie ist nun eduQua-zertifiziert\"}]},{\"@type\":\"WebSite\",\"@id\":\"https:\\\/\\\/www.organisator.ch\\\/#website\",\"url\":\"https:\\\/\\\/www.organisator.ch\\\/\",\"name\":\"Organisator\",\"description\":\"Kompetent. Praxisnah. Der ORGANISATOR bereitet in 10 Ausgaben pro Jahr die wesentlichen Themen f\u00fcr F\u00fchrungskr\u00e4fte von KMU auf.\",\"publisher\":{\"@id\":\"https:\\\/\\\/www.organisator.ch\\\/#organization\"},\"potentialAction\":[{\"@type\":\"SearchAction\",\"target\":{\"@type\":\"EntryPoint\",\"urlTemplate\":\"https:\\\/\\\/www.organisator.ch\\\/?s={search_term_string}\"},\"query-input\":{\"@type\":\"PropertyValueSpecification\",\"valueRequired\":true,\"valueName\":\"search_term_string\"}}],\"inLanguage\":\"fr-FR\"},{\"@type\":\"Organization\",\"@id\":\"https:\\\/\\\/www.organisator.ch\\\/#organization\",\"name\":\"Organisator\",\"url\":\"https:\\\/\\\/www.organisator.ch\\\/\",\"logo\":{\"@type\":\"ImageObject\",\"inLanguage\":\"fr-FR\",\"@id\":\"https:\\\/\\\/www.organisator.ch\\\/#\\\/schema\\\/logo\\\/image\\\/\",\"url\":\"https:\\\/\\\/www.organisator.ch\\\/wp-content\\\/uploads\\\/2022\\\/01\\\/Logo_Organisator_Website.png\",\"contentUrl\":\"https:\\\/\\\/www.organisator.ch\\\/wp-content\\\/uploads\\\/2022\\\/01\\\/Logo_Organisator_Website.png\",\"width\":800,\"height\":77,\"caption\":\"Organisator\"},\"image\":{\"@id\":\"https:\\\/\\\/www.organisator.ch\\\/#\\\/schema\\\/logo\\\/image\\\/\"},\"sameAs\":[\"https:\\\/\\\/www.facebook.com\\\/OrganisatorFachmagazin\",\"https:\\\/\\\/www.linkedin.com\\\/showcase\\\/organisator-das-magazin-fr-kmu\",\"https:\\\/\\\/www.xing.com\\\/news\\\/pages\\\/organisator-ch-695\",\"https:\\\/\\\/www.youtube.com\\\/channel\\\/UCGP2Sq0iWaZwT3BdIAQFYpw\"]},{\"@type\":\"Person\",\"@id\":\"https:\\\/\\\/www.organisator.ch\\\/#\\\/schema\\\/person\\\/4e51799071cd2dd1232ac003643ef5f0\",\"name\":\"galledia\",\"image\":{\"@type\":\"ImageObject\",\"inLanguage\":\"fr-FR\",\"@id\":\"https:\\\/\\\/secure.gravatar.com\\\/avatar\\\/78a7f90c01fc2bfc875782a0d4922b37cde2cf184ce347b91316d23cd7f69a36?s=96&d=mm&r=g\",\"url\":\"https:\\\/\\\/secure.gravatar.com\\\/avatar\\\/78a7f90c01fc2bfc875782a0d4922b37cde2cf184ce347b91316d23cd7f69a36?s=96&d=mm&r=g\",\"contentUrl\":\"https:\\\/\\\/secure.gravatar.com\\\/avatar\\\/78a7f90c01fc2bfc875782a0d4922b37cde2cf184ce347b91316d23cd7f69a36?s=96&d=mm&r=g\",\"caption\":\"galledia\"},\"sameAs\":[\"https:\\\/\\\/x.com\\\/admin\"],\"url\":\"https:\\\/\\\/www.organisator.ch\\\/fr\\\/author\\\/galledia\\\/\"}]}<\/script>\n<!-- \/ Yoast SEO plugin. -->","yoast_head_json":{"title":"L'acad\u00e9mie Swiss Safety Center est d\u00e9sormais certifi\u00e9e eduQua - Organisateur","description":"L'Acad\u00e9mie Swiss Safety Center re\u00e7oit le label de qualit\u00e9 eduQua. Standards \u00e9lev\u00e9s et lien avec la pratique dans les offres de formation continue.","robots":{"index":"index","follow":"follow","max-snippet":"max-snippet:-1","max-image-preview":"max-image-preview:large","max-video-preview":"max-video-preview:-1"},"canonical":"https:\/\/www.organisator.ch\/fr\/excellence-operationnelle\/2023-01-13\/swiss-safety-center-akademie-ist-nun-eduqua-zertifiziert\/","og_locale":"fr_FR","og_type":"article","og_title":"Swiss Safety Center Akademie ist nun eduQua-zertifiziert - Organisator","og_description":"Swiss Safety Center Akademie erh\u00e4lt eduQua-Qualit\u00e4tslabel. Hohe Standards und Praxisbezug in Weiterbildungsangeboten.","og_url":"https:\/\/www.organisator.ch\/fr\/excellence-operationnelle\/2023-01-13\/swiss-safety-center-akademie-ist-nun-eduqua-zertifiziert\/","og_site_name":"Organisator","article_publisher":"https:\/\/www.facebook.com\/OrganisatorFachmagazin","article_published_time":"2023-01-13T09:54:49+00:00","article_modified_time":"2024-11-19T09:35:32+00:00","author":"galledia","twitter_card":"summary_large_image","twitter_creator":"@admin","schema":{"@context":"https:\/\/schema.org","@graph":[{"@type":"Article","@id":"https:\/\/www.organisator.ch\/operational-excellence\/2023-01-13\/swiss-safety-center-akademie-ist-nun-eduqua-zertifiziert\/#article","isPartOf":{"@id":"https:\/\/www.organisator.ch\/operational-excellence\/2023-01-13\/swiss-safety-center-akademie-ist-nun-eduqua-zertifiziert\/"},"author":{"name":"galledia","@id":"https:\/\/www.organisator.ch\/#\/schema\/person\/4e51799071cd2dd1232ac003643ef5f0"},"headline":"Swiss Safety Center Akademie ist nun eduQua-zertifiziert","datePublished":"2023-01-13T09:54:49+00:00","dateModified":"2024-11-19T09:35:32+00:00","mainEntityOfPage":{"@id":"https:\/\/www.organisator.ch\/operational-excellence\/2023-01-13\/swiss-safety-center-akademie-ist-nun-eduqua-zertifiziert\/"},"wordCount":228,"publisher":{"@id":"https:\/\/www.organisator.ch\/#organization"},"image":{"@id":"https:\/\/www.organisator.ch\/operational-excellence\/2023-01-13\/swiss-safety-center-akademie-ist-nun-eduqua-zertifiziert\/#primaryimage"},"thumbnailUrl":"https:\/\/www.m-q.ch\/wp-content\/uploads\/2023\/01\/Swiss-Safety-Center-Akademie-ist-nun-eduQua-zertifiziert_MQ.jpg","articleSection":["OPERATIONAL EXCELLENCE"],"inLanguage":"fr-FR"},{"@type":"WebPage","@id":"https:\/\/www.organisator.ch\/operational-excellence\/2023-01-13\/swiss-safety-center-akademie-ist-nun-eduqua-zertifiziert\/","url":"https:\/\/www.organisator.ch\/operational-excellence\/2023-01-13\/swiss-safety-center-akademie-ist-nun-eduqua-zertifiziert\/","name":"L'acad\u00e9mie Swiss Safety Center est d\u00e9sormais certifi\u00e9e eduQua - Organisateur","isPartOf":{"@id":"https:\/\/www.organisator.ch\/#website"},"primaryImageOfPage":{"@id":"https:\/\/www.organisator.ch\/operational-excellence\/2023-01-13\/swiss-safety-center-akademie-ist-nun-eduqua-zertifiziert\/#primaryimage"},"image":{"@id":"https:\/\/www.organisator.ch\/operational-excellence\/2023-01-13\/swiss-safety-center-akademie-ist-nun-eduqua-zertifiziert\/#primaryimage"},"thumbnailUrl":"https:\/\/www.m-q.ch\/wp-content\/uploads\/2023\/01\/Swiss-Safety-Center-Akademie-ist-nun-eduQua-zertifiziert_MQ.jpg","datePublished":"2023-01-13T09:54:49+00:00","dateModified":"2024-11-19T09:35:32+00:00","description":"L'Acad\u00e9mie Swiss Safety Center re\u00e7oit le label de qualit\u00e9 eduQua. Standards \u00e9lev\u00e9s et lien avec la pratique dans les offres de formation continue.","breadcrumb":{"@id":"https:\/\/www.organisator.ch\/operational-excellence\/2023-01-13\/swiss-safety-center-akademie-ist-nun-eduqua-zertifiziert\/#breadcrumb"},"inLanguage":"fr-FR","potentialAction":[{"@type":"ReadAction","target":["https:\/\/www.organisator.ch\/operational-excellence\/2023-01-13\/swiss-safety-center-akademie-ist-nun-eduqua-zertifiziert\/"]}]},{"@type":"ImageObject","inLanguage":"fr-FR","@id":"https:\/\/www.organisator.ch\/operational-excellence\/2023-01-13\/swiss-safety-center-akademie-ist-nun-eduqua-zertifiziert\/#primaryimage","url":"https:\/\/www.m-q.ch\/wp-content\/uploads\/2023\/01\/Swiss-Safety-Center-Akademie-ist-nun-eduQua-zertifiziert_MQ.jpg","contentUrl":"https:\/\/www.m-q.ch\/wp-content\/uploads\/2023\/01\/Swiss-Safety-Center-Akademie-ist-nun-eduQua-zertifiziert_MQ.jpg"},{"@type":"BreadcrumbList","@id":"https:\/\/www.organisator.ch\/operational-excellence\/2023-01-13\/swiss-safety-center-akademie-ist-nun-eduqua-zertifiziert\/#breadcrumb","itemListElement":[{"@type":"ListItem","position":1,"name":"Home","item":"https:\/\/www.organisator.ch\/"},{"@type":"ListItem","position":2,"name":"Swiss Safety Center Akademie ist nun eduQua-zertifiziert"}]},{"@type":"WebSite","@id":"https:\/\/www.organisator.ch\/#website","url":"https:\/\/www.organisator.ch\/","name":"Organisateur","description":"Comp\u00e9tence et comp\u00e9tence. Proches de la pratique. L'ORGANISATEUR pr\u00e9pare 10 num\u00e9ros par an sur les th\u00e8mes essentiels pour les dirigeants de PME.","publisher":{"@id":"https:\/\/www.organisator.ch\/#organization"},"potentialAction":[{"@type":"SearchAction","target":{"@type":"EntryPoint","urlTemplate":"https:\/\/www.organisator.ch\/?s={search_term_string}"},"query-input":{"@type":"PropertyValueSpecification","valueRequired":true,"valueName":"search_term_string"}}],"inLanguage":"fr-FR"},{"@type":"Organization","@id":"https:\/\/www.organisator.ch\/#organization","name":"Organisateur","url":"https:\/\/www.organisator.ch\/","logo":{"@type":"ImageObject","inLanguage":"fr-FR","@id":"https:\/\/www.organisator.ch\/#\/schema\/logo\/image\/","url":"https:\/\/www.organisator.ch\/wp-content\/uploads\/2022\/01\/Logo_Organisator_Website.png","contentUrl":"https:\/\/www.organisator.ch\/wp-content\/uploads\/2022\/01\/Logo_Organisator_Website.png","width":800,"height":77,"caption":"Organisator"},"image":{"@id":"https:\/\/www.organisator.ch\/#\/schema\/logo\/image\/"},"sameAs":["https:\/\/www.facebook.com\/OrganisatorFachmagazin","https:\/\/www.linkedin.com\/showcase\/organisator-das-magazin-fr-kmu","https:\/\/www.xing.com\/news\/pages\/organisator-ch-695","https:\/\/www.youtube.com\/channel\/UCGP2Sq0iWaZwT3BdIAQFYpw"]},{"@type":"Person","@id":"https:\/\/www.organisator.ch\/#\/schema\/person\/4e51799071cd2dd1232ac003643ef5f0","name":"galledia","image":{"@type":"ImageObject","inLanguage":"fr-FR","@id":"https:\/\/secure.gravatar.com\/avatar\/78a7f90c01fc2bfc875782a0d4922b37cde2cf184ce347b91316d23cd7f69a36?s=96&d=mm&r=g","url":"https:\/\/secure.gravatar.com\/avatar\/78a7f90c01fc2bfc875782a0d4922b37cde2cf184ce347b91316d23cd7f69a36?s=96&d=mm&r=g","contentUrl":"https:\/\/secure.gravatar.com\/avatar\/78a7f90c01fc2bfc875782a0d4922b37cde2cf184ce347b91316d23cd7f69a36?s=96&d=mm&r=g","caption":"galledia"},"sameAs":["https:\/\/x.com\/admin"],"url":"https:\/\/www.organisator.ch\/fr\/author\/galledia\/"}]}},"_links":{"self":[{"href":"https:\/\/www.organisator.ch\/fr\/wp-json\/wp\/v2\/posts\/18480","targetHints":{"allow":["GET"]}}],"collection":[{"href":"https:\/\/www.organisator.ch\/fr\/wp-json\/wp\/v2\/posts"}],"about":[{"href":"https:\/\/www.organisator.ch\/fr\/wp-json\/wp\/v2\/types\/post"}],"author":[{"embeddable":true,"href":"https:\/\/www.organisator.ch\/fr\/wp-json\/wp\/v2\/users\/8"}],"replies":[{"embeddable":true,"href":"https:\/\/www.organisator.ch\/fr\/wp-json\/wp\/v2\/comments?post=18480"}],"version-history":[{"count":4,"href":"https:\/\/www.organisator.ch\/fr\/wp-json\/wp\/v2\/posts\/18480\/revisions"}],"predecessor-version":[{"id":33464,"href":"https:\/\/www.organisator.ch\/fr\/wp-json\/wp\/v2\/posts\/18480\/revisions\/33464"}],"wp:attachment":[{"href":"https:\/\/www.organisator.ch\/fr\/wp-json\/wp\/v2\/media?parent=18480"}],"wp:term":[{"taxonomy":"category","embeddable":true,"href":"https:\/\/www.organisator.ch\/fr\/wp-json\/wp\/v2\/categories?post=18480"},{"taxonomy":"post_tag","embeddable":true,"href":"https:\/\/www.organisator.ch\/fr\/wp-json\/wp\/v2\/tags?post=18480"}],"curies":[{"name":"wp","href":"https:\/\/api.w.org\/{rel}","templated":true}]}}