{"id":18509,"date":"2023-01-17T13:59:20","date_gmt":"2023-01-17T12:59:20","guid":{"rendered":"https:\/\/www.organisator.ch\/?p=18509"},"modified":"2023-01-17T13:59:20","modified_gmt":"2023-01-17T12:59:20","slug":"ostschweiz-diskussion-ueber-fachkraeftemangel-im-gewerbe","status":"publish","type":"post","link":"https:\/\/www.organisator.ch\/fr\/human-resources\/2023-01-17\/ostschweiz-diskussion-ueber-fachkraeftemangel-im-gewerbe\/","title":{"rendered":"Suisse orientale : discussion sur le manque de personnel qualifi\u00e9 dans l'artisanat"},"content":{"rendered":"<figure id=\"attachment_18510\" aria-describedby=\"caption-attachment-18510\" style=\"width: 680px\" class=\"wp-caption alignnone\"><img loading=\"lazy\" decoding=\"async\" class=\"size-full wp-image-18510\" src=\"https:\/\/www.organisator.ch\/wp-content\/uploads\/2023\/01\/Ostschweiz-Diskussion-ueber-Fachkraeftemangel-im-Gewerbe_Organisator.jpg\" alt=\"\" width=\"680\" height=\"450\" srcset=\"https:\/\/www.organisator.ch\/wp-content\/uploads\/2023\/01\/Ostschweiz-Diskussion-ueber-Fachkraeftemangel-im-Gewerbe_Organisator.jpg 680w, https:\/\/www.organisator.ch\/wp-content\/uploads\/2023\/01\/Ostschweiz-Diskussion-ueber-Fachkraeftemangel-im-Gewerbe_Organisator-18x12.jpg 18w, https:\/\/www.organisator.ch\/wp-content\/uploads\/2023\/01\/Ostschweiz-Diskussion-ueber-Fachkraeftemangel-im-Gewerbe_Organisator-375x248.jpg 375w, https:\/\/www.organisator.ch\/wp-content\/uploads\/2023\/01\/Ostschweiz-Diskussion-ueber-Fachkraeftemangel-im-Gewerbe_Organisator-529x350.jpg 529w\" sizes=\"auto, (max-width: 680px) 100vw, 680px\" \/><figcaption id=\"caption-attachment-18510\" class=\"wp-caption-text\">La 2e Journ\u00e9e des arts et m\u00e9tiers de Suisse orientale, qui aura lieu le 20 avril 2023, sera consacr\u00e9e au th\u00e8me de la \"p\u00e9nurie de main-d'\u0153uvre qualifi\u00e9e dans les arts et m\u00e9tiers\". (Image : Galledia Event AG)<\/figcaption><\/figure>\n<p>Apr\u00e8s le succ\u00e8s de la premi\u00e8re \u00e9dition de l'OFFA 2022, qui s'est d\u00e9roul\u00e9e \u00e0 guichets ferm\u00e9s avec quelque 250 participants, une nouvelle journ\u00e9e des arts et m\u00e9tiers de l'OFFA aura lieu cette ann\u00e9e. Cet \u00e9v\u00e9nement est un point de rencontre pour les repr\u00e9sentants de l'industrie, les fondateurs, les propri\u00e9taires et les g\u00e9rants de l'agglom\u00e9ration de Saint-Gall. Ils y trouveront un espace d'\u00e9change ainsi que des suggestions sur les d\u00e9fis \u00e0 relever dans l'environnement commercial.<\/p>\n<h3><strong>P\u00e9nurie de main-d'\u0153uvre qualifi\u00e9e dans l'industrie<\/strong><\/h3>\n<p>La p\u00e9nurie de main-d'\u0153uvre qualifi\u00e9e dans l'industrie continue de progresser. Eliane Frei, propri\u00e9taire de Freiraum Personal- &amp; Organisationsentwicklung, pr\u00e9sentera dans son expos\u00e9 \"Erfolgsfaktor Mindset - Weg vom Mangel hin zur Ressource\" les strat\u00e9gies qui permettent de faire face \u00e0 cette \u00e9volution. La conf\u00e9rence sera suivie d'une table ronde sur ce th\u00e8me avec Markus Fust, directeur de la menuiserie Fust, Luzi Thomann, CEO de Thomann Nutzfahrzeuge, et Fabian F\u00fcger, propri\u00e9taire et directeur de la boulangerie F\u00fcger Handmade. L'apr\u00e8s-midi sera anim\u00e9 par Christoph Lanter.<\/p>\n<h3><strong>Prix pr\u00e9f\u00e9rentiel pour les membres de l'association des commer\u00e7ants<\/strong><\/h3>\n<p>L'inscription \u00e0 la 2e Journ\u00e9e des m\u00e9tiers de l'OFFA, le 20 avril 2023, est possible sous <a href=\"http:\/\/www.offa-gewerbetag.ch\">www.offa-gewerbetag.ch<\/a> est possible. Le prix de la journ\u00e9e est de CHF 130.00 pour les membres de la Regio St.Gallen-Appenzell Ausserrhoden-Bodensee et de CHF 160.00 pour les non-membres. Une entr\u00e9e journali\u00e8re \u00e0 l'OFFA est incluse dans le prix du congr\u00e8s.<\/p>","protected":false},"excerpt":{"rendered":"<p>Nach der erfolgreichen und mit rund 250 Teilnehmenden ausverkauften Premiere im Rahmen der OFFA 2022 findet auch dieses Jahr ein OFFA-Gewerbetag statt. Der Event ist ein Treffpunkt f\u00fcr Gewerbevertreter, Gr\u00fcnderinnen, Inhaber sowie Gesch\u00e4ftsf\u00fchrerinnen aus dem Grossraum St.Gallen. Hier erhalten sie Raum f\u00fcr Austausch sowie Anregungen zu Herausforderungen im gewerblichen Umfeld. Fachkr\u00e4ftemangel im Gewerbe Der Fachkr\u00e4ftemangel [&hellip;]<\/p>\n","protected":false},"author":4,"featured_media":18510,"comment_status":"closed","ping_status":"closed","sticky":false,"template":"","format":"standard","meta":{"_acf_changed":false,"_yoast_wpseo_focuskw":"Fachkr\u00e4ftemangel im Gewerbe","_yoast_wpseo_metadesc":"Im Rahmen der Fr\u00fchlingsmesse OFFA diskutieren Ostschweizer Gewerbevertreter\/-innen am 20. April 2023 \u00fcber den Fachkr\u00e4ftemangel im Gewerbe.","articlekey":"","footnotes":""},"categories":[579],"tags":[193,194,335],"class_list":["post-18509","post","type-post","status-publish","format-standard","has-post-thumbnail","hentry","category-human-resources","tag-fachkongressfachmesse","tag-fachkraeftemangel","tag-management-und-unternehmensfuehrung"],"acf":[],"yoast_head":"<!-- This site is optimized with the Yoast SEO plugin v27.5 - https:\/\/yoast.com\/product\/yoast-seo-wordpress\/ -->\n<title>Ostschweiz: Diskussion \u00fcber Fachkr\u00e4ftemangel im Gewerbe - Organisator<\/title>\n<meta name=\"description\" content=\"Im Rahmen der Fr\u00fchlingsmesse OFFA diskutieren Ostschweizer Gewerbevertreter\/-innen am 20. April 2023 \u00fcber den Fachkr\u00e4ftemangel im Gewerbe.\" \/>\n<meta name=\"robots\" content=\"index, follow, max-snippet:-1, max-image-preview:large, max-video-preview:-1\" \/>\n<link rel=\"canonical\" href=\"https:\/\/www.organisator.ch\/fr\/ressources-humaines\/2023-01-17\/ostschweiz-diskussion-ueber-fachkraeftemangel-im-gewerbe\/\" \/>\n<meta property=\"og:locale\" content=\"fr_FR\" \/>\n<meta property=\"og:type\" content=\"article\" \/>\n<meta property=\"og:title\" content=\"Ostschweiz: Diskussion \u00fcber Fachkr\u00e4ftemangel im Gewerbe\" \/>\n<meta property=\"og:description\" content=\"Im Rahmen der Fr\u00fchlingsmesse OFFA diskutieren Ostschweizer Gewerbevertreter\/-innen am 20. April 2023 \u00fcber den Fachkr\u00e4ftemangel im Gewerbe.\" \/>\n<meta property=\"og:url\" content=\"https:\/\/www.organisator.ch\/fr\/ressources-humaines\/2023-01-17\/ostschweiz-diskussion-ueber-fachkraeftemangel-im-gewerbe\/\" \/>\n<meta property=\"og:site_name\" content=\"Organisator\" \/>\n<meta property=\"article:publisher\" content=\"https:\/\/www.facebook.com\/OrganisatorFachmagazin\" \/>\n<meta property=\"article:published_time\" content=\"2023-01-17T12:59:20+00:00\" \/>\n<meta property=\"og:image\" content=\"https:\/\/www.organisator.ch\/wp-content\/uploads\/2023\/01\/Ostschweiz-Diskussion-ueber-Fachkraeftemangel-im-Gewerbe_Organisator.jpg\" \/>\n\t<meta property=\"og:image:width\" content=\"680\" \/>\n\t<meta property=\"og:image:height\" content=\"450\" \/>\n\t<meta property=\"og:image:type\" content=\"image\/jpeg\" \/>\n<meta name=\"author\" content=\"thomas.berner\" \/>\n<meta name=\"twitter:card\" content=\"summary_large_image\" \/>\n<meta name=\"twitter:title\" content=\"#Ostschweiz: Diskussion \u00fcber #Fachkr\u00e4ftemangel im Gewerbe\" \/>\n<meta name=\"twitter:description\" content=\"Im Rahmen der #Fr\u00fchlingsmesse #OFFA diskutieren #Ostschweizer Gewerbevertreter\/-innen am 20. April 2023 \u00fcber den #Fachkr\u00e4ftemangel im #Gewerbe.\" \/>\n<meta name=\"twitter:image\" content=\"https:\/\/www.organisator.ch\/wp-content\/uploads\/2023\/01\/Ostschweiz-Diskussion-ueber-Fachkraeftemangel-im-Gewerbe_Organisator.jpg\" \/>\n<script type=\"application\/ld+json\" class=\"yoast-schema-graph\">{\"@context\":\"https:\\\/\\\/schema.org\",\"@graph\":[{\"@type\":\"Article\",\"@id\":\"https:\\\/\\\/www.organisator.ch\\\/human-resources\\\/2023-01-17\\\/ostschweiz-diskussion-ueber-fachkraeftemangel-im-gewerbe\\\/#article\",\"isPartOf\":{\"@id\":\"https:\\\/\\\/www.organisator.ch\\\/human-resources\\\/2023-01-17\\\/ostschweiz-diskussion-ueber-fachkraeftemangel-im-gewerbe\\\/\"},\"author\":{\"name\":\"thomas.berner\",\"@id\":\"https:\\\/\\\/www.organisator.ch\\\/#\\\/schema\\\/person\\\/6f650f90b2842cd4c0cc334b4e36f67e\"},\"headline\":\"Ostschweiz: Diskussion \u00fcber Fachkr\u00e4ftemangel im Gewerbe\",\"datePublished\":\"2023-01-17T12:59:20+00:00\",\"mainEntityOfPage\":{\"@id\":\"https:\\\/\\\/www.organisator.ch\\\/human-resources\\\/2023-01-17\\\/ostschweiz-diskussion-ueber-fachkraeftemangel-im-gewerbe\\\/\"},\"wordCount\":214,\"publisher\":{\"@id\":\"https:\\\/\\\/www.organisator.ch\\\/#organization\"},\"image\":{\"@id\":\"https:\\\/\\\/www.organisator.ch\\\/human-resources\\\/2023-01-17\\\/ostschweiz-diskussion-ueber-fachkraeftemangel-im-gewerbe\\\/#primaryimage\"},\"thumbnailUrl\":\"https:\\\/\\\/www.organisator.ch\\\/wp-content\\\/uploads\\\/2023\\\/01\\\/Ostschweiz-Diskussion-ueber-Fachkraeftemangel-im-Gewerbe_Organisator.jpg\",\"keywords\":[\"Fachkongress\\\/Fachmesse\",\"Fachkr\u00e4ftemangel\",\"Management und Unternehmensf\u00fchrung\"],\"articleSection\":[\"HUMAN RESOURCES\"],\"inLanguage\":\"fr-FR\"},{\"@type\":\"WebPage\",\"@id\":\"https:\\\/\\\/www.organisator.ch\\\/human-resources\\\/2023-01-17\\\/ostschweiz-diskussion-ueber-fachkraeftemangel-im-gewerbe\\\/\",\"url\":\"https:\\\/\\\/www.organisator.ch\\\/human-resources\\\/2023-01-17\\\/ostschweiz-diskussion-ueber-fachkraeftemangel-im-gewerbe\\\/\",\"name\":\"Ostschweiz: Diskussion \u00fcber Fachkr\u00e4ftemangel im Gewerbe - Organisator\",\"isPartOf\":{\"@id\":\"https:\\\/\\\/www.organisator.ch\\\/#website\"},\"primaryImageOfPage\":{\"@id\":\"https:\\\/\\\/www.organisator.ch\\\/human-resources\\\/2023-01-17\\\/ostschweiz-diskussion-ueber-fachkraeftemangel-im-gewerbe\\\/#primaryimage\"},\"image\":{\"@id\":\"https:\\\/\\\/www.organisator.ch\\\/human-resources\\\/2023-01-17\\\/ostschweiz-diskussion-ueber-fachkraeftemangel-im-gewerbe\\\/#primaryimage\"},\"thumbnailUrl\":\"https:\\\/\\\/www.organisator.ch\\\/wp-content\\\/uploads\\\/2023\\\/01\\\/Ostschweiz-Diskussion-ueber-Fachkraeftemangel-im-Gewerbe_Organisator.jpg\",\"datePublished\":\"2023-01-17T12:59:20+00:00\",\"description\":\"Im Rahmen der Fr\u00fchlingsmesse OFFA diskutieren Ostschweizer Gewerbevertreter\\\/-innen am 20. April 2023 \u00fcber den Fachkr\u00e4ftemangel im Gewerbe.\",\"breadcrumb\":{\"@id\":\"https:\\\/\\\/www.organisator.ch\\\/human-resources\\\/2023-01-17\\\/ostschweiz-diskussion-ueber-fachkraeftemangel-im-gewerbe\\\/#breadcrumb\"},\"inLanguage\":\"fr-FR\",\"potentialAction\":[{\"@type\":\"ReadAction\",\"target\":[\"https:\\\/\\\/www.organisator.ch\\\/human-resources\\\/2023-01-17\\\/ostschweiz-diskussion-ueber-fachkraeftemangel-im-gewerbe\\\/\"]}]},{\"@type\":\"ImageObject\",\"inLanguage\":\"fr-FR\",\"@id\":\"https:\\\/\\\/www.organisator.ch\\\/human-resources\\\/2023-01-17\\\/ostschweiz-diskussion-ueber-fachkraeftemangel-im-gewerbe\\\/#primaryimage\",\"url\":\"https:\\\/\\\/www.organisator.ch\\\/wp-content\\\/uploads\\\/2023\\\/01\\\/Ostschweiz-Diskussion-ueber-Fachkraeftemangel-im-Gewerbe_Organisator.jpg\",\"contentUrl\":\"https:\\\/\\\/www.organisator.ch\\\/wp-content\\\/uploads\\\/2023\\\/01\\\/Ostschweiz-Diskussion-ueber-Fachkraeftemangel-im-Gewerbe_Organisator.jpg\",\"width\":680,\"height\":450,\"caption\":\"Ostschweizer Gewerbetag vom 20. April 2023 wird es um das Thema \\\"Fachkr\u00e4ftemangel im Gewerbe\\\" gehen. (Bild: Galledia Event AG)\"},{\"@type\":\"BreadcrumbList\",\"@id\":\"https:\\\/\\\/www.organisator.ch\\\/human-resources\\\/2023-01-17\\\/ostschweiz-diskussion-ueber-fachkraeftemangel-im-gewerbe\\\/#breadcrumb\",\"itemListElement\":[{\"@type\":\"ListItem\",\"position\":1,\"name\":\"Home\",\"item\":\"https:\\\/\\\/www.organisator.ch\\\/\"},{\"@type\":\"ListItem\",\"position\":2,\"name\":\"Ostschweiz: Diskussion \u00fcber Fachkr\u00e4ftemangel im Gewerbe\"}]},{\"@type\":\"WebSite\",\"@id\":\"https:\\\/\\\/www.organisator.ch\\\/#website\",\"url\":\"https:\\\/\\\/www.organisator.ch\\\/\",\"name\":\"Organisator\",\"description\":\"Kompetent. Praxisnah. Der ORGANISATOR bereitet in 10 Ausgaben pro Jahr die wesentlichen Themen f\u00fcr F\u00fchrungskr\u00e4fte von KMU auf.\",\"publisher\":{\"@id\":\"https:\\\/\\\/www.organisator.ch\\\/#organization\"},\"potentialAction\":[{\"@type\":\"SearchAction\",\"target\":{\"@type\":\"EntryPoint\",\"urlTemplate\":\"https:\\\/\\\/www.organisator.ch\\\/?s={search_term_string}\"},\"query-input\":{\"@type\":\"PropertyValueSpecification\",\"valueRequired\":true,\"valueName\":\"search_term_string\"}}],\"inLanguage\":\"fr-FR\"},{\"@type\":\"Organization\",\"@id\":\"https:\\\/\\\/www.organisator.ch\\\/#organization\",\"name\":\"Organisator\",\"url\":\"https:\\\/\\\/www.organisator.ch\\\/\",\"logo\":{\"@type\":\"ImageObject\",\"inLanguage\":\"fr-FR\",\"@id\":\"https:\\\/\\\/www.organisator.ch\\\/#\\\/schema\\\/logo\\\/image\\\/\",\"url\":\"https:\\\/\\\/www.organisator.ch\\\/wp-content\\\/uploads\\\/2022\\\/01\\\/Logo_Organisator_Website.png\",\"contentUrl\":\"https:\\\/\\\/www.organisator.ch\\\/wp-content\\\/uploads\\\/2022\\\/01\\\/Logo_Organisator_Website.png\",\"width\":800,\"height\":77,\"caption\":\"Organisator\"},\"image\":{\"@id\":\"https:\\\/\\\/www.organisator.ch\\\/#\\\/schema\\\/logo\\\/image\\\/\"},\"sameAs\":[\"https:\\\/\\\/www.facebook.com\\\/OrganisatorFachmagazin\",\"https:\\\/\\\/www.linkedin.com\\\/showcase\\\/organisator-das-magazin-fr-kmu\",\"https:\\\/\\\/www.xing.com\\\/news\\\/pages\\\/organisator-ch-695\",\"https:\\\/\\\/www.youtube.com\\\/channel\\\/UCGP2Sq0iWaZwT3BdIAQFYpw\"]},{\"@type\":\"Person\",\"@id\":\"https:\\\/\\\/www.organisator.ch\\\/#\\\/schema\\\/person\\\/6f650f90b2842cd4c0cc334b4e36f67e\",\"name\":\"thomas.berner\",\"image\":{\"@type\":\"ImageObject\",\"inLanguage\":\"fr-FR\",\"@id\":\"https:\\\/\\\/secure.gravatar.com\\\/avatar\\\/ac5001d2a36cb6c6cd3e50789007ffca834b477b74a2144564522e944eabff61?s=96&d=mm&r=g\",\"url\":\"https:\\\/\\\/secure.gravatar.com\\\/avatar\\\/ac5001d2a36cb6c6cd3e50789007ffca834b477b74a2144564522e944eabff61?s=96&d=mm&r=g\",\"contentUrl\":\"https:\\\/\\\/secure.gravatar.com\\\/avatar\\\/ac5001d2a36cb6c6cd3e50789007ffca834b477b74a2144564522e944eabff61?s=96&d=mm&r=g\",\"caption\":\"thomas.berner\"},\"url\":\"https:\\\/\\\/www.organisator.ch\\\/fr\\\/author\\\/thomas-berner\\\/\"}]}<\/script>\n<!-- \/ Yoast SEO plugin. -->","yoast_head_json":{"title":"Suisse orientale : discussion sur le manque de personnel qualifi\u00e9 dans l'artisanat - Organisateur","description":"Dans le cadre de la foire de printemps OFFA, les repr\u00e9sentants des arts et m\u00e9tiers de Suisse orientale discuteront le 20 avril 2023 de la p\u00e9nurie de main-d'\u0153uvre qualifi\u00e9e dans les arts et m\u00e9tiers.","robots":{"index":"index","follow":"follow","max-snippet":"max-snippet:-1","max-image-preview":"max-image-preview:large","max-video-preview":"max-video-preview:-1"},"canonical":"https:\/\/www.organisator.ch\/fr\/ressources-humaines\/2023-01-17\/ostschweiz-diskussion-ueber-fachkraeftemangel-im-gewerbe\/","og_locale":"fr_FR","og_type":"article","og_title":"Ostschweiz: Diskussion \u00fcber Fachkr\u00e4ftemangel im Gewerbe","og_description":"Im Rahmen der Fr\u00fchlingsmesse OFFA diskutieren Ostschweizer Gewerbevertreter\/-innen am 20. April 2023 \u00fcber den Fachkr\u00e4ftemangel im Gewerbe.","og_url":"https:\/\/www.organisator.ch\/fr\/ressources-humaines\/2023-01-17\/ostschweiz-diskussion-ueber-fachkraeftemangel-im-gewerbe\/","og_site_name":"Organisator","article_publisher":"https:\/\/www.facebook.com\/OrganisatorFachmagazin","article_published_time":"2023-01-17T12:59:20+00:00","og_image":[{"width":680,"height":450,"url":"https:\/\/www.organisator.ch\/wp-content\/uploads\/2023\/01\/Ostschweiz-Diskussion-ueber-Fachkraeftemangel-im-Gewerbe_Organisator.jpg","type":"image\/jpeg"}],"author":"thomas.berner","twitter_card":"summary_large_image","twitter_title":"#Ostschweiz: Diskussion \u00fcber #Fachkr\u00e4ftemangel im Gewerbe","twitter_description":"Im Rahmen der #Fr\u00fchlingsmesse #OFFA diskutieren #Ostschweizer Gewerbevertreter\/-innen am 20. April 2023 \u00fcber den #Fachkr\u00e4ftemangel im #Gewerbe.","twitter_image":"https:\/\/www.organisator.ch\/wp-content\/uploads\/2023\/01\/Ostschweiz-Diskussion-ueber-Fachkraeftemangel-im-Gewerbe_Organisator.jpg","schema":{"@context":"https:\/\/schema.org","@graph":[{"@type":"Article","@id":"https:\/\/www.organisator.ch\/human-resources\/2023-01-17\/ostschweiz-diskussion-ueber-fachkraeftemangel-im-gewerbe\/#article","isPartOf":{"@id":"https:\/\/www.organisator.ch\/human-resources\/2023-01-17\/ostschweiz-diskussion-ueber-fachkraeftemangel-im-gewerbe\/"},"author":{"name":"thomas.berner","@id":"https:\/\/www.organisator.ch\/#\/schema\/person\/6f650f90b2842cd4c0cc334b4e36f67e"},"headline":"Ostschweiz: Diskussion \u00fcber Fachkr\u00e4ftemangel im Gewerbe","datePublished":"2023-01-17T12:59:20+00:00","mainEntityOfPage":{"@id":"https:\/\/www.organisator.ch\/human-resources\/2023-01-17\/ostschweiz-diskussion-ueber-fachkraeftemangel-im-gewerbe\/"},"wordCount":214,"publisher":{"@id":"https:\/\/www.organisator.ch\/#organization"},"image":{"@id":"https:\/\/www.organisator.ch\/human-resources\/2023-01-17\/ostschweiz-diskussion-ueber-fachkraeftemangel-im-gewerbe\/#primaryimage"},"thumbnailUrl":"https:\/\/www.organisator.ch\/wp-content\/uploads\/2023\/01\/Ostschweiz-Diskussion-ueber-Fachkraeftemangel-im-Gewerbe_Organisator.jpg","keywords":["Fachkongress\/Fachmesse","Fachkr\u00e4ftemangel","Management und Unternehmensf\u00fchrung"],"articleSection":["HUMAN RESOURCES"],"inLanguage":"fr-FR"},{"@type":"WebPage","@id":"https:\/\/www.organisator.ch\/human-resources\/2023-01-17\/ostschweiz-diskussion-ueber-fachkraeftemangel-im-gewerbe\/","url":"https:\/\/www.organisator.ch\/human-resources\/2023-01-17\/ostschweiz-diskussion-ueber-fachkraeftemangel-im-gewerbe\/","name":"Suisse orientale : discussion sur le manque de personnel qualifi\u00e9 dans l'artisanat - Organisateur","isPartOf":{"@id":"https:\/\/www.organisator.ch\/#website"},"primaryImageOfPage":{"@id":"https:\/\/www.organisator.ch\/human-resources\/2023-01-17\/ostschweiz-diskussion-ueber-fachkraeftemangel-im-gewerbe\/#primaryimage"},"image":{"@id":"https:\/\/www.organisator.ch\/human-resources\/2023-01-17\/ostschweiz-diskussion-ueber-fachkraeftemangel-im-gewerbe\/#primaryimage"},"thumbnailUrl":"https:\/\/www.organisator.ch\/wp-content\/uploads\/2023\/01\/Ostschweiz-Diskussion-ueber-Fachkraeftemangel-im-Gewerbe_Organisator.jpg","datePublished":"2023-01-17T12:59:20+00:00","description":"Dans le cadre de la foire de printemps OFFA, les repr\u00e9sentants des arts et m\u00e9tiers de Suisse orientale discuteront le 20 avril 2023 de la p\u00e9nurie de main-d'\u0153uvre qualifi\u00e9e dans les arts et m\u00e9tiers.","breadcrumb":{"@id":"https:\/\/www.organisator.ch\/human-resources\/2023-01-17\/ostschweiz-diskussion-ueber-fachkraeftemangel-im-gewerbe\/#breadcrumb"},"inLanguage":"fr-FR","potentialAction":[{"@type":"ReadAction","target":["https:\/\/www.organisator.ch\/human-resources\/2023-01-17\/ostschweiz-diskussion-ueber-fachkraeftemangel-im-gewerbe\/"]}]},{"@type":"ImageObject","inLanguage":"fr-FR","@id":"https:\/\/www.organisator.ch\/human-resources\/2023-01-17\/ostschweiz-diskussion-ueber-fachkraeftemangel-im-gewerbe\/#primaryimage","url":"https:\/\/www.organisator.ch\/wp-content\/uploads\/2023\/01\/Ostschweiz-Diskussion-ueber-Fachkraeftemangel-im-Gewerbe_Organisator.jpg","contentUrl":"https:\/\/www.organisator.ch\/wp-content\/uploads\/2023\/01\/Ostschweiz-Diskussion-ueber-Fachkraeftemangel-im-Gewerbe_Organisator.jpg","width":680,"height":450,"caption":"Ostschweizer Gewerbetag vom 20. April 2023 wird es um das Thema \"Fachkr\u00e4ftemangel im Gewerbe\" gehen. (Bild: Galledia Event AG)"},{"@type":"BreadcrumbList","@id":"https:\/\/www.organisator.ch\/human-resources\/2023-01-17\/ostschweiz-diskussion-ueber-fachkraeftemangel-im-gewerbe\/#breadcrumb","itemListElement":[{"@type":"ListItem","position":1,"name":"Home","item":"https:\/\/www.organisator.ch\/"},{"@type":"ListItem","position":2,"name":"Ostschweiz: Diskussion \u00fcber Fachkr\u00e4ftemangel im Gewerbe"}]},{"@type":"WebSite","@id":"https:\/\/www.organisator.ch\/#website","url":"https:\/\/www.organisator.ch\/","name":"Organisateur","description":"Comp\u00e9tence et comp\u00e9tence. Proches de la pratique. L'ORGANISATEUR pr\u00e9pare 10 num\u00e9ros par an sur les th\u00e8mes essentiels pour les dirigeants de PME.","publisher":{"@id":"https:\/\/www.organisator.ch\/#organization"},"potentialAction":[{"@type":"SearchAction","target":{"@type":"EntryPoint","urlTemplate":"https:\/\/www.organisator.ch\/?s={search_term_string}"},"query-input":{"@type":"PropertyValueSpecification","valueRequired":true,"valueName":"search_term_string"}}],"inLanguage":"fr-FR"},{"@type":"Organization","@id":"https:\/\/www.organisator.ch\/#organization","name":"Organisateur","url":"https:\/\/www.organisator.ch\/","logo":{"@type":"ImageObject","inLanguage":"fr-FR","@id":"https:\/\/www.organisator.ch\/#\/schema\/logo\/image\/","url":"https:\/\/www.organisator.ch\/wp-content\/uploads\/2022\/01\/Logo_Organisator_Website.png","contentUrl":"https:\/\/www.organisator.ch\/wp-content\/uploads\/2022\/01\/Logo_Organisator_Website.png","width":800,"height":77,"caption":"Organisator"},"image":{"@id":"https:\/\/www.organisator.ch\/#\/schema\/logo\/image\/"},"sameAs":["https:\/\/www.facebook.com\/OrganisatorFachmagazin","https:\/\/www.linkedin.com\/showcase\/organisator-das-magazin-fr-kmu","https:\/\/www.xing.com\/news\/pages\/organisator-ch-695","https:\/\/www.youtube.com\/channel\/UCGP2Sq0iWaZwT3BdIAQFYpw"]},{"@type":"Person","@id":"https:\/\/www.organisator.ch\/#\/schema\/person\/6f650f90b2842cd4c0cc334b4e36f67e","name":"thomas.berner","image":{"@type":"ImageObject","inLanguage":"fr-FR","@id":"https:\/\/secure.gravatar.com\/avatar\/ac5001d2a36cb6c6cd3e50789007ffca834b477b74a2144564522e944eabff61?s=96&d=mm&r=g","url":"https:\/\/secure.gravatar.com\/avatar\/ac5001d2a36cb6c6cd3e50789007ffca834b477b74a2144564522e944eabff61?s=96&d=mm&r=g","contentUrl":"https:\/\/secure.gravatar.com\/avatar\/ac5001d2a36cb6c6cd3e50789007ffca834b477b74a2144564522e944eabff61?s=96&d=mm&r=g","caption":"thomas.berner"},"url":"https:\/\/www.organisator.ch\/fr\/author\/thomas-berner\/"}]}},"_links":{"self":[{"href":"https:\/\/www.organisator.ch\/fr\/wp-json\/wp\/v2\/posts\/18509","targetHints":{"allow":["GET"]}}],"collection":[{"href":"https:\/\/www.organisator.ch\/fr\/wp-json\/wp\/v2\/posts"}],"about":[{"href":"https:\/\/www.organisator.ch\/fr\/wp-json\/wp\/v2\/types\/post"}],"author":[{"embeddable":true,"href":"https:\/\/www.organisator.ch\/fr\/wp-json\/wp\/v2\/users\/4"}],"replies":[{"embeddable":true,"href":"https:\/\/www.organisator.ch\/fr\/wp-json\/wp\/v2\/comments?post=18509"}],"version-history":[{"count":1,"href":"https:\/\/www.organisator.ch\/fr\/wp-json\/wp\/v2\/posts\/18509\/revisions"}],"predecessor-version":[{"id":18514,"href":"https:\/\/www.organisator.ch\/fr\/wp-json\/wp\/v2\/posts\/18509\/revisions\/18514"}],"wp:featuredmedia":[{"embeddable":true,"href":"https:\/\/www.organisator.ch\/fr\/wp-json\/wp\/v2\/media\/18510"}],"wp:attachment":[{"href":"https:\/\/www.organisator.ch\/fr\/wp-json\/wp\/v2\/media?parent=18509"}],"wp:term":[{"taxonomy":"category","embeddable":true,"href":"https:\/\/www.organisator.ch\/fr\/wp-json\/wp\/v2\/categories?post=18509"},{"taxonomy":"post_tag","embeddable":true,"href":"https:\/\/www.organisator.ch\/fr\/wp-json\/wp\/v2\/tags?post=18509"}],"curies":[{"name":"wp","href":"https:\/\/api.w.org\/{rel}","templated":true}]}}