{"id":18519,"date":"2023-01-18T06:09:32","date_gmt":"2023-01-18T05:09:32","guid":{"rendered":"https:\/\/www.organisator.ch\/?p=18519"},"modified":"2023-01-17T17:05:35","modified_gmt":"2023-01-17T16:05:35","slug":"finalisten-fuer-den-prix-svc-zentralschweiz-2023-bekanntgegeben","status":"publish","type":"post","link":"https:\/\/www.organisator.ch\/fr\/management\/2023-01-18\/finalisten-fuer-den-prix-svc-zentralschweiz-2023-bekanntgegeben\/","title":{"rendered":"Les finalistes du Prix SVC Zentralschweiz 2023 ont \u00e9t\u00e9 annonc\u00e9s"},"content":{"rendered":"<figure id=\"attachment_18521\" aria-describedby=\"caption-attachment-18521\" style=\"width: 680px\" class=\"wp-caption alignnone\"><img loading=\"lazy\" decoding=\"async\" class=\"size-full wp-image-18521\" src=\"https:\/\/www.organisator.ch\/wp-content\/uploads\/2023\/01\/Finalisten-fuer-den-Prix-SVC-Zentralschweiz-2023-bekanntgegeben-1_Organisator.jpg\" alt=\"\" width=\"680\" height=\"450\" srcset=\"https:\/\/www.organisator.ch\/wp-content\/uploads\/2023\/01\/Finalisten-fuer-den-Prix-SVC-Zentralschweiz-2023-bekanntgegeben-1_Organisator.jpg 680w, https:\/\/www.organisator.ch\/wp-content\/uploads\/2023\/01\/Finalisten-fuer-den-Prix-SVC-Zentralschweiz-2023-bekanntgegeben-1_Organisator-18x12.jpg 18w, https:\/\/www.organisator.ch\/wp-content\/uploads\/2023\/01\/Finalisten-fuer-den-Prix-SVC-Zentralschweiz-2023-bekanntgegeben-1_Organisator-375x248.jpg 375w, https:\/\/www.organisator.ch\/wp-content\/uploads\/2023\/01\/Finalisten-fuer-den-Prix-SVC-Zentralschweiz-2023-bekanntgegeben-1_Organisator-529x350.jpg 529w\" sizes=\"auto, (max-width: 680px) 100vw, 680px\" \/><figcaption id=\"caption-attachment-18521\" class=\"wp-caption-text\">C'est ce troph\u00e9e qui sera en jeu le 2 mai 2023 \u00e0 Lucerne : qui des six finalistes remportera le Prix SVC Zentralschweiz 2023 ? (Image : Thomas Berner)<\/figcaption><\/figure>\n<p>L'organisme responsable et l'initiateur de la remise des Prix SVC est le Swiss Venture Club, une association ind\u00e9pendante de promotion et de soutien des PME en Suisse. Avec le Prix SVC Zentralschweiz, il distingue des PME exemplaires qui convainquent par leurs produits et services innovants, leur culture d'entreprise, la qualit\u00e9 de leurs collaborateurs et de leur management ainsi que par leur r\u00e9ussite durable. La condition pr\u00e9alable \u00e0 la nomination par le jury est un fort ancrage dans la r\u00e9gion.<\/p>\n<p>Pour la remise des prix de cette ann\u00e9e, le jury peut se r\u00e9f\u00e9rer \u00e0 six histoires de succ\u00e8s impressionnantes de la r\u00e9gion \u00e9conomique de la Suisse centrale (les photos suivantes montrent des impressions de la journ\u00e9e de visite d'entreprises par le jury). Les finalistes sont (par ordre alphab\u00e9tique) :<\/p>\n<ul>\n<li><strong>Bachmann Forming AG : <\/strong>La soci\u00e9t\u00e9 m\u00e8re Bachmann Group est une entreprise familiale suisse de plus de 50 ans dont le si\u00e8ge se trouve \u00e0 Hochdorf dans le Seetal lucernois. Bachmann Forming AG d\u00e9veloppe et produit des solutions d'emballage intelligentes et sur mesure pour le secteur alimentaire. Ils fabriquent \u00e9galement des solutions de capsules pour le caf\u00e9 et d'autres applications multi-boissons et produisent des emballages pour le secteur pharmaceutique et medtech dans des conditions de salle blanche avec des mat\u00e9riaux st\u00e9rilisables. Le groupe d'entreprises est d\u00e9j\u00e0 dirig\u00e9 par la deuxi\u00e8me g\u00e9n\u00e9ration de Reto Bachmann et emploie 280 collaborateurs engag\u00e9s.<br \/>\n<a href=\"https:\/\/www.bachmann.ch\">https:\/\/www.bachmann.ch<\/a><\/li>\n<\/ul>\n<figure id=\"attachment_18522\" aria-describedby=\"caption-attachment-18522\" style=\"width: 680px\" class=\"wp-caption alignnone\"><img loading=\"lazy\" decoding=\"async\" class=\"size-full wp-image-18522\" src=\"https:\/\/www.organisator.ch\/wp-content\/uploads\/2023\/01\/Finalisten-fuer-den-Prix-SVC-Zentralschweiz-2023-bekanntgegeben-2_Organisator.jpg\" alt=\"\" width=\"680\" height=\"453\" srcset=\"https:\/\/www.organisator.ch\/wp-content\/uploads\/2023\/01\/Finalisten-fuer-den-Prix-SVC-Zentralschweiz-2023-bekanntgegeben-2_Organisator.jpg 680w, https:\/\/www.organisator.ch\/wp-content\/uploads\/2023\/01\/Finalisten-fuer-den-Prix-SVC-Zentralschweiz-2023-bekanntgegeben-2_Organisator-18x12.jpg 18w, https:\/\/www.organisator.ch\/wp-content\/uploads\/2023\/01\/Finalisten-fuer-den-Prix-SVC-Zentralschweiz-2023-bekanntgegeben-2_Organisator-375x250.jpg 375w, https:\/\/www.organisator.ch\/wp-content\/uploads\/2023\/01\/Finalisten-fuer-den-Prix-SVC-Zentralschweiz-2023-bekanntgegeben-2_Organisator-525x350.jpg 525w\" sizes=\"auto, (max-width: 680px) 100vw, 680px\" \/><figcaption id=\"caption-attachment-18522\" class=\"wp-caption-text\">Vue de la production chez Bachmann Forming AG. (Image : Conciatori Roberto Photographer SBF\/SSM)<\/figcaption><\/figure>\n<ul>\n<li><strong>EVZ Holding AG : <\/strong>Le CEP est le plus grand club de hockey sur glace de Suisse centrale et, en outre, une entreprise sportive innovante avec environ 110 employ\u00e9s fixes et 500 collaborateurs \u00e0 temps partiel dans les domaines du sport, du management, de la rel\u00e8ve et de la gastronomie. Avec 15 \u00e9quipes de jeunes et son propre concept de formation \"The Hockey Academy\", le CEP mise sur une promotion durable et \u00e0 long terme des jeunes. Le CEP est dirig\u00e9 par le CEO Patrick Lengwiler et comprend la EVZ Holding AG et ses filiales EVZ Nachwuchs AG, The Hockey Academy AG, EVZ Sport AG, EVZ Gastro AG et EVZ Management AG, ainsi que l'association des sports de glace de Zoug.<br \/>\n<a href=\"https:\/\/www.evz.ch\">https:\/\/www.evz.ch<\/a><\/li>\n<\/ul>\n<figure id=\"attachment_18523\" aria-describedby=\"caption-attachment-18523\" style=\"width: 680px\" class=\"wp-caption alignnone\"><img loading=\"lazy\" decoding=\"async\" class=\"size-full wp-image-18523\" src=\"https:\/\/www.organisator.ch\/wp-content\/uploads\/2023\/01\/Finalisten-fuer-den-Prix-SVC-Zentralschweiz-2023-bekanntgegeben-3_Organisator.jpg\" alt=\"\" width=\"680\" height=\"415\" srcset=\"https:\/\/www.organisator.ch\/wp-content\/uploads\/2023\/01\/Finalisten-fuer-den-Prix-SVC-Zentralschweiz-2023-bekanntgegeben-3_Organisator.jpg 680w, https:\/\/www.organisator.ch\/wp-content\/uploads\/2023\/01\/Finalisten-fuer-den-Prix-SVC-Zentralschweiz-2023-bekanntgegeben-3_Organisator-18x12.jpg 18w, https:\/\/www.organisator.ch\/wp-content\/uploads\/2023\/01\/Finalisten-fuer-den-Prix-SVC-Zentralschweiz-2023-bekanntgegeben-3_Organisator-375x229.jpg 375w, https:\/\/www.organisator.ch\/wp-content\/uploads\/2023\/01\/Finalisten-fuer-den-Prix-SVC-Zentralschweiz-2023-bekanntgegeben-3_Organisator-573x350.jpg 573w\" sizes=\"auto, (max-width: 680px) 100vw, 680px\" \/><figcaption id=\"caption-attachment-18523\" class=\"wp-caption-text\">Pour une fois, le jury a pu se sentir comme les joueurs du CEP. (Image : Conciatori Roberto Photographer SBF\/SSM)<\/figcaption><\/figure>\n<ul>\n<li><strong>InfoGuard AG : <\/strong>InfoGuard est une entreprise suisse ind\u00e9pendante et leader dans le domaine de la cybers\u00e9curit\u00e9. 200 experts en s\u00e9curit\u00e9 s'engagent quotidiennement pour la cybers\u00e9curit\u00e9 de plus de 400 clients commerciaux en Suisse, en Allemagne et en Autriche. Parmi ces clients figurent des banques, des assurances, des entreprises industrielles, des prestataires de services \u00e9nerg\u00e9tiques, des h\u00f4pitaux ainsi que des fournisseurs de services et des autorit\u00e9s de renom. InfoGuard est une soci\u00e9t\u00e9 ind\u00e9pendante, enti\u00e8rement d\u00e9tenue par la direction et le conseil d'administration avec la participation des cadres. Le CEO et d\u00e9l\u00e9gu\u00e9 du conseil d'administration est Thomas Meier.<br \/>\n<a href=\"https:\/\/www.infoguard.ch\">https:\/\/www.infoguard.ch<\/a><\/li>\n<\/ul>\n<figure id=\"attachment_18524\" aria-describedby=\"caption-attachment-18524\" style=\"width: 680px\" class=\"wp-caption alignnone\"><img loading=\"lazy\" decoding=\"async\" class=\"size-full wp-image-18524\" src=\"https:\/\/www.organisator.ch\/wp-content\/uploads\/2023\/01\/Finalisten-fuer-den-Prix-SVC-Zentralschweiz-2023-bekanntgegeben-4_Organisator.jpg\" alt=\"\" width=\"680\" height=\"453\" srcset=\"https:\/\/www.organisator.ch\/wp-content\/uploads\/2023\/01\/Finalisten-fuer-den-Prix-SVC-Zentralschweiz-2023-bekanntgegeben-4_Organisator.jpg 680w, https:\/\/www.organisator.ch\/wp-content\/uploads\/2023\/01\/Finalisten-fuer-den-Prix-SVC-Zentralschweiz-2023-bekanntgegeben-4_Organisator-18x12.jpg 18w, https:\/\/www.organisator.ch\/wp-content\/uploads\/2023\/01\/Finalisten-fuer-den-Prix-SVC-Zentralschweiz-2023-bekanntgegeben-4_Organisator-375x250.jpg 375w, https:\/\/www.organisator.ch\/wp-content\/uploads\/2023\/01\/Finalisten-fuer-den-Prix-SVC-Zentralschweiz-2023-bekanntgegeben-4_Organisator-525x350.jpg 525w\" sizes=\"auto, (max-width: 680px) 100vw, 680px\" \/><figcaption id=\"caption-attachment-18524\" class=\"wp-caption-text\">Pr\u00e9sentation de la soci\u00e9t\u00e9 InfoGuard. (Image : Conciatori Roberto Photographer SBF\/SSM)<\/figcaption><\/figure>\n<ul>\n<li><strong>Pirmin Jung Suisse SA : <\/strong>La premi\u00e8re pierre du succ\u00e8s actuel de l'entreprise a \u00e9t\u00e9 pos\u00e9e avec le choix professionnel du propri\u00e9taire de l'entreprise, Pirmin Jung, qui \u00e9tait charpentier de formation. Depuis 1996, l'entreprise d\u00e9veloppe et promeut la construction en bois - par conviction. Plus de 100 ing\u00e9nieurs et planificateurs r\u00e9partis sur plusieurs sites en Suisse et en Allemagne accompagnent les projets dans les domaines de la planification des structures, de la physique du b\u00e2timent et de la protection contre les incendies. Avec son nouveau si\u00e8ge social \"Haus des Holzes\" \u00e0 Sursee, Pirmin Jung met en \u0153uvre sa philosophie d'entreprise \"Construire de mani\u00e8re responsable\". Le projet de d\u00e9veloppement et de d\u00e9monstration pour une planification et une construction num\u00e9riques, respectueuses du climat et du cycle de vie, r\u00e9pond aux plus hautes pr\u00e9occupations sociales, \u00e9cologiques et \u00e9conomiques.<br \/>\n<a href=\"https:\/\/www.pirminjung.ch\">https:\/\/www.pirminjung.ch<\/a><\/li>\n<\/ul>\n<figure id=\"attachment_18525\" aria-describedby=\"caption-attachment-18525\" style=\"width: 680px\" class=\"wp-caption alignnone\"><img loading=\"lazy\" decoding=\"async\" class=\"size-full wp-image-18525\" src=\"https:\/\/www.organisator.ch\/wp-content\/uploads\/2023\/01\/Finalisten-fuer-den-Prix-SVC-Zentralschweiz-2023-bekanntgegeben-5_Organisator.jpg\" alt=\"\" width=\"680\" height=\"453\" srcset=\"https:\/\/www.organisator.ch\/wp-content\/uploads\/2023\/01\/Finalisten-fuer-den-Prix-SVC-Zentralschweiz-2023-bekanntgegeben-5_Organisator.jpg 680w, https:\/\/www.organisator.ch\/wp-content\/uploads\/2023\/01\/Finalisten-fuer-den-Prix-SVC-Zentralschweiz-2023-bekanntgegeben-5_Organisator-18x12.jpg 18w, https:\/\/www.organisator.ch\/wp-content\/uploads\/2023\/01\/Finalisten-fuer-den-Prix-SVC-Zentralschweiz-2023-bekanntgegeben-5_Organisator-375x250.jpg 375w, https:\/\/www.organisator.ch\/wp-content\/uploads\/2023\/01\/Finalisten-fuer-den-Prix-SVC-Zentralschweiz-2023-bekanntgegeben-5_Organisator-525x350.jpg 525w\" sizes=\"auto, (max-width: 680px) 100vw, 680px\" \/><figcaption id=\"caption-attachment-18525\" class=\"wp-caption-text\">La construction en bois sous toutes ses facettes, pr\u00e9sent\u00e9e par l'entreprise Pirmin Jung. (Image : Conciatori Roberto Photographer SBF\/SSM)<\/figcaption><\/figure>\n<ul>\n<li><strong>St\u00f6ckli Swiss Sports AG : <\/strong>St\u00f6ckli Swiss Sports AG est le fabricant de skis le plus prosp\u00e8re de Suisse, tant dans la vente de skis que dans le sport de comp\u00e9tition actif. L'entreprise exploite en Suisse 10 magasins de sport, 2 centres de test et approvisionne de mani\u00e8re s\u00e9lective les magasins de sport suisses. Plus de 60% de la production annuelle de skis est export\u00e9e dans plus de 40 pays. L'entreprise traditionnelle, qui existe depuis 1935 et dont le si\u00e8ge est \u00e0 Malters (LU), est une entreprise familiale dirig\u00e9e par le CEO Marc Gl\u00e4ser.<br \/>\n<a href=\"https:\/\/www.stoeckli.ch\">https:\/\/www.stoeckli.ch<\/a><\/li>\n<\/ul>\n<figure id=\"attachment_18526\" aria-describedby=\"caption-attachment-18526\" style=\"width: 680px\" class=\"wp-caption alignnone\"><img loading=\"lazy\" decoding=\"async\" class=\"size-full wp-image-18526\" src=\"https:\/\/www.organisator.ch\/wp-content\/uploads\/2023\/01\/Finalisten-fuer-den-Prix-SVC-Zentralschweiz-2023-bekanntgegeben-6_Organisator.jpg\" alt=\"\" width=\"680\" height=\"453\" srcset=\"https:\/\/www.organisator.ch\/wp-content\/uploads\/2023\/01\/Finalisten-fuer-den-Prix-SVC-Zentralschweiz-2023-bekanntgegeben-6_Organisator.jpg 680w, https:\/\/www.organisator.ch\/wp-content\/uploads\/2023\/01\/Finalisten-fuer-den-Prix-SVC-Zentralschweiz-2023-bekanntgegeben-6_Organisator-18x12.jpg 18w, https:\/\/www.organisator.ch\/wp-content\/uploads\/2023\/01\/Finalisten-fuer-den-Prix-SVC-Zentralschweiz-2023-bekanntgegeben-6_Organisator-375x250.jpg 375w, https:\/\/www.organisator.ch\/wp-content\/uploads\/2023\/01\/Finalisten-fuer-den-Prix-SVC-Zentralschweiz-2023-bekanntgegeben-6_Organisator-525x350.jpg 525w\" sizes=\"auto, (max-width: 680px) 100vw, 680px\" \/><figcaption id=\"caption-attachment-18526\" class=\"wp-caption-text\">Des skis avec lesquels les sportifs suisses font \u00e9galement fureur sur les pistes. (Image : Conciatori Roberto Photographer SBF\/SSM)<\/figcaption><\/figure>\n<ul>\n<li><strong>Trihow SA : <\/strong>La naissance de Trihow AG a commenc\u00e9 autour d'une bi\u00e8re fra\u00eeche et d'une discussion anim\u00e9e entre Beat Kn\u00fcsel (CEO &amp; co-fondateur) et Patrick Link (Innovation &amp; co-fondateur). Il est apparu de plus en plus clairement aux deux hommes que la num\u00e9risation progressait certes, mais qu'elle \u00e9tait trop ax\u00e9e sur la technique et non sur l'humain. Depuis, Trihow fait le lien entre le monde analogique et le monde num\u00e9rique. Gr\u00e2ce \u00e0 l'interaction avec des \u00e9l\u00e9ments haptiques, les contenus num\u00e9riques deviennent faciles d'acc\u00e8s et peuvent \u00eatre v\u00e9cus. Les 15 collaborateurs de Trihow d\u00e9veloppent, en collaboration avec leur client\u00e8le, des solutions globales et adapt\u00e9es \u00e0 l'\u00eatre humain dans un espace hybride : que ce soit dans le commerce de d\u00e9tail, dans des situations de conseil ou des configurations, Trihow rend \"tangibles\" les contenus disponibles sous forme num\u00e9rique et porte ainsi l'exp\u00e9rience client \u00e0 un niveau \u00e9tonnamment \u00e9lev\u00e9.<br \/>\n<a href=\"https:\/\/trihow.com\">https:\/\/trihow.com<\/a><\/li>\n<\/ul>\n<figure id=\"attachment_18527\" aria-describedby=\"caption-attachment-18527\" style=\"width: 680px\" class=\"wp-caption alignnone\"><img loading=\"lazy\" decoding=\"async\" class=\"size-full wp-image-18527\" src=\"https:\/\/www.organisator.ch\/wp-content\/uploads\/2023\/01\/Finalisten-fuer-den-Prix-SVC-Zentralschweiz-2023-bekanntgegeben-7_Organisator.jpg\" alt=\"\" width=\"680\" height=\"453\" srcset=\"https:\/\/www.organisator.ch\/wp-content\/uploads\/2023\/01\/Finalisten-fuer-den-Prix-SVC-Zentralschweiz-2023-bekanntgegeben-7_Organisator.jpg 680w, https:\/\/www.organisator.ch\/wp-content\/uploads\/2023\/01\/Finalisten-fuer-den-Prix-SVC-Zentralschweiz-2023-bekanntgegeben-7_Organisator-18x12.jpg 18w, https:\/\/www.organisator.ch\/wp-content\/uploads\/2023\/01\/Finalisten-fuer-den-Prix-SVC-Zentralschweiz-2023-bekanntgegeben-7_Organisator-375x250.jpg 375w, https:\/\/www.organisator.ch\/wp-content\/uploads\/2023\/01\/Finalisten-fuer-den-Prix-SVC-Zentralschweiz-2023-bekanntgegeben-7_Organisator-525x350.jpg 525w\" sizes=\"auto, (max-width: 680px) 100vw, 680px\" \/><figcaption id=\"caption-attachment-18527\" class=\"wp-caption-text\">Atelier d'id\u00e9es chez Trihow AG. (Image : Conciatori Roberto Photographer SBF\/SSM)<\/figcaption><\/figure>\n<p>La remise du Prix SVC Zentralschweiz 2023 aura lieu le mardi 2 mai 2023 au Centre de la culture et des congr\u00e8s de Lucerne (KKL). Un millier d'invit\u00e9s issus des milieux \u00e9conomiques, scientifiques, politiques et culturels sont attendus. La c\u00e9r\u00e9monie de remise des prix sera anim\u00e9e par Nik Hartmann.<\/p>\n<p><em>Plus d'informations : <a href=\"http:\/\/www.svc.swiss\">www.svc.swiss<\/a><\/em><\/p>","protected":false},"excerpt":{"rendered":"<p>Tr\u00e4ger und Initiant der Prix SVC Verleihungen ist der Swiss Venture Club, ein unabh\u00e4ngiger Verein zur F\u00f6rderung und Unterst\u00fctzung von KMU in der Schweiz. Mit dem Prix SVC Zentralschweiz zeichnet er vorbildliche KMU aus, die durch ihre innovativen Produkte und Dienstleistungen, ihre Firmenkultur, die Qualit\u00e4t der Mitarbeitenden und des Managements sowie durch einen nachhaltigen Erfolgsausweis [&hellip;]<\/p>\n","protected":false},"author":4,"featured_media":18521,"comment_status":"closed","ping_status":"closed","sticky":false,"template":"","format":"standard","meta":{"_acf_changed":false,"_yoast_wpseo_focuskw":"Prix SVC Zentralschweiz 2023","_yoast_wpseo_metadesc":"Das Unternehmernetzwerk Swiss Venture Club (SVC) vergibt am 2. Mai 2023 den Prix SVC Zentralschweiz 2023. Sechs Unternehmen stehen im Final.","articlekey":"","footnotes":""},"categories":[28],"tags":[66,335,390],"class_list":["post-18519","post","type-post","status-publish","format-standard","has-post-thumbnail","hentry","category-management","tag-awards","tag-management-und-unternehmensfuehrung","tag-prix-svc"],"acf":[],"yoast_head":"<!-- This site is optimized with the Yoast SEO plugin v27.5 - https:\/\/yoast.com\/product\/yoast-seo-wordpress\/ -->\n<title>Finalisten f\u00fcr den Prix SVC Zentralschweiz 2023 bekanntgegeben - Organisator<\/title>\n<meta name=\"description\" content=\"Das Unternehmernetzwerk Swiss Venture Club (SVC) vergibt am 2. Mai 2023 den Prix SVC Zentralschweiz 2023. Sechs Unternehmen stehen im Final.\" \/>\n<meta name=\"robots\" content=\"index, follow, max-snippet:-1, max-image-preview:large, max-video-preview:-1\" \/>\n<link rel=\"canonical\" href=\"https:\/\/www.organisator.ch\/fr\/gestion-2\/2023-01-18\/finalisten-fuer-den-prix-svc-zentralschweiz-2023-bekanntgegeben\/\" \/>\n<meta property=\"og:locale\" content=\"fr_FR\" \/>\n<meta property=\"og:type\" content=\"article\" \/>\n<meta property=\"og:title\" content=\"Finalisten f\u00fcr den Prix SVC Zentralschweiz 2023 bekanntgegeben\" \/>\n<meta property=\"og:description\" content=\"Das Unternehmernetzwerk Swiss Venture Club (SVC) vergibt am 2. Mai 2023 den Prix SVC Zentralschweiz 2023. Sechs Unternehmen stehen im Final.\" \/>\n<meta property=\"og:url\" content=\"https:\/\/www.organisator.ch\/fr\/gestion-2\/2023-01-18\/finalisten-fuer-den-prix-svc-zentralschweiz-2023-bekanntgegeben\/\" \/>\n<meta property=\"og:site_name\" content=\"Organisator\" \/>\n<meta property=\"article:publisher\" content=\"https:\/\/www.facebook.com\/OrganisatorFachmagazin\" \/>\n<meta property=\"article:published_time\" content=\"2023-01-18T05:09:32+00:00\" \/>\n<meta property=\"og:image\" content=\"https:\/\/www.organisator.ch\/wp-content\/uploads\/2023\/01\/Finalisten-fuer-den-Prix-SVC-Zentralschweiz-2023-bekanntgegeben-1_Organisator.jpg\" \/>\n\t<meta property=\"og:image:width\" content=\"680\" \/>\n\t<meta property=\"og:image:height\" content=\"450\" \/>\n\t<meta property=\"og:image:type\" content=\"image\/jpeg\" \/>\n<meta name=\"author\" content=\"thomas.berner\" \/>\n<meta name=\"twitter:card\" content=\"summary_large_image\" \/>\n<meta name=\"twitter:title\" content=\"#Finalisten f\u00fcr den Prix #SVC #Zentralschweiz 2023 bekanntgegeben\" \/>\n<meta name=\"twitter:description\" content=\"Das #Unternehmernetzwerk Swiss Venture Club (SVC) vergibt am 2. Mai 2023 den Prix SVC #Zentralschweiz 2023. Sechs Unternehmen stehen im Final.\" \/>\n<meta name=\"twitter:image\" content=\"https:\/\/www.organisator.ch\/wp-content\/uploads\/2023\/01\/Finalisten-fuer-den-Prix-SVC-Zentralschweiz-2023-bekanntgegeben-1_Organisator.jpg\" \/>\n<script type=\"application\/ld+json\" class=\"yoast-schema-graph\">{\"@context\":\"https:\\\/\\\/schema.org\",\"@graph\":[{\"@type\":\"Article\",\"@id\":\"https:\\\/\\\/www.organisator.ch\\\/management\\\/2023-01-18\\\/finalisten-fuer-den-prix-svc-zentralschweiz-2023-bekanntgegeben\\\/#article\",\"isPartOf\":{\"@id\":\"https:\\\/\\\/www.organisator.ch\\\/management\\\/2023-01-18\\\/finalisten-fuer-den-prix-svc-zentralschweiz-2023-bekanntgegeben\\\/\"},\"author\":{\"name\":\"thomas.berner\",\"@id\":\"https:\\\/\\\/www.organisator.ch\\\/#\\\/schema\\\/person\\\/6f650f90b2842cd4c0cc334b4e36f67e\"},\"headline\":\"Finalisten f\u00fcr den Prix SVC Zentralschweiz 2023 bekanntgegeben\",\"datePublished\":\"2023-01-18T05:09:32+00:00\",\"mainEntityOfPage\":{\"@id\":\"https:\\\/\\\/www.organisator.ch\\\/management\\\/2023-01-18\\\/finalisten-fuer-den-prix-svc-zentralschweiz-2023-bekanntgegeben\\\/\"},\"wordCount\":888,\"publisher\":{\"@id\":\"https:\\\/\\\/www.organisator.ch\\\/#organization\"},\"image\":{\"@id\":\"https:\\\/\\\/www.organisator.ch\\\/management\\\/2023-01-18\\\/finalisten-fuer-den-prix-svc-zentralschweiz-2023-bekanntgegeben\\\/#primaryimage\"},\"thumbnailUrl\":\"https:\\\/\\\/www.organisator.ch\\\/wp-content\\\/uploads\\\/2023\\\/01\\\/Finalisten-fuer-den-Prix-SVC-Zentralschweiz-2023-bekanntgegeben-1_Organisator.jpg\",\"keywords\":[\"Awards\",\"Management und Unternehmensf\u00fchrung\",\"Prix SVC\"],\"articleSection\":[\"MANAGEMENT\"],\"inLanguage\":\"fr-FR\"},{\"@type\":\"WebPage\",\"@id\":\"https:\\\/\\\/www.organisator.ch\\\/management\\\/2023-01-18\\\/finalisten-fuer-den-prix-svc-zentralschweiz-2023-bekanntgegeben\\\/\",\"url\":\"https:\\\/\\\/www.organisator.ch\\\/management\\\/2023-01-18\\\/finalisten-fuer-den-prix-svc-zentralschweiz-2023-bekanntgegeben\\\/\",\"name\":\"Finalisten f\u00fcr den Prix SVC Zentralschweiz 2023 bekanntgegeben - Organisator\",\"isPartOf\":{\"@id\":\"https:\\\/\\\/www.organisator.ch\\\/#website\"},\"primaryImageOfPage\":{\"@id\":\"https:\\\/\\\/www.organisator.ch\\\/management\\\/2023-01-18\\\/finalisten-fuer-den-prix-svc-zentralschweiz-2023-bekanntgegeben\\\/#primaryimage\"},\"image\":{\"@id\":\"https:\\\/\\\/www.organisator.ch\\\/management\\\/2023-01-18\\\/finalisten-fuer-den-prix-svc-zentralschweiz-2023-bekanntgegeben\\\/#primaryimage\"},\"thumbnailUrl\":\"https:\\\/\\\/www.organisator.ch\\\/wp-content\\\/uploads\\\/2023\\\/01\\\/Finalisten-fuer-den-Prix-SVC-Zentralschweiz-2023-bekanntgegeben-1_Organisator.jpg\",\"datePublished\":\"2023-01-18T05:09:32+00:00\",\"description\":\"Das Unternehmernetzwerk Swiss Venture Club (SVC) vergibt am 2. Mai 2023 den Prix SVC Zentralschweiz 2023. Sechs Unternehmen stehen im Final.\",\"breadcrumb\":{\"@id\":\"https:\\\/\\\/www.organisator.ch\\\/management\\\/2023-01-18\\\/finalisten-fuer-den-prix-svc-zentralschweiz-2023-bekanntgegeben\\\/#breadcrumb\"},\"inLanguage\":\"fr-FR\",\"potentialAction\":[{\"@type\":\"ReadAction\",\"target\":[\"https:\\\/\\\/www.organisator.ch\\\/management\\\/2023-01-18\\\/finalisten-fuer-den-prix-svc-zentralschweiz-2023-bekanntgegeben\\\/\"]}]},{\"@type\":\"ImageObject\",\"inLanguage\":\"fr-FR\",\"@id\":\"https:\\\/\\\/www.organisator.ch\\\/management\\\/2023-01-18\\\/finalisten-fuer-den-prix-svc-zentralschweiz-2023-bekanntgegeben\\\/#primaryimage\",\"url\":\"https:\\\/\\\/www.organisator.ch\\\/wp-content\\\/uploads\\\/2023\\\/01\\\/Finalisten-fuer-den-Prix-SVC-Zentralschweiz-2023-bekanntgegeben-1_Organisator.jpg\",\"contentUrl\":\"https:\\\/\\\/www.organisator.ch\\\/wp-content\\\/uploads\\\/2023\\\/01\\\/Finalisten-fuer-den-Prix-SVC-Zentralschweiz-2023-bekanntgegeben-1_Organisator.jpg\",\"width\":680,\"height\":450,\"caption\":\"Um diese Troph\u00e4e geht es dann am 2. Mai 2023 in Luzern: Wer von den sechs Finalisten gewinnt den Prix SVC Zentralschweiz 2023? (Bild: Thomas Berner)\"},{\"@type\":\"BreadcrumbList\",\"@id\":\"https:\\\/\\\/www.organisator.ch\\\/management\\\/2023-01-18\\\/finalisten-fuer-den-prix-svc-zentralschweiz-2023-bekanntgegeben\\\/#breadcrumb\",\"itemListElement\":[{\"@type\":\"ListItem\",\"position\":1,\"name\":\"Home\",\"item\":\"https:\\\/\\\/www.organisator.ch\\\/\"},{\"@type\":\"ListItem\",\"position\":2,\"name\":\"Finalisten f\u00fcr den Prix SVC Zentralschweiz 2023 bekanntgegeben\"}]},{\"@type\":\"WebSite\",\"@id\":\"https:\\\/\\\/www.organisator.ch\\\/#website\",\"url\":\"https:\\\/\\\/www.organisator.ch\\\/\",\"name\":\"Organisator\",\"description\":\"Kompetent. Praxisnah. Der ORGANISATOR bereitet in 10 Ausgaben pro Jahr die wesentlichen Themen f\u00fcr F\u00fchrungskr\u00e4fte von KMU auf.\",\"publisher\":{\"@id\":\"https:\\\/\\\/www.organisator.ch\\\/#organization\"},\"potentialAction\":[{\"@type\":\"SearchAction\",\"target\":{\"@type\":\"EntryPoint\",\"urlTemplate\":\"https:\\\/\\\/www.organisator.ch\\\/?s={search_term_string}\"},\"query-input\":{\"@type\":\"PropertyValueSpecification\",\"valueRequired\":true,\"valueName\":\"search_term_string\"}}],\"inLanguage\":\"fr-FR\"},{\"@type\":\"Organization\",\"@id\":\"https:\\\/\\\/www.organisator.ch\\\/#organization\",\"name\":\"Organisator\",\"url\":\"https:\\\/\\\/www.organisator.ch\\\/\",\"logo\":{\"@type\":\"ImageObject\",\"inLanguage\":\"fr-FR\",\"@id\":\"https:\\\/\\\/www.organisator.ch\\\/#\\\/schema\\\/logo\\\/image\\\/\",\"url\":\"https:\\\/\\\/www.organisator.ch\\\/wp-content\\\/uploads\\\/2022\\\/01\\\/Logo_Organisator_Website.png\",\"contentUrl\":\"https:\\\/\\\/www.organisator.ch\\\/wp-content\\\/uploads\\\/2022\\\/01\\\/Logo_Organisator_Website.png\",\"width\":800,\"height\":77,\"caption\":\"Organisator\"},\"image\":{\"@id\":\"https:\\\/\\\/www.organisator.ch\\\/#\\\/schema\\\/logo\\\/image\\\/\"},\"sameAs\":[\"https:\\\/\\\/www.facebook.com\\\/OrganisatorFachmagazin\",\"https:\\\/\\\/www.linkedin.com\\\/showcase\\\/organisator-das-magazin-fr-kmu\",\"https:\\\/\\\/www.xing.com\\\/news\\\/pages\\\/organisator-ch-695\",\"https:\\\/\\\/www.youtube.com\\\/channel\\\/UCGP2Sq0iWaZwT3BdIAQFYpw\"]},{\"@type\":\"Person\",\"@id\":\"https:\\\/\\\/www.organisator.ch\\\/#\\\/schema\\\/person\\\/6f650f90b2842cd4c0cc334b4e36f67e\",\"name\":\"thomas.berner\",\"image\":{\"@type\":\"ImageObject\",\"inLanguage\":\"fr-FR\",\"@id\":\"https:\\\/\\\/secure.gravatar.com\\\/avatar\\\/ac5001d2a36cb6c6cd3e50789007ffca834b477b74a2144564522e944eabff61?s=96&d=mm&r=g\",\"url\":\"https:\\\/\\\/secure.gravatar.com\\\/avatar\\\/ac5001d2a36cb6c6cd3e50789007ffca834b477b74a2144564522e944eabff61?s=96&d=mm&r=g\",\"contentUrl\":\"https:\\\/\\\/secure.gravatar.com\\\/avatar\\\/ac5001d2a36cb6c6cd3e50789007ffca834b477b74a2144564522e944eabff61?s=96&d=mm&r=g\",\"caption\":\"thomas.berner\"},\"url\":\"https:\\\/\\\/www.organisator.ch\\\/fr\\\/author\\\/thomas-berner\\\/\"}]}<\/script>\n<!-- \/ Yoast SEO plugin. -->","yoast_head_json":{"title":"Les finalistes du Prix SVC Zentralschweiz 2023 ont \u00e9t\u00e9 annonc\u00e9s - Organisateur","description":"Le r\u00e9seau d'entrepreneurs Swiss Venture Club (SVC) d\u00e9cernera le Prix SVC Zentralschweiz 2023 le 2 mai 2023. Six entreprises sont en lice pour la finale.","robots":{"index":"index","follow":"follow","max-snippet":"max-snippet:-1","max-image-preview":"max-image-preview:large","max-video-preview":"max-video-preview:-1"},"canonical":"https:\/\/www.organisator.ch\/fr\/gestion-2\/2023-01-18\/finalisten-fuer-den-prix-svc-zentralschweiz-2023-bekanntgegeben\/","og_locale":"fr_FR","og_type":"article","og_title":"Finalisten f\u00fcr den Prix SVC Zentralschweiz 2023 bekanntgegeben","og_description":"Das Unternehmernetzwerk Swiss Venture Club (SVC) vergibt am 2. Mai 2023 den Prix SVC Zentralschweiz 2023. Sechs Unternehmen stehen im Final.","og_url":"https:\/\/www.organisator.ch\/fr\/gestion-2\/2023-01-18\/finalisten-fuer-den-prix-svc-zentralschweiz-2023-bekanntgegeben\/","og_site_name":"Organisator","article_publisher":"https:\/\/www.facebook.com\/OrganisatorFachmagazin","article_published_time":"2023-01-18T05:09:32+00:00","og_image":[{"width":680,"height":450,"url":"https:\/\/www.organisator.ch\/wp-content\/uploads\/2023\/01\/Finalisten-fuer-den-Prix-SVC-Zentralschweiz-2023-bekanntgegeben-1_Organisator.jpg","type":"image\/jpeg"}],"author":"thomas.berner","twitter_card":"summary_large_image","twitter_title":"#Finalisten f\u00fcr den Prix #SVC #Zentralschweiz 2023 bekanntgegeben","twitter_description":"Das #Unternehmernetzwerk Swiss Venture Club (SVC) vergibt am 2. Mai 2023 den Prix SVC #Zentralschweiz 2023. Sechs Unternehmen stehen im Final.","twitter_image":"https:\/\/www.organisator.ch\/wp-content\/uploads\/2023\/01\/Finalisten-fuer-den-Prix-SVC-Zentralschweiz-2023-bekanntgegeben-1_Organisator.jpg","schema":{"@context":"https:\/\/schema.org","@graph":[{"@type":"Article","@id":"https:\/\/www.organisator.ch\/management\/2023-01-18\/finalisten-fuer-den-prix-svc-zentralschweiz-2023-bekanntgegeben\/#article","isPartOf":{"@id":"https:\/\/www.organisator.ch\/management\/2023-01-18\/finalisten-fuer-den-prix-svc-zentralschweiz-2023-bekanntgegeben\/"},"author":{"name":"thomas.berner","@id":"https:\/\/www.organisator.ch\/#\/schema\/person\/6f650f90b2842cd4c0cc334b4e36f67e"},"headline":"Finalisten f\u00fcr den Prix SVC Zentralschweiz 2023 bekanntgegeben","datePublished":"2023-01-18T05:09:32+00:00","mainEntityOfPage":{"@id":"https:\/\/www.organisator.ch\/management\/2023-01-18\/finalisten-fuer-den-prix-svc-zentralschweiz-2023-bekanntgegeben\/"},"wordCount":888,"publisher":{"@id":"https:\/\/www.organisator.ch\/#organization"},"image":{"@id":"https:\/\/www.organisator.ch\/management\/2023-01-18\/finalisten-fuer-den-prix-svc-zentralschweiz-2023-bekanntgegeben\/#primaryimage"},"thumbnailUrl":"https:\/\/www.organisator.ch\/wp-content\/uploads\/2023\/01\/Finalisten-fuer-den-Prix-SVC-Zentralschweiz-2023-bekanntgegeben-1_Organisator.jpg","keywords":["Awards","Management und Unternehmensf\u00fchrung","Prix SVC"],"articleSection":["MANAGEMENT"],"inLanguage":"fr-FR"},{"@type":"WebPage","@id":"https:\/\/www.organisator.ch\/management\/2023-01-18\/finalisten-fuer-den-prix-svc-zentralschweiz-2023-bekanntgegeben\/","url":"https:\/\/www.organisator.ch\/management\/2023-01-18\/finalisten-fuer-den-prix-svc-zentralschweiz-2023-bekanntgegeben\/","name":"Les finalistes du Prix SVC Zentralschweiz 2023 ont \u00e9t\u00e9 annonc\u00e9s - Organisateur","isPartOf":{"@id":"https:\/\/www.organisator.ch\/#website"},"primaryImageOfPage":{"@id":"https:\/\/www.organisator.ch\/management\/2023-01-18\/finalisten-fuer-den-prix-svc-zentralschweiz-2023-bekanntgegeben\/#primaryimage"},"image":{"@id":"https:\/\/www.organisator.ch\/management\/2023-01-18\/finalisten-fuer-den-prix-svc-zentralschweiz-2023-bekanntgegeben\/#primaryimage"},"thumbnailUrl":"https:\/\/www.organisator.ch\/wp-content\/uploads\/2023\/01\/Finalisten-fuer-den-Prix-SVC-Zentralschweiz-2023-bekanntgegeben-1_Organisator.jpg","datePublished":"2023-01-18T05:09:32+00:00","description":"Le r\u00e9seau d'entrepreneurs Swiss Venture Club (SVC) d\u00e9cernera le Prix SVC Zentralschweiz 2023 le 2 mai 2023. Six entreprises sont en lice pour la finale.","breadcrumb":{"@id":"https:\/\/www.organisator.ch\/management\/2023-01-18\/finalisten-fuer-den-prix-svc-zentralschweiz-2023-bekanntgegeben\/#breadcrumb"},"inLanguage":"fr-FR","potentialAction":[{"@type":"ReadAction","target":["https:\/\/www.organisator.ch\/management\/2023-01-18\/finalisten-fuer-den-prix-svc-zentralschweiz-2023-bekanntgegeben\/"]}]},{"@type":"ImageObject","inLanguage":"fr-FR","@id":"https:\/\/www.organisator.ch\/management\/2023-01-18\/finalisten-fuer-den-prix-svc-zentralschweiz-2023-bekanntgegeben\/#primaryimage","url":"https:\/\/www.organisator.ch\/wp-content\/uploads\/2023\/01\/Finalisten-fuer-den-Prix-SVC-Zentralschweiz-2023-bekanntgegeben-1_Organisator.jpg","contentUrl":"https:\/\/www.organisator.ch\/wp-content\/uploads\/2023\/01\/Finalisten-fuer-den-Prix-SVC-Zentralschweiz-2023-bekanntgegeben-1_Organisator.jpg","width":680,"height":450,"caption":"Um diese Troph\u00e4e geht es dann am 2. Mai 2023 in Luzern: Wer von den sechs Finalisten gewinnt den Prix SVC Zentralschweiz 2023? (Bild: Thomas Berner)"},{"@type":"BreadcrumbList","@id":"https:\/\/www.organisator.ch\/management\/2023-01-18\/finalisten-fuer-den-prix-svc-zentralschweiz-2023-bekanntgegeben\/#breadcrumb","itemListElement":[{"@type":"ListItem","position":1,"name":"Home","item":"https:\/\/www.organisator.ch\/"},{"@type":"ListItem","position":2,"name":"Finalisten f\u00fcr den Prix SVC Zentralschweiz 2023 bekanntgegeben"}]},{"@type":"WebSite","@id":"https:\/\/www.organisator.ch\/#website","url":"https:\/\/www.organisator.ch\/","name":"Organisateur","description":"Comp\u00e9tence et comp\u00e9tence. Proches de la pratique. L'ORGANISATEUR pr\u00e9pare 10 num\u00e9ros par an sur les th\u00e8mes essentiels pour les dirigeants de PME.","publisher":{"@id":"https:\/\/www.organisator.ch\/#organization"},"potentialAction":[{"@type":"SearchAction","target":{"@type":"EntryPoint","urlTemplate":"https:\/\/www.organisator.ch\/?s={search_term_string}"},"query-input":{"@type":"PropertyValueSpecification","valueRequired":true,"valueName":"search_term_string"}}],"inLanguage":"fr-FR"},{"@type":"Organization","@id":"https:\/\/www.organisator.ch\/#organization","name":"Organisateur","url":"https:\/\/www.organisator.ch\/","logo":{"@type":"ImageObject","inLanguage":"fr-FR","@id":"https:\/\/www.organisator.ch\/#\/schema\/logo\/image\/","url":"https:\/\/www.organisator.ch\/wp-content\/uploads\/2022\/01\/Logo_Organisator_Website.png","contentUrl":"https:\/\/www.organisator.ch\/wp-content\/uploads\/2022\/01\/Logo_Organisator_Website.png","width":800,"height":77,"caption":"Organisator"},"image":{"@id":"https:\/\/www.organisator.ch\/#\/schema\/logo\/image\/"},"sameAs":["https:\/\/www.facebook.com\/OrganisatorFachmagazin","https:\/\/www.linkedin.com\/showcase\/organisator-das-magazin-fr-kmu","https:\/\/www.xing.com\/news\/pages\/organisator-ch-695","https:\/\/www.youtube.com\/channel\/UCGP2Sq0iWaZwT3BdIAQFYpw"]},{"@type":"Person","@id":"https:\/\/www.organisator.ch\/#\/schema\/person\/6f650f90b2842cd4c0cc334b4e36f67e","name":"thomas.berner","image":{"@type":"ImageObject","inLanguage":"fr-FR","@id":"https:\/\/secure.gravatar.com\/avatar\/ac5001d2a36cb6c6cd3e50789007ffca834b477b74a2144564522e944eabff61?s=96&d=mm&r=g","url":"https:\/\/secure.gravatar.com\/avatar\/ac5001d2a36cb6c6cd3e50789007ffca834b477b74a2144564522e944eabff61?s=96&d=mm&r=g","contentUrl":"https:\/\/secure.gravatar.com\/avatar\/ac5001d2a36cb6c6cd3e50789007ffca834b477b74a2144564522e944eabff61?s=96&d=mm&r=g","caption":"thomas.berner"},"url":"https:\/\/www.organisator.ch\/fr\/author\/thomas-berner\/"}]}},"_links":{"self":[{"href":"https:\/\/www.organisator.ch\/fr\/wp-json\/wp\/v2\/posts\/18519","targetHints":{"allow":["GET"]}}],"collection":[{"href":"https:\/\/www.organisator.ch\/fr\/wp-json\/wp\/v2\/posts"}],"about":[{"href":"https:\/\/www.organisator.ch\/fr\/wp-json\/wp\/v2\/types\/post"}],"author":[{"embeddable":true,"href":"https:\/\/www.organisator.ch\/fr\/wp-json\/wp\/v2\/users\/4"}],"replies":[{"embeddable":true,"href":"https:\/\/www.organisator.ch\/fr\/wp-json\/wp\/v2\/comments?post=18519"}],"version-history":[{"count":1,"href":"https:\/\/www.organisator.ch\/fr\/wp-json\/wp\/v2\/posts\/18519\/revisions"}],"predecessor-version":[{"id":18528,"href":"https:\/\/www.organisator.ch\/fr\/wp-json\/wp\/v2\/posts\/18519\/revisions\/18528"}],"wp:featuredmedia":[{"embeddable":true,"href":"https:\/\/www.organisator.ch\/fr\/wp-json\/wp\/v2\/media\/18521"}],"wp:attachment":[{"href":"https:\/\/www.organisator.ch\/fr\/wp-json\/wp\/v2\/media?parent=18519"}],"wp:term":[{"taxonomy":"category","embeddable":true,"href":"https:\/\/www.organisator.ch\/fr\/wp-json\/wp\/v2\/categories?post=18519"},{"taxonomy":"post_tag","embeddable":true,"href":"https:\/\/www.organisator.ch\/fr\/wp-json\/wp\/v2\/tags?post=18519"}],"curies":[{"name":"wp","href":"https:\/\/api.w.org\/{rel}","templated":true}]}}