{"id":18558,"date":"2023-01-23T08:31:28","date_gmt":"2023-01-23T07:31:28","guid":{"rendered":"https:\/\/www.organisator.ch\/?p=18558"},"modified":"2023-01-31T15:03:09","modified_gmt":"2023-01-31T14:03:09","slug":"resilienz-als-teil-der-neuen-normalitaet","status":"publish","type":"post","link":"https:\/\/www.organisator.ch\/fr\/management\/2023-01-23\/resilienz-als-teil-der-neuen-normalitaet\/","title":{"rendered":"La r\u00e9silience, partie int\u00e9grante de la nouvelle normalit\u00e9"},"content":{"rendered":"<figure id=\"attachment_18559\" aria-describedby=\"caption-attachment-18559\" style=\"width: 680px\" class=\"wp-caption alignnone\"><img loading=\"lazy\" decoding=\"async\" class=\"size-full wp-image-18559\" src=\"https:\/\/www.organisator.ch\/wp-content\/uploads\/2023\/01\/Resilienz-als-Teil-der-neuen-Normalitaet-1_Organisator.jpg\" alt=\"\" width=\"680\" height=\"454\" srcset=\"https:\/\/www.organisator.ch\/wp-content\/uploads\/2023\/01\/Resilienz-als-Teil-der-neuen-Normalitaet-1_Organisator.jpg 680w, https:\/\/www.organisator.ch\/wp-content\/uploads\/2023\/01\/Resilienz-als-Teil-der-neuen-Normalitaet-1_Organisator-18x12.jpg 18w, https:\/\/www.organisator.ch\/wp-content\/uploads\/2023\/01\/Resilienz-als-Teil-der-neuen-Normalitaet-1_Organisator-375x250.jpg 375w, https:\/\/www.organisator.ch\/wp-content\/uploads\/2023\/01\/Resilienz-als-Teil-der-neuen-Normalitaet-1_Organisator-524x350.jpg 524w\" sizes=\"auto, (max-width: 680px) 100vw, 680px\" \/><figcaption id=\"caption-attachment-18559\" class=\"wp-caption-text\">L'ancien conseiller f\u00e9d\u00e9ral Kaspar Villiger : de nombreux probl\u00e8mes des d\u00e9mocraties sont faits maison. (Image : zVg \/ Wifo)<\/figcaption><\/figure>\n<p>Dans le sillage des crises, l'\u00e9conomie, la soci\u00e9t\u00e9 et la politique sont \u00e0 l'aube d'une nouvelle normalit\u00e9. C'\u00e9tait \u00e9galement le th\u00e8me central du Forum \u00e9conomique de la vall\u00e9e du Rhin de cette ann\u00e9e. Avec l'ancien conseiller f\u00e9d\u00e9ral Kaspar Villiger, la pr\u00e9sidente du conseil d'administration de Sulzer Suzanne Thoma, le commandant de corps Hans-Peter Walser et Johannes Gutmann, le propri\u00e9taire de Sonnentor Kr\u00e4uterhandels GmbH, le congr\u00e8s a de nouveau accueilli des personnalit\u00e9s de premier plan. Les intervenants ont donn\u00e9 de nombreuses pistes de r\u00e9flexion au public venu en nombre. L'invit\u00e9 musical surprise \u00e9tait Alexander Frei, originaire de Balgach et connu sous le nom d'artiste Crimer.<\/p>\n<h3>Des d\u00e9mocraties confront\u00e9es \u00e0 des probl\u00e8mes internes<\/h3>\n<p>A bient\u00f4t 82 ans, 20 ans apr\u00e8s avoir quitt\u00e9 le Conseil f\u00e9d\u00e9ral, Kaspar Villiger reste un observateur avis\u00e9 de la politique et un conseiller tr\u00e8s demand\u00e9. Il l'a encore prouv\u00e9 avec \u00e9loquence lors du Forum \u00e9conomique du Rhin. Il a rappel\u00e9 que la d\u00e9mocratie lib\u00e9rale n'\u00e9tait pas une forme d'\u00c9tat inn\u00e9e, mais qu'elle n\u00e9cessitait constamment des soins attentifs en raison de sa vuln\u00e9rabilit\u00e9. Beaucoup de probl\u00e8mes actuels dans les d\u00e9mocraties sont faits maison, notamment parce que l'on recherche souvent le populaire et non le n\u00e9cessaire. Selon Villiger, \"m\u00eame dans la meilleure d\u00e9mocratie, il faut une soci\u00e9t\u00e9 civile vivante qui la d\u00e9fende bec et ongles et qui vive activement ses valeurs\". Il est particuli\u00e8rement important que les d\u00e9mocraties restent r\u00e9silientes en faisant leurs devoirs, en se d\u00e9fendant militairement, en s'unissant et en trouvant des moyens de coexister avec les autocraties.<\/p>\n<h3>Guerre et paix<\/h3>\n<p>Le commandant de corps Hans-Peter Walser, chef de l'instruction de l'arm\u00e9e suisse, a esquiss\u00e9 le nouveau paysage s\u00e9curitaire suite \u00e0 la guerre d'agression russe contre l'Ukraine. Aujourd'hui, il n'est plus possible de tracer une fronti\u00e8re claire entre la guerre et la paix. Les cyberattaques men\u00e9es par un agresseur en font partie, tout comme le ciblage des plus faibles et des objectifs \u00e9conomiques. Walser a cit\u00e9 l'exemple de la Chine qui, par ses participations \u00e9conomiques en Occident, cr\u00e9e sciemment des d\u00e9pendances. En cas d'attaque militaire, celle-ci a lieu \u00e0 plusieurs niveaux, y compris dans le cyberespace, l'espace et l'espace d'information. Mais les guerres continuent \u00e0 \u00eatre d\u00e9cid\u00e9es militairement au sol. Du point de vue des jeunes Suisses, il vaut toujours la peine d'effectuer le service militaire et de s'y perfectionner, conclut Walser de mani\u00e8re \u00e9vidente.<\/p>\n<figure id=\"attachment_18561\" aria-describedby=\"caption-attachment-18561\" style=\"width: 680px\" class=\"wp-caption alignnone\"><img loading=\"lazy\" decoding=\"async\" class=\"size-full wp-image-18561\" src=\"https:\/\/www.organisator.ch\/wp-content\/uploads\/2023\/01\/Resilienz-als-Teil-der-neuen-Normalitaet-3_Organisator.jpg\" alt=\"\" width=\"680\" height=\"454\" srcset=\"https:\/\/www.organisator.ch\/wp-content\/uploads\/2023\/01\/Resilienz-als-Teil-der-neuen-Normalitaet-3_Organisator.jpg 680w, https:\/\/www.organisator.ch\/wp-content\/uploads\/2023\/01\/Resilienz-als-Teil-der-neuen-Normalitaet-3_Organisator-18x12.jpg 18w, https:\/\/www.organisator.ch\/wp-content\/uploads\/2023\/01\/Resilienz-als-Teil-der-neuen-Normalitaet-3_Organisator-375x250.jpg 375w, https:\/\/www.organisator.ch\/wp-content\/uploads\/2023\/01\/Resilienz-als-Teil-der-neuen-Normalitaet-3_Organisator-524x350.jpg 524w\" sizes=\"auto, (max-width: 680px) 100vw, 680px\" \/><figcaption id=\"caption-attachment-18561\" class=\"wp-caption-text\">Johannes Gutmann : d\u00e9fenseur de l'\u00e9conomie du bien commun comme facteur de r\u00e9ussite pour faire face \u00e0 la nouvelle normalit\u00e9. (Image : zVg \/ Wifo)<\/figcaption><\/figure>\n<h3>Un \u00e9loge de la sobri\u00e9t\u00e9<\/h3>\n<p>Suzanne Thoma, pr\u00e9sidente du conseil d'administration et CEO de Sulzer, s'est exprim\u00e9e sur les d\u00e9fis pos\u00e9s \u00e0 l'\u00e9conomie et \u00e0 la gestion d'entreprise. Elle a \u00e9galement soulign\u00e9 l'importance d'un d\u00e9veloppement r\u00e9silient. Selon elle, l'\u00e9conomie suisse est davantage sous pression au niveau mondial \"que nous ne le souhaiterions\", notamment en raison de la forte orientation de la Suisse vers l'exportation. La d\u00e9globalisation rendra la situation plus inconfortable dans les ann\u00e9es \u00e0 venir. Les entreprises n'ont qu'une solution : \"Nous devons revenir \u00e0 une certaine sobri\u00e9t\u00e9\".<\/p>\n<h3>L'\u00e9conomie du bien commun comme recette du succ\u00e8s dans la nouvelle normalit\u00e9<\/h3>\n<p>Johannes Gutmann, propri\u00e9taire de la soci\u00e9t\u00e9 autrichienne Sonnentor Kr\u00e4uterhandels GmbH, a apport\u00e9 du soleil dans la salle de sport Aegeten. En 1988, il a fond\u00e9 une petite exploitation biologique dans le Waldviertel, \u00e0 la fronti\u00e8re tch\u00e8que, en collaboration avec trois agriculteurs. C'est devenu une entreprise qui emploie aujourd'hui 500 personnes et propose 900 produits du monde entier. Gutmann a racont\u00e9 l'histoire de son entreprise comme celle de paysans qui voulaient devenir libres. Il a cit\u00e9 une s\u00e9rie de facteurs de r\u00e9ussite qui peuvent sans doute aussi faciliter la vie dans la nouvelle normalit\u00e9 : L'empathie, avec un regard sur le bien commun, l'estime li\u00e9e \u00e0 la cr\u00e9ation de valeur, la maximisation du sens au lieu de la maximisation du profit. Et surtout : \"Je voulais un \u00e9quilibre et une bonne vie\".<\/p>\n<h3>Prix de l'\u00e9conomie de la vall\u00e9e du Rhin<\/h3>\n<p>Comme le veut la tradition, le prix de l'\u00e9conomie de la vall\u00e9e du Rhin est \u00e9galement d\u00e9cern\u00e9 \u00e0 l'occasion du Forum \u00e9conomique de la vall\u00e9e du Rhin. Cette ann\u00e9e, c'est le Sterngarage de Heerbrugg qui remporte cette distinction. Le couple Klara et Bruno Bischofberger, les patrons de l'entreprise familiale, a re\u00e7u la sculpture du prix des mains du pr\u00e9sident du jury Klaus Brammertz. Le garage, qui emploie 70 personnes, se distingue par ses innovations et sa gestion exemplaire des collaborateurs, selon l'hommage rendu.<\/p>\n<figure id=\"attachment_18560\" aria-describedby=\"caption-attachment-18560\" style=\"width: 680px\" class=\"wp-caption alignnone\"><img loading=\"lazy\" decoding=\"async\" class=\"size-full wp-image-18560\" src=\"https:\/\/www.organisator.ch\/wp-content\/uploads\/2023\/01\/Resilienz-als-Teil-der-neuen-Normalitaet-2_Organisator.jpg\" alt=\"\" width=\"680\" height=\"454\" srcset=\"https:\/\/www.organisator.ch\/wp-content\/uploads\/2023\/01\/Resilienz-als-Teil-der-neuen-Normalitaet-2_Organisator.jpg 680w, https:\/\/www.organisator.ch\/wp-content\/uploads\/2023\/01\/Resilienz-als-Teil-der-neuen-Normalitaet-2_Organisator-18x12.jpg 18w, https:\/\/www.organisator.ch\/wp-content\/uploads\/2023\/01\/Resilienz-als-Teil-der-neuen-Normalitaet-2_Organisator-375x250.jpg 375w, https:\/\/www.organisator.ch\/wp-content\/uploads\/2023\/01\/Resilienz-als-Teil-der-neuen-Normalitaet-2_Organisator-524x350.jpg 524w\" sizes=\"auto, (max-width: 680px) 100vw, 680px\" \/><figcaption id=\"caption-attachment-18560\" class=\"wp-caption-text\">Klara et Bruno Bischofberger avec le troph\u00e9e du prix de l'\u00e9conomie de la vall\u00e9e du Rhin. (Image : zVg \/ Wifo)<\/figcaption><\/figure>\n<p>Le prochain Forum \u00e9conomique de la vall\u00e9e du Rhin aura lieu le 26 janvier 2024.<\/p>\n<p><em>Plus d'informations : <a href=\"http:\/\/www.wifo.ch\">www.wifo.ch<\/a><\/em><\/p>","protected":false},"excerpt":{"rendered":"<p>Im Gefolge von Krisen stehen Wirtschaft, Gesellschaft und Politik am Beginn einer neuen Normalit\u00e4t. Dies stand auch am diesj\u00e4hrigen Rheintaler Wirtschaftsforum im Zentrum. Mit dem ehemaligen Bundesrat Kaspar Villiger, der Sulzer-Verwaltungsratspr\u00e4sidentin Suzanne Thoma, Korpskommandant Hans-Peter Walser und Johannes Gutmann, dem Eigent\u00fcmer der Sonnentor Kr\u00e4uterhandels GmbH, war die Tagung wieder \u00e4usserst prominent besetzt. Die Referentinnen und [&hellip;]<\/p>\n","protected":false},"author":4,"featured_media":18559,"comment_status":"closed","ping_status":"closed","sticky":false,"template":"","format":"standard","meta":{"_acf_changed":false,"_yoast_wpseo_focuskw":"Normalit\u00e4t","_yoast_wpseo_metadesc":"Die neue Normalit\u00e4t lasse sich mit Widerstandskraft und Anpassungsf\u00e4higkeit bew\u00e4ltigen, so der Tenor am 28. Rheintaler Wirtschaftsforum.","articlekey":"","footnotes":""},"categories":[28],"tags":[193,335,531],"class_list":["post-18558","post","type-post","status-publish","format-standard","has-post-thumbnail","hentry","category-management","tag-fachkongressfachmesse","tag-management-und-unternehmensfuehrung","tag-wirtschaftspolitik"],"acf":[],"yoast_head":"<!-- This site is optimized with the Yoast SEO plugin v27.5 - https:\/\/yoast.com\/product\/yoast-seo-wordpress\/ -->\n<title>Resilienz als Teil der neuen Normalit\u00e4t - Organisator<\/title>\n<meta name=\"description\" content=\"Die neue Normalit\u00e4t lasse sich mit Widerstandskraft und Anpassungsf\u00e4higkeit bew\u00e4ltigen, so der Tenor am 28. Rheintaler Wirtschaftsforum.\" \/>\n<meta name=\"robots\" content=\"index, follow, max-snippet:-1, max-image-preview:large, max-video-preview:-1\" \/>\n<link rel=\"canonical\" href=\"https:\/\/www.organisator.ch\/fr\/gestion-2\/2023-01-23\/resilienz-als-teil-der-neuen-normalitaet\/\" \/>\n<meta property=\"og:locale\" content=\"fr_FR\" \/>\n<meta property=\"og:type\" content=\"article\" \/>\n<meta property=\"og:title\" content=\"Resilienz als Teil der neuen Normalit\u00e4t\" \/>\n<meta property=\"og:description\" content=\"Die neue Normalit\u00e4t lasse sich mit Widerstandskraft und Anpassungsf\u00e4higkeit bew\u00e4ltigen, so der Tenor am 28. Rheintaler Wirtschaftsforum.\" \/>\n<meta property=\"og:url\" content=\"https:\/\/www.organisator.ch\/fr\/gestion-2\/2023-01-23\/resilienz-als-teil-der-neuen-normalitaet\/\" \/>\n<meta property=\"og:site_name\" content=\"Organisator\" \/>\n<meta property=\"article:publisher\" content=\"https:\/\/www.facebook.com\/OrganisatorFachmagazin\" \/>\n<meta property=\"article:published_time\" content=\"2023-01-23T07:31:28+00:00\" \/>\n<meta property=\"article:modified_time\" content=\"2023-01-31T14:03:09+00:00\" \/>\n<meta property=\"og:image\" content=\"https:\/\/www.organisator.ch\/wp-content\/uploads\/2023\/01\/Resilienz-als-Teil-der-neuen-Normalitaet-1_Organisator.jpg\" \/>\n\t<meta property=\"og:image:width\" content=\"680\" \/>\n\t<meta property=\"og:image:height\" content=\"454\" \/>\n\t<meta property=\"og:image:type\" content=\"image\/jpeg\" \/>\n<meta name=\"author\" content=\"thomas.berner\" \/>\n<meta name=\"twitter:card\" content=\"summary_large_image\" \/>\n<meta name=\"twitter:title\" content=\"#Resilienz als Teil der neuen #Normalit\u00e4t\" \/>\n<meta name=\"twitter:description\" content=\"Die neue #Normalit\u00e4t lasse sich mit #Widerstandskraft und #Anpassungsf\u00e4higkeit bew\u00e4ltigen, so der Tenor am 28. Rheintaler Wirtschaftsforum.\" \/>\n<meta name=\"twitter:image\" content=\"https:\/\/www.organisator.ch\/wp-content\/uploads\/2023\/01\/Resilienz-als-Teil-der-neuen-Normalitaet-1_Organisator.jpg\" \/>\n<script type=\"application\/ld+json\" class=\"yoast-schema-graph\">{\"@context\":\"https:\\\/\\\/schema.org\",\"@graph\":[{\"@type\":\"Article\",\"@id\":\"https:\\\/\\\/www.organisator.ch\\\/management\\\/2023-01-23\\\/resilienz-als-teil-der-neuen-normalitaet\\\/#article\",\"isPartOf\":{\"@id\":\"https:\\\/\\\/www.organisator.ch\\\/management\\\/2023-01-23\\\/resilienz-als-teil-der-neuen-normalitaet\\\/\"},\"author\":{\"name\":\"thomas.berner\",\"@id\":\"https:\\\/\\\/www.organisator.ch\\\/#\\\/schema\\\/person\\\/6f650f90b2842cd4c0cc334b4e36f67e\"},\"headline\":\"Resilienz als Teil der neuen Normalit\u00e4t\",\"datePublished\":\"2023-01-23T07:31:28+00:00\",\"dateModified\":\"2023-01-31T14:03:09+00:00\",\"mainEntityOfPage\":{\"@id\":\"https:\\\/\\\/www.organisator.ch\\\/management\\\/2023-01-23\\\/resilienz-als-teil-der-neuen-normalitaet\\\/\"},\"wordCount\":716,\"publisher\":{\"@id\":\"https:\\\/\\\/www.organisator.ch\\\/#organization\"},\"image\":{\"@id\":\"https:\\\/\\\/www.organisator.ch\\\/management\\\/2023-01-23\\\/resilienz-als-teil-der-neuen-normalitaet\\\/#primaryimage\"},\"thumbnailUrl\":\"https:\\\/\\\/www.organisator.ch\\\/wp-content\\\/uploads\\\/2023\\\/01\\\/Resilienz-als-Teil-der-neuen-Normalitaet-1_Organisator.jpg\",\"keywords\":[\"Fachkongress\\\/Fachmesse\",\"Management und Unternehmensf\u00fchrung\",\"Wirtschaftspolitik\"],\"articleSection\":[\"MANAGEMENT\"],\"inLanguage\":\"fr-FR\"},{\"@type\":\"WebPage\",\"@id\":\"https:\\\/\\\/www.organisator.ch\\\/management\\\/2023-01-23\\\/resilienz-als-teil-der-neuen-normalitaet\\\/\",\"url\":\"https:\\\/\\\/www.organisator.ch\\\/management\\\/2023-01-23\\\/resilienz-als-teil-der-neuen-normalitaet\\\/\",\"name\":\"Resilienz als Teil der neuen Normalit\u00e4t - Organisator\",\"isPartOf\":{\"@id\":\"https:\\\/\\\/www.organisator.ch\\\/#website\"},\"primaryImageOfPage\":{\"@id\":\"https:\\\/\\\/www.organisator.ch\\\/management\\\/2023-01-23\\\/resilienz-als-teil-der-neuen-normalitaet\\\/#primaryimage\"},\"image\":{\"@id\":\"https:\\\/\\\/www.organisator.ch\\\/management\\\/2023-01-23\\\/resilienz-als-teil-der-neuen-normalitaet\\\/#primaryimage\"},\"thumbnailUrl\":\"https:\\\/\\\/www.organisator.ch\\\/wp-content\\\/uploads\\\/2023\\\/01\\\/Resilienz-als-Teil-der-neuen-Normalitaet-1_Organisator.jpg\",\"datePublished\":\"2023-01-23T07:31:28+00:00\",\"dateModified\":\"2023-01-31T14:03:09+00:00\",\"description\":\"Die neue Normalit\u00e4t lasse sich mit Widerstandskraft und Anpassungsf\u00e4higkeit bew\u00e4ltigen, so der Tenor am 28. Rheintaler Wirtschaftsforum.\",\"breadcrumb\":{\"@id\":\"https:\\\/\\\/www.organisator.ch\\\/management\\\/2023-01-23\\\/resilienz-als-teil-der-neuen-normalitaet\\\/#breadcrumb\"},\"inLanguage\":\"fr-FR\",\"potentialAction\":[{\"@type\":\"ReadAction\",\"target\":[\"https:\\\/\\\/www.organisator.ch\\\/management\\\/2023-01-23\\\/resilienz-als-teil-der-neuen-normalitaet\\\/\"]}]},{\"@type\":\"ImageObject\",\"inLanguage\":\"fr-FR\",\"@id\":\"https:\\\/\\\/www.organisator.ch\\\/management\\\/2023-01-23\\\/resilienz-als-teil-der-neuen-normalitaet\\\/#primaryimage\",\"url\":\"https:\\\/\\\/www.organisator.ch\\\/wp-content\\\/uploads\\\/2023\\\/01\\\/Resilienz-als-Teil-der-neuen-Normalitaet-1_Organisator.jpg\",\"contentUrl\":\"https:\\\/\\\/www.organisator.ch\\\/wp-content\\\/uploads\\\/2023\\\/01\\\/Resilienz-als-Teil-der-neuen-Normalitaet-1_Organisator.jpg\",\"width\":680,\"height\":454,\"caption\":\"Alt-Bundesrat Kaspar Villiger: Viele Probleme der Demokratien seien hausgemacht. (Bild: zVg \\\/ Wifo)\"},{\"@type\":\"BreadcrumbList\",\"@id\":\"https:\\\/\\\/www.organisator.ch\\\/management\\\/2023-01-23\\\/resilienz-als-teil-der-neuen-normalitaet\\\/#breadcrumb\",\"itemListElement\":[{\"@type\":\"ListItem\",\"position\":1,\"name\":\"Home\",\"item\":\"https:\\\/\\\/www.organisator.ch\\\/\"},{\"@type\":\"ListItem\",\"position\":2,\"name\":\"Resilienz als Teil der neuen Normalit\u00e4t\"}]},{\"@type\":\"WebSite\",\"@id\":\"https:\\\/\\\/www.organisator.ch\\\/#website\",\"url\":\"https:\\\/\\\/www.organisator.ch\\\/\",\"name\":\"Organisator\",\"description\":\"Kompetent. Praxisnah. Der ORGANISATOR bereitet in 10 Ausgaben pro Jahr die wesentlichen Themen f\u00fcr F\u00fchrungskr\u00e4fte von KMU auf.\",\"publisher\":{\"@id\":\"https:\\\/\\\/www.organisator.ch\\\/#organization\"},\"potentialAction\":[{\"@type\":\"SearchAction\",\"target\":{\"@type\":\"EntryPoint\",\"urlTemplate\":\"https:\\\/\\\/www.organisator.ch\\\/?s={search_term_string}\"},\"query-input\":{\"@type\":\"PropertyValueSpecification\",\"valueRequired\":true,\"valueName\":\"search_term_string\"}}],\"inLanguage\":\"fr-FR\"},{\"@type\":\"Organization\",\"@id\":\"https:\\\/\\\/www.organisator.ch\\\/#organization\",\"name\":\"Organisator\",\"url\":\"https:\\\/\\\/www.organisator.ch\\\/\",\"logo\":{\"@type\":\"ImageObject\",\"inLanguage\":\"fr-FR\",\"@id\":\"https:\\\/\\\/www.organisator.ch\\\/#\\\/schema\\\/logo\\\/image\\\/\",\"url\":\"https:\\\/\\\/www.organisator.ch\\\/wp-content\\\/uploads\\\/2022\\\/01\\\/Logo_Organisator_Website.png\",\"contentUrl\":\"https:\\\/\\\/www.organisator.ch\\\/wp-content\\\/uploads\\\/2022\\\/01\\\/Logo_Organisator_Website.png\",\"width\":800,\"height\":77,\"caption\":\"Organisator\"},\"image\":{\"@id\":\"https:\\\/\\\/www.organisator.ch\\\/#\\\/schema\\\/logo\\\/image\\\/\"},\"sameAs\":[\"https:\\\/\\\/www.facebook.com\\\/OrganisatorFachmagazin\",\"https:\\\/\\\/www.linkedin.com\\\/showcase\\\/organisator-das-magazin-fr-kmu\",\"https:\\\/\\\/www.xing.com\\\/news\\\/pages\\\/organisator-ch-695\",\"https:\\\/\\\/www.youtube.com\\\/channel\\\/UCGP2Sq0iWaZwT3BdIAQFYpw\"]},{\"@type\":\"Person\",\"@id\":\"https:\\\/\\\/www.organisator.ch\\\/#\\\/schema\\\/person\\\/6f650f90b2842cd4c0cc334b4e36f67e\",\"name\":\"thomas.berner\",\"image\":{\"@type\":\"ImageObject\",\"inLanguage\":\"fr-FR\",\"@id\":\"https:\\\/\\\/secure.gravatar.com\\\/avatar\\\/ac5001d2a36cb6c6cd3e50789007ffca834b477b74a2144564522e944eabff61?s=96&d=mm&r=g\",\"url\":\"https:\\\/\\\/secure.gravatar.com\\\/avatar\\\/ac5001d2a36cb6c6cd3e50789007ffca834b477b74a2144564522e944eabff61?s=96&d=mm&r=g\",\"contentUrl\":\"https:\\\/\\\/secure.gravatar.com\\\/avatar\\\/ac5001d2a36cb6c6cd3e50789007ffca834b477b74a2144564522e944eabff61?s=96&d=mm&r=g\",\"caption\":\"thomas.berner\"},\"url\":\"https:\\\/\\\/www.organisator.ch\\\/fr\\\/author\\\/thomas-berner\\\/\"}]}<\/script>\n<!-- \/ Yoast SEO plugin. -->","yoast_head_json":{"title":"La r\u00e9silience, partie int\u00e9grante de la nouvelle normalit\u00e9 - Organisateur","description":"La nouvelle normalit\u00e9 peut \u00eatre ma\u00eetris\u00e9e en faisant preuve de r\u00e9sistance et de capacit\u00e9 d'adaptation, c'est ce qui a \u00e9t\u00e9 dit lors du 28e Forum \u00e9conomique de la vall\u00e9e du Rhin.","robots":{"index":"index","follow":"follow","max-snippet":"max-snippet:-1","max-image-preview":"max-image-preview:large","max-video-preview":"max-video-preview:-1"},"canonical":"https:\/\/www.organisator.ch\/fr\/gestion-2\/2023-01-23\/resilienz-als-teil-der-neuen-normalitaet\/","og_locale":"fr_FR","og_type":"article","og_title":"Resilienz als Teil der neuen Normalit\u00e4t","og_description":"Die neue Normalit\u00e4t lasse sich mit Widerstandskraft und Anpassungsf\u00e4higkeit bew\u00e4ltigen, so der Tenor am 28. Rheintaler Wirtschaftsforum.","og_url":"https:\/\/www.organisator.ch\/fr\/gestion-2\/2023-01-23\/resilienz-als-teil-der-neuen-normalitaet\/","og_site_name":"Organisator","article_publisher":"https:\/\/www.facebook.com\/OrganisatorFachmagazin","article_published_time":"2023-01-23T07:31:28+00:00","article_modified_time":"2023-01-31T14:03:09+00:00","og_image":[{"width":680,"height":454,"url":"https:\/\/www.organisator.ch\/wp-content\/uploads\/2023\/01\/Resilienz-als-Teil-der-neuen-Normalitaet-1_Organisator.jpg","type":"image\/jpeg"}],"author":"thomas.berner","twitter_card":"summary_large_image","twitter_title":"#Resilienz als Teil der neuen #Normalit\u00e4t","twitter_description":"Die neue #Normalit\u00e4t lasse sich mit #Widerstandskraft und #Anpassungsf\u00e4higkeit bew\u00e4ltigen, so der Tenor am 28. Rheintaler Wirtschaftsforum.","twitter_image":"https:\/\/www.organisator.ch\/wp-content\/uploads\/2023\/01\/Resilienz-als-Teil-der-neuen-Normalitaet-1_Organisator.jpg","schema":{"@context":"https:\/\/schema.org","@graph":[{"@type":"Article","@id":"https:\/\/www.organisator.ch\/management\/2023-01-23\/resilienz-als-teil-der-neuen-normalitaet\/#article","isPartOf":{"@id":"https:\/\/www.organisator.ch\/management\/2023-01-23\/resilienz-als-teil-der-neuen-normalitaet\/"},"author":{"name":"thomas.berner","@id":"https:\/\/www.organisator.ch\/#\/schema\/person\/6f650f90b2842cd4c0cc334b4e36f67e"},"headline":"Resilienz als Teil der neuen Normalit\u00e4t","datePublished":"2023-01-23T07:31:28+00:00","dateModified":"2023-01-31T14:03:09+00:00","mainEntityOfPage":{"@id":"https:\/\/www.organisator.ch\/management\/2023-01-23\/resilienz-als-teil-der-neuen-normalitaet\/"},"wordCount":716,"publisher":{"@id":"https:\/\/www.organisator.ch\/#organization"},"image":{"@id":"https:\/\/www.organisator.ch\/management\/2023-01-23\/resilienz-als-teil-der-neuen-normalitaet\/#primaryimage"},"thumbnailUrl":"https:\/\/www.organisator.ch\/wp-content\/uploads\/2023\/01\/Resilienz-als-Teil-der-neuen-Normalitaet-1_Organisator.jpg","keywords":["Fachkongress\/Fachmesse","Management und Unternehmensf\u00fchrung","Wirtschaftspolitik"],"articleSection":["MANAGEMENT"],"inLanguage":"fr-FR"},{"@type":"WebPage","@id":"https:\/\/www.organisator.ch\/management\/2023-01-23\/resilienz-als-teil-der-neuen-normalitaet\/","url":"https:\/\/www.organisator.ch\/management\/2023-01-23\/resilienz-als-teil-der-neuen-normalitaet\/","name":"La r\u00e9silience, partie int\u00e9grante de la nouvelle normalit\u00e9 - Organisateur","isPartOf":{"@id":"https:\/\/www.organisator.ch\/#website"},"primaryImageOfPage":{"@id":"https:\/\/www.organisator.ch\/management\/2023-01-23\/resilienz-als-teil-der-neuen-normalitaet\/#primaryimage"},"image":{"@id":"https:\/\/www.organisator.ch\/management\/2023-01-23\/resilienz-als-teil-der-neuen-normalitaet\/#primaryimage"},"thumbnailUrl":"https:\/\/www.organisator.ch\/wp-content\/uploads\/2023\/01\/Resilienz-als-Teil-der-neuen-Normalitaet-1_Organisator.jpg","datePublished":"2023-01-23T07:31:28+00:00","dateModified":"2023-01-31T14:03:09+00:00","description":"La nouvelle normalit\u00e9 peut \u00eatre ma\u00eetris\u00e9e en faisant preuve de r\u00e9sistance et de capacit\u00e9 d'adaptation, c'est ce qui a \u00e9t\u00e9 dit lors du 28e Forum \u00e9conomique de la vall\u00e9e du Rhin.","breadcrumb":{"@id":"https:\/\/www.organisator.ch\/management\/2023-01-23\/resilienz-als-teil-der-neuen-normalitaet\/#breadcrumb"},"inLanguage":"fr-FR","potentialAction":[{"@type":"ReadAction","target":["https:\/\/www.organisator.ch\/management\/2023-01-23\/resilienz-als-teil-der-neuen-normalitaet\/"]}]},{"@type":"ImageObject","inLanguage":"fr-FR","@id":"https:\/\/www.organisator.ch\/management\/2023-01-23\/resilienz-als-teil-der-neuen-normalitaet\/#primaryimage","url":"https:\/\/www.organisator.ch\/wp-content\/uploads\/2023\/01\/Resilienz-als-Teil-der-neuen-Normalitaet-1_Organisator.jpg","contentUrl":"https:\/\/www.organisator.ch\/wp-content\/uploads\/2023\/01\/Resilienz-als-Teil-der-neuen-Normalitaet-1_Organisator.jpg","width":680,"height":454,"caption":"Alt-Bundesrat Kaspar Villiger: Viele Probleme der Demokratien seien hausgemacht. (Bild: zVg \/ Wifo)"},{"@type":"BreadcrumbList","@id":"https:\/\/www.organisator.ch\/management\/2023-01-23\/resilienz-als-teil-der-neuen-normalitaet\/#breadcrumb","itemListElement":[{"@type":"ListItem","position":1,"name":"Home","item":"https:\/\/www.organisator.ch\/"},{"@type":"ListItem","position":2,"name":"Resilienz als Teil der neuen Normalit\u00e4t"}]},{"@type":"WebSite","@id":"https:\/\/www.organisator.ch\/#website","url":"https:\/\/www.organisator.ch\/","name":"Organisateur","description":"Comp\u00e9tence et comp\u00e9tence. Proches de la pratique. L'ORGANISATEUR pr\u00e9pare 10 num\u00e9ros par an sur les th\u00e8mes essentiels pour les dirigeants de PME.","publisher":{"@id":"https:\/\/www.organisator.ch\/#organization"},"potentialAction":[{"@type":"SearchAction","target":{"@type":"EntryPoint","urlTemplate":"https:\/\/www.organisator.ch\/?s={search_term_string}"},"query-input":{"@type":"PropertyValueSpecification","valueRequired":true,"valueName":"search_term_string"}}],"inLanguage":"fr-FR"},{"@type":"Organization","@id":"https:\/\/www.organisator.ch\/#organization","name":"Organisateur","url":"https:\/\/www.organisator.ch\/","logo":{"@type":"ImageObject","inLanguage":"fr-FR","@id":"https:\/\/www.organisator.ch\/#\/schema\/logo\/image\/","url":"https:\/\/www.organisator.ch\/wp-content\/uploads\/2022\/01\/Logo_Organisator_Website.png","contentUrl":"https:\/\/www.organisator.ch\/wp-content\/uploads\/2022\/01\/Logo_Organisator_Website.png","width":800,"height":77,"caption":"Organisator"},"image":{"@id":"https:\/\/www.organisator.ch\/#\/schema\/logo\/image\/"},"sameAs":["https:\/\/www.facebook.com\/OrganisatorFachmagazin","https:\/\/www.linkedin.com\/showcase\/organisator-das-magazin-fr-kmu","https:\/\/www.xing.com\/news\/pages\/organisator-ch-695","https:\/\/www.youtube.com\/channel\/UCGP2Sq0iWaZwT3BdIAQFYpw"]},{"@type":"Person","@id":"https:\/\/www.organisator.ch\/#\/schema\/person\/6f650f90b2842cd4c0cc334b4e36f67e","name":"thomas.berner","image":{"@type":"ImageObject","inLanguage":"fr-FR","@id":"https:\/\/secure.gravatar.com\/avatar\/ac5001d2a36cb6c6cd3e50789007ffca834b477b74a2144564522e944eabff61?s=96&d=mm&r=g","url":"https:\/\/secure.gravatar.com\/avatar\/ac5001d2a36cb6c6cd3e50789007ffca834b477b74a2144564522e944eabff61?s=96&d=mm&r=g","contentUrl":"https:\/\/secure.gravatar.com\/avatar\/ac5001d2a36cb6c6cd3e50789007ffca834b477b74a2144564522e944eabff61?s=96&d=mm&r=g","caption":"thomas.berner"},"url":"https:\/\/www.organisator.ch\/fr\/author\/thomas-berner\/"}]}},"_links":{"self":[{"href":"https:\/\/www.organisator.ch\/fr\/wp-json\/wp\/v2\/posts\/18558","targetHints":{"allow":["GET"]}}],"collection":[{"href":"https:\/\/www.organisator.ch\/fr\/wp-json\/wp\/v2\/posts"}],"about":[{"href":"https:\/\/www.organisator.ch\/fr\/wp-json\/wp\/v2\/types\/post"}],"author":[{"embeddable":true,"href":"https:\/\/www.organisator.ch\/fr\/wp-json\/wp\/v2\/users\/4"}],"replies":[{"embeddable":true,"href":"https:\/\/www.organisator.ch\/fr\/wp-json\/wp\/v2\/comments?post=18558"}],"version-history":[{"count":1,"href":"https:\/\/www.organisator.ch\/fr\/wp-json\/wp\/v2\/posts\/18558\/revisions"}],"predecessor-version":[{"id":18562,"href":"https:\/\/www.organisator.ch\/fr\/wp-json\/wp\/v2\/posts\/18558\/revisions\/18562"}],"wp:featuredmedia":[{"embeddable":true,"href":"https:\/\/www.organisator.ch\/fr\/wp-json\/wp\/v2\/media\/18559"}],"wp:attachment":[{"href":"https:\/\/www.organisator.ch\/fr\/wp-json\/wp\/v2\/media?parent=18558"}],"wp:term":[{"taxonomy":"category","embeddable":true,"href":"https:\/\/www.organisator.ch\/fr\/wp-json\/wp\/v2\/categories?post=18558"},{"taxonomy":"post_tag","embeddable":true,"href":"https:\/\/www.organisator.ch\/fr\/wp-json\/wp\/v2\/tags?post=18558"}],"curies":[{"name":"wp","href":"https:\/\/api.w.org\/{rel}","templated":true}]}}