{"id":18571,"date":"2023-01-24T08:12:55","date_gmt":"2023-01-24T07:12:55","guid":{"rendered":"https:\/\/www.organisator.ch\/?p=18571"},"modified":"2023-01-24T08:12:55","modified_gmt":"2023-01-24T07:12:55","slug":"livia-moretti-wird-neue-ceo-der-bank-cic","status":"publish","type":"post","link":"https:\/\/www.organisator.ch\/fr\/management\/2023-01-24\/livia-moretti-wird-neue-ceo-der-bank-cic\/","title":{"rendered":"Livia Moretti devient la nouvelle CEO de la banque CIC"},"content":{"rendered":"<figure id=\"attachment_18572\" aria-describedby=\"caption-attachment-18572\" style=\"width: 680px\" class=\"wp-caption alignnone\"><img loading=\"lazy\" decoding=\"async\" class=\"size-full wp-image-18572\" src=\"https:\/\/www.organisator.ch\/wp-content\/uploads\/2023\/01\/Livia-Moretti-wird-neue-CEO-der-Bank-CIC_Organisator.jpg\" alt=\"\" width=\"680\" height=\"463\" srcset=\"https:\/\/www.organisator.ch\/wp-content\/uploads\/2023\/01\/Livia-Moretti-wird-neue-CEO-der-Bank-CIC_Organisator.jpg 680w, https:\/\/www.organisator.ch\/wp-content\/uploads\/2023\/01\/Livia-Moretti-wird-neue-CEO-der-Bank-CIC_Organisator-18x12.jpg 18w, https:\/\/www.organisator.ch\/wp-content\/uploads\/2023\/01\/Livia-Moretti-wird-neue-CEO-der-Bank-CIC_Organisator-375x255.jpg 375w, https:\/\/www.organisator.ch\/wp-content\/uploads\/2023\/01\/Livia-Moretti-wird-neue-CEO-der-Bank-CIC_Organisator-514x350.jpg 514w\" sizes=\"auto, (max-width: 680px) 100vw, 680px\" \/><figcaption id=\"caption-attachment-18572\" class=\"wp-caption-text\">Livia Moretti sera la nouvelle CEO de la banque CIC (Suisse) \u00e0 B\u00e2le \u00e0 partir du 1er f\u00e9vrier 2023. (Image : zVg \/ Banque CIC)<\/figcaption><\/figure>\n<p>Depuis le 23 d\u00e9cembre 2022, la banque CIC (Suisse) \u00e9tait dirig\u00e9e par int\u00e9rim par David Fusi. Livia Moretti devient maintenant la nouvelle CEO. Elle dispose de solides et vastes comp\u00e9tences internationales en mati\u00e8re de gestion, de banque et de finance. Au cours des dix derni\u00e8res ann\u00e9es, elle a \u00e9t\u00e9 membre de la direction de la Banque centrale europ\u00e9enne, o\u00f9 elle a acquis une connaissance approfondie de la strat\u00e9gie, des pratiques et de la r\u00e9glementation du secteur bancaire international. Dans le cadre de cette fonction, elle a dirig\u00e9 des \u00e9quipes multiculturelles r\u00e9parties dans plusieurs pays. Livia Moretti est de nationalit\u00e9 luxembourgeoise et a d\u00e9but\u00e9 sa carri\u00e8re bancaire dans un groupe de banques priv\u00e9es au Luxembourg, o\u00f9 elle a occup\u00e9 diff\u00e9rentes fonctions pendant huit ans. Outre l'anglais, elle ma\u00eetrise le fran\u00e7ais, l'allemand et l'italien. Elle est titulaire d'un master en \"Economy of Financial Institutions and Markets\" de l'Universit\u00e0 Commerciale Luigi Bocconi de Milan. Elle vit \u00e0 B\u00e2le avec sa famille. Livia Moretti prendra ses fonctions de CEO le 1er f\u00e9vrier 2023, date \u00e0 laquelle David Fusi se concentrera \u00e0 nouveau sur ses t\u00e2ches au sein du service client\u00e8le de la banque CIC (Suisse) SA.<\/p>\n<p>\"La meilleure fa\u00e7on de pr\u00e9dire l'avenir est de le fa\u00e7onner soi-m\u00eame\", d\u00e9clare Livia Moretti \u00e0 propos de ses nouvelles fonctions. \"Je suis convaincue que l'engagement et le professionnalisme de nos \u00e9quipes nous permettront d'atteindre nos objectifs ambitieux\". \u00c9ric Charpentier, pr\u00e9sident du conseil d'administration de la Banque CIC (Suisse) SA, souligne : \"Avec sa longue exp\u00e9rience dans le secteur financier international, Madame Livia Moretti est la personne id\u00e9ale pour assumer le r\u00f4le responsable de CEO. Au nom de l'ensemble du Conseil d'administration de la Banque CIC, je lui souhaite beaucoup de succ\u00e8s et de plaisir dans ses nouvelles fonctions\".<\/p>\n<p>La banque CIC (Suisse) a \u00e9t\u00e9 fond\u00e9e en 1871 par des entrepreneurs b\u00e2lois afin de r\u00e9pondre aux besoins financiers des entreprises. Elle emploie actuellement 430 personnes r\u00e9parties sur dix sites en Suisse. La banque est aujourd'hui une filiale du groupe fran\u00e7ais Cr\u00e9dit Mutuel.<\/p>\n<p><em>Source : <a href=\"http:\/\/www.cic.ch\">Banque CIC (Suisse)<\/a><\/em><\/p>","protected":false},"excerpt":{"rendered":"<p>Seit 23. Dezember 2022 wurde die Bank CIC (Schweiz) interimistisch durch David Fusi geleitet. Nun wird Livia Moretti neue CEO. Sie verf\u00fcgt \u00fcber eine solide und umfassende internationale Management-, Bank- und Finanzkompetenz. In den letzten zehn Jahren war sie Mitglied der Direktion der Europ\u00e4ischen Zentralbank, wo sie sich umfangreiche Kenntnisse \u00fcber die Strategie, Praxis und [&hellip;]<\/p>\n","protected":false},"author":4,"featured_media":18572,"comment_status":"closed","ping_status":"closed","sticky":false,"template":"","format":"standard","meta":{"_acf_changed":false,"_yoast_wpseo_focuskw":"Livia Moretti","_yoast_wpseo_metadesc":"Der Verwaltungsrat der Bank CIC (Schweiz) AG hat Livia Moretti zur CEO ernannt. Sie wird ihre Arbeit am 1. Februar 2023 aufnehmen.","articlekey":"","footnotes":""},"categories":[28],"tags":[69,335,381],"class_list":["post-18571","post","type-post","status-publish","format-standard","has-post-thumbnail","hentry","category-management","tag-banken","tag-management-und-unternehmensfuehrung","tag-personalia"],"acf":[],"yoast_head":"<!-- This site is optimized with the Yoast SEO plugin v27.4 - https:\/\/yoast.com\/product\/yoast-seo-wordpress\/ -->\n<title>Livia Moretti wird neue CEO der Bank CIC - Organisator<\/title>\n<meta name=\"description\" content=\"Der Verwaltungsrat der Bank CIC (Schweiz) AG hat Livia Moretti zur CEO ernannt. Sie wird ihre Arbeit am 1. Februar 2023 aufnehmen.\" \/>\n<meta name=\"robots\" content=\"index, follow, max-snippet:-1, max-image-preview:large, max-video-preview:-1\" \/>\n<link rel=\"canonical\" href=\"https:\/\/www.organisator.ch\/fr\/gestion-2\/2023-01-24\/livia-moretti-wird-neue-ceo-der-bank-cic\/\" \/>\n<meta property=\"og:locale\" content=\"fr_FR\" \/>\n<meta property=\"og:type\" content=\"article\" \/>\n<meta property=\"og:title\" content=\"Livia Moretti wird neue CEO der Bank CIC\" \/>\n<meta property=\"og:description\" content=\"Der Verwaltungsrat der Bank CIC (Schweiz) AG hat Livia Moretti zur CEO ernannt. Sie wird ihre Arbeit am 1. Februar 2023 aufnehmen.\" \/>\n<meta property=\"og:url\" content=\"https:\/\/www.organisator.ch\/fr\/gestion-2\/2023-01-24\/livia-moretti-wird-neue-ceo-der-bank-cic\/\" \/>\n<meta property=\"og:site_name\" content=\"Organisator\" \/>\n<meta property=\"article:publisher\" content=\"https:\/\/www.facebook.com\/OrganisatorFachmagazin\" \/>\n<meta property=\"article:published_time\" content=\"2023-01-24T07:12:55+00:00\" \/>\n<meta property=\"og:image\" content=\"https:\/\/www.organisator.ch\/wp-content\/uploads\/2023\/01\/Livia-Moretti-wird-neue-CEO-der-Bank-CIC_Organisator.jpg\" \/>\n\t<meta property=\"og:image:width\" content=\"680\" \/>\n\t<meta property=\"og:image:height\" content=\"463\" \/>\n\t<meta property=\"og:image:type\" content=\"image\/jpeg\" \/>\n<meta name=\"author\" content=\"thomas.berner\" \/>\n<meta name=\"twitter:card\" content=\"summary_large_image\" \/>\n<meta name=\"twitter:title\" content=\"Livia #Moretti wird neue #CEO der Bank #CIC\" \/>\n<meta name=\"twitter:description\" content=\"Der #Verwaltungsrat der Bank #CIC (Schweiz) AG hat Livia #Moretti zur CEO ernannt. Sie wird ihre Arbeit am 1. Februar 2023 aufnehmen.\" \/>\n<meta name=\"twitter:image\" content=\"https:\/\/www.organisator.ch\/wp-content\/uploads\/2023\/01\/Livia-Moretti-wird-neue-CEO-der-Bank-CIC_Organisator.jpg\" \/>\n<script type=\"application\/ld+json\" class=\"yoast-schema-graph\">{\"@context\":\"https:\\\/\\\/schema.org\",\"@graph\":[{\"@type\":\"Article\",\"@id\":\"https:\\\/\\\/www.organisator.ch\\\/management\\\/2023-01-24\\\/livia-moretti-wird-neue-ceo-der-bank-cic\\\/#article\",\"isPartOf\":{\"@id\":\"https:\\\/\\\/www.organisator.ch\\\/management\\\/2023-01-24\\\/livia-moretti-wird-neue-ceo-der-bank-cic\\\/\"},\"author\":{\"name\":\"thomas.berner\",\"@id\":\"https:\\\/\\\/www.organisator.ch\\\/#\\\/schema\\\/person\\\/6f650f90b2842cd4c0cc334b4e36f67e\"},\"headline\":\"Livia Moretti wird neue CEO der Bank CIC\",\"datePublished\":\"2023-01-24T07:12:55+00:00\",\"mainEntityOfPage\":{\"@id\":\"https:\\\/\\\/www.organisator.ch\\\/management\\\/2023-01-24\\\/livia-moretti-wird-neue-ceo-der-bank-cic\\\/\"},\"wordCount\":331,\"publisher\":{\"@id\":\"https:\\\/\\\/www.organisator.ch\\\/#organization\"},\"image\":{\"@id\":\"https:\\\/\\\/www.organisator.ch\\\/management\\\/2023-01-24\\\/livia-moretti-wird-neue-ceo-der-bank-cic\\\/#primaryimage\"},\"thumbnailUrl\":\"https:\\\/\\\/www.organisator.ch\\\/wp-content\\\/uploads\\\/2023\\\/01\\\/Livia-Moretti-wird-neue-CEO-der-Bank-CIC_Organisator.jpg\",\"keywords\":[\"Banken\",\"Management und Unternehmensf\u00fchrung\",\"Personalia\"],\"articleSection\":[\"MANAGEMENT\"],\"inLanguage\":\"fr-FR\"},{\"@type\":\"WebPage\",\"@id\":\"https:\\\/\\\/www.organisator.ch\\\/management\\\/2023-01-24\\\/livia-moretti-wird-neue-ceo-der-bank-cic\\\/\",\"url\":\"https:\\\/\\\/www.organisator.ch\\\/management\\\/2023-01-24\\\/livia-moretti-wird-neue-ceo-der-bank-cic\\\/\",\"name\":\"Livia Moretti wird neue CEO der Bank CIC - Organisator\",\"isPartOf\":{\"@id\":\"https:\\\/\\\/www.organisator.ch\\\/#website\"},\"primaryImageOfPage\":{\"@id\":\"https:\\\/\\\/www.organisator.ch\\\/management\\\/2023-01-24\\\/livia-moretti-wird-neue-ceo-der-bank-cic\\\/#primaryimage\"},\"image\":{\"@id\":\"https:\\\/\\\/www.organisator.ch\\\/management\\\/2023-01-24\\\/livia-moretti-wird-neue-ceo-der-bank-cic\\\/#primaryimage\"},\"thumbnailUrl\":\"https:\\\/\\\/www.organisator.ch\\\/wp-content\\\/uploads\\\/2023\\\/01\\\/Livia-Moretti-wird-neue-CEO-der-Bank-CIC_Organisator.jpg\",\"datePublished\":\"2023-01-24T07:12:55+00:00\",\"description\":\"Der Verwaltungsrat der Bank CIC (Schweiz) AG hat Livia Moretti zur CEO ernannt. Sie wird ihre Arbeit am 1. Februar 2023 aufnehmen.\",\"breadcrumb\":{\"@id\":\"https:\\\/\\\/www.organisator.ch\\\/management\\\/2023-01-24\\\/livia-moretti-wird-neue-ceo-der-bank-cic\\\/#breadcrumb\"},\"inLanguage\":\"fr-FR\",\"potentialAction\":[{\"@type\":\"ReadAction\",\"target\":[\"https:\\\/\\\/www.organisator.ch\\\/management\\\/2023-01-24\\\/livia-moretti-wird-neue-ceo-der-bank-cic\\\/\"]}]},{\"@type\":\"ImageObject\",\"inLanguage\":\"fr-FR\",\"@id\":\"https:\\\/\\\/www.organisator.ch\\\/management\\\/2023-01-24\\\/livia-moretti-wird-neue-ceo-der-bank-cic\\\/#primaryimage\",\"url\":\"https:\\\/\\\/www.organisator.ch\\\/wp-content\\\/uploads\\\/2023\\\/01\\\/Livia-Moretti-wird-neue-CEO-der-Bank-CIC_Organisator.jpg\",\"contentUrl\":\"https:\\\/\\\/www.organisator.ch\\\/wp-content\\\/uploads\\\/2023\\\/01\\\/Livia-Moretti-wird-neue-CEO-der-Bank-CIC_Organisator.jpg\",\"width\":680,\"height\":463,\"caption\":\"Livia Moretti ist ab 1. Februar 2023 neue CEO der Bank CIC (Schweiz) in Basel. (Bild: zVg \\\/ Bank CIC)\"},{\"@type\":\"BreadcrumbList\",\"@id\":\"https:\\\/\\\/www.organisator.ch\\\/management\\\/2023-01-24\\\/livia-moretti-wird-neue-ceo-der-bank-cic\\\/#breadcrumb\",\"itemListElement\":[{\"@type\":\"ListItem\",\"position\":1,\"name\":\"Home\",\"item\":\"https:\\\/\\\/www.organisator.ch\\\/\"},{\"@type\":\"ListItem\",\"position\":2,\"name\":\"Livia Moretti wird neue CEO der Bank CIC\"}]},{\"@type\":\"WebSite\",\"@id\":\"https:\\\/\\\/www.organisator.ch\\\/#website\",\"url\":\"https:\\\/\\\/www.organisator.ch\\\/\",\"name\":\"Organisator\",\"description\":\"Kompetent. Praxisnah. Der ORGANISATOR bereitet in 10 Ausgaben pro Jahr die wesentlichen Themen f\u00fcr F\u00fchrungskr\u00e4fte von KMU auf.\",\"publisher\":{\"@id\":\"https:\\\/\\\/www.organisator.ch\\\/#organization\"},\"potentialAction\":[{\"@type\":\"SearchAction\",\"target\":{\"@type\":\"EntryPoint\",\"urlTemplate\":\"https:\\\/\\\/www.organisator.ch\\\/?s={search_term_string}\"},\"query-input\":{\"@type\":\"PropertyValueSpecification\",\"valueRequired\":true,\"valueName\":\"search_term_string\"}}],\"inLanguage\":\"fr-FR\"},{\"@type\":\"Organization\",\"@id\":\"https:\\\/\\\/www.organisator.ch\\\/#organization\",\"name\":\"Organisator\",\"url\":\"https:\\\/\\\/www.organisator.ch\\\/\",\"logo\":{\"@type\":\"ImageObject\",\"inLanguage\":\"fr-FR\",\"@id\":\"https:\\\/\\\/www.organisator.ch\\\/#\\\/schema\\\/logo\\\/image\\\/\",\"url\":\"https:\\\/\\\/www.organisator.ch\\\/wp-content\\\/uploads\\\/2022\\\/01\\\/Logo_Organisator_Website.png\",\"contentUrl\":\"https:\\\/\\\/www.organisator.ch\\\/wp-content\\\/uploads\\\/2022\\\/01\\\/Logo_Organisator_Website.png\",\"width\":800,\"height\":77,\"caption\":\"Organisator\"},\"image\":{\"@id\":\"https:\\\/\\\/www.organisator.ch\\\/#\\\/schema\\\/logo\\\/image\\\/\"},\"sameAs\":[\"https:\\\/\\\/www.facebook.com\\\/OrganisatorFachmagazin\",\"https:\\\/\\\/www.linkedin.com\\\/showcase\\\/organisator-das-magazin-fr-kmu\",\"https:\\\/\\\/www.xing.com\\\/news\\\/pages\\\/organisator-ch-695\",\"https:\\\/\\\/www.youtube.com\\\/channel\\\/UCGP2Sq0iWaZwT3BdIAQFYpw\"]},{\"@type\":\"Person\",\"@id\":\"https:\\\/\\\/www.organisator.ch\\\/#\\\/schema\\\/person\\\/6f650f90b2842cd4c0cc334b4e36f67e\",\"name\":\"thomas.berner\",\"image\":{\"@type\":\"ImageObject\",\"inLanguage\":\"fr-FR\",\"@id\":\"https:\\\/\\\/secure.gravatar.com\\\/avatar\\\/ac5001d2a36cb6c6cd3e50789007ffca834b477b74a2144564522e944eabff61?s=96&d=mm&r=g\",\"url\":\"https:\\\/\\\/secure.gravatar.com\\\/avatar\\\/ac5001d2a36cb6c6cd3e50789007ffca834b477b74a2144564522e944eabff61?s=96&d=mm&r=g\",\"contentUrl\":\"https:\\\/\\\/secure.gravatar.com\\\/avatar\\\/ac5001d2a36cb6c6cd3e50789007ffca834b477b74a2144564522e944eabff61?s=96&d=mm&r=g\",\"caption\":\"thomas.berner\"},\"url\":\"https:\\\/\\\/www.organisator.ch\\\/fr\\\/author\\\/thomas-berner\\\/\"}]}<\/script>\n<!-- \/ Yoast SEO plugin. -->","yoast_head_json":{"title":"Livia Moretti devient la nouvelle CEO de la banque CIC - Organisateur","description":"Le Conseil d'administration de la Banque CIC (Suisse) SA a nomm\u00e9 Livia Moretti au poste de CEO. Elle prendra ses fonctions le 1er f\u00e9vrier 2023.","robots":{"index":"index","follow":"follow","max-snippet":"max-snippet:-1","max-image-preview":"max-image-preview:large","max-video-preview":"max-video-preview:-1"},"canonical":"https:\/\/www.organisator.ch\/fr\/gestion-2\/2023-01-24\/livia-moretti-wird-neue-ceo-der-bank-cic\/","og_locale":"fr_FR","og_type":"article","og_title":"Livia Moretti wird neue CEO der Bank CIC","og_description":"Der Verwaltungsrat der Bank CIC (Schweiz) AG hat Livia Moretti zur CEO ernannt. Sie wird ihre Arbeit am 1. Februar 2023 aufnehmen.","og_url":"https:\/\/www.organisator.ch\/fr\/gestion-2\/2023-01-24\/livia-moretti-wird-neue-ceo-der-bank-cic\/","og_site_name":"Organisator","article_publisher":"https:\/\/www.facebook.com\/OrganisatorFachmagazin","article_published_time":"2023-01-24T07:12:55+00:00","og_image":[{"width":680,"height":463,"url":"https:\/\/www.organisator.ch\/wp-content\/uploads\/2023\/01\/Livia-Moretti-wird-neue-CEO-der-Bank-CIC_Organisator.jpg","type":"image\/jpeg"}],"author":"thomas.berner","twitter_card":"summary_large_image","twitter_title":"Livia #Moretti wird neue #CEO der Bank #CIC","twitter_description":"Der #Verwaltungsrat der Bank #CIC (Schweiz) AG hat Livia #Moretti zur CEO ernannt. Sie wird ihre Arbeit am 1. Februar 2023 aufnehmen.","twitter_image":"https:\/\/www.organisator.ch\/wp-content\/uploads\/2023\/01\/Livia-Moretti-wird-neue-CEO-der-Bank-CIC_Organisator.jpg","schema":{"@context":"https:\/\/schema.org","@graph":[{"@type":"Article","@id":"https:\/\/www.organisator.ch\/management\/2023-01-24\/livia-moretti-wird-neue-ceo-der-bank-cic\/#article","isPartOf":{"@id":"https:\/\/www.organisator.ch\/management\/2023-01-24\/livia-moretti-wird-neue-ceo-der-bank-cic\/"},"author":{"name":"thomas.berner","@id":"https:\/\/www.organisator.ch\/#\/schema\/person\/6f650f90b2842cd4c0cc334b4e36f67e"},"headline":"Livia Moretti wird neue CEO der Bank CIC","datePublished":"2023-01-24T07:12:55+00:00","mainEntityOfPage":{"@id":"https:\/\/www.organisator.ch\/management\/2023-01-24\/livia-moretti-wird-neue-ceo-der-bank-cic\/"},"wordCount":331,"publisher":{"@id":"https:\/\/www.organisator.ch\/#organization"},"image":{"@id":"https:\/\/www.organisator.ch\/management\/2023-01-24\/livia-moretti-wird-neue-ceo-der-bank-cic\/#primaryimage"},"thumbnailUrl":"https:\/\/www.organisator.ch\/wp-content\/uploads\/2023\/01\/Livia-Moretti-wird-neue-CEO-der-Bank-CIC_Organisator.jpg","keywords":["Banken","Management und Unternehmensf\u00fchrung","Personalia"],"articleSection":["MANAGEMENT"],"inLanguage":"fr-FR"},{"@type":"WebPage","@id":"https:\/\/www.organisator.ch\/management\/2023-01-24\/livia-moretti-wird-neue-ceo-der-bank-cic\/","url":"https:\/\/www.organisator.ch\/management\/2023-01-24\/livia-moretti-wird-neue-ceo-der-bank-cic\/","name":"Livia Moretti devient la nouvelle CEO de la banque CIC - Organisateur","isPartOf":{"@id":"https:\/\/www.organisator.ch\/#website"},"primaryImageOfPage":{"@id":"https:\/\/www.organisator.ch\/management\/2023-01-24\/livia-moretti-wird-neue-ceo-der-bank-cic\/#primaryimage"},"image":{"@id":"https:\/\/www.organisator.ch\/management\/2023-01-24\/livia-moretti-wird-neue-ceo-der-bank-cic\/#primaryimage"},"thumbnailUrl":"https:\/\/www.organisator.ch\/wp-content\/uploads\/2023\/01\/Livia-Moretti-wird-neue-CEO-der-Bank-CIC_Organisator.jpg","datePublished":"2023-01-24T07:12:55+00:00","description":"Le Conseil d'administration de la Banque CIC (Suisse) SA a nomm\u00e9 Livia Moretti au poste de CEO. Elle prendra ses fonctions le 1er f\u00e9vrier 2023.","breadcrumb":{"@id":"https:\/\/www.organisator.ch\/management\/2023-01-24\/livia-moretti-wird-neue-ceo-der-bank-cic\/#breadcrumb"},"inLanguage":"fr-FR","potentialAction":[{"@type":"ReadAction","target":["https:\/\/www.organisator.ch\/management\/2023-01-24\/livia-moretti-wird-neue-ceo-der-bank-cic\/"]}]},{"@type":"ImageObject","inLanguage":"fr-FR","@id":"https:\/\/www.organisator.ch\/management\/2023-01-24\/livia-moretti-wird-neue-ceo-der-bank-cic\/#primaryimage","url":"https:\/\/www.organisator.ch\/wp-content\/uploads\/2023\/01\/Livia-Moretti-wird-neue-CEO-der-Bank-CIC_Organisator.jpg","contentUrl":"https:\/\/www.organisator.ch\/wp-content\/uploads\/2023\/01\/Livia-Moretti-wird-neue-CEO-der-Bank-CIC_Organisator.jpg","width":680,"height":463,"caption":"Livia Moretti ist ab 1. Februar 2023 neue CEO der Bank CIC (Schweiz) in Basel. (Bild: zVg \/ Bank CIC)"},{"@type":"BreadcrumbList","@id":"https:\/\/www.organisator.ch\/management\/2023-01-24\/livia-moretti-wird-neue-ceo-der-bank-cic\/#breadcrumb","itemListElement":[{"@type":"ListItem","position":1,"name":"Home","item":"https:\/\/www.organisator.ch\/"},{"@type":"ListItem","position":2,"name":"Livia Moretti wird neue CEO der Bank CIC"}]},{"@type":"WebSite","@id":"https:\/\/www.organisator.ch\/#website","url":"https:\/\/www.organisator.ch\/","name":"Organisateur","description":"Comp\u00e9tence et comp\u00e9tence. Proches de la pratique. L'ORGANISATEUR pr\u00e9pare 10 num\u00e9ros par an sur les th\u00e8mes essentiels pour les dirigeants de PME.","publisher":{"@id":"https:\/\/www.organisator.ch\/#organization"},"potentialAction":[{"@type":"SearchAction","target":{"@type":"EntryPoint","urlTemplate":"https:\/\/www.organisator.ch\/?s={search_term_string}"},"query-input":{"@type":"PropertyValueSpecification","valueRequired":true,"valueName":"search_term_string"}}],"inLanguage":"fr-FR"},{"@type":"Organization","@id":"https:\/\/www.organisator.ch\/#organization","name":"Organisateur","url":"https:\/\/www.organisator.ch\/","logo":{"@type":"ImageObject","inLanguage":"fr-FR","@id":"https:\/\/www.organisator.ch\/#\/schema\/logo\/image\/","url":"https:\/\/www.organisator.ch\/wp-content\/uploads\/2022\/01\/Logo_Organisator_Website.png","contentUrl":"https:\/\/www.organisator.ch\/wp-content\/uploads\/2022\/01\/Logo_Organisator_Website.png","width":800,"height":77,"caption":"Organisator"},"image":{"@id":"https:\/\/www.organisator.ch\/#\/schema\/logo\/image\/"},"sameAs":["https:\/\/www.facebook.com\/OrganisatorFachmagazin","https:\/\/www.linkedin.com\/showcase\/organisator-das-magazin-fr-kmu","https:\/\/www.xing.com\/news\/pages\/organisator-ch-695","https:\/\/www.youtube.com\/channel\/UCGP2Sq0iWaZwT3BdIAQFYpw"]},{"@type":"Person","@id":"https:\/\/www.organisator.ch\/#\/schema\/person\/6f650f90b2842cd4c0cc334b4e36f67e","name":"thomas.berner","image":{"@type":"ImageObject","inLanguage":"fr-FR","@id":"https:\/\/secure.gravatar.com\/avatar\/ac5001d2a36cb6c6cd3e50789007ffca834b477b74a2144564522e944eabff61?s=96&d=mm&r=g","url":"https:\/\/secure.gravatar.com\/avatar\/ac5001d2a36cb6c6cd3e50789007ffca834b477b74a2144564522e944eabff61?s=96&d=mm&r=g","contentUrl":"https:\/\/secure.gravatar.com\/avatar\/ac5001d2a36cb6c6cd3e50789007ffca834b477b74a2144564522e944eabff61?s=96&d=mm&r=g","caption":"thomas.berner"},"url":"https:\/\/www.organisator.ch\/fr\/author\/thomas-berner\/"}]}},"_links":{"self":[{"href":"https:\/\/www.organisator.ch\/fr\/wp-json\/wp\/v2\/posts\/18571","targetHints":{"allow":["GET"]}}],"collection":[{"href":"https:\/\/www.organisator.ch\/fr\/wp-json\/wp\/v2\/posts"}],"about":[{"href":"https:\/\/www.organisator.ch\/fr\/wp-json\/wp\/v2\/types\/post"}],"author":[{"embeddable":true,"href":"https:\/\/www.organisator.ch\/fr\/wp-json\/wp\/v2\/users\/4"}],"replies":[{"embeddable":true,"href":"https:\/\/www.organisator.ch\/fr\/wp-json\/wp\/v2\/comments?post=18571"}],"version-history":[{"count":1,"href":"https:\/\/www.organisator.ch\/fr\/wp-json\/wp\/v2\/posts\/18571\/revisions"}],"predecessor-version":[{"id":18573,"href":"https:\/\/www.organisator.ch\/fr\/wp-json\/wp\/v2\/posts\/18571\/revisions\/18573"}],"wp:featuredmedia":[{"embeddable":true,"href":"https:\/\/www.organisator.ch\/fr\/wp-json\/wp\/v2\/media\/18572"}],"wp:attachment":[{"href":"https:\/\/www.organisator.ch\/fr\/wp-json\/wp\/v2\/media?parent=18571"}],"wp:term":[{"taxonomy":"category","embeddable":true,"href":"https:\/\/www.organisator.ch\/fr\/wp-json\/wp\/v2\/categories?post=18571"},{"taxonomy":"post_tag","embeddable":true,"href":"https:\/\/www.organisator.ch\/fr\/wp-json\/wp\/v2\/tags?post=18571"}],"curies":[{"name":"wp","href":"https:\/\/api.w.org\/{rel}","templated":true}]}}