{"id":1860,"date":"2018-10-11T15:57:28","date_gmt":"2018-10-11T13:57:28","guid":{"rendered":"https:\/\/www.umweltperspektiven.ch\/?p=1860"},"modified":"2022-02-09T11:10:08","modified_gmt":"2022-02-09T10:10:08","slug":"zermatt-summit-2018-menschen-veraendern-die-welt-nicht-das-geld","status":"publish","type":"post","link":"https:\/\/www.organisator.ch\/fr\/sustainability\/2018-10-11\/zermatt-summit-2018-menschen-veraendern-die-welt-nicht-das-geld\/","title":{"rendered":"Zermatt Summit 2018 : Les gens changent le monde - pas l'argent"},"content":{"rendered":"<figure id=\"attachment_1861\" aria-describedby=\"caption-attachment-1861\" style=\"width: 680px\" class=\"wp-caption alignnone\"><img loading=\"lazy\" decoding=\"async\" class=\"size-medium wp-image-1861\" src=\"\/\/www.umweltperspektiven.ch\/wp-content\/uploads\/2018\/10\/Zermatt-Summit-2018-Menschen-ver\u00e4ndern-die-Welt-\u2013-nicht-das-Geld-up-umweltperspektiven.jpg\" alt=\"\" width=\"680\" height=\"447\" \/><figcaption id=\"caption-attachment-1861\" class=\"wp-caption-text\">Ce sont les personnes et non l'argent qui d\u00e9cident de notre destin - tel \u00e9tait le credo de cette ann\u00e9e au Zermatt Summit. (Image : zVg)<\/figcaption><\/figure>\n<p>Christopher Wasserman, fondateur et pr\u00e9sident de la Zermatt Summit Foundation, qui se d\u00e9finit comme un incubateur de nouveaux mod\u00e8les d'entreprise \u00e0 vocation sociale et environnementale, l'a r\u00e9sum\u00e9 dans son discours d'ouverture : \"Notre vision est de cr\u00e9er un lieu o\u00f9 les gens se rencontrent pour \u00eatre inspir\u00e9s, partager des innovations, se mettre en r\u00e9seau et collaborer afin de cr\u00e9er de nouveaux mod\u00e8les d'entreprise pour un monde meilleur\".<\/p>\n<p>Le Zermatt Summit est un lieu de r\u00e9flexion pour les dirigeants qui comprennent que les entreprises peuvent \u00eatre une force pour le bien et que les mod\u00e8les \u00e9conomiques peuvent avoir des impacts sociaux, environnementaux et soci\u00e9taux n\u00e9cessaires. Le Zermatt Summit veut \u00eatre la r\u00e9f\u00e9rence en mati\u00e8re d'\u00e9conomie \u00e9thique dans un monde globalis\u00e9, \u00e0 c\u00f4t\u00e9 du Forum \u00e9conomique mondial (WEF) de Davos, o\u00f9 les entreprises leaders et les politiciens se rencontrent pour discuter principalement du \"business as usual\", et du Forum social mondial de Porto Alegre au Br\u00e9sil, o\u00f9 les activistes se rencontrent sans agenda concret de changement.<\/p>\n<p>Entre Davos et Porto Allegre, il existe un vide que le Zermatt Summit veut combler.<\/p>\n<p><strong>L'\u00e9conomie au service de l'homme et du bien commun<\/strong><\/p>\n<p>Le choix de conf\u00e9renciers internationaux de haut niveau \u00e9tait impressionnant. Des invit\u00e9s d'Europe, d'Afrique, d'Asie, des \u00c9tats-Unis et de Suisse se sont r\u00e9unis pour pr\u00e9senter et discuter de nouveaux mod\u00e8les d'entreprise r\u00e9volutionnaires. Le professeur Gunter Pauli, entrepreneur, auteur et activiste belge, a pr\u00e9sent\u00e9 sa vision de la \"Blue Economy\" pour une \u00e9conomie mondiale plus durable.<\/p>\n<p>L'\u00e9conomie bleue se concentre sur les besoins fondamentaux des personnes - nourriture, eau, \u00e9nergie et sant\u00e9 - tout en r\u00e9g\u00e9n\u00e9rant la nature, en cr\u00e9ant des emplois, en d\u00e9veloppant des communaut\u00e9s et en \u00e9vitant les d\u00e9chets. \"Personne ne me dit que c'est durable d'acheter une pomme bio du Chili ici \u00e0 Zermatt. Ce n'est tout simplement pas vrai. Ce n'est pas le cas et \u00e7a ne le sera jamais\", a d\u00e9clar\u00e9 Pauli. L'\u00e9conomie bleue stimule une \u00e9conomie locale avec une relation directe entre les producteurs et les consommateurs.<\/p>\n<p>Le caf\u00e9, la mati\u00e8re premi\u00e8re la plus \u00e9chang\u00e9e au monde apr\u00e8s le p\u00e9trole, a jou\u00e9 un r\u00f4le important dans une innovation discut\u00e9e au Zermatt Summit. L'entrepreneur allemand Hans Stier a pr\u00e9sent\u00e9 la soci\u00e9t\u00e9 Bonaverde, qui propose une machine pour torr\u00e9fier et moudre le caf\u00e9 vert et \u00e9tablit une relation directe entre les petits producteurs de caf\u00e9 et leurs clients. Le concept Bonaverde am\u00e9liore consid\u00e9rablement la vie dans les pays producteurs de caf\u00e9.<\/p>\n<p>Bertil Akesson, qui g\u00e8re une plantation familiale \u00e0 Madagascar, a pr\u00e9sent\u00e9 51 types de caf\u00e9 naturel d\u00e9caf\u00e9in\u00e9. Il a assur\u00e9 au public que cette sp\u00e9cialit\u00e9 de caf\u00e9 serait bient\u00f4t disponible dans le commerce de d\u00e9tail.<\/p>\n<p><strong>Pr\u00e9sentation d'inventions et de projets r\u00e9volutionnaires <\/strong><\/p>\n<p>Le professeur Suat Topsu, physicien et entrepreneur fran\u00e7ais, a apport\u00e9 \u00e0 Zermatt une technologie de communication r\u00e9volutionnaire. Topsu est l'inventeur du Li-Fi : communication de donn\u00e9es, Internet, par ondes lumineuses. De la science-fiction ? Absolument pas. Topsu a donn\u00e9 des exemples concrets d'applications dans les supermarch\u00e9s, les mus\u00e9es et les h\u00f4pitaux. Le Li-Fi est actuellement int\u00e9gr\u00e9 dans les nouvelles normes de r\u00e9seau de communication 5G.<\/p>\n<p>L'entrepreneur n\u00e9erlandais Joost Wouters a pr\u00e9sent\u00e9 au Zermatt Summit l'\u00e9norme potentiel de la culture des algues pour l'\u00e9nergie, l'alimentation et bien plus encore. \"Les algues sont la biomasse qui cro\u00eet le plus rapidement sur la plan\u00e8te\", a d\u00e9clar\u00e9 Wouters. Depuis des si\u00e8cles, les algues marines sont principalement cultiv\u00e9es en Asie, o\u00f9 99 pour cent de la production mondiale est aujourd'hui produite et principalement transform\u00e9e en produits alimentaires. La production est simple. Elle ne n\u00e9cessite que de l'eau sal\u00e9e, de la lumi\u00e8re du soleil et des nutriments. Le processus est tr\u00e8s efficace et Wouters a d\u00e9montr\u00e9 que le biogaz issu des algues marines est de loin plus performant que le gaz naturel issu de la fracturation. La production d'algues r\u00e9g\u00e9n\u00e8re l'environnement marin, alors que la fracturation d\u00e9truit l'environnement naturel pour des si\u00e8cles.<\/p>\n<p>Les performances de l'entrepreneur suisse Marco Simeoni au Zermatt Summit \u00e9taient fascinantes et impressionnantes. Simeoni est consid\u00e9r\u00e9 comme le secret le mieux gard\u00e9 de Suisse. Sa fondation \"Race for Water\" a \u00e9t\u00e9 cr\u00e9\u00e9e en 2010 dans le but d'\u00e9liminer la pollution plastique des oc\u00e9ans. Race for Water a d\u00e9velopp\u00e9 un proc\u00e9d\u00e9 qui transforme les d\u00e9chets plastiques en gaz et en \u00e9lectricit\u00e9. Cette petite usine innovante peut \u00eatre distribu\u00e9e dans des conteneurs dans le monde entier, ce qui offre une grande opportunit\u00e9 de r\u00e9duire les d\u00e9chets plastiques de mani\u00e8re \u00e9conomique.<\/p>\n<p><strong>L'humanisation de la mondialisation devient une priorit\u00e9<\/strong><\/p>\n<p>Les entreprises ont une grande influence sur la soci\u00e9t\u00e9. Elles cr\u00e9ent des emplois et des innovations, produisent des biens et des services et g\u00e9n\u00e8rent des revenus. Cette puissance \u00e9conomique s'accompagne toutefois d'une responsabilit\u00e9 sociale pour le bien commun dont beaucoup d'entrepreneurs n'ont pas encore vraiment conscience.<\/p>\n<p>Il y a un grand besoin de revoir, de repenser et d'\u00e9largir la raison d'\u00eatre de l'entreprise. Christopher Wasserman a d\u00e9clar\u00e9 : \"Les changements ne viendront pas seulement de nouveaux mod\u00e8les commerciaux innovants, mais aussi de liens et de relations personnelles. Le Zermatt Summit offre la plateforme id\u00e9ale pour \u00e9changer et entretenir des relations\". (Zermatt Summit\/mm)<\/p>\n<p><em>\u00c0 propos de Zermatt Summit<\/em><\/p>\n<p><em>Le Zermatt Summit a \u00e9t\u00e9 cr\u00e9\u00e9 en 2010 en tant que plateforme internationale de r\u00e9f\u00e9rence pour promouvoir un dialogue constructif et orient\u00e9 vers l'action entre les diff\u00e9rents acteurs de la soci\u00e9t\u00e9. Les conf\u00e9rences sont organis\u00e9es par la Zermatt Summit Foundation, une ONG ind\u00e9pendante reconnue d'utilit\u00e9 publique par l'\u00c9tat suisse. La fondation vise \u00e0 r\u00e9unir des parties prenantes de la soci\u00e9t\u00e9 civile, du monde des affaires et de la politique, ainsi que de la religion et des arts, afin d'apporter plus d'humanit\u00e9 dans le processus de mondialisation et de fournir aux dirigeants des recommandations pratiques pour une \u00e9conomie au service de l'homme et du bien commun. L'initiateur, le promoteur et le pr\u00e9sident de la Zermatt Summit Foundation est Christopher Wasserman, fondateur d'une entreprise familiale suisse.<\/em><\/p>\n<p><a href=\"\/\/www.zermattsummit.org\">http:\/\/www.zermattsummit.org<\/a><\/p>\n<p>&nbsp;<\/p>","protected":false},"excerpt":{"rendered":"<p>Christopher Wasserman, Gr\u00fcnder und Pr\u00e4sident der Zermatt Summit Foundation, die sich als ein Inkubator f\u00fcr neue Gesch\u00e4ftsmodelle mit sozialem und \u00f6kologischem Hintergrund versteht, fasste es in seinem Er\u00f6ffnungsvortrag zusammen: \u00abUnsere Vision ist es, einen Ort zu schaffen, an dem sich Menschen treffen, um inspiriert zu werden, Innovationen auszutauschen, sich zu vernetzen und zusammenzuarbeiten, damit neue [&hellip;]<\/p>\n","protected":false},"author":5,"featured_media":9567,"comment_status":"open","ping_status":"open","sticky":false,"template":"","format":"standard","meta":{"_acf_changed":false,"_yoast_wpseo_focuskw":"Zermatt Summit","_yoast_wpseo_metadesc":"Die siebte Ausgabe des Zermatt Summit lockte 120 Unternehmer und Manager in die Walliser Berge, unter anderem ging es um humane Themen.","articlekey":"","footnotes":""},"categories":[580],"tags":[1114,1414,1954,2239,2355,2597],"class_list":["post-1860","post","type-post","status-publish","format-standard","has-post-thumbnail","hentry","category-sustainability","tag-erfindungen","tag-innovationen","tag-projekte","tag-summit","tag-umwelt-technologien","tag-zermatt"],"acf":[],"yoast_head":"<!-- This site is optimized with the Yoast SEO plugin v27.5 - https:\/\/yoast.com\/product\/yoast-seo-wordpress\/ -->\n<title>Zermatt Summit 2018: Menschen ver\u00e4ndern die Welt \u2013 nicht das Geld - Organisator<\/title>\n<meta name=\"description\" content=\"Die siebte Ausgabe des Zermatt Summit lockte 120 Unternehmer und Manager in die Walliser Berge, unter anderem ging es um humane Themen.\" \/>\n<meta name=\"robots\" content=\"index, follow, max-snippet:-1, max-image-preview:large, max-video-preview:-1\" \/>\n<link rel=\"canonical\" href=\"https:\/\/www.organisator.ch\/fr\/sustainability\/2018-10-11\/zermatt-summit-2018-menschen-veraendern-die-welt-nicht-das-geld\/\" \/>\n<meta property=\"og:locale\" content=\"fr_FR\" \/>\n<meta property=\"og:type\" content=\"article\" \/>\n<meta property=\"og:title\" content=\"Zermatt Summit 2018: Menschen ver\u00e4ndern die Welt \u2013 nicht das Geld - Organisator\" \/>\n<meta property=\"og:description\" content=\"Die siebte Ausgabe des Zermatt Summit lockte 120 Unternehmer und Manager in die Walliser Berge, unter anderem ging es um humane Themen.\" \/>\n<meta property=\"og:url\" content=\"https:\/\/www.organisator.ch\/fr\/sustainability\/2018-10-11\/zermatt-summit-2018-menschen-veraendern-die-welt-nicht-das-geld\/\" \/>\n<meta property=\"og:site_name\" content=\"Organisator\" \/>\n<meta property=\"article:publisher\" content=\"https:\/\/www.facebook.com\/OrganisatorFachmagazin\" \/>\n<meta property=\"article:published_time\" content=\"2018-10-11T13:57:28+00:00\" \/>\n<meta property=\"article:modified_time\" content=\"2022-02-09T10:10:08+00:00\" \/>\n<meta property=\"og:image\" content=\"https:\/\/www.organisator.ch\/wp-content\/uploads\/2018\/10\/Zermatt-Summit-2018-Menschen-veraendern-die-Welt-\u2013-nicht-das-Geld-up-umweltperspektiven.jpg\" \/>\n\t<meta property=\"og:image:width\" content=\"1095\" \/>\n\t<meta property=\"og:image:height\" content=\"720\" \/>\n\t<meta property=\"og:image:type\" content=\"image\/jpeg\" \/>\n<meta name=\"author\" content=\"michael.merz\" \/>\n<meta name=\"twitter:card\" content=\"summary_large_image\" \/>\n<script type=\"application\/ld+json\" class=\"yoast-schema-graph\">{\"@context\":\"https:\\\/\\\/schema.org\",\"@graph\":[{\"@type\":\"Article\",\"@id\":\"https:\\\/\\\/www.organisator.ch\\\/sustainability\\\/2018-10-11\\\/zermatt-summit-2018-menschen-veraendern-die-welt-nicht-das-geld\\\/#article\",\"isPartOf\":{\"@id\":\"https:\\\/\\\/www.organisator.ch\\\/sustainability\\\/2018-10-11\\\/zermatt-summit-2018-menschen-veraendern-die-welt-nicht-das-geld\\\/\"},\"author\":{\"name\":\"michael.merz\",\"@id\":\"https:\\\/\\\/www.organisator.ch\\\/#\\\/schema\\\/person\\\/134708ca9321c57b0362cceb7948ffbd\"},\"headline\":\"Zermatt Summit 2018: Menschen ver\u00e4ndern die Welt \u2013 nicht das Geld\",\"datePublished\":\"2018-10-11T13:57:28+00:00\",\"dateModified\":\"2022-02-09T10:10:08+00:00\",\"mainEntityOfPage\":{\"@id\":\"https:\\\/\\\/www.organisator.ch\\\/sustainability\\\/2018-10-11\\\/zermatt-summit-2018-menschen-veraendern-die-welt-nicht-das-geld\\\/\"},\"wordCount\":917,\"commentCount\":0,\"publisher\":{\"@id\":\"https:\\\/\\\/www.organisator.ch\\\/#organization\"},\"image\":{\"@id\":\"https:\\\/\\\/www.organisator.ch\\\/sustainability\\\/2018-10-11\\\/zermatt-summit-2018-menschen-veraendern-die-welt-nicht-das-geld\\\/#primaryimage\"},\"thumbnailUrl\":\"https:\\\/\\\/www.organisator.ch\\\/wp-content\\\/uploads\\\/2018\\\/10\\\/Zermatt-Summit-2018-Menschen-veraendern-die-Welt-\u2013-nicht-das-Geld-up-umweltperspektiven.jpg\",\"keywords\":[\"Erfindungen\",\"Innovationen\",\"Projekte\",\"Summit\",\"Umwelt Technologien\",\"Zermatt\"],\"articleSection\":[\"SUSTAINABILITY\"],\"inLanguage\":\"fr-FR\"},{\"@type\":\"WebPage\",\"@id\":\"https:\\\/\\\/www.organisator.ch\\\/sustainability\\\/2018-10-11\\\/zermatt-summit-2018-menschen-veraendern-die-welt-nicht-das-geld\\\/\",\"url\":\"https:\\\/\\\/www.organisator.ch\\\/sustainability\\\/2018-10-11\\\/zermatt-summit-2018-menschen-veraendern-die-welt-nicht-das-geld\\\/\",\"name\":\"Zermatt Summit 2018: Menschen ver\u00e4ndern die Welt \u2013 nicht das Geld - Organisator\",\"isPartOf\":{\"@id\":\"https:\\\/\\\/www.organisator.ch\\\/#website\"},\"primaryImageOfPage\":{\"@id\":\"https:\\\/\\\/www.organisator.ch\\\/sustainability\\\/2018-10-11\\\/zermatt-summit-2018-menschen-veraendern-die-welt-nicht-das-geld\\\/#primaryimage\"},\"image\":{\"@id\":\"https:\\\/\\\/www.organisator.ch\\\/sustainability\\\/2018-10-11\\\/zermatt-summit-2018-menschen-veraendern-die-welt-nicht-das-geld\\\/#primaryimage\"},\"thumbnailUrl\":\"https:\\\/\\\/www.organisator.ch\\\/wp-content\\\/uploads\\\/2018\\\/10\\\/Zermatt-Summit-2018-Menschen-veraendern-die-Welt-\u2013-nicht-das-Geld-up-umweltperspektiven.jpg\",\"datePublished\":\"2018-10-11T13:57:28+00:00\",\"dateModified\":\"2022-02-09T10:10:08+00:00\",\"description\":\"Die siebte Ausgabe des Zermatt Summit lockte 120 Unternehmer und Manager in die Walliser Berge, unter anderem ging es um humane Themen.\",\"breadcrumb\":{\"@id\":\"https:\\\/\\\/www.organisator.ch\\\/sustainability\\\/2018-10-11\\\/zermatt-summit-2018-menschen-veraendern-die-welt-nicht-das-geld\\\/#breadcrumb\"},\"inLanguage\":\"fr-FR\",\"potentialAction\":[{\"@type\":\"ReadAction\",\"target\":[\"https:\\\/\\\/www.organisator.ch\\\/sustainability\\\/2018-10-11\\\/zermatt-summit-2018-menschen-veraendern-die-welt-nicht-das-geld\\\/\"]}]},{\"@type\":\"ImageObject\",\"inLanguage\":\"fr-FR\",\"@id\":\"https:\\\/\\\/www.organisator.ch\\\/sustainability\\\/2018-10-11\\\/zermatt-summit-2018-menschen-veraendern-die-welt-nicht-das-geld\\\/#primaryimage\",\"url\":\"https:\\\/\\\/www.organisator.ch\\\/wp-content\\\/uploads\\\/2018\\\/10\\\/Zermatt-Summit-2018-Menschen-veraendern-die-Welt-\u2013-nicht-das-Geld-up-umweltperspektiven.jpg\",\"contentUrl\":\"https:\\\/\\\/www.organisator.ch\\\/wp-content\\\/uploads\\\/2018\\\/10\\\/Zermatt-Summit-2018-Menschen-veraendern-die-Welt-\u2013-nicht-das-Geld-up-umweltperspektiven.jpg\",\"width\":1095,\"height\":720,\"caption\":\"Menschen, nicht Geld entscheidet \u00fcber unser Schicksal - hiess das diesj\u00e4hrige Credo am Zermatt Summit. (Bild: zVg)\"},{\"@type\":\"BreadcrumbList\",\"@id\":\"https:\\\/\\\/www.organisator.ch\\\/sustainability\\\/2018-10-11\\\/zermatt-summit-2018-menschen-veraendern-die-welt-nicht-das-geld\\\/#breadcrumb\",\"itemListElement\":[{\"@type\":\"ListItem\",\"position\":1,\"name\":\"Home\",\"item\":\"https:\\\/\\\/www.organisator.ch\\\/\"},{\"@type\":\"ListItem\",\"position\":2,\"name\":\"Zermatt Summit 2018: Menschen ver\u00e4ndern die Welt \u2013 nicht das Geld\"}]},{\"@type\":\"WebSite\",\"@id\":\"https:\\\/\\\/www.organisator.ch\\\/#website\",\"url\":\"https:\\\/\\\/www.organisator.ch\\\/\",\"name\":\"Organisator\",\"description\":\"Kompetent. Praxisnah. Der ORGANISATOR bereitet in 10 Ausgaben pro Jahr die wesentlichen Themen f\u00fcr F\u00fchrungskr\u00e4fte von KMU auf.\",\"publisher\":{\"@id\":\"https:\\\/\\\/www.organisator.ch\\\/#organization\"},\"potentialAction\":[{\"@type\":\"SearchAction\",\"target\":{\"@type\":\"EntryPoint\",\"urlTemplate\":\"https:\\\/\\\/www.organisator.ch\\\/?s={search_term_string}\"},\"query-input\":{\"@type\":\"PropertyValueSpecification\",\"valueRequired\":true,\"valueName\":\"search_term_string\"}}],\"inLanguage\":\"fr-FR\"},{\"@type\":\"Organization\",\"@id\":\"https:\\\/\\\/www.organisator.ch\\\/#organization\",\"name\":\"Organisator\",\"url\":\"https:\\\/\\\/www.organisator.ch\\\/\",\"logo\":{\"@type\":\"ImageObject\",\"inLanguage\":\"fr-FR\",\"@id\":\"https:\\\/\\\/www.organisator.ch\\\/#\\\/schema\\\/logo\\\/image\\\/\",\"url\":\"https:\\\/\\\/www.organisator.ch\\\/wp-content\\\/uploads\\\/2022\\\/01\\\/Logo_Organisator_Website.png\",\"contentUrl\":\"https:\\\/\\\/www.organisator.ch\\\/wp-content\\\/uploads\\\/2022\\\/01\\\/Logo_Organisator_Website.png\",\"width\":800,\"height\":77,\"caption\":\"Organisator\"},\"image\":{\"@id\":\"https:\\\/\\\/www.organisator.ch\\\/#\\\/schema\\\/logo\\\/image\\\/\"},\"sameAs\":[\"https:\\\/\\\/www.facebook.com\\\/OrganisatorFachmagazin\",\"https:\\\/\\\/www.linkedin.com\\\/showcase\\\/organisator-das-magazin-fr-kmu\",\"https:\\\/\\\/www.xing.com\\\/news\\\/pages\\\/organisator-ch-695\",\"https:\\\/\\\/www.youtube.com\\\/channel\\\/UCGP2Sq0iWaZwT3BdIAQFYpw\"]},{\"@type\":\"Person\",\"@id\":\"https:\\\/\\\/www.organisator.ch\\\/#\\\/schema\\\/person\\\/134708ca9321c57b0362cceb7948ffbd\",\"name\":\"michael.merz\",\"image\":{\"@type\":\"ImageObject\",\"inLanguage\":\"fr-FR\",\"@id\":\"https:\\\/\\\/secure.gravatar.com\\\/avatar\\\/?s=96&d=mm&r=g\",\"url\":\"https:\\\/\\\/secure.gravatar.com\\\/avatar\\\/?s=96&d=mm&r=g\",\"contentUrl\":\"https:\\\/\\\/secure.gravatar.com\\\/avatar\\\/?s=96&d=mm&r=g\",\"caption\":\"michael.merz\"},\"url\":\"https:\\\/\\\/www.organisator.ch\\\/fr\\\/author\\\/michael-merz\\\/\"}]}<\/script>\n<!-- \/ Yoast SEO plugin. -->","yoast_head_json":{"title":"Zermatt Summit 2018 : Les gens changent le monde - pas l'argent - Organisateur","description":"La septi\u00e8me \u00e9dition du Zermatt Summit a attir\u00e9 120 entrepreneurs et managers dans les montagnes valaisannes. Il a notamment \u00e9t\u00e9 question de th\u00e8mes humains.","robots":{"index":"index","follow":"follow","max-snippet":"max-snippet:-1","max-image-preview":"max-image-preview:large","max-video-preview":"max-video-preview:-1"},"canonical":"https:\/\/www.organisator.ch\/fr\/sustainability\/2018-10-11\/zermatt-summit-2018-menschen-veraendern-die-welt-nicht-das-geld\/","og_locale":"fr_FR","og_type":"article","og_title":"Zermatt Summit 2018: Menschen ver\u00e4ndern die Welt \u2013 nicht das Geld - Organisator","og_description":"Die siebte Ausgabe des Zermatt Summit lockte 120 Unternehmer und Manager in die Walliser Berge, unter anderem ging es um humane Themen.","og_url":"https:\/\/www.organisator.ch\/fr\/sustainability\/2018-10-11\/zermatt-summit-2018-menschen-veraendern-die-welt-nicht-das-geld\/","og_site_name":"Organisator","article_publisher":"https:\/\/www.facebook.com\/OrganisatorFachmagazin","article_published_time":"2018-10-11T13:57:28+00:00","article_modified_time":"2022-02-09T10:10:08+00:00","og_image":[{"width":1095,"height":720,"url":"https:\/\/www.organisator.ch\/wp-content\/uploads\/2018\/10\/Zermatt-Summit-2018-Menschen-veraendern-die-Welt-\u2013-nicht-das-Geld-up-umweltperspektiven.jpg","type":"image\/jpeg"}],"author":"michael.merz","twitter_card":"summary_large_image","schema":{"@context":"https:\/\/schema.org","@graph":[{"@type":"Article","@id":"https:\/\/www.organisator.ch\/sustainability\/2018-10-11\/zermatt-summit-2018-menschen-veraendern-die-welt-nicht-das-geld\/#article","isPartOf":{"@id":"https:\/\/www.organisator.ch\/sustainability\/2018-10-11\/zermatt-summit-2018-menschen-veraendern-die-welt-nicht-das-geld\/"},"author":{"name":"michael.merz","@id":"https:\/\/www.organisator.ch\/#\/schema\/person\/134708ca9321c57b0362cceb7948ffbd"},"headline":"Zermatt Summit 2018: Menschen ver\u00e4ndern die Welt \u2013 nicht das Geld","datePublished":"2018-10-11T13:57:28+00:00","dateModified":"2022-02-09T10:10:08+00:00","mainEntityOfPage":{"@id":"https:\/\/www.organisator.ch\/sustainability\/2018-10-11\/zermatt-summit-2018-menschen-veraendern-die-welt-nicht-das-geld\/"},"wordCount":917,"commentCount":0,"publisher":{"@id":"https:\/\/www.organisator.ch\/#organization"},"image":{"@id":"https:\/\/www.organisator.ch\/sustainability\/2018-10-11\/zermatt-summit-2018-menschen-veraendern-die-welt-nicht-das-geld\/#primaryimage"},"thumbnailUrl":"https:\/\/www.organisator.ch\/wp-content\/uploads\/2018\/10\/Zermatt-Summit-2018-Menschen-veraendern-die-Welt-\u2013-nicht-das-Geld-up-umweltperspektiven.jpg","keywords":["Erfindungen","Innovationen","Projekte","Summit","Umwelt Technologien","Zermatt"],"articleSection":["SUSTAINABILITY"],"inLanguage":"fr-FR"},{"@type":"WebPage","@id":"https:\/\/www.organisator.ch\/sustainability\/2018-10-11\/zermatt-summit-2018-menschen-veraendern-die-welt-nicht-das-geld\/","url":"https:\/\/www.organisator.ch\/sustainability\/2018-10-11\/zermatt-summit-2018-menschen-veraendern-die-welt-nicht-das-geld\/","name":"Zermatt Summit 2018 : Les gens changent le monde - pas l'argent - Organisateur","isPartOf":{"@id":"https:\/\/www.organisator.ch\/#website"},"primaryImageOfPage":{"@id":"https:\/\/www.organisator.ch\/sustainability\/2018-10-11\/zermatt-summit-2018-menschen-veraendern-die-welt-nicht-das-geld\/#primaryimage"},"image":{"@id":"https:\/\/www.organisator.ch\/sustainability\/2018-10-11\/zermatt-summit-2018-menschen-veraendern-die-welt-nicht-das-geld\/#primaryimage"},"thumbnailUrl":"https:\/\/www.organisator.ch\/wp-content\/uploads\/2018\/10\/Zermatt-Summit-2018-Menschen-veraendern-die-Welt-\u2013-nicht-das-Geld-up-umweltperspektiven.jpg","datePublished":"2018-10-11T13:57:28+00:00","dateModified":"2022-02-09T10:10:08+00:00","description":"La septi\u00e8me \u00e9dition du Zermatt Summit a attir\u00e9 120 entrepreneurs et managers dans les montagnes valaisannes. Il a notamment \u00e9t\u00e9 question de th\u00e8mes humains.","breadcrumb":{"@id":"https:\/\/www.organisator.ch\/sustainability\/2018-10-11\/zermatt-summit-2018-menschen-veraendern-die-welt-nicht-das-geld\/#breadcrumb"},"inLanguage":"fr-FR","potentialAction":[{"@type":"ReadAction","target":["https:\/\/www.organisator.ch\/sustainability\/2018-10-11\/zermatt-summit-2018-menschen-veraendern-die-welt-nicht-das-geld\/"]}]},{"@type":"ImageObject","inLanguage":"fr-FR","@id":"https:\/\/www.organisator.ch\/sustainability\/2018-10-11\/zermatt-summit-2018-menschen-veraendern-die-welt-nicht-das-geld\/#primaryimage","url":"https:\/\/www.organisator.ch\/wp-content\/uploads\/2018\/10\/Zermatt-Summit-2018-Menschen-veraendern-die-Welt-\u2013-nicht-das-Geld-up-umweltperspektiven.jpg","contentUrl":"https:\/\/www.organisator.ch\/wp-content\/uploads\/2018\/10\/Zermatt-Summit-2018-Menschen-veraendern-die-Welt-\u2013-nicht-das-Geld-up-umweltperspektiven.jpg","width":1095,"height":720,"caption":"Menschen, nicht Geld entscheidet \u00fcber unser Schicksal - hiess das diesj\u00e4hrige Credo am Zermatt Summit. (Bild: zVg)"},{"@type":"BreadcrumbList","@id":"https:\/\/www.organisator.ch\/sustainability\/2018-10-11\/zermatt-summit-2018-menschen-veraendern-die-welt-nicht-das-geld\/#breadcrumb","itemListElement":[{"@type":"ListItem","position":1,"name":"Home","item":"https:\/\/www.organisator.ch\/"},{"@type":"ListItem","position":2,"name":"Zermatt Summit 2018: Menschen ver\u00e4ndern die Welt \u2013 nicht das Geld"}]},{"@type":"WebSite","@id":"https:\/\/www.organisator.ch\/#website","url":"https:\/\/www.organisator.ch\/","name":"Organisateur","description":"Comp\u00e9tence et comp\u00e9tence. Proches de la pratique. L'ORGANISATEUR pr\u00e9pare 10 num\u00e9ros par an sur les th\u00e8mes essentiels pour les dirigeants de PME.","publisher":{"@id":"https:\/\/www.organisator.ch\/#organization"},"potentialAction":[{"@type":"SearchAction","target":{"@type":"EntryPoint","urlTemplate":"https:\/\/www.organisator.ch\/?s={search_term_string}"},"query-input":{"@type":"PropertyValueSpecification","valueRequired":true,"valueName":"search_term_string"}}],"inLanguage":"fr-FR"},{"@type":"Organization","@id":"https:\/\/www.organisator.ch\/#organization","name":"Organisateur","url":"https:\/\/www.organisator.ch\/","logo":{"@type":"ImageObject","inLanguage":"fr-FR","@id":"https:\/\/www.organisator.ch\/#\/schema\/logo\/image\/","url":"https:\/\/www.organisator.ch\/wp-content\/uploads\/2022\/01\/Logo_Organisator_Website.png","contentUrl":"https:\/\/www.organisator.ch\/wp-content\/uploads\/2022\/01\/Logo_Organisator_Website.png","width":800,"height":77,"caption":"Organisator"},"image":{"@id":"https:\/\/www.organisator.ch\/#\/schema\/logo\/image\/"},"sameAs":["https:\/\/www.facebook.com\/OrganisatorFachmagazin","https:\/\/www.linkedin.com\/showcase\/organisator-das-magazin-fr-kmu","https:\/\/www.xing.com\/news\/pages\/organisator-ch-695","https:\/\/www.youtube.com\/channel\/UCGP2Sq0iWaZwT3BdIAQFYpw"]},{"@type":"Person","@id":"https:\/\/www.organisator.ch\/#\/schema\/person\/134708ca9321c57b0362cceb7948ffbd","name":"michael.merz","image":{"@type":"ImageObject","inLanguage":"fr-FR","@id":"https:\/\/secure.gravatar.com\/avatar\/?s=96&d=mm&r=g","url":"https:\/\/secure.gravatar.com\/avatar\/?s=96&d=mm&r=g","contentUrl":"https:\/\/secure.gravatar.com\/avatar\/?s=96&d=mm&r=g","caption":"michael.merz"},"url":"https:\/\/www.organisator.ch\/fr\/author\/michael-merz\/"}]}},"_links":{"self":[{"href":"https:\/\/www.organisator.ch\/fr\/wp-json\/wp\/v2\/posts\/1860","targetHints":{"allow":["GET"]}}],"collection":[{"href":"https:\/\/www.organisator.ch\/fr\/wp-json\/wp\/v2\/posts"}],"about":[{"href":"https:\/\/www.organisator.ch\/fr\/wp-json\/wp\/v2\/types\/post"}],"author":[{"embeddable":true,"href":"https:\/\/www.organisator.ch\/fr\/wp-json\/wp\/v2\/users\/5"}],"replies":[{"embeddable":true,"href":"https:\/\/www.organisator.ch\/fr\/wp-json\/wp\/v2\/comments?post=1860"}],"version-history":[{"count":1,"href":"https:\/\/www.organisator.ch\/fr\/wp-json\/wp\/v2\/posts\/1860\/revisions"}],"predecessor-version":[{"id":10918,"href":"https:\/\/www.organisator.ch\/fr\/wp-json\/wp\/v2\/posts\/1860\/revisions\/10918"}],"wp:featuredmedia":[{"embeddable":true,"href":"https:\/\/www.organisator.ch\/fr\/wp-json\/wp\/v2\/media\/9567"}],"wp:attachment":[{"href":"https:\/\/www.organisator.ch\/fr\/wp-json\/wp\/v2\/media?parent=1860"}],"wp:term":[{"taxonomy":"category","embeddable":true,"href":"https:\/\/www.organisator.ch\/fr\/wp-json\/wp\/v2\/categories?post=1860"},{"taxonomy":"post_tag","embeddable":true,"href":"https:\/\/www.organisator.ch\/fr\/wp-json\/wp\/v2\/tags?post=1860"}],"curies":[{"name":"wp","href":"https:\/\/api.w.org\/{rel}","templated":true}]}}