{"id":18604,"date":"2023-01-26T06:35:17","date_gmt":"2023-01-26T05:35:17","guid":{"rendered":"https:\/\/www.organisator.ch\/?p=18604"},"modified":"2023-01-27T08:14:10","modified_gmt":"2023-01-27T07:14:10","slug":"gebaeudepark-schluessel-zur-energiewende","status":"publish","type":"post","link":"https:\/\/www.organisator.ch\/fr\/sustainability\/2023-01-26\/gebaeudepark-schluessel-zur-energiewende\/","title":{"rendered":"Parc immobilier : la cl\u00e9 de la transition \u00e9nerg\u00e9tique"},"content":{"rendered":"<figure id=\"attachment_18607\" class=\"wp-caption alignnone\" style=\"width: 680px;\" aria-describedby=\"caption-attachment-18607\"><img class=\"size-medium wp-image-18607\" src=\"https:\/\/www.organisator.ch\/wp-content\/uploads\/2023\/01\/Gebaeudepark-Schluessel-zur-Energiewende_Organisator-680x497.jpg\" sizes=\"(max-width: 680px) 100vw, 680px\" srcset=\"https:\/\/www.organisator.ch\/wp-content\/uploads\/2023\/01\/Gebaeudepark-Schluessel-zur-Energiewende_Organisator-680x497.jpg 680w, https:\/\/www.organisator.ch\/wp-content\/uploads\/2023\/01\/Gebaeudepark-Schluessel-zur-Energiewende_Organisator-1024x748.jpg 1024w, https:\/\/www.organisator.ch\/wp-content\/uploads\/2023\/01\/Gebaeudepark-Schluessel-zur-Energiewende_Organisator-768x561.jpg 768w, https:\/\/www.organisator.ch\/wp-content\/uploads\/2023\/01\/Gebaeudepark-Schluessel-zur-Energiewende_Organisator-1536x1122.jpg 1536w, https:\/\/www.organisator.ch\/wp-content\/uploads\/2023\/01\/Gebaeudepark-Schluessel-zur-Energiewende_Organisator-16x12.jpg 16w, https:\/\/www.organisator.ch\/wp-content\/uploads\/2023\/01\/Gebaeudepark-Schluessel-zur-Energiewende_Organisator-375x274.jpg 375w, https:\/\/www.organisator.ch\/wp-content\/uploads\/2023\/01\/Gebaeudepark-Schluessel-zur-Energiewende_Organisator-479x350.jpg 479w, https:\/\/www.organisator.ch\/wp-content\/uploads\/2023\/01\/Gebaeudepark-Schluessel-zur-Energiewende_Organisator-1000x730.jpg 1000w, https:\/\/www.organisator.ch\/wp-content\/uploads\/2023\/01\/Gebaeudepark-Schluessel-zur-Energiewende_Organisator-scaled.jpg 1400w\" alt=\"\" width=\"680\" height=\"497\" \/><figcaption id=\"caption-attachment-18607\" class=\"wp-caption-text\">Les b\u00e2timents suisses consomment 100 TWh d'\u00e9nergie par an. (Image : Julian Hochgesang \/ Unsplash.com)<\/figcaption><\/figure>\r\nLe parc immobilier est une cl\u00e9 centrale pour la r\u00e9alisation du tournant \u00e9nerg\u00e9tique. Avec la publication \"Plusenergie &amp; Klimaneutral : Politische Massnahmen f\u00fcr den nachhaltigen Betrieb des Schweizer Geb\u00e4uparkes\" (Energie positive &amp; neutralit\u00e9 climatique : mesures politiques pour une exploitation durable du parc immobilier suisse), le groupe sp\u00e9cialis\u00e9 B\u00e2timents de l'association fa\u00eeti\u00e8re aeesuisse montre comment la consommation d'\u00e9nergie des b\u00e2timents peut \u00eatre r\u00e9duite de moiti\u00e9, comment les \u00e9missions de CO2 dans le domaine du b\u00e2timent peuvent \u00eatre ramen\u00e9es \u00e0 z\u00e9ro et comment les b\u00e2timents peuvent apporter une contribution importante \u00e0 l'approvisionnement \u00e9nerg\u00e9tique de la Suisse.\r\n\r\nDans le domaine de l'efficacit\u00e9 \u00e9nerg\u00e9tique, les b\u00e2timents anciens pr\u00e9sentent un potentiel impressionnant qui peut \u00eatre exploit\u00e9 par une combinaison de diff\u00e9rentes mesures. Les calculs de la Conf\u00e9d\u00e9ration montrent que la consommation d'\u00e9nergie du parc immobilier suisse peut \u00eatre r\u00e9duite de moiti\u00e9, passant de 100 TWh \u00e0 environ 50 TWh par an. En outre, le parc immobilier est actuellement encore responsable d'environ un quart des \u00e9missions annuelles de gaz \u00e0 effet de serre. Gr\u00e2ce \u00e0 la d\u00e9carbonisation compl\u00e8te de l'approvisionnement en chaleur avec des r\u00e9seaux de chaleur climatiquement neutres, des pompes \u00e0 chaleur, des chauffages \u00e0 biomasse et de l'\u00e9nergie solaire, les \u00e9missions de CO2 des b\u00e2timents peuvent \u00eatre r\u00e9duites \u00e0 z\u00e9ro d'ici 2050. Par ailleurs, la brochure du groupe sp\u00e9cialis\u00e9 dans le b\u00e2timent montre comment le parc immobilier en Suisse permet de produire jusqu'\u00e0 70 TWh d'\u00e9nergie solaire par an.\r\n\r\nPour r\u00e9aliser l'\u00e9norme potentiel du parc immobilier, il faut d'une part que les propri\u00e9taires de b\u00e2timents et l'\u00e9conomie se mobilisent. D'autre part, la politique est \u00e9galement sollicit\u00e9e. \"Le parc immobilier est une cl\u00e9 centrale pour la r\u00e9alisation du tournant \u00e9nerg\u00e9tique. Avec notre groupe sp\u00e9cialis\u00e9 dans les b\u00e2timents nouvellement constitu\u00e9 et la brochure que nous lan\u00e7ons actuellement, nous contribuons \u00e0 ce que l'on s'attaque \u00e0 l'important et consid\u00e9rable potentiel du domaine des b\u00e2timents - \u00e9galement sur le plan politique\", d\u00e9clare Stefan Batzli, directeur d'aeesuisse. aeesuisse est l'organisation fa\u00eeti\u00e8re de l'\u00e9conomie pour les \u00e9nergies renouvelables et l'efficacit\u00e9 \u00e9nerg\u00e9tique. Elle repr\u00e9sente les int\u00e9r\u00eats de 35 associations de branche et donc d'environ 35'000 entreprises en Suisse. Dans cette optique, aeesuisse s'engage aupr\u00e8s de l'administration, de la politique et de la soci\u00e9t\u00e9 pour une politique \u00e9nerg\u00e9tique et climatique progressiste et durable.\r\n\r\n<em>Source : <a href=\"https:\/\/aeesuisse.ch\/de\/\">aeesuisse<\/a><\/em>\r\n\r\nLe post <a href=\"https:\/\/www.organisator.ch\/de\/sustainability\/2023-01-26\/gebaeudepark-schluessel-zur-energiewende\/\" rel=\"nofollow\">Parc immobilier : la cl\u00e9 de la transition \u00e9nerg\u00e9tique<\/a> appeared first on <a href=\"https:\/\/www.organisator.ch\/de\" rel=\"nofollow\">Organisateur<\/a>.","protected":false},"excerpt":{"rendered":"<p>Der Geb\u00e4udepark ist ein zentraler Schl\u00fcssel zur Realisierung der Energiewende. Mit der Publikation \u00abPlusenergie &amp; Klimaneutral: Politische Massnahmen f\u00fcr den nachhaltigen Betrieb des Schweizer Geba\u0308udeparks\u00bb zeigt die Fachgruppe Geb\u00e4ude des Dachverbands aeesuisse auf, wie der Energieverbrauch der Geb\u00e4ude halbiert, die CO2-Emissionen im Geb\u00e4udebereich auf null gesenkt werden und die Geb\u00e4ude einen wichtigen Beitrag zur Energieversorgung [\u2026]<\/p>\n<p>The post <a rel=\"nofollow\" href=\"https:\/\/www.organisator.ch\/de\/sustainability\/2023-01-26\/gebaeudepark-schluessel-zur-energiewende\/\">Geb\u00e4udepark: Schl\u00fcssel zur Energiewende<\/a> appeared first on <a rel=\"nofollow\" href=\"https:\/\/www.organisator.ch\/de\">Organisator<\/a>.<\/p>\n","protected":false},"author":4,"featured_media":18607,"comment_status":"closed","ping_status":"closed","sticky":false,"template":"","format":"standard","meta":{"_acf_changed":false,"_yoast_wpseo_focuskw":"Geb\u00e4udepark","_yoast_wpseo_metadesc":"Der Schweizer Geb\u00e4udepark verbraucht j\u00e4hrlich rund 100 TWh Energie. Mit energieeffizienten L\u00f6sungen k\u00f6nnte der Verbrauch halbiert werden.","articlekey":"","footnotes":""},"categories":[580],"tags":[584,263,358,503],"class_list":["post-18604","post","type-post","status-publish","format-standard","has-post-thumbnail","hentry","category-sustainability","tag-energie","tag-immobilien","tag-nachhaltige-wirtschaft","tag-verbaende"],"acf":[],"yoast_head":"<!-- This site is optimized with the Yoast SEO plugin v27.4 - https:\/\/yoast.com\/product\/yoast-seo-wordpress\/ -->\n<title>Geb\u00e4udepark: Schl\u00fcssel zur Energiewende - Organisator<\/title>\n<meta name=\"description\" content=\"Der Schweizer Geb\u00e4udepark verbraucht j\u00e4hrlich rund 100 TWh Energie. Mit energieeffizienten L\u00f6sungen k\u00f6nnte der Verbrauch halbiert werden.\" \/>\n<meta name=\"robots\" content=\"index, follow, max-snippet:-1, max-image-preview:large, max-video-preview:-1\" \/>\n<link rel=\"canonical\" href=\"https:\/\/www.organisator.ch\/fr\/sustainability\/2023-01-26\/gebaeudepark-schluessel-zur-energiewende\/\" \/>\n<meta property=\"og:locale\" content=\"fr_FR\" \/>\n<meta property=\"og:type\" content=\"article\" \/>\n<meta property=\"og:title\" content=\"Geb\u00e4udepark: Schl\u00fcssel zur Energiewende\" \/>\n<meta property=\"og:description\" content=\"Der Schweizer Geb\u00e4udepark verbraucht j\u00e4hrlich rund 100 TWh Energie. Mit energieeffizienten L\u00f6sungen k\u00f6nnte der Verbrauch halbiert werden.\" \/>\n<meta property=\"og:url\" content=\"https:\/\/www.organisator.ch\/fr\/sustainability\/2023-01-26\/gebaeudepark-schluessel-zur-energiewende\/\" \/>\n<meta property=\"og:site_name\" content=\"Organisator\" \/>\n<meta property=\"article:publisher\" content=\"https:\/\/www.facebook.com\/OrganisatorFachmagazin\" \/>\n<meta property=\"article:published_time\" content=\"2023-01-26T05:35:17+00:00\" \/>\n<meta property=\"article:modified_time\" content=\"2023-01-27T07:14:10+00:00\" \/>\n<meta property=\"og:image\" content=\"https:\/\/www.organisator.ch\/wp-content\/uploads\/2023\/01\/Gebaeudepark-Schluessel-zur-Energiewende_Organisator-scaled.jpg\" \/>\n\t<meta property=\"og:image:width\" content=\"1400\" \/>\n\t<meta property=\"og:image:height\" content=\"1022\" \/>\n\t<meta property=\"og:image:type\" content=\"image\/jpeg\" \/>\n<meta name=\"author\" content=\"thomas.berner\" \/>\n<meta name=\"twitter:card\" content=\"summary_large_image\" \/>\n<meta name=\"twitter:title\" content=\"#Geb\u00e4udepark: Schl\u00fcssel zur #Energiewende\" \/>\n<meta name=\"twitter:description\" content=\"Der Schweizer #Geb\u00e4udepark verbraucht j\u00e4hrlich rund 100 TWh Energie. Mit energieeffizienten L\u00f6sungen k\u00f6nnte der Verbrauch halbiert werden.\" \/>\n<meta name=\"twitter:image\" content=\"https:\/\/www.organisator.ch\/wp-content\/uploads\/2023\/01\/Gebaeudepark-Schluessel-zur-Energiewende_Organisator-scaled.jpg\" \/>\n<script type=\"application\/ld+json\" class=\"yoast-schema-graph\">{\"@context\":\"https:\\\/\\\/schema.org\",\"@graph\":[{\"@type\":\"Article\",\"@id\":\"https:\\\/\\\/www.organisator.ch\\\/sustainability\\\/2023-01-26\\\/gebaeudepark-schluessel-zur-energiewende\\\/#article\",\"isPartOf\":{\"@id\":\"https:\\\/\\\/www.organisator.ch\\\/sustainability\\\/2023-01-26\\\/gebaeudepark-schluessel-zur-energiewende\\\/\"},\"author\":{\"name\":\"thomas.berner\",\"@id\":\"https:\\\/\\\/www.organisator.ch\\\/#\\\/schema\\\/person\\\/6f650f90b2842cd4c0cc334b4e36f67e\"},\"headline\":\"Geb\u00e4udepark: Schl\u00fcssel zur Energiewende\",\"datePublished\":\"2023-01-26T05:35:17+00:00\",\"dateModified\":\"2023-01-27T07:14:10+00:00\",\"mainEntityOfPage\":{\"@id\":\"https:\\\/\\\/www.organisator.ch\\\/sustainability\\\/2023-01-26\\\/gebaeudepark-schluessel-zur-energiewende\\\/\"},\"wordCount\":343,\"publisher\":{\"@id\":\"https:\\\/\\\/www.organisator.ch\\\/#organization\"},\"image\":{\"@id\":\"https:\\\/\\\/www.organisator.ch\\\/sustainability\\\/2023-01-26\\\/gebaeudepark-schluessel-zur-energiewende\\\/#primaryimage\"},\"thumbnailUrl\":\"https:\\\/\\\/www.organisator.ch\\\/wp-content\\\/uploads\\\/2023\\\/01\\\/Gebaeudepark-Schluessel-zur-Energiewende_Organisator-scaled.jpg\",\"keywords\":[\"ENERGIE\",\"Immobilien\",\"Nachhaltige Wirtschaft\",\"Verb\u00e4nde\"],\"articleSection\":[\"SUSTAINABILITY\"],\"inLanguage\":\"fr-FR\"},{\"@type\":\"WebPage\",\"@id\":\"https:\\\/\\\/www.organisator.ch\\\/sustainability\\\/2023-01-26\\\/gebaeudepark-schluessel-zur-energiewende\\\/\",\"url\":\"https:\\\/\\\/www.organisator.ch\\\/sustainability\\\/2023-01-26\\\/gebaeudepark-schluessel-zur-energiewende\\\/\",\"name\":\"Geb\u00e4udepark: Schl\u00fcssel zur Energiewende - Organisator\",\"isPartOf\":{\"@id\":\"https:\\\/\\\/www.organisator.ch\\\/#website\"},\"primaryImageOfPage\":{\"@id\":\"https:\\\/\\\/www.organisator.ch\\\/sustainability\\\/2023-01-26\\\/gebaeudepark-schluessel-zur-energiewende\\\/#primaryimage\"},\"image\":{\"@id\":\"https:\\\/\\\/www.organisator.ch\\\/sustainability\\\/2023-01-26\\\/gebaeudepark-schluessel-zur-energiewende\\\/#primaryimage\"},\"thumbnailUrl\":\"https:\\\/\\\/www.organisator.ch\\\/wp-content\\\/uploads\\\/2023\\\/01\\\/Gebaeudepark-Schluessel-zur-Energiewende_Organisator-scaled.jpg\",\"datePublished\":\"2023-01-26T05:35:17+00:00\",\"dateModified\":\"2023-01-27T07:14:10+00:00\",\"description\":\"Der Schweizer Geb\u00e4udepark verbraucht j\u00e4hrlich rund 100 TWh Energie. Mit energieeffizienten L\u00f6sungen k\u00f6nnte der Verbrauch halbiert werden.\",\"breadcrumb\":{\"@id\":\"https:\\\/\\\/www.organisator.ch\\\/sustainability\\\/2023-01-26\\\/gebaeudepark-schluessel-zur-energiewende\\\/#breadcrumb\"},\"inLanguage\":\"fr-FR\",\"potentialAction\":[{\"@type\":\"ReadAction\",\"target\":[\"https:\\\/\\\/www.organisator.ch\\\/sustainability\\\/2023-01-26\\\/gebaeudepark-schluessel-zur-energiewende\\\/\"]}]},{\"@type\":\"ImageObject\",\"inLanguage\":\"fr-FR\",\"@id\":\"https:\\\/\\\/www.organisator.ch\\\/sustainability\\\/2023-01-26\\\/gebaeudepark-schluessel-zur-energiewende\\\/#primaryimage\",\"url\":\"https:\\\/\\\/www.organisator.ch\\\/wp-content\\\/uploads\\\/2023\\\/01\\\/Gebaeudepark-Schluessel-zur-Energiewende_Organisator-scaled.jpg\",\"contentUrl\":\"https:\\\/\\\/www.organisator.ch\\\/wp-content\\\/uploads\\\/2023\\\/01\\\/Gebaeudepark-Schluessel-zur-Energiewende_Organisator-scaled.jpg\",\"width\":1400,\"height\":1022,\"caption\":\"Schweizer Geb\u00e4ude verbrauchen j\u00e4hrlich 100 TWh Energie. (Bild: Julian Hochgesang \\\/ Unsplash.com)\"},{\"@type\":\"BreadcrumbList\",\"@id\":\"https:\\\/\\\/www.organisator.ch\\\/sustainability\\\/2023-01-26\\\/gebaeudepark-schluessel-zur-energiewende\\\/#breadcrumb\",\"itemListElement\":[{\"@type\":\"ListItem\",\"position\":1,\"name\":\"Home\",\"item\":\"https:\\\/\\\/www.organisator.ch\\\/\"},{\"@type\":\"ListItem\",\"position\":2,\"name\":\"Geb\u00e4udepark: Schl\u00fcssel zur Energiewende\"}]},{\"@type\":\"WebSite\",\"@id\":\"https:\\\/\\\/www.organisator.ch\\\/#website\",\"url\":\"https:\\\/\\\/www.organisator.ch\\\/\",\"name\":\"Organisator\",\"description\":\"Kompetent. Praxisnah. Der ORGANISATOR bereitet in 10 Ausgaben pro Jahr die wesentlichen Themen f\u00fcr F\u00fchrungskr\u00e4fte von KMU auf.\",\"publisher\":{\"@id\":\"https:\\\/\\\/www.organisator.ch\\\/#organization\"},\"potentialAction\":[{\"@type\":\"SearchAction\",\"target\":{\"@type\":\"EntryPoint\",\"urlTemplate\":\"https:\\\/\\\/www.organisator.ch\\\/?s={search_term_string}\"},\"query-input\":{\"@type\":\"PropertyValueSpecification\",\"valueRequired\":true,\"valueName\":\"search_term_string\"}}],\"inLanguage\":\"fr-FR\"},{\"@type\":\"Organization\",\"@id\":\"https:\\\/\\\/www.organisator.ch\\\/#organization\",\"name\":\"Organisator\",\"url\":\"https:\\\/\\\/www.organisator.ch\\\/\",\"logo\":{\"@type\":\"ImageObject\",\"inLanguage\":\"fr-FR\",\"@id\":\"https:\\\/\\\/www.organisator.ch\\\/#\\\/schema\\\/logo\\\/image\\\/\",\"url\":\"https:\\\/\\\/www.organisator.ch\\\/wp-content\\\/uploads\\\/2022\\\/01\\\/Logo_Organisator_Website.png\",\"contentUrl\":\"https:\\\/\\\/www.organisator.ch\\\/wp-content\\\/uploads\\\/2022\\\/01\\\/Logo_Organisator_Website.png\",\"width\":800,\"height\":77,\"caption\":\"Organisator\"},\"image\":{\"@id\":\"https:\\\/\\\/www.organisator.ch\\\/#\\\/schema\\\/logo\\\/image\\\/\"},\"sameAs\":[\"https:\\\/\\\/www.facebook.com\\\/OrganisatorFachmagazin\",\"https:\\\/\\\/www.linkedin.com\\\/showcase\\\/organisator-das-magazin-fr-kmu\",\"https:\\\/\\\/www.xing.com\\\/news\\\/pages\\\/organisator-ch-695\",\"https:\\\/\\\/www.youtube.com\\\/channel\\\/UCGP2Sq0iWaZwT3BdIAQFYpw\"]},{\"@type\":\"Person\",\"@id\":\"https:\\\/\\\/www.organisator.ch\\\/#\\\/schema\\\/person\\\/6f650f90b2842cd4c0cc334b4e36f67e\",\"name\":\"thomas.berner\",\"image\":{\"@type\":\"ImageObject\",\"inLanguage\":\"fr-FR\",\"@id\":\"https:\\\/\\\/secure.gravatar.com\\\/avatar\\\/ac5001d2a36cb6c6cd3e50789007ffca834b477b74a2144564522e944eabff61?s=96&d=mm&r=g\",\"url\":\"https:\\\/\\\/secure.gravatar.com\\\/avatar\\\/ac5001d2a36cb6c6cd3e50789007ffca834b477b74a2144564522e944eabff61?s=96&d=mm&r=g\",\"contentUrl\":\"https:\\\/\\\/secure.gravatar.com\\\/avatar\\\/ac5001d2a36cb6c6cd3e50789007ffca834b477b74a2144564522e944eabff61?s=96&d=mm&r=g\",\"caption\":\"thomas.berner\"},\"url\":\"https:\\\/\\\/www.organisator.ch\\\/fr\\\/author\\\/thomas-berner\\\/\"}]}<\/script>\n<!-- \/ Yoast SEO plugin. -->","yoast_head_json":{"title":"Parc immobilier : la cl\u00e9 de la transition \u00e9nerg\u00e9tique - Organisateur","description":"Le parc immobilier suisse consomme environ 100 TWh d'\u00e9nergie par an. Des solutions efficaces sur le plan \u00e9nerg\u00e9tique permettraient de r\u00e9duire cette consommation de moiti\u00e9.","robots":{"index":"index","follow":"follow","max-snippet":"max-snippet:-1","max-image-preview":"max-image-preview:large","max-video-preview":"max-video-preview:-1"},"canonical":"https:\/\/www.organisator.ch\/fr\/sustainability\/2023-01-26\/gebaeudepark-schluessel-zur-energiewende\/","og_locale":"fr_FR","og_type":"article","og_title":"Geb\u00e4udepark: Schl\u00fcssel zur Energiewende","og_description":"Der Schweizer Geb\u00e4udepark verbraucht j\u00e4hrlich rund 100 TWh Energie. Mit energieeffizienten L\u00f6sungen k\u00f6nnte der Verbrauch halbiert werden.","og_url":"https:\/\/www.organisator.ch\/fr\/sustainability\/2023-01-26\/gebaeudepark-schluessel-zur-energiewende\/","og_site_name":"Organisator","article_publisher":"https:\/\/www.facebook.com\/OrganisatorFachmagazin","article_published_time":"2023-01-26T05:35:17+00:00","article_modified_time":"2023-01-27T07:14:10+00:00","og_image":[{"width":1400,"height":1022,"url":"https:\/\/www.organisator.ch\/wp-content\/uploads\/2023\/01\/Gebaeudepark-Schluessel-zur-Energiewende_Organisator-scaled.jpg","type":"image\/jpeg"}],"author":"thomas.berner","twitter_card":"summary_large_image","twitter_title":"#Geb\u00e4udepark: Schl\u00fcssel zur #Energiewende","twitter_description":"Der Schweizer #Geb\u00e4udepark verbraucht j\u00e4hrlich rund 100 TWh Energie. Mit energieeffizienten L\u00f6sungen k\u00f6nnte der Verbrauch halbiert werden.","twitter_image":"https:\/\/www.organisator.ch\/wp-content\/uploads\/2023\/01\/Gebaeudepark-Schluessel-zur-Energiewende_Organisator-scaled.jpg","schema":{"@context":"https:\/\/schema.org","@graph":[{"@type":"Article","@id":"https:\/\/www.organisator.ch\/sustainability\/2023-01-26\/gebaeudepark-schluessel-zur-energiewende\/#article","isPartOf":{"@id":"https:\/\/www.organisator.ch\/sustainability\/2023-01-26\/gebaeudepark-schluessel-zur-energiewende\/"},"author":{"name":"thomas.berner","@id":"https:\/\/www.organisator.ch\/#\/schema\/person\/6f650f90b2842cd4c0cc334b4e36f67e"},"headline":"Geb\u00e4udepark: Schl\u00fcssel zur Energiewende","datePublished":"2023-01-26T05:35:17+00:00","dateModified":"2023-01-27T07:14:10+00:00","mainEntityOfPage":{"@id":"https:\/\/www.organisator.ch\/sustainability\/2023-01-26\/gebaeudepark-schluessel-zur-energiewende\/"},"wordCount":343,"publisher":{"@id":"https:\/\/www.organisator.ch\/#organization"},"image":{"@id":"https:\/\/www.organisator.ch\/sustainability\/2023-01-26\/gebaeudepark-schluessel-zur-energiewende\/#primaryimage"},"thumbnailUrl":"https:\/\/www.organisator.ch\/wp-content\/uploads\/2023\/01\/Gebaeudepark-Schluessel-zur-Energiewende_Organisator-scaled.jpg","keywords":["ENERGIE","Immobilien","Nachhaltige Wirtschaft","Verb\u00e4nde"],"articleSection":["SUSTAINABILITY"],"inLanguage":"fr-FR"},{"@type":"WebPage","@id":"https:\/\/www.organisator.ch\/sustainability\/2023-01-26\/gebaeudepark-schluessel-zur-energiewende\/","url":"https:\/\/www.organisator.ch\/sustainability\/2023-01-26\/gebaeudepark-schluessel-zur-energiewende\/","name":"Parc immobilier : la cl\u00e9 de la transition \u00e9nerg\u00e9tique - Organisateur","isPartOf":{"@id":"https:\/\/www.organisator.ch\/#website"},"primaryImageOfPage":{"@id":"https:\/\/www.organisator.ch\/sustainability\/2023-01-26\/gebaeudepark-schluessel-zur-energiewende\/#primaryimage"},"image":{"@id":"https:\/\/www.organisator.ch\/sustainability\/2023-01-26\/gebaeudepark-schluessel-zur-energiewende\/#primaryimage"},"thumbnailUrl":"https:\/\/www.organisator.ch\/wp-content\/uploads\/2023\/01\/Gebaeudepark-Schluessel-zur-Energiewende_Organisator-scaled.jpg","datePublished":"2023-01-26T05:35:17+00:00","dateModified":"2023-01-27T07:14:10+00:00","description":"Le parc immobilier suisse consomme environ 100 TWh d'\u00e9nergie par an. Des solutions efficaces sur le plan \u00e9nerg\u00e9tique permettraient de r\u00e9duire cette consommation de moiti\u00e9.","breadcrumb":{"@id":"https:\/\/www.organisator.ch\/sustainability\/2023-01-26\/gebaeudepark-schluessel-zur-energiewende\/#breadcrumb"},"inLanguage":"fr-FR","potentialAction":[{"@type":"ReadAction","target":["https:\/\/www.organisator.ch\/sustainability\/2023-01-26\/gebaeudepark-schluessel-zur-energiewende\/"]}]},{"@type":"ImageObject","inLanguage":"fr-FR","@id":"https:\/\/www.organisator.ch\/sustainability\/2023-01-26\/gebaeudepark-schluessel-zur-energiewende\/#primaryimage","url":"https:\/\/www.organisator.ch\/wp-content\/uploads\/2023\/01\/Gebaeudepark-Schluessel-zur-Energiewende_Organisator-scaled.jpg","contentUrl":"https:\/\/www.organisator.ch\/wp-content\/uploads\/2023\/01\/Gebaeudepark-Schluessel-zur-Energiewende_Organisator-scaled.jpg","width":1400,"height":1022,"caption":"Schweizer Geb\u00e4ude verbrauchen j\u00e4hrlich 100 TWh Energie. (Bild: Julian Hochgesang \/ Unsplash.com)"},{"@type":"BreadcrumbList","@id":"https:\/\/www.organisator.ch\/sustainability\/2023-01-26\/gebaeudepark-schluessel-zur-energiewende\/#breadcrumb","itemListElement":[{"@type":"ListItem","position":1,"name":"Home","item":"https:\/\/www.organisator.ch\/"},{"@type":"ListItem","position":2,"name":"Geb\u00e4udepark: Schl\u00fcssel zur Energiewende"}]},{"@type":"WebSite","@id":"https:\/\/www.organisator.ch\/#website","url":"https:\/\/www.organisator.ch\/","name":"Organisateur","description":"Comp\u00e9tence et comp\u00e9tence. Proches de la pratique. L'ORGANISATEUR pr\u00e9pare 10 num\u00e9ros par an sur les th\u00e8mes essentiels pour les dirigeants de PME.","publisher":{"@id":"https:\/\/www.organisator.ch\/#organization"},"potentialAction":[{"@type":"SearchAction","target":{"@type":"EntryPoint","urlTemplate":"https:\/\/www.organisator.ch\/?s={search_term_string}"},"query-input":{"@type":"PropertyValueSpecification","valueRequired":true,"valueName":"search_term_string"}}],"inLanguage":"fr-FR"},{"@type":"Organization","@id":"https:\/\/www.organisator.ch\/#organization","name":"Organisateur","url":"https:\/\/www.organisator.ch\/","logo":{"@type":"ImageObject","inLanguage":"fr-FR","@id":"https:\/\/www.organisator.ch\/#\/schema\/logo\/image\/","url":"https:\/\/www.organisator.ch\/wp-content\/uploads\/2022\/01\/Logo_Organisator_Website.png","contentUrl":"https:\/\/www.organisator.ch\/wp-content\/uploads\/2022\/01\/Logo_Organisator_Website.png","width":800,"height":77,"caption":"Organisator"},"image":{"@id":"https:\/\/www.organisator.ch\/#\/schema\/logo\/image\/"},"sameAs":["https:\/\/www.facebook.com\/OrganisatorFachmagazin","https:\/\/www.linkedin.com\/showcase\/organisator-das-magazin-fr-kmu","https:\/\/www.xing.com\/news\/pages\/organisator-ch-695","https:\/\/www.youtube.com\/channel\/UCGP2Sq0iWaZwT3BdIAQFYpw"]},{"@type":"Person","@id":"https:\/\/www.organisator.ch\/#\/schema\/person\/6f650f90b2842cd4c0cc334b4e36f67e","name":"thomas.berner","image":{"@type":"ImageObject","inLanguage":"fr-FR","@id":"https:\/\/secure.gravatar.com\/avatar\/ac5001d2a36cb6c6cd3e50789007ffca834b477b74a2144564522e944eabff61?s=96&d=mm&r=g","url":"https:\/\/secure.gravatar.com\/avatar\/ac5001d2a36cb6c6cd3e50789007ffca834b477b74a2144564522e944eabff61?s=96&d=mm&r=g","contentUrl":"https:\/\/secure.gravatar.com\/avatar\/ac5001d2a36cb6c6cd3e50789007ffca834b477b74a2144564522e944eabff61?s=96&d=mm&r=g","caption":"thomas.berner"},"url":"https:\/\/www.organisator.ch\/fr\/author\/thomas-berner\/"}]}},"_links":{"self":[{"href":"https:\/\/www.organisator.ch\/fr\/wp-json\/wp\/v2\/posts\/18604","targetHints":{"allow":["GET"]}}],"collection":[{"href":"https:\/\/www.organisator.ch\/fr\/wp-json\/wp\/v2\/posts"}],"about":[{"href":"https:\/\/www.organisator.ch\/fr\/wp-json\/wp\/v2\/types\/post"}],"author":[{"embeddable":true,"href":"https:\/\/www.organisator.ch\/fr\/wp-json\/wp\/v2\/users\/4"}],"replies":[{"embeddable":true,"href":"https:\/\/www.organisator.ch\/fr\/wp-json\/wp\/v2\/comments?post=18604"}],"version-history":[{"count":4,"href":"https:\/\/www.organisator.ch\/fr\/wp-json\/wp\/v2\/posts\/18604\/revisions"}],"predecessor-version":[{"id":18633,"href":"https:\/\/www.organisator.ch\/fr\/wp-json\/wp\/v2\/posts\/18604\/revisions\/18633"}],"wp:featuredmedia":[{"embeddable":true,"href":"https:\/\/www.organisator.ch\/fr\/wp-json\/wp\/v2\/media\/18607"}],"wp:attachment":[{"href":"https:\/\/www.organisator.ch\/fr\/wp-json\/wp\/v2\/media?parent=18604"}],"wp:term":[{"taxonomy":"category","embeddable":true,"href":"https:\/\/www.organisator.ch\/fr\/wp-json\/wp\/v2\/categories?post=18604"},{"taxonomy":"post_tag","embeddable":true,"href":"https:\/\/www.organisator.ch\/fr\/wp-json\/wp\/v2\/tags?post=18604"}],"curies":[{"name":"wp","href":"https:\/\/api.w.org\/{rel}","templated":true}]}}