{"id":18605,"date":"2023-01-25T13:37:58","date_gmt":"2023-01-25T12:37:58","guid":{"rendered":"https:\/\/www.werbewoche.ch\/?p=192679"},"modified":"2024-11-19T07:21:52","modified_gmt":"2024-11-19T06:21:52","slug":"martina-hollenstein-stadler-wird-nachhaltigkeitsbeauftragte-bei-grf","status":"publish","type":"post","link":"https:\/\/www.organisator.ch\/fr\/sustainability\/2023-01-25\/martina-hollenstein-stadler-wird-nachhaltigkeitsbeauftragte-bei-grf\/","title":{"rendered":"Martina Hollenstein Stadler devient responsable de la durabilit\u00e9 chez GRF"},"content":{"rendered":"<figure id=\"attachment_192680\" class=\"wp-caption aligncenter\" style=\"width: 1200px\" aria-describedby=\"caption-attachment-192680\"><img class=\"aligncenter wp-image-192680 size-full\" src=\"https:\/\/www.werbewoche.ch\/wp-content\/uploads\/2023\/01\/Martina-Hollenstein-_Dominik-Taeuber.jpg\" alt=\"Durabilit\u00e9\" width=\"1200\" height=\"900\" \/>\r\n<figcaption id=\"caption-attachment-192680\" class=\"wp-caption-text\">(Image : Dominik T\u00e4uber)<\/figcaption>\r\n<\/figure>\r\n<p>En compl\u00e9ment des efforts des destinations et des prestataires, Vacances aux Grisons veut jouer un r\u00f4le de premier plan dans le d\u00e9veloppement touristique plus durable. L'organisation de marketing touristique du canton se voit ainsi comme un coordinateur, un m\u00e9diateur et un communicateur pour le tourisme grison. Le nouveau poste de projet de durabilit\u00e9 cr\u00e9\u00e9 pour 2023 au sein de GRF doit permettre de renforcer les efforts existants dans le tourisme et de d\u00e9velopper les prestations en commun. Des projets durables seront mis en \u0153uvre en coop\u00e9ration avec des partenaires.<\/p>\r\n<p>Pour occuper ce poste d'\u00e9tat-major, directement rattach\u00e9 au CEO, GRF a pu s'attacher les services de Martina Hollenstein Stadler. L'ancienne directrice de Tourismus Engadin Scuol Samnaun Val M\u00fcstair a, dans un pass\u00e9 r\u00e9cent, fortement contribu\u00e9 aux efforts de durabilit\u00e9 dans le tourisme grison, notamment avec la certification TourCert d'Engadin Samnaun Val M\u00fcstair en tant que destination durable. C'est \u00e9galement durant son mandat de directrice du tourisme qu'elle a publi\u00e9 le manuel \"Nachhaltigkeit in Schweizer Tourismusdestinationen\" (d\u00e9veloppement durable dans les destinations touristiques suisses) en collaboration avec la ZHAW.<\/p>\r\n<p>Cette femme de 35 ans, titulaire d'un Bachelor of Science in Tourism, commencera \u00e0 travailler au bureau du GRF \u00e0 Coire en juillet 2023. \"Je suis une touriste dans l'\u00e2me et je suis passionn\u00e9e par les paysages naturels et culturels vari\u00e9s des r\u00e9gions de montagne\", explique Martina Hollenstein Stadler. Dans sa nouvelle fonction, elle pourra contribuer \u00e0 garantir \u00e0 long terme les ressources et la cr\u00e9ation de valeur touristique pour l'ensemble des Grisons.<\/p>\r\n<p>En tant que Senior Manager Durabilit\u00e9 chez GRF, elle soutiendra et coordonnera les efforts de durabilit\u00e9 des parties prenantes du tourisme dans le canton. Il s'agit \u00e9galement d'utiliser les efforts actuels au niveau national pour le tourisme grison. Il s'agit de d\u00e9velopper de nouvelles exp\u00e9riences durables dans les Grisons et de rendre les offres existantes encore plus visibles pour les h\u00f4tes. Jusqu'\u00e0 l'entr\u00e9e en fonction de Martina Hollenstein Stadler, un groupe de travail interne \u00e0 GRF poursuivra la mise en place sous la direction du CEO.<\/p>","protected":false},"excerpt":{"rendered":"<p>Graub\u00fcnden Ferien will erg\u00e4nzend zu den Bestrebungen der Destinationen und Leistungstr\u00e4ger eine f\u00fchrende Rolle in der nachhaltigeren touristischen Entwicklung einnehmen. Die touristische Marketingorganisation des Kantons sieht sich dabei als Koordinator, Vermittler und Kommunikator f\u00fcr den B\u00fcndner Tourismus. Mit der per 2023 neu geschaffenen Projektstelle Nachhaltigkeit bei GRF sollen die bestehenden Bem\u00fchungen im Tourismus gest\u00e4rkt und [\u2026]<\/p>\n","protected":false},"author":8,"featured_media":0,"comment_status":"closed","ping_status":"closed","sticky":false,"template":"","format":"standard","meta":{"_acf_changed":false,"_yoast_wpseo_focuskw":"Nachhaltigkeit","_yoast_wpseo_metadesc":"GRF f\u00f6rdert nachhaltigen Tourismus in Graub\u00fcnden. Martina Hollenstein Stadler unterst\u00fctzt als Senior Managerin Nachhaltigkeit.","articlekey":"","footnotes":""},"categories":[580],"tags":[339,358,381],"class_list":["post-18605","post","type-post","status-publish","format-standard","hentry","category-sustainability","tag-marketing","tag-nachhaltige-wirtschaft","tag-personalia"],"acf":[],"yoast_head":"<!-- This site is optimized with the Yoast SEO plugin v27.5 - https:\/\/yoast.com\/product\/yoast-seo-wordpress\/ -->\n<title>Martina Hollenstein Stadler wird Nachhaltigkeitsbeauftragte bei GRF - Organisator<\/title>\n<meta name=\"description\" content=\"GRF f\u00f6rdert nachhaltigen Tourismus in Graub\u00fcnden. Martina Hollenstein Stadler unterst\u00fctzt als Senior Managerin Nachhaltigkeit.\" \/>\n<meta name=\"robots\" content=\"index, follow, max-snippet:-1, max-image-preview:large, max-video-preview:-1\" \/>\n<link rel=\"canonical\" href=\"https:\/\/www.organisator.ch\/fr\/sustainability\/2023-01-25\/martina-hollenstein-stadler-wird-nachhaltigkeitsbeauftragte-bei-grf\/\" \/>\n<meta property=\"og:locale\" content=\"fr_FR\" \/>\n<meta property=\"og:type\" content=\"article\" \/>\n<meta property=\"og:title\" content=\"Martina Hollenstein Stadler wird Nachhaltigkeitsbeauftragte bei GRF - Organisator\" \/>\n<meta property=\"og:description\" content=\"GRF f\u00f6rdert nachhaltigen Tourismus in Graub\u00fcnden. Martina Hollenstein Stadler unterst\u00fctzt als Senior Managerin Nachhaltigkeit.\" \/>\n<meta property=\"og:url\" content=\"https:\/\/www.organisator.ch\/fr\/sustainability\/2023-01-25\/martina-hollenstein-stadler-wird-nachhaltigkeitsbeauftragte-bei-grf\/\" \/>\n<meta property=\"og:site_name\" content=\"Organisator\" \/>\n<meta property=\"article:publisher\" content=\"https:\/\/www.facebook.com\/OrganisatorFachmagazin\" \/>\n<meta property=\"article:published_time\" content=\"2023-01-25T12:37:58+00:00\" \/>\n<meta property=\"article:modified_time\" content=\"2024-11-19T06:21:52+00:00\" \/>\n<meta name=\"author\" content=\"galledia\" \/>\n<meta name=\"twitter:card\" content=\"summary_large_image\" \/>\n<meta name=\"twitter:creator\" content=\"@admin\" \/>\n<script type=\"application\/ld+json\" class=\"yoast-schema-graph\">{\"@context\":\"https:\\\/\\\/schema.org\",\"@graph\":[{\"@type\":\"Article\",\"@id\":\"https:\\\/\\\/www.organisator.ch\\\/sustainability\\\/2023-01-25\\\/martina-hollenstein-stadler-wird-nachhaltigkeitsbeauftragte-bei-grf\\\/#article\",\"isPartOf\":{\"@id\":\"https:\\\/\\\/www.organisator.ch\\\/sustainability\\\/2023-01-25\\\/martina-hollenstein-stadler-wird-nachhaltigkeitsbeauftragte-bei-grf\\\/\"},\"author\":{\"name\":\"galledia\",\"@id\":\"https:\\\/\\\/www.organisator.ch\\\/#\\\/schema\\\/person\\\/4e51799071cd2dd1232ac003643ef5f0\"},\"headline\":\"Martina Hollenstein Stadler wird Nachhaltigkeitsbeauftragte bei GRF\",\"datePublished\":\"2023-01-25T12:37:58+00:00\",\"dateModified\":\"2024-11-19T06:21:52+00:00\",\"mainEntityOfPage\":{\"@id\":\"https:\\\/\\\/www.organisator.ch\\\/sustainability\\\/2023-01-25\\\/martina-hollenstein-stadler-wird-nachhaltigkeitsbeauftragte-bei-grf\\\/\"},\"wordCount\":305,\"publisher\":{\"@id\":\"https:\\\/\\\/www.organisator.ch\\\/#organization\"},\"image\":{\"@id\":\"https:\\\/\\\/www.organisator.ch\\\/sustainability\\\/2023-01-25\\\/martina-hollenstein-stadler-wird-nachhaltigkeitsbeauftragte-bei-grf\\\/#primaryimage\"},\"thumbnailUrl\":\"https:\\\/\\\/www.werbewoche.ch\\\/wp-content\\\/uploads\\\/2023\\\/01\\\/Martina-Hollenstein-_Dominik-Taeuber.jpg\",\"keywords\":[\"Marketing\",\"Nachhaltige Wirtschaft\",\"Personalia\"],\"articleSection\":[\"SUSTAINABILITY\"],\"inLanguage\":\"fr-FR\"},{\"@type\":\"WebPage\",\"@id\":\"https:\\\/\\\/www.organisator.ch\\\/sustainability\\\/2023-01-25\\\/martina-hollenstein-stadler-wird-nachhaltigkeitsbeauftragte-bei-grf\\\/\",\"url\":\"https:\\\/\\\/www.organisator.ch\\\/sustainability\\\/2023-01-25\\\/martina-hollenstein-stadler-wird-nachhaltigkeitsbeauftragte-bei-grf\\\/\",\"name\":\"Martina Hollenstein Stadler wird Nachhaltigkeitsbeauftragte bei GRF - Organisator\",\"isPartOf\":{\"@id\":\"https:\\\/\\\/www.organisator.ch\\\/#website\"},\"primaryImageOfPage\":{\"@id\":\"https:\\\/\\\/www.organisator.ch\\\/sustainability\\\/2023-01-25\\\/martina-hollenstein-stadler-wird-nachhaltigkeitsbeauftragte-bei-grf\\\/#primaryimage\"},\"image\":{\"@id\":\"https:\\\/\\\/www.organisator.ch\\\/sustainability\\\/2023-01-25\\\/martina-hollenstein-stadler-wird-nachhaltigkeitsbeauftragte-bei-grf\\\/#primaryimage\"},\"thumbnailUrl\":\"https:\\\/\\\/www.werbewoche.ch\\\/wp-content\\\/uploads\\\/2023\\\/01\\\/Martina-Hollenstein-_Dominik-Taeuber.jpg\",\"datePublished\":\"2023-01-25T12:37:58+00:00\",\"dateModified\":\"2024-11-19T06:21:52+00:00\",\"description\":\"GRF f\u00f6rdert nachhaltigen Tourismus in Graub\u00fcnden. Martina Hollenstein Stadler unterst\u00fctzt als Senior Managerin Nachhaltigkeit.\",\"breadcrumb\":{\"@id\":\"https:\\\/\\\/www.organisator.ch\\\/sustainability\\\/2023-01-25\\\/martina-hollenstein-stadler-wird-nachhaltigkeitsbeauftragte-bei-grf\\\/#breadcrumb\"},\"inLanguage\":\"fr-FR\",\"potentialAction\":[{\"@type\":\"ReadAction\",\"target\":[\"https:\\\/\\\/www.organisator.ch\\\/sustainability\\\/2023-01-25\\\/martina-hollenstein-stadler-wird-nachhaltigkeitsbeauftragte-bei-grf\\\/\"]}]},{\"@type\":\"ImageObject\",\"inLanguage\":\"fr-FR\",\"@id\":\"https:\\\/\\\/www.organisator.ch\\\/sustainability\\\/2023-01-25\\\/martina-hollenstein-stadler-wird-nachhaltigkeitsbeauftragte-bei-grf\\\/#primaryimage\",\"url\":\"https:\\\/\\\/www.werbewoche.ch\\\/wp-content\\\/uploads\\\/2023\\\/01\\\/Martina-Hollenstein-_Dominik-Taeuber.jpg\",\"contentUrl\":\"https:\\\/\\\/www.werbewoche.ch\\\/wp-content\\\/uploads\\\/2023\\\/01\\\/Martina-Hollenstein-_Dominik-Taeuber.jpg\"},{\"@type\":\"BreadcrumbList\",\"@id\":\"https:\\\/\\\/www.organisator.ch\\\/sustainability\\\/2023-01-25\\\/martina-hollenstein-stadler-wird-nachhaltigkeitsbeauftragte-bei-grf\\\/#breadcrumb\",\"itemListElement\":[{\"@type\":\"ListItem\",\"position\":1,\"name\":\"Home\",\"item\":\"https:\\\/\\\/www.organisator.ch\\\/\"},{\"@type\":\"ListItem\",\"position\":2,\"name\":\"Martina Hollenstein Stadler wird Nachhaltigkeitsbeauftragte bei GRF\"}]},{\"@type\":\"WebSite\",\"@id\":\"https:\\\/\\\/www.organisator.ch\\\/#website\",\"url\":\"https:\\\/\\\/www.organisator.ch\\\/\",\"name\":\"Organisator\",\"description\":\"Kompetent. Praxisnah. Der ORGANISATOR bereitet in 10 Ausgaben pro Jahr die wesentlichen Themen f\u00fcr F\u00fchrungskr\u00e4fte von KMU auf.\",\"publisher\":{\"@id\":\"https:\\\/\\\/www.organisator.ch\\\/#organization\"},\"potentialAction\":[{\"@type\":\"SearchAction\",\"target\":{\"@type\":\"EntryPoint\",\"urlTemplate\":\"https:\\\/\\\/www.organisator.ch\\\/?s={search_term_string}\"},\"query-input\":{\"@type\":\"PropertyValueSpecification\",\"valueRequired\":true,\"valueName\":\"search_term_string\"}}],\"inLanguage\":\"fr-FR\"},{\"@type\":\"Organization\",\"@id\":\"https:\\\/\\\/www.organisator.ch\\\/#organization\",\"name\":\"Organisator\",\"url\":\"https:\\\/\\\/www.organisator.ch\\\/\",\"logo\":{\"@type\":\"ImageObject\",\"inLanguage\":\"fr-FR\",\"@id\":\"https:\\\/\\\/www.organisator.ch\\\/#\\\/schema\\\/logo\\\/image\\\/\",\"url\":\"https:\\\/\\\/www.organisator.ch\\\/wp-content\\\/uploads\\\/2022\\\/01\\\/Logo_Organisator_Website.png\",\"contentUrl\":\"https:\\\/\\\/www.organisator.ch\\\/wp-content\\\/uploads\\\/2022\\\/01\\\/Logo_Organisator_Website.png\",\"width\":800,\"height\":77,\"caption\":\"Organisator\"},\"image\":{\"@id\":\"https:\\\/\\\/www.organisator.ch\\\/#\\\/schema\\\/logo\\\/image\\\/\"},\"sameAs\":[\"https:\\\/\\\/www.facebook.com\\\/OrganisatorFachmagazin\",\"https:\\\/\\\/www.linkedin.com\\\/showcase\\\/organisator-das-magazin-fr-kmu\",\"https:\\\/\\\/www.xing.com\\\/news\\\/pages\\\/organisator-ch-695\",\"https:\\\/\\\/www.youtube.com\\\/channel\\\/UCGP2Sq0iWaZwT3BdIAQFYpw\"]},{\"@type\":\"Person\",\"@id\":\"https:\\\/\\\/www.organisator.ch\\\/#\\\/schema\\\/person\\\/4e51799071cd2dd1232ac003643ef5f0\",\"name\":\"galledia\",\"image\":{\"@type\":\"ImageObject\",\"inLanguage\":\"fr-FR\",\"@id\":\"https:\\\/\\\/secure.gravatar.com\\\/avatar\\\/78a7f90c01fc2bfc875782a0d4922b37cde2cf184ce347b91316d23cd7f69a36?s=96&d=mm&r=g\",\"url\":\"https:\\\/\\\/secure.gravatar.com\\\/avatar\\\/78a7f90c01fc2bfc875782a0d4922b37cde2cf184ce347b91316d23cd7f69a36?s=96&d=mm&r=g\",\"contentUrl\":\"https:\\\/\\\/secure.gravatar.com\\\/avatar\\\/78a7f90c01fc2bfc875782a0d4922b37cde2cf184ce347b91316d23cd7f69a36?s=96&d=mm&r=g\",\"caption\":\"galledia\"},\"sameAs\":[\"https:\\\/\\\/x.com\\\/admin\"],\"url\":\"https:\\\/\\\/www.organisator.ch\\\/fr\\\/author\\\/galledia\\\/\"}]}<\/script>\n<!-- \/ Yoast SEO plugin. -->","yoast_head_json":{"title":"Martina Hollenstein Stadler nomm\u00e9e responsable du d\u00e9veloppement durable chez GRF - Organisateur","description":"GRF promeut le tourisme durable dans les Grisons. Martina Hollenstein Stadler apporte son soutien en tant que Senior Manager Durabilit\u00e9.","robots":{"index":"index","follow":"follow","max-snippet":"max-snippet:-1","max-image-preview":"max-image-preview:large","max-video-preview":"max-video-preview:-1"},"canonical":"https:\/\/www.organisator.ch\/fr\/sustainability\/2023-01-25\/martina-hollenstein-stadler-wird-nachhaltigkeitsbeauftragte-bei-grf\/","og_locale":"fr_FR","og_type":"article","og_title":"Martina Hollenstein Stadler wird Nachhaltigkeitsbeauftragte bei GRF - Organisator","og_description":"GRF f\u00f6rdert nachhaltigen Tourismus in Graub\u00fcnden. Martina Hollenstein Stadler unterst\u00fctzt als Senior Managerin Nachhaltigkeit.","og_url":"https:\/\/www.organisator.ch\/fr\/sustainability\/2023-01-25\/martina-hollenstein-stadler-wird-nachhaltigkeitsbeauftragte-bei-grf\/","og_site_name":"Organisator","article_publisher":"https:\/\/www.facebook.com\/OrganisatorFachmagazin","article_published_time":"2023-01-25T12:37:58+00:00","article_modified_time":"2024-11-19T06:21:52+00:00","author":"galledia","twitter_card":"summary_large_image","twitter_creator":"@admin","schema":{"@context":"https:\/\/schema.org","@graph":[{"@type":"Article","@id":"https:\/\/www.organisator.ch\/sustainability\/2023-01-25\/martina-hollenstein-stadler-wird-nachhaltigkeitsbeauftragte-bei-grf\/#article","isPartOf":{"@id":"https:\/\/www.organisator.ch\/sustainability\/2023-01-25\/martina-hollenstein-stadler-wird-nachhaltigkeitsbeauftragte-bei-grf\/"},"author":{"name":"galledia","@id":"https:\/\/www.organisator.ch\/#\/schema\/person\/4e51799071cd2dd1232ac003643ef5f0"},"headline":"Martina Hollenstein Stadler wird Nachhaltigkeitsbeauftragte bei GRF","datePublished":"2023-01-25T12:37:58+00:00","dateModified":"2024-11-19T06:21:52+00:00","mainEntityOfPage":{"@id":"https:\/\/www.organisator.ch\/sustainability\/2023-01-25\/martina-hollenstein-stadler-wird-nachhaltigkeitsbeauftragte-bei-grf\/"},"wordCount":305,"publisher":{"@id":"https:\/\/www.organisator.ch\/#organization"},"image":{"@id":"https:\/\/www.organisator.ch\/sustainability\/2023-01-25\/martina-hollenstein-stadler-wird-nachhaltigkeitsbeauftragte-bei-grf\/#primaryimage"},"thumbnailUrl":"https:\/\/www.werbewoche.ch\/wp-content\/uploads\/2023\/01\/Martina-Hollenstein-_Dominik-Taeuber.jpg","keywords":["Marketing","Nachhaltige Wirtschaft","Personalia"],"articleSection":["SUSTAINABILITY"],"inLanguage":"fr-FR"},{"@type":"WebPage","@id":"https:\/\/www.organisator.ch\/sustainability\/2023-01-25\/martina-hollenstein-stadler-wird-nachhaltigkeitsbeauftragte-bei-grf\/","url":"https:\/\/www.organisator.ch\/sustainability\/2023-01-25\/martina-hollenstein-stadler-wird-nachhaltigkeitsbeauftragte-bei-grf\/","name":"Martina Hollenstein Stadler nomm\u00e9e responsable du d\u00e9veloppement durable chez GRF - Organisateur","isPartOf":{"@id":"https:\/\/www.organisator.ch\/#website"},"primaryImageOfPage":{"@id":"https:\/\/www.organisator.ch\/sustainability\/2023-01-25\/martina-hollenstein-stadler-wird-nachhaltigkeitsbeauftragte-bei-grf\/#primaryimage"},"image":{"@id":"https:\/\/www.organisator.ch\/sustainability\/2023-01-25\/martina-hollenstein-stadler-wird-nachhaltigkeitsbeauftragte-bei-grf\/#primaryimage"},"thumbnailUrl":"https:\/\/www.werbewoche.ch\/wp-content\/uploads\/2023\/01\/Martina-Hollenstein-_Dominik-Taeuber.jpg","datePublished":"2023-01-25T12:37:58+00:00","dateModified":"2024-11-19T06:21:52+00:00","description":"GRF promeut le tourisme durable dans les Grisons. Martina Hollenstein Stadler apporte son soutien en tant que Senior Manager Durabilit\u00e9.","breadcrumb":{"@id":"https:\/\/www.organisator.ch\/sustainability\/2023-01-25\/martina-hollenstein-stadler-wird-nachhaltigkeitsbeauftragte-bei-grf\/#breadcrumb"},"inLanguage":"fr-FR","potentialAction":[{"@type":"ReadAction","target":["https:\/\/www.organisator.ch\/sustainability\/2023-01-25\/martina-hollenstein-stadler-wird-nachhaltigkeitsbeauftragte-bei-grf\/"]}]},{"@type":"ImageObject","inLanguage":"fr-FR","@id":"https:\/\/www.organisator.ch\/sustainability\/2023-01-25\/martina-hollenstein-stadler-wird-nachhaltigkeitsbeauftragte-bei-grf\/#primaryimage","url":"https:\/\/www.werbewoche.ch\/wp-content\/uploads\/2023\/01\/Martina-Hollenstein-_Dominik-Taeuber.jpg","contentUrl":"https:\/\/www.werbewoche.ch\/wp-content\/uploads\/2023\/01\/Martina-Hollenstein-_Dominik-Taeuber.jpg"},{"@type":"BreadcrumbList","@id":"https:\/\/www.organisator.ch\/sustainability\/2023-01-25\/martina-hollenstein-stadler-wird-nachhaltigkeitsbeauftragte-bei-grf\/#breadcrumb","itemListElement":[{"@type":"ListItem","position":1,"name":"Home","item":"https:\/\/www.organisator.ch\/"},{"@type":"ListItem","position":2,"name":"Martina Hollenstein Stadler wird Nachhaltigkeitsbeauftragte bei GRF"}]},{"@type":"WebSite","@id":"https:\/\/www.organisator.ch\/#website","url":"https:\/\/www.organisator.ch\/","name":"Organisateur","description":"Comp\u00e9tence et comp\u00e9tence. Proches de la pratique. L'ORGANISATEUR pr\u00e9pare 10 num\u00e9ros par an sur les th\u00e8mes essentiels pour les dirigeants de PME.","publisher":{"@id":"https:\/\/www.organisator.ch\/#organization"},"potentialAction":[{"@type":"SearchAction","target":{"@type":"EntryPoint","urlTemplate":"https:\/\/www.organisator.ch\/?s={search_term_string}"},"query-input":{"@type":"PropertyValueSpecification","valueRequired":true,"valueName":"search_term_string"}}],"inLanguage":"fr-FR"},{"@type":"Organization","@id":"https:\/\/www.organisator.ch\/#organization","name":"Organisateur","url":"https:\/\/www.organisator.ch\/","logo":{"@type":"ImageObject","inLanguage":"fr-FR","@id":"https:\/\/www.organisator.ch\/#\/schema\/logo\/image\/","url":"https:\/\/www.organisator.ch\/wp-content\/uploads\/2022\/01\/Logo_Organisator_Website.png","contentUrl":"https:\/\/www.organisator.ch\/wp-content\/uploads\/2022\/01\/Logo_Organisator_Website.png","width":800,"height":77,"caption":"Organisator"},"image":{"@id":"https:\/\/www.organisator.ch\/#\/schema\/logo\/image\/"},"sameAs":["https:\/\/www.facebook.com\/OrganisatorFachmagazin","https:\/\/www.linkedin.com\/showcase\/organisator-das-magazin-fr-kmu","https:\/\/www.xing.com\/news\/pages\/organisator-ch-695","https:\/\/www.youtube.com\/channel\/UCGP2Sq0iWaZwT3BdIAQFYpw"]},{"@type":"Person","@id":"https:\/\/www.organisator.ch\/#\/schema\/person\/4e51799071cd2dd1232ac003643ef5f0","name":"galledia","image":{"@type":"ImageObject","inLanguage":"fr-FR","@id":"https:\/\/secure.gravatar.com\/avatar\/78a7f90c01fc2bfc875782a0d4922b37cde2cf184ce347b91316d23cd7f69a36?s=96&d=mm&r=g","url":"https:\/\/secure.gravatar.com\/avatar\/78a7f90c01fc2bfc875782a0d4922b37cde2cf184ce347b91316d23cd7f69a36?s=96&d=mm&r=g","contentUrl":"https:\/\/secure.gravatar.com\/avatar\/78a7f90c01fc2bfc875782a0d4922b37cde2cf184ce347b91316d23cd7f69a36?s=96&d=mm&r=g","caption":"galledia"},"sameAs":["https:\/\/x.com\/admin"],"url":"https:\/\/www.organisator.ch\/fr\/author\/galledia\/"}]}},"_links":{"self":[{"href":"https:\/\/www.organisator.ch\/fr\/wp-json\/wp\/v2\/posts\/18605","targetHints":{"allow":["GET"]}}],"collection":[{"href":"https:\/\/www.organisator.ch\/fr\/wp-json\/wp\/v2\/posts"}],"about":[{"href":"https:\/\/www.organisator.ch\/fr\/wp-json\/wp\/v2\/types\/post"}],"author":[{"embeddable":true,"href":"https:\/\/www.organisator.ch\/fr\/wp-json\/wp\/v2\/users\/8"}],"replies":[{"embeddable":true,"href":"https:\/\/www.organisator.ch\/fr\/wp-json\/wp\/v2\/comments?post=18605"}],"version-history":[{"count":6,"href":"https:\/\/www.organisator.ch\/fr\/wp-json\/wp\/v2\/posts\/18605\/revisions"}],"predecessor-version":[{"id":33434,"href":"https:\/\/www.organisator.ch\/fr\/wp-json\/wp\/v2\/posts\/18605\/revisions\/33434"}],"wp:attachment":[{"href":"https:\/\/www.organisator.ch\/fr\/wp-json\/wp\/v2\/media?parent=18605"}],"wp:term":[{"taxonomy":"category","embeddable":true,"href":"https:\/\/www.organisator.ch\/fr\/wp-json\/wp\/v2\/categories?post=18605"},{"taxonomy":"post_tag","embeddable":true,"href":"https:\/\/www.organisator.ch\/fr\/wp-json\/wp\/v2\/tags?post=18605"}],"curies":[{"name":"wp","href":"https:\/\/api.w.org\/{rel}","templated":true}]}}