{"id":18623,"date":"2023-01-26T12:49:37","date_gmt":"2023-01-26T11:49:37","guid":{"rendered":"https:\/\/www.werbewoche.ch\/?p=192727"},"modified":"2024-11-19T07:03:13","modified_gmt":"2024-11-19T06:03:13","slug":"rocket-setzt-neuen-internetauftritt-fuer-viva-luzern-um","status":"publish","type":"post","link":"https:\/\/www.organisator.ch\/fr\/marketing\/2023-01-26\/rocket-setzt-neuen-internetauftritt-fuer-viva-luzern-um\/","title":{"rendered":"Rocket met en place un nouveau site Internet pour Viva Luzern"},"content":{"rendered":"<p><img class=\"aligncenter wp-image-192728 size-full\" src=\"https:\/\/www.werbewoche.ch\/wp-content\/uploads\/2023\/01\/web-referenzen-mobile-viva-luzern-2022.jpg\" alt=\"Viva Luzern\" width=\"1200\" height=\"900\" \/>Viva f\u00fchrt sechs Betagtenzentren und 211 Wohnungen mit Dienstleistungen in der Zentralschweiz und besch\u00e4ftigt rund 1170 Mitarbeitende. Um den sich \u00e4ndernden Bed\u00fcrfnissen von der betagten Bev\u00f6lkerung und von potenziellen Mitarbeitenden gerecht zu werden, musste eine komplett neue Website her.<\/p>\r\n<h3><strong>F\u00fcr Silversurfer und Fachkr\u00e4fte<\/strong><\/h3>\r\n<p>Bei der Umsetzung legte Rocket spezielles Augenmerk auf ein besonders nutzungsfreundliches und barrierefreies Design: Gute Lesbarkeit und \u00dcbersichtlichkeit sch\u00e4tzen schliesslich auch junggebliebene \u00abSilversurfer\u00bb, die heutzutage oft selbstst\u00e4ndig ihren neuen Lebensabschnitt planen.<\/p>\r\n<p>Die neue Website Vivaluzern.ch soll aber genauso auch qualifizierte Fachkr\u00e4fte und Berufseinsteiger:innen ansprechen, die auch in der Zentralschweiz gesucht sind. Die Bildwelte wurde vom Rocket-Fototeam und weiteren Fotograf:innen umgesetzt.<\/p>\r\n<div class=\"wp-video\" style=\"width: 768px\"><!-- [if lt IE 9]&gt;document.createElement('video');&lt;![endif]--> <video id=\"video-192727-1\" class=\"wp-video-shortcode\" preload=\"metadata\" controls=\"controls\" width=\"768\" height=\"667\"><a href=\"https:\/\/www.werbewoche.ch\/wp-content\/uploads\/2023\/01\/web-referenzen-desktop-viva-luzern-2022.mp4\">https:\/\/www.werbewoche.ch\/wp-content\/uploads\/2023\/01\/web-referenzen-desktop-viva-luzern-2022.mp4<\/a><\/video><\/div>","protected":false},"excerpt":{"rendered":"<p>Viva f\u00fchrt sechs Betagtenzentren und 211 Wohnungen mit Dienstleistungen in der Zentralschweiz und besch\u00e4ftigt rund 1170 Mitarbeitende. Um den sich \u00e4ndernden Bed\u00fcrfnissen von der betagten Bev\u00f6lkerung und von potenziellen Mitarbeitenden gerecht zu werden, musste eine komplett neue Website her. F\u00fcr Silversurfer und Fachkr\u00e4fte Bei der Umsetzung legte Rocket spezielles Augenmerk auf ein besonders nutzungsfreundliches und [\u2026]<\/p>\n","protected":false},"author":8,"featured_media":0,"comment_status":"closed","ping_status":"closed","sticky":false,"template":"","format":"standard","meta":{"_acf_changed":false,"_yoast_wpseo_focuskw":"Viva Luzern","_yoast_wpseo_metadesc":"Viva Luzern: Neue Website f\u00fcr Seniorinnen und Fachkr\u00e4fte. Nutzerfreundliches, barrierefreies Design f\u00fcr Silversurfer und Berufseinsteiger.","articlekey":"","footnotes":""},"categories":[29],"tags":[3599],"class_list":["post-18623","post","type-post","status-publish","format-standard","hentry","category-marketing","tag-rocket"],"acf":[],"yoast_head":"<!-- This site is optimized with the Yoast SEO plugin v27.5 - https:\/\/yoast.com\/product\/yoast-seo-wordpress\/ -->\n<title>Rocket setzt neuen Internetauftritt f\u00fcr Viva Luzern um - Organisator<\/title>\n<meta name=\"description\" content=\"Viva Luzern: Neue Website f\u00fcr Seniorinnen und Fachkr\u00e4fte. Nutzerfreundliches, barrierefreies Design f\u00fcr Silversurfer und Berufseinsteiger.\" \/>\n<meta name=\"robots\" content=\"index, follow, max-snippet:-1, max-image-preview:large, max-video-preview:-1\" \/>\n<link rel=\"canonical\" href=\"https:\/\/www.organisator.ch\/fr\/marketing\/2023-01-26\/rocket-setzt-neuen-internetauftritt-fuer-viva-luzern-um\/\" \/>\n<meta property=\"og:locale\" content=\"fr_FR\" \/>\n<meta property=\"og:type\" content=\"article\" \/>\n<meta property=\"og:title\" content=\"Rocket setzt neuen Internetauftritt f\u00fcr Viva Luzern um - Organisator\" \/>\n<meta property=\"og:description\" content=\"Viva Luzern: Neue Website f\u00fcr Seniorinnen und Fachkr\u00e4fte. Nutzerfreundliches, barrierefreies Design f\u00fcr Silversurfer und Berufseinsteiger.\" \/>\n<meta property=\"og:url\" content=\"https:\/\/www.organisator.ch\/fr\/marketing\/2023-01-26\/rocket-setzt-neuen-internetauftritt-fuer-viva-luzern-um\/\" \/>\n<meta property=\"og:site_name\" content=\"Organisator\" \/>\n<meta property=\"article:publisher\" content=\"https:\/\/www.facebook.com\/OrganisatorFachmagazin\" \/>\n<meta property=\"article:published_time\" content=\"2023-01-26T11:49:37+00:00\" \/>\n<meta property=\"article:modified_time\" content=\"2024-11-19T06:03:13+00:00\" \/>\n<meta name=\"author\" content=\"galledia\" \/>\n<meta name=\"twitter:card\" content=\"summary_large_image\" \/>\n<meta name=\"twitter:creator\" content=\"@admin\" \/>\n<script type=\"application\/ld+json\" class=\"yoast-schema-graph\">{\"@context\":\"https:\\\/\\\/schema.org\",\"@graph\":[{\"@type\":\"Article\",\"@id\":\"https:\\\/\\\/www.organisator.ch\\\/marketing\\\/2023-01-26\\\/rocket-setzt-neuen-internetauftritt-fuer-viva-luzern-um\\\/#article\",\"isPartOf\":{\"@id\":\"https:\\\/\\\/www.organisator.ch\\\/marketing\\\/2023-01-26\\\/rocket-setzt-neuen-internetauftritt-fuer-viva-luzern-um\\\/\"},\"author\":{\"name\":\"galledia\",\"@id\":\"https:\\\/\\\/www.organisator.ch\\\/#\\\/schema\\\/person\\\/4e51799071cd2dd1232ac003643ef5f0\"},\"headline\":\"Rocket setzt neuen Internetauftritt f\u00fcr Viva Luzern um\",\"datePublished\":\"2023-01-26T11:49:37+00:00\",\"dateModified\":\"2024-11-19T06:03:13+00:00\",\"mainEntityOfPage\":{\"@id\":\"https:\\\/\\\/www.organisator.ch\\\/marketing\\\/2023-01-26\\\/rocket-setzt-neuen-internetauftritt-fuer-viva-luzern-um\\\/\"},\"wordCount\":130,\"publisher\":{\"@id\":\"https:\\\/\\\/www.organisator.ch\\\/#organization\"},\"image\":{\"@id\":\"https:\\\/\\\/www.organisator.ch\\\/marketing\\\/2023-01-26\\\/rocket-setzt-neuen-internetauftritt-fuer-viva-luzern-um\\\/#primaryimage\"},\"thumbnailUrl\":\"https:\\\/\\\/www.werbewoche.ch\\\/wp-content\\\/uploads\\\/2023\\\/01\\\/web-referenzen-mobile-viva-luzern-2022.jpg\",\"keywords\":[\"Rocket\"],\"articleSection\":[\"MARKETING\"],\"inLanguage\":\"fr-FR\"},{\"@type\":\"WebPage\",\"@id\":\"https:\\\/\\\/www.organisator.ch\\\/marketing\\\/2023-01-26\\\/rocket-setzt-neuen-internetauftritt-fuer-viva-luzern-um\\\/\",\"url\":\"https:\\\/\\\/www.organisator.ch\\\/marketing\\\/2023-01-26\\\/rocket-setzt-neuen-internetauftritt-fuer-viva-luzern-um\\\/\",\"name\":\"Rocket setzt neuen Internetauftritt f\u00fcr Viva Luzern um - Organisator\",\"isPartOf\":{\"@id\":\"https:\\\/\\\/www.organisator.ch\\\/#website\"},\"primaryImageOfPage\":{\"@id\":\"https:\\\/\\\/www.organisator.ch\\\/marketing\\\/2023-01-26\\\/rocket-setzt-neuen-internetauftritt-fuer-viva-luzern-um\\\/#primaryimage\"},\"image\":{\"@id\":\"https:\\\/\\\/www.organisator.ch\\\/marketing\\\/2023-01-26\\\/rocket-setzt-neuen-internetauftritt-fuer-viva-luzern-um\\\/#primaryimage\"},\"thumbnailUrl\":\"https:\\\/\\\/www.werbewoche.ch\\\/wp-content\\\/uploads\\\/2023\\\/01\\\/web-referenzen-mobile-viva-luzern-2022.jpg\",\"datePublished\":\"2023-01-26T11:49:37+00:00\",\"dateModified\":\"2024-11-19T06:03:13+00:00\",\"description\":\"Viva Luzern: Neue Website f\u00fcr Seniorinnen und Fachkr\u00e4fte. Nutzerfreundliches, barrierefreies Design f\u00fcr Silversurfer und Berufseinsteiger.\",\"breadcrumb\":{\"@id\":\"https:\\\/\\\/www.organisator.ch\\\/marketing\\\/2023-01-26\\\/rocket-setzt-neuen-internetauftritt-fuer-viva-luzern-um\\\/#breadcrumb\"},\"inLanguage\":\"fr-FR\",\"potentialAction\":[{\"@type\":\"ReadAction\",\"target\":[\"https:\\\/\\\/www.organisator.ch\\\/marketing\\\/2023-01-26\\\/rocket-setzt-neuen-internetauftritt-fuer-viva-luzern-um\\\/\"]}]},{\"@type\":\"ImageObject\",\"inLanguage\":\"fr-FR\",\"@id\":\"https:\\\/\\\/www.organisator.ch\\\/marketing\\\/2023-01-26\\\/rocket-setzt-neuen-internetauftritt-fuer-viva-luzern-um\\\/#primaryimage\",\"url\":\"https:\\\/\\\/www.werbewoche.ch\\\/wp-content\\\/uploads\\\/2023\\\/01\\\/web-referenzen-mobile-viva-luzern-2022.jpg\",\"contentUrl\":\"https:\\\/\\\/www.werbewoche.ch\\\/wp-content\\\/uploads\\\/2023\\\/01\\\/web-referenzen-mobile-viva-luzern-2022.jpg\"},{\"@type\":\"BreadcrumbList\",\"@id\":\"https:\\\/\\\/www.organisator.ch\\\/marketing\\\/2023-01-26\\\/rocket-setzt-neuen-internetauftritt-fuer-viva-luzern-um\\\/#breadcrumb\",\"itemListElement\":[{\"@type\":\"ListItem\",\"position\":1,\"name\":\"Home\",\"item\":\"https:\\\/\\\/www.organisator.ch\\\/\"},{\"@type\":\"ListItem\",\"position\":2,\"name\":\"Rocket setzt neuen Internetauftritt f\u00fcr Viva Luzern um\"}]},{\"@type\":\"WebSite\",\"@id\":\"https:\\\/\\\/www.organisator.ch\\\/#website\",\"url\":\"https:\\\/\\\/www.organisator.ch\\\/\",\"name\":\"Organisator\",\"description\":\"Kompetent. Praxisnah. Der ORGANISATOR bereitet in 10 Ausgaben pro Jahr die wesentlichen Themen f\u00fcr F\u00fchrungskr\u00e4fte von KMU auf.\",\"publisher\":{\"@id\":\"https:\\\/\\\/www.organisator.ch\\\/#organization\"},\"potentialAction\":[{\"@type\":\"SearchAction\",\"target\":{\"@type\":\"EntryPoint\",\"urlTemplate\":\"https:\\\/\\\/www.organisator.ch\\\/?s={search_term_string}\"},\"query-input\":{\"@type\":\"PropertyValueSpecification\",\"valueRequired\":true,\"valueName\":\"search_term_string\"}}],\"inLanguage\":\"fr-FR\"},{\"@type\":\"Organization\",\"@id\":\"https:\\\/\\\/www.organisator.ch\\\/#organization\",\"name\":\"Organisator\",\"url\":\"https:\\\/\\\/www.organisator.ch\\\/\",\"logo\":{\"@type\":\"ImageObject\",\"inLanguage\":\"fr-FR\",\"@id\":\"https:\\\/\\\/www.organisator.ch\\\/#\\\/schema\\\/logo\\\/image\\\/\",\"url\":\"https:\\\/\\\/www.organisator.ch\\\/wp-content\\\/uploads\\\/2022\\\/01\\\/Logo_Organisator_Website.png\",\"contentUrl\":\"https:\\\/\\\/www.organisator.ch\\\/wp-content\\\/uploads\\\/2022\\\/01\\\/Logo_Organisator_Website.png\",\"width\":800,\"height\":77,\"caption\":\"Organisator\"},\"image\":{\"@id\":\"https:\\\/\\\/www.organisator.ch\\\/#\\\/schema\\\/logo\\\/image\\\/\"},\"sameAs\":[\"https:\\\/\\\/www.facebook.com\\\/OrganisatorFachmagazin\",\"https:\\\/\\\/www.linkedin.com\\\/showcase\\\/organisator-das-magazin-fr-kmu\",\"https:\\\/\\\/www.xing.com\\\/news\\\/pages\\\/organisator-ch-695\",\"https:\\\/\\\/www.youtube.com\\\/channel\\\/UCGP2Sq0iWaZwT3BdIAQFYpw\"]},{\"@type\":\"Person\",\"@id\":\"https:\\\/\\\/www.organisator.ch\\\/#\\\/schema\\\/person\\\/4e51799071cd2dd1232ac003643ef5f0\",\"name\":\"galledia\",\"image\":{\"@type\":\"ImageObject\",\"inLanguage\":\"fr-FR\",\"@id\":\"https:\\\/\\\/secure.gravatar.com\\\/avatar\\\/78a7f90c01fc2bfc875782a0d4922b37cde2cf184ce347b91316d23cd7f69a36?s=96&d=mm&r=g\",\"url\":\"https:\\\/\\\/secure.gravatar.com\\\/avatar\\\/78a7f90c01fc2bfc875782a0d4922b37cde2cf184ce347b91316d23cd7f69a36?s=96&d=mm&r=g\",\"contentUrl\":\"https:\\\/\\\/secure.gravatar.com\\\/avatar\\\/78a7f90c01fc2bfc875782a0d4922b37cde2cf184ce347b91316d23cd7f69a36?s=96&d=mm&r=g\",\"caption\":\"galledia\"},\"sameAs\":[\"https:\\\/\\\/x.com\\\/admin\"],\"url\":\"https:\\\/\\\/www.organisator.ch\\\/fr\\\/author\\\/galledia\\\/\"}]}<\/script>\n<!-- \/ Yoast SEO plugin. -->","yoast_head_json":{"title":"Rocket r\u00e9alise un nouveau site Internet pour Viva Luzern - Organisateur","description":"Viva Luzern : nouveau site web pour les seniors et les professionnels. Design convivial et sans barri\u00e8res pour les silversurfers et les jeunes professionnels.","robots":{"index":"index","follow":"follow","max-snippet":"max-snippet:-1","max-image-preview":"max-image-preview:large","max-video-preview":"max-video-preview:-1"},"canonical":"https:\/\/www.organisator.ch\/fr\/marketing\/2023-01-26\/rocket-setzt-neuen-internetauftritt-fuer-viva-luzern-um\/","og_locale":"fr_FR","og_type":"article","og_title":"Rocket setzt neuen Internetauftritt f\u00fcr Viva Luzern um - Organisator","og_description":"Viva Luzern: Neue Website f\u00fcr Seniorinnen und Fachkr\u00e4fte. Nutzerfreundliches, barrierefreies Design f\u00fcr Silversurfer und Berufseinsteiger.","og_url":"https:\/\/www.organisator.ch\/fr\/marketing\/2023-01-26\/rocket-setzt-neuen-internetauftritt-fuer-viva-luzern-um\/","og_site_name":"Organisator","article_publisher":"https:\/\/www.facebook.com\/OrganisatorFachmagazin","article_published_time":"2023-01-26T11:49:37+00:00","article_modified_time":"2024-11-19T06:03:13+00:00","author":"galledia","twitter_card":"summary_large_image","twitter_creator":"@admin","schema":{"@context":"https:\/\/schema.org","@graph":[{"@type":"Article","@id":"https:\/\/www.organisator.ch\/marketing\/2023-01-26\/rocket-setzt-neuen-internetauftritt-fuer-viva-luzern-um\/#article","isPartOf":{"@id":"https:\/\/www.organisator.ch\/marketing\/2023-01-26\/rocket-setzt-neuen-internetauftritt-fuer-viva-luzern-um\/"},"author":{"name":"galledia","@id":"https:\/\/www.organisator.ch\/#\/schema\/person\/4e51799071cd2dd1232ac003643ef5f0"},"headline":"Rocket setzt neuen Internetauftritt f\u00fcr Viva Luzern um","datePublished":"2023-01-26T11:49:37+00:00","dateModified":"2024-11-19T06:03:13+00:00","mainEntityOfPage":{"@id":"https:\/\/www.organisator.ch\/marketing\/2023-01-26\/rocket-setzt-neuen-internetauftritt-fuer-viva-luzern-um\/"},"wordCount":130,"publisher":{"@id":"https:\/\/www.organisator.ch\/#organization"},"image":{"@id":"https:\/\/www.organisator.ch\/marketing\/2023-01-26\/rocket-setzt-neuen-internetauftritt-fuer-viva-luzern-um\/#primaryimage"},"thumbnailUrl":"https:\/\/www.werbewoche.ch\/wp-content\/uploads\/2023\/01\/web-referenzen-mobile-viva-luzern-2022.jpg","keywords":["Rocket"],"articleSection":["MARKETING"],"inLanguage":"fr-FR"},{"@type":"WebPage","@id":"https:\/\/www.organisator.ch\/marketing\/2023-01-26\/rocket-setzt-neuen-internetauftritt-fuer-viva-luzern-um\/","url":"https:\/\/www.organisator.ch\/marketing\/2023-01-26\/rocket-setzt-neuen-internetauftritt-fuer-viva-luzern-um\/","name":"Rocket r\u00e9alise un nouveau site Internet pour Viva Luzern - Organisateur","isPartOf":{"@id":"https:\/\/www.organisator.ch\/#website"},"primaryImageOfPage":{"@id":"https:\/\/www.organisator.ch\/marketing\/2023-01-26\/rocket-setzt-neuen-internetauftritt-fuer-viva-luzern-um\/#primaryimage"},"image":{"@id":"https:\/\/www.organisator.ch\/marketing\/2023-01-26\/rocket-setzt-neuen-internetauftritt-fuer-viva-luzern-um\/#primaryimage"},"thumbnailUrl":"https:\/\/www.werbewoche.ch\/wp-content\/uploads\/2023\/01\/web-referenzen-mobile-viva-luzern-2022.jpg","datePublished":"2023-01-26T11:49:37+00:00","dateModified":"2024-11-19T06:03:13+00:00","description":"Viva Luzern : nouveau site web pour les seniors et les professionnels. Design convivial et sans barri\u00e8res pour les silversurfers et les jeunes professionnels.","breadcrumb":{"@id":"https:\/\/www.organisator.ch\/marketing\/2023-01-26\/rocket-setzt-neuen-internetauftritt-fuer-viva-luzern-um\/#breadcrumb"},"inLanguage":"fr-FR","potentialAction":[{"@type":"ReadAction","target":["https:\/\/www.organisator.ch\/marketing\/2023-01-26\/rocket-setzt-neuen-internetauftritt-fuer-viva-luzern-um\/"]}]},{"@type":"ImageObject","inLanguage":"fr-FR","@id":"https:\/\/www.organisator.ch\/marketing\/2023-01-26\/rocket-setzt-neuen-internetauftritt-fuer-viva-luzern-um\/#primaryimage","url":"https:\/\/www.werbewoche.ch\/wp-content\/uploads\/2023\/01\/web-referenzen-mobile-viva-luzern-2022.jpg","contentUrl":"https:\/\/www.werbewoche.ch\/wp-content\/uploads\/2023\/01\/web-referenzen-mobile-viva-luzern-2022.jpg"},{"@type":"BreadcrumbList","@id":"https:\/\/www.organisator.ch\/marketing\/2023-01-26\/rocket-setzt-neuen-internetauftritt-fuer-viva-luzern-um\/#breadcrumb","itemListElement":[{"@type":"ListItem","position":1,"name":"Home","item":"https:\/\/www.organisator.ch\/"},{"@type":"ListItem","position":2,"name":"Rocket setzt neuen Internetauftritt f\u00fcr Viva Luzern um"}]},{"@type":"WebSite","@id":"https:\/\/www.organisator.ch\/#website","url":"https:\/\/www.organisator.ch\/","name":"Organisateur","description":"Comp\u00e9tence et comp\u00e9tence. Proches de la pratique. L'ORGANISATEUR pr\u00e9pare 10 num\u00e9ros par an sur les th\u00e8mes essentiels pour les dirigeants de PME.","publisher":{"@id":"https:\/\/www.organisator.ch\/#organization"},"potentialAction":[{"@type":"SearchAction","target":{"@type":"EntryPoint","urlTemplate":"https:\/\/www.organisator.ch\/?s={search_term_string}"},"query-input":{"@type":"PropertyValueSpecification","valueRequired":true,"valueName":"search_term_string"}}],"inLanguage":"fr-FR"},{"@type":"Organization","@id":"https:\/\/www.organisator.ch\/#organization","name":"Organisateur","url":"https:\/\/www.organisator.ch\/","logo":{"@type":"ImageObject","inLanguage":"fr-FR","@id":"https:\/\/www.organisator.ch\/#\/schema\/logo\/image\/","url":"https:\/\/www.organisator.ch\/wp-content\/uploads\/2022\/01\/Logo_Organisator_Website.png","contentUrl":"https:\/\/www.organisator.ch\/wp-content\/uploads\/2022\/01\/Logo_Organisator_Website.png","width":800,"height":77,"caption":"Organisator"},"image":{"@id":"https:\/\/www.organisator.ch\/#\/schema\/logo\/image\/"},"sameAs":["https:\/\/www.facebook.com\/OrganisatorFachmagazin","https:\/\/www.linkedin.com\/showcase\/organisator-das-magazin-fr-kmu","https:\/\/www.xing.com\/news\/pages\/organisator-ch-695","https:\/\/www.youtube.com\/channel\/UCGP2Sq0iWaZwT3BdIAQFYpw"]},{"@type":"Person","@id":"https:\/\/www.organisator.ch\/#\/schema\/person\/4e51799071cd2dd1232ac003643ef5f0","name":"galledia","image":{"@type":"ImageObject","inLanguage":"fr-FR","@id":"https:\/\/secure.gravatar.com\/avatar\/78a7f90c01fc2bfc875782a0d4922b37cde2cf184ce347b91316d23cd7f69a36?s=96&d=mm&r=g","url":"https:\/\/secure.gravatar.com\/avatar\/78a7f90c01fc2bfc875782a0d4922b37cde2cf184ce347b91316d23cd7f69a36?s=96&d=mm&r=g","contentUrl":"https:\/\/secure.gravatar.com\/avatar\/78a7f90c01fc2bfc875782a0d4922b37cde2cf184ce347b91316d23cd7f69a36?s=96&d=mm&r=g","caption":"galledia"},"sameAs":["https:\/\/x.com\/admin"],"url":"https:\/\/www.organisator.ch\/fr\/author\/galledia\/"}]}},"_links":{"self":[{"href":"https:\/\/www.organisator.ch\/fr\/wp-json\/wp\/v2\/posts\/18623","targetHints":{"allow":["GET"]}}],"collection":[{"href":"https:\/\/www.organisator.ch\/fr\/wp-json\/wp\/v2\/posts"}],"about":[{"href":"https:\/\/www.organisator.ch\/fr\/wp-json\/wp\/v2\/types\/post"}],"author":[{"embeddable":true,"href":"https:\/\/www.organisator.ch\/fr\/wp-json\/wp\/v2\/users\/8"}],"replies":[{"embeddable":true,"href":"https:\/\/www.organisator.ch\/fr\/wp-json\/wp\/v2\/comments?post=18623"}],"version-history":[{"count":3,"href":"https:\/\/www.organisator.ch\/fr\/wp-json\/wp\/v2\/posts\/18623\/revisions"}],"predecessor-version":[{"id":33428,"href":"https:\/\/www.organisator.ch\/fr\/wp-json\/wp\/v2\/posts\/18623\/revisions\/33428"}],"wp:attachment":[{"href":"https:\/\/www.organisator.ch\/fr\/wp-json\/wp\/v2\/media?parent=18623"}],"wp:term":[{"taxonomy":"category","embeddable":true,"href":"https:\/\/www.organisator.ch\/fr\/wp-json\/wp\/v2\/categories?post=18623"},{"taxonomy":"post_tag","embeddable":true,"href":"https:\/\/www.organisator.ch\/fr\/wp-json\/wp\/v2\/tags?post=18623"}],"curies":[{"name":"wp","href":"https:\/\/api.w.org\/{rel}","templated":true}]}}