{"id":18644,"date":"2023-01-27T16:17:24","date_gmt":"2023-01-27T15:17:24","guid":{"rendered":"https:\/\/www.organisator.ch\/?p=18644"},"modified":"2023-01-27T16:17:24","modified_gmt":"2023-01-27T15:17:24","slug":"bewerbungsphase-fuer-new-work-award-2023-gestartet","status":"publish","type":"post","link":"https:\/\/www.organisator.ch\/fr\/human-resources\/2023-01-27\/bewerbungsphase-fuer-new-work-award-2023-gestartet\/","title":{"rendered":"La phase de candidature pour le New Work Award 2023 est lanc\u00e9e"},"content":{"rendered":"<figure id=\"attachment_18646\" aria-describedby=\"caption-attachment-18646\" style=\"width: 680px\" class=\"wp-caption alignnone\"><img loading=\"lazy\" decoding=\"async\" class=\"size-full wp-image-18646\" src=\"https:\/\/www.organisator.ch\/wp-content\/uploads\/2023\/01\/Bewerbungsphase-fuer-New-Work-Award-2023-gestartet_Organisator.jpg\" alt=\"\" width=\"680\" height=\"467\" srcset=\"https:\/\/www.organisator.ch\/wp-content\/uploads\/2023\/01\/Bewerbungsphase-fuer-New-Work-Award-2023-gestartet_Organisator.jpg 680w, https:\/\/www.organisator.ch\/wp-content\/uploads\/2023\/01\/Bewerbungsphase-fuer-New-Work-Award-2023-gestartet_Organisator-18x12.jpg 18w, https:\/\/www.organisator.ch\/wp-content\/uploads\/2023\/01\/Bewerbungsphase-fuer-New-Work-Award-2023-gestartet_Organisator-375x258.jpg 375w, https:\/\/www.organisator.ch\/wp-content\/uploads\/2023\/01\/Bewerbungsphase-fuer-New-Work-Award-2023-gestartet_Organisator-510x350.jpg 510w\" sizes=\"auto, (max-width: 680px) 100vw, 680px\" \/><figcaption id=\"caption-attachment-18646\" class=\"wp-caption-text\">La phase de candidature pour le New Work Award 2023 a \u00e9t\u00e9 lanc\u00e9e. La participation est ouverte aux entreprises de toute la r\u00e9gion DACH. Voici des impressions de la remise des prix \u00e0 l'occasion du NWX22 \u00e0 Hambourg. (Photo : Thomas Berner)<\/figcaption><\/figure>\n<p>Depuis 2013, New Work SE, entre autres soci\u00e9t\u00e9 m\u00e8re du r\u00e9seau d'emploi XING, r\u00e9compense avec le New Work Award des id\u00e9es et des projets novateurs sur l'avenir du travail. Un jury de haut niveau, compos\u00e9 de leaders de la soci\u00e9t\u00e9, de l'\u00e9conomie et de la recherche, autour du parrain Thomas Sattelberger, ainsi qu'un vote public en ligne d\u00e9cident ensuite des gagnants. \"Nous sommes fiers d'avoir cr\u00e9\u00e9 d\u00e8s 2013, alors que le terme 'New Work' n'en \u00e9tait qu'\u00e0 ses balbutiements, une distinction que nous avons pu \u00e9tablir au cours des dix derni\u00e8res ann\u00e9es pour en faire l'un des prix les plus renomm\u00e9s de la sc\u00e8ne du New Work\", d\u00e9clare Petra von Strombeck, CEO de New Work SE.<\/p>\n<h3><strong>Le prix New Work 2023 : Les cat\u00e9gories<\/strong><\/h3>\n<p>Cette ann\u00e9e, les particuliers et les entreprises ont le choix entre trois cat\u00e9gories diff\u00e9rentes pour la soumission des prix :<\/p>\n<ol>\n<li><strong> New Work - Better Work : <\/strong>Seront r\u00e9compens\u00e9s des individus ou des \u00e9quipes au sein de start-ups, d'entreprises, d'organisations ou d'institutions qui, par leurs activit\u00e9s et leurs actions, contribuent \u00e0 am\u00e9liorer le monde du travail, dans le but d'am\u00e9liorer l'avenir du travail.<\/li>\n<li><strong>Nouveau travail - nouvelle entreprise : <\/strong>Seront r\u00e9compens\u00e9s les entreprises, les organisations et les individus qui ne se contentent pas de s'engager pour une nouvelle culture du travail, mais qui r\u00e9orientent leur travail et contribuent \u00e0 la cr\u00e9ation de nouveaux mod\u00e8les d'entreprise. Le New Work n'est pas une fin en soi, mais un moteur d'innovation pour de nouveaux mod\u00e8les commerciaux.<\/li>\n<li><strong>Nouveau travail - nouvelle soci\u00e9t\u00e9 : <\/strong>Seront r\u00e9compens\u00e9s les entreprises, les organisations et les individus qui con\u00e7oivent le New Work comme une vision de nouvelles conditions g\u00e9n\u00e9rales et de nouveaux modes d'action pour le travail. De nouvelles formes et de nouveaux processus sociaux et sociopolitiques du travail sont rendus possibles par leur initiative, leur collaboration, leur recherche et leurs concepts visionnaires.<\/li>\n<\/ol>\n<h3><strong>Renouveau et innovation comme moteurs<\/strong><\/h3>\n<p>Au c\u0153ur du New Work Award 2023 se trouve la promotion du discours public sur les nouveaux mod\u00e8les \u00e9conomiques et les soci\u00e9t\u00e9s futures dans le but de fa\u00e7onner l'avenir du travail. \"L'avenir est devenu la t\u00e2che du pr\u00e9sent. C'est pourquoi, avec la NWX23 et le dixi\u00e8me New Work Award de cette ann\u00e9e, nous poursuivons l'objectif de mettre l'accent sur la force d'innovation gr\u00e2ce \u00e0 de nouveaux mod\u00e8les de travail\", explique Petra von Strombeck.<\/p>\n<h3><strong>Remise des prix dans le cadre de la New Work Experience le 14 juin\u00a0<\/strong><\/h3>\n<p>La c\u00e9r\u00e9monie de remise des prix du New Work Award 2023 aura lieu le 14 juin 2023 \u00e0 Hambourg lors de la <a href=\"https:\/\/www.organisator.ch\/de\/human-resources\/2022-11-21\/nwx23-festival-fuer-arbeit-und-zukunft\/\">Nouvelle exp\u00e9rience de travail (NWX)<\/a>L'\u00e9v\u00e9nement, qui se dit leader dans le domaine du travail et de l'avenir dans l'espace germanophone, se tiendra du 26 au 29 septembre. Sous le slogan \"Work Forward\", ce festival unique en son genre et son format de conf\u00e9rence r\u00e9unissent des talents, des cr\u00e9ateurs et des penseurs. L'accent sera mis sur les grands d\u00e9fis de l'\u00e9conomie et de la soci\u00e9t\u00e9 ainsi que sur les r\u00e9percussions qu'ils auront sur le monde du travail de demain. Un programme vari\u00e9 attend les visiteurs de NWX23, compos\u00e9 de masterclasses vari\u00e9es, de sessions passionnantes ainsi que d'ateliers inspirants anim\u00e9s par et avec des conf\u00e9renciers de renom.<\/p>\n<p><em>Plus d'informations sur le New Work Award 2023 et la proc\u00e9dure de candidature sont disponibles ici : <a href=\"https:\/\/nwx.new-work.se\/award\">www.nwx.new-work.se\/award<\/a>\u00a0<\/em><\/p>","protected":false},"excerpt":{"rendered":"<p>Seit 2013 k\u00fcrt die New Work SE, unter anderem Muttergesellschaft des Job-Netzwerks XING, mit dem New Work Award wegweisende Ideen und Projekte zur Zukunft der Arbeit. Dabei entscheiden eine hochkar\u00e4tige Jury, mit f\u00fchrenden K\u00f6pfen aus Gesellschaft, Wirtschaft und Forschung, rund um den Schirmherren Thomas Sattelberger sowie ein anschliessendes \u00f6ffentliches Online-Voting \u00fcber die Gewinnerinnen und Gewinner. [&hellip;]<\/p>\n","protected":false},"author":4,"featured_media":18646,"comment_status":"closed","ping_status":"closed","sticky":false,"template":"","format":"standard","meta":{"_acf_changed":false,"_yoast_wpseo_focuskw":"New Work Award 2023","_yoast_wpseo_metadesc":"Mit dem New Work Award 2023 wird zum 10. Mal der Preis f\u00fcr zukunftsweisendes Arbeiten im deutschsprachigen Raum verliehen.","articlekey":"","footnotes":""},"categories":[579],"tags":[66,254,363],"class_list":["post-18644","post","type-post","status-publish","format-standard","has-post-thumbnail","hentry","category-human-resources","tag-awards","tag-hrm","tag-new-work"],"acf":[],"yoast_head":"<!-- This site is optimized with the Yoast SEO plugin v27.5 - https:\/\/yoast.com\/product\/yoast-seo-wordpress\/ -->\n<title>Bewerbungsphase f\u00fcr New Work Award 2023 gestartet - Organisator<\/title>\n<meta name=\"description\" content=\"Mit dem New Work Award 2023 wird zum 10. Mal der Preis f\u00fcr zukunftsweisendes Arbeiten im deutschsprachigen Raum verliehen.\" \/>\n<meta name=\"robots\" content=\"index, follow, max-snippet:-1, max-image-preview:large, max-video-preview:-1\" \/>\n<link rel=\"canonical\" href=\"https:\/\/www.organisator.ch\/fr\/ressources-humaines\/2023-01-27\/bewerbungsphase-fuer-new-work-award-2023-gestartet\/\" \/>\n<meta property=\"og:locale\" content=\"fr_FR\" \/>\n<meta property=\"og:type\" content=\"article\" \/>\n<meta property=\"og:title\" content=\"Bewerbungsphase f\u00fcr New Work Award 2023 gestartet\" \/>\n<meta property=\"og:description\" content=\"Mit dem New Work Award 2023 wird zum 10. Mal der Preis f\u00fcr zukunftsweisendes Arbeiten im deutschsprachigen Raum verliehen.\" \/>\n<meta property=\"og:url\" content=\"https:\/\/www.organisator.ch\/fr\/ressources-humaines\/2023-01-27\/bewerbungsphase-fuer-new-work-award-2023-gestartet\/\" \/>\n<meta property=\"og:site_name\" content=\"Organisator\" \/>\n<meta property=\"article:publisher\" content=\"https:\/\/www.facebook.com\/OrganisatorFachmagazin\" \/>\n<meta property=\"article:published_time\" content=\"2023-01-27T15:17:24+00:00\" \/>\n<meta property=\"og:image\" content=\"https:\/\/www.organisator.ch\/wp-content\/uploads\/2023\/01\/Bewerbungsphase-fuer-New-Work-Award-2023-gestartet_Organisator.jpg\" \/>\n\t<meta property=\"og:image:width\" content=\"680\" \/>\n\t<meta property=\"og:image:height\" content=\"467\" \/>\n\t<meta property=\"og:image:type\" content=\"image\/jpeg\" \/>\n<meta name=\"author\" content=\"thomas.berner\" \/>\n<meta name=\"twitter:card\" content=\"summary_large_image\" \/>\n<meta name=\"twitter:title\" content=\"#Bewerbungsphase f\u00fcr New Work Award 2023 gestartet\" \/>\n<meta name=\"twitter:description\" content=\"Mit dem #NewWorkAward 2023 wird zum 10. Mal der Preis f\u00fcr zukunftsweisendes Arbeiten im deutschsprachigen Raum verliehen.\" \/>\n<meta name=\"twitter:image\" content=\"https:\/\/www.organisator.ch\/wp-content\/uploads\/2023\/01\/Bewerbungsphase-fuer-New-Work-Award-2023-gestartet_Organisator.jpg\" \/>\n<script type=\"application\/ld+json\" class=\"yoast-schema-graph\">{\"@context\":\"https:\\\/\\\/schema.org\",\"@graph\":[{\"@type\":\"Article\",\"@id\":\"https:\\\/\\\/www.organisator.ch\\\/human-resources\\\/2023-01-27\\\/bewerbungsphase-fuer-new-work-award-2023-gestartet\\\/#article\",\"isPartOf\":{\"@id\":\"https:\\\/\\\/www.organisator.ch\\\/human-resources\\\/2023-01-27\\\/bewerbungsphase-fuer-new-work-award-2023-gestartet\\\/\"},\"author\":{\"name\":\"thomas.berner\",\"@id\":\"https:\\\/\\\/www.organisator.ch\\\/#\\\/schema\\\/person\\\/6f650f90b2842cd4c0cc334b4e36f67e\"},\"headline\":\"Bewerbungsphase f\u00fcr New Work Award 2023 gestartet\",\"datePublished\":\"2023-01-27T15:17:24+00:00\",\"mainEntityOfPage\":{\"@id\":\"https:\\\/\\\/www.organisator.ch\\\/human-resources\\\/2023-01-27\\\/bewerbungsphase-fuer-new-work-award-2023-gestartet\\\/\"},\"wordCount\":501,\"publisher\":{\"@id\":\"https:\\\/\\\/www.organisator.ch\\\/#organization\"},\"image\":{\"@id\":\"https:\\\/\\\/www.organisator.ch\\\/human-resources\\\/2023-01-27\\\/bewerbungsphase-fuer-new-work-award-2023-gestartet\\\/#primaryimage\"},\"thumbnailUrl\":\"https:\\\/\\\/www.organisator.ch\\\/wp-content\\\/uploads\\\/2023\\\/01\\\/Bewerbungsphase-fuer-New-Work-Award-2023-gestartet_Organisator.jpg\",\"keywords\":[\"Awards\",\"HRM\",\"New Work\"],\"articleSection\":[\"HUMAN RESOURCES\"],\"inLanguage\":\"fr-FR\"},{\"@type\":\"WebPage\",\"@id\":\"https:\\\/\\\/www.organisator.ch\\\/human-resources\\\/2023-01-27\\\/bewerbungsphase-fuer-new-work-award-2023-gestartet\\\/\",\"url\":\"https:\\\/\\\/www.organisator.ch\\\/human-resources\\\/2023-01-27\\\/bewerbungsphase-fuer-new-work-award-2023-gestartet\\\/\",\"name\":\"Bewerbungsphase f\u00fcr New Work Award 2023 gestartet - Organisator\",\"isPartOf\":{\"@id\":\"https:\\\/\\\/www.organisator.ch\\\/#website\"},\"primaryImageOfPage\":{\"@id\":\"https:\\\/\\\/www.organisator.ch\\\/human-resources\\\/2023-01-27\\\/bewerbungsphase-fuer-new-work-award-2023-gestartet\\\/#primaryimage\"},\"image\":{\"@id\":\"https:\\\/\\\/www.organisator.ch\\\/human-resources\\\/2023-01-27\\\/bewerbungsphase-fuer-new-work-award-2023-gestartet\\\/#primaryimage\"},\"thumbnailUrl\":\"https:\\\/\\\/www.organisator.ch\\\/wp-content\\\/uploads\\\/2023\\\/01\\\/Bewerbungsphase-fuer-New-Work-Award-2023-gestartet_Organisator.jpg\",\"datePublished\":\"2023-01-27T15:17:24+00:00\",\"description\":\"Mit dem New Work Award 2023 wird zum 10. Mal der Preis f\u00fcr zukunftsweisendes Arbeiten im deutschsprachigen Raum verliehen.\",\"breadcrumb\":{\"@id\":\"https:\\\/\\\/www.organisator.ch\\\/human-resources\\\/2023-01-27\\\/bewerbungsphase-fuer-new-work-award-2023-gestartet\\\/#breadcrumb\"},\"inLanguage\":\"fr-FR\",\"potentialAction\":[{\"@type\":\"ReadAction\",\"target\":[\"https:\\\/\\\/www.organisator.ch\\\/human-resources\\\/2023-01-27\\\/bewerbungsphase-fuer-new-work-award-2023-gestartet\\\/\"]}]},{\"@type\":\"ImageObject\",\"inLanguage\":\"fr-FR\",\"@id\":\"https:\\\/\\\/www.organisator.ch\\\/human-resources\\\/2023-01-27\\\/bewerbungsphase-fuer-new-work-award-2023-gestartet\\\/#primaryimage\",\"url\":\"https:\\\/\\\/www.organisator.ch\\\/wp-content\\\/uploads\\\/2023\\\/01\\\/Bewerbungsphase-fuer-New-Work-Award-2023-gestartet_Organisator.jpg\",\"contentUrl\":\"https:\\\/\\\/www.organisator.ch\\\/wp-content\\\/uploads\\\/2023\\\/01\\\/Bewerbungsphase-fuer-New-Work-Award-2023-gestartet_Organisator.jpg\",\"width\":680,\"height\":467,\"caption\":\"Die Bewerbungsphase f\u00fcr den New Work Award 2023 ist angelaufen. Zu w\u00fcnschen w\u00e4re auch Hier Impressionen der Preisverleihung anl\u00e4sslich der NWX22 in Hamburg. (Bild: Thomas Berner)\"},{\"@type\":\"BreadcrumbList\",\"@id\":\"https:\\\/\\\/www.organisator.ch\\\/human-resources\\\/2023-01-27\\\/bewerbungsphase-fuer-new-work-award-2023-gestartet\\\/#breadcrumb\",\"itemListElement\":[{\"@type\":\"ListItem\",\"position\":1,\"name\":\"Home\",\"item\":\"https:\\\/\\\/www.organisator.ch\\\/\"},{\"@type\":\"ListItem\",\"position\":2,\"name\":\"Bewerbungsphase f\u00fcr New Work Award 2023 gestartet\"}]},{\"@type\":\"WebSite\",\"@id\":\"https:\\\/\\\/www.organisator.ch\\\/#website\",\"url\":\"https:\\\/\\\/www.organisator.ch\\\/\",\"name\":\"Organisator\",\"description\":\"Kompetent. Praxisnah. Der ORGANISATOR bereitet in 10 Ausgaben pro Jahr die wesentlichen Themen f\u00fcr F\u00fchrungskr\u00e4fte von KMU auf.\",\"publisher\":{\"@id\":\"https:\\\/\\\/www.organisator.ch\\\/#organization\"},\"potentialAction\":[{\"@type\":\"SearchAction\",\"target\":{\"@type\":\"EntryPoint\",\"urlTemplate\":\"https:\\\/\\\/www.organisator.ch\\\/?s={search_term_string}\"},\"query-input\":{\"@type\":\"PropertyValueSpecification\",\"valueRequired\":true,\"valueName\":\"search_term_string\"}}],\"inLanguage\":\"fr-FR\"},{\"@type\":\"Organization\",\"@id\":\"https:\\\/\\\/www.organisator.ch\\\/#organization\",\"name\":\"Organisator\",\"url\":\"https:\\\/\\\/www.organisator.ch\\\/\",\"logo\":{\"@type\":\"ImageObject\",\"inLanguage\":\"fr-FR\",\"@id\":\"https:\\\/\\\/www.organisator.ch\\\/#\\\/schema\\\/logo\\\/image\\\/\",\"url\":\"https:\\\/\\\/www.organisator.ch\\\/wp-content\\\/uploads\\\/2022\\\/01\\\/Logo_Organisator_Website.png\",\"contentUrl\":\"https:\\\/\\\/www.organisator.ch\\\/wp-content\\\/uploads\\\/2022\\\/01\\\/Logo_Organisator_Website.png\",\"width\":800,\"height\":77,\"caption\":\"Organisator\"},\"image\":{\"@id\":\"https:\\\/\\\/www.organisator.ch\\\/#\\\/schema\\\/logo\\\/image\\\/\"},\"sameAs\":[\"https:\\\/\\\/www.facebook.com\\\/OrganisatorFachmagazin\",\"https:\\\/\\\/www.linkedin.com\\\/showcase\\\/organisator-das-magazin-fr-kmu\",\"https:\\\/\\\/www.xing.com\\\/news\\\/pages\\\/organisator-ch-695\",\"https:\\\/\\\/www.youtube.com\\\/channel\\\/UCGP2Sq0iWaZwT3BdIAQFYpw\"]},{\"@type\":\"Person\",\"@id\":\"https:\\\/\\\/www.organisator.ch\\\/#\\\/schema\\\/person\\\/6f650f90b2842cd4c0cc334b4e36f67e\",\"name\":\"thomas.berner\",\"image\":{\"@type\":\"ImageObject\",\"inLanguage\":\"fr-FR\",\"@id\":\"https:\\\/\\\/secure.gravatar.com\\\/avatar\\\/ac5001d2a36cb6c6cd3e50789007ffca834b477b74a2144564522e944eabff61?s=96&d=mm&r=g\",\"url\":\"https:\\\/\\\/secure.gravatar.com\\\/avatar\\\/ac5001d2a36cb6c6cd3e50789007ffca834b477b74a2144564522e944eabff61?s=96&d=mm&r=g\",\"contentUrl\":\"https:\\\/\\\/secure.gravatar.com\\\/avatar\\\/ac5001d2a36cb6c6cd3e50789007ffca834b477b74a2144564522e944eabff61?s=96&d=mm&r=g\",\"caption\":\"thomas.berner\"},\"url\":\"https:\\\/\\\/www.organisator.ch\\\/fr\\\/author\\\/thomas-berner\\\/\"}]}<\/script>\n<!-- \/ Yoast SEO plugin. -->","yoast_head_json":{"title":"Lancement de la phase de candidature pour le New Work Award 2023 - Organisateur","description":"Avec le New Work Award 2023, c'est la 10e fois que le prix est d\u00e9cern\u00e9 pour un travail tourn\u00e9 vers l'avenir dans l'espace germanophone.","robots":{"index":"index","follow":"follow","max-snippet":"max-snippet:-1","max-image-preview":"max-image-preview:large","max-video-preview":"max-video-preview:-1"},"canonical":"https:\/\/www.organisator.ch\/fr\/ressources-humaines\/2023-01-27\/bewerbungsphase-fuer-new-work-award-2023-gestartet\/","og_locale":"fr_FR","og_type":"article","og_title":"Bewerbungsphase f\u00fcr New Work Award 2023 gestartet","og_description":"Mit dem New Work Award 2023 wird zum 10. Mal der Preis f\u00fcr zukunftsweisendes Arbeiten im deutschsprachigen Raum verliehen.","og_url":"https:\/\/www.organisator.ch\/fr\/ressources-humaines\/2023-01-27\/bewerbungsphase-fuer-new-work-award-2023-gestartet\/","og_site_name":"Organisator","article_publisher":"https:\/\/www.facebook.com\/OrganisatorFachmagazin","article_published_time":"2023-01-27T15:17:24+00:00","og_image":[{"width":680,"height":467,"url":"https:\/\/www.organisator.ch\/wp-content\/uploads\/2023\/01\/Bewerbungsphase-fuer-New-Work-Award-2023-gestartet_Organisator.jpg","type":"image\/jpeg"}],"author":"thomas.berner","twitter_card":"summary_large_image","twitter_title":"#Bewerbungsphase f\u00fcr New Work Award 2023 gestartet","twitter_description":"Mit dem #NewWorkAward 2023 wird zum 10. Mal der Preis f\u00fcr zukunftsweisendes Arbeiten im deutschsprachigen Raum verliehen.","twitter_image":"https:\/\/www.organisator.ch\/wp-content\/uploads\/2023\/01\/Bewerbungsphase-fuer-New-Work-Award-2023-gestartet_Organisator.jpg","schema":{"@context":"https:\/\/schema.org","@graph":[{"@type":"Article","@id":"https:\/\/www.organisator.ch\/human-resources\/2023-01-27\/bewerbungsphase-fuer-new-work-award-2023-gestartet\/#article","isPartOf":{"@id":"https:\/\/www.organisator.ch\/human-resources\/2023-01-27\/bewerbungsphase-fuer-new-work-award-2023-gestartet\/"},"author":{"name":"thomas.berner","@id":"https:\/\/www.organisator.ch\/#\/schema\/person\/6f650f90b2842cd4c0cc334b4e36f67e"},"headline":"Bewerbungsphase f\u00fcr New Work Award 2023 gestartet","datePublished":"2023-01-27T15:17:24+00:00","mainEntityOfPage":{"@id":"https:\/\/www.organisator.ch\/human-resources\/2023-01-27\/bewerbungsphase-fuer-new-work-award-2023-gestartet\/"},"wordCount":501,"publisher":{"@id":"https:\/\/www.organisator.ch\/#organization"},"image":{"@id":"https:\/\/www.organisator.ch\/human-resources\/2023-01-27\/bewerbungsphase-fuer-new-work-award-2023-gestartet\/#primaryimage"},"thumbnailUrl":"https:\/\/www.organisator.ch\/wp-content\/uploads\/2023\/01\/Bewerbungsphase-fuer-New-Work-Award-2023-gestartet_Organisator.jpg","keywords":["Awards","HRM","New Work"],"articleSection":["HUMAN RESOURCES"],"inLanguage":"fr-FR"},{"@type":"WebPage","@id":"https:\/\/www.organisator.ch\/human-resources\/2023-01-27\/bewerbungsphase-fuer-new-work-award-2023-gestartet\/","url":"https:\/\/www.organisator.ch\/human-resources\/2023-01-27\/bewerbungsphase-fuer-new-work-award-2023-gestartet\/","name":"Lancement de la phase de candidature pour le New Work Award 2023 - Organisateur","isPartOf":{"@id":"https:\/\/www.organisator.ch\/#website"},"primaryImageOfPage":{"@id":"https:\/\/www.organisator.ch\/human-resources\/2023-01-27\/bewerbungsphase-fuer-new-work-award-2023-gestartet\/#primaryimage"},"image":{"@id":"https:\/\/www.organisator.ch\/human-resources\/2023-01-27\/bewerbungsphase-fuer-new-work-award-2023-gestartet\/#primaryimage"},"thumbnailUrl":"https:\/\/www.organisator.ch\/wp-content\/uploads\/2023\/01\/Bewerbungsphase-fuer-New-Work-Award-2023-gestartet_Organisator.jpg","datePublished":"2023-01-27T15:17:24+00:00","description":"Avec le New Work Award 2023, c'est la 10e fois que le prix est d\u00e9cern\u00e9 pour un travail tourn\u00e9 vers l'avenir dans l'espace germanophone.","breadcrumb":{"@id":"https:\/\/www.organisator.ch\/human-resources\/2023-01-27\/bewerbungsphase-fuer-new-work-award-2023-gestartet\/#breadcrumb"},"inLanguage":"fr-FR","potentialAction":[{"@type":"ReadAction","target":["https:\/\/www.organisator.ch\/human-resources\/2023-01-27\/bewerbungsphase-fuer-new-work-award-2023-gestartet\/"]}]},{"@type":"ImageObject","inLanguage":"fr-FR","@id":"https:\/\/www.organisator.ch\/human-resources\/2023-01-27\/bewerbungsphase-fuer-new-work-award-2023-gestartet\/#primaryimage","url":"https:\/\/www.organisator.ch\/wp-content\/uploads\/2023\/01\/Bewerbungsphase-fuer-New-Work-Award-2023-gestartet_Organisator.jpg","contentUrl":"https:\/\/www.organisator.ch\/wp-content\/uploads\/2023\/01\/Bewerbungsphase-fuer-New-Work-Award-2023-gestartet_Organisator.jpg","width":680,"height":467,"caption":"Die Bewerbungsphase f\u00fcr den New Work Award 2023 ist angelaufen. Zu w\u00fcnschen w\u00e4re auch Hier Impressionen der Preisverleihung anl\u00e4sslich der NWX22 in Hamburg. (Bild: Thomas Berner)"},{"@type":"BreadcrumbList","@id":"https:\/\/www.organisator.ch\/human-resources\/2023-01-27\/bewerbungsphase-fuer-new-work-award-2023-gestartet\/#breadcrumb","itemListElement":[{"@type":"ListItem","position":1,"name":"Home","item":"https:\/\/www.organisator.ch\/"},{"@type":"ListItem","position":2,"name":"Bewerbungsphase f\u00fcr New Work Award 2023 gestartet"}]},{"@type":"WebSite","@id":"https:\/\/www.organisator.ch\/#website","url":"https:\/\/www.organisator.ch\/","name":"Organisateur","description":"Comp\u00e9tence et comp\u00e9tence. Proches de la pratique. L'ORGANISATEUR pr\u00e9pare 10 num\u00e9ros par an sur les th\u00e8mes essentiels pour les dirigeants de PME.","publisher":{"@id":"https:\/\/www.organisator.ch\/#organization"},"potentialAction":[{"@type":"SearchAction","target":{"@type":"EntryPoint","urlTemplate":"https:\/\/www.organisator.ch\/?s={search_term_string}"},"query-input":{"@type":"PropertyValueSpecification","valueRequired":true,"valueName":"search_term_string"}}],"inLanguage":"fr-FR"},{"@type":"Organization","@id":"https:\/\/www.organisator.ch\/#organization","name":"Organisateur","url":"https:\/\/www.organisator.ch\/","logo":{"@type":"ImageObject","inLanguage":"fr-FR","@id":"https:\/\/www.organisator.ch\/#\/schema\/logo\/image\/","url":"https:\/\/www.organisator.ch\/wp-content\/uploads\/2022\/01\/Logo_Organisator_Website.png","contentUrl":"https:\/\/www.organisator.ch\/wp-content\/uploads\/2022\/01\/Logo_Organisator_Website.png","width":800,"height":77,"caption":"Organisator"},"image":{"@id":"https:\/\/www.organisator.ch\/#\/schema\/logo\/image\/"},"sameAs":["https:\/\/www.facebook.com\/OrganisatorFachmagazin","https:\/\/www.linkedin.com\/showcase\/organisator-das-magazin-fr-kmu","https:\/\/www.xing.com\/news\/pages\/organisator-ch-695","https:\/\/www.youtube.com\/channel\/UCGP2Sq0iWaZwT3BdIAQFYpw"]},{"@type":"Person","@id":"https:\/\/www.organisator.ch\/#\/schema\/person\/6f650f90b2842cd4c0cc334b4e36f67e","name":"thomas.berner","image":{"@type":"ImageObject","inLanguage":"fr-FR","@id":"https:\/\/secure.gravatar.com\/avatar\/ac5001d2a36cb6c6cd3e50789007ffca834b477b74a2144564522e944eabff61?s=96&d=mm&r=g","url":"https:\/\/secure.gravatar.com\/avatar\/ac5001d2a36cb6c6cd3e50789007ffca834b477b74a2144564522e944eabff61?s=96&d=mm&r=g","contentUrl":"https:\/\/secure.gravatar.com\/avatar\/ac5001d2a36cb6c6cd3e50789007ffca834b477b74a2144564522e944eabff61?s=96&d=mm&r=g","caption":"thomas.berner"},"url":"https:\/\/www.organisator.ch\/fr\/author\/thomas-berner\/"}]}},"_links":{"self":[{"href":"https:\/\/www.organisator.ch\/fr\/wp-json\/wp\/v2\/posts\/18644","targetHints":{"allow":["GET"]}}],"collection":[{"href":"https:\/\/www.organisator.ch\/fr\/wp-json\/wp\/v2\/posts"}],"about":[{"href":"https:\/\/www.organisator.ch\/fr\/wp-json\/wp\/v2\/types\/post"}],"author":[{"embeddable":true,"href":"https:\/\/www.organisator.ch\/fr\/wp-json\/wp\/v2\/users\/4"}],"replies":[{"embeddable":true,"href":"https:\/\/www.organisator.ch\/fr\/wp-json\/wp\/v2\/comments?post=18644"}],"version-history":[{"count":1,"href":"https:\/\/www.organisator.ch\/fr\/wp-json\/wp\/v2\/posts\/18644\/revisions"}],"predecessor-version":[{"id":18647,"href":"https:\/\/www.organisator.ch\/fr\/wp-json\/wp\/v2\/posts\/18644\/revisions\/18647"}],"wp:featuredmedia":[{"embeddable":true,"href":"https:\/\/www.organisator.ch\/fr\/wp-json\/wp\/v2\/media\/18646"}],"wp:attachment":[{"href":"https:\/\/www.organisator.ch\/fr\/wp-json\/wp\/v2\/media?parent=18644"}],"wp:term":[{"taxonomy":"category","embeddable":true,"href":"https:\/\/www.organisator.ch\/fr\/wp-json\/wp\/v2\/categories?post=18644"},{"taxonomy":"post_tag","embeddable":true,"href":"https:\/\/www.organisator.ch\/fr\/wp-json\/wp\/v2\/tags?post=18644"}],"curies":[{"name":"wp","href":"https:\/\/api.w.org\/{rel}","templated":true}]}}