{"id":18655,"date":"2023-01-30T11:28:31","date_gmt":"2023-01-30T10:28:31","guid":{"rendered":"https:\/\/www.organisator.ch\/?p=18655"},"modified":"2023-01-30T11:28:31","modified_gmt":"2023-01-30T10:28:31","slug":"kmu-swiss-symposium-macht-des-vertrauens-manipulation-versus-vertrauen","status":"publish","type":"post","link":"https:\/\/www.organisator.ch\/fr\/allgemein\/2023-01-30\/kmu-swiss-symposium-macht-des-vertrauens-manipulation-versus-vertrauen\/","title":{"rendered":"PME Swiss Symposium : \"Le pouvoir de la confiance - Manipulation versus confiance !\""},"content":{"rendered":"<figure id=\"attachment_18656\" aria-describedby=\"caption-attachment-18656\" style=\"width: 680px\" class=\"wp-caption alignnone\"><img loading=\"lazy\" decoding=\"async\" class=\"size-full wp-image-18656\" src=\"https:\/\/www.organisator.ch\/wp-content\/uploads\/2023\/01\/KMU-Swiss-Symposium-Macht-des-Vertrauens-Manipulation-versus-Vertrauen_Organisator.jpg\" alt=\"\" width=\"680\" height=\"447\" srcset=\"https:\/\/www.organisator.ch\/wp-content\/uploads\/2023\/01\/KMU-Swiss-Symposium-Macht-des-Vertrauens-Manipulation-versus-Vertrauen_Organisator.jpg 680w, https:\/\/www.organisator.ch\/wp-content\/uploads\/2023\/01\/KMU-Swiss-Symposium-Macht-des-Vertrauens-Manipulation-versus-Vertrauen_Organisator-18x12.jpg 18w, https:\/\/www.organisator.ch\/wp-content\/uploads\/2023\/01\/KMU-Swiss-Symposium-Macht-des-Vertrauens-Manipulation-versus-Vertrauen_Organisator-375x247.jpg 375w, https:\/\/www.organisator.ch\/wp-content\/uploads\/2023\/01\/KMU-Swiss-Symposium-Macht-des-Vertrauens-Manipulation-versus-Vertrauen_Organisator-532x350.jpg 532w\" sizes=\"auto, (max-width: 680px) 100vw, 680px\" \/><figcaption id=\"caption-attachment-18656\" class=\"wp-caption-text\">Impressions du KMU Swiss Symposium de l'ann\u00e9e derni\u00e8re. Le 23 mars 2023, il sera question du \"pouvoir de la confiance\". (Photo : Alexander Wagner)<\/figcaption><\/figure>\n<p>Le KMU Swiss Symposium aura lieu le jeudi 23 mars 2023 au Trafo de Baden - dans les halles 36\/37. L'\u00e9v\u00e9nement se penche sur les perceptions et les r\u00e9alit\u00e9s de l'\u00e9conomie, de la soci\u00e9t\u00e9 et de la politique au sens large. Ce que nous voyons et entendons est-il vrai ? Sommes-nous confront\u00e9s aux limites de la perception ? Quelle est l'importance de la confiance ? Autant de questions auxquelles le symposium devrait apporter un d\u00e9but de r\u00e9ponse. Et ce, en tenant compte de l'actualit\u00e9 des tensions politiques mondiales qui nous attendent et des informations n\u00e9gatives persistantes de ces derni\u00e8res ann\u00e9es.<\/p>\n<h3>Une ambiance familiale et un prix d'entrepreneur<\/h3>\n<p>Le Swiss Entrepreneur Award sera d\u00e9cern\u00e9 pour la premi\u00e8re fois lors du symposium. Celui-ci a \u00e9t\u00e9 initi\u00e9 par la maison d'\u00e9dition Editorial AG en collaboration avec PME Swiss. Un jury compos\u00e9 de cadres de diff\u00e9rentes branches a \u00e9lu un cadre poss\u00e9dant d'excellentes qualit\u00e9s d'entrepreneur. Cette personne sera r\u00e9compens\u00e9e dans le cadre du symposium.<\/p>\n<p>Entre 300 et 500 participants sont attendus, avec d'illustres personnalit\u00e9s de l'\u00e9conomie et de la politique. \"Outre l'ambiance familiale, les participants appr\u00e9cient le haut niveau d'orientation pratique des expos\u00e9s\", explique Armin Baumann, initiateur de PME Swiss. Le symposium permet \u00e0 certains exposants de se pr\u00e9senter pendant les pauses de r\u00e9seautage.<\/p>\n<h3><strong>Le pouvoir de la confiance ou : Manipulation versus confiance ?<\/strong><\/h3>\n<p>Dans les affaires B2B comme dans la vie quotidienne, la confiance est l'un des facteurs les plus importants pour pouvoir \u00e9tablir une relation durable. La confiance est souvent exploit\u00e9e pour nuire \u00e0 autrui ou le manipuler. Dans la vie quotidienne, cela implique de v\u00e9rifier soi-m\u00eame et en permanence l'exactitude des informations afin de pouvoir prendre des d\u00e9cisions. Des th\u00e8mes tels que la cybercriminalit\u00e9, le leadership, le renseignement et la communication seront notamment abord\u00e9s par des intervenants de renom.<\/p>\n<p>Bas\u00e9es sur la confiance, les affaires et les relations peuvent conduire \u00e0 une action plus rapide et donc plus flexible. C'est pourquoi le secret de la r\u00e9ussite est aussi la confiance. Dans les communications, les informations sont utilis\u00e9es de mani\u00e8re cibl\u00e9e afin d'obtenir confiance et cr\u00e9dibilit\u00e9. Malheureusement, ces informations sont \u00e9galement utilis\u00e9es pour manipuler les gens.<\/p>\n<h3>Des intervenants de renom issus du monde \u00e9conomique et politique<\/h3>\n<p>Les conf\u00e9renciers du 23 mars 2023 sont :<\/p>\n<ul>\n<li>KKdT Thomas S\u00fcssli, chef de l'Arm\u00e9e suisse<\/li>\n<li>Ivano Somaini, analyste s\u00e9curit\u00e9 Compass Security Suisse SA<\/li>\n<li>Andreas Seonbuchner, PDG de Citizen Talk<\/li>\n<li>David Fiorucci, PDG de LP3 AG<\/li>\n<li>Monique Bourquin, administratrice de Multi et pr\u00e9sidente de l'association Promarca<\/li>\n<li>Thierry Burkart, Conseiller aux Etats d'Argovie et Pr\u00e9sident du PLR les Lib\u00e9raux-Radicaux<\/li>\n<li>Christof Moser, co-fondateur de Republik<\/li>\n<\/ul>\n<p>La pr\u00e9sentation sera assur\u00e9e une fois de plus par Hugo Bigi.<\/p>\n<p><em>Billets et informations compl\u00e9mentaires : <a href=\"http:\/\/www.kmuswiss.ch\/symposium\">www.kmuswiss.ch\/symposium<\/a><\/em><\/p>","protected":false},"excerpt":{"rendered":"<p>Das KMU Swiss Symposium findet am Donnerstag, 23. M\u00e4rz 2023, im Trafo in Baden \u2013 in den Hallen 36\/37 &#8211; statt. Der Anlass befasst sich im weitesten Sinn mit Wahrnehmungen und Realit\u00e4ten in Wirtschaft, Gesellschaft und Politik. Stimmt was wir sehen und h\u00f6ren? Stossen wir an Grenzen der Wahrnehmung? Wie wichtig ist Vertrauen? Fragen \u00fcber [&hellip;]<\/p>\n","protected":false},"author":4,"featured_media":18656,"comment_status":"closed","ping_status":"closed","sticky":false,"template":"","format":"standard","meta":{"_acf_changed":false,"_yoast_wpseo_focuskw":"Macht des Vertrauens","_yoast_wpseo_metadesc":"Am 23. M\u00e4rz 2023 diskutieren namhafte Referenten das Thema \u00abMacht des Vertrauens - Manipulation versus Vertrauen!\u00bb am KMU Swiss Symposium.","articlekey":"","footnotes":""},"categories":[1],"tags":[66,193,335],"class_list":["post-18655","post","type-post","status-publish","format-standard","has-post-thumbnail","hentry","category-allgemein","tag-awards","tag-fachkongressfachmesse","tag-management-und-unternehmensfuehrung"],"acf":[],"yoast_head":"<!-- This site is optimized with the Yoast SEO plugin v27.5 - https:\/\/yoast.com\/product\/yoast-seo-wordpress\/ -->\n<title>KMU Swiss Symposium: \u00abMacht des Vertrauens - Manipulation versus Vertrauen!\u00bb - Organisator<\/title>\n<meta name=\"description\" content=\"Am 23. M\u00e4rz 2023 diskutieren namhafte Referenten das Thema \u00abMacht des Vertrauens - Manipulation versus Vertrauen!\u00bb am KMU Swiss Symposium.\" \/>\n<meta name=\"robots\" content=\"index, follow, max-snippet:-1, max-image-preview:large, max-video-preview:-1\" \/>\n<link rel=\"canonical\" href=\"https:\/\/www.organisator.ch\/fr\/general\/2023-01-30\/kmu-swiss-symposium-macht-des-vertrauens-manipulation-versus-vertrauen\/\" \/>\n<meta property=\"og:locale\" content=\"fr_FR\" \/>\n<meta property=\"og:type\" content=\"article\" \/>\n<meta property=\"og:title\" content=\"KMU Swiss Symposium: \u00abMacht des Vertrauens - Manipulation versus Vertrauen!\u00bb\" \/>\n<meta property=\"og:description\" content=\"Am 23. M\u00e4rz 2023 diskutieren namhafte Referenten das Thema \u00abMacht des Vertrauens - Manipulation versus Vertrauen!\u00bb am KMU Swiss Symposium.\" \/>\n<meta property=\"og:url\" content=\"https:\/\/www.organisator.ch\/fr\/general\/2023-01-30\/kmu-swiss-symposium-macht-des-vertrauens-manipulation-versus-vertrauen\/\" \/>\n<meta property=\"og:site_name\" content=\"Organisator\" \/>\n<meta property=\"article:publisher\" content=\"https:\/\/www.facebook.com\/OrganisatorFachmagazin\" \/>\n<meta property=\"article:published_time\" content=\"2023-01-30T10:28:31+00:00\" \/>\n<meta property=\"og:image\" content=\"https:\/\/www.organisator.ch\/wp-content\/uploads\/2023\/01\/KMU-Swiss-Symposium-Macht-des-Vertrauens-Manipulation-versus-Vertrauen_Organisator.jpg\" \/>\n\t<meta property=\"og:image:width\" content=\"680\" \/>\n\t<meta property=\"og:image:height\" content=\"447\" \/>\n\t<meta property=\"og:image:type\" content=\"image\/jpeg\" \/>\n<meta name=\"author\" content=\"thomas.berner\" \/>\n<meta name=\"twitter:card\" content=\"summary_large_image\" \/>\n<meta name=\"twitter:title\" content=\"KMU Swiss #Symposium: \u00abMacht des Vertrauens - #Manipulation versus Vertrauen!\u00bb\" \/>\n<meta name=\"twitter:description\" content=\"Am 23. M\u00e4rz 2023 diskutieren namhafte Referenten das Thema \u00abMacht des Vertrauens - Manipulation versus Vertrauen!\u00bb am #KMUSwiss Symposium.\" \/>\n<meta name=\"twitter:image\" content=\"https:\/\/www.organisator.ch\/wp-content\/uploads\/2023\/01\/KMU-Swiss-Symposium-Macht-des-Vertrauens-Manipulation-versus-Vertrauen_Organisator.jpg\" \/>\n<script type=\"application\/ld+json\" class=\"yoast-schema-graph\">{\"@context\":\"https:\\\/\\\/schema.org\",\"@graph\":[{\"@type\":\"Article\",\"@id\":\"https:\\\/\\\/www.organisator.ch\\\/allgemein\\\/2023-01-30\\\/kmu-swiss-symposium-macht-des-vertrauens-manipulation-versus-vertrauen\\\/#article\",\"isPartOf\":{\"@id\":\"https:\\\/\\\/www.organisator.ch\\\/allgemein\\\/2023-01-30\\\/kmu-swiss-symposium-macht-des-vertrauens-manipulation-versus-vertrauen\\\/\"},\"author\":{\"name\":\"thomas.berner\",\"@id\":\"https:\\\/\\\/www.organisator.ch\\\/#\\\/schema\\\/person\\\/6f650f90b2842cd4c0cc334b4e36f67e\"},\"headline\":\"KMU Swiss Symposium: \u00abMacht des Vertrauens &#8211; Manipulation versus Vertrauen!\u00bb\",\"datePublished\":\"2023-01-30T10:28:31+00:00\",\"mainEntityOfPage\":{\"@id\":\"https:\\\/\\\/www.organisator.ch\\\/allgemein\\\/2023-01-30\\\/kmu-swiss-symposium-macht-des-vertrauens-manipulation-versus-vertrauen\\\/\"},\"wordCount\":432,\"publisher\":{\"@id\":\"https:\\\/\\\/www.organisator.ch\\\/#organization\"},\"image\":{\"@id\":\"https:\\\/\\\/www.organisator.ch\\\/allgemein\\\/2023-01-30\\\/kmu-swiss-symposium-macht-des-vertrauens-manipulation-versus-vertrauen\\\/#primaryimage\"},\"thumbnailUrl\":\"https:\\\/\\\/www.organisator.ch\\\/wp-content\\\/uploads\\\/2023\\\/01\\\/KMU-Swiss-Symposium-Macht-des-Vertrauens-Manipulation-versus-Vertrauen_Organisator.jpg\",\"keywords\":[\"Awards\",\"Fachkongress\\\/Fachmesse\",\"Management und Unternehmensf\u00fchrung\"],\"articleSection\":[\"Allgemein\"],\"inLanguage\":\"fr-FR\"},{\"@type\":\"WebPage\",\"@id\":\"https:\\\/\\\/www.organisator.ch\\\/allgemein\\\/2023-01-30\\\/kmu-swiss-symposium-macht-des-vertrauens-manipulation-versus-vertrauen\\\/\",\"url\":\"https:\\\/\\\/www.organisator.ch\\\/allgemein\\\/2023-01-30\\\/kmu-swiss-symposium-macht-des-vertrauens-manipulation-versus-vertrauen\\\/\",\"name\":\"KMU Swiss Symposium: \u00abMacht des Vertrauens - Manipulation versus Vertrauen!\u00bb - Organisator\",\"isPartOf\":{\"@id\":\"https:\\\/\\\/www.organisator.ch\\\/#website\"},\"primaryImageOfPage\":{\"@id\":\"https:\\\/\\\/www.organisator.ch\\\/allgemein\\\/2023-01-30\\\/kmu-swiss-symposium-macht-des-vertrauens-manipulation-versus-vertrauen\\\/#primaryimage\"},\"image\":{\"@id\":\"https:\\\/\\\/www.organisator.ch\\\/allgemein\\\/2023-01-30\\\/kmu-swiss-symposium-macht-des-vertrauens-manipulation-versus-vertrauen\\\/#primaryimage\"},\"thumbnailUrl\":\"https:\\\/\\\/www.organisator.ch\\\/wp-content\\\/uploads\\\/2023\\\/01\\\/KMU-Swiss-Symposium-Macht-des-Vertrauens-Manipulation-versus-Vertrauen_Organisator.jpg\",\"datePublished\":\"2023-01-30T10:28:31+00:00\",\"description\":\"Am 23. M\u00e4rz 2023 diskutieren namhafte Referenten das Thema \u00abMacht des Vertrauens - Manipulation versus Vertrauen!\u00bb am KMU Swiss Symposium.\",\"breadcrumb\":{\"@id\":\"https:\\\/\\\/www.organisator.ch\\\/allgemein\\\/2023-01-30\\\/kmu-swiss-symposium-macht-des-vertrauens-manipulation-versus-vertrauen\\\/#breadcrumb\"},\"inLanguage\":\"fr-FR\",\"potentialAction\":[{\"@type\":\"ReadAction\",\"target\":[\"https:\\\/\\\/www.organisator.ch\\\/allgemein\\\/2023-01-30\\\/kmu-swiss-symposium-macht-des-vertrauens-manipulation-versus-vertrauen\\\/\"]}]},{\"@type\":\"ImageObject\",\"inLanguage\":\"fr-FR\",\"@id\":\"https:\\\/\\\/www.organisator.ch\\\/allgemein\\\/2023-01-30\\\/kmu-swiss-symposium-macht-des-vertrauens-manipulation-versus-vertrauen\\\/#primaryimage\",\"url\":\"https:\\\/\\\/www.organisator.ch\\\/wp-content\\\/uploads\\\/2023\\\/01\\\/KMU-Swiss-Symposium-Macht-des-Vertrauens-Manipulation-versus-Vertrauen_Organisator.jpg\",\"contentUrl\":\"https:\\\/\\\/www.organisator.ch\\\/wp-content\\\/uploads\\\/2023\\\/01\\\/KMU-Swiss-Symposium-Macht-des-Vertrauens-Manipulation-versus-Vertrauen_Organisator.jpg\",\"width\":680,\"height\":447,\"caption\":\"Impressionen vom letztj\u00e4hrigen KMU Swiss Symposium. Am 23. M\u00e4rz 2023 geht es um das Thema \\\"Macht des Vertrauens\\\". (Foto: Alexander Wagner)\"},{\"@type\":\"BreadcrumbList\",\"@id\":\"https:\\\/\\\/www.organisator.ch\\\/allgemein\\\/2023-01-30\\\/kmu-swiss-symposium-macht-des-vertrauens-manipulation-versus-vertrauen\\\/#breadcrumb\",\"itemListElement\":[{\"@type\":\"ListItem\",\"position\":1,\"name\":\"Home\",\"item\":\"https:\\\/\\\/www.organisator.ch\\\/\"},{\"@type\":\"ListItem\",\"position\":2,\"name\":\"KMU Swiss Symposium: \u00abMacht des Vertrauens &#8211; Manipulation versus Vertrauen!\u00bb\"}]},{\"@type\":\"WebSite\",\"@id\":\"https:\\\/\\\/www.organisator.ch\\\/#website\",\"url\":\"https:\\\/\\\/www.organisator.ch\\\/\",\"name\":\"Organisator\",\"description\":\"Kompetent. Praxisnah. Der ORGANISATOR bereitet in 10 Ausgaben pro Jahr die wesentlichen Themen f\u00fcr F\u00fchrungskr\u00e4fte von KMU auf.\",\"publisher\":{\"@id\":\"https:\\\/\\\/www.organisator.ch\\\/#organization\"},\"potentialAction\":[{\"@type\":\"SearchAction\",\"target\":{\"@type\":\"EntryPoint\",\"urlTemplate\":\"https:\\\/\\\/www.organisator.ch\\\/?s={search_term_string}\"},\"query-input\":{\"@type\":\"PropertyValueSpecification\",\"valueRequired\":true,\"valueName\":\"search_term_string\"}}],\"inLanguage\":\"fr-FR\"},{\"@type\":\"Organization\",\"@id\":\"https:\\\/\\\/www.organisator.ch\\\/#organization\",\"name\":\"Organisator\",\"url\":\"https:\\\/\\\/www.organisator.ch\\\/\",\"logo\":{\"@type\":\"ImageObject\",\"inLanguage\":\"fr-FR\",\"@id\":\"https:\\\/\\\/www.organisator.ch\\\/#\\\/schema\\\/logo\\\/image\\\/\",\"url\":\"https:\\\/\\\/www.organisator.ch\\\/wp-content\\\/uploads\\\/2022\\\/01\\\/Logo_Organisator_Website.png\",\"contentUrl\":\"https:\\\/\\\/www.organisator.ch\\\/wp-content\\\/uploads\\\/2022\\\/01\\\/Logo_Organisator_Website.png\",\"width\":800,\"height\":77,\"caption\":\"Organisator\"},\"image\":{\"@id\":\"https:\\\/\\\/www.organisator.ch\\\/#\\\/schema\\\/logo\\\/image\\\/\"},\"sameAs\":[\"https:\\\/\\\/www.facebook.com\\\/OrganisatorFachmagazin\",\"https:\\\/\\\/www.linkedin.com\\\/showcase\\\/organisator-das-magazin-fr-kmu\",\"https:\\\/\\\/www.xing.com\\\/news\\\/pages\\\/organisator-ch-695\",\"https:\\\/\\\/www.youtube.com\\\/channel\\\/UCGP2Sq0iWaZwT3BdIAQFYpw\"]},{\"@type\":\"Person\",\"@id\":\"https:\\\/\\\/www.organisator.ch\\\/#\\\/schema\\\/person\\\/6f650f90b2842cd4c0cc334b4e36f67e\",\"name\":\"thomas.berner\",\"image\":{\"@type\":\"ImageObject\",\"inLanguage\":\"fr-FR\",\"@id\":\"https:\\\/\\\/secure.gravatar.com\\\/avatar\\\/ac5001d2a36cb6c6cd3e50789007ffca834b477b74a2144564522e944eabff61?s=96&d=mm&r=g\",\"url\":\"https:\\\/\\\/secure.gravatar.com\\\/avatar\\\/ac5001d2a36cb6c6cd3e50789007ffca834b477b74a2144564522e944eabff61?s=96&d=mm&r=g\",\"contentUrl\":\"https:\\\/\\\/secure.gravatar.com\\\/avatar\\\/ac5001d2a36cb6c6cd3e50789007ffca834b477b74a2144564522e944eabff61?s=96&d=mm&r=g\",\"caption\":\"thomas.berner\"},\"url\":\"https:\\\/\\\/www.organisator.ch\\\/fr\\\/author\\\/thomas-berner\\\/\"}]}<\/script>\n<!-- \/ Yoast SEO plugin. -->","yoast_head_json":{"title":"Symposium PME Suisse : \"Le pouvoir de la confiance - Manipulation versus confiance !\" - Organisateur","description":"Le 23 mars 2023, des intervenants de renom discuteront du th\u00e8me \"Le pouvoir de la confiance - Manipulation versus confiance !\" lors du PME Swiss Symposium.","robots":{"index":"index","follow":"follow","max-snippet":"max-snippet:-1","max-image-preview":"max-image-preview:large","max-video-preview":"max-video-preview:-1"},"canonical":"https:\/\/www.organisator.ch\/fr\/general\/2023-01-30\/kmu-swiss-symposium-macht-des-vertrauens-manipulation-versus-vertrauen\/","og_locale":"fr_FR","og_type":"article","og_title":"KMU Swiss Symposium: \u00abMacht des Vertrauens - Manipulation versus Vertrauen!\u00bb","og_description":"Am 23. M\u00e4rz 2023 diskutieren namhafte Referenten das Thema \u00abMacht des Vertrauens - Manipulation versus Vertrauen!\u00bb am KMU Swiss Symposium.","og_url":"https:\/\/www.organisator.ch\/fr\/general\/2023-01-30\/kmu-swiss-symposium-macht-des-vertrauens-manipulation-versus-vertrauen\/","og_site_name":"Organisator","article_publisher":"https:\/\/www.facebook.com\/OrganisatorFachmagazin","article_published_time":"2023-01-30T10:28:31+00:00","og_image":[{"width":680,"height":447,"url":"https:\/\/www.organisator.ch\/wp-content\/uploads\/2023\/01\/KMU-Swiss-Symposium-Macht-des-Vertrauens-Manipulation-versus-Vertrauen_Organisator.jpg","type":"image\/jpeg"}],"author":"thomas.berner","twitter_card":"summary_large_image","twitter_title":"KMU Swiss #Symposium: \u00abMacht des Vertrauens - #Manipulation versus Vertrauen!\u00bb","twitter_description":"Am 23. M\u00e4rz 2023 diskutieren namhafte Referenten das Thema \u00abMacht des Vertrauens - Manipulation versus Vertrauen!\u00bb am #KMUSwiss Symposium.","twitter_image":"https:\/\/www.organisator.ch\/wp-content\/uploads\/2023\/01\/KMU-Swiss-Symposium-Macht-des-Vertrauens-Manipulation-versus-Vertrauen_Organisator.jpg","schema":{"@context":"https:\/\/schema.org","@graph":[{"@type":"Article","@id":"https:\/\/www.organisator.ch\/allgemein\/2023-01-30\/kmu-swiss-symposium-macht-des-vertrauens-manipulation-versus-vertrauen\/#article","isPartOf":{"@id":"https:\/\/www.organisator.ch\/allgemein\/2023-01-30\/kmu-swiss-symposium-macht-des-vertrauens-manipulation-versus-vertrauen\/"},"author":{"name":"thomas.berner","@id":"https:\/\/www.organisator.ch\/#\/schema\/person\/6f650f90b2842cd4c0cc334b4e36f67e"},"headline":"KMU Swiss Symposium: \u00abMacht des Vertrauens &#8211; Manipulation versus Vertrauen!\u00bb","datePublished":"2023-01-30T10:28:31+00:00","mainEntityOfPage":{"@id":"https:\/\/www.organisator.ch\/allgemein\/2023-01-30\/kmu-swiss-symposium-macht-des-vertrauens-manipulation-versus-vertrauen\/"},"wordCount":432,"publisher":{"@id":"https:\/\/www.organisator.ch\/#organization"},"image":{"@id":"https:\/\/www.organisator.ch\/allgemein\/2023-01-30\/kmu-swiss-symposium-macht-des-vertrauens-manipulation-versus-vertrauen\/#primaryimage"},"thumbnailUrl":"https:\/\/www.organisator.ch\/wp-content\/uploads\/2023\/01\/KMU-Swiss-Symposium-Macht-des-Vertrauens-Manipulation-versus-Vertrauen_Organisator.jpg","keywords":["Awards","Fachkongress\/Fachmesse","Management und Unternehmensf\u00fchrung"],"articleSection":["Allgemein"],"inLanguage":"fr-FR"},{"@type":"WebPage","@id":"https:\/\/www.organisator.ch\/allgemein\/2023-01-30\/kmu-swiss-symposium-macht-des-vertrauens-manipulation-versus-vertrauen\/","url":"https:\/\/www.organisator.ch\/allgemein\/2023-01-30\/kmu-swiss-symposium-macht-des-vertrauens-manipulation-versus-vertrauen\/","name":"Symposium PME Suisse : \"Le pouvoir de la confiance - Manipulation versus confiance !\" - Organisateur","isPartOf":{"@id":"https:\/\/www.organisator.ch\/#website"},"primaryImageOfPage":{"@id":"https:\/\/www.organisator.ch\/allgemein\/2023-01-30\/kmu-swiss-symposium-macht-des-vertrauens-manipulation-versus-vertrauen\/#primaryimage"},"image":{"@id":"https:\/\/www.organisator.ch\/allgemein\/2023-01-30\/kmu-swiss-symposium-macht-des-vertrauens-manipulation-versus-vertrauen\/#primaryimage"},"thumbnailUrl":"https:\/\/www.organisator.ch\/wp-content\/uploads\/2023\/01\/KMU-Swiss-Symposium-Macht-des-Vertrauens-Manipulation-versus-Vertrauen_Organisator.jpg","datePublished":"2023-01-30T10:28:31+00:00","description":"Le 23 mars 2023, des intervenants de renom discuteront du th\u00e8me \"Le pouvoir de la confiance - Manipulation versus confiance !\" lors du PME Swiss Symposium.","breadcrumb":{"@id":"https:\/\/www.organisator.ch\/allgemein\/2023-01-30\/kmu-swiss-symposium-macht-des-vertrauens-manipulation-versus-vertrauen\/#breadcrumb"},"inLanguage":"fr-FR","potentialAction":[{"@type":"ReadAction","target":["https:\/\/www.organisator.ch\/allgemein\/2023-01-30\/kmu-swiss-symposium-macht-des-vertrauens-manipulation-versus-vertrauen\/"]}]},{"@type":"ImageObject","inLanguage":"fr-FR","@id":"https:\/\/www.organisator.ch\/allgemein\/2023-01-30\/kmu-swiss-symposium-macht-des-vertrauens-manipulation-versus-vertrauen\/#primaryimage","url":"https:\/\/www.organisator.ch\/wp-content\/uploads\/2023\/01\/KMU-Swiss-Symposium-Macht-des-Vertrauens-Manipulation-versus-Vertrauen_Organisator.jpg","contentUrl":"https:\/\/www.organisator.ch\/wp-content\/uploads\/2023\/01\/KMU-Swiss-Symposium-Macht-des-Vertrauens-Manipulation-versus-Vertrauen_Organisator.jpg","width":680,"height":447,"caption":"Impressionen vom letztj\u00e4hrigen KMU Swiss Symposium. Am 23. M\u00e4rz 2023 geht es um das Thema \"Macht des Vertrauens\". (Foto: Alexander Wagner)"},{"@type":"BreadcrumbList","@id":"https:\/\/www.organisator.ch\/allgemein\/2023-01-30\/kmu-swiss-symposium-macht-des-vertrauens-manipulation-versus-vertrauen\/#breadcrumb","itemListElement":[{"@type":"ListItem","position":1,"name":"Home","item":"https:\/\/www.organisator.ch\/"},{"@type":"ListItem","position":2,"name":"KMU Swiss Symposium: \u00abMacht des Vertrauens &#8211; Manipulation versus Vertrauen!\u00bb"}]},{"@type":"WebSite","@id":"https:\/\/www.organisator.ch\/#website","url":"https:\/\/www.organisator.ch\/","name":"Organisateur","description":"Comp\u00e9tence et comp\u00e9tence. Proches de la pratique. L'ORGANISATEUR pr\u00e9pare 10 num\u00e9ros par an sur les th\u00e8mes essentiels pour les dirigeants de PME.","publisher":{"@id":"https:\/\/www.organisator.ch\/#organization"},"potentialAction":[{"@type":"SearchAction","target":{"@type":"EntryPoint","urlTemplate":"https:\/\/www.organisator.ch\/?s={search_term_string}"},"query-input":{"@type":"PropertyValueSpecification","valueRequired":true,"valueName":"search_term_string"}}],"inLanguage":"fr-FR"},{"@type":"Organization","@id":"https:\/\/www.organisator.ch\/#organization","name":"Organisateur","url":"https:\/\/www.organisator.ch\/","logo":{"@type":"ImageObject","inLanguage":"fr-FR","@id":"https:\/\/www.organisator.ch\/#\/schema\/logo\/image\/","url":"https:\/\/www.organisator.ch\/wp-content\/uploads\/2022\/01\/Logo_Organisator_Website.png","contentUrl":"https:\/\/www.organisator.ch\/wp-content\/uploads\/2022\/01\/Logo_Organisator_Website.png","width":800,"height":77,"caption":"Organisator"},"image":{"@id":"https:\/\/www.organisator.ch\/#\/schema\/logo\/image\/"},"sameAs":["https:\/\/www.facebook.com\/OrganisatorFachmagazin","https:\/\/www.linkedin.com\/showcase\/organisator-das-magazin-fr-kmu","https:\/\/www.xing.com\/news\/pages\/organisator-ch-695","https:\/\/www.youtube.com\/channel\/UCGP2Sq0iWaZwT3BdIAQFYpw"]},{"@type":"Person","@id":"https:\/\/www.organisator.ch\/#\/schema\/person\/6f650f90b2842cd4c0cc334b4e36f67e","name":"thomas.berner","image":{"@type":"ImageObject","inLanguage":"fr-FR","@id":"https:\/\/secure.gravatar.com\/avatar\/ac5001d2a36cb6c6cd3e50789007ffca834b477b74a2144564522e944eabff61?s=96&d=mm&r=g","url":"https:\/\/secure.gravatar.com\/avatar\/ac5001d2a36cb6c6cd3e50789007ffca834b477b74a2144564522e944eabff61?s=96&d=mm&r=g","contentUrl":"https:\/\/secure.gravatar.com\/avatar\/ac5001d2a36cb6c6cd3e50789007ffca834b477b74a2144564522e944eabff61?s=96&d=mm&r=g","caption":"thomas.berner"},"url":"https:\/\/www.organisator.ch\/fr\/author\/thomas-berner\/"}]}},"_links":{"self":[{"href":"https:\/\/www.organisator.ch\/fr\/wp-json\/wp\/v2\/posts\/18655","targetHints":{"allow":["GET"]}}],"collection":[{"href":"https:\/\/www.organisator.ch\/fr\/wp-json\/wp\/v2\/posts"}],"about":[{"href":"https:\/\/www.organisator.ch\/fr\/wp-json\/wp\/v2\/types\/post"}],"author":[{"embeddable":true,"href":"https:\/\/www.organisator.ch\/fr\/wp-json\/wp\/v2\/users\/4"}],"replies":[{"embeddable":true,"href":"https:\/\/www.organisator.ch\/fr\/wp-json\/wp\/v2\/comments?post=18655"}],"version-history":[{"count":1,"href":"https:\/\/www.organisator.ch\/fr\/wp-json\/wp\/v2\/posts\/18655\/revisions"}],"predecessor-version":[{"id":18657,"href":"https:\/\/www.organisator.ch\/fr\/wp-json\/wp\/v2\/posts\/18655\/revisions\/18657"}],"wp:featuredmedia":[{"embeddable":true,"href":"https:\/\/www.organisator.ch\/fr\/wp-json\/wp\/v2\/media\/18656"}],"wp:attachment":[{"href":"https:\/\/www.organisator.ch\/fr\/wp-json\/wp\/v2\/media?parent=18655"}],"wp:term":[{"taxonomy":"category","embeddable":true,"href":"https:\/\/www.organisator.ch\/fr\/wp-json\/wp\/v2\/categories?post=18655"},{"taxonomy":"post_tag","embeddable":true,"href":"https:\/\/www.organisator.ch\/fr\/wp-json\/wp\/v2\/tags?post=18655"}],"curies":[{"name":"wp","href":"https:\/\/api.w.org\/{rel}","templated":true}]}}