{"id":18688,"date":"2023-02-01T12:05:01","date_gmt":"2023-02-01T11:05:01","guid":{"rendered":"https:\/\/www.organisator.ch\/?p=18688"},"modified":"2023-02-01T12:05:01","modified_gmt":"2023-02-01T11:05:01","slug":"roth-gerueste-philippe-wingeier-folgt-auf-walter-fankhauser","status":"publish","type":"post","link":"https:\/\/www.organisator.ch\/fr\/management\/2023-02-01\/roth-gerueste-philippe-wingeier-folgt-auf-walter-fankhauser\/","title":{"rendered":"Roth Echafaudages : Philippe Wingeier succ\u00e8de \u00e0 Walter Fankhauser"},"content":{"rendered":"<figure id=\"attachment_18690\" aria-describedby=\"caption-attachment-18690\" style=\"width: 680px\" class=\"wp-caption alignnone\"><img loading=\"lazy\" decoding=\"async\" class=\"size-full wp-image-18690\" src=\"https:\/\/www.organisator.ch\/wp-content\/uploads\/2023\/02\/Roth-Gerueste-Philippe-Wingeier-folgt-auf-Walter-Fankhauser_Organisator.jpg\" alt=\"\" width=\"680\" height=\"420\" srcset=\"https:\/\/www.organisator.ch\/wp-content\/uploads\/2023\/02\/Roth-Gerueste-Philippe-Wingeier-folgt-auf-Walter-Fankhauser_Organisator.jpg 680w, https:\/\/www.organisator.ch\/wp-content\/uploads\/2023\/02\/Roth-Gerueste-Philippe-Wingeier-folgt-auf-Walter-Fankhauser_Organisator-18x12.jpg 18w, https:\/\/www.organisator.ch\/wp-content\/uploads\/2023\/02\/Roth-Gerueste-Philippe-Wingeier-folgt-auf-Walter-Fankhauser_Organisator-375x232.jpg 375w, https:\/\/www.organisator.ch\/wp-content\/uploads\/2023\/02\/Roth-Gerueste-Philippe-Wingeier-folgt-auf-Walter-Fankhauser_Organisator-567x350.jpg 567w\" sizes=\"auto, (max-width: 680px) 100vw, 680px\" \/><figcaption id=\"caption-attachment-18690\" class=\"wp-caption-text\">Philippe Wingeier (\u00e0 gauche) succ\u00e8de \u00e0 Walter Fankhauser \u00e0 la t\u00eate de l'entreprise Roth Echafaudages. (Image : zVg \/ Roth Echafaudages)<\/figcaption><\/figure>\n<p style=\"margin: 0cm;\">Le nouvel homme \u00e0 la t\u00eate de Roth Echafaudages peut s'appuyer pour son poste sur de longues ann\u00e9es d'exp\u00e9rience de direction dans une grande entreprise de construction suisse : pendant 18 ans, Philippe Wingeier a occup\u00e9 diff\u00e9rentes fonctions de cadre au sein du groupe Frutiger, en dernier lieu en tant que membre de la direction. \"Je me consid\u00e8re comme chanceux de pouvoir participer en premi\u00e8re ligne \u00e0 un nouveau m\u00e9tier et \u00e0 un nouvel environnement et de pouvoir relever les d\u00e9fis qui nous attendent\", d\u00e9clare le nouveau CEO. Il souhaite continuer \u00e0 construire avec ce qui a d\u00e9j\u00e0 \u00e9t\u00e9 r\u00e9alis\u00e9, mais aussi poser des jalons cibl\u00e9s pour mener l'entreprise vers l'avenir. Ce passionn\u00e9 de sport de loisirs estime qu'il existe un potentiel dans les domaines de la num\u00e9risation, de la logistique et de l'optimisation des processus.<\/p>\n<h3>Atteindre et enthousiasmer les jeunes<\/h3>\n<p>Parmi les plus grands d\u00e9fis, Philippe Wingeier cite le march\u00e9 tr\u00e8s concurrentiel, la baisse des prix et des marges, ainsi que le manque de personnel qualifi\u00e9, qui touche depuis longtemps le secteur de la construction. Dans le domaine du personnel, la strat\u00e9gie adopt\u00e9e jusqu'\u00e0 pr\u00e9sent reste la bonne. \"Nous investissons beaucoup dans nos collaborateurs : des conditions de travail progressistes et des possibilit\u00e9s de carri\u00e8re vari\u00e9es sont chez nous une \u00e9vidence\", souligne Wingeier, qui a fait un apprentissage de charpentier et a ensuite suivi une formation d'ing\u00e9nieur du bois et d'ing\u00e9nieur en \u00e9conomie HES. L'entreprise de 65 ans est \u00e9galement bien plac\u00e9e en mati\u00e8re d'\u00e9galit\u00e9 des chances, avec deux femmes au top management.<\/p>\n<p>Bien que l'entreprise forme actuellement 25 apprentis \u00e0 diff\u00e9rents m\u00e9tiers sur plusieurs sites, il y a un besoin de rattrapage en ce qui concerne la rel\u00e8ve. La formation en \u00e9chafaudage est encore peu connue des jeunes et la demande est donc faible. A tort : \"Une fois que l'on a mis un pied dans la construction d'\u00e9chafaudages, la passion pour ce m\u00e9tier polyvalent ne nous quitte plus\", affirme Philippe Wingeier avec conviction.<\/p>\n<h3>La passion au travail<\/h3>\n<p>Walter Fankhauser, CEO de l'entreprise pendant 26 ans et d\u00e9sormais pr\u00e9sident du conseil d'administration, accorde lui aussi un r\u00f4le central aux collaborateurs. \"Nous donnons une chance \u00e0 tous ceux qui le veulent vraiment\", dit-il. Un engagement que le cabinet de conseil EY a \u00e9galement salu\u00e9 en lui d\u00e9cernant la c\u00e9l\u00e8bre distinction \"Entrepreneur of the Year\" en 2009. Malgr\u00e9 la pression des co\u00fbts, Roth Echafaudages SA investit beaucoup de temps et d'argent dans la formation et le perfectionnement de ses collaborateurs, a constat\u00e9 le jury lors de la remise du prix.<\/p>\n<p>Walter Fankhauser, qui est entr\u00e9 dans l'entreprise en 1996, a accompagn\u00e9 la croissance constante de l'entreprise et a conduit Roth Echafaudages dans la zone de profit. Selon lui, l'entreprise a connu une croissance organique ; avec ses propres hommes et ses propres valeurs. \"Nous nous sommes toujours orient\u00e9s vers la client\u00e8le et ses besoins\", explique le CEO et copropri\u00e9taire de longue date en d\u00e9crivant la strat\u00e9gie des trois derni\u00e8res d\u00e9cennies. Walter Fankhauser, qui atteindra l'\u00e2ge de la retraite en avril 2023 et remettra donc la direction de l'entreprise entre de nouvelles mains, peut jeter un regard sur les 10 000 projets qu'il a r\u00e9alis\u00e9s avec ses 700 derniers collaborateurs. Bien que l'ampleur et la planification de chacun de ces projets aient \u00e9t\u00e9 tr\u00e8s diff\u00e9rentes, il y a toujours eu un d\u00e9nominateur commun : \"Chaque commande a \u00e9t\u00e9 r\u00e9alis\u00e9e avec 100 pour cent de passion\", explique Walter Fankhauser.<\/p>\n<p><a href=\"https:\/\/www.rothgerueste.ch\/\"><em>Source et informations compl\u00e9mentaires<\/em><\/a><\/p>","protected":false},"excerpt":{"rendered":"<p>Der neue Mann an der Spitze von Roth Ger\u00fcste kann f\u00fcr sein Amt auf langj\u00e4hrige F\u00fchrungserfahrungen bei einem grossen Schweizer Bauunternehmen zur\u00fcckgreifen: w\u00e4hrend 18 Jahren war Philippe Wingeier in verschiedenen Kaderfunktionen bei der Frutiger Gruppe t\u00e4tig, zuletzt als Mitglied der Gesch\u00e4ftsleitung. \u00abIch sch\u00e4tze mich gl\u00fccklich, in einem neuen Gewerbe und Umfeld an vorderster Front mitwirken [&hellip;]<\/p>\n","protected":false},"author":4,"featured_media":18690,"comment_status":"closed","ping_status":"closed","sticky":false,"template":"","format":"standard","meta":{"_acf_changed":false,"_yoast_wpseo_focuskw":"Roth Ger\u00fcste","_yoast_wpseo_metadesc":"F\u00fchrungswechsel bei Traditionsunternehmen: Seit Anfang Januar ist Philippe Wingeier als neuer CEO bei Roth Ger\u00fcste aktiv.","articlekey":"","footnotes":""},"categories":[28],"tags":[335,381,492],"class_list":["post-18688","post","type-post","status-publish","format-standard","has-post-thumbnail","hentry","category-management","tag-management-und-unternehmensfuehrung","tag-personalia","tag-unternehmen"],"acf":[],"yoast_head":"<!-- This site is optimized with the Yoast SEO plugin v27.5 - https:\/\/yoast.com\/product\/yoast-seo-wordpress\/ -->\n<title>Roth Ger\u00fcste: Philippe Wingeier folgt auf Walter Fankhauser - Organisator<\/title>\n<meta name=\"description\" content=\"F\u00fchrungswechsel bei Traditionsunternehmen: Seit Anfang Januar ist Philippe Wingeier als neuer CEO bei Roth Ger\u00fcste aktiv.\" \/>\n<meta name=\"robots\" content=\"index, follow, max-snippet:-1, max-image-preview:large, max-video-preview:-1\" \/>\n<link rel=\"canonical\" href=\"https:\/\/www.organisator.ch\/fr\/gestion-2\/2023-02-01\/roth-gerueste-philippe-wingeier-folgt-auf-walter-fankhauser\/\" \/>\n<meta property=\"og:locale\" content=\"fr_FR\" \/>\n<meta property=\"og:type\" content=\"article\" \/>\n<meta property=\"og:title\" content=\"Roth Ger\u00fcste: Philippe Wingeier folgt auf Walter Fankhauser\" \/>\n<meta property=\"og:description\" content=\"F\u00fchrungswechsel bei Traditionsunternehmen: Seit Anfang Januar ist Philippe Wingeier als neuer CEO bei Roth Ger\u00fcste aktiv.\" \/>\n<meta property=\"og:url\" content=\"https:\/\/www.organisator.ch\/fr\/gestion-2\/2023-02-01\/roth-gerueste-philippe-wingeier-folgt-auf-walter-fankhauser\/\" \/>\n<meta property=\"og:site_name\" content=\"Organisator\" \/>\n<meta property=\"article:publisher\" content=\"https:\/\/www.facebook.com\/OrganisatorFachmagazin\" \/>\n<meta property=\"article:published_time\" content=\"2023-02-01T11:05:01+00:00\" \/>\n<meta property=\"og:image\" content=\"https:\/\/www.organisator.ch\/wp-content\/uploads\/2023\/02\/Roth-Gerueste-Philippe-Wingeier-folgt-auf-Walter-Fankhauser_Organisator.jpg\" \/>\n\t<meta property=\"og:image:width\" content=\"680\" \/>\n\t<meta property=\"og:image:height\" content=\"420\" \/>\n\t<meta property=\"og:image:type\" content=\"image\/jpeg\" \/>\n<meta name=\"author\" content=\"thomas.berner\" \/>\n<meta name=\"twitter:card\" content=\"summary_large_image\" \/>\n<meta name=\"twitter:title\" content=\"#Roth Ger\u00fcste: Philippe #Wingeier folgt auf Walter #Fankhauser\" \/>\n<meta name=\"twitter:description\" content=\"#F\u00fchrungswechsel bei Traditionsunternehmen: Seit Anfang Januar ist Philippe #Wingeier als neuer #CEO bei Roth Ger\u00fcste aktiv.\" \/>\n<meta name=\"twitter:image\" content=\"https:\/\/www.organisator.ch\/wp-content\/uploads\/2023\/02\/Roth-Gerueste-Philippe-Wingeier-folgt-auf-Walter-Fankhauser_Organisator.jpg\" \/>\n<script type=\"application\/ld+json\" class=\"yoast-schema-graph\">{\"@context\":\"https:\\\/\\\/schema.org\",\"@graph\":[{\"@type\":\"Article\",\"@id\":\"https:\\\/\\\/www.organisator.ch\\\/management\\\/2023-02-01\\\/roth-gerueste-philippe-wingeier-folgt-auf-walter-fankhauser\\\/#article\",\"isPartOf\":{\"@id\":\"https:\\\/\\\/www.organisator.ch\\\/management\\\/2023-02-01\\\/roth-gerueste-philippe-wingeier-folgt-auf-walter-fankhauser\\\/\"},\"author\":{\"name\":\"thomas.berner\",\"@id\":\"https:\\\/\\\/www.organisator.ch\\\/#\\\/schema\\\/person\\\/6f650f90b2842cd4c0cc334b4e36f67e\"},\"headline\":\"Roth Ger\u00fcste: Philippe Wingeier folgt auf Walter Fankhauser\",\"datePublished\":\"2023-02-01T11:05:01+00:00\",\"mainEntityOfPage\":{\"@id\":\"https:\\\/\\\/www.organisator.ch\\\/management\\\/2023-02-01\\\/roth-gerueste-philippe-wingeier-folgt-auf-walter-fankhauser\\\/\"},\"wordCount\":536,\"publisher\":{\"@id\":\"https:\\\/\\\/www.organisator.ch\\\/#organization\"},\"image\":{\"@id\":\"https:\\\/\\\/www.organisator.ch\\\/management\\\/2023-02-01\\\/roth-gerueste-philippe-wingeier-folgt-auf-walter-fankhauser\\\/#primaryimage\"},\"thumbnailUrl\":\"https:\\\/\\\/www.organisator.ch\\\/wp-content\\\/uploads\\\/2023\\\/02\\\/Roth-Gerueste-Philippe-Wingeier-folgt-auf-Walter-Fankhauser_Organisator.jpg\",\"keywords\":[\"Management und Unternehmensf\u00fchrung\",\"Personalia\",\"Unternehmen\"],\"articleSection\":[\"MANAGEMENT\"],\"inLanguage\":\"fr-FR\"},{\"@type\":\"WebPage\",\"@id\":\"https:\\\/\\\/www.organisator.ch\\\/management\\\/2023-02-01\\\/roth-gerueste-philippe-wingeier-folgt-auf-walter-fankhauser\\\/\",\"url\":\"https:\\\/\\\/www.organisator.ch\\\/management\\\/2023-02-01\\\/roth-gerueste-philippe-wingeier-folgt-auf-walter-fankhauser\\\/\",\"name\":\"Roth Ger\u00fcste: Philippe Wingeier folgt auf Walter Fankhauser - Organisator\",\"isPartOf\":{\"@id\":\"https:\\\/\\\/www.organisator.ch\\\/#website\"},\"primaryImageOfPage\":{\"@id\":\"https:\\\/\\\/www.organisator.ch\\\/management\\\/2023-02-01\\\/roth-gerueste-philippe-wingeier-folgt-auf-walter-fankhauser\\\/#primaryimage\"},\"image\":{\"@id\":\"https:\\\/\\\/www.organisator.ch\\\/management\\\/2023-02-01\\\/roth-gerueste-philippe-wingeier-folgt-auf-walter-fankhauser\\\/#primaryimage\"},\"thumbnailUrl\":\"https:\\\/\\\/www.organisator.ch\\\/wp-content\\\/uploads\\\/2023\\\/02\\\/Roth-Gerueste-Philippe-Wingeier-folgt-auf-Walter-Fankhauser_Organisator.jpg\",\"datePublished\":\"2023-02-01T11:05:01+00:00\",\"description\":\"F\u00fchrungswechsel bei Traditionsunternehmen: Seit Anfang Januar ist Philippe Wingeier als neuer CEO bei Roth Ger\u00fcste aktiv.\",\"breadcrumb\":{\"@id\":\"https:\\\/\\\/www.organisator.ch\\\/management\\\/2023-02-01\\\/roth-gerueste-philippe-wingeier-folgt-auf-walter-fankhauser\\\/#breadcrumb\"},\"inLanguage\":\"fr-FR\",\"potentialAction\":[{\"@type\":\"ReadAction\",\"target\":[\"https:\\\/\\\/www.organisator.ch\\\/management\\\/2023-02-01\\\/roth-gerueste-philippe-wingeier-folgt-auf-walter-fankhauser\\\/\"]}]},{\"@type\":\"ImageObject\",\"inLanguage\":\"fr-FR\",\"@id\":\"https:\\\/\\\/www.organisator.ch\\\/management\\\/2023-02-01\\\/roth-gerueste-philippe-wingeier-folgt-auf-walter-fankhauser\\\/#primaryimage\",\"url\":\"https:\\\/\\\/www.organisator.ch\\\/wp-content\\\/uploads\\\/2023\\\/02\\\/Roth-Gerueste-Philippe-Wingeier-folgt-auf-Walter-Fankhauser_Organisator.jpg\",\"contentUrl\":\"https:\\\/\\\/www.organisator.ch\\\/wp-content\\\/uploads\\\/2023\\\/02\\\/Roth-Gerueste-Philippe-Wingeier-folgt-auf-Walter-Fankhauser_Organisator.jpg\",\"width\":680,\"height\":420,\"caption\":\"Philippe Wingeier (links) l\u00f6st Walter Fankhauser an der Unternehmensspitze von Roth Ger\u00fcste ab. (Bild: zVg \\\/ Roth Ger\u00fcste)\"},{\"@type\":\"BreadcrumbList\",\"@id\":\"https:\\\/\\\/www.organisator.ch\\\/management\\\/2023-02-01\\\/roth-gerueste-philippe-wingeier-folgt-auf-walter-fankhauser\\\/#breadcrumb\",\"itemListElement\":[{\"@type\":\"ListItem\",\"position\":1,\"name\":\"Home\",\"item\":\"https:\\\/\\\/www.organisator.ch\\\/\"},{\"@type\":\"ListItem\",\"position\":2,\"name\":\"Roth Ger\u00fcste: Philippe Wingeier folgt auf Walter Fankhauser\"}]},{\"@type\":\"WebSite\",\"@id\":\"https:\\\/\\\/www.organisator.ch\\\/#website\",\"url\":\"https:\\\/\\\/www.organisator.ch\\\/\",\"name\":\"Organisator\",\"description\":\"Kompetent. Praxisnah. Der ORGANISATOR bereitet in 10 Ausgaben pro Jahr die wesentlichen Themen f\u00fcr F\u00fchrungskr\u00e4fte von KMU auf.\",\"publisher\":{\"@id\":\"https:\\\/\\\/www.organisator.ch\\\/#organization\"},\"potentialAction\":[{\"@type\":\"SearchAction\",\"target\":{\"@type\":\"EntryPoint\",\"urlTemplate\":\"https:\\\/\\\/www.organisator.ch\\\/?s={search_term_string}\"},\"query-input\":{\"@type\":\"PropertyValueSpecification\",\"valueRequired\":true,\"valueName\":\"search_term_string\"}}],\"inLanguage\":\"fr-FR\"},{\"@type\":\"Organization\",\"@id\":\"https:\\\/\\\/www.organisator.ch\\\/#organization\",\"name\":\"Organisator\",\"url\":\"https:\\\/\\\/www.organisator.ch\\\/\",\"logo\":{\"@type\":\"ImageObject\",\"inLanguage\":\"fr-FR\",\"@id\":\"https:\\\/\\\/www.organisator.ch\\\/#\\\/schema\\\/logo\\\/image\\\/\",\"url\":\"https:\\\/\\\/www.organisator.ch\\\/wp-content\\\/uploads\\\/2022\\\/01\\\/Logo_Organisator_Website.png\",\"contentUrl\":\"https:\\\/\\\/www.organisator.ch\\\/wp-content\\\/uploads\\\/2022\\\/01\\\/Logo_Organisator_Website.png\",\"width\":800,\"height\":77,\"caption\":\"Organisator\"},\"image\":{\"@id\":\"https:\\\/\\\/www.organisator.ch\\\/#\\\/schema\\\/logo\\\/image\\\/\"},\"sameAs\":[\"https:\\\/\\\/www.facebook.com\\\/OrganisatorFachmagazin\",\"https:\\\/\\\/www.linkedin.com\\\/showcase\\\/organisator-das-magazin-fr-kmu\",\"https:\\\/\\\/www.xing.com\\\/news\\\/pages\\\/organisator-ch-695\",\"https:\\\/\\\/www.youtube.com\\\/channel\\\/UCGP2Sq0iWaZwT3BdIAQFYpw\"]},{\"@type\":\"Person\",\"@id\":\"https:\\\/\\\/www.organisator.ch\\\/#\\\/schema\\\/person\\\/6f650f90b2842cd4c0cc334b4e36f67e\",\"name\":\"thomas.berner\",\"image\":{\"@type\":\"ImageObject\",\"inLanguage\":\"fr-FR\",\"@id\":\"https:\\\/\\\/secure.gravatar.com\\\/avatar\\\/ac5001d2a36cb6c6cd3e50789007ffca834b477b74a2144564522e944eabff61?s=96&d=mm&r=g\",\"url\":\"https:\\\/\\\/secure.gravatar.com\\\/avatar\\\/ac5001d2a36cb6c6cd3e50789007ffca834b477b74a2144564522e944eabff61?s=96&d=mm&r=g\",\"contentUrl\":\"https:\\\/\\\/secure.gravatar.com\\\/avatar\\\/ac5001d2a36cb6c6cd3e50789007ffca834b477b74a2144564522e944eabff61?s=96&d=mm&r=g\",\"caption\":\"thomas.berner\"},\"url\":\"https:\\\/\\\/www.organisator.ch\\\/fr\\\/author\\\/thomas-berner\\\/\"}]}<\/script>\n<!-- \/ Yoast SEO plugin. -->","yoast_head_json":{"title":"Roth Echafaudages : Philippe Wingeier succ\u00e8de \u00e0 Walter Fankhauser - Organisateur","description":"Changement de direction dans une entreprise de tradition : Depuis d\u00e9but janvier, Philippe Wingeier est le nouveau CEO de Roth Echafaudages.","robots":{"index":"index","follow":"follow","max-snippet":"max-snippet:-1","max-image-preview":"max-image-preview:large","max-video-preview":"max-video-preview:-1"},"canonical":"https:\/\/www.organisator.ch\/fr\/gestion-2\/2023-02-01\/roth-gerueste-philippe-wingeier-folgt-auf-walter-fankhauser\/","og_locale":"fr_FR","og_type":"article","og_title":"Roth Ger\u00fcste: Philippe Wingeier folgt auf Walter Fankhauser","og_description":"F\u00fchrungswechsel bei Traditionsunternehmen: Seit Anfang Januar ist Philippe Wingeier als neuer CEO bei Roth Ger\u00fcste aktiv.","og_url":"https:\/\/www.organisator.ch\/fr\/gestion-2\/2023-02-01\/roth-gerueste-philippe-wingeier-folgt-auf-walter-fankhauser\/","og_site_name":"Organisator","article_publisher":"https:\/\/www.facebook.com\/OrganisatorFachmagazin","article_published_time":"2023-02-01T11:05:01+00:00","og_image":[{"width":680,"height":420,"url":"https:\/\/www.organisator.ch\/wp-content\/uploads\/2023\/02\/Roth-Gerueste-Philippe-Wingeier-folgt-auf-Walter-Fankhauser_Organisator.jpg","type":"image\/jpeg"}],"author":"thomas.berner","twitter_card":"summary_large_image","twitter_title":"#Roth Ger\u00fcste: Philippe #Wingeier folgt auf Walter #Fankhauser","twitter_description":"#F\u00fchrungswechsel bei Traditionsunternehmen: Seit Anfang Januar ist Philippe #Wingeier als neuer #CEO bei Roth Ger\u00fcste aktiv.","twitter_image":"https:\/\/www.organisator.ch\/wp-content\/uploads\/2023\/02\/Roth-Gerueste-Philippe-Wingeier-folgt-auf-Walter-Fankhauser_Organisator.jpg","schema":{"@context":"https:\/\/schema.org","@graph":[{"@type":"Article","@id":"https:\/\/www.organisator.ch\/management\/2023-02-01\/roth-gerueste-philippe-wingeier-folgt-auf-walter-fankhauser\/#article","isPartOf":{"@id":"https:\/\/www.organisator.ch\/management\/2023-02-01\/roth-gerueste-philippe-wingeier-folgt-auf-walter-fankhauser\/"},"author":{"name":"thomas.berner","@id":"https:\/\/www.organisator.ch\/#\/schema\/person\/6f650f90b2842cd4c0cc334b4e36f67e"},"headline":"Roth Ger\u00fcste: Philippe Wingeier folgt auf Walter Fankhauser","datePublished":"2023-02-01T11:05:01+00:00","mainEntityOfPage":{"@id":"https:\/\/www.organisator.ch\/management\/2023-02-01\/roth-gerueste-philippe-wingeier-folgt-auf-walter-fankhauser\/"},"wordCount":536,"publisher":{"@id":"https:\/\/www.organisator.ch\/#organization"},"image":{"@id":"https:\/\/www.organisator.ch\/management\/2023-02-01\/roth-gerueste-philippe-wingeier-folgt-auf-walter-fankhauser\/#primaryimage"},"thumbnailUrl":"https:\/\/www.organisator.ch\/wp-content\/uploads\/2023\/02\/Roth-Gerueste-Philippe-Wingeier-folgt-auf-Walter-Fankhauser_Organisator.jpg","keywords":["Management und Unternehmensf\u00fchrung","Personalia","Unternehmen"],"articleSection":["MANAGEMENT"],"inLanguage":"fr-FR"},{"@type":"WebPage","@id":"https:\/\/www.organisator.ch\/management\/2023-02-01\/roth-gerueste-philippe-wingeier-folgt-auf-walter-fankhauser\/","url":"https:\/\/www.organisator.ch\/management\/2023-02-01\/roth-gerueste-philippe-wingeier-folgt-auf-walter-fankhauser\/","name":"Roth Echafaudages : Philippe Wingeier succ\u00e8de \u00e0 Walter Fankhauser - Organisateur","isPartOf":{"@id":"https:\/\/www.organisator.ch\/#website"},"primaryImageOfPage":{"@id":"https:\/\/www.organisator.ch\/management\/2023-02-01\/roth-gerueste-philippe-wingeier-folgt-auf-walter-fankhauser\/#primaryimage"},"image":{"@id":"https:\/\/www.organisator.ch\/management\/2023-02-01\/roth-gerueste-philippe-wingeier-folgt-auf-walter-fankhauser\/#primaryimage"},"thumbnailUrl":"https:\/\/www.organisator.ch\/wp-content\/uploads\/2023\/02\/Roth-Gerueste-Philippe-Wingeier-folgt-auf-Walter-Fankhauser_Organisator.jpg","datePublished":"2023-02-01T11:05:01+00:00","description":"Changement de direction dans une entreprise de tradition : Depuis d\u00e9but janvier, Philippe Wingeier est le nouveau CEO de Roth Echafaudages.","breadcrumb":{"@id":"https:\/\/www.organisator.ch\/management\/2023-02-01\/roth-gerueste-philippe-wingeier-folgt-auf-walter-fankhauser\/#breadcrumb"},"inLanguage":"fr-FR","potentialAction":[{"@type":"ReadAction","target":["https:\/\/www.organisator.ch\/management\/2023-02-01\/roth-gerueste-philippe-wingeier-folgt-auf-walter-fankhauser\/"]}]},{"@type":"ImageObject","inLanguage":"fr-FR","@id":"https:\/\/www.organisator.ch\/management\/2023-02-01\/roth-gerueste-philippe-wingeier-folgt-auf-walter-fankhauser\/#primaryimage","url":"https:\/\/www.organisator.ch\/wp-content\/uploads\/2023\/02\/Roth-Gerueste-Philippe-Wingeier-folgt-auf-Walter-Fankhauser_Organisator.jpg","contentUrl":"https:\/\/www.organisator.ch\/wp-content\/uploads\/2023\/02\/Roth-Gerueste-Philippe-Wingeier-folgt-auf-Walter-Fankhauser_Organisator.jpg","width":680,"height":420,"caption":"Philippe Wingeier (links) l\u00f6st Walter Fankhauser an der Unternehmensspitze von Roth Ger\u00fcste ab. (Bild: zVg \/ Roth Ger\u00fcste)"},{"@type":"BreadcrumbList","@id":"https:\/\/www.organisator.ch\/management\/2023-02-01\/roth-gerueste-philippe-wingeier-folgt-auf-walter-fankhauser\/#breadcrumb","itemListElement":[{"@type":"ListItem","position":1,"name":"Home","item":"https:\/\/www.organisator.ch\/"},{"@type":"ListItem","position":2,"name":"Roth Ger\u00fcste: Philippe Wingeier folgt auf Walter Fankhauser"}]},{"@type":"WebSite","@id":"https:\/\/www.organisator.ch\/#website","url":"https:\/\/www.organisator.ch\/","name":"Organisateur","description":"Comp\u00e9tence et comp\u00e9tence. Proches de la pratique. L'ORGANISATEUR pr\u00e9pare 10 num\u00e9ros par an sur les th\u00e8mes essentiels pour les dirigeants de PME.","publisher":{"@id":"https:\/\/www.organisator.ch\/#organization"},"potentialAction":[{"@type":"SearchAction","target":{"@type":"EntryPoint","urlTemplate":"https:\/\/www.organisator.ch\/?s={search_term_string}"},"query-input":{"@type":"PropertyValueSpecification","valueRequired":true,"valueName":"search_term_string"}}],"inLanguage":"fr-FR"},{"@type":"Organization","@id":"https:\/\/www.organisator.ch\/#organization","name":"Organisateur","url":"https:\/\/www.organisator.ch\/","logo":{"@type":"ImageObject","inLanguage":"fr-FR","@id":"https:\/\/www.organisator.ch\/#\/schema\/logo\/image\/","url":"https:\/\/www.organisator.ch\/wp-content\/uploads\/2022\/01\/Logo_Organisator_Website.png","contentUrl":"https:\/\/www.organisator.ch\/wp-content\/uploads\/2022\/01\/Logo_Organisator_Website.png","width":800,"height":77,"caption":"Organisator"},"image":{"@id":"https:\/\/www.organisator.ch\/#\/schema\/logo\/image\/"},"sameAs":["https:\/\/www.facebook.com\/OrganisatorFachmagazin","https:\/\/www.linkedin.com\/showcase\/organisator-das-magazin-fr-kmu","https:\/\/www.xing.com\/news\/pages\/organisator-ch-695","https:\/\/www.youtube.com\/channel\/UCGP2Sq0iWaZwT3BdIAQFYpw"]},{"@type":"Person","@id":"https:\/\/www.organisator.ch\/#\/schema\/person\/6f650f90b2842cd4c0cc334b4e36f67e","name":"thomas.berner","image":{"@type":"ImageObject","inLanguage":"fr-FR","@id":"https:\/\/secure.gravatar.com\/avatar\/ac5001d2a36cb6c6cd3e50789007ffca834b477b74a2144564522e944eabff61?s=96&d=mm&r=g","url":"https:\/\/secure.gravatar.com\/avatar\/ac5001d2a36cb6c6cd3e50789007ffca834b477b74a2144564522e944eabff61?s=96&d=mm&r=g","contentUrl":"https:\/\/secure.gravatar.com\/avatar\/ac5001d2a36cb6c6cd3e50789007ffca834b477b74a2144564522e944eabff61?s=96&d=mm&r=g","caption":"thomas.berner"},"url":"https:\/\/www.organisator.ch\/fr\/author\/thomas-berner\/"}]}},"_links":{"self":[{"href":"https:\/\/www.organisator.ch\/fr\/wp-json\/wp\/v2\/posts\/18688","targetHints":{"allow":["GET"]}}],"collection":[{"href":"https:\/\/www.organisator.ch\/fr\/wp-json\/wp\/v2\/posts"}],"about":[{"href":"https:\/\/www.organisator.ch\/fr\/wp-json\/wp\/v2\/types\/post"}],"author":[{"embeddable":true,"href":"https:\/\/www.organisator.ch\/fr\/wp-json\/wp\/v2\/users\/4"}],"replies":[{"embeddable":true,"href":"https:\/\/www.organisator.ch\/fr\/wp-json\/wp\/v2\/comments?post=18688"}],"version-history":[{"count":2,"href":"https:\/\/www.organisator.ch\/fr\/wp-json\/wp\/v2\/posts\/18688\/revisions"}],"predecessor-version":[{"id":18691,"href":"https:\/\/www.organisator.ch\/fr\/wp-json\/wp\/v2\/posts\/18688\/revisions\/18691"}],"wp:featuredmedia":[{"embeddable":true,"href":"https:\/\/www.organisator.ch\/fr\/wp-json\/wp\/v2\/media\/18690"}],"wp:attachment":[{"href":"https:\/\/www.organisator.ch\/fr\/wp-json\/wp\/v2\/media?parent=18688"}],"wp:term":[{"taxonomy":"category","embeddable":true,"href":"https:\/\/www.organisator.ch\/fr\/wp-json\/wp\/v2\/categories?post=18688"},{"taxonomy":"post_tag","embeddable":true,"href":"https:\/\/www.organisator.ch\/fr\/wp-json\/wp\/v2\/tags?post=18688"}],"curies":[{"name":"wp","href":"https:\/\/api.w.org\/{rel}","templated":true}]}}