{"id":18706,"date":"2023-02-02T14:08:46","date_gmt":"2023-02-02T13:08:46","guid":{"rendered":"https:\/\/www.m-q.ch\/?p=17523"},"modified":"2024-11-19T06:06:05","modified_gmt":"2024-11-19T05:06:05","slug":"nachhaltigkeit-hat-das-controlling-noch-nicht-komplett-durchdrungen","status":"publish","type":"post","link":"https:\/\/www.organisator.ch\/fr\/operational-excellence\/2023-02-02\/nachhaltigkeit-hat-das-controlling-noch-nicht-komplett-durchdrungen\/","title":{"rendered":"La durabilit\u00e9 n'a pas encore compl\u00e8tement p\u00e9n\u00e9tr\u00e9 le contr\u00f4le de gestion"},"content":{"rendered":"<figure id=\"attachment_17524\" class=\"wp-caption alignnone\" style=\"width: 680px\" aria-describedby=\"caption-attachment-17524\"><img class=\"alignnone wp-image-17524 size-full\" src=\"https:\/\/www.m-q.ch\/wp-content\/uploads\/2023\/02\/Nachhaltigkeit-hat-das-Controlling-noch-nicht-komplett-durchdrungen_MQ.png\" alt=\"Contr\u00f4le de gestion vert\" width=\"680\" height=\"391\" \/>\r\n<figcaption id=\"caption-attachment-17524\" class=\"wp-caption-text\">(Image : ICV)<\/figcaption>\r\n<\/figure>\r\n<p>Au cours des derni\u00e8res ann\u00e9es, l'Association internationale des contr\u00f4leurs de gestion (ICV) a men\u00e9 trois \u00e9tudes approfondies sur la question de savoir dans quelle mesure le contr\u00f4le de gestion \u00e9cologique est arriv\u00e9 dans les entreprises. Conclusion actuelle : la durabilit\u00e9 est plus pr\u00e9sente dans les processus cl\u00e9s de la gestion d'entreprise, notamment en raison des prescriptions r\u00e9glementaires, et elle est de plus en plus importante sur le plan strat\u00e9gique. Mais les aspects de la durabilit\u00e9 n'ont pas encore fait leur entr\u00e9e dans les instruments de contr\u00f4le de gestion.<\/p>\r\n<p>Dans l'ensemble, selon un autre r\u00e9sultat de l'\u00e9tude pour laquelle le comit\u00e9 directeur de l'Association internationale des contr\u00f4leurs de gestion a interrog\u00e9 exclusivement ses membres en ao\u00fbt et septembre 2022, le contr\u00f4le de la durabilit\u00e9 est consid\u00e9r\u00e9 comme une responsabilit\u00e9 transfonctionnelle dans l'entreprise. Mais le contr\u00f4le de gestion lui-m\u00eame agit en arri\u00e8re-plan, alors que la gestion de la durabilit\u00e9 prend de plus en plus d'importance. Un autre aspect int\u00e9ressant : Les informations sur la durabilit\u00e9 sont de plus en plus pr\u00e9sentes dans le rapport de gestion, dans les canaux de m\u00e9dias sociaux et sur les sites web, tandis que le rapport de durabilit\u00e9 classique \"autonome\" perd de son importance. Cela indique un changement dans la communication, qui se concentre davantage sur les parties prenantes.<\/p>\r\n<p>D'autres connaissances et informations que l'ICV a pu obtenir dans le cadre de l'\u00e9tude pour le contr\u00f4le de gestion et les contr\u00f4leurs\/euses de gestion peuvent \u00eatre consult\u00e9es dans l'\u00e9tude elle-m\u00eame. Elle a \u00e9t\u00e9 r\u00e9alis\u00e9e en collaboration par le groupe sp\u00e9cialis\u00e9 de l'ICV \"Green Controlling for Responsible Business\" et l'atelier d'id\u00e9es de l'ICV. 216 des plus de 6.000 membres de l'association ont rempli le questionnaire en ligne (2011 : 295, 2016 : 150). L'\u00e9tude ICV Green Controlling 2022 a d'une part examin\u00e9 l'\u00e9tat actuel du contr\u00f4le de gestion \u00e9cologique dans les entreprises de la r\u00e9gion D-A-CH, mais a \u00e9galement compar\u00e9 ces r\u00e9sultats avec ceux des \u00e9tudes pr\u00e9c\u00e9dentes de 2011 et 2016.<\/p>\r\n<p><em>Les non-membres de l'ICV peuvent acheter le PDF de 57 pages contenant les r\u00e9sultats de l'\u00e9tude pour 29 euros. <a href=\"http:\/\/www.icv-controlling.com\/\">www.icv-controlling.com<\/a><\/em><\/p>\n<p class=\"syndicated-attribution\">Cet article est paru initialement sur m-q.ch - <a href=\"https:\/\/www.m-q.ch\/de\/nachhaltigkeit-hat-das-controlling-noch-nicht-komplett-durchdrungen\/\" target=\"_blank\">https:\/\/www.m-q.ch\/de\/nachhaltigkeit-hat-das-controlling-noch-nicht-komplett-durchdrungen\/<\/a><\/p>","protected":false},"excerpt":{"rendered":"<p>In drei umfassenden Studien hat sich der Internationale Controllerverein ICV in den vergangenen Jahren der Frage gewidmet, inwieweit Green Controlling in den Unternehmen angekommen ist. Aktuelles Fazit: Die Nachhaltigkeit ist, auch aufgrund der regulatorischen Vorgaben, st\u00e4rker in die betriebswirtschaftlichen Kernprozesse vorger\u00fcckt und zunehmend strategisch relevant. In den Controlling-Instrumenten sind Nachhaltigkeitsaspekte aber noch nicht angekommen. Insgesamt, [\u2026]<\/p>\n","protected":false},"author":8,"featured_media":0,"comment_status":"closed","ping_status":"closed","sticky":false,"template":"","format":"standard","meta":{"_acf_changed":false,"_yoast_wpseo_focuskw":"Green Controlling","_yoast_wpseo_metadesc":"ICV-Studie 2022: Green Controlling wird strategisch wichtiger. Nachhaltigkeitsberichte verlieren an Bedeutung.","articlekey":"","footnotes":""},"categories":[582],"tags":[],"class_list":["post-18706","post","type-post","status-publish","format-standard","hentry","category-operational-excellence"],"acf":[],"yoast_head":"<!-- This site is optimized with the Yoast SEO plugin v27.5 - https:\/\/yoast.com\/product\/yoast-seo-wordpress\/ -->\n<title>Nachhaltigkeit hat das Controlling noch nicht komplett durchdrungen - Organisator<\/title>\n<meta name=\"description\" content=\"ICV-Studie 2022: Green Controlling wird strategisch wichtiger. Nachhaltigkeitsberichte verlieren an Bedeutung.\" \/>\n<meta name=\"robots\" content=\"index, follow, max-snippet:-1, max-image-preview:large, max-video-preview:-1\" \/>\n<link rel=\"canonical\" href=\"https:\/\/www.organisator.ch\/fr\/excellence-operationnelle\/2023-02-02\/nachhaltigkeit-hat-das-controlling-noch-nicht-komplett-durchdrungen\/\" \/>\n<meta property=\"og:locale\" content=\"fr_FR\" \/>\n<meta property=\"og:type\" content=\"article\" \/>\n<meta property=\"og:title\" content=\"Nachhaltigkeit hat das Controlling noch nicht komplett durchdrungen - Organisator\" \/>\n<meta property=\"og:description\" content=\"ICV-Studie 2022: Green Controlling wird strategisch wichtiger. Nachhaltigkeitsberichte verlieren an Bedeutung.\" \/>\n<meta property=\"og:url\" content=\"https:\/\/www.organisator.ch\/fr\/excellence-operationnelle\/2023-02-02\/nachhaltigkeit-hat-das-controlling-noch-nicht-komplett-durchdrungen\/\" \/>\n<meta property=\"og:site_name\" content=\"Organisator\" \/>\n<meta property=\"article:publisher\" content=\"https:\/\/www.facebook.com\/OrganisatorFachmagazin\" \/>\n<meta property=\"article:published_time\" content=\"2023-02-02T13:08:46+00:00\" \/>\n<meta property=\"article:modified_time\" content=\"2024-11-19T05:06:05+00:00\" \/>\n<meta name=\"author\" content=\"galledia\" \/>\n<meta name=\"twitter:card\" content=\"summary_large_image\" \/>\n<meta name=\"twitter:creator\" content=\"@admin\" \/>\n<script type=\"application\/ld+json\" class=\"yoast-schema-graph\">{\"@context\":\"https:\\\/\\\/schema.org\",\"@graph\":[{\"@type\":\"Article\",\"@id\":\"https:\\\/\\\/www.organisator.ch\\\/operational-excellence\\\/2023-02-02\\\/nachhaltigkeit-hat-das-controlling-noch-nicht-komplett-durchdrungen\\\/#article\",\"isPartOf\":{\"@id\":\"https:\\\/\\\/www.organisator.ch\\\/operational-excellence\\\/2023-02-02\\\/nachhaltigkeit-hat-das-controlling-noch-nicht-komplett-durchdrungen\\\/\"},\"author\":{\"name\":\"galledia\",\"@id\":\"https:\\\/\\\/www.organisator.ch\\\/#\\\/schema\\\/person\\\/4e51799071cd2dd1232ac003643ef5f0\"},\"headline\":\"Nachhaltigkeit hat das Controlling noch nicht komplett durchdrungen\",\"datePublished\":\"2023-02-02T13:08:46+00:00\",\"dateModified\":\"2024-11-19T05:06:05+00:00\",\"mainEntityOfPage\":{\"@id\":\"https:\\\/\\\/www.organisator.ch\\\/operational-excellence\\\/2023-02-02\\\/nachhaltigkeit-hat-das-controlling-noch-nicht-komplett-durchdrungen\\\/\"},\"wordCount\":268,\"publisher\":{\"@id\":\"https:\\\/\\\/www.organisator.ch\\\/#organization\"},\"image\":{\"@id\":\"https:\\\/\\\/www.organisator.ch\\\/operational-excellence\\\/2023-02-02\\\/nachhaltigkeit-hat-das-controlling-noch-nicht-komplett-durchdrungen\\\/#primaryimage\"},\"thumbnailUrl\":\"https:\\\/\\\/www.m-q.ch\\\/wp-content\\\/uploads\\\/2023\\\/02\\\/Nachhaltigkeit-hat-das-Controlling-noch-nicht-komplett-durchdrungen_MQ.png\",\"articleSection\":[\"OPERATIONAL EXCELLENCE\"],\"inLanguage\":\"fr-FR\"},{\"@type\":\"WebPage\",\"@id\":\"https:\\\/\\\/www.organisator.ch\\\/operational-excellence\\\/2023-02-02\\\/nachhaltigkeit-hat-das-controlling-noch-nicht-komplett-durchdrungen\\\/\",\"url\":\"https:\\\/\\\/www.organisator.ch\\\/operational-excellence\\\/2023-02-02\\\/nachhaltigkeit-hat-das-controlling-noch-nicht-komplett-durchdrungen\\\/\",\"name\":\"Nachhaltigkeit hat das Controlling noch nicht komplett durchdrungen - Organisator\",\"isPartOf\":{\"@id\":\"https:\\\/\\\/www.organisator.ch\\\/#website\"},\"primaryImageOfPage\":{\"@id\":\"https:\\\/\\\/www.organisator.ch\\\/operational-excellence\\\/2023-02-02\\\/nachhaltigkeit-hat-das-controlling-noch-nicht-komplett-durchdrungen\\\/#primaryimage\"},\"image\":{\"@id\":\"https:\\\/\\\/www.organisator.ch\\\/operational-excellence\\\/2023-02-02\\\/nachhaltigkeit-hat-das-controlling-noch-nicht-komplett-durchdrungen\\\/#primaryimage\"},\"thumbnailUrl\":\"https:\\\/\\\/www.m-q.ch\\\/wp-content\\\/uploads\\\/2023\\\/02\\\/Nachhaltigkeit-hat-das-Controlling-noch-nicht-komplett-durchdrungen_MQ.png\",\"datePublished\":\"2023-02-02T13:08:46+00:00\",\"dateModified\":\"2024-11-19T05:06:05+00:00\",\"description\":\"ICV-Studie 2022: Green Controlling wird strategisch wichtiger. Nachhaltigkeitsberichte verlieren an Bedeutung.\",\"breadcrumb\":{\"@id\":\"https:\\\/\\\/www.organisator.ch\\\/operational-excellence\\\/2023-02-02\\\/nachhaltigkeit-hat-das-controlling-noch-nicht-komplett-durchdrungen\\\/#breadcrumb\"},\"inLanguage\":\"fr-FR\",\"potentialAction\":[{\"@type\":\"ReadAction\",\"target\":[\"https:\\\/\\\/www.organisator.ch\\\/operational-excellence\\\/2023-02-02\\\/nachhaltigkeit-hat-das-controlling-noch-nicht-komplett-durchdrungen\\\/\"]}]},{\"@type\":\"ImageObject\",\"inLanguage\":\"fr-FR\",\"@id\":\"https:\\\/\\\/www.organisator.ch\\\/operational-excellence\\\/2023-02-02\\\/nachhaltigkeit-hat-das-controlling-noch-nicht-komplett-durchdrungen\\\/#primaryimage\",\"url\":\"https:\\\/\\\/www.m-q.ch\\\/wp-content\\\/uploads\\\/2023\\\/02\\\/Nachhaltigkeit-hat-das-Controlling-noch-nicht-komplett-durchdrungen_MQ.png\",\"contentUrl\":\"https:\\\/\\\/www.m-q.ch\\\/wp-content\\\/uploads\\\/2023\\\/02\\\/Nachhaltigkeit-hat-das-Controlling-noch-nicht-komplett-durchdrungen_MQ.png\"},{\"@type\":\"BreadcrumbList\",\"@id\":\"https:\\\/\\\/www.organisator.ch\\\/operational-excellence\\\/2023-02-02\\\/nachhaltigkeit-hat-das-controlling-noch-nicht-komplett-durchdrungen\\\/#breadcrumb\",\"itemListElement\":[{\"@type\":\"ListItem\",\"position\":1,\"name\":\"Home\",\"item\":\"https:\\\/\\\/www.organisator.ch\\\/\"},{\"@type\":\"ListItem\",\"position\":2,\"name\":\"Nachhaltigkeit hat das Controlling noch nicht komplett durchdrungen\"}]},{\"@type\":\"WebSite\",\"@id\":\"https:\\\/\\\/www.organisator.ch\\\/#website\",\"url\":\"https:\\\/\\\/www.organisator.ch\\\/\",\"name\":\"Organisator\",\"description\":\"Kompetent. Praxisnah. Der ORGANISATOR bereitet in 10 Ausgaben pro Jahr die wesentlichen Themen f\u00fcr F\u00fchrungskr\u00e4fte von KMU auf.\",\"publisher\":{\"@id\":\"https:\\\/\\\/www.organisator.ch\\\/#organization\"},\"potentialAction\":[{\"@type\":\"SearchAction\",\"target\":{\"@type\":\"EntryPoint\",\"urlTemplate\":\"https:\\\/\\\/www.organisator.ch\\\/?s={search_term_string}\"},\"query-input\":{\"@type\":\"PropertyValueSpecification\",\"valueRequired\":true,\"valueName\":\"search_term_string\"}}],\"inLanguage\":\"fr-FR\"},{\"@type\":\"Organization\",\"@id\":\"https:\\\/\\\/www.organisator.ch\\\/#organization\",\"name\":\"Organisator\",\"url\":\"https:\\\/\\\/www.organisator.ch\\\/\",\"logo\":{\"@type\":\"ImageObject\",\"inLanguage\":\"fr-FR\",\"@id\":\"https:\\\/\\\/www.organisator.ch\\\/#\\\/schema\\\/logo\\\/image\\\/\",\"url\":\"https:\\\/\\\/www.organisator.ch\\\/wp-content\\\/uploads\\\/2022\\\/01\\\/Logo_Organisator_Website.png\",\"contentUrl\":\"https:\\\/\\\/www.organisator.ch\\\/wp-content\\\/uploads\\\/2022\\\/01\\\/Logo_Organisator_Website.png\",\"width\":800,\"height\":77,\"caption\":\"Organisator\"},\"image\":{\"@id\":\"https:\\\/\\\/www.organisator.ch\\\/#\\\/schema\\\/logo\\\/image\\\/\"},\"sameAs\":[\"https:\\\/\\\/www.facebook.com\\\/OrganisatorFachmagazin\",\"https:\\\/\\\/www.linkedin.com\\\/showcase\\\/organisator-das-magazin-fr-kmu\",\"https:\\\/\\\/www.xing.com\\\/news\\\/pages\\\/organisator-ch-695\",\"https:\\\/\\\/www.youtube.com\\\/channel\\\/UCGP2Sq0iWaZwT3BdIAQFYpw\"]},{\"@type\":\"Person\",\"@id\":\"https:\\\/\\\/www.organisator.ch\\\/#\\\/schema\\\/person\\\/4e51799071cd2dd1232ac003643ef5f0\",\"name\":\"galledia\",\"image\":{\"@type\":\"ImageObject\",\"inLanguage\":\"fr-FR\",\"@id\":\"https:\\\/\\\/secure.gravatar.com\\\/avatar\\\/78a7f90c01fc2bfc875782a0d4922b37cde2cf184ce347b91316d23cd7f69a36?s=96&d=mm&r=g\",\"url\":\"https:\\\/\\\/secure.gravatar.com\\\/avatar\\\/78a7f90c01fc2bfc875782a0d4922b37cde2cf184ce347b91316d23cd7f69a36?s=96&d=mm&r=g\",\"contentUrl\":\"https:\\\/\\\/secure.gravatar.com\\\/avatar\\\/78a7f90c01fc2bfc875782a0d4922b37cde2cf184ce347b91316d23cd7f69a36?s=96&d=mm&r=g\",\"caption\":\"galledia\"},\"sameAs\":[\"https:\\\/\\\/x.com\\\/admin\"],\"url\":\"https:\\\/\\\/www.organisator.ch\\\/fr\\\/author\\\/galledia\\\/\"}]}<\/script>\n<!-- \/ Yoast SEO plugin. -->","yoast_head_json":{"title":"La durabilit\u00e9 n'a pas encore compl\u00e8tement p\u00e9n\u00e9tr\u00e9 le contr\u00f4le de gestion - Organisateur","description":"\u00c9tude ICV 2022 : le contr\u00f4le de gestion vert prend une importance strat\u00e9gique. Les rapports sur le d\u00e9veloppement durable perdent de leur importance.","robots":{"index":"index","follow":"follow","max-snippet":"max-snippet:-1","max-image-preview":"max-image-preview:large","max-video-preview":"max-video-preview:-1"},"canonical":"https:\/\/www.organisator.ch\/fr\/excellence-operationnelle\/2023-02-02\/nachhaltigkeit-hat-das-controlling-noch-nicht-komplett-durchdrungen\/","og_locale":"fr_FR","og_type":"article","og_title":"Nachhaltigkeit hat das Controlling noch nicht komplett durchdrungen - Organisator","og_description":"ICV-Studie 2022: Green Controlling wird strategisch wichtiger. Nachhaltigkeitsberichte verlieren an Bedeutung.","og_url":"https:\/\/www.organisator.ch\/fr\/excellence-operationnelle\/2023-02-02\/nachhaltigkeit-hat-das-controlling-noch-nicht-komplett-durchdrungen\/","og_site_name":"Organisator","article_publisher":"https:\/\/www.facebook.com\/OrganisatorFachmagazin","article_published_time":"2023-02-02T13:08:46+00:00","article_modified_time":"2024-11-19T05:06:05+00:00","author":"galledia","twitter_card":"summary_large_image","twitter_creator":"@admin","schema":{"@context":"https:\/\/schema.org","@graph":[{"@type":"Article","@id":"https:\/\/www.organisator.ch\/operational-excellence\/2023-02-02\/nachhaltigkeit-hat-das-controlling-noch-nicht-komplett-durchdrungen\/#article","isPartOf":{"@id":"https:\/\/www.organisator.ch\/operational-excellence\/2023-02-02\/nachhaltigkeit-hat-das-controlling-noch-nicht-komplett-durchdrungen\/"},"author":{"name":"galledia","@id":"https:\/\/www.organisator.ch\/#\/schema\/person\/4e51799071cd2dd1232ac003643ef5f0"},"headline":"Nachhaltigkeit hat das Controlling noch nicht komplett durchdrungen","datePublished":"2023-02-02T13:08:46+00:00","dateModified":"2024-11-19T05:06:05+00:00","mainEntityOfPage":{"@id":"https:\/\/www.organisator.ch\/operational-excellence\/2023-02-02\/nachhaltigkeit-hat-das-controlling-noch-nicht-komplett-durchdrungen\/"},"wordCount":268,"publisher":{"@id":"https:\/\/www.organisator.ch\/#organization"},"image":{"@id":"https:\/\/www.organisator.ch\/operational-excellence\/2023-02-02\/nachhaltigkeit-hat-das-controlling-noch-nicht-komplett-durchdrungen\/#primaryimage"},"thumbnailUrl":"https:\/\/www.m-q.ch\/wp-content\/uploads\/2023\/02\/Nachhaltigkeit-hat-das-Controlling-noch-nicht-komplett-durchdrungen_MQ.png","articleSection":["OPERATIONAL EXCELLENCE"],"inLanguage":"fr-FR"},{"@type":"WebPage","@id":"https:\/\/www.organisator.ch\/operational-excellence\/2023-02-02\/nachhaltigkeit-hat-das-controlling-noch-nicht-komplett-durchdrungen\/","url":"https:\/\/www.organisator.ch\/operational-excellence\/2023-02-02\/nachhaltigkeit-hat-das-controlling-noch-nicht-komplett-durchdrungen\/","name":"La durabilit\u00e9 n'a pas encore compl\u00e8tement p\u00e9n\u00e9tr\u00e9 le contr\u00f4le de gestion - Organisateur","isPartOf":{"@id":"https:\/\/www.organisator.ch\/#website"},"primaryImageOfPage":{"@id":"https:\/\/www.organisator.ch\/operational-excellence\/2023-02-02\/nachhaltigkeit-hat-das-controlling-noch-nicht-komplett-durchdrungen\/#primaryimage"},"image":{"@id":"https:\/\/www.organisator.ch\/operational-excellence\/2023-02-02\/nachhaltigkeit-hat-das-controlling-noch-nicht-komplett-durchdrungen\/#primaryimage"},"thumbnailUrl":"https:\/\/www.m-q.ch\/wp-content\/uploads\/2023\/02\/Nachhaltigkeit-hat-das-Controlling-noch-nicht-komplett-durchdrungen_MQ.png","datePublished":"2023-02-02T13:08:46+00:00","dateModified":"2024-11-19T05:06:05+00:00","description":"\u00c9tude ICV 2022 : le contr\u00f4le de gestion vert prend une importance strat\u00e9gique. Les rapports sur le d\u00e9veloppement durable perdent de leur importance.","breadcrumb":{"@id":"https:\/\/www.organisator.ch\/operational-excellence\/2023-02-02\/nachhaltigkeit-hat-das-controlling-noch-nicht-komplett-durchdrungen\/#breadcrumb"},"inLanguage":"fr-FR","potentialAction":[{"@type":"ReadAction","target":["https:\/\/www.organisator.ch\/operational-excellence\/2023-02-02\/nachhaltigkeit-hat-das-controlling-noch-nicht-komplett-durchdrungen\/"]}]},{"@type":"ImageObject","inLanguage":"fr-FR","@id":"https:\/\/www.organisator.ch\/operational-excellence\/2023-02-02\/nachhaltigkeit-hat-das-controlling-noch-nicht-komplett-durchdrungen\/#primaryimage","url":"https:\/\/www.m-q.ch\/wp-content\/uploads\/2023\/02\/Nachhaltigkeit-hat-das-Controlling-noch-nicht-komplett-durchdrungen_MQ.png","contentUrl":"https:\/\/www.m-q.ch\/wp-content\/uploads\/2023\/02\/Nachhaltigkeit-hat-das-Controlling-noch-nicht-komplett-durchdrungen_MQ.png"},{"@type":"BreadcrumbList","@id":"https:\/\/www.organisator.ch\/operational-excellence\/2023-02-02\/nachhaltigkeit-hat-das-controlling-noch-nicht-komplett-durchdrungen\/#breadcrumb","itemListElement":[{"@type":"ListItem","position":1,"name":"Home","item":"https:\/\/www.organisator.ch\/"},{"@type":"ListItem","position":2,"name":"Nachhaltigkeit hat das Controlling noch nicht komplett durchdrungen"}]},{"@type":"WebSite","@id":"https:\/\/www.organisator.ch\/#website","url":"https:\/\/www.organisator.ch\/","name":"Organisateur","description":"Comp\u00e9tence et comp\u00e9tence. Proches de la pratique. L'ORGANISATEUR pr\u00e9pare 10 num\u00e9ros par an sur les th\u00e8mes essentiels pour les dirigeants de PME.","publisher":{"@id":"https:\/\/www.organisator.ch\/#organization"},"potentialAction":[{"@type":"SearchAction","target":{"@type":"EntryPoint","urlTemplate":"https:\/\/www.organisator.ch\/?s={search_term_string}"},"query-input":{"@type":"PropertyValueSpecification","valueRequired":true,"valueName":"search_term_string"}}],"inLanguage":"fr-FR"},{"@type":"Organization","@id":"https:\/\/www.organisator.ch\/#organization","name":"Organisateur","url":"https:\/\/www.organisator.ch\/","logo":{"@type":"ImageObject","inLanguage":"fr-FR","@id":"https:\/\/www.organisator.ch\/#\/schema\/logo\/image\/","url":"https:\/\/www.organisator.ch\/wp-content\/uploads\/2022\/01\/Logo_Organisator_Website.png","contentUrl":"https:\/\/www.organisator.ch\/wp-content\/uploads\/2022\/01\/Logo_Organisator_Website.png","width":800,"height":77,"caption":"Organisator"},"image":{"@id":"https:\/\/www.organisator.ch\/#\/schema\/logo\/image\/"},"sameAs":["https:\/\/www.facebook.com\/OrganisatorFachmagazin","https:\/\/www.linkedin.com\/showcase\/organisator-das-magazin-fr-kmu","https:\/\/www.xing.com\/news\/pages\/organisator-ch-695","https:\/\/www.youtube.com\/channel\/UCGP2Sq0iWaZwT3BdIAQFYpw"]},{"@type":"Person","@id":"https:\/\/www.organisator.ch\/#\/schema\/person\/4e51799071cd2dd1232ac003643ef5f0","name":"galledia","image":{"@type":"ImageObject","inLanguage":"fr-FR","@id":"https:\/\/secure.gravatar.com\/avatar\/78a7f90c01fc2bfc875782a0d4922b37cde2cf184ce347b91316d23cd7f69a36?s=96&d=mm&r=g","url":"https:\/\/secure.gravatar.com\/avatar\/78a7f90c01fc2bfc875782a0d4922b37cde2cf184ce347b91316d23cd7f69a36?s=96&d=mm&r=g","contentUrl":"https:\/\/secure.gravatar.com\/avatar\/78a7f90c01fc2bfc875782a0d4922b37cde2cf184ce347b91316d23cd7f69a36?s=96&d=mm&r=g","caption":"galledia"},"sameAs":["https:\/\/x.com\/admin"],"url":"https:\/\/www.organisator.ch\/fr\/author\/galledia\/"}]}},"_links":{"self":[{"href":"https:\/\/www.organisator.ch\/fr\/wp-json\/wp\/v2\/posts\/18706","targetHints":{"allow":["GET"]}}],"collection":[{"href":"https:\/\/www.organisator.ch\/fr\/wp-json\/wp\/v2\/posts"}],"about":[{"href":"https:\/\/www.organisator.ch\/fr\/wp-json\/wp\/v2\/types\/post"}],"author":[{"embeddable":true,"href":"https:\/\/www.organisator.ch\/fr\/wp-json\/wp\/v2\/users\/8"}],"replies":[{"embeddable":true,"href":"https:\/\/www.organisator.ch\/fr\/wp-json\/wp\/v2\/comments?post=18706"}],"version-history":[{"count":3,"href":"https:\/\/www.organisator.ch\/fr\/wp-json\/wp\/v2\/posts\/18706\/revisions"}],"predecessor-version":[{"id":33411,"href":"https:\/\/www.organisator.ch\/fr\/wp-json\/wp\/v2\/posts\/18706\/revisions\/33411"}],"wp:attachment":[{"href":"https:\/\/www.organisator.ch\/fr\/wp-json\/wp\/v2\/media?parent=18706"}],"wp:term":[{"taxonomy":"category","embeddable":true,"href":"https:\/\/www.organisator.ch\/fr\/wp-json\/wp\/v2\/categories?post=18706"},{"taxonomy":"post_tag","embeddable":true,"href":"https:\/\/www.organisator.ch\/fr\/wp-json\/wp\/v2\/tags?post=18706"}],"curies":[{"name":"wp","href":"https:\/\/api.w.org\/{rel}","templated":true}]}}