{"id":18766,"date":"2023-02-10T08:12:07","date_gmt":"2023-02-10T07:12:07","guid":{"rendered":"https:\/\/www.organisator.ch\/?p=18766"},"modified":"2023-02-10T08:12:07","modified_gmt":"2023-02-10T07:12:07","slug":"generationenwechsel-bei-schillingpartners","status":"publish","type":"post","link":"https:\/\/www.organisator.ch\/fr\/management\/2023-02-10\/generationenwechsel-bei-schillingpartners\/","title":{"rendered":"Changement de g\u00e9n\u00e9ration chez schillingpartners"},"content":{"rendered":"<figure id=\"attachment_18767\" aria-describedby=\"caption-attachment-18767\" style=\"width: 680px\" class=\"wp-caption alignnone\"><img loading=\"lazy\" decoding=\"async\" class=\"size-full wp-image-18767\" src=\"https:\/\/www.organisator.ch\/wp-content\/uploads\/2023\/02\/Generationenwechsel-bei-schillingpartners_Organisator.jpg\" alt=\"\" width=\"680\" height=\"510\" srcset=\"https:\/\/www.organisator.ch\/wp-content\/uploads\/2023\/02\/Generationenwechsel-bei-schillingpartners_Organisator.jpg 680w, https:\/\/www.organisator.ch\/wp-content\/uploads\/2023\/02\/Generationenwechsel-bei-schillingpartners_Organisator-16x12.jpg 16w, https:\/\/www.organisator.ch\/wp-content\/uploads\/2023\/02\/Generationenwechsel-bei-schillingpartners_Organisator-375x281.jpg 375w, https:\/\/www.organisator.ch\/wp-content\/uploads\/2023\/02\/Generationenwechsel-bei-schillingpartners_Organisator-467x350.jpg 467w\" sizes=\"auto, (max-width: 680px) 100vw, 680px\" \/><figcaption id=\"caption-attachment-18767\" class=\"wp-caption-text\">Apr\u00e8s le changement de g\u00e9n\u00e9ration, le conseil d'administration de schillingpartners se compose de Gilgian Eisner, Malte M\u00fcller, Brigitta Schl\u00e4pfer et Guido Schilling (de g. \u00e0 dr.). Image : schillingpartners<\/figcaption><\/figure>\n<p>Guido Schilling proc\u00e8de \u00e0 un changement de g\u00e9n\u00e9ration dans son entreprise : \u00e0 l'avenir, sa soci\u00e9t\u00e9 de recherche de cadres schillingpartners sera dirig\u00e9e par ses partenaires de longue date. Il reste cependant pr\u00e9sident du conseil d'administration de l'entreprise et se concentre sur le recrutement de membres de conseils d'administration et de cadres sup\u00e9rieurs. Malte M\u00fcller, qui fait partie de l'entreprise depuis dix ans d\u00e9j\u00e0 et qui dirige la Practice Industry\/Energy, reprendra le r\u00f4le de Managing Partner. Tout comme M\u00fcller, les autres partenaires se concentrent sur un secteur d'activit\u00e9 dans lequel ils mettent leur expertise au service des clients.<\/p>\n<h3>Plus de 30 ans d'exp\u00e9rience<\/h3>\n<p>Guido Schilling travaille depuis plus de 30 ans dans le domaine de la recherche de cadres et a fait de schillingpartners l'une des principales entreprises de recherche de cadres en Suisse. Les chasseurs de t\u00eates trouvent syst\u00e9matiquement, de mani\u00e8re fiable et cibl\u00e9e, les cadres sup\u00e9rieurs ad\u00e9quats pour les PME et les grandes entreprises. En 2019, Guido Schilling a lanc\u00e9 le processus de succession avec les partenaires afin de pr\u00e9parer l'entreprise de mani\u00e8re durable pour l'avenir. Les parts de l'entreprise schillingpartners sont d\u00e9sormais majoritairement d\u00e9tenues par la nouvelle g\u00e9n\u00e9ration. Guido Schilling commente cette \u00e9tape importante comme suit : \"Je suis heureux et fier d'avoir trouv\u00e9, en collaboration avec les partenaires de longue date, une excellente solution pour l'avenir de schillingpartners et de ses collaborateurs. Je serai aux c\u00f4t\u00e9s des partenaires pour les conseiller et les aider \u00e0 r\u00e9aliser leurs plans d'affaires\".<\/p>\n<h3>Des objectifs ambitieux<\/h3>\n<p>Pour l'avenir, apr\u00e8s le changement de g\u00e9n\u00e9ration, schillingpartners s'est fix\u00e9 des objectifs ambitieux. \"Nous voulons \u00eatre le num\u00e9ro 1 pour le recrutement de postes de haut niveau en Suisse\", d\u00e9clare Malte M\u00fcller pour expliquer la vision de l'entreprise. \"Pour cela, nous allons continuer \u00e0 d\u00e9velopper l'\u00e9quipe et nous recherchons avant tout des consultants forts qui partagent notre exigence de qualit\u00e9 et qui fournissent chaque jour le maximum de prestations \u00e0 nos clients\".<\/p>\n<p>L'entreprise emploie actuellement une trentaine de personnes. Les conseillers sont sp\u00e9cialis\u00e9s dans des domaines sp\u00e9cifiques, de l'industrie, de la technologie informatique, des services financiers, de la sant\u00e9 et des sciences de la vie aux biens de consommation, \u00e0 l'\u00e9nergie, \u00e0 l'immobilier et au secteur public. Au niveau international, l'entreprise est associ\u00e9e \u00e0 l'IMD Search Group qui poss\u00e8de des bureaux dans 25 pays sur quatre continents.<\/p>\n<p><em>Source : <a href=\"http:\/\/www.schillingpartners.ch\">www.schillingpartners.ch<\/a><\/em><\/p>","protected":false},"excerpt":{"rendered":"<p>Guido Schilling vollzieht in seinem Unternehmen den Generationenwechsel: Insk\u00fcnftig wird sein Executive-Search-Unternehmen schillingpartners von den langj\u00e4hrigen Partnerinnen und Partnern gef\u00fchrt. Er selbst bleibt dem Unternehmen aber als Verwaltungsratspr\u00e4sident erhalten und fokussiert sich auf die Besetzung von Verwaltungsr\u00e4ten und Positionen im obersten Management. Die Rolle des Managing Partners wird Malte M\u00fcller \u00fcbernehmen, der dem Unternehmen bereits [&hellip;]<\/p>\n","protected":false},"author":4,"featured_media":18767,"comment_status":"closed","ping_status":"closed","sticky":false,"template":"","format":"standard","meta":{"_acf_changed":false,"_yoast_wpseo_focuskw":"Generationenwechsel","_yoast_wpseo_metadesc":"Generationenwechsel: Zuk\u00fcnftig wird schillingpartners von den langj\u00e4hrigen Partnerinnen und Partnern gef\u00fchrt, Guido Schilling bleibt VRP.","articlekey":"","footnotes":""},"categories":[28],"tags":[3616,207,335],"class_list":["post-18766","post","type-post","status-publish","format-standard","has-post-thumbnail","hentry","category-management","tag-executive-search","tag-firmennachfolge","tag-management-und-unternehmensfuehrung"],"acf":[],"yoast_head":"<!-- This site is optimized with the Yoast SEO plugin v27.5 - https:\/\/yoast.com\/product\/yoast-seo-wordpress\/ -->\n<title>Generationenwechsel bei schillingpartners - Organisator<\/title>\n<meta name=\"description\" content=\"Generationenwechsel: Zuk\u00fcnftig wird schillingpartners von den langj\u00e4hrigen Partnerinnen und Partnern gef\u00fchrt, Guido Schilling bleibt VRP.\" \/>\n<meta name=\"robots\" content=\"index, follow, max-snippet:-1, max-image-preview:large, max-video-preview:-1\" \/>\n<link rel=\"canonical\" href=\"https:\/\/www.organisator.ch\/fr\/gestion-2\/2023-02-10\/generationenwechsel-bei-schillingpartners\/\" \/>\n<meta property=\"og:locale\" content=\"fr_FR\" \/>\n<meta property=\"og:type\" content=\"article\" \/>\n<meta property=\"og:title\" content=\"Generationenwechsel bei schillingpartners\" \/>\n<meta property=\"og:description\" content=\"Generationenwechsel: Zuk\u00fcnftig wird schillingpartners von den langj\u00e4hrigen Partnerinnen und Partnern gef\u00fchrt, Guido Schilling bleibt VRP.\" \/>\n<meta property=\"og:url\" content=\"https:\/\/www.organisator.ch\/fr\/gestion-2\/2023-02-10\/generationenwechsel-bei-schillingpartners\/\" \/>\n<meta property=\"og:site_name\" content=\"Organisator\" \/>\n<meta property=\"article:publisher\" content=\"https:\/\/www.facebook.com\/OrganisatorFachmagazin\" \/>\n<meta property=\"article:published_time\" content=\"2023-02-10T07:12:07+00:00\" \/>\n<meta property=\"og:image\" content=\"https:\/\/www.organisator.ch\/wp-content\/uploads\/2023\/02\/Generationenwechsel-bei-schillingpartners_Organisator.jpg\" \/>\n\t<meta property=\"og:image:width\" content=\"680\" \/>\n\t<meta property=\"og:image:height\" content=\"510\" \/>\n\t<meta property=\"og:image:type\" content=\"image\/jpeg\" \/>\n<meta name=\"author\" content=\"thomas.berner\" \/>\n<meta name=\"twitter:card\" content=\"summary_large_image\" \/>\n<meta name=\"twitter:title\" content=\"#Generationenwechsel bei #schillingpartners\" \/>\n<meta name=\"twitter:description\" content=\"#Generationenwechsel: Zuk\u00fcnftig wird #schillingpartners von den langj\u00e4hrigen Partnerinnen und Partnern gef\u00fchrt, Guido Schilling bleibt #VRP.\" \/>\n<meta name=\"twitter:image\" content=\"https:\/\/www.organisator.ch\/wp-content\/uploads\/2023\/02\/Generationenwechsel-bei-schillingpartners_Organisator.jpg\" \/>\n<script type=\"application\/ld+json\" class=\"yoast-schema-graph\">{\"@context\":\"https:\\\/\\\/schema.org\",\"@graph\":[{\"@type\":\"Article\",\"@id\":\"https:\\\/\\\/www.organisator.ch\\\/management\\\/2023-02-10\\\/generationenwechsel-bei-schillingpartners\\\/#article\",\"isPartOf\":{\"@id\":\"https:\\\/\\\/www.organisator.ch\\\/management\\\/2023-02-10\\\/generationenwechsel-bei-schillingpartners\\\/\"},\"author\":{\"name\":\"thomas.berner\",\"@id\":\"https:\\\/\\\/www.organisator.ch\\\/#\\\/schema\\\/person\\\/6f650f90b2842cd4c0cc334b4e36f67e\"},\"headline\":\"Generationenwechsel bei schillingpartners\",\"datePublished\":\"2023-02-10T07:12:07+00:00\",\"mainEntityOfPage\":{\"@id\":\"https:\\\/\\\/www.organisator.ch\\\/management\\\/2023-02-10\\\/generationenwechsel-bei-schillingpartners\\\/\"},\"wordCount\":401,\"publisher\":{\"@id\":\"https:\\\/\\\/www.organisator.ch\\\/#organization\"},\"image\":{\"@id\":\"https:\\\/\\\/www.organisator.ch\\\/management\\\/2023-02-10\\\/generationenwechsel-bei-schillingpartners\\\/#primaryimage\"},\"thumbnailUrl\":\"https:\\\/\\\/www.organisator.ch\\\/wp-content\\\/uploads\\\/2023\\\/02\\\/Generationenwechsel-bei-schillingpartners_Organisator.jpg\",\"keywords\":[\"Executive Search\",\"Firmennachfolge\",\"Management und Unternehmensf\u00fchrung\"],\"articleSection\":[\"MANAGEMENT\"],\"inLanguage\":\"fr-FR\"},{\"@type\":\"WebPage\",\"@id\":\"https:\\\/\\\/www.organisator.ch\\\/management\\\/2023-02-10\\\/generationenwechsel-bei-schillingpartners\\\/\",\"url\":\"https:\\\/\\\/www.organisator.ch\\\/management\\\/2023-02-10\\\/generationenwechsel-bei-schillingpartners\\\/\",\"name\":\"Generationenwechsel bei schillingpartners - Organisator\",\"isPartOf\":{\"@id\":\"https:\\\/\\\/www.organisator.ch\\\/#website\"},\"primaryImageOfPage\":{\"@id\":\"https:\\\/\\\/www.organisator.ch\\\/management\\\/2023-02-10\\\/generationenwechsel-bei-schillingpartners\\\/#primaryimage\"},\"image\":{\"@id\":\"https:\\\/\\\/www.organisator.ch\\\/management\\\/2023-02-10\\\/generationenwechsel-bei-schillingpartners\\\/#primaryimage\"},\"thumbnailUrl\":\"https:\\\/\\\/www.organisator.ch\\\/wp-content\\\/uploads\\\/2023\\\/02\\\/Generationenwechsel-bei-schillingpartners_Organisator.jpg\",\"datePublished\":\"2023-02-10T07:12:07+00:00\",\"description\":\"Generationenwechsel: Zuk\u00fcnftig wird schillingpartners von den langj\u00e4hrigen Partnerinnen und Partnern gef\u00fchrt, Guido Schilling bleibt VRP.\",\"breadcrumb\":{\"@id\":\"https:\\\/\\\/www.organisator.ch\\\/management\\\/2023-02-10\\\/generationenwechsel-bei-schillingpartners\\\/#breadcrumb\"},\"inLanguage\":\"fr-FR\",\"potentialAction\":[{\"@type\":\"ReadAction\",\"target\":[\"https:\\\/\\\/www.organisator.ch\\\/management\\\/2023-02-10\\\/generationenwechsel-bei-schillingpartners\\\/\"]}]},{\"@type\":\"ImageObject\",\"inLanguage\":\"fr-FR\",\"@id\":\"https:\\\/\\\/www.organisator.ch\\\/management\\\/2023-02-10\\\/generationenwechsel-bei-schillingpartners\\\/#primaryimage\",\"url\":\"https:\\\/\\\/www.organisator.ch\\\/wp-content\\\/uploads\\\/2023\\\/02\\\/Generationenwechsel-bei-schillingpartners_Organisator.jpg\",\"contentUrl\":\"https:\\\/\\\/www.organisator.ch\\\/wp-content\\\/uploads\\\/2023\\\/02\\\/Generationenwechsel-bei-schillingpartners_Organisator.jpg\",\"width\":680,\"height\":510,\"caption\":\"Der Verwaltungsrat von schillingpartners: Gilgian Eisner, Malte M\u00fcller, Brigitta Schl\u00e4pfer und Guido Schilling (v.l.n.r.). Bild: schillingpartners\"},{\"@type\":\"BreadcrumbList\",\"@id\":\"https:\\\/\\\/www.organisator.ch\\\/management\\\/2023-02-10\\\/generationenwechsel-bei-schillingpartners\\\/#breadcrumb\",\"itemListElement\":[{\"@type\":\"ListItem\",\"position\":1,\"name\":\"Home\",\"item\":\"https:\\\/\\\/www.organisator.ch\\\/\"},{\"@type\":\"ListItem\",\"position\":2,\"name\":\"Generationenwechsel bei schillingpartners\"}]},{\"@type\":\"WebSite\",\"@id\":\"https:\\\/\\\/www.organisator.ch\\\/#website\",\"url\":\"https:\\\/\\\/www.organisator.ch\\\/\",\"name\":\"Organisator\",\"description\":\"Kompetent. Praxisnah. Der ORGANISATOR bereitet in 10 Ausgaben pro Jahr die wesentlichen Themen f\u00fcr F\u00fchrungskr\u00e4fte von KMU auf.\",\"publisher\":{\"@id\":\"https:\\\/\\\/www.organisator.ch\\\/#organization\"},\"potentialAction\":[{\"@type\":\"SearchAction\",\"target\":{\"@type\":\"EntryPoint\",\"urlTemplate\":\"https:\\\/\\\/www.organisator.ch\\\/?s={search_term_string}\"},\"query-input\":{\"@type\":\"PropertyValueSpecification\",\"valueRequired\":true,\"valueName\":\"search_term_string\"}}],\"inLanguage\":\"fr-FR\"},{\"@type\":\"Organization\",\"@id\":\"https:\\\/\\\/www.organisator.ch\\\/#organization\",\"name\":\"Organisator\",\"url\":\"https:\\\/\\\/www.organisator.ch\\\/\",\"logo\":{\"@type\":\"ImageObject\",\"inLanguage\":\"fr-FR\",\"@id\":\"https:\\\/\\\/www.organisator.ch\\\/#\\\/schema\\\/logo\\\/image\\\/\",\"url\":\"https:\\\/\\\/www.organisator.ch\\\/wp-content\\\/uploads\\\/2022\\\/01\\\/Logo_Organisator_Website.png\",\"contentUrl\":\"https:\\\/\\\/www.organisator.ch\\\/wp-content\\\/uploads\\\/2022\\\/01\\\/Logo_Organisator_Website.png\",\"width\":800,\"height\":77,\"caption\":\"Organisator\"},\"image\":{\"@id\":\"https:\\\/\\\/www.organisator.ch\\\/#\\\/schema\\\/logo\\\/image\\\/\"},\"sameAs\":[\"https:\\\/\\\/www.facebook.com\\\/OrganisatorFachmagazin\",\"https:\\\/\\\/www.linkedin.com\\\/showcase\\\/organisator-das-magazin-fr-kmu\",\"https:\\\/\\\/www.xing.com\\\/news\\\/pages\\\/organisator-ch-695\",\"https:\\\/\\\/www.youtube.com\\\/channel\\\/UCGP2Sq0iWaZwT3BdIAQFYpw\"]},{\"@type\":\"Person\",\"@id\":\"https:\\\/\\\/www.organisator.ch\\\/#\\\/schema\\\/person\\\/6f650f90b2842cd4c0cc334b4e36f67e\",\"name\":\"thomas.berner\",\"image\":{\"@type\":\"ImageObject\",\"inLanguage\":\"fr-FR\",\"@id\":\"https:\\\/\\\/secure.gravatar.com\\\/avatar\\\/ac5001d2a36cb6c6cd3e50789007ffca834b477b74a2144564522e944eabff61?s=96&d=mm&r=g\",\"url\":\"https:\\\/\\\/secure.gravatar.com\\\/avatar\\\/ac5001d2a36cb6c6cd3e50789007ffca834b477b74a2144564522e944eabff61?s=96&d=mm&r=g\",\"contentUrl\":\"https:\\\/\\\/secure.gravatar.com\\\/avatar\\\/ac5001d2a36cb6c6cd3e50789007ffca834b477b74a2144564522e944eabff61?s=96&d=mm&r=g\",\"caption\":\"thomas.berner\"},\"url\":\"https:\\\/\\\/www.organisator.ch\\\/fr\\\/author\\\/thomas-berner\\\/\"}]}<\/script>\n<!-- \/ Yoast SEO plugin. -->","yoast_head_json":{"title":"Changement de g\u00e9n\u00e9ration chez schillingpartners - Organisateur","description":"Changement de g\u00e9n\u00e9ration : \u00e0 l'avenir, schillingpartners sera dirig\u00e9 par les partenaires de longue date, Guido Schilling reste pr\u00e9sident du conseil d'administration.","robots":{"index":"index","follow":"follow","max-snippet":"max-snippet:-1","max-image-preview":"max-image-preview:large","max-video-preview":"max-video-preview:-1"},"canonical":"https:\/\/www.organisator.ch\/fr\/gestion-2\/2023-02-10\/generationenwechsel-bei-schillingpartners\/","og_locale":"fr_FR","og_type":"article","og_title":"Generationenwechsel bei schillingpartners","og_description":"Generationenwechsel: Zuk\u00fcnftig wird schillingpartners von den langj\u00e4hrigen Partnerinnen und Partnern gef\u00fchrt, Guido Schilling bleibt VRP.","og_url":"https:\/\/www.organisator.ch\/fr\/gestion-2\/2023-02-10\/generationenwechsel-bei-schillingpartners\/","og_site_name":"Organisator","article_publisher":"https:\/\/www.facebook.com\/OrganisatorFachmagazin","article_published_time":"2023-02-10T07:12:07+00:00","og_image":[{"width":680,"height":510,"url":"https:\/\/www.organisator.ch\/wp-content\/uploads\/2023\/02\/Generationenwechsel-bei-schillingpartners_Organisator.jpg","type":"image\/jpeg"}],"author":"thomas.berner","twitter_card":"summary_large_image","twitter_title":"#Generationenwechsel bei #schillingpartners","twitter_description":"#Generationenwechsel: Zuk\u00fcnftig wird #schillingpartners von den langj\u00e4hrigen Partnerinnen und Partnern gef\u00fchrt, Guido Schilling bleibt #VRP.","twitter_image":"https:\/\/www.organisator.ch\/wp-content\/uploads\/2023\/02\/Generationenwechsel-bei-schillingpartners_Organisator.jpg","schema":{"@context":"https:\/\/schema.org","@graph":[{"@type":"Article","@id":"https:\/\/www.organisator.ch\/management\/2023-02-10\/generationenwechsel-bei-schillingpartners\/#article","isPartOf":{"@id":"https:\/\/www.organisator.ch\/management\/2023-02-10\/generationenwechsel-bei-schillingpartners\/"},"author":{"name":"thomas.berner","@id":"https:\/\/www.organisator.ch\/#\/schema\/person\/6f650f90b2842cd4c0cc334b4e36f67e"},"headline":"Generationenwechsel bei schillingpartners","datePublished":"2023-02-10T07:12:07+00:00","mainEntityOfPage":{"@id":"https:\/\/www.organisator.ch\/management\/2023-02-10\/generationenwechsel-bei-schillingpartners\/"},"wordCount":401,"publisher":{"@id":"https:\/\/www.organisator.ch\/#organization"},"image":{"@id":"https:\/\/www.organisator.ch\/management\/2023-02-10\/generationenwechsel-bei-schillingpartners\/#primaryimage"},"thumbnailUrl":"https:\/\/www.organisator.ch\/wp-content\/uploads\/2023\/02\/Generationenwechsel-bei-schillingpartners_Organisator.jpg","keywords":["Executive Search","Firmennachfolge","Management und Unternehmensf\u00fchrung"],"articleSection":["MANAGEMENT"],"inLanguage":"fr-FR"},{"@type":"WebPage","@id":"https:\/\/www.organisator.ch\/management\/2023-02-10\/generationenwechsel-bei-schillingpartners\/","url":"https:\/\/www.organisator.ch\/management\/2023-02-10\/generationenwechsel-bei-schillingpartners\/","name":"Changement de g\u00e9n\u00e9ration chez schillingpartners - Organisateur","isPartOf":{"@id":"https:\/\/www.organisator.ch\/#website"},"primaryImageOfPage":{"@id":"https:\/\/www.organisator.ch\/management\/2023-02-10\/generationenwechsel-bei-schillingpartners\/#primaryimage"},"image":{"@id":"https:\/\/www.organisator.ch\/management\/2023-02-10\/generationenwechsel-bei-schillingpartners\/#primaryimage"},"thumbnailUrl":"https:\/\/www.organisator.ch\/wp-content\/uploads\/2023\/02\/Generationenwechsel-bei-schillingpartners_Organisator.jpg","datePublished":"2023-02-10T07:12:07+00:00","description":"Changement de g\u00e9n\u00e9ration : \u00e0 l'avenir, schillingpartners sera dirig\u00e9 par les partenaires de longue date, Guido Schilling reste pr\u00e9sident du conseil d'administration.","breadcrumb":{"@id":"https:\/\/www.organisator.ch\/management\/2023-02-10\/generationenwechsel-bei-schillingpartners\/#breadcrumb"},"inLanguage":"fr-FR","potentialAction":[{"@type":"ReadAction","target":["https:\/\/www.organisator.ch\/management\/2023-02-10\/generationenwechsel-bei-schillingpartners\/"]}]},{"@type":"ImageObject","inLanguage":"fr-FR","@id":"https:\/\/www.organisator.ch\/management\/2023-02-10\/generationenwechsel-bei-schillingpartners\/#primaryimage","url":"https:\/\/www.organisator.ch\/wp-content\/uploads\/2023\/02\/Generationenwechsel-bei-schillingpartners_Organisator.jpg","contentUrl":"https:\/\/www.organisator.ch\/wp-content\/uploads\/2023\/02\/Generationenwechsel-bei-schillingpartners_Organisator.jpg","width":680,"height":510,"caption":"Der Verwaltungsrat von schillingpartners: Gilgian Eisner, Malte M\u00fcller, Brigitta Schl\u00e4pfer und Guido Schilling (v.l.n.r.). Bild: schillingpartners"},{"@type":"BreadcrumbList","@id":"https:\/\/www.organisator.ch\/management\/2023-02-10\/generationenwechsel-bei-schillingpartners\/#breadcrumb","itemListElement":[{"@type":"ListItem","position":1,"name":"Home","item":"https:\/\/www.organisator.ch\/"},{"@type":"ListItem","position":2,"name":"Generationenwechsel bei schillingpartners"}]},{"@type":"WebSite","@id":"https:\/\/www.organisator.ch\/#website","url":"https:\/\/www.organisator.ch\/","name":"Organisateur","description":"Comp\u00e9tence et comp\u00e9tence. Proches de la pratique. L'ORGANISATEUR pr\u00e9pare 10 num\u00e9ros par an sur les th\u00e8mes essentiels pour les dirigeants de PME.","publisher":{"@id":"https:\/\/www.organisator.ch\/#organization"},"potentialAction":[{"@type":"SearchAction","target":{"@type":"EntryPoint","urlTemplate":"https:\/\/www.organisator.ch\/?s={search_term_string}"},"query-input":{"@type":"PropertyValueSpecification","valueRequired":true,"valueName":"search_term_string"}}],"inLanguage":"fr-FR"},{"@type":"Organization","@id":"https:\/\/www.organisator.ch\/#organization","name":"Organisateur","url":"https:\/\/www.organisator.ch\/","logo":{"@type":"ImageObject","inLanguage":"fr-FR","@id":"https:\/\/www.organisator.ch\/#\/schema\/logo\/image\/","url":"https:\/\/www.organisator.ch\/wp-content\/uploads\/2022\/01\/Logo_Organisator_Website.png","contentUrl":"https:\/\/www.organisator.ch\/wp-content\/uploads\/2022\/01\/Logo_Organisator_Website.png","width":800,"height":77,"caption":"Organisator"},"image":{"@id":"https:\/\/www.organisator.ch\/#\/schema\/logo\/image\/"},"sameAs":["https:\/\/www.facebook.com\/OrganisatorFachmagazin","https:\/\/www.linkedin.com\/showcase\/organisator-das-magazin-fr-kmu","https:\/\/www.xing.com\/news\/pages\/organisator-ch-695","https:\/\/www.youtube.com\/channel\/UCGP2Sq0iWaZwT3BdIAQFYpw"]},{"@type":"Person","@id":"https:\/\/www.organisator.ch\/#\/schema\/person\/6f650f90b2842cd4c0cc334b4e36f67e","name":"thomas.berner","image":{"@type":"ImageObject","inLanguage":"fr-FR","@id":"https:\/\/secure.gravatar.com\/avatar\/ac5001d2a36cb6c6cd3e50789007ffca834b477b74a2144564522e944eabff61?s=96&d=mm&r=g","url":"https:\/\/secure.gravatar.com\/avatar\/ac5001d2a36cb6c6cd3e50789007ffca834b477b74a2144564522e944eabff61?s=96&d=mm&r=g","contentUrl":"https:\/\/secure.gravatar.com\/avatar\/ac5001d2a36cb6c6cd3e50789007ffca834b477b74a2144564522e944eabff61?s=96&d=mm&r=g","caption":"thomas.berner"},"url":"https:\/\/www.organisator.ch\/fr\/author\/thomas-berner\/"}]}},"_links":{"self":[{"href":"https:\/\/www.organisator.ch\/fr\/wp-json\/wp\/v2\/posts\/18766","targetHints":{"allow":["GET"]}}],"collection":[{"href":"https:\/\/www.organisator.ch\/fr\/wp-json\/wp\/v2\/posts"}],"about":[{"href":"https:\/\/www.organisator.ch\/fr\/wp-json\/wp\/v2\/types\/post"}],"author":[{"embeddable":true,"href":"https:\/\/www.organisator.ch\/fr\/wp-json\/wp\/v2\/users\/4"}],"replies":[{"embeddable":true,"href":"https:\/\/www.organisator.ch\/fr\/wp-json\/wp\/v2\/comments?post=18766"}],"version-history":[{"count":1,"href":"https:\/\/www.organisator.ch\/fr\/wp-json\/wp\/v2\/posts\/18766\/revisions"}],"predecessor-version":[{"id":18768,"href":"https:\/\/www.organisator.ch\/fr\/wp-json\/wp\/v2\/posts\/18766\/revisions\/18768"}],"wp:featuredmedia":[{"embeddable":true,"href":"https:\/\/www.organisator.ch\/fr\/wp-json\/wp\/v2\/media\/18767"}],"wp:attachment":[{"href":"https:\/\/www.organisator.ch\/fr\/wp-json\/wp\/v2\/media?parent=18766"}],"wp:term":[{"taxonomy":"category","embeddable":true,"href":"https:\/\/www.organisator.ch\/fr\/wp-json\/wp\/v2\/categories?post=18766"},{"taxonomy":"post_tag","embeddable":true,"href":"https:\/\/www.organisator.ch\/fr\/wp-json\/wp\/v2\/tags?post=18766"}],"curies":[{"name":"wp","href":"https:\/\/api.w.org\/{rel}","templated":true}]}}