{"id":1878,"date":"2018-10-26T12:30:25","date_gmt":"2018-10-26T10:30:25","guid":{"rendered":"https:\/\/www.umweltperspektiven.ch\/?p=1878"},"modified":"2022-02-09T11:06:18","modified_gmt":"2022-02-09T10:06:18","slug":"erster-umweltpreis-der-wirtschaft-geht-an-ecorobotix","status":"publish","type":"post","link":"https:\/\/www.organisator.ch\/fr\/sustainability\/2018-10-26\/erster-umweltpreis-der-wirtschaft-geht-an-ecorobotix\/","title":{"rendered":"Le premier \"Prix de l'environnement pour l'\u00e9conomie\" est d\u00e9cern\u00e9 \u00e0 ecoRobotix"},"content":{"rendered":"<figure id=\"attachment_1879\" aria-describedby=\"caption-attachment-1879\" style=\"width: 680px\" class=\"wp-caption alignnone\"><img loading=\"lazy\" decoding=\"async\" class=\"size-medium wp-image-1879\" src=\"\/\/www.umweltperspektiven.ch\/wp-content\/uploads\/2018\/10\/Umweltpreis-Schweizer-Wirtschaft-UP-Umweltperspektiven.jpg\" alt=\"\" width=\"680\" height=\"431\" \/><figcaption id=\"caption-attachment-1879\" class=\"wp-caption-text\">Les gagnants du premier \"Prix de l'environnement pour l'\u00e9conomie\" s'appellent : ecoRobotix, l'entreprise d'Yverdon a d\u00e9velopp\u00e9 un robot de d\u00e9sherbage autonome. (Image : ecoRobotix)<\/figcaption><\/figure>\n<p>A l'avenir, le \"Prix de l'environnement pour l'\u00e9conomie\" sera d\u00e9cern\u00e9 en partenariat avec le Swiss Economic Forum. La filiale du groupe de m\u00e9dias NZZ lance \u00e0 cet effet une nouvelle plate-forme, le Circular Economy Forum. Outre la manifestation principale au cours de laquelle le prix sera d\u00e9cern\u00e9, des manifestations plus petites doivent \u00e9galement porter le th\u00e8me de l'\u00e9conomie circulaire dans les r\u00e9gions, a expliqu\u00e9 Dominik Isler, CEO de Swiss Economic Forum. \"Nous nous engageons parce que l'avenir de l'\u00e9conomie ne peut \u00eatre que durable\", a d\u00e9clar\u00e9 Dominik Isler.<\/p>\n<p><strong>Des robots de fertilisation avec des avantages \u00a0<\/strong><\/p>\n<p>Fils d'agriculteur, Steve Tanner a d\u00fb un jour regarder ses camarades de classe avoir cong\u00e9 l'apr\u00e8s-midi pendant qu'il aidait dans les champs de son p\u00e8re. C'est ce qui l'a pouss\u00e9 \u00e0 \u00e9tudier la robotique. Plus tard, Tanner a fond\u00e9 ecoRobotix avec Aur\u00e9lien Demaurex, banquier \u00e0 l'origine. La jeune entreprise d'Yverdon d\u00e9veloppe un robot \u00e0 vision panoramique qui d\u00e9tecte de mani\u00e8re autonome les mauvaises herbes dans les champs et les d\u00e9truit avec pr\u00e9cision.<\/p>\n<p>Le fonctionnement \u00e0 l'\u00e9nergie solaire rend le robot totalement ind\u00e9pendant en termes d'approvisionnement en \u00e9nergie, m\u00eame par temps couvert. Il travaille jusqu'\u00e0 12 heures par jour, sans aucun contr\u00f4le humain gr\u00e2ce au GPS. Il pr\u00e9sente d'autres avantages environnementaux : Il n\u00e9cessite moins d'engrais et ne touche pas aux cultures - \"Nous prot\u00e9geons la nature, car aucun d\u00e9sherbant ne se retrouve dans les aliments ou le fourrage\", explique Demaurex.<\/p>\n<p>Aur\u00e9lien Demaurex a re\u00e7u mardi sur le MS Diamant, sur le lac des Quatre-Cantons, le prix de l'environnement de l'\u00e9conomie, d\u00e9cern\u00e9 pour la premi\u00e8re fois \u00e0 ecoRobotix. Dot\u00e9 dans un premier temps de 20'000 francs, ce prix est d\u00e9cern\u00e9 par la Fondation suisse pour l'environnement.  Toutefois, certains business angels et la Conf\u00e9d\u00e9ration soutiennent d\u00e9j\u00e0 les entreprises nomin\u00e9es cette ann\u00e9e.<\/p>\n<p>EcoRobotix a \u00e9t\u00e9 fond\u00e9e \u00e0 Yverdon en 2011 d\u00e9j\u00e0. Depuis, la petite entreprise a men\u00e9 des projets de recherche et des projets pilotes dans des zones de protection des eaux de Nestl\u00e9 Waters Suisse ainsi que dans d'autres zones agricoles europ\u00e9ennes. En mai 2018, l'entreprise a sign\u00e9 une soi-disant s\u00e9rie B pour CHF 10,6 millions (EUR 9,2 millions) avec des investisseurs prometteurs.<\/p>\n<p>Parmi eux, on trouve Capagro et BASF Venture Capital ainsi que des partenaires financiers priv\u00e9s. Le vainqueur du prix d'Yverdon tente maintenant d'entrer sur le march\u00e9 agricole europ\u00e9en.<\/p>\n<p><strong>De bonnes perspectives : un nouveau label <\/strong><\/p>\n<p>\"Ce prix nous montre que nous sommes sur la bonne voie\", a d\u00e9clar\u00e9 Demaurex, cit\u00e9 dans un communiqu\u00e9 de la Fondation pour l'environnement. \"Il nous donne des ailes pour mettre la technologie au service de l'environnement\". La vision des deux fondateurs : dans dix ans d\u00e9j\u00e0, des robots travailleront dans tous les champs, tandis que les agriculteurs s'occuperont de les utiliser correctement.<\/p>\n<p>B\u00fchler Insect Technology Solutions et Carbon Delta avaient \u00e9galement r\u00e9ussi \u00e0 se hisser en finale du prix. La filiale du minotier B\u00fchler d'Uzwil construit des installations pour l'\u00e9levage industriel et la transformation d'insectes pour l'alimentation animale. Avec son logiciel, l'entreprise Fintech zurichoise Carbon Delta aide les investisseurs institutionnels \u00e0 \u00e9valuer l'empreinte carbone et le risque climatique de leurs placements.<\/p>\n<p>Le message central de la soir\u00e9e du Prix de l'environnement \u00e9tait que le d\u00e9veloppement durable n'est plus en contradiction avec une gestion \u00e9conomique r\u00e9ussie. Bien au contraire. Les entreprises nomin\u00e9es prouvent que leurs produits et services ont du succ\u00e8s sur le march\u00e9 non pas en d\u00e9pit de leurs qualit\u00e9s \u00e9cologiques, mais justement gr\u00e2ce \u00e0 elles. Les invit\u00e9s de la premi\u00e8re remise des prix \u00e9taient unanimes : les trois entreprises nomin\u00e9es auraient \u00e9t\u00e9 de dignes vainqueurs.<\/p>\n<p>Ils avaient tous le potentiel d'initier le changement de mentalit\u00e9 souhait\u00e9 dans l'\u00e9conomie.<\/p>\n<p>Le choix des futurs laur\u00e9ats est effectu\u00e9 par Go for Impact. Cette association, fond\u00e9e en f\u00e9vrier, regroupe l'Office f\u00e9d\u00e9ral de l'environnement, economiesuisse, \u00f6bu, PUSCH, scienceindustries, Swissmem, Swiss Textiles et le WWF. Comme l'a expliqu\u00e9 Kurt Lanz, pr\u00e9sident de l'association et membre de la direction d'economiesuisse, les candidats sont toujours nomm\u00e9s par les partenaires de l'association.<\/p>\n<p>La remise du prix sur le lac des Quatre-Cantons a \u00e9t\u00e9 le coup d'envoi de quelque chose de plus grand. A partir de 2019, le \"Prix de l'environnement pour l'\u00e9conomie\" sera d\u00e9cern\u00e9 dans le cadre d'une nouvelle conf\u00e9rence sur l'\u00e9conomie circulaire organis\u00e9e par le Swiss Economic Forum (SEF). Dominik Isler, CEO du SEF, se r\u00e9jouit de cette nouvelle collaboration :<\/p>\n<p>\"Avec cette nouvelle conf\u00e9rence sur l'\u00e9conomie circulaire, nous voulons \u00eatre une vitrine \u00e0 l'int\u00e9rieur et \u00e0 l'ext\u00e9rieur du pays, o\u00f9 nous pouvons montrer des projets innovants de la Suisse. Le prix est le compl\u00e9ment id\u00e9al pour cela\". La s\u00e9lection finale sera ensuite effectu\u00e9e par un jury, a-t-il ajout\u00e9. A l'avenir, le prix sera dot\u00e9 de 30'000 francs.<\/p>\n<p><em>Pour plus d'informations sur le Prix environnemental de l'\u00e9conomie suisse, voir <\/em><\/p>\n<p><em><a href=\"\/\/www.umweltpreis-der-wirtschaft.ch\">www.umweltpreis-der-wirtschaft.ch<\/a> ou <\/em><\/p>\n<p><a href=\"\/\/www.swisseconomic.ch\"><em>www.swisseconomic.ch<\/em><\/a><\/p>","protected":false},"excerpt":{"rendered":"<p>K\u00fcnftig soll der &#8222;Umweltpreis der Wirtschaft&#8220; in Partnerschaft mit Swiss Economic Forum vergeben werden. Die Tochtergesellschaft der NZZ Mediengruppe lanciert daf\u00fcr eine neue Plattform, das Circular Economy Forum. Neben der Hauptveranstaltung, an welcher der Preis verliehen wird, sollen kleinere Veranstaltungen das Thema Kreislaufwirtschaft auch in die Regionen tragen, erl\u00e4uterte Dominik Isler, CEO des Swiss Economic [&hellip;]<\/p>\n","protected":false},"author":5,"featured_media":1879,"comment_status":"open","ping_status":"open","sticky":false,"template":"","format":"standard","meta":{"_acf_changed":false,"_yoast_wpseo_focuskw":"Umweltpreis der Wirtschaft","_yoast_wpseo_metadesc":"Der erste \"Umweltpreis der Wirtschaft\" integrierte drei bahnbrechende Unternehmen. Schliesslich haben die Waadtl\u00e4nder ecoRobotix den Preis gewonnen.","articlekey":"","footnotes":""},"categories":[580],"tags":[65,1066,274,594,2086,2255,2348],"class_list":["post-1878","post","type-post","status-publish","format-standard","has-post-thumbnail","hentry","category-sustainability","tag-award","tag-energieeffizienz","tag-innovation","tag-kreislaufwirtschaft","tag-schweizer-wirtschaft","tag-swiss-economic-forum","tag-umeltpreis"],"acf":[],"yoast_head":"<!-- This site is optimized with the Yoast SEO plugin v27.5 - https:\/\/yoast.com\/product\/yoast-seo-wordpress\/ -->\n<title>Erster &quot;Umweltpreis der Wirtschaft&quot; geht an ecoRobotix - Organisator<\/title>\n<meta name=\"description\" content=\"Der erste &quot;Umweltpreis der Wirtschaft&quot; integrierte drei bahnbrechende Unternehmen. Schliesslich haben die Waadtl\u00e4nder ecoRobotix den Preis gewonnen.\" \/>\n<meta name=\"robots\" content=\"index, follow, max-snippet:-1, max-image-preview:large, max-video-preview:-1\" \/>\n<link rel=\"canonical\" href=\"https:\/\/www.organisator.ch\/fr\/sustainability\/2018-10-26\/erster-umweltpreis-der-wirtschaft-geht-an-ecorobotix\/\" \/>\n<meta property=\"og:locale\" content=\"fr_FR\" \/>\n<meta property=\"og:type\" content=\"article\" \/>\n<meta property=\"og:title\" content=\"Erster &quot;Umweltpreis der Wirtschaft&quot; geht an ecoRobotix - Organisator\" \/>\n<meta property=\"og:description\" content=\"Der erste &quot;Umweltpreis der Wirtschaft&quot; integrierte drei bahnbrechende Unternehmen. Schliesslich haben die Waadtl\u00e4nder ecoRobotix den Preis gewonnen.\" \/>\n<meta property=\"og:url\" content=\"https:\/\/www.organisator.ch\/fr\/sustainability\/2018-10-26\/erster-umweltpreis-der-wirtschaft-geht-an-ecorobotix\/\" \/>\n<meta property=\"og:site_name\" content=\"Organisator\" \/>\n<meta property=\"article:publisher\" content=\"https:\/\/www.facebook.com\/OrganisatorFachmagazin\" \/>\n<meta property=\"article:published_time\" content=\"2018-10-26T10:30:25+00:00\" \/>\n<meta property=\"article:modified_time\" content=\"2022-02-09T10:06:18+00:00\" \/>\n<meta property=\"og:image\" content=\"https:\/\/www.organisator.ch\/wp-content\/uploads\/2018\/10\/Umweltpreis-Schweizer-Wirtschaft-UP-Umweltperspektiven-scaled.jpg\" \/>\n\t<meta property=\"og:image:width\" content=\"2560\" \/>\n\t<meta property=\"og:image:height\" content=\"1622\" \/>\n\t<meta property=\"og:image:type\" content=\"image\/jpeg\" \/>\n<meta name=\"author\" content=\"michael.merz\" \/>\n<meta name=\"twitter:card\" content=\"summary_large_image\" \/>\n<script type=\"application\/ld+json\" class=\"yoast-schema-graph\">{\"@context\":\"https:\\\/\\\/schema.org\",\"@graph\":[{\"@type\":\"Article\",\"@id\":\"https:\\\/\\\/www.organisator.ch\\\/sustainability\\\/2018-10-26\\\/erster-umweltpreis-der-wirtschaft-geht-an-ecorobotix\\\/#article\",\"isPartOf\":{\"@id\":\"https:\\\/\\\/www.organisator.ch\\\/sustainability\\\/2018-10-26\\\/erster-umweltpreis-der-wirtschaft-geht-an-ecorobotix\\\/\"},\"author\":{\"name\":\"michael.merz\",\"@id\":\"https:\\\/\\\/www.organisator.ch\\\/#\\\/schema\\\/person\\\/134708ca9321c57b0362cceb7948ffbd\"},\"headline\":\"Erster &#8222;Umweltpreis der Wirtschaft&#8220; geht an ecoRobotix\",\"datePublished\":\"2018-10-26T10:30:25+00:00\",\"dateModified\":\"2022-02-09T10:06:18+00:00\",\"mainEntityOfPage\":{\"@id\":\"https:\\\/\\\/www.organisator.ch\\\/sustainability\\\/2018-10-26\\\/erster-umweltpreis-der-wirtschaft-geht-an-ecorobotix\\\/\"},\"wordCount\":739,\"commentCount\":0,\"publisher\":{\"@id\":\"https:\\\/\\\/www.organisator.ch\\\/#organization\"},\"image\":{\"@id\":\"https:\\\/\\\/www.organisator.ch\\\/sustainability\\\/2018-10-26\\\/erster-umweltpreis-der-wirtschaft-geht-an-ecorobotix\\\/#primaryimage\"},\"thumbnailUrl\":\"https:\\\/\\\/www.organisator.ch\\\/wp-content\\\/uploads\\\/2018\\\/10\\\/Umweltpreis-Schweizer-Wirtschaft-UP-Umweltperspektiven-scaled.jpg\",\"keywords\":[\"Award\",\"Energieeffizienz\",\"Innovation\",\"Kreislaufwirtschaft\",\"Schweizer Wirtschaft\",\"Swiss Economic Forum\",\"Umeltpreis\"],\"articleSection\":[\"SUSTAINABILITY\"],\"inLanguage\":\"fr-FR\"},{\"@type\":\"WebPage\",\"@id\":\"https:\\\/\\\/www.organisator.ch\\\/sustainability\\\/2018-10-26\\\/erster-umweltpreis-der-wirtschaft-geht-an-ecorobotix\\\/\",\"url\":\"https:\\\/\\\/www.organisator.ch\\\/sustainability\\\/2018-10-26\\\/erster-umweltpreis-der-wirtschaft-geht-an-ecorobotix\\\/\",\"name\":\"Erster \\\"Umweltpreis der Wirtschaft\\\" geht an ecoRobotix - Organisator\",\"isPartOf\":{\"@id\":\"https:\\\/\\\/www.organisator.ch\\\/#website\"},\"primaryImageOfPage\":{\"@id\":\"https:\\\/\\\/www.organisator.ch\\\/sustainability\\\/2018-10-26\\\/erster-umweltpreis-der-wirtschaft-geht-an-ecorobotix\\\/#primaryimage\"},\"image\":{\"@id\":\"https:\\\/\\\/www.organisator.ch\\\/sustainability\\\/2018-10-26\\\/erster-umweltpreis-der-wirtschaft-geht-an-ecorobotix\\\/#primaryimage\"},\"thumbnailUrl\":\"https:\\\/\\\/www.organisator.ch\\\/wp-content\\\/uploads\\\/2018\\\/10\\\/Umweltpreis-Schweizer-Wirtschaft-UP-Umweltperspektiven-scaled.jpg\",\"datePublished\":\"2018-10-26T10:30:25+00:00\",\"dateModified\":\"2022-02-09T10:06:18+00:00\",\"description\":\"Der erste \\\"Umweltpreis der Wirtschaft\\\" integrierte drei bahnbrechende Unternehmen. Schliesslich haben die Waadtl\u00e4nder ecoRobotix den Preis gewonnen.\",\"breadcrumb\":{\"@id\":\"https:\\\/\\\/www.organisator.ch\\\/sustainability\\\/2018-10-26\\\/erster-umweltpreis-der-wirtschaft-geht-an-ecorobotix\\\/#breadcrumb\"},\"inLanguage\":\"fr-FR\",\"potentialAction\":[{\"@type\":\"ReadAction\",\"target\":[\"https:\\\/\\\/www.organisator.ch\\\/sustainability\\\/2018-10-26\\\/erster-umweltpreis-der-wirtschaft-geht-an-ecorobotix\\\/\"]}]},{\"@type\":\"ImageObject\",\"inLanguage\":\"fr-FR\",\"@id\":\"https:\\\/\\\/www.organisator.ch\\\/sustainability\\\/2018-10-26\\\/erster-umweltpreis-der-wirtschaft-geht-an-ecorobotix\\\/#primaryimage\",\"url\":\"https:\\\/\\\/www.organisator.ch\\\/wp-content\\\/uploads\\\/2018\\\/10\\\/Umweltpreis-Schweizer-Wirtschaft-UP-Umweltperspektiven-scaled.jpg\",\"contentUrl\":\"https:\\\/\\\/www.organisator.ch\\\/wp-content\\\/uploads\\\/2018\\\/10\\\/Umweltpreis-Schweizer-Wirtschaft-UP-Umweltperspektiven-scaled.jpg\",\"width\":2560,\"height\":1622,\"caption\":\"Die Gewinner des ersten \\\"Umweltpreis der Wirtschaft\\\" heissen: ecoRobotix, das Unternehmen aus Yverdon hat einen autonomen Unkrautvernichtungs-Roboter entwickelt. (Bild: ecoRobotix)\"},{\"@type\":\"BreadcrumbList\",\"@id\":\"https:\\\/\\\/www.organisator.ch\\\/sustainability\\\/2018-10-26\\\/erster-umweltpreis-der-wirtschaft-geht-an-ecorobotix\\\/#breadcrumb\",\"itemListElement\":[{\"@type\":\"ListItem\",\"position\":1,\"name\":\"Home\",\"item\":\"https:\\\/\\\/www.organisator.ch\\\/\"},{\"@type\":\"ListItem\",\"position\":2,\"name\":\"Erster &#8222;Umweltpreis der Wirtschaft&#8220; geht an ecoRobotix\"}]},{\"@type\":\"WebSite\",\"@id\":\"https:\\\/\\\/www.organisator.ch\\\/#website\",\"url\":\"https:\\\/\\\/www.organisator.ch\\\/\",\"name\":\"Organisator\",\"description\":\"Kompetent. Praxisnah. Der ORGANISATOR bereitet in 10 Ausgaben pro Jahr die wesentlichen Themen f\u00fcr F\u00fchrungskr\u00e4fte von KMU auf.\",\"publisher\":{\"@id\":\"https:\\\/\\\/www.organisator.ch\\\/#organization\"},\"potentialAction\":[{\"@type\":\"SearchAction\",\"target\":{\"@type\":\"EntryPoint\",\"urlTemplate\":\"https:\\\/\\\/www.organisator.ch\\\/?s={search_term_string}\"},\"query-input\":{\"@type\":\"PropertyValueSpecification\",\"valueRequired\":true,\"valueName\":\"search_term_string\"}}],\"inLanguage\":\"fr-FR\"},{\"@type\":\"Organization\",\"@id\":\"https:\\\/\\\/www.organisator.ch\\\/#organization\",\"name\":\"Organisator\",\"url\":\"https:\\\/\\\/www.organisator.ch\\\/\",\"logo\":{\"@type\":\"ImageObject\",\"inLanguage\":\"fr-FR\",\"@id\":\"https:\\\/\\\/www.organisator.ch\\\/#\\\/schema\\\/logo\\\/image\\\/\",\"url\":\"https:\\\/\\\/www.organisator.ch\\\/wp-content\\\/uploads\\\/2022\\\/01\\\/Logo_Organisator_Website.png\",\"contentUrl\":\"https:\\\/\\\/www.organisator.ch\\\/wp-content\\\/uploads\\\/2022\\\/01\\\/Logo_Organisator_Website.png\",\"width\":800,\"height\":77,\"caption\":\"Organisator\"},\"image\":{\"@id\":\"https:\\\/\\\/www.organisator.ch\\\/#\\\/schema\\\/logo\\\/image\\\/\"},\"sameAs\":[\"https:\\\/\\\/www.facebook.com\\\/OrganisatorFachmagazin\",\"https:\\\/\\\/www.linkedin.com\\\/showcase\\\/organisator-das-magazin-fr-kmu\",\"https:\\\/\\\/www.xing.com\\\/news\\\/pages\\\/organisator-ch-695\",\"https:\\\/\\\/www.youtube.com\\\/channel\\\/UCGP2Sq0iWaZwT3BdIAQFYpw\"]},{\"@type\":\"Person\",\"@id\":\"https:\\\/\\\/www.organisator.ch\\\/#\\\/schema\\\/person\\\/134708ca9321c57b0362cceb7948ffbd\",\"name\":\"michael.merz\",\"image\":{\"@type\":\"ImageObject\",\"inLanguage\":\"fr-FR\",\"@id\":\"https:\\\/\\\/secure.gravatar.com\\\/avatar\\\/?s=96&d=mm&r=g\",\"url\":\"https:\\\/\\\/secure.gravatar.com\\\/avatar\\\/?s=96&d=mm&r=g\",\"contentUrl\":\"https:\\\/\\\/secure.gravatar.com\\\/avatar\\\/?s=96&d=mm&r=g\",\"caption\":\"michael.merz\"},\"url\":\"https:\\\/\\\/www.organisator.ch\\\/fr\\\/author\\\/michael-merz\\\/\"}]}<\/script>\n<!-- \/ Yoast SEO plugin. -->","yoast_head_json":{"title":"Le premier \"Prix de l'environnement pour l'\u00e9conomie\" est d\u00e9cern\u00e9 \u00e0 ecoRobotix - Organisateur","description":"Le premier \"Prix de l'environnement pour l'\u00e9conomie\" a int\u00e9gr\u00e9 trois entreprises pionni\u00e8res. Finalement, ce sont les Vaudois d'ecoRobotix qui ont remport\u00e9 le prix.","robots":{"index":"index","follow":"follow","max-snippet":"max-snippet:-1","max-image-preview":"max-image-preview:large","max-video-preview":"max-video-preview:-1"},"canonical":"https:\/\/www.organisator.ch\/fr\/sustainability\/2018-10-26\/erster-umweltpreis-der-wirtschaft-geht-an-ecorobotix\/","og_locale":"fr_FR","og_type":"article","og_title":"Erster \"Umweltpreis der Wirtschaft\" geht an ecoRobotix - Organisator","og_description":"Der erste \"Umweltpreis der Wirtschaft\" integrierte drei bahnbrechende Unternehmen. Schliesslich haben die Waadtl\u00e4nder ecoRobotix den Preis gewonnen.","og_url":"https:\/\/www.organisator.ch\/fr\/sustainability\/2018-10-26\/erster-umweltpreis-der-wirtschaft-geht-an-ecorobotix\/","og_site_name":"Organisator","article_publisher":"https:\/\/www.facebook.com\/OrganisatorFachmagazin","article_published_time":"2018-10-26T10:30:25+00:00","article_modified_time":"2022-02-09T10:06:18+00:00","og_image":[{"width":2560,"height":1622,"url":"https:\/\/www.organisator.ch\/wp-content\/uploads\/2018\/10\/Umweltpreis-Schweizer-Wirtschaft-UP-Umweltperspektiven-scaled.jpg","type":"image\/jpeg"}],"author":"michael.merz","twitter_card":"summary_large_image","schema":{"@context":"https:\/\/schema.org","@graph":[{"@type":"Article","@id":"https:\/\/www.organisator.ch\/sustainability\/2018-10-26\/erster-umweltpreis-der-wirtschaft-geht-an-ecorobotix\/#article","isPartOf":{"@id":"https:\/\/www.organisator.ch\/sustainability\/2018-10-26\/erster-umweltpreis-der-wirtschaft-geht-an-ecorobotix\/"},"author":{"name":"michael.merz","@id":"https:\/\/www.organisator.ch\/#\/schema\/person\/134708ca9321c57b0362cceb7948ffbd"},"headline":"Erster &#8222;Umweltpreis der Wirtschaft&#8220; geht an ecoRobotix","datePublished":"2018-10-26T10:30:25+00:00","dateModified":"2022-02-09T10:06:18+00:00","mainEntityOfPage":{"@id":"https:\/\/www.organisator.ch\/sustainability\/2018-10-26\/erster-umweltpreis-der-wirtschaft-geht-an-ecorobotix\/"},"wordCount":739,"commentCount":0,"publisher":{"@id":"https:\/\/www.organisator.ch\/#organization"},"image":{"@id":"https:\/\/www.organisator.ch\/sustainability\/2018-10-26\/erster-umweltpreis-der-wirtschaft-geht-an-ecorobotix\/#primaryimage"},"thumbnailUrl":"https:\/\/www.organisator.ch\/wp-content\/uploads\/2018\/10\/Umweltpreis-Schweizer-Wirtschaft-UP-Umweltperspektiven-scaled.jpg","keywords":["Award","Energieeffizienz","Innovation","Kreislaufwirtschaft","Schweizer Wirtschaft","Swiss Economic Forum","Umeltpreis"],"articleSection":["SUSTAINABILITY"],"inLanguage":"fr-FR"},{"@type":"WebPage","@id":"https:\/\/www.organisator.ch\/sustainability\/2018-10-26\/erster-umweltpreis-der-wirtschaft-geht-an-ecorobotix\/","url":"https:\/\/www.organisator.ch\/sustainability\/2018-10-26\/erster-umweltpreis-der-wirtschaft-geht-an-ecorobotix\/","name":"Le premier \"Prix de l'environnement pour l'\u00e9conomie\" est d\u00e9cern\u00e9 \u00e0 ecoRobotix - Organisateur","isPartOf":{"@id":"https:\/\/www.organisator.ch\/#website"},"primaryImageOfPage":{"@id":"https:\/\/www.organisator.ch\/sustainability\/2018-10-26\/erster-umweltpreis-der-wirtschaft-geht-an-ecorobotix\/#primaryimage"},"image":{"@id":"https:\/\/www.organisator.ch\/sustainability\/2018-10-26\/erster-umweltpreis-der-wirtschaft-geht-an-ecorobotix\/#primaryimage"},"thumbnailUrl":"https:\/\/www.organisator.ch\/wp-content\/uploads\/2018\/10\/Umweltpreis-Schweizer-Wirtschaft-UP-Umweltperspektiven-scaled.jpg","datePublished":"2018-10-26T10:30:25+00:00","dateModified":"2022-02-09T10:06:18+00:00","description":"Le premier \"Prix de l'environnement pour l'\u00e9conomie\" a int\u00e9gr\u00e9 trois entreprises pionni\u00e8res. Finalement, ce sont les Vaudois d'ecoRobotix qui ont remport\u00e9 le prix.","breadcrumb":{"@id":"https:\/\/www.organisator.ch\/sustainability\/2018-10-26\/erster-umweltpreis-der-wirtschaft-geht-an-ecorobotix\/#breadcrumb"},"inLanguage":"fr-FR","potentialAction":[{"@type":"ReadAction","target":["https:\/\/www.organisator.ch\/sustainability\/2018-10-26\/erster-umweltpreis-der-wirtschaft-geht-an-ecorobotix\/"]}]},{"@type":"ImageObject","inLanguage":"fr-FR","@id":"https:\/\/www.organisator.ch\/sustainability\/2018-10-26\/erster-umweltpreis-der-wirtschaft-geht-an-ecorobotix\/#primaryimage","url":"https:\/\/www.organisator.ch\/wp-content\/uploads\/2018\/10\/Umweltpreis-Schweizer-Wirtschaft-UP-Umweltperspektiven-scaled.jpg","contentUrl":"https:\/\/www.organisator.ch\/wp-content\/uploads\/2018\/10\/Umweltpreis-Schweizer-Wirtschaft-UP-Umweltperspektiven-scaled.jpg","width":2560,"height":1622,"caption":"Die Gewinner des ersten \"Umweltpreis der Wirtschaft\" heissen: ecoRobotix, das Unternehmen aus Yverdon hat einen autonomen Unkrautvernichtungs-Roboter entwickelt. (Bild: ecoRobotix)"},{"@type":"BreadcrumbList","@id":"https:\/\/www.organisator.ch\/sustainability\/2018-10-26\/erster-umweltpreis-der-wirtschaft-geht-an-ecorobotix\/#breadcrumb","itemListElement":[{"@type":"ListItem","position":1,"name":"Home","item":"https:\/\/www.organisator.ch\/"},{"@type":"ListItem","position":2,"name":"Erster &#8222;Umweltpreis der Wirtschaft&#8220; geht an ecoRobotix"}]},{"@type":"WebSite","@id":"https:\/\/www.organisator.ch\/#website","url":"https:\/\/www.organisator.ch\/","name":"Organisateur","description":"Comp\u00e9tence et comp\u00e9tence. Proches de la pratique. L'ORGANISATEUR pr\u00e9pare 10 num\u00e9ros par an sur les th\u00e8mes essentiels pour les dirigeants de PME.","publisher":{"@id":"https:\/\/www.organisator.ch\/#organization"},"potentialAction":[{"@type":"SearchAction","target":{"@type":"EntryPoint","urlTemplate":"https:\/\/www.organisator.ch\/?s={search_term_string}"},"query-input":{"@type":"PropertyValueSpecification","valueRequired":true,"valueName":"search_term_string"}}],"inLanguage":"fr-FR"},{"@type":"Organization","@id":"https:\/\/www.organisator.ch\/#organization","name":"Organisateur","url":"https:\/\/www.organisator.ch\/","logo":{"@type":"ImageObject","inLanguage":"fr-FR","@id":"https:\/\/www.organisator.ch\/#\/schema\/logo\/image\/","url":"https:\/\/www.organisator.ch\/wp-content\/uploads\/2022\/01\/Logo_Organisator_Website.png","contentUrl":"https:\/\/www.organisator.ch\/wp-content\/uploads\/2022\/01\/Logo_Organisator_Website.png","width":800,"height":77,"caption":"Organisator"},"image":{"@id":"https:\/\/www.organisator.ch\/#\/schema\/logo\/image\/"},"sameAs":["https:\/\/www.facebook.com\/OrganisatorFachmagazin","https:\/\/www.linkedin.com\/showcase\/organisator-das-magazin-fr-kmu","https:\/\/www.xing.com\/news\/pages\/organisator-ch-695","https:\/\/www.youtube.com\/channel\/UCGP2Sq0iWaZwT3BdIAQFYpw"]},{"@type":"Person","@id":"https:\/\/www.organisator.ch\/#\/schema\/person\/134708ca9321c57b0362cceb7948ffbd","name":"michael.merz","image":{"@type":"ImageObject","inLanguage":"fr-FR","@id":"https:\/\/secure.gravatar.com\/avatar\/?s=96&d=mm&r=g","url":"https:\/\/secure.gravatar.com\/avatar\/?s=96&d=mm&r=g","contentUrl":"https:\/\/secure.gravatar.com\/avatar\/?s=96&d=mm&r=g","caption":"michael.merz"},"url":"https:\/\/www.organisator.ch\/fr\/author\/michael-merz\/"}]}},"_links":{"self":[{"href":"https:\/\/www.organisator.ch\/fr\/wp-json\/wp\/v2\/posts\/1878","targetHints":{"allow":["GET"]}}],"collection":[{"href":"https:\/\/www.organisator.ch\/fr\/wp-json\/wp\/v2\/posts"}],"about":[{"href":"https:\/\/www.organisator.ch\/fr\/wp-json\/wp\/v2\/types\/post"}],"author":[{"embeddable":true,"href":"https:\/\/www.organisator.ch\/fr\/wp-json\/wp\/v2\/users\/5"}],"replies":[{"embeddable":true,"href":"https:\/\/www.organisator.ch\/fr\/wp-json\/wp\/v2\/comments?post=1878"}],"version-history":[{"count":1,"href":"https:\/\/www.organisator.ch\/fr\/wp-json\/wp\/v2\/posts\/1878\/revisions"}],"predecessor-version":[{"id":10564,"href":"https:\/\/www.organisator.ch\/fr\/wp-json\/wp\/v2\/posts\/1878\/revisions\/10564"}],"wp:featuredmedia":[{"embeddable":true,"href":"https:\/\/www.organisator.ch\/fr\/wp-json\/wp\/v2\/media\/1879"}],"wp:attachment":[{"href":"https:\/\/www.organisator.ch\/fr\/wp-json\/wp\/v2\/media?parent=1878"}],"wp:term":[{"taxonomy":"category","embeddable":true,"href":"https:\/\/www.organisator.ch\/fr\/wp-json\/wp\/v2\/categories?post=1878"},{"taxonomy":"post_tag","embeddable":true,"href":"https:\/\/www.organisator.ch\/fr\/wp-json\/wp\/v2\/tags?post=1878"}],"curies":[{"name":"wp","href":"https:\/\/api.w.org\/{rel}","templated":true}]}}