{"id":188,"date":"2016-01-25T14:20:27","date_gmt":"2016-01-25T13:20:27","guid":{"rendered":"https:\/\/dev.umweltperspektiven.ch\/?p=188"},"modified":"2022-02-09T11:06:59","modified_gmt":"2022-02-09T10:06:59","slug":"2015-bricht-alle-hitzerekorde","status":"publish","type":"post","link":"https:\/\/www.organisator.ch\/fr\/sustainability\/2016-01-25\/2015-bricht-alle-hitzerekorde\/","title":{"rendered":"2015 bat tous les records de chaleur"},"content":{"rendered":"<figure id=\"attachment_189\" aria-describedby=\"caption-attachment-189\" style=\"width: 680px\" class=\"wp-caption alignnone\"><a href=\"\/\/dev.umweltperspektiven.ch\/wp-content\/uploads\/2016\/12\/2015-bricht-alle-Hitzerekorde-umweltperspektiven.jpg\"><img loading=\"lazy\" decoding=\"async\" class=\"wp-image-189 size-medium\" src=\"\/\/www.umweltperspektiven.ch\/wp-content\/uploads\/2016\/12\/2015-bricht-alle-Hitzerekorde-umweltperspektiven.jpg\" alt=\"Le changement climatique provoqu\u00e9 par l&#039;homme entra\u00eene des ph\u00e9nom\u00e8nes m\u00e9t\u00e9orologiques extr\u00eames tels que des s\u00e9cheresses, de graves intemp\u00e9ries ou des inondations.\" width=\"680\" height=\"680\" srcset=\"https:\/\/www.organisator.ch\/wp-content\/uploads\/2016\/12\/2015-bricht-alle-Hitzerekorde-umweltperspektiven.jpg 1000w, https:\/\/www.organisator.ch\/wp-content\/uploads\/2016\/12\/2015-bricht-alle-Hitzerekorde-umweltperspektiven-680x680.jpg 680w, https:\/\/www.organisator.ch\/wp-content\/uploads\/2016\/12\/2015-bricht-alle-Hitzerekorde-umweltperspektiven-150x150.jpg 150w, https:\/\/www.organisator.ch\/wp-content\/uploads\/2016\/12\/2015-bricht-alle-Hitzerekorde-umweltperspektiven-768x768.jpg 768w, https:\/\/www.organisator.ch\/wp-content\/uploads\/2016\/12\/2015-bricht-alle-Hitzerekorde-umweltperspektiven-12x12.jpg 12w, https:\/\/www.organisator.ch\/wp-content\/uploads\/2016\/12\/2015-bricht-alle-Hitzerekorde-umweltperspektiven-175x175.jpg 175w, https:\/\/www.organisator.ch\/wp-content\/uploads\/2016\/12\/2015-bricht-alle-Hitzerekorde-umweltperspektiven-350x350.jpg 350w, https:\/\/www.organisator.ch\/wp-content\/uploads\/2016\/12\/2015-bricht-alle-Hitzerekorde-umweltperspektiven-800x800.jpg 800w, https:\/\/www.organisator.ch\/wp-content\/uploads\/2016\/12\/2015-bricht-alle-Hitzerekorde-umweltperspektiven-920x920.jpg 920w, https:\/\/www.organisator.ch\/wp-content\/uploads\/2016\/12\/2015-bricht-alle-Hitzerekorde-umweltperspektiven-250x250.jpg 250w, https:\/\/www.organisator.ch\/wp-content\/uploads\/2016\/12\/2015-bricht-alle-Hitzerekorde-umweltperspektiven-300x300.jpg 300w, https:\/\/www.organisator.ch\/wp-content\/uploads\/2016\/12\/2015-bricht-alle-Hitzerekorde-umweltperspektiven-100x100.jpg 100w\" sizes=\"auto, (max-width: 680px) 100vw, 680px\" \/><\/a><figcaption id=\"caption-attachment-189\" class=\"wp-caption-text\">Le changement climatique provoqu\u00e9 par l'homme entra\u00eene des ph\u00e9nom\u00e8nes m\u00e9t\u00e9orologiques extr\u00eames tels que des s\u00e9cheresses, de graves intemp\u00e9ries ou des inondations.<\/figcaption><\/figure>\n<p>Jamais une ann\u00e9e aussi chaude que celle qui vient de s'\u00e9couler n'a \u00e9t\u00e9 enregistr\u00e9e : selon l'Organisation m\u00e9t\u00e9orologique mondiale (OMM), la temp\u00e9rature moyenne \u00e0 la surface du globe a \u00e9t\u00e9 en moyenne sup\u00e9rieure de 0,76\u00b0C \u00e0 la moyenne \u00e0 long terme de 1961 \u00e0 1990 et environ 1\u00b0C plus chaude que pendant l'\u00e8re pr\u00e9industrielle.<\/p>\n<p>L'ann\u00e9e 2015 bat ainsi l'ann\u00e9e record pr\u00e9c\u00e9dente - qui n'est pas non plus tr\u00e8s lointaine : C'\u00e9tait l'ann\u00e9e 2014.<\/p>\n<p>Les temp\u00e9ratures record ont \u00e9t\u00e9 accompagn\u00e9es d'\u00e9v\u00e9nements climatiques violents : vagues de chaleur, inondations et s\u00e9cheresse s\u00e9v\u00e8re.<\/p>\n<p>Cette \u00e9volution inqui\u00e8te l'OMM : \"C'est un moment de d\u00e9senchantement dans l'histoire de l'humanit\u00e9\", d\u00e9clare le secr\u00e9taire g\u00e9n\u00e9ral de l'OMM, Petteri Taalas. Il appelle les Etats \u00e0 respecter imp\u00e9rativement les engagements pris lors de la conf\u00e9rence sur le climat de Paris en mati\u00e8re de r\u00e9duction des \u00e9missions, car \"ce n'est qu'ainsi que nous avons une chance de rester dans les limites de l'objectif des 2\u00b0C\", selon Taalas.<\/p>\n<p>Mais m\u00eame dans ce cas, il voit les perspectives s'assombrir : \"Le changement climatique aura des effets de plus en plus n\u00e9gatifs au cours des cinq prochaines d\u00e9cennies au moins. Cela signifie que nous devons investir non seulement dans la r\u00e9duction, mais aussi dans l'adaptation. Les pays doivent \u00eatre renforc\u00e9s dans leur capacit\u00e9 \u00e0 \u00e9mettre des alertes pr\u00e9coces en cas de catastrophe afin de minimiser les pertes humaines et \u00e9conomiques. Le changement climatique augmente le risque de catastrophes li\u00e9es aux conditions m\u00e9t\u00e9orologiques - et c'est un obstacle au d\u00e9veloppement durable\".<\/p>","protected":false},"excerpt":{"rendered":"<p>Noch nie wurde ein so heisses Jahr aufgezeichnet wie das vergangene: Die durchschnittliche globale Oberfl\u00e4chentemperatur war laut der Weltorganisation f\u00fcr Meteorolgie (WMO) im Schnitt 0.76\u00b0C \u00fcber dem langj\u00e4hrigen Durchschnitt von 1961 bis 1990 und rund 1\u00b0C heisser als w\u00e4hrend der vorindustriellen Zeit. Damit schl\u00e4gt das Jahr 2015 das bisherige Rekordjahr &#8211; das auch noch nicht [&hellip;]<\/p>\n","protected":false},"author":1,"featured_media":189,"comment_status":"open","ping_status":"open","sticky":false,"template":"","format":"standard","meta":{"_acf_changed":false,"_yoast_wpseo_focuskw":"Hitzerekorde","_yoast_wpseo_metadesc":"Hitzerekorde: Das Jahr 2015 war global gesehen das heisseste bislang verzeichnete Jahr. Dies hat Auswirkungen.","articlekey":"","footnotes":""},"categories":[580],"tags":[1110,1360,596,2581],"class_list":["post-188","post","type-post","status-publish","format-standard","has-post-thumbnail","hentry","category-sustainability","tag-erderwaermung","tag-hitze","tag-klima","tag-wmo"],"acf":[],"yoast_head":"<!-- This site is optimized with the Yoast SEO plugin v27.4 - https:\/\/yoast.com\/product\/yoast-seo-wordpress\/ -->\n<title>2015 bricht alle Hitzerekorde - Organisator<\/title>\n<meta name=\"description\" content=\"Hitzerekorde: Das Jahr 2015 war global gesehen das heisseste bislang verzeichnete Jahr. Dies hat Auswirkungen.\" \/>\n<meta name=\"robots\" content=\"index, follow, max-snippet:-1, max-image-preview:large, max-video-preview:-1\" \/>\n<link rel=\"canonical\" href=\"https:\/\/www.organisator.ch\/fr\/sustainability\/2016-01-25\/2015-bricht-alle-hitzerekorde\/\" \/>\n<meta property=\"og:locale\" content=\"fr_FR\" \/>\n<meta property=\"og:type\" content=\"article\" \/>\n<meta property=\"og:title\" content=\"2015 bricht alle Hitzerekorde - Organisator\" \/>\n<meta property=\"og:description\" content=\"Hitzerekorde: Das Jahr 2015 war global gesehen das heisseste bislang verzeichnete Jahr. Dies hat Auswirkungen.\" \/>\n<meta property=\"og:url\" content=\"https:\/\/www.organisator.ch\/fr\/sustainability\/2016-01-25\/2015-bricht-alle-hitzerekorde\/\" \/>\n<meta property=\"og:site_name\" content=\"Organisator\" \/>\n<meta property=\"article:publisher\" content=\"https:\/\/www.facebook.com\/OrganisatorFachmagazin\" \/>\n<meta property=\"article:published_time\" content=\"2016-01-25T13:20:27+00:00\" \/>\n<meta property=\"article:modified_time\" content=\"2022-02-09T10:06:59+00:00\" \/>\n<meta property=\"og:image\" content=\"https:\/\/www.organisator.ch\/wp-content\/uploads\/2016\/12\/2015-bricht-alle-Hitzerekorde-umweltperspektiven.jpg\" \/>\n\t<meta property=\"og:image:width\" content=\"1000\" \/>\n\t<meta property=\"og:image:height\" content=\"1000\" \/>\n\t<meta property=\"og:image:type\" content=\"image\/jpeg\" \/>\n<meta name=\"author\" content=\"admin\" \/>\n<meta name=\"twitter:card\" content=\"summary_large_image\" \/>\n<script type=\"application\/ld+json\" class=\"yoast-schema-graph\">{\"@context\":\"https:\\\/\\\/schema.org\",\"@graph\":[{\"@type\":\"Article\",\"@id\":\"https:\\\/\\\/www.organisator.ch\\\/sustainability\\\/2016-01-25\\\/2015-bricht-alle-hitzerekorde\\\/#article\",\"isPartOf\":{\"@id\":\"https:\\\/\\\/www.organisator.ch\\\/sustainability\\\/2016-01-25\\\/2015-bricht-alle-hitzerekorde\\\/\"},\"author\":{\"name\":\"admin\",\"@id\":\"https:\\\/\\\/www.organisator.ch\\\/#\\\/schema\\\/person\\\/aa2bace6c5c5aad60102004a50c4eb1c\"},\"headline\":\"2015 bricht alle Hitzerekorde\",\"datePublished\":\"2016-01-25T13:20:27+00:00\",\"dateModified\":\"2022-02-09T10:06:59+00:00\",\"mainEntityOfPage\":{\"@id\":\"https:\\\/\\\/www.organisator.ch\\\/sustainability\\\/2016-01-25\\\/2015-bricht-alle-hitzerekorde\\\/\"},\"wordCount\":240,\"commentCount\":0,\"publisher\":{\"@id\":\"https:\\\/\\\/www.organisator.ch\\\/#organization\"},\"image\":{\"@id\":\"https:\\\/\\\/www.organisator.ch\\\/sustainability\\\/2016-01-25\\\/2015-bricht-alle-hitzerekorde\\\/#primaryimage\"},\"thumbnailUrl\":\"https:\\\/\\\/www.organisator.ch\\\/wp-content\\\/uploads\\\/2016\\\/12\\\/2015-bricht-alle-Hitzerekorde-umweltperspektiven.jpg\",\"keywords\":[\"Erderw\u00e4rmung\",\"Hitze\",\"KLIMA\",\"WMO\"],\"articleSection\":[\"SUSTAINABILITY\"],\"inLanguage\":\"fr-FR\"},{\"@type\":\"WebPage\",\"@id\":\"https:\\\/\\\/www.organisator.ch\\\/sustainability\\\/2016-01-25\\\/2015-bricht-alle-hitzerekorde\\\/\",\"url\":\"https:\\\/\\\/www.organisator.ch\\\/sustainability\\\/2016-01-25\\\/2015-bricht-alle-hitzerekorde\\\/\",\"name\":\"2015 bricht alle Hitzerekorde - Organisator\",\"isPartOf\":{\"@id\":\"https:\\\/\\\/www.organisator.ch\\\/#website\"},\"primaryImageOfPage\":{\"@id\":\"https:\\\/\\\/www.organisator.ch\\\/sustainability\\\/2016-01-25\\\/2015-bricht-alle-hitzerekorde\\\/#primaryimage\"},\"image\":{\"@id\":\"https:\\\/\\\/www.organisator.ch\\\/sustainability\\\/2016-01-25\\\/2015-bricht-alle-hitzerekorde\\\/#primaryimage\"},\"thumbnailUrl\":\"https:\\\/\\\/www.organisator.ch\\\/wp-content\\\/uploads\\\/2016\\\/12\\\/2015-bricht-alle-Hitzerekorde-umweltperspektiven.jpg\",\"datePublished\":\"2016-01-25T13:20:27+00:00\",\"dateModified\":\"2022-02-09T10:06:59+00:00\",\"description\":\"Hitzerekorde: Das Jahr 2015 war global gesehen das heisseste bislang verzeichnete Jahr. Dies hat Auswirkungen.\",\"breadcrumb\":{\"@id\":\"https:\\\/\\\/www.organisator.ch\\\/sustainability\\\/2016-01-25\\\/2015-bricht-alle-hitzerekorde\\\/#breadcrumb\"},\"inLanguage\":\"fr-FR\",\"potentialAction\":[{\"@type\":\"ReadAction\",\"target\":[\"https:\\\/\\\/www.organisator.ch\\\/sustainability\\\/2016-01-25\\\/2015-bricht-alle-hitzerekorde\\\/\"]}]},{\"@type\":\"ImageObject\",\"inLanguage\":\"fr-FR\",\"@id\":\"https:\\\/\\\/www.organisator.ch\\\/sustainability\\\/2016-01-25\\\/2015-bricht-alle-hitzerekorde\\\/#primaryimage\",\"url\":\"https:\\\/\\\/www.organisator.ch\\\/wp-content\\\/uploads\\\/2016\\\/12\\\/2015-bricht-alle-Hitzerekorde-umweltperspektiven.jpg\",\"contentUrl\":\"https:\\\/\\\/www.organisator.ch\\\/wp-content\\\/uploads\\\/2016\\\/12\\\/2015-bricht-alle-Hitzerekorde-umweltperspektiven.jpg\",\"width\":1000,\"height\":1000,\"caption\":\"Der menschenbedingte Klimawandel bringt extreme Wetterereignisse wie D\u00fcrren, schwere Unwetter oder \u00dcberschwemmungen mit sich.\"},{\"@type\":\"BreadcrumbList\",\"@id\":\"https:\\\/\\\/www.organisator.ch\\\/sustainability\\\/2016-01-25\\\/2015-bricht-alle-hitzerekorde\\\/#breadcrumb\",\"itemListElement\":[{\"@type\":\"ListItem\",\"position\":1,\"name\":\"Home\",\"item\":\"https:\\\/\\\/www.organisator.ch\\\/\"},{\"@type\":\"ListItem\",\"position\":2,\"name\":\"2015 bricht alle Hitzerekorde\"}]},{\"@type\":\"WebSite\",\"@id\":\"https:\\\/\\\/www.organisator.ch\\\/#website\",\"url\":\"https:\\\/\\\/www.organisator.ch\\\/\",\"name\":\"Organisator\",\"description\":\"Kompetent. Praxisnah. Der ORGANISATOR bereitet in 10 Ausgaben pro Jahr die wesentlichen Themen f\u00fcr F\u00fchrungskr\u00e4fte von KMU auf.\",\"publisher\":{\"@id\":\"https:\\\/\\\/www.organisator.ch\\\/#organization\"},\"potentialAction\":[{\"@type\":\"SearchAction\",\"target\":{\"@type\":\"EntryPoint\",\"urlTemplate\":\"https:\\\/\\\/www.organisator.ch\\\/?s={search_term_string}\"},\"query-input\":{\"@type\":\"PropertyValueSpecification\",\"valueRequired\":true,\"valueName\":\"search_term_string\"}}],\"inLanguage\":\"fr-FR\"},{\"@type\":\"Organization\",\"@id\":\"https:\\\/\\\/www.organisator.ch\\\/#organization\",\"name\":\"Organisator\",\"url\":\"https:\\\/\\\/www.organisator.ch\\\/\",\"logo\":{\"@type\":\"ImageObject\",\"inLanguage\":\"fr-FR\",\"@id\":\"https:\\\/\\\/www.organisator.ch\\\/#\\\/schema\\\/logo\\\/image\\\/\",\"url\":\"https:\\\/\\\/www.organisator.ch\\\/wp-content\\\/uploads\\\/2022\\\/01\\\/Logo_Organisator_Website.png\",\"contentUrl\":\"https:\\\/\\\/www.organisator.ch\\\/wp-content\\\/uploads\\\/2022\\\/01\\\/Logo_Organisator_Website.png\",\"width\":800,\"height\":77,\"caption\":\"Organisator\"},\"image\":{\"@id\":\"https:\\\/\\\/www.organisator.ch\\\/#\\\/schema\\\/logo\\\/image\\\/\"},\"sameAs\":[\"https:\\\/\\\/www.facebook.com\\\/OrganisatorFachmagazin\",\"https:\\\/\\\/www.linkedin.com\\\/showcase\\\/organisator-das-magazin-fr-kmu\",\"https:\\\/\\\/www.xing.com\\\/news\\\/pages\\\/organisator-ch-695\",\"https:\\\/\\\/www.youtube.com\\\/channel\\\/UCGP2Sq0iWaZwT3BdIAQFYpw\"]},{\"@type\":\"Person\",\"@id\":\"https:\\\/\\\/www.organisator.ch\\\/#\\\/schema\\\/person\\\/aa2bace6c5c5aad60102004a50c4eb1c\",\"name\":\"admin\",\"image\":{\"@type\":\"ImageObject\",\"inLanguage\":\"fr-FR\",\"@id\":\"https:\\\/\\\/secure.gravatar.com\\\/avatar\\\/ae2f4d718e6c49043e314ce431e7e645d646302a24a5ef5a8bc8e3f5a032e319?s=96&d=mm&r=g\",\"url\":\"https:\\\/\\\/secure.gravatar.com\\\/avatar\\\/ae2f4d718e6c49043e314ce431e7e645d646302a24a5ef5a8bc8e3f5a032e319?s=96&d=mm&r=g\",\"contentUrl\":\"https:\\\/\\\/secure.gravatar.com\\\/avatar\\\/ae2f4d718e6c49043e314ce431e7e645d646302a24a5ef5a8bc8e3f5a032e319?s=96&d=mm&r=g\",\"caption\":\"admin\"},\"sameAs\":[\"https:\\\/\\\/www.organisator.ch\"],\"url\":\"https:\\\/\\\/www.organisator.ch\\\/fr\\\/author\\\/admin\\\/\"}]}<\/script>\n<!-- \/ Yoast SEO plugin. -->","yoast_head_json":{"title":"2015 bat tous les records de chaleur - Organisateur","description":"Records de chaleur : \u00e0 l'\u00e9chelle mondiale, l'ann\u00e9e 2015 a \u00e9t\u00e9 la plus chaude jamais enregistr\u00e9e. Cela a des cons\u00e9quences.","robots":{"index":"index","follow":"follow","max-snippet":"max-snippet:-1","max-image-preview":"max-image-preview:large","max-video-preview":"max-video-preview:-1"},"canonical":"https:\/\/www.organisator.ch\/fr\/sustainability\/2016-01-25\/2015-bricht-alle-hitzerekorde\/","og_locale":"fr_FR","og_type":"article","og_title":"2015 bricht alle Hitzerekorde - Organisator","og_description":"Hitzerekorde: Das Jahr 2015 war global gesehen das heisseste bislang verzeichnete Jahr. Dies hat Auswirkungen.","og_url":"https:\/\/www.organisator.ch\/fr\/sustainability\/2016-01-25\/2015-bricht-alle-hitzerekorde\/","og_site_name":"Organisator","article_publisher":"https:\/\/www.facebook.com\/OrganisatorFachmagazin","article_published_time":"2016-01-25T13:20:27+00:00","article_modified_time":"2022-02-09T10:06:59+00:00","og_image":[{"width":1000,"height":1000,"url":"https:\/\/www.organisator.ch\/wp-content\/uploads\/2016\/12\/2015-bricht-alle-Hitzerekorde-umweltperspektiven.jpg","type":"image\/jpeg"}],"author":"admin","twitter_card":"summary_large_image","schema":{"@context":"https:\/\/schema.org","@graph":[{"@type":"Article","@id":"https:\/\/www.organisator.ch\/sustainability\/2016-01-25\/2015-bricht-alle-hitzerekorde\/#article","isPartOf":{"@id":"https:\/\/www.organisator.ch\/sustainability\/2016-01-25\/2015-bricht-alle-hitzerekorde\/"},"author":{"name":"admin","@id":"https:\/\/www.organisator.ch\/#\/schema\/person\/aa2bace6c5c5aad60102004a50c4eb1c"},"headline":"2015 bricht alle Hitzerekorde","datePublished":"2016-01-25T13:20:27+00:00","dateModified":"2022-02-09T10:06:59+00:00","mainEntityOfPage":{"@id":"https:\/\/www.organisator.ch\/sustainability\/2016-01-25\/2015-bricht-alle-hitzerekorde\/"},"wordCount":240,"commentCount":0,"publisher":{"@id":"https:\/\/www.organisator.ch\/#organization"},"image":{"@id":"https:\/\/www.organisator.ch\/sustainability\/2016-01-25\/2015-bricht-alle-hitzerekorde\/#primaryimage"},"thumbnailUrl":"https:\/\/www.organisator.ch\/wp-content\/uploads\/2016\/12\/2015-bricht-alle-Hitzerekorde-umweltperspektiven.jpg","keywords":["Erderw\u00e4rmung","Hitze","KLIMA","WMO"],"articleSection":["SUSTAINABILITY"],"inLanguage":"fr-FR"},{"@type":"WebPage","@id":"https:\/\/www.organisator.ch\/sustainability\/2016-01-25\/2015-bricht-alle-hitzerekorde\/","url":"https:\/\/www.organisator.ch\/sustainability\/2016-01-25\/2015-bricht-alle-hitzerekorde\/","name":"2015 bat tous les records de chaleur - Organisateur","isPartOf":{"@id":"https:\/\/www.organisator.ch\/#website"},"primaryImageOfPage":{"@id":"https:\/\/www.organisator.ch\/sustainability\/2016-01-25\/2015-bricht-alle-hitzerekorde\/#primaryimage"},"image":{"@id":"https:\/\/www.organisator.ch\/sustainability\/2016-01-25\/2015-bricht-alle-hitzerekorde\/#primaryimage"},"thumbnailUrl":"https:\/\/www.organisator.ch\/wp-content\/uploads\/2016\/12\/2015-bricht-alle-Hitzerekorde-umweltperspektiven.jpg","datePublished":"2016-01-25T13:20:27+00:00","dateModified":"2022-02-09T10:06:59+00:00","description":"Records de chaleur : \u00e0 l'\u00e9chelle mondiale, l'ann\u00e9e 2015 a \u00e9t\u00e9 la plus chaude jamais enregistr\u00e9e. Cela a des cons\u00e9quences.","breadcrumb":{"@id":"https:\/\/www.organisator.ch\/sustainability\/2016-01-25\/2015-bricht-alle-hitzerekorde\/#breadcrumb"},"inLanguage":"fr-FR","potentialAction":[{"@type":"ReadAction","target":["https:\/\/www.organisator.ch\/sustainability\/2016-01-25\/2015-bricht-alle-hitzerekorde\/"]}]},{"@type":"ImageObject","inLanguage":"fr-FR","@id":"https:\/\/www.organisator.ch\/sustainability\/2016-01-25\/2015-bricht-alle-hitzerekorde\/#primaryimage","url":"https:\/\/www.organisator.ch\/wp-content\/uploads\/2016\/12\/2015-bricht-alle-Hitzerekorde-umweltperspektiven.jpg","contentUrl":"https:\/\/www.organisator.ch\/wp-content\/uploads\/2016\/12\/2015-bricht-alle-Hitzerekorde-umweltperspektiven.jpg","width":1000,"height":1000,"caption":"Der menschenbedingte Klimawandel bringt extreme Wetterereignisse wie D\u00fcrren, schwere Unwetter oder \u00dcberschwemmungen mit sich."},{"@type":"BreadcrumbList","@id":"https:\/\/www.organisator.ch\/sustainability\/2016-01-25\/2015-bricht-alle-hitzerekorde\/#breadcrumb","itemListElement":[{"@type":"ListItem","position":1,"name":"Home","item":"https:\/\/www.organisator.ch\/"},{"@type":"ListItem","position":2,"name":"2015 bricht alle Hitzerekorde"}]},{"@type":"WebSite","@id":"https:\/\/www.organisator.ch\/#website","url":"https:\/\/www.organisator.ch\/","name":"Organisateur","description":"Comp\u00e9tence et comp\u00e9tence. Proches de la pratique. L'ORGANISATEUR pr\u00e9pare 10 num\u00e9ros par an sur les th\u00e8mes essentiels pour les dirigeants de PME.","publisher":{"@id":"https:\/\/www.organisator.ch\/#organization"},"potentialAction":[{"@type":"SearchAction","target":{"@type":"EntryPoint","urlTemplate":"https:\/\/www.organisator.ch\/?s={search_term_string}"},"query-input":{"@type":"PropertyValueSpecification","valueRequired":true,"valueName":"search_term_string"}}],"inLanguage":"fr-FR"},{"@type":"Organization","@id":"https:\/\/www.organisator.ch\/#organization","name":"Organisateur","url":"https:\/\/www.organisator.ch\/","logo":{"@type":"ImageObject","inLanguage":"fr-FR","@id":"https:\/\/www.organisator.ch\/#\/schema\/logo\/image\/","url":"https:\/\/www.organisator.ch\/wp-content\/uploads\/2022\/01\/Logo_Organisator_Website.png","contentUrl":"https:\/\/www.organisator.ch\/wp-content\/uploads\/2022\/01\/Logo_Organisator_Website.png","width":800,"height":77,"caption":"Organisator"},"image":{"@id":"https:\/\/www.organisator.ch\/#\/schema\/logo\/image\/"},"sameAs":["https:\/\/www.facebook.com\/OrganisatorFachmagazin","https:\/\/www.linkedin.com\/showcase\/organisator-das-magazin-fr-kmu","https:\/\/www.xing.com\/news\/pages\/organisator-ch-695","https:\/\/www.youtube.com\/channel\/UCGP2Sq0iWaZwT3BdIAQFYpw"]},{"@type":"Person","@id":"https:\/\/www.organisator.ch\/#\/schema\/person\/aa2bace6c5c5aad60102004a50c4eb1c","name":"admin","image":{"@type":"ImageObject","inLanguage":"fr-FR","@id":"https:\/\/secure.gravatar.com\/avatar\/ae2f4d718e6c49043e314ce431e7e645d646302a24a5ef5a8bc8e3f5a032e319?s=96&d=mm&r=g","url":"https:\/\/secure.gravatar.com\/avatar\/ae2f4d718e6c49043e314ce431e7e645d646302a24a5ef5a8bc8e3f5a032e319?s=96&d=mm&r=g","contentUrl":"https:\/\/secure.gravatar.com\/avatar\/ae2f4d718e6c49043e314ce431e7e645d646302a24a5ef5a8bc8e3f5a032e319?s=96&d=mm&r=g","caption":"admin"},"sameAs":["https:\/\/www.organisator.ch"],"url":"https:\/\/www.organisator.ch\/fr\/author\/admin\/"}]}},"_links":{"self":[{"href":"https:\/\/www.organisator.ch\/fr\/wp-json\/wp\/v2\/posts\/188","targetHints":{"allow":["GET"]}}],"collection":[{"href":"https:\/\/www.organisator.ch\/fr\/wp-json\/wp\/v2\/posts"}],"about":[{"href":"https:\/\/www.organisator.ch\/fr\/wp-json\/wp\/v2\/types\/post"}],"author":[{"embeddable":true,"href":"https:\/\/www.organisator.ch\/fr\/wp-json\/wp\/v2\/users\/1"}],"replies":[{"embeddable":true,"href":"https:\/\/www.organisator.ch\/fr\/wp-json\/wp\/v2\/comments?post=188"}],"version-history":[{"count":1,"href":"https:\/\/www.organisator.ch\/fr\/wp-json\/wp\/v2\/posts\/188\/revisions"}],"predecessor-version":[{"id":10763,"href":"https:\/\/www.organisator.ch\/fr\/wp-json\/wp\/v2\/posts\/188\/revisions\/10763"}],"wp:featuredmedia":[{"embeddable":true,"href":"https:\/\/www.organisator.ch\/fr\/wp-json\/wp\/v2\/media\/189"}],"wp:attachment":[{"href":"https:\/\/www.organisator.ch\/fr\/wp-json\/wp\/v2\/media?parent=188"}],"wp:term":[{"taxonomy":"category","embeddable":true,"href":"https:\/\/www.organisator.ch\/fr\/wp-json\/wp\/v2\/categories?post=188"},{"taxonomy":"post_tag","embeddable":true,"href":"https:\/\/www.organisator.ch\/fr\/wp-json\/wp\/v2\/tags?post=188"}],"curies":[{"name":"wp","href":"https:\/\/api.w.org\/{rel}","templated":true}]}}